{"id":74158,"date":"2026-01-23T10:00:06","date_gmt":"2026-01-23T10:00:06","guid":{"rendered":"https:\/\/transportjournal.com\/2026\/01\/23\/manuel-marielle-novo-diretor-geral-da-renault-trucks\/"},"modified":"2026-01-23T10:00:06","modified_gmt":"2026-01-23T10:00:06","slug":"manuel-marielle-novo-diretor-geral-da-renault-trucks","status":"publish","type":"post","link":"https:\/\/transportjournal.com\/pt-pt\/2026\/01\/23\/manuel-marielle-novo-diretor-geral-da-renault-trucks\/","title":{"rendered":"Manuel Marielle novo diretor-geral da Renault Trucks"},"content":{"rendered":"<p>Renault Trucks anunciou a nomea\u00e7\u00e3o de Manuel Marielle como o novo diretor-geral da Renault Trucks Fran\u00e7a. Ele assumir\u00e1 seu cargo em 1\u00ba de maio, sucedendo Christophe Martin, que ocupou essa fun\u00e7\u00e3o desde 2018 e, nesse momento, assumir\u00e1 novas responsabilidades no comit\u00ea executivo da Renault Trucks.<\/p>\n<h3>Novo ciclo estrat\u00e9gico<\/h3>\n<p>Com a assun\u00e7\u00e3o da lideran\u00e7a do mercado mais importante da empresa, Manuel Marielle \u00e9 convocado para uma posi\u00e7\u00e3o chave, a fim de iniciar um novo ciclo estrat\u00e9gico. Este ciclo visa responder \u00e0s mudan\u00e7as no tr\u00e1fego rodovi\u00e1rio e acelerar o crescimento da empresa no setor de caminh\u00f5es e solu\u00e7\u00f5es de mobilidade.<\/p>\n<p>Manuel Marielle possui um mestrado em administra\u00e7\u00e3o de empresas e um mestrado especializado em gest\u00e3o de compras. Sua carreira come\u00e7ou em 1999 na Renault Trucks, no departamento financeiro, e se desenvolveu dentro do grupo Volvo. L\u00e1, ocupou v\u00e1rias posi\u00e7\u00f5es de gest\u00e3o, incluindo nos comit\u00eas executivos da Mack Trucks, Volvo Trucks North America e Renault Trucks. Nessas fun\u00e7\u00f5es, liderou departamentos de compras e rela\u00e7\u00f5es estrat\u00e9gicas com fornecedores em v\u00e1rios continentes e foi respons\u00e1vel pelas atividades de compras do grupo Volvo na Am\u00e9rica do Norte.<\/p>\n<p>Atualmente, Marielle \u00e9 diretor-geral da divis\u00e3o europeia de ve\u00edculos comerciais m\u00e9dios (EMD BU), que ele fundou para fortalecer a posi\u00e7\u00e3o de lideran\u00e7a da Volvo nesse segmento. Nessa fun\u00e7\u00e3o, ele gerencia parcerias significativas e projetos estrat\u00e9gicos, al\u00e9m de v\u00e1rias unidades de produ\u00e7\u00e3o.<\/p>\n<p>Marielle comentou sobre seu novo papel: \u201cSinto-me profundamente honrado e animado para assumir a lideran\u00e7a da Renault Trucks Fran\u00e7a. Estou ingressando em uma organiza\u00e7\u00e3o s\u00f3lida e de alto desempenho, sustentada por equipes talentosas que me ajudar\u00e3o a acelerar nosso curso, em estreita colabora\u00e7\u00e3o com nossos concession\u00e1rios. Meu foco ser\u00e1 garantir a experi\u00eancia e o sucesso de nossos clientes em um contexto de profundas mudan\u00e7as em nosso setor e consolidar nossa posi\u00e7\u00e3o de lideran\u00e7a.\u201d<\/p>\n<p>Antoine Duclaux, presidente da Renault Trucks, enfatizou a import\u00e2ncia de Marielle para a empresa: \u201cHoje, confio a Manuel Marielle a responsabilidade pelo nosso mercado hist\u00f3rico. Manuel \u00e9 um l\u00edder corajoso com mais de 25 anos de experi\u00eancia em cria\u00e7\u00e3o de valor, uma forte cultura empresarial e ampla experi\u00eancia internacional. Sua trajet\u00f3ria \u00e9 uma vantagem essencial para explorar todo o potencial da marca no mercado franc\u00eas, onde mantemos 30% de participa\u00e7\u00e3o de mercado.\u201d<\/p>\n<p>&nbsp;<\/p>\n<p><a href=\"https:\/\/www.renault-trucks.com\/\" target=\"_blank\" rel=\"noopener noreferrer\">www.renault-trucks.com<\/a><\/p>\n<p>&nbsp;<\/p>\n","protected":false},"excerpt":{"rendered":"<p>Renault Trucks nomeou Manuel Marielle como novo diretor-geral da Renault Trucks Fran\u00e7a para iniciar um ciclo estrat\u00e9gico de fortalecimento da empresa<\/p>\n","protected":false},"author":12,"featured_media":74153,"comment_status":"open","ping_status":"open","sticky":false,"template":"","format":"standard","meta":{"_acf_changed":false,"footnotes":""},"categories":[1623,1616,1615],"tags":[8758,8759,8760,8761,8762,8763,8764,8765,8766,8767,8768,8769,8770,8771,8772,8773,8774,8775,8776,8777,8778,8779,8780,8781,8782,8783,8784,8785,8786,8787,8788,8789,8790,8791,8792,8793,8794,8795,8796,8797,8798,8799,8800,8801,8802,8803,8804,8805,8806,8807,8808,8809,8810],"class_list":["post-74158","post","type-post","status-publish","format-standard","has-post-thumbnail","hentry","category-europa","category-intermodal-rodoviario","category-pessoas-e-empresas","tag-ceo-renault-trucks","tag-changements-dans-le-trafic-routier","tag-comite-executif-renault","tag-commercial-vehicles-europe","tag-corporate-leadership-renault","tag-cycle-strategique-renault","tag-deutsch-renault-trucks","tag-developpement-des-talents-renault","tag-directeur-general-renault-trucks","tag-einkaufsmanagement-renault","tag-executive-committee-renault","tag-exekutivkomitee-renault","tag-experience-internationale-renault","tag-geschaeftsfuehrer-renault-trucks","tag-gestion-des-achats-renault","tag-groupe-volvo","tag-industrie-logistique-france","tag-international-experience-renault","tag-internationale-erfahrung-renault","tag-leadership-dentreprise-renault","tag-lkw-mobilitaetsloesungen","tag-logistics-industry-france","tag-logistikbranche-frankreich","tag-manuel-marielle","tag-market-share-renault-trucks","tag-market-strategy-renault","tag-marktanteil-renault-trucks","tag-marktstrategie-renault","tag-mobilitaetstrends-nutzfahrzeuge-english-renault-trucks","tag-mobility-trends-commercial-vehicles-francais-renault-trucks","tag-nutzfahrzeuge-europa","tag-part-de-marche-renault-trucks","tag-partenariats-vehicules-utilitaires","tag-partnerschaften-nutzfahrzeuge","tag-partnerships-commercial-vehicles","tag-procurement-management-renault","tag-production-sites-renault","tag-produktionsstandorte-renault","tag-road-traffic-changes","tag-sites-de-production-renault","tag-solutions-de-mobilite-poids-lourds","tag-strassenverkehr-veraenderungen","tag-strategic-cycle-renault","tag-strategie-de-marche-renault","tag-strategischer-zyklus-renault","tag-talent-development-renault","tag-talentfoerderung-renault","tag-tendances-de-mobilite-vehicules-utilitaires","tag-truck-mobility-solutions","tag-unternehmensfuehrung-renault","tag-vehicules-utilitaires-europe","tag-volvo-group","tag-volvo-konzern"],"acf":[],"yoast_head":"<!-- This site is optimized with the Yoast SEO plugin v27.3 - https:\/\/yoast.com\/product\/yoast-seo-wordpress\/ -->\n<title>Manuel Marielle novo diretor-geral da Renault Trucks - ITJ | International Transport Journal<\/title>\n<meta name=\"robots\" content=\"index, follow, max-snippet:-1, max-image-preview:large, max-video-preview:-1\" \/>\n<link rel=\"canonical\" href=\"https:\/\/transportjournal.com\/pt-pt\/2026\/01\/23\/manuel-marielle-novo-diretor-geral-da-renault-trucks\/\" \/>\n<meta property=\"og:locale\" content=\"pt_PT\" \/>\n<meta property=\"og:type\" content=\"article\" \/>\n<meta property=\"og:title\" content=\"Manuel Marielle novo diretor-geral da Renault Trucks - ITJ | International Transport Journal\" \/>\n<meta property=\"og:description\" content=\"Renault Trucks nomeou Manuel Marielle como novo diretor-geral da Renault Trucks Fran\u00e7a para iniciar um ciclo estrat\u00e9gico de fortalecimento da empresa\" \/>\n<meta property=\"og:url\" content=\"https:\/\/transportjournal.com\/pt-pt\/2026\/01\/23\/manuel-marielle-novo-diretor-geral-da-renault-trucks\/\" \/>\n<meta property=\"og:site_name\" content=\"ITJ | International Transport Journal\" \/>\n<meta property=\"article:published_time\" content=\"2026-01-23T10:00:06+00:00\" \/>\n<meta property=\"og:image\" content=\"https:\/\/transportjournal.com\/wp-content\/uploads\/sites\/2\/2026\/01\/Manuel-Marielle_Directeur-General-Renault-Trucks-France_2026-scaled-aspect-ratio-1400-788-scaled-1.jpg\" \/>\n\t<meta property=\"og:image:width\" content=\"2560\" \/>\n\t<meta property=\"og:image:height\" content=\"1441\" \/>\n\t<meta property=\"og:image:type\" content=\"image\/jpeg\" \/>\n<meta name=\"author\" content=\"Andreas Haug\" \/>\n<meta name=\"twitter:card\" content=\"summary_large_image\" \/>\n<meta name=\"twitter:label1\" content=\"Escrito por\" \/>\n\t<meta name=\"twitter:data1\" content=\"Andreas Haug\" \/>\n\t<meta name=\"twitter:label2\" content=\"Tempo estimado de leitura\" \/>\n\t<meta name=\"twitter:data2\" content=\"2 minutos\" \/>\n<script type=\"application\/ld+json\" class=\"yoast-schema-graph\">{\"@context\":\"https:\\\/\\\/schema.org\",\"@graph\":[{\"@type\":\"Article\",\"@id\":\"https:\\\/\\\/transportjournal.com\\\/pt-pt\\\/2026\\\/01\\\/23\\\/manuel-marielle-novo-diretor-geral-da-renault-trucks\\\/#article\",\"isPartOf\":{\"@id\":\"https:\\\/\\\/transportjournal.com\\\/pt-pt\\\/2026\\\/01\\\/23\\\/manuel-marielle-novo-diretor-geral-da-renault-trucks\\\/\"},\"author\":{\"name\":\"Andreas Haug\",\"@id\":\"https:\\\/\\\/transportjournal.com\\\/pt-pt\\\/#\\\/schema\\\/person\\\/cf538b3157f15afd7589245a4b3dbd25\"},\"headline\":\"Manuel Marielle novo diretor-geral da Renault Trucks\",\"datePublished\":\"2026-01-23T10:00:06+00:00\",\"mainEntityOfPage\":{\"@id\":\"https:\\\/\\\/transportjournal.com\\\/pt-pt\\\/2026\\\/01\\\/23\\\/manuel-marielle-novo-diretor-geral-da-renault-trucks\\\/\"},\"wordCount\":426,\"commentCount\":0,\"publisher\":{\"@id\":\"https:\\\/\\\/transportjournal.com\\\/pt-pt\\\/#organization\"},\"image\":{\"@id\":\"https:\\\/\\\/transportjournal.com\\\/pt-pt\\\/2026\\\/01\\\/23\\\/manuel-marielle-novo-diretor-geral-da-renault-trucks\\\/#primaryimage\"},\"thumbnailUrl\":\"https:\\\/\\\/transportjournal.com\\\/wp-content\\\/uploads\\\/sites\\\/2\\\/2026\\\/01\\\/Manuel-Marielle_Directeur-General-Renault-Trucks-France_2026-scaled-aspect-ratio-1400-788-scaled-1.jpg\",\"keywords\":[\"CEO Renault Trucks\",\"changements dans le trafic routier\",\"comit\u00e9 ex\u00e9cutif Renault\",\"commercial vehicles Europe\",\"corporate leadership Renault\",\"cycle strat\u00e9gique Renault\",\"Deutsch Renault Trucks\",\"d\u00e9veloppement des talents Renault\",\"directeur g\u00e9n\u00e9ral Renault Trucks\",\"Einkaufsmanagement Renault\",\"executive committee Renault\",\"Exekutivkomitee Renault\",\"exp\u00e9rience internationale Renault\",\"Gesch\u00e4ftsf\u00fchrer Renault Trucks\",\"gestion des achats Renault\",\"groupe Volvo\",\"industrie logistique France\",\"international experience Renault\",\"internationale Erfahrung Renault\",\"leadership d'entreprise Renault\",\"Lkw Mobilit\u00e4tsl\u00f6sungen\",\"logistics industry France\",\"Logistikbranche Frankreich\",\"Manuel Marielle\",\"market share Renault Trucks\",\"market strategy Renault\",\"Marktanteil Renault Trucks\",\"Marktstrategie Renault\",\"Mobilit\u00e4tstrends Nutzfahrzeuge English Renault Trucks\",\"mobility trends commercial vehicles Fran\u00e7ais Renault Trucks\",\"Nutzfahrzeuge Europa\",\"part de march\u00e9 Renault Trucks\",\"partenariats v\u00e9hicules utilitaires\",\"Partnerschaften Nutzfahrzeuge\",\"partnerships commercial vehicles\",\"procurement management Renault\",\"production sites Renault\",\"Produktionsstandorte Renault\",\"road traffic changes\",\"sites de production Renault\",\"solutions de mobilit\u00e9 poids lourds\",\"Stra\u00dfenverkehr Ver\u00e4nderungen\",\"strategic cycle Renault\",\"strat\u00e9gie de march\u00e9 Renault\",\"strategischer Zyklus Renault\",\"talent development Renault\",\"Talentf\u00f6rderung Renault\",\"tendances de mobilit\u00e9 v\u00e9hicules utilitaires\",\"truck mobility solutions\",\"Unternehmensf\u00fchrung Renault\",\"v\u00e9hicules utilitaires Europe\",\"Volvo Group\",\"Volvo Konzern\"],\"articleSection\":[\"Europa\",\"Intermodal \\\/ Rodovi\u00e1rio\",\"Pessoas e empresas\"],\"inLanguage\":\"pt-PT\",\"potentialAction\":[{\"@type\":\"CommentAction\",\"name\":\"Comment\",\"target\":[\"https:\\\/\\\/transportjournal.com\\\/pt-pt\\\/2026\\\/01\\\/23\\\/manuel-marielle-novo-diretor-geral-da-renault-trucks\\\/#respond\"]}]},{\"@type\":\"WebPage\",\"@id\":\"https:\\\/\\\/transportjournal.com\\\/pt-pt\\\/2026\\\/01\\\/23\\\/manuel-marielle-novo-diretor-geral-da-renault-trucks\\\/\",\"url\":\"https:\\\/\\\/transportjournal.com\\\/pt-pt\\\/2026\\\/01\\\/23\\\/manuel-marielle-novo-diretor-geral-da-renault-trucks\\\/\",\"name\":\"Manuel Marielle novo diretor-geral da Renault Trucks - ITJ | International Transport Journal\",\"isPartOf\":{\"@id\":\"https:\\\/\\\/transportjournal.com\\\/pt-pt\\\/#website\"},\"primaryImageOfPage\":{\"@id\":\"https:\\\/\\\/transportjournal.com\\\/pt-pt\\\/2026\\\/01\\\/23\\\/manuel-marielle-novo-diretor-geral-da-renault-trucks\\\/#primaryimage\"},\"image\":{\"@id\":\"https:\\\/\\\/transportjournal.com\\\/pt-pt\\\/2026\\\/01\\\/23\\\/manuel-marielle-novo-diretor-geral-da-renault-trucks\\\/#primaryimage\"},\"thumbnailUrl\":\"https:\\\/\\\/transportjournal.com\\\/wp-content\\\/uploads\\\/sites\\\/2\\\/2026\\\/01\\\/Manuel-Marielle_Directeur-General-Renault-Trucks-France_2026-scaled-aspect-ratio-1400-788-scaled-1.jpg\",\"datePublished\":\"2026-01-23T10:00:06+00:00\",\"breadcrumb\":{\"@id\":\"https:\\\/\\\/transportjournal.com\\\/pt-pt\\\/2026\\\/01\\\/23\\\/manuel-marielle-novo-diretor-geral-da-renault-trucks\\\/#breadcrumb\"},\"inLanguage\":\"pt-PT\",\"potentialAction\":[{\"@type\":\"ReadAction\",\"target\":[\"https:\\\/\\\/transportjournal.com\\\/pt-pt\\\/2026\\\/01\\\/23\\\/manuel-marielle-novo-diretor-geral-da-renault-trucks\\\/\"]}]},{\"@type\":\"ImageObject\",\"inLanguage\":\"pt-PT\",\"@id\":\"https:\\\/\\\/transportjournal.com\\\/pt-pt\\\/2026\\\/01\\\/23\\\/manuel-marielle-novo-diretor-geral-da-renault-trucks\\\/#primaryimage\",\"url\":\"https:\\\/\\\/transportjournal.com\\\/wp-content\\\/uploads\\\/sites\\\/2\\\/2026\\\/01\\\/Manuel-Marielle_Directeur-General-Renault-Trucks-France_2026-scaled-aspect-ratio-1400-788-scaled-1.jpg\",\"contentUrl\":\"https:\\\/\\\/transportjournal.com\\\/wp-content\\\/uploads\\\/sites\\\/2\\\/2026\\\/01\\\/Manuel-Marielle_Directeur-General-Renault-Trucks-France_2026-scaled-aspect-ratio-1400-788-scaled-1.jpg\",\"width\":2560,\"height\":1441},{\"@type\":\"BreadcrumbList\",\"@id\":\"https:\\\/\\\/transportjournal.com\\\/pt-pt\\\/2026\\\/01\\\/23\\\/manuel-marielle-novo-diretor-geral-da-renault-trucks\\\/#breadcrumb\",\"itemListElement\":[{\"@type\":\"ListItem\",\"position\":1,\"name\":\"Startseite\",\"item\":\"https:\\\/\\\/transportjournal.com\\\/pt-pt\\\/\"},{\"@type\":\"ListItem\",\"position\":2,\"name\":\"Manuel Marielle novo diretor-geral da Renault Trucks\"}]},{\"@type\":\"WebSite\",\"@id\":\"https:\\\/\\\/transportjournal.com\\\/pt-pt\\\/#website\",\"url\":\"https:\\\/\\\/transportjournal.com\\\/pt-pt\\\/\",\"name\":\"ITJ | International Transport Journal\",\"description\":\"Stay informed with the latest global news from the transport, logistics, and supply chain industries. Transport Journal delivers expert insights, analysis, and updates across shipping, aviation, intermodal, and forwarding.\",\"publisher\":{\"@id\":\"https:\\\/\\\/transportjournal.com\\\/pt-pt\\\/#organization\"},\"potentialAction\":[{\"@type\":\"SearchAction\",\"target\":{\"@type\":\"EntryPoint\",\"urlTemplate\":\"https:\\\/\\\/transportjournal.com\\\/pt-pt\\\/?s={search_term_string}\"},\"query-input\":{\"@type\":\"PropertyValueSpecification\",\"valueRequired\":true,\"valueName\":\"search_term_string\"}}],\"inLanguage\":\"pt-PT\"},{\"@type\":\"Organization\",\"@id\":\"https:\\\/\\\/transportjournal.com\\\/pt-pt\\\/#organization\",\"name\":\"Logismedia Group AG\",\"alternateName\":\"Logismedia Group AG\",\"url\":\"https:\\\/\\\/transportjournal.com\\\/pt-pt\\\/\",\"logo\":{\"@type\":\"ImageObject\",\"inLanguage\":\"pt-PT\",\"@id\":\"https:\\\/\\\/transportjournal.com\\\/pt-pt\\\/#\\\/schema\\\/logo\\\/image\\\/\",\"url\":\"https:\\\/\\\/transportjournal.com\\\/wp-content\\\/uploads\\\/sites\\\/2\\\/2025\\\/09\\\/Logo_ITJ.png\",\"contentUrl\":\"https:\\\/\\\/transportjournal.com\\\/wp-content\\\/uploads\\\/sites\\\/2\\\/2025\\\/09\\\/Logo_ITJ.png\",\"width\":799,\"height\":326,\"caption\":\"Logismedia Group AG\"},\"image\":{\"@id\":\"https:\\\/\\\/transportjournal.com\\\/pt-pt\\\/#\\\/schema\\\/logo\\\/image\\\/\"},\"sameAs\":[\"https:\\\/\\\/www.linkedin.com\\\/company\\\/56456496\\\/admin\\\/dashboard\\\/\",\"https:\\\/\\\/www.instagram.com\\\/logismediagroup\\\/\",\"https:\\\/\\\/www.youtube.com\\\/@LogiamediaGroupAG\"]},{\"@type\":\"Person\",\"@id\":\"https:\\\/\\\/transportjournal.com\\\/pt-pt\\\/#\\\/schema\\\/person\\\/cf538b3157f15afd7589245a4b3dbd25\",\"name\":\"Andreas Haug\",\"url\":\"https:\\\/\\\/transportjournal.com\\\/pt-pt\\\/author\\\/andreas\\\/\"}]}<\/script>\n<!-- \/ Yoast SEO plugin. -->","yoast_head_json":{"title":"Manuel Marielle novo diretor-geral da Renault Trucks - ITJ | International Transport Journal","robots":{"index":"index","follow":"follow","max-snippet":"max-snippet:-1","max-image-preview":"max-image-preview:large","max-video-preview":"max-video-preview:-1"},"canonical":"https:\/\/transportjournal.com\/pt-pt\/2026\/01\/23\/manuel-marielle-novo-diretor-geral-da-renault-trucks\/","og_locale":"pt_PT","og_type":"article","og_title":"Manuel Marielle novo diretor-geral da Renault Trucks - ITJ | International Transport Journal","og_description":"Renault Trucks nomeou Manuel Marielle como novo diretor-geral da Renault Trucks Fran\u00e7a para iniciar um ciclo estrat\u00e9gico de fortalecimento da empresa","og_url":"https:\/\/transportjournal.com\/pt-pt\/2026\/01\/23\/manuel-marielle-novo-diretor-geral-da-renault-trucks\/","og_site_name":"ITJ | International Transport Journal","article_published_time":"2026-01-23T10:00:06+00:00","og_image":[{"width":2560,"height":1441,"url":"https:\/\/transportjournal.com\/wp-content\/uploads\/sites\/2\/2026\/01\/Manuel-Marielle_Directeur-General-Renault-Trucks-France_2026-scaled-aspect-ratio-1400-788-scaled-1.jpg","type":"image\/jpeg"}],"author":"Andreas Haug","twitter_card":"summary_large_image","twitter_misc":{"Escrito por":"Andreas Haug","Tempo estimado de leitura":"2 minutos"},"schema":{"@context":"https:\/\/schema.org","@graph":[{"@type":"Article","@id":"https:\/\/transportjournal.com\/pt-pt\/2026\/01\/23\/manuel-marielle-novo-diretor-geral-da-renault-trucks\/#article","isPartOf":{"@id":"https:\/\/transportjournal.com\/pt-pt\/2026\/01\/23\/manuel-marielle-novo-diretor-geral-da-renault-trucks\/"},"author":{"name":"Andreas Haug","@id":"https:\/\/transportjournal.com\/pt-pt\/#\/schema\/person\/cf538b3157f15afd7589245a4b3dbd25"},"headline":"Manuel Marielle novo diretor-geral da Renault Trucks","datePublished":"2026-01-23T10:00:06+00:00","mainEntityOfPage":{"@id":"https:\/\/transportjournal.com\/pt-pt\/2026\/01\/23\/manuel-marielle-novo-diretor-geral-da-renault-trucks\/"},"wordCount":426,"commentCount":0,"publisher":{"@id":"https:\/\/transportjournal.com\/pt-pt\/#organization"},"image":{"@id":"https:\/\/transportjournal.com\/pt-pt\/2026\/01\/23\/manuel-marielle-novo-diretor-geral-da-renault-trucks\/#primaryimage"},"thumbnailUrl":"https:\/\/transportjournal.com\/wp-content\/uploads\/sites\/2\/2026\/01\/Manuel-Marielle_Directeur-General-Renault-Trucks-France_2026-scaled-aspect-ratio-1400-788-scaled-1.jpg","keywords":["CEO Renault Trucks","changements dans le trafic routier","comit\u00e9 ex\u00e9cutif Renault","commercial vehicles Europe","corporate leadership Renault","cycle strat\u00e9gique Renault","Deutsch Renault Trucks","d\u00e9veloppement des talents Renault","directeur g\u00e9n\u00e9ral Renault Trucks","Einkaufsmanagement Renault","executive committee Renault","Exekutivkomitee Renault","exp\u00e9rience internationale Renault","Gesch\u00e4ftsf\u00fchrer Renault Trucks","gestion des achats Renault","groupe Volvo","industrie logistique France","international experience Renault","internationale Erfahrung Renault","leadership d'entreprise Renault","Lkw Mobilit\u00e4tsl\u00f6sungen","logistics industry France","Logistikbranche Frankreich","Manuel Marielle","market share Renault Trucks","market strategy Renault","Marktanteil Renault Trucks","Marktstrategie Renault","Mobilit\u00e4tstrends Nutzfahrzeuge English Renault Trucks","mobility trends commercial vehicles Fran\u00e7ais Renault Trucks","Nutzfahrzeuge Europa","part de march\u00e9 Renault Trucks","partenariats v\u00e9hicules utilitaires","Partnerschaften Nutzfahrzeuge","partnerships commercial vehicles","procurement management Renault","production sites Renault","Produktionsstandorte Renault","road traffic changes","sites de production Renault","solutions de mobilit\u00e9 poids lourds","Stra\u00dfenverkehr Ver\u00e4nderungen","strategic cycle Renault","strat\u00e9gie de march\u00e9 Renault","strategischer Zyklus Renault","talent development Renault","Talentf\u00f6rderung Renault","tendances de mobilit\u00e9 v\u00e9hicules utilitaires","truck mobility solutions","Unternehmensf\u00fchrung Renault","v\u00e9hicules utilitaires Europe","Volvo Group","Volvo Konzern"],"articleSection":["Europa","Intermodal \/ Rodovi\u00e1rio","Pessoas e empresas"],"inLanguage":"pt-PT","potentialAction":[{"@type":"CommentAction","name":"Comment","target":["https:\/\/transportjournal.com\/pt-pt\/2026\/01\/23\/manuel-marielle-novo-diretor-geral-da-renault-trucks\/#respond"]}]},{"@type":"WebPage","@id":"https:\/\/transportjournal.com\/pt-pt\/2026\/01\/23\/manuel-marielle-novo-diretor-geral-da-renault-trucks\/","url":"https:\/\/transportjournal.com\/pt-pt\/2026\/01\/23\/manuel-marielle-novo-diretor-geral-da-renault-trucks\/","name":"Manuel Marielle novo diretor-geral da Renault Trucks - ITJ | International Transport Journal","isPartOf":{"@id":"https:\/\/transportjournal.com\/pt-pt\/#website"},"primaryImageOfPage":{"@id":"https:\/\/transportjournal.com\/pt-pt\/2026\/01\/23\/manuel-marielle-novo-diretor-geral-da-renault-trucks\/#primaryimage"},"image":{"@id":"https:\/\/transportjournal.com\/pt-pt\/2026\/01\/23\/manuel-marielle-novo-diretor-geral-da-renault-trucks\/#primaryimage"},"thumbnailUrl":"https:\/\/transportjournal.com\/wp-content\/uploads\/sites\/2\/2026\/01\/Manuel-Marielle_Directeur-General-Renault-Trucks-France_2026-scaled-aspect-ratio-1400-788-scaled-1.jpg","datePublished":"2026-01-23T10:00:06+00:00","breadcrumb":{"@id":"https:\/\/transportjournal.com\/pt-pt\/2026\/01\/23\/manuel-marielle-novo-diretor-geral-da-renault-trucks\/#breadcrumb"},"inLanguage":"pt-PT","potentialAction":[{"@type":"ReadAction","target":["https:\/\/transportjournal.com\/pt-pt\/2026\/01\/23\/manuel-marielle-novo-diretor-geral-da-renault-trucks\/"]}]},{"@type":"ImageObject","inLanguage":"pt-PT","@id":"https:\/\/transportjournal.com\/pt-pt\/2026\/01\/23\/manuel-marielle-novo-diretor-geral-da-renault-trucks\/#primaryimage","url":"https:\/\/transportjournal.com\/wp-content\/uploads\/sites\/2\/2026\/01\/Manuel-Marielle_Directeur-General-Renault-Trucks-France_2026-scaled-aspect-ratio-1400-788-scaled-1.jpg","contentUrl":"https:\/\/transportjournal.com\/wp-content\/uploads\/sites\/2\/2026\/01\/Manuel-Marielle_Directeur-General-Renault-Trucks-France_2026-scaled-aspect-ratio-1400-788-scaled-1.jpg","width":2560,"height":1441},{"@type":"BreadcrumbList","@id":"https:\/\/transportjournal.com\/pt-pt\/2026\/01\/23\/manuel-marielle-novo-diretor-geral-da-renault-trucks\/#breadcrumb","itemListElement":[{"@type":"ListItem","position":1,"name":"Startseite","item":"https:\/\/transportjournal.com\/pt-pt\/"},{"@type":"ListItem","position":2,"name":"Manuel Marielle novo diretor-geral da Renault Trucks"}]},{"@type":"WebSite","@id":"https:\/\/transportjournal.com\/pt-pt\/#website","url":"https:\/\/transportjournal.com\/pt-pt\/","name":"ITJ | International Transport Journal","description":"Stay informed with the latest global news from the transport, logistics, and supply chain industries. Transport Journal delivers expert insights, analysis, and updates across shipping, aviation, intermodal, and forwarding.","publisher":{"@id":"https:\/\/transportjournal.com\/pt-pt\/#organization"},"potentialAction":[{"@type":"SearchAction","target":{"@type":"EntryPoint","urlTemplate":"https:\/\/transportjournal.com\/pt-pt\/?s={search_term_string}"},"query-input":{"@type":"PropertyValueSpecification","valueRequired":true,"valueName":"search_term_string"}}],"inLanguage":"pt-PT"},{"@type":"Organization","@id":"https:\/\/transportjournal.com\/pt-pt\/#organization","name":"Logismedia Group AG","alternateName":"Logismedia Group AG","url":"https:\/\/transportjournal.com\/pt-pt\/","logo":{"@type":"ImageObject","inLanguage":"pt-PT","@id":"https:\/\/transportjournal.com\/pt-pt\/#\/schema\/logo\/image\/","url":"https:\/\/transportjournal.com\/wp-content\/uploads\/sites\/2\/2025\/09\/Logo_ITJ.png","contentUrl":"https:\/\/transportjournal.com\/wp-content\/uploads\/sites\/2\/2025\/09\/Logo_ITJ.png","width":799,"height":326,"caption":"Logismedia Group AG"},"image":{"@id":"https:\/\/transportjournal.com\/pt-pt\/#\/schema\/logo\/image\/"},"sameAs":["https:\/\/www.linkedin.com\/company\/56456496\/admin\/dashboard\/","https:\/\/www.instagram.com\/logismediagroup\/","https:\/\/www.youtube.com\/@LogiamediaGroupAG"]},{"@type":"Person","@id":"https:\/\/transportjournal.com\/pt-pt\/#\/schema\/person\/cf538b3157f15afd7589245a4b3dbd25","name":"Andreas Haug","url":"https:\/\/transportjournal.com\/pt-pt\/author\/andreas\/"}]}},"_links":{"self":[{"href":"https:\/\/transportjournal.com\/pt-pt\/wp-json\/wp\/v2\/posts\/74158","targetHints":{"allow":["GET"]}}],"collection":[{"href":"https:\/\/transportjournal.com\/pt-pt\/wp-json\/wp\/v2\/posts"}],"about":[{"href":"https:\/\/transportjournal.com\/pt-pt\/wp-json\/wp\/v2\/types\/post"}],"author":[{"embeddable":true,"href":"https:\/\/transportjournal.com\/pt-pt\/wp-json\/wp\/v2\/users\/12"}],"replies":[{"embeddable":true,"href":"https:\/\/transportjournal.com\/pt-pt\/wp-json\/wp\/v2\/comments?post=74158"}],"version-history":[{"count":0,"href":"https:\/\/transportjournal.com\/pt-pt\/wp-json\/wp\/v2\/posts\/74158\/revisions"}],"wp:featuredmedia":[{"embeddable":true,"href":"https:\/\/transportjournal.com\/pt-pt\/wp-json\/wp\/v2\/media\/74153"}],"wp:attachment":[{"href":"https:\/\/transportjournal.com\/pt-pt\/wp-json\/wp\/v2\/media?parent=74158"}],"wp:term":[{"taxonomy":"category","embeddable":true,"href":"https:\/\/transportjournal.com\/pt-pt\/wp-json\/wp\/v2\/categories?post=74158"},{"taxonomy":"post_tag","embeddable":true,"href":"https:\/\/transportjournal.com\/pt-pt\/wp-json\/wp\/v2\/tags?post=74158"}],"curies":[{"name":"wp","href":"https:\/\/api.w.org\/{rel}","templated":true}]}}