{"id":74143,"date":"2026-01-23T09:35:44","date_gmt":"2026-01-23T09:35:44","guid":{"rendered":"https:\/\/transportjournal.com\/2026\/01\/23\/rota-de-caminhoes-eletricos\/"},"modified":"2026-01-23T10:56:08","modified_gmt":"2026-01-23T09:56:08","slug":"rota-de-caminhoes-eletricos","status":"publish","type":"post","link":"https:\/\/transportjournal.com\/pt-pt\/2026\/01\/23\/rota-de-caminhoes-eletricos\/","title":{"rendered":"Rota de caminh\u00f5es el\u00e9tricos"},"content":{"rendered":"<p>Scania Ventures, o LOTS Group e a JUNA Technologies, em coopera\u00e7\u00e3o com o prestador de servi\u00e7os log\u00edsticos HAWA, afirmam ter estabelecido uma das rotas de caminh\u00f5es el\u00e9tricos mais longas da Europa. Esta iniciativa visa demonstrar que a utiliza\u00e7\u00e3o de ve\u00edculos el\u00e9tricos a bateria no transporte de longa dist\u00e2ncia \u00e9 economicamente vi\u00e1vel. A rota se estende por 1.250 quil\u00f4metros.<\/p>\n<h3>Efeito modelo do projeto<\/h3>\n<p>O objetivo da parceria \u00e9 desenvolver um modelo escal\u00e1vel para a log\u00edstica eletrificada no transporte de longa dist\u00e2ncia. Para isso, a plataforma baseada em IA Pathfinder do LOTS Group ser\u00e1 combinada com as solu\u00e7\u00f5es de ve\u00edculos da JUNA e a expertise da HAWA. Atrav\u00e9s de planejamento inteligente e uso eficaz de recursos, as emiss\u00f5es de CO\u2082 devem ser reduzidas.<\/p>\n<p><a href=\"https:\/\/juna.com\/en\" target=\"_blank\" rel=\"noopener noreferrer\">www.juna.com<\/a><\/p>\n<p><a href=\"https:\/\/lotsgroup.com\/\" target=\"_blank\" rel=\"noopener noreferrer\">www.lotsgroup.com<\/a><\/p>\n","protected":false},"excerpt":{"rendered":"<p>Scania Ventures, o LOTS Group e a JUNA Technologies, em conjunto com a HAWA, estabeleceram uma longa rota de caminh\u00f5es el\u00e9tricos na Europa para promover o transporte sustent\u00e1vel<\/p>\n","protected":false},"author":10,"featured_media":74138,"comment_status":"open","ping_status":"open","sticky":false,"template":"","format":"standard","meta":{"_acf_changed":false,"footnotes":""},"categories":[1623,1616],"tags":[8718,8719,8654,8720,8721,2115,4521,8722,8723,8724,8725,8726,8727,3137,3138,2700,8728,8729,8730,8731,8732,8733,8734,8735,8736,8737,8738,6478,8739,8740,8741,2622,3108,8742,8743,1800,3157,8744,8745,2720,8746,8747,3875,3878,8748,8749,8750,8751,8752,2641,8753,8754,8755,8756,8757,8681],"class_list":["post-74143","post","type-post","status-publish","format-standard","has-post-thumbnail","hentry","category-europa","category-intermodal-rodoviario","tag-ai-based-platform","tag-batterieelektrische-fahrzeuge","tag-battery-electric-vehicles","tag-co-emissionen-senken","tag-deutsch-elektrische-lkw-route","tag-digitalisierung-in-der-logistik","tag-digitization-in-logistics","tag-e-mobilitaet-im-transport-english-electric-truck-route","tag-e-mobilite-dans-le-transport","tag-e-mobility-in-transport-francais-route-de-camions-electriques","tag-eco-friendly-freight-transport","tag-electric-transport-solutions","tag-elektrische-transportloesungen","tag-europaeische-logistik","tag-european-logistics","tag-fachkraeftemangel-in-der-logistik","tag-fournisseur-logistique-hawa","tag-hawa-logistics-provider","tag-hawa-logistikdienstleister","tag-industrie-du-transport-en-europe","tag-infrastructure-for-electric-trucks","tag-infrastructure-pour-camions-electriques","tag-infrastruktur-fuer-e-lkw","tag-innovations-logistiques","tag-intelligent-planning","tag-intelligente-planung","tag-ki-basierte-plattform","tag-labor-shortage-in-logistics","tag-langstreckentransport","tag-logistics-innovations","tag-logistikinnovationen","tag-logistique-durable","tag-logistique-europeenne","tag-long-haul-transport","tag-modele-logistique-evolutif","tag-nachhaltige-logistik","tag-numerisation-dans-la-logistique","tag-optimiser-lutilisation-des-ressources","tag-optimize-resource-utilization","tag-penurie-de-main-doeuvre-dans-la-logistique","tag-planification-intelligente","tag-plateforme-basee-sur-lia","tag-reduce-co-emissions","tag-reduire-les-emissions-de-co","tag-ressourcennutzung-optimieren","tag-scalable-logistics-model","tag-scania-ventures","tag-skalierbares-modell-logistik","tag-solutions-de-transport-electrique","tag-sustainable-logistics","tag-transport-de-marchandises-ecologique","tag-transport-industry-in-europe","tag-transport-longue-distance","tag-transportwirtschaft-in-europa","tag-umweltfreundlicher-guetertransport","tag-vehicules-electriques-a-batterie"],"acf":[],"yoast_head":"<!-- This site is optimized with the Yoast SEO plugin v27.3 - https:\/\/yoast.com\/product\/yoast-seo-wordpress\/ -->\n<title>Rota de caminh\u00f5es el\u00e9tricos - ITJ | International Transport Journal<\/title>\n<meta name=\"robots\" content=\"index, follow, max-snippet:-1, max-image-preview:large, max-video-preview:-1\" \/>\n<link rel=\"canonical\" href=\"https:\/\/transportjournal.com\/pt-pt\/2026\/01\/23\/rota-de-caminhoes-eletricos\/\" \/>\n<meta property=\"og:locale\" content=\"pt_PT\" \/>\n<meta property=\"og:type\" content=\"article\" \/>\n<meta property=\"og:title\" content=\"Rota de caminh\u00f5es el\u00e9tricos - ITJ | International Transport Journal\" \/>\n<meta property=\"og:description\" content=\"Scania Ventures, o LOTS Group e a JUNA Technologies, em conjunto com a HAWA, estabeleceram uma longa rota de caminh\u00f5es el\u00e9tricos na Europa para promover o transporte sustent\u00e1vel\" \/>\n<meta property=\"og:url\" content=\"https:\/\/transportjournal.com\/pt-pt\/2026\/01\/23\/rota-de-caminhoes-eletricos\/\" \/>\n<meta property=\"og:site_name\" content=\"ITJ | International Transport Journal\" \/>\n<meta property=\"article:published_time\" content=\"2026-01-23T09:35:44+00:00\" \/>\n<meta property=\"article:modified_time\" content=\"2026-01-23T09:56:08+00:00\" \/>\n<meta property=\"og:image\" content=\"https:\/\/transportjournal.com\/wp-content\/uploads\/sites\/2\/2026\/01\/a8c31a7cfdb39011_org-aspect-ratio-1400-788.png\" \/>\n\t<meta property=\"og:image:width\" content=\"1308\" \/>\n\t<meta property=\"og:image:height\" content=\"736\" \/>\n\t<meta property=\"og:image:type\" content=\"image\/png\" \/>\n<meta name=\"author\" content=\"Jeremy Soland\" \/>\n<meta name=\"twitter:card\" content=\"summary_large_image\" \/>\n<meta name=\"twitter:label1\" content=\"Escrito por\" \/>\n\t<meta name=\"twitter:data1\" content=\"Jeremy Soland\" \/>\n\t<meta name=\"twitter:label2\" content=\"Tempo estimado de leitura\" \/>\n\t<meta name=\"twitter:data2\" content=\"1 minuto\" \/>\n<script type=\"application\/ld+json\" class=\"yoast-schema-graph\">{\"@context\":\"https:\\\/\\\/schema.org\",\"@graph\":[{\"@type\":\"Article\",\"@id\":\"https:\\\/\\\/transportjournal.com\\\/pt-pt\\\/2026\\\/01\\\/23\\\/rota-de-caminhoes-eletricos\\\/#article\",\"isPartOf\":{\"@id\":\"https:\\\/\\\/transportjournal.com\\\/pt-pt\\\/2026\\\/01\\\/23\\\/rota-de-caminhoes-eletricos\\\/\"},\"author\":{\"name\":\"Jeremy Soland\",\"@id\":\"https:\\\/\\\/transportjournal.com\\\/pt-pt\\\/#\\\/schema\\\/person\\\/41d36b5474b623392fa613e97e2363fa\"},\"headline\":\"Rota de caminh\u00f5es el\u00e9tricos\",\"datePublished\":\"2026-01-23T09:35:44+00:00\",\"dateModified\":\"2026-01-23T09:56:08+00:00\",\"mainEntityOfPage\":{\"@id\":\"https:\\\/\\\/transportjournal.com\\\/pt-pt\\\/2026\\\/01\\\/23\\\/rota-de-caminhoes-eletricos\\\/\"},\"wordCount\":148,\"commentCount\":0,\"publisher\":{\"@id\":\"https:\\\/\\\/transportjournal.com\\\/pt-pt\\\/#organization\"},\"image\":{\"@id\":\"https:\\\/\\\/transportjournal.com\\\/pt-pt\\\/2026\\\/01\\\/23\\\/rota-de-caminhoes-eletricos\\\/#primaryimage\"},\"thumbnailUrl\":\"https:\\\/\\\/transportjournal.com\\\/wp-content\\\/uploads\\\/sites\\\/2\\\/2026\\\/01\\\/a8c31a7cfdb39011_org-aspect-ratio-1400-788.png\",\"keywords\":[\"AI-based platform\",\"batterieelektrische Fahrzeuge\",\"battery electric vehicles\",\"CO\u2082-Emissionen senken\",\"Deutsch elektrische Lkw-Route\",\"Digitalisierung in der Logistik\",\"digitization in logistics\",\"E-Mobilit\u00e4t im Transport English electric truck route\",\"e-mobilit\u00e9 dans le transport\",\"e-mobility in transport Fran\u00e7ais route de camions \u00e9lectriques\",\"eco-friendly freight transport\",\"electric transport solutions\",\"elektrische Transportl\u00f6sungen\",\"europ\u00e4ische Logistik\",\"European logistics\",\"Fachkr\u00e4ftemangel in der Logistik\",\"fournisseur logistique HAWA\",\"HAWA logistics provider\",\"HAWA Logistikdienstleister\",\"industrie du transport en Europe\",\"infrastructure for electric trucks\",\"infrastructure pour camions \u00e9lectriques\",\"Infrastruktur f\u00fcr E-Lkw\",\"innovations logistiques\",\"intelligent planning\",\"intelligente Planung\",\"KI-basierte Plattform\",\"labor shortage in logistics\",\"Langstreckentransport\",\"logistics innovations\",\"Logistikinnovationen\",\"logistique durable\",\"logistique europ\u00e9enne\",\"long-haul transport\",\"mod\u00e8le logistique \u00e9volutif\",\"nachhaltige Logistik\",\"num\u00e9risation dans la logistique\",\"optimiser l'utilisation des ressources\",\"optimize resource utilization\",\"p\u00e9nurie de main-d'\u0153uvre dans la logistique\",\"planification intelligente\",\"plateforme bas\u00e9e sur l'IA\",\"reduce CO\u2082 emissions\",\"r\u00e9duire les \u00e9missions de CO\u2082\",\"Ressourcennutzung optimieren\",\"scalable logistics model\",\"Scania Ventures\",\"Skalierbares Modell Logistik\",\"solutions de transport \u00e9lectrique\",\"sustainable logistics\",\"transport de marchandises \u00e9cologique\",\"transport industry in Europe\",\"transport longue distance\",\"Transportwirtschaft in Europa\",\"umweltfreundlicher G\u00fctertransport\",\"v\u00e9hicules \u00e9lectriques \u00e0 batterie\"],\"articleSection\":[\"Europa\",\"Intermodal \\\/ Rodovi\u00e1rio\"],\"inLanguage\":\"pt-PT\",\"potentialAction\":[{\"@type\":\"CommentAction\",\"name\":\"Comment\",\"target\":[\"https:\\\/\\\/transportjournal.com\\\/pt-pt\\\/2026\\\/01\\\/23\\\/rota-de-caminhoes-eletricos\\\/#respond\"]}]},{\"@type\":\"WebPage\",\"@id\":\"https:\\\/\\\/transportjournal.com\\\/pt-pt\\\/2026\\\/01\\\/23\\\/rota-de-caminhoes-eletricos\\\/\",\"url\":\"https:\\\/\\\/transportjournal.com\\\/pt-pt\\\/2026\\\/01\\\/23\\\/rota-de-caminhoes-eletricos\\\/\",\"name\":\"Rota de caminh\u00f5es el\u00e9tricos - ITJ | International Transport Journal\",\"isPartOf\":{\"@id\":\"https:\\\/\\\/transportjournal.com\\\/pt-pt\\\/#website\"},\"primaryImageOfPage\":{\"@id\":\"https:\\\/\\\/transportjournal.com\\\/pt-pt\\\/2026\\\/01\\\/23\\\/rota-de-caminhoes-eletricos\\\/#primaryimage\"},\"image\":{\"@id\":\"https:\\\/\\\/transportjournal.com\\\/pt-pt\\\/2026\\\/01\\\/23\\\/rota-de-caminhoes-eletricos\\\/#primaryimage\"},\"thumbnailUrl\":\"https:\\\/\\\/transportjournal.com\\\/wp-content\\\/uploads\\\/sites\\\/2\\\/2026\\\/01\\\/a8c31a7cfdb39011_org-aspect-ratio-1400-788.png\",\"datePublished\":\"2026-01-23T09:35:44+00:00\",\"dateModified\":\"2026-01-23T09:56:08+00:00\",\"breadcrumb\":{\"@id\":\"https:\\\/\\\/transportjournal.com\\\/pt-pt\\\/2026\\\/01\\\/23\\\/rota-de-caminhoes-eletricos\\\/#breadcrumb\"},\"inLanguage\":\"pt-PT\",\"potentialAction\":[{\"@type\":\"ReadAction\",\"target\":[\"https:\\\/\\\/transportjournal.com\\\/pt-pt\\\/2026\\\/01\\\/23\\\/rota-de-caminhoes-eletricos\\\/\"]}]},{\"@type\":\"ImageObject\",\"inLanguage\":\"pt-PT\",\"@id\":\"https:\\\/\\\/transportjournal.com\\\/pt-pt\\\/2026\\\/01\\\/23\\\/rota-de-caminhoes-eletricos\\\/#primaryimage\",\"url\":\"https:\\\/\\\/transportjournal.com\\\/wp-content\\\/uploads\\\/sites\\\/2\\\/2026\\\/01\\\/a8c31a7cfdb39011_org-aspect-ratio-1400-788.png\",\"contentUrl\":\"https:\\\/\\\/transportjournal.com\\\/wp-content\\\/uploads\\\/sites\\\/2\\\/2026\\\/01\\\/a8c31a7cfdb39011_org-aspect-ratio-1400-788.png\",\"width\":1308,\"height\":736},{\"@type\":\"BreadcrumbList\",\"@id\":\"https:\\\/\\\/transportjournal.com\\\/pt-pt\\\/2026\\\/01\\\/23\\\/rota-de-caminhoes-eletricos\\\/#breadcrumb\",\"itemListElement\":[{\"@type\":\"ListItem\",\"position\":1,\"name\":\"Startseite\",\"item\":\"https:\\\/\\\/transportjournal.com\\\/pt-pt\\\/\"},{\"@type\":\"ListItem\",\"position\":2,\"name\":\"Rota de caminh\u00f5es el\u00e9tricos\"}]},{\"@type\":\"WebSite\",\"@id\":\"https:\\\/\\\/transportjournal.com\\\/pt-pt\\\/#website\",\"url\":\"https:\\\/\\\/transportjournal.com\\\/pt-pt\\\/\",\"name\":\"ITJ | International Transport Journal\",\"description\":\"Stay informed with the latest global news from the transport, logistics, and supply chain industries. Transport Journal delivers expert insights, analysis, and updates across shipping, aviation, intermodal, and forwarding.\",\"publisher\":{\"@id\":\"https:\\\/\\\/transportjournal.com\\\/pt-pt\\\/#organization\"},\"potentialAction\":[{\"@type\":\"SearchAction\",\"target\":{\"@type\":\"EntryPoint\",\"urlTemplate\":\"https:\\\/\\\/transportjournal.com\\\/pt-pt\\\/?s={search_term_string}\"},\"query-input\":{\"@type\":\"PropertyValueSpecification\",\"valueRequired\":true,\"valueName\":\"search_term_string\"}}],\"inLanguage\":\"pt-PT\"},{\"@type\":\"Organization\",\"@id\":\"https:\\\/\\\/transportjournal.com\\\/pt-pt\\\/#organization\",\"name\":\"Logismedia Group AG\",\"alternateName\":\"Logismedia Group AG\",\"url\":\"https:\\\/\\\/transportjournal.com\\\/pt-pt\\\/\",\"logo\":{\"@type\":\"ImageObject\",\"inLanguage\":\"pt-PT\",\"@id\":\"https:\\\/\\\/transportjournal.com\\\/pt-pt\\\/#\\\/schema\\\/logo\\\/image\\\/\",\"url\":\"https:\\\/\\\/transportjournal.com\\\/wp-content\\\/uploads\\\/sites\\\/2\\\/2025\\\/09\\\/Logo_ITJ.png\",\"contentUrl\":\"https:\\\/\\\/transportjournal.com\\\/wp-content\\\/uploads\\\/sites\\\/2\\\/2025\\\/09\\\/Logo_ITJ.png\",\"width\":799,\"height\":326,\"caption\":\"Logismedia Group AG\"},\"image\":{\"@id\":\"https:\\\/\\\/transportjournal.com\\\/pt-pt\\\/#\\\/schema\\\/logo\\\/image\\\/\"},\"sameAs\":[\"https:\\\/\\\/www.linkedin.com\\\/company\\\/56456496\\\/admin\\\/dashboard\\\/\",\"https:\\\/\\\/www.instagram.com\\\/logismediagroup\\\/\",\"https:\\\/\\\/www.youtube.com\\\/@LogiamediaGroupAG\"]},{\"@type\":\"Person\",\"@id\":\"https:\\\/\\\/transportjournal.com\\\/pt-pt\\\/#\\\/schema\\\/person\\\/41d36b5474b623392fa613e97e2363fa\",\"name\":\"Jeremy Soland\",\"url\":\"https:\\\/\\\/transportjournal.com\\\/pt-pt\\\/author\\\/jeremy\\\/\"}]}<\/script>\n<!-- \/ Yoast SEO plugin. -->","yoast_head_json":{"title":"Rota de caminh\u00f5es el\u00e9tricos - ITJ | International Transport Journal","robots":{"index":"index","follow":"follow","max-snippet":"max-snippet:-1","max-image-preview":"max-image-preview:large","max-video-preview":"max-video-preview:-1"},"canonical":"https:\/\/transportjournal.com\/pt-pt\/2026\/01\/23\/rota-de-caminhoes-eletricos\/","og_locale":"pt_PT","og_type":"article","og_title":"Rota de caminh\u00f5es el\u00e9tricos - ITJ | International Transport Journal","og_description":"Scania Ventures, o LOTS Group e a JUNA Technologies, em conjunto com a HAWA, estabeleceram uma longa rota de caminh\u00f5es el\u00e9tricos na Europa para promover o transporte sustent\u00e1vel","og_url":"https:\/\/transportjournal.com\/pt-pt\/2026\/01\/23\/rota-de-caminhoes-eletricos\/","og_site_name":"ITJ | International Transport Journal","article_published_time":"2026-01-23T09:35:44+00:00","article_modified_time":"2026-01-23T09:56:08+00:00","og_image":[{"width":1308,"height":736,"url":"https:\/\/transportjournal.com\/wp-content\/uploads\/sites\/2\/2026\/01\/a8c31a7cfdb39011_org-aspect-ratio-1400-788.png","type":"image\/png"}],"author":"Jeremy Soland","twitter_card":"summary_large_image","twitter_misc":{"Escrito por":"Jeremy Soland","Tempo estimado de leitura":"1 minuto"},"schema":{"@context":"https:\/\/schema.org","@graph":[{"@type":"Article","@id":"https:\/\/transportjournal.com\/pt-pt\/2026\/01\/23\/rota-de-caminhoes-eletricos\/#article","isPartOf":{"@id":"https:\/\/transportjournal.com\/pt-pt\/2026\/01\/23\/rota-de-caminhoes-eletricos\/"},"author":{"name":"Jeremy Soland","@id":"https:\/\/transportjournal.com\/pt-pt\/#\/schema\/person\/41d36b5474b623392fa613e97e2363fa"},"headline":"Rota de caminh\u00f5es el\u00e9tricos","datePublished":"2026-01-23T09:35:44+00:00","dateModified":"2026-01-23T09:56:08+00:00","mainEntityOfPage":{"@id":"https:\/\/transportjournal.com\/pt-pt\/2026\/01\/23\/rota-de-caminhoes-eletricos\/"},"wordCount":148,"commentCount":0,"publisher":{"@id":"https:\/\/transportjournal.com\/pt-pt\/#organization"},"image":{"@id":"https:\/\/transportjournal.com\/pt-pt\/2026\/01\/23\/rota-de-caminhoes-eletricos\/#primaryimage"},"thumbnailUrl":"https:\/\/transportjournal.com\/wp-content\/uploads\/sites\/2\/2026\/01\/a8c31a7cfdb39011_org-aspect-ratio-1400-788.png","keywords":["AI-based platform","batterieelektrische Fahrzeuge","battery electric vehicles","CO\u2082-Emissionen senken","Deutsch elektrische Lkw-Route","Digitalisierung in der Logistik","digitization in logistics","E-Mobilit\u00e4t im Transport English electric truck route","e-mobilit\u00e9 dans le transport","e-mobility in transport Fran\u00e7ais route de camions \u00e9lectriques","eco-friendly freight transport","electric transport solutions","elektrische Transportl\u00f6sungen","europ\u00e4ische Logistik","European logistics","Fachkr\u00e4ftemangel in der Logistik","fournisseur logistique HAWA","HAWA logistics provider","HAWA Logistikdienstleister","industrie du transport en Europe","infrastructure for electric trucks","infrastructure pour camions \u00e9lectriques","Infrastruktur f\u00fcr E-Lkw","innovations logistiques","intelligent planning","intelligente Planung","KI-basierte Plattform","labor shortage in logistics","Langstreckentransport","logistics innovations","Logistikinnovationen","logistique durable","logistique europ\u00e9enne","long-haul transport","mod\u00e8le logistique \u00e9volutif","nachhaltige Logistik","num\u00e9risation dans la logistique","optimiser l'utilisation des ressources","optimize resource utilization","p\u00e9nurie de main-d'\u0153uvre dans la logistique","planification intelligente","plateforme bas\u00e9e sur l'IA","reduce CO\u2082 emissions","r\u00e9duire les \u00e9missions de CO\u2082","Ressourcennutzung optimieren","scalable logistics model","Scania Ventures","Skalierbares Modell Logistik","solutions de transport \u00e9lectrique","sustainable logistics","transport de marchandises \u00e9cologique","transport industry in Europe","transport longue distance","Transportwirtschaft in Europa","umweltfreundlicher G\u00fctertransport","v\u00e9hicules \u00e9lectriques \u00e0 batterie"],"articleSection":["Europa","Intermodal \/ Rodovi\u00e1rio"],"inLanguage":"pt-PT","potentialAction":[{"@type":"CommentAction","name":"Comment","target":["https:\/\/transportjournal.com\/pt-pt\/2026\/01\/23\/rota-de-caminhoes-eletricos\/#respond"]}]},{"@type":"WebPage","@id":"https:\/\/transportjournal.com\/pt-pt\/2026\/01\/23\/rota-de-caminhoes-eletricos\/","url":"https:\/\/transportjournal.com\/pt-pt\/2026\/01\/23\/rota-de-caminhoes-eletricos\/","name":"Rota de caminh\u00f5es el\u00e9tricos - ITJ | International Transport Journal","isPartOf":{"@id":"https:\/\/transportjournal.com\/pt-pt\/#website"},"primaryImageOfPage":{"@id":"https:\/\/transportjournal.com\/pt-pt\/2026\/01\/23\/rota-de-caminhoes-eletricos\/#primaryimage"},"image":{"@id":"https:\/\/transportjournal.com\/pt-pt\/2026\/01\/23\/rota-de-caminhoes-eletricos\/#primaryimage"},"thumbnailUrl":"https:\/\/transportjournal.com\/wp-content\/uploads\/sites\/2\/2026\/01\/a8c31a7cfdb39011_org-aspect-ratio-1400-788.png","datePublished":"2026-01-23T09:35:44+00:00","dateModified":"2026-01-23T09:56:08+00:00","breadcrumb":{"@id":"https:\/\/transportjournal.com\/pt-pt\/2026\/01\/23\/rota-de-caminhoes-eletricos\/#breadcrumb"},"inLanguage":"pt-PT","potentialAction":[{"@type":"ReadAction","target":["https:\/\/transportjournal.com\/pt-pt\/2026\/01\/23\/rota-de-caminhoes-eletricos\/"]}]},{"@type":"ImageObject","inLanguage":"pt-PT","@id":"https:\/\/transportjournal.com\/pt-pt\/2026\/01\/23\/rota-de-caminhoes-eletricos\/#primaryimage","url":"https:\/\/transportjournal.com\/wp-content\/uploads\/sites\/2\/2026\/01\/a8c31a7cfdb39011_org-aspect-ratio-1400-788.png","contentUrl":"https:\/\/transportjournal.com\/wp-content\/uploads\/sites\/2\/2026\/01\/a8c31a7cfdb39011_org-aspect-ratio-1400-788.png","width":1308,"height":736},{"@type":"BreadcrumbList","@id":"https:\/\/transportjournal.com\/pt-pt\/2026\/01\/23\/rota-de-caminhoes-eletricos\/#breadcrumb","itemListElement":[{"@type":"ListItem","position":1,"name":"Startseite","item":"https:\/\/transportjournal.com\/pt-pt\/"},{"@type":"ListItem","position":2,"name":"Rota de caminh\u00f5es el\u00e9tricos"}]},{"@type":"WebSite","@id":"https:\/\/transportjournal.com\/pt-pt\/#website","url":"https:\/\/transportjournal.com\/pt-pt\/","name":"ITJ | International Transport Journal","description":"Stay informed with the latest global news from the transport, logistics, and supply chain industries. Transport Journal delivers expert insights, analysis, and updates across shipping, aviation, intermodal, and forwarding.","publisher":{"@id":"https:\/\/transportjournal.com\/pt-pt\/#organization"},"potentialAction":[{"@type":"SearchAction","target":{"@type":"EntryPoint","urlTemplate":"https:\/\/transportjournal.com\/pt-pt\/?s={search_term_string}"},"query-input":{"@type":"PropertyValueSpecification","valueRequired":true,"valueName":"search_term_string"}}],"inLanguage":"pt-PT"},{"@type":"Organization","@id":"https:\/\/transportjournal.com\/pt-pt\/#organization","name":"Logismedia Group AG","alternateName":"Logismedia Group AG","url":"https:\/\/transportjournal.com\/pt-pt\/","logo":{"@type":"ImageObject","inLanguage":"pt-PT","@id":"https:\/\/transportjournal.com\/pt-pt\/#\/schema\/logo\/image\/","url":"https:\/\/transportjournal.com\/wp-content\/uploads\/sites\/2\/2025\/09\/Logo_ITJ.png","contentUrl":"https:\/\/transportjournal.com\/wp-content\/uploads\/sites\/2\/2025\/09\/Logo_ITJ.png","width":799,"height":326,"caption":"Logismedia Group AG"},"image":{"@id":"https:\/\/transportjournal.com\/pt-pt\/#\/schema\/logo\/image\/"},"sameAs":["https:\/\/www.linkedin.com\/company\/56456496\/admin\/dashboard\/","https:\/\/www.instagram.com\/logismediagroup\/","https:\/\/www.youtube.com\/@LogiamediaGroupAG"]},{"@type":"Person","@id":"https:\/\/transportjournal.com\/pt-pt\/#\/schema\/person\/41d36b5474b623392fa613e97e2363fa","name":"Jeremy Soland","url":"https:\/\/transportjournal.com\/pt-pt\/author\/jeremy\/"}]}},"_links":{"self":[{"href":"https:\/\/transportjournal.com\/pt-pt\/wp-json\/wp\/v2\/posts\/74143","targetHints":{"allow":["GET"]}}],"collection":[{"href":"https:\/\/transportjournal.com\/pt-pt\/wp-json\/wp\/v2\/posts"}],"about":[{"href":"https:\/\/transportjournal.com\/pt-pt\/wp-json\/wp\/v2\/types\/post"}],"author":[{"embeddable":true,"href":"https:\/\/transportjournal.com\/pt-pt\/wp-json\/wp\/v2\/users\/10"}],"replies":[{"embeddable":true,"href":"https:\/\/transportjournal.com\/pt-pt\/wp-json\/wp\/v2\/comments?post=74143"}],"version-history":[{"count":1,"href":"https:\/\/transportjournal.com\/pt-pt\/wp-json\/wp\/v2\/posts\/74143\/revisions"}],"predecessor-version":[{"id":74150,"href":"https:\/\/transportjournal.com\/pt-pt\/wp-json\/wp\/v2\/posts\/74143\/revisions\/74150"}],"wp:featuredmedia":[{"embeddable":true,"href":"https:\/\/transportjournal.com\/pt-pt\/wp-json\/wp\/v2\/media\/74138"}],"wp:attachment":[{"href":"https:\/\/transportjournal.com\/pt-pt\/wp-json\/wp\/v2\/media?parent=74143"}],"wp:term":[{"taxonomy":"category","embeddable":true,"href":"https:\/\/transportjournal.com\/pt-pt\/wp-json\/wp\/v2\/categories?post=74143"},{"taxonomy":"post_tag","embeddable":true,"href":"https:\/\/transportjournal.com\/pt-pt\/wp-json\/wp\/v2\/tags?post=74143"}],"curies":[{"name":"wp","href":"https:\/\/api.w.org\/{rel}","templated":true}]}}