{"id":74119,"date":"2026-01-23T08:52:11","date_gmt":"2026-01-23T08:52:11","guid":{"rendered":"https:\/\/transportjournal.com\/2026\/01\/23\/ann-hyllengren-e-a-cfo-da-ember\/"},"modified":"2026-01-23T08:52:11","modified_gmt":"2026-01-23T08:52:11","slug":"ann-hyllengren-e-a-cfo-da-ember","status":"publish","type":"post","link":"https:\/\/transportjournal.com\/pt-pt\/2026\/01\/23\/ann-hyllengren-e-a-cfo-da-ember\/","title":{"rendered":"Ann Hyllengren \u00e9 a CFO da Ember"},"content":{"rendered":"<p>Ember LifeSciences nomeou Ann Hyllengren como Chief Financial Officer. Esta decis\u00e3o segue uma bem-sucedida rodada de financiamento, na qual a empresa arrecadou 16,5 milh\u00f5es de d\u00f3lares em uma rodada Series A em dezembro. Hyllengren, em seu novo papel, fortalecer\u00e1 a equipe de lideran\u00e7a da empresa e apoiar\u00e1 a pr\u00f3xima fase de crescimento.<\/p>\n<p>Clay Alexander, fundador e CEO da Ember LifeSciences, comentou positivamente sobre a nomea\u00e7\u00e3o: \u201cEstamos felizes em receber Ann em uma fase crucial de nosso desenvolvimento. Ela traz ampla experi\u00eancia em lideran\u00e7a financeira e operacional de uma das principais empresas na \u00e1rea de ci\u00eancias da vida e desempenhar\u00e1 um papel importante no desenvolvimento e na introdu\u00e7\u00e3o de novas solu\u00e7\u00f5es confi\u00e1veis e sustent\u00e1veis para a cadeia de frio nas ci\u00eancias da vida e al\u00e9m.\u201d<\/p>\n<p>Hyllengren vem da Amgen, onde acumulou quase duas d\u00e9cadas de experi\u00eancia nas \u00e1reas de contabilidade e finan\u00e7as globais, planejamento de capital e rela\u00e7\u00f5es com investidores. Recentemente, ela atuou como executiva s\u00eanior na equipe de rela\u00e7\u00f5es com investidores da Amgen, trabalhando em estreita colabora\u00e7\u00e3o com a administra\u00e7\u00e3o da empresa para gerenciar a comunica\u00e7\u00e3o com os mercados de capitais e traduzir desempenhos financeiros complexos em uma narrativa clara e convincente para os investidores. Al\u00e9m disso, ocupou v\u00e1rias posi\u00e7\u00f5es financeiras de lideran\u00e7a na Amgen, incluindo a lideran\u00e7a das finan\u00e7as da unidade de neg\u00f3cios bilion\u00e1ria U.S. General Medicine, onde forneceu insights estrat\u00e9gicos sobre estrat\u00e9gia de produtos, aloca\u00e7\u00e3o de recursos e rentabilidade.<\/p>\n<p>\u201cEstou animada para fazer parte de uma equipe que trabalha para resolver um dos desafios mais custosos na sa\u00fade, com um foco claro em sustentabilidade e na melhoria dos resultados dos pacientes\u201d, disse Ann Hyllengren. \u201cA Ember tem o potencial de ter um impacto disruptivo e positivo na cadeia de suprimentos das ci\u00eancias da vida, e estou ansiosa para apoiar o crescimento operacional e a expans\u00e3o de mercado da empresa.\u201d<\/p>\n<p>O ecossistema global da cadeia de frio farmac\u00eautica enfrenta perdas financeiras anuais de 35 bilh\u00f5es de d\u00f3lares devido a desvios de temperatura. A Ember LifeSciences enfrenta esse desafio com o Ember Cube, uma inovadora caixa de envio digital que oferece relat\u00f3rios de temperatura baseados em nuvem, rastreamento de localiza\u00e7\u00e3o por GPS e tecnologia de devolu\u00e7\u00e3o sustent\u00e1vel.<\/p>\n<p>Antes de sua passagem pela Amgen, Hyllengren trabalhou na divulga\u00e7\u00e3o externa da Dole Food Company e come\u00e7ou sua carreira em auditoria e consultoria na PricewaterhouseCoopers LLP. Al\u00e9m disso, atuou como professora no Moorpark College e na University of La Verne. Hyllengren \u00e9 uma contadora certificada e possui um mestrado em contabilidade pela University of Southern California, al\u00e9m de um Bachelor of Arts em Business Management Economics pela University of California, Santa Cruz.<\/p>\n<p>&nbsp;<\/p>\n<p><a href=\"https:\/\/www.emberlifesciences.com\/\" target=\"_blank\" rel=\"noopener noreferrer\">www.emberlifesciences.com<\/a><\/p>\n<p>&nbsp;<\/p>\n","protected":false},"excerpt":{"rendered":"<p>Ember LifeSciences nomeou Ann Hyllengren como CFO para apoiar a empresa na pr\u00f3xima fase de crescimento com sua ampla experi\u00eancia.<\/p>\n","protected":false},"author":12,"featured_media":74114,"comment_status":"open","ping_status":"open","sticky":false,"template":"","format":"standard","meta":{"_acf_changed":false,"footnotes":""},"categories":[1626,1617,1615],"tags":[8596,8597,8598,8599,8600,8601,8602,8603,8604,8605,8606,8607,8608,8609,8610,8611,8612,8613,8614,8615,8616,8617,8618,8619,8620,8621,8622,8623,8624,8625,8626,8627,8628,8629,8630,8631,8632,8633,8634,8635,8636,8637,8638,8639,8640,8641,8642,8643,8644,8645,8646,8647,8648,8649,8650,8651],"class_list":["post-74119","post","type-post","status-publish","format-standard","has-post-thumbnail","hentry","category-americas","category-expedicao-e-logistica","category-pessoas-e-empresas","tag-ann-hyllengren-cfo","tag-boite-dexpedition-numerique","tag-certified-public-accountant","tag-chaine-dapprovisionnement-sciences-de-la-vie","tag-chaine-du-froid-sante","tag-changements-de-marche-chaine-du-froid","tag-cloud-based-temperature-reporting","tag-cloudbasiertes-temperaturreporting","tag-cold-chain-healthcare","tag-comptabilite-mondiale-finances","tag-conseil-pricewaterhousecoopers","tag-consulting-pricewaterhousecoopers","tag-defis-de-la-sante","tag-deutsch-ember-lifesciences","tag-digital-shipping-box","tag-digitale-versandbox","tag-disruptive-solutions-life-sciences-francais-ember-lifesciences","tag-ecarts-de-temperature-pharmacie","tag-equipe-financiere-ember","tag-expert-comptable-certifie","tag-finance-team-ember","tag-finanzierungsrunde-lebenswissenschaften","tag-finanzteam-ember","tag-funding-round-life-sciences","tag-global-accounting-finance","tag-globale-buchhaltung-finanzen","tag-gps-tracking","tag-gps-standortverfolgung","tag-healthcare-challenges","tag-herausforderungen-gesundheitswesen","tag-investor-relations-amgen","tag-kuehlkette-gesundheitswesen","tag-leadership-operationnel-sciences-de-la-vie","tag-maitrise-en-comptabilite","tag-market-changes-cold-chain","tag-marktveraenderungen-kuehlkette-english-ember-lifesciences","tag-masters-degree-accounting","tag-masterabschluss-buchhaltung","tag-nachhaltige-loesungen-kuehlkette","tag-operational-leadership-life-sciences","tag-operative-fuehrung-lebenswissenschaften","tag-perspectives-strategiques-strategie-produit","tag-relations-investisseurs-amgen","tag-reporting-de-temperature-base-sur-le-cloud","tag-solutions-durables-chaine-du-froid","tag-strategic-insights-product-strategy","tag-strategische-einblicke-produktstrategie","tag-suivi-gps","tag-supply-chain-lebenswissenschaften","tag-supply-chain-life-sciences","tag-sustainable-cold-chain-solutions","tag-temperaturabweichungen-pharma","tag-temperature-deviations-pharmaceuticals","tag-tour-de-financement-sciences-de-la-vie","tag-unternehmensberatung-pricewaterhousecoopers","tag-zertifizierte-wirtschaftsprueferin"],"acf":[],"yoast_head":"<!-- This site is optimized with the Yoast SEO plugin v27.3 - https:\/\/yoast.com\/product\/yoast-seo-wordpress\/ -->\n<title>Ann Hyllengren \u00e9 a CFO da Ember - ITJ | International Transport Journal<\/title>\n<meta name=\"robots\" content=\"index, follow, max-snippet:-1, max-image-preview:large, max-video-preview:-1\" \/>\n<link rel=\"canonical\" href=\"https:\/\/transportjournal.com\/pt-pt\/2026\/01\/23\/ann-hyllengren-e-a-cfo-da-ember\/\" \/>\n<meta property=\"og:locale\" content=\"pt_PT\" \/>\n<meta property=\"og:type\" content=\"article\" \/>\n<meta property=\"og:title\" content=\"Ann Hyllengren \u00e9 a CFO da Ember - ITJ | International Transport Journal\" \/>\n<meta property=\"og:description\" content=\"Ember LifeSciences nomeou Ann Hyllengren como CFO para apoiar a empresa na pr\u00f3xima fase de crescimento com sua ampla experi\u00eancia.\" \/>\n<meta property=\"og:url\" content=\"https:\/\/transportjournal.com\/pt-pt\/2026\/01\/23\/ann-hyllengren-e-a-cfo-da-ember\/\" \/>\n<meta property=\"og:site_name\" content=\"ITJ | International Transport Journal\" \/>\n<meta property=\"article:published_time\" content=\"2026-01-23T08:52:11+00:00\" \/>\n<meta property=\"og:image\" content=\"https:\/\/transportjournal.com\/wp-content\/uploads\/sites\/2\/2026\/01\/Ember-7a75d6_f30d565da8c14d0a8fb21a481097a1camv2-aspect-ratio-1400-788.jpg\" \/>\n\t<meta property=\"og:image:width\" content=\"562\" \/>\n\t<meta property=\"og:image:height\" content=\"316\" \/>\n\t<meta property=\"og:image:type\" content=\"image\/jpeg\" \/>\n<meta name=\"author\" content=\"Andreas Haug\" \/>\n<meta name=\"twitter:card\" content=\"summary_large_image\" \/>\n<meta name=\"twitter:label1\" content=\"Escrito por\" \/>\n\t<meta name=\"twitter:data1\" content=\"Andreas Haug\" \/>\n\t<meta name=\"twitter:label2\" content=\"Tempo estimado de leitura\" \/>\n\t<meta name=\"twitter:data2\" content=\"2 minutos\" \/>\n<script type=\"application\/ld+json\" class=\"yoast-schema-graph\">{\"@context\":\"https:\\\/\\\/schema.org\",\"@graph\":[{\"@type\":\"Article\",\"@id\":\"https:\\\/\\\/transportjournal.com\\\/pt-pt\\\/2026\\\/01\\\/23\\\/ann-hyllengren-e-a-cfo-da-ember\\\/#article\",\"isPartOf\":{\"@id\":\"https:\\\/\\\/transportjournal.com\\\/pt-pt\\\/2026\\\/01\\\/23\\\/ann-hyllengren-e-a-cfo-da-ember\\\/\"},\"author\":{\"name\":\"Andreas Haug\",\"@id\":\"https:\\\/\\\/transportjournal.com\\\/pt-pt\\\/#\\\/schema\\\/person\\\/cf538b3157f15afd7589245a4b3dbd25\"},\"headline\":\"Ann Hyllengren \u00e9 a CFO da Ember\",\"datePublished\":\"2026-01-23T08:52:11+00:00\",\"mainEntityOfPage\":{\"@id\":\"https:\\\/\\\/transportjournal.com\\\/pt-pt\\\/2026\\\/01\\\/23\\\/ann-hyllengren-e-a-cfo-da-ember\\\/\"},\"wordCount\":487,\"commentCount\":0,\"publisher\":{\"@id\":\"https:\\\/\\\/transportjournal.com\\\/pt-pt\\\/#organization\"},\"image\":{\"@id\":\"https:\\\/\\\/transportjournal.com\\\/pt-pt\\\/2026\\\/01\\\/23\\\/ann-hyllengren-e-a-cfo-da-ember\\\/#primaryimage\"},\"thumbnailUrl\":\"https:\\\/\\\/transportjournal.com\\\/wp-content\\\/uploads\\\/sites\\\/2\\\/2026\\\/01\\\/Ember-7a75d6_f30d565da8c14d0a8fb21a481097a1camv2-aspect-ratio-1400-788.jpg\",\"keywords\":[\"Ann Hyllengren CFO\",\"bo\u00eete d'exp\u00e9dition num\u00e9rique\",\"certified public accountant\",\"cha\u00eene d'approvisionnement sciences de la vie\",\"cha\u00eene du froid sant\u00e9\",\"changements de march\u00e9 cha\u00eene du froid\",\"cloud-based temperature reporting\",\"cloudbasiertes Temperaturreporting\",\"cold chain healthcare\",\"comptabilit\u00e9 mondiale finances\",\"conseil PricewaterhouseCoopers\",\"consulting PricewaterhouseCoopers\",\"d\u00e9fis de la sant\u00e9\",\"Deutsch Ember LifeSciences\",\"digital shipping box\",\"digitale Versandbox\",\"disruptive solutions life sciences Fran\u00e7ais Ember LifeSciences\",\"\u00e9carts de temp\u00e9rature pharmacie\",\"\u00e9quipe financi\u00e8re Ember\",\"expert-comptable certifi\u00e9\",\"finance team Ember\",\"Finanzierungsrunde Lebenswissenschaften\",\"Finanzteam Ember\",\"funding round life sciences\",\"global accounting finance\",\"globale Buchhaltung Finanzen\",\"GPS tracking\",\"GPS-Standortverfolgung\",\"healthcare challenges\",\"Herausforderungen Gesundheitswesen\",\"Investor Relations Amgen\",\"K\u00fchlkette Gesundheitswesen\",\"leadership op\u00e9rationnel sciences de la vie\",\"ma\u00eetrise en comptabilit\u00e9\",\"market changes cold chain\",\"Marktver\u00e4nderungen K\u00fchlkette English Ember LifeSciences\",\"master's degree accounting\",\"Masterabschluss Buchhaltung\",\"nachhaltige L\u00f6sungen K\u00fchlkette\",\"operational leadership life sciences\",\"operative F\u00fchrung Lebenswissenschaften\",\"perspectives strat\u00e9giques strat\u00e9gie produit\",\"relations investisseurs Amgen\",\"reporting de temp\u00e9rature bas\u00e9 sur le cloud\",\"solutions durables cha\u00eene du froid\",\"strategic insights product strategy\",\"strategische Einblicke Produktstrategie\",\"suivi GPS\",\"Supply Chain Lebenswissenschaften\",\"supply chain life sciences\",\"sustainable cold chain solutions\",\"Temperaturabweichungen Pharma\",\"temperature deviations pharmaceuticals\",\"tour de financement sciences de la vie\",\"Unternehmensberatung PricewaterhouseCoopers\",\"zertifizierte Wirtschaftspr\u00fcferin\"],\"articleSection\":[\"Am\u00e9ricas\",\"Expedi\u00e7\u00e3o de Mercadorias e Log\u00edstica\",\"Pessoas e empresas\"],\"inLanguage\":\"pt-PT\",\"potentialAction\":[{\"@type\":\"CommentAction\",\"name\":\"Comment\",\"target\":[\"https:\\\/\\\/transportjournal.com\\\/pt-pt\\\/2026\\\/01\\\/23\\\/ann-hyllengren-e-a-cfo-da-ember\\\/#respond\"]}]},{\"@type\":\"WebPage\",\"@id\":\"https:\\\/\\\/transportjournal.com\\\/pt-pt\\\/2026\\\/01\\\/23\\\/ann-hyllengren-e-a-cfo-da-ember\\\/\",\"url\":\"https:\\\/\\\/transportjournal.com\\\/pt-pt\\\/2026\\\/01\\\/23\\\/ann-hyllengren-e-a-cfo-da-ember\\\/\",\"name\":\"Ann Hyllengren \u00e9 a CFO da Ember - ITJ | International Transport Journal\",\"isPartOf\":{\"@id\":\"https:\\\/\\\/transportjournal.com\\\/pt-pt\\\/#website\"},\"primaryImageOfPage\":{\"@id\":\"https:\\\/\\\/transportjournal.com\\\/pt-pt\\\/2026\\\/01\\\/23\\\/ann-hyllengren-e-a-cfo-da-ember\\\/#primaryimage\"},\"image\":{\"@id\":\"https:\\\/\\\/transportjournal.com\\\/pt-pt\\\/2026\\\/01\\\/23\\\/ann-hyllengren-e-a-cfo-da-ember\\\/#primaryimage\"},\"thumbnailUrl\":\"https:\\\/\\\/transportjournal.com\\\/wp-content\\\/uploads\\\/sites\\\/2\\\/2026\\\/01\\\/Ember-7a75d6_f30d565da8c14d0a8fb21a481097a1camv2-aspect-ratio-1400-788.jpg\",\"datePublished\":\"2026-01-23T08:52:11+00:00\",\"breadcrumb\":{\"@id\":\"https:\\\/\\\/transportjournal.com\\\/pt-pt\\\/2026\\\/01\\\/23\\\/ann-hyllengren-e-a-cfo-da-ember\\\/#breadcrumb\"},\"inLanguage\":\"pt-PT\",\"potentialAction\":[{\"@type\":\"ReadAction\",\"target\":[\"https:\\\/\\\/transportjournal.com\\\/pt-pt\\\/2026\\\/01\\\/23\\\/ann-hyllengren-e-a-cfo-da-ember\\\/\"]}]},{\"@type\":\"ImageObject\",\"inLanguage\":\"pt-PT\",\"@id\":\"https:\\\/\\\/transportjournal.com\\\/pt-pt\\\/2026\\\/01\\\/23\\\/ann-hyllengren-e-a-cfo-da-ember\\\/#primaryimage\",\"url\":\"https:\\\/\\\/transportjournal.com\\\/wp-content\\\/uploads\\\/sites\\\/2\\\/2026\\\/01\\\/Ember-7a75d6_f30d565da8c14d0a8fb21a481097a1camv2-aspect-ratio-1400-788.jpg\",\"contentUrl\":\"https:\\\/\\\/transportjournal.com\\\/wp-content\\\/uploads\\\/sites\\\/2\\\/2026\\\/01\\\/Ember-7a75d6_f30d565da8c14d0a8fb21a481097a1camv2-aspect-ratio-1400-788.jpg\",\"width\":562,\"height\":316},{\"@type\":\"BreadcrumbList\",\"@id\":\"https:\\\/\\\/transportjournal.com\\\/pt-pt\\\/2026\\\/01\\\/23\\\/ann-hyllengren-e-a-cfo-da-ember\\\/#breadcrumb\",\"itemListElement\":[{\"@type\":\"ListItem\",\"position\":1,\"name\":\"Startseite\",\"item\":\"https:\\\/\\\/transportjournal.com\\\/pt-pt\\\/\"},{\"@type\":\"ListItem\",\"position\":2,\"name\":\"Ann Hyllengren \u00e9 a CFO da Ember\"}]},{\"@type\":\"WebSite\",\"@id\":\"https:\\\/\\\/transportjournal.com\\\/pt-pt\\\/#website\",\"url\":\"https:\\\/\\\/transportjournal.com\\\/pt-pt\\\/\",\"name\":\"ITJ | International Transport Journal\",\"description\":\"Stay informed with the latest global news from the transport, logistics, and supply chain industries. Transport Journal delivers expert insights, analysis, and updates across shipping, aviation, intermodal, and forwarding.\",\"publisher\":{\"@id\":\"https:\\\/\\\/transportjournal.com\\\/pt-pt\\\/#organization\"},\"potentialAction\":[{\"@type\":\"SearchAction\",\"target\":{\"@type\":\"EntryPoint\",\"urlTemplate\":\"https:\\\/\\\/transportjournal.com\\\/pt-pt\\\/?s={search_term_string}\"},\"query-input\":{\"@type\":\"PropertyValueSpecification\",\"valueRequired\":true,\"valueName\":\"search_term_string\"}}],\"inLanguage\":\"pt-PT\"},{\"@type\":\"Organization\",\"@id\":\"https:\\\/\\\/transportjournal.com\\\/pt-pt\\\/#organization\",\"name\":\"Logismedia Group AG\",\"alternateName\":\"Logismedia Group AG\",\"url\":\"https:\\\/\\\/transportjournal.com\\\/pt-pt\\\/\",\"logo\":{\"@type\":\"ImageObject\",\"inLanguage\":\"pt-PT\",\"@id\":\"https:\\\/\\\/transportjournal.com\\\/pt-pt\\\/#\\\/schema\\\/logo\\\/image\\\/\",\"url\":\"https:\\\/\\\/transportjournal.com\\\/wp-content\\\/uploads\\\/sites\\\/2\\\/2025\\\/09\\\/Logo_ITJ.png\",\"contentUrl\":\"https:\\\/\\\/transportjournal.com\\\/wp-content\\\/uploads\\\/sites\\\/2\\\/2025\\\/09\\\/Logo_ITJ.png\",\"width\":799,\"height\":326,\"caption\":\"Logismedia Group AG\"},\"image\":{\"@id\":\"https:\\\/\\\/transportjournal.com\\\/pt-pt\\\/#\\\/schema\\\/logo\\\/image\\\/\"},\"sameAs\":[\"https:\\\/\\\/www.linkedin.com\\\/company\\\/56456496\\\/admin\\\/dashboard\\\/\",\"https:\\\/\\\/www.instagram.com\\\/logismediagroup\\\/\",\"https:\\\/\\\/www.youtube.com\\\/@LogiamediaGroupAG\"]},{\"@type\":\"Person\",\"@id\":\"https:\\\/\\\/transportjournal.com\\\/pt-pt\\\/#\\\/schema\\\/person\\\/cf538b3157f15afd7589245a4b3dbd25\",\"name\":\"Andreas Haug\",\"url\":\"https:\\\/\\\/transportjournal.com\\\/pt-pt\\\/author\\\/andreas\\\/\"}]}<\/script>\n<!-- \/ Yoast SEO plugin. -->","yoast_head_json":{"title":"Ann Hyllengren \u00e9 a CFO da Ember - ITJ | International Transport Journal","robots":{"index":"index","follow":"follow","max-snippet":"max-snippet:-1","max-image-preview":"max-image-preview:large","max-video-preview":"max-video-preview:-1"},"canonical":"https:\/\/transportjournal.com\/pt-pt\/2026\/01\/23\/ann-hyllengren-e-a-cfo-da-ember\/","og_locale":"pt_PT","og_type":"article","og_title":"Ann Hyllengren \u00e9 a CFO da Ember - ITJ | International Transport Journal","og_description":"Ember LifeSciences nomeou Ann Hyllengren como CFO para apoiar a empresa na pr\u00f3xima fase de crescimento com sua ampla experi\u00eancia.","og_url":"https:\/\/transportjournal.com\/pt-pt\/2026\/01\/23\/ann-hyllengren-e-a-cfo-da-ember\/","og_site_name":"ITJ | International Transport Journal","article_published_time":"2026-01-23T08:52:11+00:00","og_image":[{"width":562,"height":316,"url":"https:\/\/transportjournal.com\/wp-content\/uploads\/sites\/2\/2026\/01\/Ember-7a75d6_f30d565da8c14d0a8fb21a481097a1camv2-aspect-ratio-1400-788.jpg","type":"image\/jpeg"}],"author":"Andreas Haug","twitter_card":"summary_large_image","twitter_misc":{"Escrito por":"Andreas Haug","Tempo estimado de leitura":"2 minutos"},"schema":{"@context":"https:\/\/schema.org","@graph":[{"@type":"Article","@id":"https:\/\/transportjournal.com\/pt-pt\/2026\/01\/23\/ann-hyllengren-e-a-cfo-da-ember\/#article","isPartOf":{"@id":"https:\/\/transportjournal.com\/pt-pt\/2026\/01\/23\/ann-hyllengren-e-a-cfo-da-ember\/"},"author":{"name":"Andreas Haug","@id":"https:\/\/transportjournal.com\/pt-pt\/#\/schema\/person\/cf538b3157f15afd7589245a4b3dbd25"},"headline":"Ann Hyllengren \u00e9 a CFO da Ember","datePublished":"2026-01-23T08:52:11+00:00","mainEntityOfPage":{"@id":"https:\/\/transportjournal.com\/pt-pt\/2026\/01\/23\/ann-hyllengren-e-a-cfo-da-ember\/"},"wordCount":487,"commentCount":0,"publisher":{"@id":"https:\/\/transportjournal.com\/pt-pt\/#organization"},"image":{"@id":"https:\/\/transportjournal.com\/pt-pt\/2026\/01\/23\/ann-hyllengren-e-a-cfo-da-ember\/#primaryimage"},"thumbnailUrl":"https:\/\/transportjournal.com\/wp-content\/uploads\/sites\/2\/2026\/01\/Ember-7a75d6_f30d565da8c14d0a8fb21a481097a1camv2-aspect-ratio-1400-788.jpg","keywords":["Ann Hyllengren CFO","bo\u00eete d'exp\u00e9dition num\u00e9rique","certified public accountant","cha\u00eene d'approvisionnement sciences de la vie","cha\u00eene du froid sant\u00e9","changements de march\u00e9 cha\u00eene du froid","cloud-based temperature reporting","cloudbasiertes Temperaturreporting","cold chain healthcare","comptabilit\u00e9 mondiale finances","conseil PricewaterhouseCoopers","consulting PricewaterhouseCoopers","d\u00e9fis de la sant\u00e9","Deutsch Ember LifeSciences","digital shipping box","digitale Versandbox","disruptive solutions life sciences Fran\u00e7ais Ember LifeSciences","\u00e9carts de temp\u00e9rature pharmacie","\u00e9quipe financi\u00e8re Ember","expert-comptable certifi\u00e9","finance team Ember","Finanzierungsrunde Lebenswissenschaften","Finanzteam Ember","funding round life sciences","global accounting finance","globale Buchhaltung Finanzen","GPS tracking","GPS-Standortverfolgung","healthcare challenges","Herausforderungen Gesundheitswesen","Investor Relations Amgen","K\u00fchlkette Gesundheitswesen","leadership op\u00e9rationnel sciences de la vie","ma\u00eetrise en comptabilit\u00e9","market changes cold chain","Marktver\u00e4nderungen K\u00fchlkette English Ember LifeSciences","master's degree accounting","Masterabschluss Buchhaltung","nachhaltige L\u00f6sungen K\u00fchlkette","operational leadership life sciences","operative F\u00fchrung Lebenswissenschaften","perspectives strat\u00e9giques strat\u00e9gie produit","relations investisseurs Amgen","reporting de temp\u00e9rature bas\u00e9 sur le cloud","solutions durables cha\u00eene du froid","strategic insights product strategy","strategische Einblicke Produktstrategie","suivi GPS","Supply Chain Lebenswissenschaften","supply chain life sciences","sustainable cold chain solutions","Temperaturabweichungen Pharma","temperature deviations pharmaceuticals","tour de financement sciences de la vie","Unternehmensberatung PricewaterhouseCoopers","zertifizierte Wirtschaftspr\u00fcferin"],"articleSection":["Am\u00e9ricas","Expedi\u00e7\u00e3o de Mercadorias e Log\u00edstica","Pessoas e empresas"],"inLanguage":"pt-PT","potentialAction":[{"@type":"CommentAction","name":"Comment","target":["https:\/\/transportjournal.com\/pt-pt\/2026\/01\/23\/ann-hyllengren-e-a-cfo-da-ember\/#respond"]}]},{"@type":"WebPage","@id":"https:\/\/transportjournal.com\/pt-pt\/2026\/01\/23\/ann-hyllengren-e-a-cfo-da-ember\/","url":"https:\/\/transportjournal.com\/pt-pt\/2026\/01\/23\/ann-hyllengren-e-a-cfo-da-ember\/","name":"Ann Hyllengren \u00e9 a CFO da Ember - ITJ | International Transport Journal","isPartOf":{"@id":"https:\/\/transportjournal.com\/pt-pt\/#website"},"primaryImageOfPage":{"@id":"https:\/\/transportjournal.com\/pt-pt\/2026\/01\/23\/ann-hyllengren-e-a-cfo-da-ember\/#primaryimage"},"image":{"@id":"https:\/\/transportjournal.com\/pt-pt\/2026\/01\/23\/ann-hyllengren-e-a-cfo-da-ember\/#primaryimage"},"thumbnailUrl":"https:\/\/transportjournal.com\/wp-content\/uploads\/sites\/2\/2026\/01\/Ember-7a75d6_f30d565da8c14d0a8fb21a481097a1camv2-aspect-ratio-1400-788.jpg","datePublished":"2026-01-23T08:52:11+00:00","breadcrumb":{"@id":"https:\/\/transportjournal.com\/pt-pt\/2026\/01\/23\/ann-hyllengren-e-a-cfo-da-ember\/#breadcrumb"},"inLanguage":"pt-PT","potentialAction":[{"@type":"ReadAction","target":["https:\/\/transportjournal.com\/pt-pt\/2026\/01\/23\/ann-hyllengren-e-a-cfo-da-ember\/"]}]},{"@type":"ImageObject","inLanguage":"pt-PT","@id":"https:\/\/transportjournal.com\/pt-pt\/2026\/01\/23\/ann-hyllengren-e-a-cfo-da-ember\/#primaryimage","url":"https:\/\/transportjournal.com\/wp-content\/uploads\/sites\/2\/2026\/01\/Ember-7a75d6_f30d565da8c14d0a8fb21a481097a1camv2-aspect-ratio-1400-788.jpg","contentUrl":"https:\/\/transportjournal.com\/wp-content\/uploads\/sites\/2\/2026\/01\/Ember-7a75d6_f30d565da8c14d0a8fb21a481097a1camv2-aspect-ratio-1400-788.jpg","width":562,"height":316},{"@type":"BreadcrumbList","@id":"https:\/\/transportjournal.com\/pt-pt\/2026\/01\/23\/ann-hyllengren-e-a-cfo-da-ember\/#breadcrumb","itemListElement":[{"@type":"ListItem","position":1,"name":"Startseite","item":"https:\/\/transportjournal.com\/pt-pt\/"},{"@type":"ListItem","position":2,"name":"Ann Hyllengren \u00e9 a CFO da Ember"}]},{"@type":"WebSite","@id":"https:\/\/transportjournal.com\/pt-pt\/#website","url":"https:\/\/transportjournal.com\/pt-pt\/","name":"ITJ | International Transport Journal","description":"Stay informed with the latest global news from the transport, logistics, and supply chain industries. Transport Journal delivers expert insights, analysis, and updates across shipping, aviation, intermodal, and forwarding.","publisher":{"@id":"https:\/\/transportjournal.com\/pt-pt\/#organization"},"potentialAction":[{"@type":"SearchAction","target":{"@type":"EntryPoint","urlTemplate":"https:\/\/transportjournal.com\/pt-pt\/?s={search_term_string}"},"query-input":{"@type":"PropertyValueSpecification","valueRequired":true,"valueName":"search_term_string"}}],"inLanguage":"pt-PT"},{"@type":"Organization","@id":"https:\/\/transportjournal.com\/pt-pt\/#organization","name":"Logismedia Group AG","alternateName":"Logismedia Group AG","url":"https:\/\/transportjournal.com\/pt-pt\/","logo":{"@type":"ImageObject","inLanguage":"pt-PT","@id":"https:\/\/transportjournal.com\/pt-pt\/#\/schema\/logo\/image\/","url":"https:\/\/transportjournal.com\/wp-content\/uploads\/sites\/2\/2025\/09\/Logo_ITJ.png","contentUrl":"https:\/\/transportjournal.com\/wp-content\/uploads\/sites\/2\/2025\/09\/Logo_ITJ.png","width":799,"height":326,"caption":"Logismedia Group AG"},"image":{"@id":"https:\/\/transportjournal.com\/pt-pt\/#\/schema\/logo\/image\/"},"sameAs":["https:\/\/www.linkedin.com\/company\/56456496\/admin\/dashboard\/","https:\/\/www.instagram.com\/logismediagroup\/","https:\/\/www.youtube.com\/@LogiamediaGroupAG"]},{"@type":"Person","@id":"https:\/\/transportjournal.com\/pt-pt\/#\/schema\/person\/cf538b3157f15afd7589245a4b3dbd25","name":"Andreas Haug","url":"https:\/\/transportjournal.com\/pt-pt\/author\/andreas\/"}]}},"_links":{"self":[{"href":"https:\/\/transportjournal.com\/pt-pt\/wp-json\/wp\/v2\/posts\/74119","targetHints":{"allow":["GET"]}}],"collection":[{"href":"https:\/\/transportjournal.com\/pt-pt\/wp-json\/wp\/v2\/posts"}],"about":[{"href":"https:\/\/transportjournal.com\/pt-pt\/wp-json\/wp\/v2\/types\/post"}],"author":[{"embeddable":true,"href":"https:\/\/transportjournal.com\/pt-pt\/wp-json\/wp\/v2\/users\/12"}],"replies":[{"embeddable":true,"href":"https:\/\/transportjournal.com\/pt-pt\/wp-json\/wp\/v2\/comments?post=74119"}],"version-history":[{"count":0,"href":"https:\/\/transportjournal.com\/pt-pt\/wp-json\/wp\/v2\/posts\/74119\/revisions"}],"wp:featuredmedia":[{"embeddable":true,"href":"https:\/\/transportjournal.com\/pt-pt\/wp-json\/wp\/v2\/media\/74114"}],"wp:attachment":[{"href":"https:\/\/transportjournal.com\/pt-pt\/wp-json\/wp\/v2\/media?parent=74119"}],"wp:term":[{"taxonomy":"category","embeddable":true,"href":"https:\/\/transportjournal.com\/pt-pt\/wp-json\/wp\/v2\/categories?post=74119"},{"taxonomy":"post_tag","embeddable":true,"href":"https:\/\/transportjournal.com\/pt-pt\/wp-json\/wp\/v2\/tags?post=74119"}],"curies":[{"name":"wp","href":"https:\/\/api.w.org\/{rel}","templated":true}]}}