{"id":73826,"date":"2026-01-21T11:56:04","date_gmt":"2026-01-21T11:56:04","guid":{"rendered":"https:\/\/transportjournal.com\/2026\/01\/21\/grigorova-se-aposenta-na-gw\/"},"modified":"2026-01-21T11:56:04","modified_gmt":"2026-01-21T11:56:04","slug":"grigorova-se-aposenta-na-gw","status":"publish","type":"post","link":"https:\/\/transportjournal.com\/pt-pt\/2026\/01\/21\/grigorova-se-aposenta-na-gw\/","title":{"rendered":"Grigorova se aposenta na GW"},"content":{"rendered":"<p>Marieta Grigorova, que desde a entrada da empresa no mercado b\u00falgaro em 1993 tem conduzido os destinos da Gebr\u00fcder Weiss na Bulg\u00e1ria, est\u00e1 se aposentando. Seu sucessor, Lyudmil Elshishki, assumiu a responsabilidade pela organiza\u00e7\u00e3o nacional b\u00falgara em 1\u00ba de janeiro de 2026. Grigorova contribuiu significativamente para o desenvolvimento da empresa ao longo de sua longa carreira.<\/p>\n<p>Nos 32 anos sob sua lideran\u00e7a, a localiza\u00e7\u00e3o em Sofia evoluiu de um pequeno ponto de transbordo para um hub log\u00edstico central para transportes internacionais. Al\u00e9m disso, foram inaugurados dois centros log\u00edsticos em Plovdiv e Varna, e a oferta de servi\u00e7os foi continuamente ampliada, incluindo a introdu\u00e7\u00e3o de Home Delivery para clientes particulares. Hoje, a Gebr\u00fcder Weiss emprega cerca de 160 colaboradores na Bulg\u00e1ria e atende clientes de diversos setores, incluindo automotivo, TI e bens de consumo.<\/p>\n<h3>Novo diretor-geral com experi\u00eancia internacional<\/h3>\n<p>Lyudmil Elshishki traz mais de 15 anos de experi\u00eancia na ind\u00fastria de log\u00edstica. Antes de sua nova posi\u00e7\u00e3o, ele trabalhou na gest\u00e3o de uma empresa global de log\u00edstica, onde liderou projetos estrat\u00e9gicos em 14 pa\u00edses e expandiu a rede de varejo. Na Gebr\u00fcder Weiss, Elshishki planeja continuar a organiza\u00e7\u00e3o nacional de forma est\u00e1vel e trazer novos impulsos, especialmente nas \u00e1reas de servi\u00e7os de transporte internacional e solu\u00e7\u00f5es log\u00edsticas para a ind\u00fastria automotiva e pesada.<\/p>\n<p>A Bulg\u00e1ria est\u00e1 se tornando cada vez mais importante como um ponto de conex\u00e3o para transportes na regi\u00e3o do Mar Negro e na \u00c1sia Central. Elshishki v\u00ea nessa evolu\u00e7\u00e3o oportunidades para a empresa fortalecer ainda mais sua posi\u00e7\u00e3o no mercado. Thomas Moser, diretor e chefe regional do Mar Negro\/CIS na Gebr\u00fcder Weiss, elogiou os m\u00e9ritos de Grigorova e enfatizou que ela conduziu a empresa com vis\u00e3o e comprometimento ao longo de tr\u00eas d\u00e9cadas de expans\u00e3o din\u00e2mica.<\/p>\n<p>&nbsp;<\/p>\n<p><a href=\"https:\/\/www.gw-world.com\/\" target=\"_blank\" rel=\"noopener noreferrer\">www.gw-world.com<\/a><\/p>\n<p>&nbsp;<\/p>\n","protected":false},"excerpt":{"rendered":"<p>Marieta Grigorova aposenta-se ap\u00f3s 32 anos, enquanto Lyudmil Elshishki assume a lideran\u00e7a da Gebr\u00fcder Weiss na Bulg\u00e1ria a partir de 1 de janeiro de 2026<\/p>\n","protected":false},"author":12,"featured_media":73821,"comment_status":"open","ping_status":"open","sticky":false,"template":"","format":"standard","meta":{"_acf_changed":false,"footnotes":""},"categories":[1623,1617,1615],"tags":[7669,7670,7671,7672,3353,3354,2122,2462,7673,7674,7675,7676,7677,7678,7679,7680,7681,7682,7683,2821,7684,7685,7686,1831,7687,7688,7689,7690,3379,2479,2829,7691,7692,7693,7694,7695,7696,2339,7697,7698,7699,5080,7700,1975],"class_list":["post-73826","post","type-post","status-publish","format-standard","has-post-thumbnail","hentry","category-europa","category-expedicao-e-logistica","category-pessoas-e-empresas","tag-black-sea-region-transport","tag-centres-logistiques-plovdiv","tag-chaine-dapprovisionnement-bulgarie","tag-deutsch-grigorova","tag-digitalisierung-logistik","tag-digitalization-logistics","tag-fachkraeftemangel-logistik","tag-gebrueder-weiss","tag-home-delivery","tag-hub-logistique-sofia","tag-infrastructure-bulgaria-francais-grigorova","tag-infrastructure-bulgarie","tag-infrastruktur-bulgarien-english-grigorova","tag-international-transport","tag-internationale-transporte","tag-livraison-a-domicile","tag-logistics-bulgaria","tag-logistics-centers-plovdiv","tag-logistics-hub-sofia","tag-logistics-providers","tag-logistics-solutions-automotive-industry","tag-logistik-bulgarien","tag-logistik-hub-sofia","tag-logistikdienstleister","tag-logistikloesungen-automobilindustrie","tag-logistikzentren-plovdiv","tag-logistique-bulgarie","tag-lyudmil-elshishki","tag-numerisation-logistique","tag-penurie-de-competences-logistique","tag-prestataires-logistiques","tag-region-de-la-mer-noire-transport","tag-retirement-grigorova","tag-retraite-grigorova","tag-ruhestand-grigorova","tag-schwarzmeerregion-transport","tag-services-de-transport","tag-skills-shortage-logistics","tag-solutions-logistiques-industrie-automobile","tag-supply-chain-bulgaria","tag-supply-chain-bulgarien","tag-transport-international","tag-transport-services","tag-transportdienstleistungen"],"acf":[],"yoast_head":"<!-- This site is optimized with the Yoast SEO plugin v27.3 - https:\/\/yoast.com\/product\/yoast-seo-wordpress\/ -->\n<title>Grigorova se aposenta na GW - ITJ | International Transport Journal<\/title>\n<meta name=\"robots\" content=\"index, follow, max-snippet:-1, max-image-preview:large, max-video-preview:-1\" \/>\n<link rel=\"canonical\" href=\"https:\/\/transportjournal.com\/pt-pt\/2026\/01\/21\/grigorova-se-aposenta-na-gw\/\" \/>\n<meta property=\"og:locale\" content=\"pt_PT\" \/>\n<meta property=\"og:type\" content=\"article\" \/>\n<meta property=\"og:title\" content=\"Grigorova se aposenta na GW - ITJ | International Transport Journal\" \/>\n<meta property=\"og:description\" content=\"Marieta Grigorova aposenta-se ap\u00f3s 32 anos, enquanto Lyudmil Elshishki assume a lideran\u00e7a da Gebr\u00fcder Weiss na Bulg\u00e1ria a partir de 1 de janeiro de 2026\" \/>\n<meta property=\"og:url\" content=\"https:\/\/transportjournal.com\/pt-pt\/2026\/01\/21\/grigorova-se-aposenta-na-gw\/\" \/>\n<meta property=\"og:site_name\" content=\"ITJ | International Transport Journal\" \/>\n<meta property=\"article:published_time\" content=\"2026-01-21T11:56:04+00:00\" \/>\n<meta property=\"og:image\" content=\"https:\/\/transportjournal.com\/wp-content\/uploads\/sites\/2\/2026\/01\/1_lyudmilelshishki_marietagrigorova-scaled-aspect-ratio-1400-788-scaled-1.jpg\" \/>\n\t<meta property=\"og:image:width\" content=\"2560\" \/>\n\t<meta property=\"og:image:height\" content=\"1441\" \/>\n\t<meta property=\"og:image:type\" content=\"image\/jpeg\" \/>\n<meta name=\"author\" content=\"Andreas Haug\" \/>\n<meta name=\"twitter:card\" content=\"summary_large_image\" \/>\n<meta name=\"twitter:label1\" content=\"Escrito por\" \/>\n\t<meta name=\"twitter:data1\" content=\"Andreas Haug\" \/>\n\t<meta name=\"twitter:label2\" content=\"Tempo estimado de leitura\" \/>\n\t<meta name=\"twitter:data2\" content=\"2 minutos\" \/>\n<script type=\"application\/ld+json\" class=\"yoast-schema-graph\">{\"@context\":\"https:\\\/\\\/schema.org\",\"@graph\":[{\"@type\":\"Article\",\"@id\":\"https:\\\/\\\/transportjournal.com\\\/pt-pt\\\/2026\\\/01\\\/21\\\/grigorova-se-aposenta-na-gw\\\/#article\",\"isPartOf\":{\"@id\":\"https:\\\/\\\/transportjournal.com\\\/pt-pt\\\/2026\\\/01\\\/21\\\/grigorova-se-aposenta-na-gw\\\/\"},\"author\":{\"name\":\"Andreas Haug\",\"@id\":\"https:\\\/\\\/transportjournal.com\\\/pt-pt\\\/#\\\/schema\\\/person\\\/cf538b3157f15afd7589245a4b3dbd25\"},\"headline\":\"Grigorova se aposenta na GW\",\"datePublished\":\"2026-01-21T11:56:04+00:00\",\"mainEntityOfPage\":{\"@id\":\"https:\\\/\\\/transportjournal.com\\\/pt-pt\\\/2026\\\/01\\\/21\\\/grigorova-se-aposenta-na-gw\\\/\"},\"wordCount\":334,\"commentCount\":0,\"publisher\":{\"@id\":\"https:\\\/\\\/transportjournal.com\\\/pt-pt\\\/#organization\"},\"image\":{\"@id\":\"https:\\\/\\\/transportjournal.com\\\/pt-pt\\\/2026\\\/01\\\/21\\\/grigorova-se-aposenta-na-gw\\\/#primaryimage\"},\"thumbnailUrl\":\"https:\\\/\\\/transportjournal.com\\\/wp-content\\\/uploads\\\/sites\\\/2\\\/2026\\\/01\\\/1_lyudmilelshishki_marietagrigorova-scaled-aspect-ratio-1400-788-scaled-1.jpg\",\"keywords\":[\"Black Sea region transport\",\"centres logistiques Plovdiv\",\"cha\u00eene d'approvisionnement Bulgarie\",\"Deutsch Grigorova\",\"Digitalisierung Logistik\",\"digitalization logistics\",\"Fachkr\u00e4ftemangel Logistik\",\"Gebr\u00fcder Weiss\",\"Home Delivery\",\"hub logistique Sofia\",\"infrastructure Bulgaria Fran\u00e7ais Grigorova\",\"infrastructure Bulgarie\",\"Infrastruktur Bulgarien English Grigorova\",\"international transport\",\"internationale Transporte\",\"livraison \u00e0 domicile\",\"logistics Bulgaria\",\"logistics centers Plovdiv\",\"logistics hub Sofia\",\"logistics providers\",\"logistics solutions automotive industry\",\"Logistik Bulgarien\",\"Logistik-Hub Sofia\",\"Logistikdienstleister\",\"Logistikl\u00f6sungen Automobilindustrie\",\"Logistikzentren Plovdiv\",\"logistique Bulgarie\",\"Lyudmil Elshishki\",\"num\u00e9risation logistique\",\"p\u00e9nurie de comp\u00e9tences logistique\",\"prestataires logistiques\",\"r\u00e9gion de la mer Noire transport\",\"retirement Grigorova\",\"retraite Grigorova\",\"Ruhestand Grigorova\",\"Schwarzmeerregion Transport\",\"services de transport\",\"skills shortage logistics\",\"solutions logistiques industrie automobile\",\"supply chain Bulgaria\",\"Supply Chain Bulgarien\",\"transport international\",\"transport services\",\"Transportdienstleistungen\"],\"articleSection\":[\"Europa\",\"Expedi\u00e7\u00e3o de Mercadorias e Log\u00edstica\",\"Pessoas e empresas\"],\"inLanguage\":\"pt-PT\",\"potentialAction\":[{\"@type\":\"CommentAction\",\"name\":\"Comment\",\"target\":[\"https:\\\/\\\/transportjournal.com\\\/pt-pt\\\/2026\\\/01\\\/21\\\/grigorova-se-aposenta-na-gw\\\/#respond\"]}]},{\"@type\":\"WebPage\",\"@id\":\"https:\\\/\\\/transportjournal.com\\\/pt-pt\\\/2026\\\/01\\\/21\\\/grigorova-se-aposenta-na-gw\\\/\",\"url\":\"https:\\\/\\\/transportjournal.com\\\/pt-pt\\\/2026\\\/01\\\/21\\\/grigorova-se-aposenta-na-gw\\\/\",\"name\":\"Grigorova se aposenta na GW - ITJ | International Transport Journal\",\"isPartOf\":{\"@id\":\"https:\\\/\\\/transportjournal.com\\\/pt-pt\\\/#website\"},\"primaryImageOfPage\":{\"@id\":\"https:\\\/\\\/transportjournal.com\\\/pt-pt\\\/2026\\\/01\\\/21\\\/grigorova-se-aposenta-na-gw\\\/#primaryimage\"},\"image\":{\"@id\":\"https:\\\/\\\/transportjournal.com\\\/pt-pt\\\/2026\\\/01\\\/21\\\/grigorova-se-aposenta-na-gw\\\/#primaryimage\"},\"thumbnailUrl\":\"https:\\\/\\\/transportjournal.com\\\/wp-content\\\/uploads\\\/sites\\\/2\\\/2026\\\/01\\\/1_lyudmilelshishki_marietagrigorova-scaled-aspect-ratio-1400-788-scaled-1.jpg\",\"datePublished\":\"2026-01-21T11:56:04+00:00\",\"breadcrumb\":{\"@id\":\"https:\\\/\\\/transportjournal.com\\\/pt-pt\\\/2026\\\/01\\\/21\\\/grigorova-se-aposenta-na-gw\\\/#breadcrumb\"},\"inLanguage\":\"pt-PT\",\"potentialAction\":[{\"@type\":\"ReadAction\",\"target\":[\"https:\\\/\\\/transportjournal.com\\\/pt-pt\\\/2026\\\/01\\\/21\\\/grigorova-se-aposenta-na-gw\\\/\"]}]},{\"@type\":\"ImageObject\",\"inLanguage\":\"pt-PT\",\"@id\":\"https:\\\/\\\/transportjournal.com\\\/pt-pt\\\/2026\\\/01\\\/21\\\/grigorova-se-aposenta-na-gw\\\/#primaryimage\",\"url\":\"https:\\\/\\\/transportjournal.com\\\/wp-content\\\/uploads\\\/sites\\\/2\\\/2026\\\/01\\\/1_lyudmilelshishki_marietagrigorova-scaled-aspect-ratio-1400-788-scaled-1.jpg\",\"contentUrl\":\"https:\\\/\\\/transportjournal.com\\\/wp-content\\\/uploads\\\/sites\\\/2\\\/2026\\\/01\\\/1_lyudmilelshishki_marietagrigorova-scaled-aspect-ratio-1400-788-scaled-1.jpg\",\"width\":2560,\"height\":1441},{\"@type\":\"BreadcrumbList\",\"@id\":\"https:\\\/\\\/transportjournal.com\\\/pt-pt\\\/2026\\\/01\\\/21\\\/grigorova-se-aposenta-na-gw\\\/#breadcrumb\",\"itemListElement\":[{\"@type\":\"ListItem\",\"position\":1,\"name\":\"Startseite\",\"item\":\"https:\\\/\\\/transportjournal.com\\\/pt-pt\\\/\"},{\"@type\":\"ListItem\",\"position\":2,\"name\":\"Grigorova se aposenta na GW\"}]},{\"@type\":\"WebSite\",\"@id\":\"https:\\\/\\\/transportjournal.com\\\/pt-pt\\\/#website\",\"url\":\"https:\\\/\\\/transportjournal.com\\\/pt-pt\\\/\",\"name\":\"ITJ | International Transport Journal\",\"description\":\"Stay informed with the latest global news from the transport, logistics, and supply chain industries. Transport Journal delivers expert insights, analysis, and updates across shipping, aviation, intermodal, and forwarding.\",\"publisher\":{\"@id\":\"https:\\\/\\\/transportjournal.com\\\/pt-pt\\\/#organization\"},\"potentialAction\":[{\"@type\":\"SearchAction\",\"target\":{\"@type\":\"EntryPoint\",\"urlTemplate\":\"https:\\\/\\\/transportjournal.com\\\/pt-pt\\\/?s={search_term_string}\"},\"query-input\":{\"@type\":\"PropertyValueSpecification\",\"valueRequired\":true,\"valueName\":\"search_term_string\"}}],\"inLanguage\":\"pt-PT\"},{\"@type\":\"Organization\",\"@id\":\"https:\\\/\\\/transportjournal.com\\\/pt-pt\\\/#organization\",\"name\":\"Logismedia Group AG\",\"alternateName\":\"Logismedia Group AG\",\"url\":\"https:\\\/\\\/transportjournal.com\\\/pt-pt\\\/\",\"logo\":{\"@type\":\"ImageObject\",\"inLanguage\":\"pt-PT\",\"@id\":\"https:\\\/\\\/transportjournal.com\\\/pt-pt\\\/#\\\/schema\\\/logo\\\/image\\\/\",\"url\":\"https:\\\/\\\/transportjournal.com\\\/wp-content\\\/uploads\\\/sites\\\/2\\\/2025\\\/09\\\/Logo_ITJ.png\",\"contentUrl\":\"https:\\\/\\\/transportjournal.com\\\/wp-content\\\/uploads\\\/sites\\\/2\\\/2025\\\/09\\\/Logo_ITJ.png\",\"width\":799,\"height\":326,\"caption\":\"Logismedia Group AG\"},\"image\":{\"@id\":\"https:\\\/\\\/transportjournal.com\\\/pt-pt\\\/#\\\/schema\\\/logo\\\/image\\\/\"},\"sameAs\":[\"https:\\\/\\\/www.linkedin.com\\\/company\\\/56456496\\\/admin\\\/dashboard\\\/\",\"https:\\\/\\\/www.instagram.com\\\/logismediagroup\\\/\",\"https:\\\/\\\/www.youtube.com\\\/@LogiamediaGroupAG\"]},{\"@type\":\"Person\",\"@id\":\"https:\\\/\\\/transportjournal.com\\\/pt-pt\\\/#\\\/schema\\\/person\\\/cf538b3157f15afd7589245a4b3dbd25\",\"name\":\"Andreas Haug\",\"url\":\"https:\\\/\\\/transportjournal.com\\\/pt-pt\\\/author\\\/andreas\\\/\"}]}<\/script>\n<!-- \/ Yoast SEO plugin. -->","yoast_head_json":{"title":"Grigorova se aposenta na GW - ITJ | International Transport Journal","robots":{"index":"index","follow":"follow","max-snippet":"max-snippet:-1","max-image-preview":"max-image-preview:large","max-video-preview":"max-video-preview:-1"},"canonical":"https:\/\/transportjournal.com\/pt-pt\/2026\/01\/21\/grigorova-se-aposenta-na-gw\/","og_locale":"pt_PT","og_type":"article","og_title":"Grigorova se aposenta na GW - ITJ | International Transport Journal","og_description":"Marieta Grigorova aposenta-se ap\u00f3s 32 anos, enquanto Lyudmil Elshishki assume a lideran\u00e7a da Gebr\u00fcder Weiss na Bulg\u00e1ria a partir de 1 de janeiro de 2026","og_url":"https:\/\/transportjournal.com\/pt-pt\/2026\/01\/21\/grigorova-se-aposenta-na-gw\/","og_site_name":"ITJ | International Transport Journal","article_published_time":"2026-01-21T11:56:04+00:00","og_image":[{"width":2560,"height":1441,"url":"https:\/\/transportjournal.com\/wp-content\/uploads\/sites\/2\/2026\/01\/1_lyudmilelshishki_marietagrigorova-scaled-aspect-ratio-1400-788-scaled-1.jpg","type":"image\/jpeg"}],"author":"Andreas Haug","twitter_card":"summary_large_image","twitter_misc":{"Escrito por":"Andreas Haug","Tempo estimado de leitura":"2 minutos"},"schema":{"@context":"https:\/\/schema.org","@graph":[{"@type":"Article","@id":"https:\/\/transportjournal.com\/pt-pt\/2026\/01\/21\/grigorova-se-aposenta-na-gw\/#article","isPartOf":{"@id":"https:\/\/transportjournal.com\/pt-pt\/2026\/01\/21\/grigorova-se-aposenta-na-gw\/"},"author":{"name":"Andreas Haug","@id":"https:\/\/transportjournal.com\/pt-pt\/#\/schema\/person\/cf538b3157f15afd7589245a4b3dbd25"},"headline":"Grigorova se aposenta na GW","datePublished":"2026-01-21T11:56:04+00:00","mainEntityOfPage":{"@id":"https:\/\/transportjournal.com\/pt-pt\/2026\/01\/21\/grigorova-se-aposenta-na-gw\/"},"wordCount":334,"commentCount":0,"publisher":{"@id":"https:\/\/transportjournal.com\/pt-pt\/#organization"},"image":{"@id":"https:\/\/transportjournal.com\/pt-pt\/2026\/01\/21\/grigorova-se-aposenta-na-gw\/#primaryimage"},"thumbnailUrl":"https:\/\/transportjournal.com\/wp-content\/uploads\/sites\/2\/2026\/01\/1_lyudmilelshishki_marietagrigorova-scaled-aspect-ratio-1400-788-scaled-1.jpg","keywords":["Black Sea region transport","centres logistiques Plovdiv","cha\u00eene d'approvisionnement Bulgarie","Deutsch Grigorova","Digitalisierung Logistik","digitalization logistics","Fachkr\u00e4ftemangel Logistik","Gebr\u00fcder Weiss","Home Delivery","hub logistique Sofia","infrastructure Bulgaria Fran\u00e7ais Grigorova","infrastructure Bulgarie","Infrastruktur Bulgarien English Grigorova","international transport","internationale Transporte","livraison \u00e0 domicile","logistics Bulgaria","logistics centers Plovdiv","logistics hub Sofia","logistics providers","logistics solutions automotive industry","Logistik Bulgarien","Logistik-Hub Sofia","Logistikdienstleister","Logistikl\u00f6sungen Automobilindustrie","Logistikzentren Plovdiv","logistique Bulgarie","Lyudmil Elshishki","num\u00e9risation logistique","p\u00e9nurie de comp\u00e9tences logistique","prestataires logistiques","r\u00e9gion de la mer Noire transport","retirement Grigorova","retraite Grigorova","Ruhestand Grigorova","Schwarzmeerregion Transport","services de transport","skills shortage logistics","solutions logistiques industrie automobile","supply chain Bulgaria","Supply Chain Bulgarien","transport international","transport services","Transportdienstleistungen"],"articleSection":["Europa","Expedi\u00e7\u00e3o de Mercadorias e Log\u00edstica","Pessoas e empresas"],"inLanguage":"pt-PT","potentialAction":[{"@type":"CommentAction","name":"Comment","target":["https:\/\/transportjournal.com\/pt-pt\/2026\/01\/21\/grigorova-se-aposenta-na-gw\/#respond"]}]},{"@type":"WebPage","@id":"https:\/\/transportjournal.com\/pt-pt\/2026\/01\/21\/grigorova-se-aposenta-na-gw\/","url":"https:\/\/transportjournal.com\/pt-pt\/2026\/01\/21\/grigorova-se-aposenta-na-gw\/","name":"Grigorova se aposenta na GW - ITJ | International Transport Journal","isPartOf":{"@id":"https:\/\/transportjournal.com\/pt-pt\/#website"},"primaryImageOfPage":{"@id":"https:\/\/transportjournal.com\/pt-pt\/2026\/01\/21\/grigorova-se-aposenta-na-gw\/#primaryimage"},"image":{"@id":"https:\/\/transportjournal.com\/pt-pt\/2026\/01\/21\/grigorova-se-aposenta-na-gw\/#primaryimage"},"thumbnailUrl":"https:\/\/transportjournal.com\/wp-content\/uploads\/sites\/2\/2026\/01\/1_lyudmilelshishki_marietagrigorova-scaled-aspect-ratio-1400-788-scaled-1.jpg","datePublished":"2026-01-21T11:56:04+00:00","breadcrumb":{"@id":"https:\/\/transportjournal.com\/pt-pt\/2026\/01\/21\/grigorova-se-aposenta-na-gw\/#breadcrumb"},"inLanguage":"pt-PT","potentialAction":[{"@type":"ReadAction","target":["https:\/\/transportjournal.com\/pt-pt\/2026\/01\/21\/grigorova-se-aposenta-na-gw\/"]}]},{"@type":"ImageObject","inLanguage":"pt-PT","@id":"https:\/\/transportjournal.com\/pt-pt\/2026\/01\/21\/grigorova-se-aposenta-na-gw\/#primaryimage","url":"https:\/\/transportjournal.com\/wp-content\/uploads\/sites\/2\/2026\/01\/1_lyudmilelshishki_marietagrigorova-scaled-aspect-ratio-1400-788-scaled-1.jpg","contentUrl":"https:\/\/transportjournal.com\/wp-content\/uploads\/sites\/2\/2026\/01\/1_lyudmilelshishki_marietagrigorova-scaled-aspect-ratio-1400-788-scaled-1.jpg","width":2560,"height":1441},{"@type":"BreadcrumbList","@id":"https:\/\/transportjournal.com\/pt-pt\/2026\/01\/21\/grigorova-se-aposenta-na-gw\/#breadcrumb","itemListElement":[{"@type":"ListItem","position":1,"name":"Startseite","item":"https:\/\/transportjournal.com\/pt-pt\/"},{"@type":"ListItem","position":2,"name":"Grigorova se aposenta na GW"}]},{"@type":"WebSite","@id":"https:\/\/transportjournal.com\/pt-pt\/#website","url":"https:\/\/transportjournal.com\/pt-pt\/","name":"ITJ | International Transport Journal","description":"Stay informed with the latest global news from the transport, logistics, and supply chain industries. Transport Journal delivers expert insights, analysis, and updates across shipping, aviation, intermodal, and forwarding.","publisher":{"@id":"https:\/\/transportjournal.com\/pt-pt\/#organization"},"potentialAction":[{"@type":"SearchAction","target":{"@type":"EntryPoint","urlTemplate":"https:\/\/transportjournal.com\/pt-pt\/?s={search_term_string}"},"query-input":{"@type":"PropertyValueSpecification","valueRequired":true,"valueName":"search_term_string"}}],"inLanguage":"pt-PT"},{"@type":"Organization","@id":"https:\/\/transportjournal.com\/pt-pt\/#organization","name":"Logismedia Group AG","alternateName":"Logismedia Group AG","url":"https:\/\/transportjournal.com\/pt-pt\/","logo":{"@type":"ImageObject","inLanguage":"pt-PT","@id":"https:\/\/transportjournal.com\/pt-pt\/#\/schema\/logo\/image\/","url":"https:\/\/transportjournal.com\/wp-content\/uploads\/sites\/2\/2025\/09\/Logo_ITJ.png","contentUrl":"https:\/\/transportjournal.com\/wp-content\/uploads\/sites\/2\/2025\/09\/Logo_ITJ.png","width":799,"height":326,"caption":"Logismedia Group AG"},"image":{"@id":"https:\/\/transportjournal.com\/pt-pt\/#\/schema\/logo\/image\/"},"sameAs":["https:\/\/www.linkedin.com\/company\/56456496\/admin\/dashboard\/","https:\/\/www.instagram.com\/logismediagroup\/","https:\/\/www.youtube.com\/@LogiamediaGroupAG"]},{"@type":"Person","@id":"https:\/\/transportjournal.com\/pt-pt\/#\/schema\/person\/cf538b3157f15afd7589245a4b3dbd25","name":"Andreas Haug","url":"https:\/\/transportjournal.com\/pt-pt\/author\/andreas\/"}]}},"_links":{"self":[{"href":"https:\/\/transportjournal.com\/pt-pt\/wp-json\/wp\/v2\/posts\/73826","targetHints":{"allow":["GET"]}}],"collection":[{"href":"https:\/\/transportjournal.com\/pt-pt\/wp-json\/wp\/v2\/posts"}],"about":[{"href":"https:\/\/transportjournal.com\/pt-pt\/wp-json\/wp\/v2\/types\/post"}],"author":[{"embeddable":true,"href":"https:\/\/transportjournal.com\/pt-pt\/wp-json\/wp\/v2\/users\/12"}],"replies":[{"embeddable":true,"href":"https:\/\/transportjournal.com\/pt-pt\/wp-json\/wp\/v2\/comments?post=73826"}],"version-history":[{"count":0,"href":"https:\/\/transportjournal.com\/pt-pt\/wp-json\/wp\/v2\/posts\/73826\/revisions"}],"wp:featuredmedia":[{"embeddable":true,"href":"https:\/\/transportjournal.com\/pt-pt\/wp-json\/wp\/v2\/media\/73821"}],"wp:attachment":[{"href":"https:\/\/transportjournal.com\/pt-pt\/wp-json\/wp\/v2\/media?parent=73826"}],"wp:term":[{"taxonomy":"category","embeddable":true,"href":"https:\/\/transportjournal.com\/pt-pt\/wp-json\/wp\/v2\/categories?post=73826"},{"taxonomy":"post_tag","embeddable":true,"href":"https:\/\/transportjournal.com\/pt-pt\/wp-json\/wp\/v2\/tags?post=73826"}],"curies":[{"name":"wp","href":"https:\/\/api.w.org\/{rel}","templated":true}]}}