{"id":73595,"date":"2026-01-20T12:13:41","date_gmt":"2026-01-20T12:13:41","guid":{"rendered":"https:\/\/transportjournal.com\/2026\/01\/20\/colaboracao-da-post-comm-unity-prolongada\/"},"modified":"2026-01-20T12:13:41","modified_gmt":"2026-01-20T12:13:41","slug":"colaboracao-da-post-comm-unity-prolongada","status":"publish","type":"post","link":"https:\/\/transportjournal.com\/pt-pt\/2026\/01\/20\/colaboracao-da-post-comm-unity-prolongada\/","title":{"rendered":"Colabora\u00e7\u00e3o da Post + Comm-Unity prolongada"},"content":{"rendered":"<p>A Post Business Solutions e a Comm-Unity prorrogaram sua colabora\u00e7\u00e3o at\u00e9 2030. A Comm-Unity, uma empresa especializada em software de eGovernment e administra\u00e7\u00e3o, continua a utilizar o m\u00f3dulo de envio dual da Post Business Solutions. Este m\u00f3dulo \u00e9 utilizado por mais de 330 munic\u00edpios e associa\u00e7\u00f5es na \u00c1ustria, incluindo cidades maiores como Graz, Linz e Innsbruck.<\/p>\n<h3>Solu\u00e7\u00f5es de envio para munic\u00edpios<\/h3>\n<p>O m\u00f3dulo de envio dual permite que os usu\u00e1rios enviem todas as correspond\u00eancias de forma digital, conforme relatado pelo correio austr\u00edaco. A solu\u00e7\u00e3o se integra ao GeOrg, o principal produto da Comm-Unity. O processamento digital abrange diferentes tipos de envio, desde cartas padr\u00e3o at\u00e9 envios RSa e RSb. O correio verifica a acessibilidade eletr\u00f4nica dos destinat\u00e1rios ap\u00f3s os dados serem transmitidos a ele. Se a verifica\u00e7\u00e3o for bem-sucedida, a entrega \u00e9 feita como E-Brief ou atrav\u00e9s da caixa de correio digital. Caso a entrega eletr\u00f4nica n\u00e3o seja poss\u00edvel, o correio entrega o documento fisicamente.<\/p>\n<p><a href=\"https:\/\/www.post.at\/\" target=\"_blank\" rel=\"noopener noreferrer\">www.post.at<\/a><\/p>\n","protected":false},"excerpt":{"rendered":"<p>A Post Business Solutions e a Comm-Unity prolongam a sua coopera\u00e7\u00e3o at\u00e9 2030 para continuar a utilizar o m\u00f3dulo de envio dual para correspond\u00eancias digitais na \u00c1ustria.<\/p>\n","protected":false},"author":10,"featured_media":73590,"comment_status":"open","ping_status":"open","sticky":false,"template":"","format":"standard","meta":{"_acf_changed":false,"footnotes":""},"categories":[1623,1617],"tags":[7213,7214,7215,7216,7217,7218,7219,7220,7221,7222,7223,7224,7225,7226,7227,7228,7229,7230,7231,7232,7233,7234,7235,2122,7236,7237,7238,7239,7240,2373,7241,7242,7243,7244,7245,7246,7247,7248,2145,7249,7250,7251,7252,7253,7254,7255,7256,7257,7258,7259,7260,7261,7262,7263,7264],"class_list":["post-73595","post","type-post","status-publish","format-standard","has-post-thumbnail","hentry","category-europa","category-expedicao-e-logistica","tag-administrative-software","tag-boite-aux-lettres-numerique","tag-briefsendungen-digital","tag-comm-unity","tag-courrier-numerique","tag-delivery-e-letter","tag-deutsch-post-business-solutions","tag-digital-letter-submissions","tag-digital-mail","tag-digital-mailbox","tag-digital-processing","tag-digitale-abwicklung","tag-digitale-briefkasten","tag-digitale-post","tag-digitalisierung-in-der-verwaltung","tag-digitization-in-administration","tag-dual-shipping-module","tag-duales-versandmodul","tag-egovernment","tag-electronic-delivery","tag-elektronische-zustellung","tag-envois-rsa","tag-envois-rsb","tag-fachkraeftemangel-logistik","tag-gemeinden-oesterreich","tag-georg","tag-infrastructure-municipalites","tag-infrastructure-municipalities","tag-infrastruktur-gemeinden","tag-labor-shortage-logistics","tag-lettre-standard","tag-livraison-e-lettre","tag-livraison-electronique","tag-logiciel-administratif","tag-module-dexpedition-dual","tag-municipalites-autriche","tag-municipalities-austria","tag-numerisation-dans-ladministration","tag-penurie-de-main-doeuvre-logistique","tag-postal-services-francais-post-business-solutions","tag-postdienstleistungen-english-post-business-solutions","tag-rsa-shipments","tag-rsa-sendungen","tag-rsb-shipments","tag-rsb-sendungen","tag-services-postaux","tag-shipping-solutions-for-municipalities","tag-solutions-dexpedition-pour-municipalites","tag-soumissions-de-lettres-numeriques","tag-standard-letter","tag-standardbrief","tag-traitement-numerique","tag-versandloesungen-fuer-gemeinden","tag-verwaltungssoftware","tag-zustellung-e-brief"],"acf":[],"yoast_head":"<!-- This site is optimized with the Yoast SEO plugin v27.3 - https:\/\/yoast.com\/product\/yoast-seo-wordpress\/ -->\n<title>Colabora\u00e7\u00e3o da Post + Comm-Unity prolongada - ITJ | International Transport Journal<\/title>\n<meta name=\"robots\" content=\"index, follow, max-snippet:-1, max-image-preview:large, max-video-preview:-1\" \/>\n<link rel=\"canonical\" href=\"https:\/\/transportjournal.com\/pt-pt\/2026\/01\/20\/colaboracao-da-post-comm-unity-prolongada\/\" \/>\n<meta property=\"og:locale\" content=\"pt_PT\" \/>\n<meta property=\"og:type\" content=\"article\" \/>\n<meta property=\"og:title\" content=\"Colabora\u00e7\u00e3o da Post + Comm-Unity prolongada - ITJ | International Transport Journal\" \/>\n<meta property=\"og:description\" content=\"A Post Business Solutions e a Comm-Unity prolongam a sua coopera\u00e7\u00e3o at\u00e9 2030 para continuar a utilizar o m\u00f3dulo de envio dual para correspond\u00eancias digitais na \u00c1ustria.\" \/>\n<meta property=\"og:url\" content=\"https:\/\/transportjournal.com\/pt-pt\/2026\/01\/20\/colaboracao-da-post-comm-unity-prolongada\/\" \/>\n<meta property=\"og:site_name\" content=\"ITJ | International Transport Journal\" \/>\n<meta property=\"article:published_time\" content=\"2026-01-20T12:13:41+00:00\" \/>\n<meta property=\"og:image\" content=\"https:\/\/transportjournal.com\/wp-content\/uploads\/sites\/2\/2026\/01\/20260119192051-1f6b3215-scaled-aspect-ratio-1400-788-scaled-1.jpg\" \/>\n\t<meta property=\"og:image:width\" content=\"2560\" \/>\n\t<meta property=\"og:image:height\" content=\"1441\" \/>\n\t<meta property=\"og:image:type\" content=\"image\/jpeg\" \/>\n<meta name=\"author\" content=\"Jeremy Soland\" \/>\n<meta name=\"twitter:card\" content=\"summary_large_image\" \/>\n<meta name=\"twitter:label1\" content=\"Escrito por\" \/>\n\t<meta name=\"twitter:data1\" content=\"Jeremy Soland\" \/>\n\t<meta name=\"twitter:label2\" content=\"Tempo estimado de leitura\" \/>\n\t<meta name=\"twitter:data2\" content=\"1 minuto\" \/>\n<script type=\"application\/ld+json\" class=\"yoast-schema-graph\">{\"@context\":\"https:\\\/\\\/schema.org\",\"@graph\":[{\"@type\":\"Article\",\"@id\":\"https:\\\/\\\/transportjournal.com\\\/pt-pt\\\/2026\\\/01\\\/20\\\/colaboracao-da-post-comm-unity-prolongada\\\/#article\",\"isPartOf\":{\"@id\":\"https:\\\/\\\/transportjournal.com\\\/pt-pt\\\/2026\\\/01\\\/20\\\/colaboracao-da-post-comm-unity-prolongada\\\/\"},\"author\":{\"name\":\"Jeremy Soland\",\"@id\":\"https:\\\/\\\/transportjournal.com\\\/pt-pt\\\/#\\\/schema\\\/person\\\/41d36b5474b623392fa613e97e2363fa\"},\"headline\":\"Colabora\u00e7\u00e3o da Post + Comm-Unity prolongada\",\"datePublished\":\"2026-01-20T12:13:41+00:00\",\"mainEntityOfPage\":{\"@id\":\"https:\\\/\\\/transportjournal.com\\\/pt-pt\\\/2026\\\/01\\\/20\\\/colaboracao-da-post-comm-unity-prolongada\\\/\"},\"wordCount\":182,\"commentCount\":0,\"publisher\":{\"@id\":\"https:\\\/\\\/transportjournal.com\\\/pt-pt\\\/#organization\"},\"image\":{\"@id\":\"https:\\\/\\\/transportjournal.com\\\/pt-pt\\\/2026\\\/01\\\/20\\\/colaboracao-da-post-comm-unity-prolongada\\\/#primaryimage\"},\"thumbnailUrl\":\"https:\\\/\\\/transportjournal.com\\\/wp-content\\\/uploads\\\/sites\\\/2\\\/2026\\\/01\\\/20260119192051-1f6b3215-scaled-aspect-ratio-1400-788-scaled-1.jpg\",\"keywords\":[\"administrative software\",\"bo\u00eete aux lettres num\u00e9rique\",\"Briefsendungen digital\",\"Comm-Unity\",\"courrier num\u00e9rique\",\"delivery E-letter\",\"Deutsch Post Business Solutions\",\"digital letter submissions\",\"digital mail\",\"digital mailbox\",\"digital processing\",\"digitale Abwicklung\",\"digitale Briefkasten\",\"digitale Post\",\"Digitalisierung in der Verwaltung\",\"digitization in administration\",\"dual shipping module\",\"duales Versandmodul\",\"eGovernment\",\"electronic delivery\",\"elektronische Zustellung\",\"envois RSa\",\"envois RSb\",\"Fachkr\u00e4ftemangel Logistik\",\"Gemeinden \u00d6sterreich\",\"GeOrg\",\"infrastructure municipalit\u00e9s\",\"infrastructure municipalities\",\"Infrastruktur Gemeinden\",\"labor shortage logistics\",\"lettre standard\",\"livraison E-lettre\",\"livraison \u00e9lectronique\",\"logiciel administratif\",\"module d'exp\u00e9dition dual\",\"municipalit\u00e9s Autriche\",\"municipalities Austria\",\"num\u00e9risation dans l'administration\",\"p\u00e9nurie de main-d'\u0153uvre logistique\",\"postal services Fran\u00e7ais Post Business Solutions\",\"Postdienstleistungen English Post Business Solutions\",\"RSa shipments\",\"RSa-Sendungen\",\"RSb shipments\",\"RSb-Sendungen\",\"services postaux\",\"shipping solutions for municipalities\",\"solutions d'exp\u00e9dition pour municipalit\u00e9s\",\"soumissions de lettres num\u00e9riques\",\"standard letter\",\"Standardbrief\",\"traitement num\u00e9rique\",\"Versandl\u00f6sungen f\u00fcr Gemeinden\",\"Verwaltungssoftware\",\"Zustellung E-Brief\"],\"articleSection\":[\"Europa\",\"Expedi\u00e7\u00e3o de Mercadorias e Log\u00edstica\"],\"inLanguage\":\"pt-PT\",\"potentialAction\":[{\"@type\":\"CommentAction\",\"name\":\"Comment\",\"target\":[\"https:\\\/\\\/transportjournal.com\\\/pt-pt\\\/2026\\\/01\\\/20\\\/colaboracao-da-post-comm-unity-prolongada\\\/#respond\"]}]},{\"@type\":\"WebPage\",\"@id\":\"https:\\\/\\\/transportjournal.com\\\/pt-pt\\\/2026\\\/01\\\/20\\\/colaboracao-da-post-comm-unity-prolongada\\\/\",\"url\":\"https:\\\/\\\/transportjournal.com\\\/pt-pt\\\/2026\\\/01\\\/20\\\/colaboracao-da-post-comm-unity-prolongada\\\/\",\"name\":\"Colabora\u00e7\u00e3o da Post + Comm-Unity prolongada - ITJ | International Transport Journal\",\"isPartOf\":{\"@id\":\"https:\\\/\\\/transportjournal.com\\\/pt-pt\\\/#website\"},\"primaryImageOfPage\":{\"@id\":\"https:\\\/\\\/transportjournal.com\\\/pt-pt\\\/2026\\\/01\\\/20\\\/colaboracao-da-post-comm-unity-prolongada\\\/#primaryimage\"},\"image\":{\"@id\":\"https:\\\/\\\/transportjournal.com\\\/pt-pt\\\/2026\\\/01\\\/20\\\/colaboracao-da-post-comm-unity-prolongada\\\/#primaryimage\"},\"thumbnailUrl\":\"https:\\\/\\\/transportjournal.com\\\/wp-content\\\/uploads\\\/sites\\\/2\\\/2026\\\/01\\\/20260119192051-1f6b3215-scaled-aspect-ratio-1400-788-scaled-1.jpg\",\"datePublished\":\"2026-01-20T12:13:41+00:00\",\"breadcrumb\":{\"@id\":\"https:\\\/\\\/transportjournal.com\\\/pt-pt\\\/2026\\\/01\\\/20\\\/colaboracao-da-post-comm-unity-prolongada\\\/#breadcrumb\"},\"inLanguage\":\"pt-PT\",\"potentialAction\":[{\"@type\":\"ReadAction\",\"target\":[\"https:\\\/\\\/transportjournal.com\\\/pt-pt\\\/2026\\\/01\\\/20\\\/colaboracao-da-post-comm-unity-prolongada\\\/\"]}]},{\"@type\":\"ImageObject\",\"inLanguage\":\"pt-PT\",\"@id\":\"https:\\\/\\\/transportjournal.com\\\/pt-pt\\\/2026\\\/01\\\/20\\\/colaboracao-da-post-comm-unity-prolongada\\\/#primaryimage\",\"url\":\"https:\\\/\\\/transportjournal.com\\\/wp-content\\\/uploads\\\/sites\\\/2\\\/2026\\\/01\\\/20260119192051-1f6b3215-scaled-aspect-ratio-1400-788-scaled-1.jpg\",\"contentUrl\":\"https:\\\/\\\/transportjournal.com\\\/wp-content\\\/uploads\\\/sites\\\/2\\\/2026\\\/01\\\/20260119192051-1f6b3215-scaled-aspect-ratio-1400-788-scaled-1.jpg\",\"width\":2560,\"height\":1441},{\"@type\":\"BreadcrumbList\",\"@id\":\"https:\\\/\\\/transportjournal.com\\\/pt-pt\\\/2026\\\/01\\\/20\\\/colaboracao-da-post-comm-unity-prolongada\\\/#breadcrumb\",\"itemListElement\":[{\"@type\":\"ListItem\",\"position\":1,\"name\":\"Startseite\",\"item\":\"https:\\\/\\\/transportjournal.com\\\/pt-pt\\\/\"},{\"@type\":\"ListItem\",\"position\":2,\"name\":\"Colabora\u00e7\u00e3o da Post + Comm-Unity prolongada\"}]},{\"@type\":\"WebSite\",\"@id\":\"https:\\\/\\\/transportjournal.com\\\/pt-pt\\\/#website\",\"url\":\"https:\\\/\\\/transportjournal.com\\\/pt-pt\\\/\",\"name\":\"ITJ | International Transport Journal\",\"description\":\"Stay informed with the latest global news from the transport, logistics, and supply chain industries. Transport Journal delivers expert insights, analysis, and updates across shipping, aviation, intermodal, and forwarding.\",\"publisher\":{\"@id\":\"https:\\\/\\\/transportjournal.com\\\/pt-pt\\\/#organization\"},\"potentialAction\":[{\"@type\":\"SearchAction\",\"target\":{\"@type\":\"EntryPoint\",\"urlTemplate\":\"https:\\\/\\\/transportjournal.com\\\/pt-pt\\\/?s={search_term_string}\"},\"query-input\":{\"@type\":\"PropertyValueSpecification\",\"valueRequired\":true,\"valueName\":\"search_term_string\"}}],\"inLanguage\":\"pt-PT\"},{\"@type\":\"Organization\",\"@id\":\"https:\\\/\\\/transportjournal.com\\\/pt-pt\\\/#organization\",\"name\":\"Logismedia Group AG\",\"alternateName\":\"Logismedia Group AG\",\"url\":\"https:\\\/\\\/transportjournal.com\\\/pt-pt\\\/\",\"logo\":{\"@type\":\"ImageObject\",\"inLanguage\":\"pt-PT\",\"@id\":\"https:\\\/\\\/transportjournal.com\\\/pt-pt\\\/#\\\/schema\\\/logo\\\/image\\\/\",\"url\":\"https:\\\/\\\/transportjournal.com\\\/wp-content\\\/uploads\\\/sites\\\/2\\\/2025\\\/09\\\/Logo_ITJ.png\",\"contentUrl\":\"https:\\\/\\\/transportjournal.com\\\/wp-content\\\/uploads\\\/sites\\\/2\\\/2025\\\/09\\\/Logo_ITJ.png\",\"width\":799,\"height\":326,\"caption\":\"Logismedia Group AG\"},\"image\":{\"@id\":\"https:\\\/\\\/transportjournal.com\\\/pt-pt\\\/#\\\/schema\\\/logo\\\/image\\\/\"},\"sameAs\":[\"https:\\\/\\\/www.linkedin.com\\\/company\\\/56456496\\\/admin\\\/dashboard\\\/\",\"https:\\\/\\\/www.instagram.com\\\/logismediagroup\\\/\",\"https:\\\/\\\/www.youtube.com\\\/@LogiamediaGroupAG\"]},{\"@type\":\"Person\",\"@id\":\"https:\\\/\\\/transportjournal.com\\\/pt-pt\\\/#\\\/schema\\\/person\\\/41d36b5474b623392fa613e97e2363fa\",\"name\":\"Jeremy Soland\",\"url\":\"https:\\\/\\\/transportjournal.com\\\/pt-pt\\\/author\\\/jeremy\\\/\"}]}<\/script>\n<!-- \/ Yoast SEO plugin. -->","yoast_head_json":{"title":"Colabora\u00e7\u00e3o da Post + Comm-Unity prolongada - ITJ | International Transport Journal","robots":{"index":"index","follow":"follow","max-snippet":"max-snippet:-1","max-image-preview":"max-image-preview:large","max-video-preview":"max-video-preview:-1"},"canonical":"https:\/\/transportjournal.com\/pt-pt\/2026\/01\/20\/colaboracao-da-post-comm-unity-prolongada\/","og_locale":"pt_PT","og_type":"article","og_title":"Colabora\u00e7\u00e3o da Post + Comm-Unity prolongada - ITJ | International Transport Journal","og_description":"A Post Business Solutions e a Comm-Unity prolongam a sua coopera\u00e7\u00e3o at\u00e9 2030 para continuar a utilizar o m\u00f3dulo de envio dual para correspond\u00eancias digitais na \u00c1ustria.","og_url":"https:\/\/transportjournal.com\/pt-pt\/2026\/01\/20\/colaboracao-da-post-comm-unity-prolongada\/","og_site_name":"ITJ | International Transport Journal","article_published_time":"2026-01-20T12:13:41+00:00","og_image":[{"width":2560,"height":1441,"url":"https:\/\/transportjournal.com\/wp-content\/uploads\/sites\/2\/2026\/01\/20260119192051-1f6b3215-scaled-aspect-ratio-1400-788-scaled-1.jpg","type":"image\/jpeg"}],"author":"Jeremy Soland","twitter_card":"summary_large_image","twitter_misc":{"Escrito por":"Jeremy Soland","Tempo estimado de leitura":"1 minuto"},"schema":{"@context":"https:\/\/schema.org","@graph":[{"@type":"Article","@id":"https:\/\/transportjournal.com\/pt-pt\/2026\/01\/20\/colaboracao-da-post-comm-unity-prolongada\/#article","isPartOf":{"@id":"https:\/\/transportjournal.com\/pt-pt\/2026\/01\/20\/colaboracao-da-post-comm-unity-prolongada\/"},"author":{"name":"Jeremy Soland","@id":"https:\/\/transportjournal.com\/pt-pt\/#\/schema\/person\/41d36b5474b623392fa613e97e2363fa"},"headline":"Colabora\u00e7\u00e3o da Post + Comm-Unity prolongada","datePublished":"2026-01-20T12:13:41+00:00","mainEntityOfPage":{"@id":"https:\/\/transportjournal.com\/pt-pt\/2026\/01\/20\/colaboracao-da-post-comm-unity-prolongada\/"},"wordCount":182,"commentCount":0,"publisher":{"@id":"https:\/\/transportjournal.com\/pt-pt\/#organization"},"image":{"@id":"https:\/\/transportjournal.com\/pt-pt\/2026\/01\/20\/colaboracao-da-post-comm-unity-prolongada\/#primaryimage"},"thumbnailUrl":"https:\/\/transportjournal.com\/wp-content\/uploads\/sites\/2\/2026\/01\/20260119192051-1f6b3215-scaled-aspect-ratio-1400-788-scaled-1.jpg","keywords":["administrative software","bo\u00eete aux lettres num\u00e9rique","Briefsendungen digital","Comm-Unity","courrier num\u00e9rique","delivery E-letter","Deutsch Post Business Solutions","digital letter submissions","digital mail","digital mailbox","digital processing","digitale Abwicklung","digitale Briefkasten","digitale Post","Digitalisierung in der Verwaltung","digitization in administration","dual shipping module","duales Versandmodul","eGovernment","electronic delivery","elektronische Zustellung","envois RSa","envois RSb","Fachkr\u00e4ftemangel Logistik","Gemeinden \u00d6sterreich","GeOrg","infrastructure municipalit\u00e9s","infrastructure municipalities","Infrastruktur Gemeinden","labor shortage logistics","lettre standard","livraison E-lettre","livraison \u00e9lectronique","logiciel administratif","module d'exp\u00e9dition dual","municipalit\u00e9s Autriche","municipalities Austria","num\u00e9risation dans l'administration","p\u00e9nurie de main-d'\u0153uvre logistique","postal services Fran\u00e7ais Post Business Solutions","Postdienstleistungen English Post Business Solutions","RSa shipments","RSa-Sendungen","RSb shipments","RSb-Sendungen","services postaux","shipping solutions for municipalities","solutions d'exp\u00e9dition pour municipalit\u00e9s","soumissions de lettres num\u00e9riques","standard letter","Standardbrief","traitement num\u00e9rique","Versandl\u00f6sungen f\u00fcr Gemeinden","Verwaltungssoftware","Zustellung E-Brief"],"articleSection":["Europa","Expedi\u00e7\u00e3o de Mercadorias e Log\u00edstica"],"inLanguage":"pt-PT","potentialAction":[{"@type":"CommentAction","name":"Comment","target":["https:\/\/transportjournal.com\/pt-pt\/2026\/01\/20\/colaboracao-da-post-comm-unity-prolongada\/#respond"]}]},{"@type":"WebPage","@id":"https:\/\/transportjournal.com\/pt-pt\/2026\/01\/20\/colaboracao-da-post-comm-unity-prolongada\/","url":"https:\/\/transportjournal.com\/pt-pt\/2026\/01\/20\/colaboracao-da-post-comm-unity-prolongada\/","name":"Colabora\u00e7\u00e3o da Post + Comm-Unity prolongada - ITJ | International Transport Journal","isPartOf":{"@id":"https:\/\/transportjournal.com\/pt-pt\/#website"},"primaryImageOfPage":{"@id":"https:\/\/transportjournal.com\/pt-pt\/2026\/01\/20\/colaboracao-da-post-comm-unity-prolongada\/#primaryimage"},"image":{"@id":"https:\/\/transportjournal.com\/pt-pt\/2026\/01\/20\/colaboracao-da-post-comm-unity-prolongada\/#primaryimage"},"thumbnailUrl":"https:\/\/transportjournal.com\/wp-content\/uploads\/sites\/2\/2026\/01\/20260119192051-1f6b3215-scaled-aspect-ratio-1400-788-scaled-1.jpg","datePublished":"2026-01-20T12:13:41+00:00","breadcrumb":{"@id":"https:\/\/transportjournal.com\/pt-pt\/2026\/01\/20\/colaboracao-da-post-comm-unity-prolongada\/#breadcrumb"},"inLanguage":"pt-PT","potentialAction":[{"@type":"ReadAction","target":["https:\/\/transportjournal.com\/pt-pt\/2026\/01\/20\/colaboracao-da-post-comm-unity-prolongada\/"]}]},{"@type":"ImageObject","inLanguage":"pt-PT","@id":"https:\/\/transportjournal.com\/pt-pt\/2026\/01\/20\/colaboracao-da-post-comm-unity-prolongada\/#primaryimage","url":"https:\/\/transportjournal.com\/wp-content\/uploads\/sites\/2\/2026\/01\/20260119192051-1f6b3215-scaled-aspect-ratio-1400-788-scaled-1.jpg","contentUrl":"https:\/\/transportjournal.com\/wp-content\/uploads\/sites\/2\/2026\/01\/20260119192051-1f6b3215-scaled-aspect-ratio-1400-788-scaled-1.jpg","width":2560,"height":1441},{"@type":"BreadcrumbList","@id":"https:\/\/transportjournal.com\/pt-pt\/2026\/01\/20\/colaboracao-da-post-comm-unity-prolongada\/#breadcrumb","itemListElement":[{"@type":"ListItem","position":1,"name":"Startseite","item":"https:\/\/transportjournal.com\/pt-pt\/"},{"@type":"ListItem","position":2,"name":"Colabora\u00e7\u00e3o da Post + Comm-Unity prolongada"}]},{"@type":"WebSite","@id":"https:\/\/transportjournal.com\/pt-pt\/#website","url":"https:\/\/transportjournal.com\/pt-pt\/","name":"ITJ | International Transport Journal","description":"Stay informed with the latest global news from the transport, logistics, and supply chain industries. Transport Journal delivers expert insights, analysis, and updates across shipping, aviation, intermodal, and forwarding.","publisher":{"@id":"https:\/\/transportjournal.com\/pt-pt\/#organization"},"potentialAction":[{"@type":"SearchAction","target":{"@type":"EntryPoint","urlTemplate":"https:\/\/transportjournal.com\/pt-pt\/?s={search_term_string}"},"query-input":{"@type":"PropertyValueSpecification","valueRequired":true,"valueName":"search_term_string"}}],"inLanguage":"pt-PT"},{"@type":"Organization","@id":"https:\/\/transportjournal.com\/pt-pt\/#organization","name":"Logismedia Group AG","alternateName":"Logismedia Group AG","url":"https:\/\/transportjournal.com\/pt-pt\/","logo":{"@type":"ImageObject","inLanguage":"pt-PT","@id":"https:\/\/transportjournal.com\/pt-pt\/#\/schema\/logo\/image\/","url":"https:\/\/transportjournal.com\/wp-content\/uploads\/sites\/2\/2025\/09\/Logo_ITJ.png","contentUrl":"https:\/\/transportjournal.com\/wp-content\/uploads\/sites\/2\/2025\/09\/Logo_ITJ.png","width":799,"height":326,"caption":"Logismedia Group AG"},"image":{"@id":"https:\/\/transportjournal.com\/pt-pt\/#\/schema\/logo\/image\/"},"sameAs":["https:\/\/www.linkedin.com\/company\/56456496\/admin\/dashboard\/","https:\/\/www.instagram.com\/logismediagroup\/","https:\/\/www.youtube.com\/@LogiamediaGroupAG"]},{"@type":"Person","@id":"https:\/\/transportjournal.com\/pt-pt\/#\/schema\/person\/41d36b5474b623392fa613e97e2363fa","name":"Jeremy Soland","url":"https:\/\/transportjournal.com\/pt-pt\/author\/jeremy\/"}]}},"_links":{"self":[{"href":"https:\/\/transportjournal.com\/pt-pt\/wp-json\/wp\/v2\/posts\/73595","targetHints":{"allow":["GET"]}}],"collection":[{"href":"https:\/\/transportjournal.com\/pt-pt\/wp-json\/wp\/v2\/posts"}],"about":[{"href":"https:\/\/transportjournal.com\/pt-pt\/wp-json\/wp\/v2\/types\/post"}],"author":[{"embeddable":true,"href":"https:\/\/transportjournal.com\/pt-pt\/wp-json\/wp\/v2\/users\/10"}],"replies":[{"embeddable":true,"href":"https:\/\/transportjournal.com\/pt-pt\/wp-json\/wp\/v2\/comments?post=73595"}],"version-history":[{"count":0,"href":"https:\/\/transportjournal.com\/pt-pt\/wp-json\/wp\/v2\/posts\/73595\/revisions"}],"wp:featuredmedia":[{"embeddable":true,"href":"https:\/\/transportjournal.com\/pt-pt\/wp-json\/wp\/v2\/media\/73590"}],"wp:attachment":[{"href":"https:\/\/transportjournal.com\/pt-pt\/wp-json\/wp\/v2\/media?parent=73595"}],"wp:term":[{"taxonomy":"category","embeddable":true,"href":"https:\/\/transportjournal.com\/pt-pt\/wp-json\/wp\/v2\/categories?post=73595"},{"taxonomy":"post_tag","embeddable":true,"href":"https:\/\/transportjournal.com\/pt-pt\/wp-json\/wp\/v2\/tags?post=73595"}],"curies":[{"name":"wp","href":"https:\/\/api.w.org\/{rel}","templated":true}]}}