{"id":73470,"date":"2026-01-19T12:01:15","date_gmt":"2026-01-19T12:01:15","guid":{"rendered":"https:\/\/transportjournal.com\/2026\/01\/19\/reestruturacao-da-regiao-de-vendas-da-central-europe\/"},"modified":"2026-01-20T11:19:13","modified_gmt":"2026-01-20T10:19:13","slug":"reestruturacao-da-regiao-de-vendas-da-central-europe","status":"publish","type":"post","link":"https:\/\/transportjournal.com\/pt-pt\/2026\/01\/19\/reestruturacao-da-regiao-de-vendas-da-central-europe\/","title":{"rendered":"Reestrutura\u00e7\u00e3o da regi\u00e3o de vendas Europa Central"},"content":{"rendered":"<p>Zum 1. Januar 2026, a regi\u00e3o de vendas da Central Europe na Schmitz Cargobull foi reestruturada. Vujo Crnomarkovic (foto) assume a posi\u00e7\u00e3o de Sales Director para esta regi\u00e3o. Al\u00e9m de seu novo papel, ele tamb\u00e9m permanece como Country Manager para a S\u00e9rvia e Montenegro e assumir\u00e1 a responsabilidade pela Gr\u00e9cia. Crnomarkovic traz mais de 20 anos de experi\u00eancia dentro da organiza\u00e7\u00e3o Schmitz Cargobull e possui amplo conhecimento de mercado, que \u00e9 fundamental para o desenvolvimento da regi\u00e3o de vendas da Central Europe.<\/p>\n<p>Roland W. Schacht, que at\u00e9 agora atuava como Sales Director para a Central Europe e como Country Manager para a Rom\u00eania e Gr\u00e9cia, deixou a empresa a seu pedido em 31 de dezembro de 2025.<\/p>\n<h3>Novas lideran\u00e7as na regi\u00e3o<\/h3>\n<p>Com a reestrutura\u00e7\u00e3o, Constantin Victor Burcioi ser\u00e1 o novo Country Manager para a Rom\u00eania. Burcioi est\u00e1 na empresa desde 2005 e, desde 2014, lidera as atividades de vendas de ve\u00edculos novos e usados na Rom\u00eania e Mold\u00e1via. Sua ampla expertise de mercado deve ajudar a fortalecer ainda mais a proximidade com os clientes e as atividades na Rom\u00eania.<\/p>\n<p>Kerem Tas, que j\u00e1 \u00e9 Country Manager da Schmitz Cargobull T\u00fcrkiye, tamb\u00e9m ser\u00e1 respons\u00e1vel pela f\u00e1brica em Adapazari dentro da rede internacional de produ\u00e7\u00e3o da Schmitz Cargobull. Desde janeiro, ele reporta diretamente ao conselho de vendas, Ralph Kleideiter. Tas traz mais de 30 anos de experi\u00eancia internacional no setor e desenvolveu o local de produ\u00e7\u00e3o e vendas na Turquia nos \u00faltimos seis anos.<\/p>\n<p>&nbsp;<\/p>\n<p><a href=\"https:\/\/www.cargobull.com\/\" target=\"_blank\" rel=\"noopener noreferrer\">www.cargobull.com<\/a><\/p>\n<p>&nbsp;<\/p>\n","protected":false},"excerpt":{"rendered":"<p>A partir de 1\u00ba de janeiro de 2026, Vujo Crnomarkovic ser\u00e1 o Diretor de Vendas para a Europa Central na Schmitz Cargobull e assumir\u00e1 tamb\u00e9m a responsabilidade pela Gr\u00e9cia.<\/p>\n","protected":false},"author":12,"featured_media":73465,"comment_status":"open","ping_status":"open","sticky":false,"template":"","format":"standard","meta":{"_acf_changed":false,"footnotes":""},"categories":[1623,1615,1621],"tags":[4193,4109,6711,6712,6713,6714,6715,4115,6716,1889,6717,6718,6719,2125,3682,6720,6721,6722,6723,6724,2133,1831,6725,6726,6727,6728,6729,6730,2232,2148,2775,2777,6731,6732,2782,6733,6734,6735,6736,6737,6738,4223,6739,6740,6741,6742,6743,4099,2155,1837,6744,4225,6745],"class_list":["post-73470","post","type-post","status-publish","format-standard","has-post-thumbnail","hentry","category-europa","category-pessoas-e-empresas","category-regioes","tag-activites-de-vente","tag-central-europe","tag-connaissances-du-marche","tag-country-manager","tag-customer-proximity","tag-deutsch-schmitz-cargobull","tag-directeur-des-ventes","tag-europe-centrale","tag-experience-internationale-dans-lindustrie","tag-fachkraeftemangel","tag-grece","tag-greece","tag-griechenland","tag-industrie-du-transport","tag-infrastructure","tag-infrastructure-francais-schmitz-cargobull","tag-infrastruktur-english-schmitz-cargobull","tag-international-industry-experience","tag-internationale-branchenerfahrung","tag-kundennaehe","tag-logistics-service-providers","tag-logistikdienstleister","tag-market-knowledge","tag-marktkenntnisse","tag-montenegro","tag-neu-und-gebrauchtfahrzeuge","tag-neustrukturierung","tag-new-and-used-vehicles","tag-penurie-de-main-doeuvre","tag-prestataires-de-services-logistiques","tag-production-network","tag-produktionsnetzwerk","tag-proximite-client","tag-region-de-vente","tag-reseau-de-production","tag-responsable-de-pays","tag-restructuration","tag-restructuring","tag-romania","tag-roumanie","tag-rumaenien","tag-sales-activities","tag-sales-director","tag-sales-region","tag-serbia","tag-serbie","tag-serbien","tag-skilled-labor-shortage","tag-transport-industry","tag-transportwirtschaft","tag-vehicules-neufs-et-doccasion","tag-vertriebsaktivitaeten","tag-vertriebsregion"],"acf":[],"yoast_head":"<!-- This site is optimized with the Yoast SEO plugin v27.3 - https:\/\/yoast.com\/product\/yoast-seo-wordpress\/ -->\n<title>Reestrutura\u00e7\u00e3o da regi\u00e3o de vendas Europa Central - ITJ | International Transport Journal<\/title>\n<meta name=\"robots\" content=\"index, follow, max-snippet:-1, max-image-preview:large, max-video-preview:-1\" \/>\n<link rel=\"canonical\" href=\"https:\/\/transportjournal.com\/pt-pt\/2026\/01\/19\/reestruturacao-da-regiao-de-vendas-da-central-europe\/\" \/>\n<meta property=\"og:locale\" content=\"pt_PT\" \/>\n<meta property=\"og:type\" content=\"article\" \/>\n<meta property=\"og:title\" content=\"Reestrutura\u00e7\u00e3o da regi\u00e3o de vendas Europa Central - ITJ | International Transport Journal\" \/>\n<meta property=\"og:description\" content=\"A partir de 1\u00ba de janeiro de 2026, Vujo Crnomarkovic ser\u00e1 o Diretor de Vendas para a Europa Central na Schmitz Cargobull e assumir\u00e1 tamb\u00e9m a responsabilidade pela Gr\u00e9cia.\" \/>\n<meta property=\"og:url\" content=\"https:\/\/transportjournal.com\/pt-pt\/2026\/01\/19\/reestruturacao-da-regiao-de-vendas-da-central-europe\/\" \/>\n<meta property=\"og:site_name\" content=\"ITJ | International Transport Journal\" \/>\n<meta property=\"article:published_time\" content=\"2026-01-19T12:01:15+00:00\" \/>\n<meta property=\"article:modified_time\" content=\"2026-01-20T10:19:13+00:00\" \/>\n<meta property=\"og:image\" content=\"https:\/\/transportjournal.com\/wp-content\/uploads\/sites\/2\/2026\/01\/Schmitz-Cargobull_Vujo-Crnomarkovic_Sales-Director-Central-Europe-aspect-ratio-1400-788.jpg\" \/>\n\t<meta property=\"og:image:width\" content=\"1302\" \/>\n\t<meta property=\"og:image:height\" content=\"732\" \/>\n\t<meta property=\"og:image:type\" content=\"image\/jpeg\" \/>\n<meta name=\"author\" content=\"Andreas Haug\" \/>\n<meta name=\"twitter:card\" content=\"summary_large_image\" \/>\n<meta name=\"twitter:label1\" content=\"Escrito por\" \/>\n\t<meta name=\"twitter:data1\" content=\"Andreas Haug\" \/>\n\t<meta name=\"twitter:label2\" content=\"Tempo estimado de leitura\" \/>\n\t<meta name=\"twitter:data2\" content=\"1 minuto\" \/>\n<script type=\"application\/ld+json\" class=\"yoast-schema-graph\">{\"@context\":\"https:\\\/\\\/schema.org\",\"@graph\":[{\"@type\":\"Article\",\"@id\":\"https:\\\/\\\/transportjournal.com\\\/pt-pt\\\/2026\\\/01\\\/19\\\/reestruturacao-da-regiao-de-vendas-da-central-europe\\\/#article\",\"isPartOf\":{\"@id\":\"https:\\\/\\\/transportjournal.com\\\/pt-pt\\\/2026\\\/01\\\/19\\\/reestruturacao-da-regiao-de-vendas-da-central-europe\\\/\"},\"author\":{\"name\":\"Andreas Haug\",\"@id\":\"https:\\\/\\\/transportjournal.com\\\/pt-pt\\\/#\\\/schema\\\/person\\\/cf538b3157f15afd7589245a4b3dbd25\"},\"headline\":\"Reestrutura\u00e7\u00e3o da regi\u00e3o de vendas Europa Central\",\"datePublished\":\"2026-01-19T12:01:15+00:00\",\"dateModified\":\"2026-01-20T10:19:13+00:00\",\"mainEntityOfPage\":{\"@id\":\"https:\\\/\\\/transportjournal.com\\\/pt-pt\\\/2026\\\/01\\\/19\\\/reestruturacao-da-regiao-de-vendas-da-central-europe\\\/\"},\"wordCount\":273,\"commentCount\":0,\"publisher\":{\"@id\":\"https:\\\/\\\/transportjournal.com\\\/pt-pt\\\/#organization\"},\"image\":{\"@id\":\"https:\\\/\\\/transportjournal.com\\\/pt-pt\\\/2026\\\/01\\\/19\\\/reestruturacao-da-regiao-de-vendas-da-central-europe\\\/#primaryimage\"},\"thumbnailUrl\":\"https:\\\/\\\/transportjournal.com\\\/wp-content\\\/uploads\\\/sites\\\/2\\\/2026\\\/01\\\/Schmitz-Cargobull_Vujo-Crnomarkovic_Sales-Director-Central-Europe-aspect-ratio-1400-788.jpg\",\"keywords\":[\"activit\u00e9s de vente\",\"Central Europe\",\"connaissances du march\u00e9\",\"Country Manager\",\"customer proximity\",\"Deutsch Schmitz Cargobull\",\"directeur des ventes\",\"Europe centrale\",\"exp\u00e9rience internationale dans l'industrie\",\"Fachkr\u00e4ftemangel\",\"Gr\u00e8ce\",\"Greece\",\"Griechenland\",\"industrie du transport\",\"infrastructure\",\"infrastructure Fran\u00e7ais Schmitz Cargobull\",\"Infrastruktur English Schmitz Cargobull\",\"international industry experience\",\"internationale Branchenerfahrung\",\"Kundenn\u00e4he\",\"logistics service providers\",\"Logistikdienstleister\",\"market knowledge\",\"Marktkenntnisse\",\"Montenegro\",\"Neu- und Gebrauchtfahrzeuge\",\"Neustrukturierung\",\"new and used vehicles\",\"p\u00e9nurie de main-d'\u0153uvre\",\"prestataires de services logistiques\",\"production network\",\"Produktionsnetzwerk\",\"proximit\u00e9 client\",\"r\u00e9gion de vente\",\"r\u00e9seau de production\",\"responsable de pays\",\"restructuration\",\"restructuring\",\"Romania\",\"Roumanie\",\"Rum\u00e4nien\",\"sales activities\",\"Sales Director\",\"sales region\",\"Serbia\",\"Serbie\",\"Serbien\",\"skilled labor shortage\",\"transport industry\",\"Transportwirtschaft\",\"v\u00e9hicules neufs et d'occasion\",\"Vertriebsaktivit\u00e4ten\",\"Vertriebsregion\"],\"articleSection\":[\"Europa\",\"Pessoas e empresas\",\"Regi\u00f5es\"],\"inLanguage\":\"pt-PT\",\"potentialAction\":[{\"@type\":\"CommentAction\",\"name\":\"Comment\",\"target\":[\"https:\\\/\\\/transportjournal.com\\\/pt-pt\\\/2026\\\/01\\\/19\\\/reestruturacao-da-regiao-de-vendas-da-central-europe\\\/#respond\"]}]},{\"@type\":\"WebPage\",\"@id\":\"https:\\\/\\\/transportjournal.com\\\/pt-pt\\\/2026\\\/01\\\/19\\\/reestruturacao-da-regiao-de-vendas-da-central-europe\\\/\",\"url\":\"https:\\\/\\\/transportjournal.com\\\/pt-pt\\\/2026\\\/01\\\/19\\\/reestruturacao-da-regiao-de-vendas-da-central-europe\\\/\",\"name\":\"Reestrutura\u00e7\u00e3o da regi\u00e3o de vendas Europa Central - ITJ | International Transport Journal\",\"isPartOf\":{\"@id\":\"https:\\\/\\\/transportjournal.com\\\/pt-pt\\\/#website\"},\"primaryImageOfPage\":{\"@id\":\"https:\\\/\\\/transportjournal.com\\\/pt-pt\\\/2026\\\/01\\\/19\\\/reestruturacao-da-regiao-de-vendas-da-central-europe\\\/#primaryimage\"},\"image\":{\"@id\":\"https:\\\/\\\/transportjournal.com\\\/pt-pt\\\/2026\\\/01\\\/19\\\/reestruturacao-da-regiao-de-vendas-da-central-europe\\\/#primaryimage\"},\"thumbnailUrl\":\"https:\\\/\\\/transportjournal.com\\\/wp-content\\\/uploads\\\/sites\\\/2\\\/2026\\\/01\\\/Schmitz-Cargobull_Vujo-Crnomarkovic_Sales-Director-Central-Europe-aspect-ratio-1400-788.jpg\",\"datePublished\":\"2026-01-19T12:01:15+00:00\",\"dateModified\":\"2026-01-20T10:19:13+00:00\",\"breadcrumb\":{\"@id\":\"https:\\\/\\\/transportjournal.com\\\/pt-pt\\\/2026\\\/01\\\/19\\\/reestruturacao-da-regiao-de-vendas-da-central-europe\\\/#breadcrumb\"},\"inLanguage\":\"pt-PT\",\"potentialAction\":[{\"@type\":\"ReadAction\",\"target\":[\"https:\\\/\\\/transportjournal.com\\\/pt-pt\\\/2026\\\/01\\\/19\\\/reestruturacao-da-regiao-de-vendas-da-central-europe\\\/\"]}]},{\"@type\":\"ImageObject\",\"inLanguage\":\"pt-PT\",\"@id\":\"https:\\\/\\\/transportjournal.com\\\/pt-pt\\\/2026\\\/01\\\/19\\\/reestruturacao-da-regiao-de-vendas-da-central-europe\\\/#primaryimage\",\"url\":\"https:\\\/\\\/transportjournal.com\\\/wp-content\\\/uploads\\\/sites\\\/2\\\/2026\\\/01\\\/Schmitz-Cargobull_Vujo-Crnomarkovic_Sales-Director-Central-Europe-aspect-ratio-1400-788.jpg\",\"contentUrl\":\"https:\\\/\\\/transportjournal.com\\\/wp-content\\\/uploads\\\/sites\\\/2\\\/2026\\\/01\\\/Schmitz-Cargobull_Vujo-Crnomarkovic_Sales-Director-Central-Europe-aspect-ratio-1400-788.jpg\",\"width\":1302,\"height\":732},{\"@type\":\"BreadcrumbList\",\"@id\":\"https:\\\/\\\/transportjournal.com\\\/pt-pt\\\/2026\\\/01\\\/19\\\/reestruturacao-da-regiao-de-vendas-da-central-europe\\\/#breadcrumb\",\"itemListElement\":[{\"@type\":\"ListItem\",\"position\":1,\"name\":\"Startseite\",\"item\":\"https:\\\/\\\/transportjournal.com\\\/pt-pt\\\/\"},{\"@type\":\"ListItem\",\"position\":2,\"name\":\"Reestrutura\u00e7\u00e3o da regi\u00e3o de vendas da Central Europe\"}]},{\"@type\":\"WebSite\",\"@id\":\"https:\\\/\\\/transportjournal.com\\\/pt-pt\\\/#website\",\"url\":\"https:\\\/\\\/transportjournal.com\\\/pt-pt\\\/\",\"name\":\"ITJ | International Transport Journal\",\"description\":\"Stay informed with the latest global news from the transport, logistics, and supply chain industries. Transport Journal delivers expert insights, analysis, and updates across shipping, aviation, intermodal, and forwarding.\",\"publisher\":{\"@id\":\"https:\\\/\\\/transportjournal.com\\\/pt-pt\\\/#organization\"},\"potentialAction\":[{\"@type\":\"SearchAction\",\"target\":{\"@type\":\"EntryPoint\",\"urlTemplate\":\"https:\\\/\\\/transportjournal.com\\\/pt-pt\\\/?s={search_term_string}\"},\"query-input\":{\"@type\":\"PropertyValueSpecification\",\"valueRequired\":true,\"valueName\":\"search_term_string\"}}],\"inLanguage\":\"pt-PT\"},{\"@type\":\"Organization\",\"@id\":\"https:\\\/\\\/transportjournal.com\\\/pt-pt\\\/#organization\",\"name\":\"Logismedia Group AG\",\"alternateName\":\"Logismedia Group AG\",\"url\":\"https:\\\/\\\/transportjournal.com\\\/pt-pt\\\/\",\"logo\":{\"@type\":\"ImageObject\",\"inLanguage\":\"pt-PT\",\"@id\":\"https:\\\/\\\/transportjournal.com\\\/pt-pt\\\/#\\\/schema\\\/logo\\\/image\\\/\",\"url\":\"https:\\\/\\\/transportjournal.com\\\/wp-content\\\/uploads\\\/sites\\\/2\\\/2025\\\/09\\\/Logo_ITJ.png\",\"contentUrl\":\"https:\\\/\\\/transportjournal.com\\\/wp-content\\\/uploads\\\/sites\\\/2\\\/2025\\\/09\\\/Logo_ITJ.png\",\"width\":799,\"height\":326,\"caption\":\"Logismedia Group AG\"},\"image\":{\"@id\":\"https:\\\/\\\/transportjournal.com\\\/pt-pt\\\/#\\\/schema\\\/logo\\\/image\\\/\"},\"sameAs\":[\"https:\\\/\\\/www.linkedin.com\\\/company\\\/56456496\\\/admin\\\/dashboard\\\/\",\"https:\\\/\\\/www.instagram.com\\\/logismediagroup\\\/\",\"https:\\\/\\\/www.youtube.com\\\/@LogiamediaGroupAG\"]},{\"@type\":\"Person\",\"@id\":\"https:\\\/\\\/transportjournal.com\\\/pt-pt\\\/#\\\/schema\\\/person\\\/cf538b3157f15afd7589245a4b3dbd25\",\"name\":\"Andreas Haug\",\"url\":\"https:\\\/\\\/transportjournal.com\\\/pt-pt\\\/author\\\/andreas\\\/\"}]}<\/script>\n<!-- \/ Yoast SEO plugin. -->","yoast_head_json":{"title":"Reestrutura\u00e7\u00e3o da regi\u00e3o de vendas Europa Central - ITJ | International Transport Journal","robots":{"index":"index","follow":"follow","max-snippet":"max-snippet:-1","max-image-preview":"max-image-preview:large","max-video-preview":"max-video-preview:-1"},"canonical":"https:\/\/transportjournal.com\/pt-pt\/2026\/01\/19\/reestruturacao-da-regiao-de-vendas-da-central-europe\/","og_locale":"pt_PT","og_type":"article","og_title":"Reestrutura\u00e7\u00e3o da regi\u00e3o de vendas Europa Central - ITJ | International Transport Journal","og_description":"A partir de 1\u00ba de janeiro de 2026, Vujo Crnomarkovic ser\u00e1 o Diretor de Vendas para a Europa Central na Schmitz Cargobull e assumir\u00e1 tamb\u00e9m a responsabilidade pela Gr\u00e9cia.","og_url":"https:\/\/transportjournal.com\/pt-pt\/2026\/01\/19\/reestruturacao-da-regiao-de-vendas-da-central-europe\/","og_site_name":"ITJ | International Transport Journal","article_published_time":"2026-01-19T12:01:15+00:00","article_modified_time":"2026-01-20T10:19:13+00:00","og_image":[{"width":1302,"height":732,"url":"https:\/\/transportjournal.com\/wp-content\/uploads\/sites\/2\/2026\/01\/Schmitz-Cargobull_Vujo-Crnomarkovic_Sales-Director-Central-Europe-aspect-ratio-1400-788.jpg","type":"image\/jpeg"}],"author":"Andreas Haug","twitter_card":"summary_large_image","twitter_misc":{"Escrito por":"Andreas Haug","Tempo estimado de leitura":"1 minuto"},"schema":{"@context":"https:\/\/schema.org","@graph":[{"@type":"Article","@id":"https:\/\/transportjournal.com\/pt-pt\/2026\/01\/19\/reestruturacao-da-regiao-de-vendas-da-central-europe\/#article","isPartOf":{"@id":"https:\/\/transportjournal.com\/pt-pt\/2026\/01\/19\/reestruturacao-da-regiao-de-vendas-da-central-europe\/"},"author":{"name":"Andreas Haug","@id":"https:\/\/transportjournal.com\/pt-pt\/#\/schema\/person\/cf538b3157f15afd7589245a4b3dbd25"},"headline":"Reestrutura\u00e7\u00e3o da regi\u00e3o de vendas Europa Central","datePublished":"2026-01-19T12:01:15+00:00","dateModified":"2026-01-20T10:19:13+00:00","mainEntityOfPage":{"@id":"https:\/\/transportjournal.com\/pt-pt\/2026\/01\/19\/reestruturacao-da-regiao-de-vendas-da-central-europe\/"},"wordCount":273,"commentCount":0,"publisher":{"@id":"https:\/\/transportjournal.com\/pt-pt\/#organization"},"image":{"@id":"https:\/\/transportjournal.com\/pt-pt\/2026\/01\/19\/reestruturacao-da-regiao-de-vendas-da-central-europe\/#primaryimage"},"thumbnailUrl":"https:\/\/transportjournal.com\/wp-content\/uploads\/sites\/2\/2026\/01\/Schmitz-Cargobull_Vujo-Crnomarkovic_Sales-Director-Central-Europe-aspect-ratio-1400-788.jpg","keywords":["activit\u00e9s de vente","Central Europe","connaissances du march\u00e9","Country Manager","customer proximity","Deutsch Schmitz Cargobull","directeur des ventes","Europe centrale","exp\u00e9rience internationale dans l'industrie","Fachkr\u00e4ftemangel","Gr\u00e8ce","Greece","Griechenland","industrie du transport","infrastructure","infrastructure Fran\u00e7ais Schmitz Cargobull","Infrastruktur English Schmitz Cargobull","international industry experience","internationale Branchenerfahrung","Kundenn\u00e4he","logistics service providers","Logistikdienstleister","market knowledge","Marktkenntnisse","Montenegro","Neu- und Gebrauchtfahrzeuge","Neustrukturierung","new and used vehicles","p\u00e9nurie de main-d'\u0153uvre","prestataires de services logistiques","production network","Produktionsnetzwerk","proximit\u00e9 client","r\u00e9gion de vente","r\u00e9seau de production","responsable de pays","restructuration","restructuring","Romania","Roumanie","Rum\u00e4nien","sales activities","Sales Director","sales region","Serbia","Serbie","Serbien","skilled labor shortage","transport industry","Transportwirtschaft","v\u00e9hicules neufs et d'occasion","Vertriebsaktivit\u00e4ten","Vertriebsregion"],"articleSection":["Europa","Pessoas e empresas","Regi\u00f5es"],"inLanguage":"pt-PT","potentialAction":[{"@type":"CommentAction","name":"Comment","target":["https:\/\/transportjournal.com\/pt-pt\/2026\/01\/19\/reestruturacao-da-regiao-de-vendas-da-central-europe\/#respond"]}]},{"@type":"WebPage","@id":"https:\/\/transportjournal.com\/pt-pt\/2026\/01\/19\/reestruturacao-da-regiao-de-vendas-da-central-europe\/","url":"https:\/\/transportjournal.com\/pt-pt\/2026\/01\/19\/reestruturacao-da-regiao-de-vendas-da-central-europe\/","name":"Reestrutura\u00e7\u00e3o da regi\u00e3o de vendas Europa Central - ITJ | International Transport Journal","isPartOf":{"@id":"https:\/\/transportjournal.com\/pt-pt\/#website"},"primaryImageOfPage":{"@id":"https:\/\/transportjournal.com\/pt-pt\/2026\/01\/19\/reestruturacao-da-regiao-de-vendas-da-central-europe\/#primaryimage"},"image":{"@id":"https:\/\/transportjournal.com\/pt-pt\/2026\/01\/19\/reestruturacao-da-regiao-de-vendas-da-central-europe\/#primaryimage"},"thumbnailUrl":"https:\/\/transportjournal.com\/wp-content\/uploads\/sites\/2\/2026\/01\/Schmitz-Cargobull_Vujo-Crnomarkovic_Sales-Director-Central-Europe-aspect-ratio-1400-788.jpg","datePublished":"2026-01-19T12:01:15+00:00","dateModified":"2026-01-20T10:19:13+00:00","breadcrumb":{"@id":"https:\/\/transportjournal.com\/pt-pt\/2026\/01\/19\/reestruturacao-da-regiao-de-vendas-da-central-europe\/#breadcrumb"},"inLanguage":"pt-PT","potentialAction":[{"@type":"ReadAction","target":["https:\/\/transportjournal.com\/pt-pt\/2026\/01\/19\/reestruturacao-da-regiao-de-vendas-da-central-europe\/"]}]},{"@type":"ImageObject","inLanguage":"pt-PT","@id":"https:\/\/transportjournal.com\/pt-pt\/2026\/01\/19\/reestruturacao-da-regiao-de-vendas-da-central-europe\/#primaryimage","url":"https:\/\/transportjournal.com\/wp-content\/uploads\/sites\/2\/2026\/01\/Schmitz-Cargobull_Vujo-Crnomarkovic_Sales-Director-Central-Europe-aspect-ratio-1400-788.jpg","contentUrl":"https:\/\/transportjournal.com\/wp-content\/uploads\/sites\/2\/2026\/01\/Schmitz-Cargobull_Vujo-Crnomarkovic_Sales-Director-Central-Europe-aspect-ratio-1400-788.jpg","width":1302,"height":732},{"@type":"BreadcrumbList","@id":"https:\/\/transportjournal.com\/pt-pt\/2026\/01\/19\/reestruturacao-da-regiao-de-vendas-da-central-europe\/#breadcrumb","itemListElement":[{"@type":"ListItem","position":1,"name":"Startseite","item":"https:\/\/transportjournal.com\/pt-pt\/"},{"@type":"ListItem","position":2,"name":"Reestrutura\u00e7\u00e3o da regi\u00e3o de vendas da Central Europe"}]},{"@type":"WebSite","@id":"https:\/\/transportjournal.com\/pt-pt\/#website","url":"https:\/\/transportjournal.com\/pt-pt\/","name":"ITJ | International Transport Journal","description":"Stay informed with the latest global news from the transport, logistics, and supply chain industries. Transport Journal delivers expert insights, analysis, and updates across shipping, aviation, intermodal, and forwarding.","publisher":{"@id":"https:\/\/transportjournal.com\/pt-pt\/#organization"},"potentialAction":[{"@type":"SearchAction","target":{"@type":"EntryPoint","urlTemplate":"https:\/\/transportjournal.com\/pt-pt\/?s={search_term_string}"},"query-input":{"@type":"PropertyValueSpecification","valueRequired":true,"valueName":"search_term_string"}}],"inLanguage":"pt-PT"},{"@type":"Organization","@id":"https:\/\/transportjournal.com\/pt-pt\/#organization","name":"Logismedia Group AG","alternateName":"Logismedia Group AG","url":"https:\/\/transportjournal.com\/pt-pt\/","logo":{"@type":"ImageObject","inLanguage":"pt-PT","@id":"https:\/\/transportjournal.com\/pt-pt\/#\/schema\/logo\/image\/","url":"https:\/\/transportjournal.com\/wp-content\/uploads\/sites\/2\/2025\/09\/Logo_ITJ.png","contentUrl":"https:\/\/transportjournal.com\/wp-content\/uploads\/sites\/2\/2025\/09\/Logo_ITJ.png","width":799,"height":326,"caption":"Logismedia Group AG"},"image":{"@id":"https:\/\/transportjournal.com\/pt-pt\/#\/schema\/logo\/image\/"},"sameAs":["https:\/\/www.linkedin.com\/company\/56456496\/admin\/dashboard\/","https:\/\/www.instagram.com\/logismediagroup\/","https:\/\/www.youtube.com\/@LogiamediaGroupAG"]},{"@type":"Person","@id":"https:\/\/transportjournal.com\/pt-pt\/#\/schema\/person\/cf538b3157f15afd7589245a4b3dbd25","name":"Andreas Haug","url":"https:\/\/transportjournal.com\/pt-pt\/author\/andreas\/"}]}},"_links":{"self":[{"href":"https:\/\/transportjournal.com\/pt-pt\/wp-json\/wp\/v2\/posts\/73470","targetHints":{"allow":["GET"]}}],"collection":[{"href":"https:\/\/transportjournal.com\/pt-pt\/wp-json\/wp\/v2\/posts"}],"about":[{"href":"https:\/\/transportjournal.com\/pt-pt\/wp-json\/wp\/v2\/types\/post"}],"author":[{"embeddable":true,"href":"https:\/\/transportjournal.com\/pt-pt\/wp-json\/wp\/v2\/users\/12"}],"replies":[{"embeddable":true,"href":"https:\/\/transportjournal.com\/pt-pt\/wp-json\/wp\/v2\/comments?post=73470"}],"version-history":[{"count":2,"href":"https:\/\/transportjournal.com\/pt-pt\/wp-json\/wp\/v2\/posts\/73470\/revisions"}],"predecessor-version":[{"id":73507,"href":"https:\/\/transportjournal.com\/pt-pt\/wp-json\/wp\/v2\/posts\/73470\/revisions\/73507"}],"wp:featuredmedia":[{"embeddable":true,"href":"https:\/\/transportjournal.com\/pt-pt\/wp-json\/wp\/v2\/media\/73465"}],"wp:attachment":[{"href":"https:\/\/transportjournal.com\/pt-pt\/wp-json\/wp\/v2\/media?parent=73470"}],"wp:term":[{"taxonomy":"category","embeddable":true,"href":"https:\/\/transportjournal.com\/pt-pt\/wp-json\/wp\/v2\/categories?post=73470"},{"taxonomy":"post_tag","embeddable":true,"href":"https:\/\/transportjournal.com\/pt-pt\/wp-json\/wp\/v2\/tags?post=73470"}],"curies":[{"name":"wp","href":"https:\/\/api.w.org\/{rel}","templated":true}]}}