{"id":73435,"date":"2026-01-19T11:40:46","date_gmt":"2026-01-19T11:40:46","guid":{"rendered":"https:\/\/transportjournal.com\/2026\/01\/19\/johann-ubben-novo-diretor-geral-da-ehb\/"},"modified":"2026-01-19T12:52:12","modified_gmt":"2026-01-19T11:52:12","slug":"johann-ubben-novo-diretor-geral-da-ehb","status":"publish","type":"post","link":"https:\/\/transportjournal.com\/pt-pt\/2026\/01\/19\/johann-ubben-novo-diretor-geral-da-ehb\/","title":{"rendered":"Johann Ubben novo diretor-geral da EHB"},"content":{"rendered":"<p>Johann Ubben assumiu a gest\u00e3o da Eisenbahn- und Hafenbetriebsgesellschaft Region Osnabr\u00fcck (EHB) em 1\u00ba de janeiro de 2026. Ele sucede Guido Giesen, que deixou a empresa por vontade pr\u00f3pria. Ubben traz uma ampla experi\u00eancia do setor ferrovi\u00e1rio, adquirida em v\u00e1rias posi\u00e7\u00f5es.<\/p>\n<p>Ubben trabalhou anteriormente em fun\u00e7\u00f5es de lideran\u00e7a na ENERCON, NETINERA e na Westf\u00e4lischen Landes-Eisenbahn. Recentemente, foi diretor executivo de v\u00e1rias empresas do grupo Captrain e atuou como gerente interino. Suas compet\u00eancias incluem, entre outras, a moderniza\u00e7\u00e3o de frotas de locomotivas, a reativa\u00e7\u00e3o de linhas ferrovi\u00e1rias e a reestrutura\u00e7\u00e3o de conex\u00f5es de transporte internacionais.<\/p>\n<h3>Desenvolvimento estrat\u00e9gico do porto<\/h3>\n<p>Ubben comentou sobre seu novo papel e enfatizou a import\u00e2ncia do porto de Osnabr\u00fcck, que possui uma oficina pr\u00f3pria, infraestrutura e opera\u00e7\u00e3o ferrovi\u00e1ria. \u201cA tarefa de desenvolver o porto de forma orientada para o futuro e garantir sua seguran\u00e7a me atrai especialmente\u201d, declarou. Com sua longa experi\u00eancia e vis\u00e3o estrat\u00e9gica, ele impulsionar\u00e1 significativamente o desenvolvimento das opera\u00e7\u00f5es ferrovi\u00e1rias e portu\u00e1rias na regi\u00e3o.<\/p>\n<p>A Eisenbahn- und Hafenbetriebsgesellschaft (EHB) \u00e9 uma subsidi\u00e1ria 100% da Stadtwerke Osnabr\u00fcck. Ela \u00e9 respons\u00e1vel pela opera\u00e7\u00e3o, infraestrutura e desenvolvimento do porto de Osnabr\u00fcck. As tarefas da EHB incluem, em particular, a transbordo de mercadorias entre ferrovia e via naveg\u00e1vel.<\/p>\n<p>&nbsp;<\/p>\n<p><a href=\"https:\/\/www.stadtwerke-osnabrueck.de\/\" target=\"_blank\" rel=\"noopener noreferrer\">www.stadtwerke-osnabrueck.de<\/a><\/p>\n<p>&nbsp;<\/p>\n","protected":false},"excerpt":{"rendered":"<p>Johann Ubben assumiu a gest\u00e3o da Eisenbahn- und Hafenbetriebsgesellschaft Region Osnabr\u00fcck e ir\u00e1 desenvolver o porto de forma orientada para o futuro.<\/p>\n","protected":false},"author":12,"featured_media":73430,"comment_status":"open","ping_status":"open","sticky":false,"template":"","format":"standard","meta":{"_acf_changed":false,"footnotes":""},"categories":[1623,1615,1621],"tags":[6683,6684,6685,6686,6687,3739,6688,3710,3711,6689,6690,2122,6691,6692,2909,6693,3745,2075,6694,6695,6696,2133,1831,6697,6698,6699,6700,6701,3726,2925,6702,6703,2145,6704,2929,2148,6705,6706,6707,6708,2339,6709,6710],"class_list":["post-73435","post","type-post","status-publish","format-standard","has-post-thumbnail","hentry","category-europa","category-pessoas-e-empresas","category-regioes","tag-captrain-group","tag-captrain-gruppe","tag-cargo-handling-rail-waterway","tag-connexions-de-transport-internationales","tag-deutsch-eisenbahn-und-hafenbetriebsgesellschaft","tag-developpement-des-infrastructures","tag-developpement-strategique-du-port","tag-digitalisierung-im-hafen","tag-digitalization-in-ports","tag-eisenbahnbranche","tag-enercon","tag-fachkraeftemangel-logistik","tag-groupe-captrain","tag-gueterumschlag-schiene-wasserstrasse","tag-hafenbetrieb","tag-industrie-ferroviaire","tag-infrastructure-development","tag-infrastrukturentwicklung","tag-international-transport-connections","tag-internationale-verkehrsverbindungen","tag-johann-ubben","tag-logistics-service-providers","tag-logistikdienstleister","tag-manutention-de-marchandises-rail-voie-navigable","tag-modernisation-des-parcs-de-locomotives","tag-modernisierung-lokparks","tag-modernization-of-locomotive-fleets","tag-netinera","tag-numerisation-dans-les-ports","tag-operations-portuaires","tag-osnabrueck-port","tag-osnabruecker-hafen","tag-penurie-de-main-doeuvre-logistique","tag-port-dosnabrueck","tag-port-operations","tag-prestataires-de-services-logistiques","tag-railway-industry","tag-reactivation-des-lignes-ferroviaires","tag-reactivation-of-railway-lines-francais-societe-dexploitation-ferroviaire-et-portuaire","tag-reaktivierung-eisenbahnstrecken-english-rail-and-port-operating-company","tag-skills-shortage-logistics","tag-strategic-port-development","tag-strategische-weiterentwicklung-hafen"],"acf":[],"yoast_head":"<!-- This site is optimized with the Yoast SEO plugin v27.3 - https:\/\/yoast.com\/product\/yoast-seo-wordpress\/ -->\n<title>Johann Ubben novo diretor-geral da EHB - ITJ | International Transport Journal<\/title>\n<meta name=\"robots\" content=\"index, follow, max-snippet:-1, max-image-preview:large, max-video-preview:-1\" \/>\n<link rel=\"canonical\" href=\"https:\/\/transportjournal.com\/pt-pt\/2026\/01\/19\/johann-ubben-novo-diretor-geral-da-ehb\/\" \/>\n<meta property=\"og:locale\" content=\"pt_PT\" \/>\n<meta property=\"og:type\" content=\"article\" \/>\n<meta property=\"og:title\" content=\"Johann Ubben novo diretor-geral da EHB - ITJ | International Transport Journal\" \/>\n<meta property=\"og:description\" content=\"Johann Ubben assumiu a gest\u00e3o da Eisenbahn- und Hafenbetriebsgesellschaft Region Osnabr\u00fcck e ir\u00e1 desenvolver o porto de forma orientada para o futuro.\" \/>\n<meta property=\"og:url\" content=\"https:\/\/transportjournal.com\/pt-pt\/2026\/01\/19\/johann-ubben-novo-diretor-geral-da-ehb\/\" \/>\n<meta property=\"og:site_name\" content=\"ITJ | International Transport Journal\" \/>\n<meta property=\"article:published_time\" content=\"2026-01-19T11:40:46+00:00\" \/>\n<meta property=\"article:modified_time\" content=\"2026-01-19T11:52:12+00:00\" \/>\n<meta property=\"og:image\" content=\"https:\/\/transportjournal.com\/wp-content\/uploads\/sites\/2\/2026\/01\/EHB-johann.ubben_-aspect-ratio-1400-788.webp\" \/>\n\t<meta property=\"og:image:width\" content=\"560\" \/>\n\t<meta property=\"og:image:height\" content=\"315\" \/>\n\t<meta property=\"og:image:type\" content=\"image\/webp\" \/>\n<meta name=\"author\" content=\"Andreas Haug\" \/>\n<meta name=\"twitter:card\" content=\"summary_large_image\" \/>\n<meta name=\"twitter:label1\" content=\"Escrito por\" \/>\n\t<meta name=\"twitter:data1\" content=\"Andreas Haug\" \/>\n\t<meta name=\"twitter:label2\" content=\"Tempo estimado de leitura\" \/>\n\t<meta name=\"twitter:data2\" content=\"1 minuto\" \/>\n<script type=\"application\/ld+json\" class=\"yoast-schema-graph\">{\"@context\":\"https:\\\/\\\/schema.org\",\"@graph\":[{\"@type\":\"Article\",\"@id\":\"https:\\\/\\\/transportjournal.com\\\/pt-pt\\\/2026\\\/01\\\/19\\\/johann-ubben-novo-diretor-geral-da-ehb\\\/#article\",\"isPartOf\":{\"@id\":\"https:\\\/\\\/transportjournal.com\\\/pt-pt\\\/2026\\\/01\\\/19\\\/johann-ubben-novo-diretor-geral-da-ehb\\\/\"},\"author\":{\"name\":\"Andreas Haug\",\"@id\":\"https:\\\/\\\/transportjournal.com\\\/pt-pt\\\/#\\\/schema\\\/person\\\/cf538b3157f15afd7589245a4b3dbd25\"},\"headline\":\"Johann Ubben novo diretor-geral da EHB\",\"datePublished\":\"2026-01-19T11:40:46+00:00\",\"dateModified\":\"2026-01-19T11:52:12+00:00\",\"mainEntityOfPage\":{\"@id\":\"https:\\\/\\\/transportjournal.com\\\/pt-pt\\\/2026\\\/01\\\/19\\\/johann-ubben-novo-diretor-geral-da-ehb\\\/\"},\"wordCount\":243,\"commentCount\":0,\"publisher\":{\"@id\":\"https:\\\/\\\/transportjournal.com\\\/pt-pt\\\/#organization\"},\"image\":{\"@id\":\"https:\\\/\\\/transportjournal.com\\\/pt-pt\\\/2026\\\/01\\\/19\\\/johann-ubben-novo-diretor-geral-da-ehb\\\/#primaryimage\"},\"thumbnailUrl\":\"https:\\\/\\\/transportjournal.com\\\/wp-content\\\/uploads\\\/sites\\\/2\\\/2026\\\/01\\\/EHB-johann.ubben_-aspect-ratio-1400-788.webp\",\"keywords\":[\"Captrain Group\",\"Captrain-Gruppe\",\"cargo handling rail waterway\",\"connexions de transport internationales\",\"Deutsch Eisenbahn- und Hafenbetriebsgesellschaft\",\"d\u00e9veloppement des infrastructures\",\"d\u00e9veloppement strat\u00e9gique du port\",\"Digitalisierung im Hafen\",\"digitalization in ports\",\"Eisenbahnbranche\",\"ENERCON\",\"Fachkr\u00e4ftemangel Logistik\",\"groupe Captrain\",\"G\u00fcterumschlag Schiene Wasserstra\u00dfe\",\"Hafenbetrieb\",\"industrie ferroviaire\",\"infrastructure development\",\"Infrastrukturentwicklung\",\"international transport connections\",\"internationale Verkehrsverbindungen\",\"Johann Ubben\",\"logistics service providers\",\"Logistikdienstleister\",\"manutention de marchandises rail voie navigable\",\"modernisation des parcs de locomotives\",\"Modernisierung Lokparks\",\"modernization of locomotive fleets\",\"NETINERA\",\"num\u00e9risation dans les ports\",\"op\u00e9rations portuaires\",\"Osnabr\u00fcck Port\",\"Osnabr\u00fccker Hafen\",\"p\u00e9nurie de main-d'\u0153uvre logistique\",\"port d'Osnabr\u00fcck\",\"port operations\",\"prestataires de services logistiques\",\"railway industry\",\"r\u00e9activation des lignes ferroviaires\",\"reactivation of railway lines Fran\u00e7ais Soci\u00e9t\u00e9 d'exploitation ferroviaire et portuaire\",\"Reaktivierung Eisenbahnstrecken English Rail and Port Operating Company\",\"skills shortage logistics\",\"strategic port development\",\"strategische Weiterentwicklung Hafen\"],\"articleSection\":[\"Europa\",\"Pessoas e empresas\",\"Regi\u00f5es\"],\"inLanguage\":\"pt-PT\",\"potentialAction\":[{\"@type\":\"CommentAction\",\"name\":\"Comment\",\"target\":[\"https:\\\/\\\/transportjournal.com\\\/pt-pt\\\/2026\\\/01\\\/19\\\/johann-ubben-novo-diretor-geral-da-ehb\\\/#respond\"]}]},{\"@type\":\"WebPage\",\"@id\":\"https:\\\/\\\/transportjournal.com\\\/pt-pt\\\/2026\\\/01\\\/19\\\/johann-ubben-novo-diretor-geral-da-ehb\\\/\",\"url\":\"https:\\\/\\\/transportjournal.com\\\/pt-pt\\\/2026\\\/01\\\/19\\\/johann-ubben-novo-diretor-geral-da-ehb\\\/\",\"name\":\"Johann Ubben novo diretor-geral da EHB - ITJ | International Transport Journal\",\"isPartOf\":{\"@id\":\"https:\\\/\\\/transportjournal.com\\\/pt-pt\\\/#website\"},\"primaryImageOfPage\":{\"@id\":\"https:\\\/\\\/transportjournal.com\\\/pt-pt\\\/2026\\\/01\\\/19\\\/johann-ubben-novo-diretor-geral-da-ehb\\\/#primaryimage\"},\"image\":{\"@id\":\"https:\\\/\\\/transportjournal.com\\\/pt-pt\\\/2026\\\/01\\\/19\\\/johann-ubben-novo-diretor-geral-da-ehb\\\/#primaryimage\"},\"thumbnailUrl\":\"https:\\\/\\\/transportjournal.com\\\/wp-content\\\/uploads\\\/sites\\\/2\\\/2026\\\/01\\\/EHB-johann.ubben_-aspect-ratio-1400-788.webp\",\"datePublished\":\"2026-01-19T11:40:46+00:00\",\"dateModified\":\"2026-01-19T11:52:12+00:00\",\"breadcrumb\":{\"@id\":\"https:\\\/\\\/transportjournal.com\\\/pt-pt\\\/2026\\\/01\\\/19\\\/johann-ubben-novo-diretor-geral-da-ehb\\\/#breadcrumb\"},\"inLanguage\":\"pt-PT\",\"potentialAction\":[{\"@type\":\"ReadAction\",\"target\":[\"https:\\\/\\\/transportjournal.com\\\/pt-pt\\\/2026\\\/01\\\/19\\\/johann-ubben-novo-diretor-geral-da-ehb\\\/\"]}]},{\"@type\":\"ImageObject\",\"inLanguage\":\"pt-PT\",\"@id\":\"https:\\\/\\\/transportjournal.com\\\/pt-pt\\\/2026\\\/01\\\/19\\\/johann-ubben-novo-diretor-geral-da-ehb\\\/#primaryimage\",\"url\":\"https:\\\/\\\/transportjournal.com\\\/wp-content\\\/uploads\\\/sites\\\/2\\\/2026\\\/01\\\/EHB-johann.ubben_-aspect-ratio-1400-788.webp\",\"contentUrl\":\"https:\\\/\\\/transportjournal.com\\\/wp-content\\\/uploads\\\/sites\\\/2\\\/2026\\\/01\\\/EHB-johann.ubben_-aspect-ratio-1400-788.webp\",\"width\":560,\"height\":315},{\"@type\":\"BreadcrumbList\",\"@id\":\"https:\\\/\\\/transportjournal.com\\\/pt-pt\\\/2026\\\/01\\\/19\\\/johann-ubben-novo-diretor-geral-da-ehb\\\/#breadcrumb\",\"itemListElement\":[{\"@type\":\"ListItem\",\"position\":1,\"name\":\"Startseite\",\"item\":\"https:\\\/\\\/transportjournal.com\\\/pt-pt\\\/\"},{\"@type\":\"ListItem\",\"position\":2,\"name\":\"Johann Ubben novo diretor-geral da EHB\"}]},{\"@type\":\"WebSite\",\"@id\":\"https:\\\/\\\/transportjournal.com\\\/pt-pt\\\/#website\",\"url\":\"https:\\\/\\\/transportjournal.com\\\/pt-pt\\\/\",\"name\":\"ITJ | International Transport Journal\",\"description\":\"Stay informed with the latest global news from the transport, logistics, and supply chain industries. Transport Journal delivers expert insights, analysis, and updates across shipping, aviation, intermodal, and forwarding.\",\"publisher\":{\"@id\":\"https:\\\/\\\/transportjournal.com\\\/pt-pt\\\/#organization\"},\"potentialAction\":[{\"@type\":\"SearchAction\",\"target\":{\"@type\":\"EntryPoint\",\"urlTemplate\":\"https:\\\/\\\/transportjournal.com\\\/pt-pt\\\/?s={search_term_string}\"},\"query-input\":{\"@type\":\"PropertyValueSpecification\",\"valueRequired\":true,\"valueName\":\"search_term_string\"}}],\"inLanguage\":\"pt-PT\"},{\"@type\":\"Organization\",\"@id\":\"https:\\\/\\\/transportjournal.com\\\/pt-pt\\\/#organization\",\"name\":\"Logismedia Group AG\",\"alternateName\":\"Logismedia Group AG\",\"url\":\"https:\\\/\\\/transportjournal.com\\\/pt-pt\\\/\",\"logo\":{\"@type\":\"ImageObject\",\"inLanguage\":\"pt-PT\",\"@id\":\"https:\\\/\\\/transportjournal.com\\\/pt-pt\\\/#\\\/schema\\\/logo\\\/image\\\/\",\"url\":\"https:\\\/\\\/transportjournal.com\\\/wp-content\\\/uploads\\\/sites\\\/2\\\/2025\\\/09\\\/Logo_ITJ.png\",\"contentUrl\":\"https:\\\/\\\/transportjournal.com\\\/wp-content\\\/uploads\\\/sites\\\/2\\\/2025\\\/09\\\/Logo_ITJ.png\",\"width\":799,\"height\":326,\"caption\":\"Logismedia Group AG\"},\"image\":{\"@id\":\"https:\\\/\\\/transportjournal.com\\\/pt-pt\\\/#\\\/schema\\\/logo\\\/image\\\/\"},\"sameAs\":[\"https:\\\/\\\/www.linkedin.com\\\/company\\\/56456496\\\/admin\\\/dashboard\\\/\",\"https:\\\/\\\/www.instagram.com\\\/logismediagroup\\\/\",\"https:\\\/\\\/www.youtube.com\\\/@LogiamediaGroupAG\"]},{\"@type\":\"Person\",\"@id\":\"https:\\\/\\\/transportjournal.com\\\/pt-pt\\\/#\\\/schema\\\/person\\\/cf538b3157f15afd7589245a4b3dbd25\",\"name\":\"Andreas Haug\",\"url\":\"https:\\\/\\\/transportjournal.com\\\/pt-pt\\\/author\\\/andreas\\\/\"}]}<\/script>\n<!-- \/ Yoast SEO plugin. -->","yoast_head_json":{"title":"Johann Ubben novo diretor-geral da EHB - ITJ | International Transport Journal","robots":{"index":"index","follow":"follow","max-snippet":"max-snippet:-1","max-image-preview":"max-image-preview:large","max-video-preview":"max-video-preview:-1"},"canonical":"https:\/\/transportjournal.com\/pt-pt\/2026\/01\/19\/johann-ubben-novo-diretor-geral-da-ehb\/","og_locale":"pt_PT","og_type":"article","og_title":"Johann Ubben novo diretor-geral da EHB - ITJ | International Transport Journal","og_description":"Johann Ubben assumiu a gest\u00e3o da Eisenbahn- und Hafenbetriebsgesellschaft Region Osnabr\u00fcck e ir\u00e1 desenvolver o porto de forma orientada para o futuro.","og_url":"https:\/\/transportjournal.com\/pt-pt\/2026\/01\/19\/johann-ubben-novo-diretor-geral-da-ehb\/","og_site_name":"ITJ | International Transport Journal","article_published_time":"2026-01-19T11:40:46+00:00","article_modified_time":"2026-01-19T11:52:12+00:00","og_image":[{"width":560,"height":315,"url":"https:\/\/transportjournal.com\/wp-content\/uploads\/sites\/2\/2026\/01\/EHB-johann.ubben_-aspect-ratio-1400-788.webp","type":"image\/webp"}],"author":"Andreas Haug","twitter_card":"summary_large_image","twitter_misc":{"Escrito por":"Andreas Haug","Tempo estimado de leitura":"1 minuto"},"schema":{"@context":"https:\/\/schema.org","@graph":[{"@type":"Article","@id":"https:\/\/transportjournal.com\/pt-pt\/2026\/01\/19\/johann-ubben-novo-diretor-geral-da-ehb\/#article","isPartOf":{"@id":"https:\/\/transportjournal.com\/pt-pt\/2026\/01\/19\/johann-ubben-novo-diretor-geral-da-ehb\/"},"author":{"name":"Andreas Haug","@id":"https:\/\/transportjournal.com\/pt-pt\/#\/schema\/person\/cf538b3157f15afd7589245a4b3dbd25"},"headline":"Johann Ubben novo diretor-geral da EHB","datePublished":"2026-01-19T11:40:46+00:00","dateModified":"2026-01-19T11:52:12+00:00","mainEntityOfPage":{"@id":"https:\/\/transportjournal.com\/pt-pt\/2026\/01\/19\/johann-ubben-novo-diretor-geral-da-ehb\/"},"wordCount":243,"commentCount":0,"publisher":{"@id":"https:\/\/transportjournal.com\/pt-pt\/#organization"},"image":{"@id":"https:\/\/transportjournal.com\/pt-pt\/2026\/01\/19\/johann-ubben-novo-diretor-geral-da-ehb\/#primaryimage"},"thumbnailUrl":"https:\/\/transportjournal.com\/wp-content\/uploads\/sites\/2\/2026\/01\/EHB-johann.ubben_-aspect-ratio-1400-788.webp","keywords":["Captrain Group","Captrain-Gruppe","cargo handling rail waterway","connexions de transport internationales","Deutsch Eisenbahn- und Hafenbetriebsgesellschaft","d\u00e9veloppement des infrastructures","d\u00e9veloppement strat\u00e9gique du port","Digitalisierung im Hafen","digitalization in ports","Eisenbahnbranche","ENERCON","Fachkr\u00e4ftemangel Logistik","groupe Captrain","G\u00fcterumschlag Schiene Wasserstra\u00dfe","Hafenbetrieb","industrie ferroviaire","infrastructure development","Infrastrukturentwicklung","international transport connections","internationale Verkehrsverbindungen","Johann Ubben","logistics service providers","Logistikdienstleister","manutention de marchandises rail voie navigable","modernisation des parcs de locomotives","Modernisierung Lokparks","modernization of locomotive fleets","NETINERA","num\u00e9risation dans les ports","op\u00e9rations portuaires","Osnabr\u00fcck Port","Osnabr\u00fccker Hafen","p\u00e9nurie de main-d'\u0153uvre logistique","port d'Osnabr\u00fcck","port operations","prestataires de services logistiques","railway industry","r\u00e9activation des lignes ferroviaires","reactivation of railway lines Fran\u00e7ais Soci\u00e9t\u00e9 d'exploitation ferroviaire et portuaire","Reaktivierung Eisenbahnstrecken English Rail and Port Operating Company","skills shortage logistics","strategic port development","strategische Weiterentwicklung Hafen"],"articleSection":["Europa","Pessoas e empresas","Regi\u00f5es"],"inLanguage":"pt-PT","potentialAction":[{"@type":"CommentAction","name":"Comment","target":["https:\/\/transportjournal.com\/pt-pt\/2026\/01\/19\/johann-ubben-novo-diretor-geral-da-ehb\/#respond"]}]},{"@type":"WebPage","@id":"https:\/\/transportjournal.com\/pt-pt\/2026\/01\/19\/johann-ubben-novo-diretor-geral-da-ehb\/","url":"https:\/\/transportjournal.com\/pt-pt\/2026\/01\/19\/johann-ubben-novo-diretor-geral-da-ehb\/","name":"Johann Ubben novo diretor-geral da EHB - ITJ | International Transport Journal","isPartOf":{"@id":"https:\/\/transportjournal.com\/pt-pt\/#website"},"primaryImageOfPage":{"@id":"https:\/\/transportjournal.com\/pt-pt\/2026\/01\/19\/johann-ubben-novo-diretor-geral-da-ehb\/#primaryimage"},"image":{"@id":"https:\/\/transportjournal.com\/pt-pt\/2026\/01\/19\/johann-ubben-novo-diretor-geral-da-ehb\/#primaryimage"},"thumbnailUrl":"https:\/\/transportjournal.com\/wp-content\/uploads\/sites\/2\/2026\/01\/EHB-johann.ubben_-aspect-ratio-1400-788.webp","datePublished":"2026-01-19T11:40:46+00:00","dateModified":"2026-01-19T11:52:12+00:00","breadcrumb":{"@id":"https:\/\/transportjournal.com\/pt-pt\/2026\/01\/19\/johann-ubben-novo-diretor-geral-da-ehb\/#breadcrumb"},"inLanguage":"pt-PT","potentialAction":[{"@type":"ReadAction","target":["https:\/\/transportjournal.com\/pt-pt\/2026\/01\/19\/johann-ubben-novo-diretor-geral-da-ehb\/"]}]},{"@type":"ImageObject","inLanguage":"pt-PT","@id":"https:\/\/transportjournal.com\/pt-pt\/2026\/01\/19\/johann-ubben-novo-diretor-geral-da-ehb\/#primaryimage","url":"https:\/\/transportjournal.com\/wp-content\/uploads\/sites\/2\/2026\/01\/EHB-johann.ubben_-aspect-ratio-1400-788.webp","contentUrl":"https:\/\/transportjournal.com\/wp-content\/uploads\/sites\/2\/2026\/01\/EHB-johann.ubben_-aspect-ratio-1400-788.webp","width":560,"height":315},{"@type":"BreadcrumbList","@id":"https:\/\/transportjournal.com\/pt-pt\/2026\/01\/19\/johann-ubben-novo-diretor-geral-da-ehb\/#breadcrumb","itemListElement":[{"@type":"ListItem","position":1,"name":"Startseite","item":"https:\/\/transportjournal.com\/pt-pt\/"},{"@type":"ListItem","position":2,"name":"Johann Ubben novo diretor-geral da EHB"}]},{"@type":"WebSite","@id":"https:\/\/transportjournal.com\/pt-pt\/#website","url":"https:\/\/transportjournal.com\/pt-pt\/","name":"ITJ | International Transport Journal","description":"Stay informed with the latest global news from the transport, logistics, and supply chain industries. Transport Journal delivers expert insights, analysis, and updates across shipping, aviation, intermodal, and forwarding.","publisher":{"@id":"https:\/\/transportjournal.com\/pt-pt\/#organization"},"potentialAction":[{"@type":"SearchAction","target":{"@type":"EntryPoint","urlTemplate":"https:\/\/transportjournal.com\/pt-pt\/?s={search_term_string}"},"query-input":{"@type":"PropertyValueSpecification","valueRequired":true,"valueName":"search_term_string"}}],"inLanguage":"pt-PT"},{"@type":"Organization","@id":"https:\/\/transportjournal.com\/pt-pt\/#organization","name":"Logismedia Group AG","alternateName":"Logismedia Group AG","url":"https:\/\/transportjournal.com\/pt-pt\/","logo":{"@type":"ImageObject","inLanguage":"pt-PT","@id":"https:\/\/transportjournal.com\/pt-pt\/#\/schema\/logo\/image\/","url":"https:\/\/transportjournal.com\/wp-content\/uploads\/sites\/2\/2025\/09\/Logo_ITJ.png","contentUrl":"https:\/\/transportjournal.com\/wp-content\/uploads\/sites\/2\/2025\/09\/Logo_ITJ.png","width":799,"height":326,"caption":"Logismedia Group AG"},"image":{"@id":"https:\/\/transportjournal.com\/pt-pt\/#\/schema\/logo\/image\/"},"sameAs":["https:\/\/www.linkedin.com\/company\/56456496\/admin\/dashboard\/","https:\/\/www.instagram.com\/logismediagroup\/","https:\/\/www.youtube.com\/@LogiamediaGroupAG"]},{"@type":"Person","@id":"https:\/\/transportjournal.com\/pt-pt\/#\/schema\/person\/cf538b3157f15afd7589245a4b3dbd25","name":"Andreas Haug","url":"https:\/\/transportjournal.com\/pt-pt\/author\/andreas\/"}]}},"_links":{"self":[{"href":"https:\/\/transportjournal.com\/pt-pt\/wp-json\/wp\/v2\/posts\/73435","targetHints":{"allow":["GET"]}}],"collection":[{"href":"https:\/\/transportjournal.com\/pt-pt\/wp-json\/wp\/v2\/posts"}],"about":[{"href":"https:\/\/transportjournal.com\/pt-pt\/wp-json\/wp\/v2\/types\/post"}],"author":[{"embeddable":true,"href":"https:\/\/transportjournal.com\/pt-pt\/wp-json\/wp\/v2\/users\/12"}],"replies":[{"embeddable":true,"href":"https:\/\/transportjournal.com\/pt-pt\/wp-json\/wp\/v2\/comments?post=73435"}],"version-history":[{"count":4,"href":"https:\/\/transportjournal.com\/pt-pt\/wp-json\/wp\/v2\/posts\/73435\/revisions"}],"predecessor-version":[{"id":73462,"href":"https:\/\/transportjournal.com\/pt-pt\/wp-json\/wp\/v2\/posts\/73435\/revisions\/73462"}],"wp:featuredmedia":[{"embeddable":true,"href":"https:\/\/transportjournal.com\/pt-pt\/wp-json\/wp\/v2\/media\/73430"}],"wp:attachment":[{"href":"https:\/\/transportjournal.com\/pt-pt\/wp-json\/wp\/v2\/media?parent=73435"}],"wp:term":[{"taxonomy":"category","embeddable":true,"href":"https:\/\/transportjournal.com\/pt-pt\/wp-json\/wp\/v2\/categories?post=73435"},{"taxonomy":"post_tag","embeddable":true,"href":"https:\/\/transportjournal.com\/pt-pt\/wp-json\/wp\/v2\/tags?post=73435"}],"curies":[{"name":"wp","href":"https:\/\/api.w.org\/{rel}","templated":true}]}}