{"id":73404,"date":"2026-01-19T09:40:06","date_gmt":"2026-01-19T09:40:06","guid":{"rendered":"https:\/\/transportjournal.com\/2026\/01\/19\/fs-logistix-assume-servicos-de-manobra-em-antuerpia\/"},"modified":"2026-01-19T11:45:37","modified_gmt":"2026-01-19T10:45:37","slug":"fs-logistix-assume-servicos-de-manobra-em-antuerpia","status":"publish","type":"post","link":"https:\/\/transportjournal.com\/pt-pt\/2026\/01\/19\/fs-logistix-assume-servicos-de-manobra-em-antuerpia\/","title":{"rendered":"FS Logistix assume servi\u00e7os de manobra em Antu\u00e9rpia"},"content":{"rendered":"<p>FS Logistix assumir\u00e1 os servi\u00e7os de manobra no porto de Antu\u00e9rpia. Isso ser\u00e1 feito atrav\u00e9s da HSL Belgium, uma empresa da TX Logistik. O contrato abrange a realiza\u00e7\u00e3o da primeira e \u00faltima milha na \u00e1rea 6A (Marshalldok) do complexo portu\u00e1rio de Antu\u00e9rpia. A concess\u00e3o do contrato complementa a recente aquisi\u00e7\u00e3o de 30 por cento das a\u00e7\u00f5es da opera\u00e7\u00e3o do terminal Mainhub em Antu\u00e9rpia pela FS Logistix. Esta parceria com a Lineas visa gerenciar o tr\u00e1fego comercial entre a B\u00e9lgica e a It\u00e1lia, conforme informado pela empresa.<\/p>\n<p>As iniciativas est\u00e3o direcionadas a melhorar a efici\u00eancia e a conectividade dos servi\u00e7os de carga ferrovi\u00e1ria na B\u00e9lgica em rotas europeias importantes. &#8222;Continuamos nosso caminho de internacionaliza\u00e7\u00e3o para nos tornarmos o l\u00edder europeu em log\u00edstica integrada&#8220;, disse Sabrina De Filippis, CEO da FS Logistix.<\/p>\n<p><a href=\"https:\/\/www.fslogistix.com\/\" target=\"_blank\" rel=\"noopener noreferrer\">www.fslogistix.com<\/a><\/p>\n","protected":false},"excerpt":{"rendered":"<p>FS Logistix assume os servi\u00e7os de manobra no porto de Antu\u00e9rpia para melhorar a efici\u00eancia dos servi\u00e7os de carga ferrovi\u00e1ria<\/p>\n","protected":false},"author":10,"featured_media":73399,"comment_status":"open","ping_status":"open","sticky":false,"template":"","format":"standard","meta":{"_acf_changed":false,"footnotes":""},"categories":[1623,1616],"tags":[6557,5247,6558,2115,4521,2309,6559,6560,5249,5250,2122,6561,6562,2856,6563,6564,2125,6565,6458,6459,2279,2280,6566,2373,6567,6568,6569,6570,6460,2282,6571,6572,3725,3157,2865,6573,2145,6574,2868,6575,6576,6577,6578,6579,6580,6581,3735,6582,6583,2155,1837,6584,6585],"class_list":["post-73404","post","type-post","status-publish","format-standard","has-post-thumbnail","hentry","category-europa","category-intermodal-rodoviario","tag-commercial-traffic-belgium-italy","tag-corridors-de-transport-europeens","tag-deutsch-rangierdienste-antwerpen","tag-digitalisierung-in-der-logistik","tag-digitization-in-logistics","tag-durabilite-dans-le-transport","tag-efficacite-du-fret-ferroviaire","tag-effizienz-schienengueterdienste","tag-europaeische-transportkorridore","tag-european-transport-corridors","tag-fachkraeftemangel-logistik","tag-fret-ferroviaire-belgique","tag-fs-logistix","tag-hafenbetrieb-antwerpen","tag-hafeninfrastruktur-antwerpen","tag-hsl-belgium","tag-industrie-du-transport","tag-infrastructure-portuaire-anvers","tag-integrated-logistics","tag-integrierte-logistik","tag-international-logistics","tag-internationale-logistik","tag-kommerzieller-verkehr-belgien-italien","tag-labor-shortage-logistics","tag-logistics-partnerships-francais-services-de-manoeuvre-anvers","tag-logistics-service-providers-europe","tag-logistikdienstleister-europa","tag-logistikpartnerschaften-english-shunting-services-antwerp","tag-logistique-integree","tag-logistique-internationale","tag-mainhub-terminal-antwerp","tag-mainhub-terminal-antwerpen","tag-nachhaltigkeit-im-transport","tag-numerisation-dans-la-logistique","tag-operations-portuaires-anvers","tag-partenariats-logistiques","tag-penurie-de-main-doeuvre-logistique","tag-port-infrastructure-antwerp","tag-port-operations-antwerp","tag-prestataires-de-services-logistiques-europe","tag-rail-freight-belgium","tag-rail-freight-efficiency","tag-rail-network-europe","tag-reseau-ferroviaire-europe","tag-schienengueterverkehr-belgien","tag-schienenverkehrsnetz-europa","tag-sustainability-in-transport","tag-terminal-mainhub-anvers","tag-trafic-commercial-belgique-italie","tag-transport-industry","tag-transportwirtschaft","tag-tx-logistics","tag-tx-logistik"],"acf":[],"yoast_head":"<!-- This site is optimized with the Yoast SEO plugin v27.3 - https:\/\/yoast.com\/product\/yoast-seo-wordpress\/ -->\n<title>FS Logistix assume servi\u00e7os de manobra em Antu\u00e9rpia - ITJ | International Transport Journal<\/title>\n<meta name=\"robots\" content=\"index, follow, max-snippet:-1, max-image-preview:large, max-video-preview:-1\" \/>\n<link rel=\"canonical\" href=\"https:\/\/transportjournal.com\/pt-pt\/2026\/01\/19\/fs-logistix-assume-servicos-de-manobra-em-antuerpia\/\" \/>\n<meta property=\"og:locale\" content=\"pt_PT\" \/>\n<meta property=\"og:type\" content=\"article\" \/>\n<meta property=\"og:title\" content=\"FS Logistix assume servi\u00e7os de manobra em Antu\u00e9rpia - ITJ | International Transport Journal\" \/>\n<meta property=\"og:description\" content=\"FS Logistix assume os servi\u00e7os de manobra no porto de Antu\u00e9rpia para melhorar a efici\u00eancia dos servi\u00e7os de carga ferrovi\u00e1ria\" \/>\n<meta property=\"og:url\" content=\"https:\/\/transportjournal.com\/pt-pt\/2026\/01\/19\/fs-logistix-assume-servicos-de-manobra-em-antuerpia\/\" \/>\n<meta property=\"og:site_name\" content=\"ITJ | International Transport Journal\" \/>\n<meta property=\"article:published_time\" content=\"2026-01-19T09:40:06+00:00\" \/>\n<meta property=\"article:modified_time\" content=\"2026-01-19T10:45:37+00:00\" \/>\n<meta property=\"og:image\" content=\"https:\/\/transportjournal.com\/wp-content\/uploads\/sites\/2\/2026\/01\/HSL-Belgium_zone-6A_DE18-hybrid-locomotive_The-Lion_\u00a9Henk-Zwoferink-aspect-ratio-1400-788.jpg\" \/>\n\t<meta property=\"og:image:width\" content=\"1492\" \/>\n\t<meta property=\"og:image:height\" content=\"839\" \/>\n\t<meta property=\"og:image:type\" content=\"image\/jpeg\" \/>\n<meta name=\"author\" content=\"Jeremy Soland\" \/>\n<meta name=\"twitter:card\" content=\"summary_large_image\" \/>\n<meta name=\"twitter:label1\" content=\"Escrito por\" \/>\n\t<meta name=\"twitter:data1\" content=\"Jeremy Soland\" \/>\n\t<meta name=\"twitter:label2\" content=\"Tempo estimado de leitura\" \/>\n\t<meta name=\"twitter:data2\" content=\"1 minuto\" \/>\n<script type=\"application\/ld+json\" class=\"yoast-schema-graph\">{\"@context\":\"https:\\\/\\\/schema.org\",\"@graph\":[{\"@type\":\"Article\",\"@id\":\"https:\\\/\\\/transportjournal.com\\\/pt-pt\\\/2026\\\/01\\\/19\\\/fs-logistix-assume-servicos-de-manobra-em-antuerpia\\\/#article\",\"isPartOf\":{\"@id\":\"https:\\\/\\\/transportjournal.com\\\/pt-pt\\\/2026\\\/01\\\/19\\\/fs-logistix-assume-servicos-de-manobra-em-antuerpia\\\/\"},\"author\":{\"name\":\"Jeremy Soland\",\"@id\":\"https:\\\/\\\/transportjournal.com\\\/pt-pt\\\/#\\\/schema\\\/person\\\/41d36b5474b623392fa613e97e2363fa\"},\"headline\":\"FS Logistix assume servi\u00e7os de manobra em Antu\u00e9rpia\",\"datePublished\":\"2026-01-19T09:40:06+00:00\",\"dateModified\":\"2026-01-19T10:45:37+00:00\",\"mainEntityOfPage\":{\"@id\":\"https:\\\/\\\/transportjournal.com\\\/pt-pt\\\/2026\\\/01\\\/19\\\/fs-logistix-assume-servicos-de-manobra-em-antuerpia\\\/\"},\"wordCount\":164,\"commentCount\":0,\"publisher\":{\"@id\":\"https:\\\/\\\/transportjournal.com\\\/pt-pt\\\/#organization\"},\"image\":{\"@id\":\"https:\\\/\\\/transportjournal.com\\\/pt-pt\\\/2026\\\/01\\\/19\\\/fs-logistix-assume-servicos-de-manobra-em-antuerpia\\\/#primaryimage\"},\"thumbnailUrl\":\"https:\\\/\\\/transportjournal.com\\\/wp-content\\\/uploads\\\/sites\\\/2\\\/2026\\\/01\\\/HSL-Belgium_zone-6A_DE18-hybrid-locomotive_The-Lion_\u00a9Henk-Zwoferink-aspect-ratio-1400-788.jpg\",\"keywords\":[\"commercial traffic Belgium Italy\",\"corridors de transport europ\u00e9ens\",\"Deutsch Rangierdienste Antwerpen\",\"Digitalisierung in der Logistik\",\"digitization in logistics\",\"durabilit\u00e9 dans le transport\",\"efficacit\u00e9 du fret ferroviaire\",\"Effizienz Schieneng\u00fcterdienste\",\"europ\u00e4ische Transportkorridore\",\"European transport corridors\",\"Fachkr\u00e4ftemangel Logistik\",\"fret ferroviaire Belgique\",\"FS Logistix\",\"Hafenbetrieb Antwerpen\",\"Hafeninfrastruktur Antwerpen\",\"HSL Belgium\",\"industrie du transport\",\"infrastructure portuaire Anvers\",\"integrated logistics\",\"integrierte Logistik\",\"international logistics\",\"internationale Logistik\",\"kommerzieller Verkehr Belgien Italien\",\"labor shortage logistics\",\"logistics partnerships Fran\u00e7ais services de man\u0153uvre Anvers\",\"logistics service providers Europe\",\"Logistikdienstleister Europa\",\"Logistikpartnerschaften English shunting services Antwerp\",\"logistique int\u00e9gr\u00e9e\",\"logistique internationale\",\"Mainhub terminal Antwerp\",\"Mainhub-Terminal Antwerpen\",\"Nachhaltigkeit im Transport\",\"num\u00e9risation dans la logistique\",\"op\u00e9rations portuaires Anvers\",\"partenariats logistiques\",\"p\u00e9nurie de main-d'\u0153uvre logistique\",\"port infrastructure Antwerp\",\"port operations Antwerp\",\"prestataires de services logistiques Europe\",\"rail freight Belgium\",\"rail freight efficiency\",\"rail network Europe\",\"r\u00e9seau ferroviaire Europe\",\"Schieneng\u00fcterverkehr Belgien\",\"Schienenverkehrsnetz Europa\",\"sustainability in transport\",\"terminal Mainhub Anvers\",\"trafic commercial Belgique Italie\",\"transport industry\",\"Transportwirtschaft\",\"TX Logistics\",\"TX Logistik\"],\"articleSection\":[\"Europa\",\"Intermodal \\\/ Rodovi\u00e1rio\"],\"inLanguage\":\"pt-PT\",\"potentialAction\":[{\"@type\":\"CommentAction\",\"name\":\"Comment\",\"target\":[\"https:\\\/\\\/transportjournal.com\\\/pt-pt\\\/2026\\\/01\\\/19\\\/fs-logistix-assume-servicos-de-manobra-em-antuerpia\\\/#respond\"]}]},{\"@type\":\"WebPage\",\"@id\":\"https:\\\/\\\/transportjournal.com\\\/pt-pt\\\/2026\\\/01\\\/19\\\/fs-logistix-assume-servicos-de-manobra-em-antuerpia\\\/\",\"url\":\"https:\\\/\\\/transportjournal.com\\\/pt-pt\\\/2026\\\/01\\\/19\\\/fs-logistix-assume-servicos-de-manobra-em-antuerpia\\\/\",\"name\":\"FS Logistix assume servi\u00e7os de manobra em Antu\u00e9rpia - ITJ | International Transport Journal\",\"isPartOf\":{\"@id\":\"https:\\\/\\\/transportjournal.com\\\/pt-pt\\\/#website\"},\"primaryImageOfPage\":{\"@id\":\"https:\\\/\\\/transportjournal.com\\\/pt-pt\\\/2026\\\/01\\\/19\\\/fs-logistix-assume-servicos-de-manobra-em-antuerpia\\\/#primaryimage\"},\"image\":{\"@id\":\"https:\\\/\\\/transportjournal.com\\\/pt-pt\\\/2026\\\/01\\\/19\\\/fs-logistix-assume-servicos-de-manobra-em-antuerpia\\\/#primaryimage\"},\"thumbnailUrl\":\"https:\\\/\\\/transportjournal.com\\\/wp-content\\\/uploads\\\/sites\\\/2\\\/2026\\\/01\\\/HSL-Belgium_zone-6A_DE18-hybrid-locomotive_The-Lion_\u00a9Henk-Zwoferink-aspect-ratio-1400-788.jpg\",\"datePublished\":\"2026-01-19T09:40:06+00:00\",\"dateModified\":\"2026-01-19T10:45:37+00:00\",\"breadcrumb\":{\"@id\":\"https:\\\/\\\/transportjournal.com\\\/pt-pt\\\/2026\\\/01\\\/19\\\/fs-logistix-assume-servicos-de-manobra-em-antuerpia\\\/#breadcrumb\"},\"inLanguage\":\"pt-PT\",\"potentialAction\":[{\"@type\":\"ReadAction\",\"target\":[\"https:\\\/\\\/transportjournal.com\\\/pt-pt\\\/2026\\\/01\\\/19\\\/fs-logistix-assume-servicos-de-manobra-em-antuerpia\\\/\"]}]},{\"@type\":\"ImageObject\",\"inLanguage\":\"pt-PT\",\"@id\":\"https:\\\/\\\/transportjournal.com\\\/pt-pt\\\/2026\\\/01\\\/19\\\/fs-logistix-assume-servicos-de-manobra-em-antuerpia\\\/#primaryimage\",\"url\":\"https:\\\/\\\/transportjournal.com\\\/wp-content\\\/uploads\\\/sites\\\/2\\\/2026\\\/01\\\/HSL-Belgium_zone-6A_DE18-hybrid-locomotive_The-Lion_\u00a9Henk-Zwoferink-aspect-ratio-1400-788.jpg\",\"contentUrl\":\"https:\\\/\\\/transportjournal.com\\\/wp-content\\\/uploads\\\/sites\\\/2\\\/2026\\\/01\\\/HSL-Belgium_zone-6A_DE18-hybrid-locomotive_The-Lion_\u00a9Henk-Zwoferink-aspect-ratio-1400-788.jpg\",\"width\":1492,\"height\":839},{\"@type\":\"BreadcrumbList\",\"@id\":\"https:\\\/\\\/transportjournal.com\\\/pt-pt\\\/2026\\\/01\\\/19\\\/fs-logistix-assume-servicos-de-manobra-em-antuerpia\\\/#breadcrumb\",\"itemListElement\":[{\"@type\":\"ListItem\",\"position\":1,\"name\":\"Startseite\",\"item\":\"https:\\\/\\\/transportjournal.com\\\/pt-pt\\\/\"},{\"@type\":\"ListItem\",\"position\":2,\"name\":\"FS Logistix assume servi\u00e7os de manobra em Antu\u00e9rpia\"}]},{\"@type\":\"WebSite\",\"@id\":\"https:\\\/\\\/transportjournal.com\\\/pt-pt\\\/#website\",\"url\":\"https:\\\/\\\/transportjournal.com\\\/pt-pt\\\/\",\"name\":\"ITJ | International Transport Journal\",\"description\":\"Stay informed with the latest global news from the transport, logistics, and supply chain industries. Transport Journal delivers expert insights, analysis, and updates across shipping, aviation, intermodal, and forwarding.\",\"publisher\":{\"@id\":\"https:\\\/\\\/transportjournal.com\\\/pt-pt\\\/#organization\"},\"potentialAction\":[{\"@type\":\"SearchAction\",\"target\":{\"@type\":\"EntryPoint\",\"urlTemplate\":\"https:\\\/\\\/transportjournal.com\\\/pt-pt\\\/?s={search_term_string}\"},\"query-input\":{\"@type\":\"PropertyValueSpecification\",\"valueRequired\":true,\"valueName\":\"search_term_string\"}}],\"inLanguage\":\"pt-PT\"},{\"@type\":\"Organization\",\"@id\":\"https:\\\/\\\/transportjournal.com\\\/pt-pt\\\/#organization\",\"name\":\"Logismedia Group AG\",\"alternateName\":\"Logismedia Group AG\",\"url\":\"https:\\\/\\\/transportjournal.com\\\/pt-pt\\\/\",\"logo\":{\"@type\":\"ImageObject\",\"inLanguage\":\"pt-PT\",\"@id\":\"https:\\\/\\\/transportjournal.com\\\/pt-pt\\\/#\\\/schema\\\/logo\\\/image\\\/\",\"url\":\"https:\\\/\\\/transportjournal.com\\\/wp-content\\\/uploads\\\/sites\\\/2\\\/2025\\\/09\\\/Logo_ITJ.png\",\"contentUrl\":\"https:\\\/\\\/transportjournal.com\\\/wp-content\\\/uploads\\\/sites\\\/2\\\/2025\\\/09\\\/Logo_ITJ.png\",\"width\":799,\"height\":326,\"caption\":\"Logismedia Group AG\"},\"image\":{\"@id\":\"https:\\\/\\\/transportjournal.com\\\/pt-pt\\\/#\\\/schema\\\/logo\\\/image\\\/\"},\"sameAs\":[\"https:\\\/\\\/www.linkedin.com\\\/company\\\/56456496\\\/admin\\\/dashboard\\\/\",\"https:\\\/\\\/www.instagram.com\\\/logismediagroup\\\/\",\"https:\\\/\\\/www.youtube.com\\\/@LogiamediaGroupAG\"]},{\"@type\":\"Person\",\"@id\":\"https:\\\/\\\/transportjournal.com\\\/pt-pt\\\/#\\\/schema\\\/person\\\/41d36b5474b623392fa613e97e2363fa\",\"name\":\"Jeremy Soland\",\"url\":\"https:\\\/\\\/transportjournal.com\\\/pt-pt\\\/author\\\/jeremy\\\/\"}]}<\/script>\n<!-- \/ Yoast SEO plugin. -->","yoast_head_json":{"title":"FS Logistix assume servi\u00e7os de manobra em Antu\u00e9rpia - ITJ | International Transport Journal","robots":{"index":"index","follow":"follow","max-snippet":"max-snippet:-1","max-image-preview":"max-image-preview:large","max-video-preview":"max-video-preview:-1"},"canonical":"https:\/\/transportjournal.com\/pt-pt\/2026\/01\/19\/fs-logistix-assume-servicos-de-manobra-em-antuerpia\/","og_locale":"pt_PT","og_type":"article","og_title":"FS Logistix assume servi\u00e7os de manobra em Antu\u00e9rpia - ITJ | International Transport Journal","og_description":"FS Logistix assume os servi\u00e7os de manobra no porto de Antu\u00e9rpia para melhorar a efici\u00eancia dos servi\u00e7os de carga ferrovi\u00e1ria","og_url":"https:\/\/transportjournal.com\/pt-pt\/2026\/01\/19\/fs-logistix-assume-servicos-de-manobra-em-antuerpia\/","og_site_name":"ITJ | International Transport Journal","article_published_time":"2026-01-19T09:40:06+00:00","article_modified_time":"2026-01-19T10:45:37+00:00","og_image":[{"width":1492,"height":839,"url":"https:\/\/transportjournal.com\/wp-content\/uploads\/sites\/2\/2026\/01\/HSL-Belgium_zone-6A_DE18-hybrid-locomotive_The-Lion_\u00a9Henk-Zwoferink-aspect-ratio-1400-788.jpg","type":"image\/jpeg"}],"author":"Jeremy Soland","twitter_card":"summary_large_image","twitter_misc":{"Escrito por":"Jeremy Soland","Tempo estimado de leitura":"1 minuto"},"schema":{"@context":"https:\/\/schema.org","@graph":[{"@type":"Article","@id":"https:\/\/transportjournal.com\/pt-pt\/2026\/01\/19\/fs-logistix-assume-servicos-de-manobra-em-antuerpia\/#article","isPartOf":{"@id":"https:\/\/transportjournal.com\/pt-pt\/2026\/01\/19\/fs-logistix-assume-servicos-de-manobra-em-antuerpia\/"},"author":{"name":"Jeremy Soland","@id":"https:\/\/transportjournal.com\/pt-pt\/#\/schema\/person\/41d36b5474b623392fa613e97e2363fa"},"headline":"FS Logistix assume servi\u00e7os de manobra em Antu\u00e9rpia","datePublished":"2026-01-19T09:40:06+00:00","dateModified":"2026-01-19T10:45:37+00:00","mainEntityOfPage":{"@id":"https:\/\/transportjournal.com\/pt-pt\/2026\/01\/19\/fs-logistix-assume-servicos-de-manobra-em-antuerpia\/"},"wordCount":164,"commentCount":0,"publisher":{"@id":"https:\/\/transportjournal.com\/pt-pt\/#organization"},"image":{"@id":"https:\/\/transportjournal.com\/pt-pt\/2026\/01\/19\/fs-logistix-assume-servicos-de-manobra-em-antuerpia\/#primaryimage"},"thumbnailUrl":"https:\/\/transportjournal.com\/wp-content\/uploads\/sites\/2\/2026\/01\/HSL-Belgium_zone-6A_DE18-hybrid-locomotive_The-Lion_\u00a9Henk-Zwoferink-aspect-ratio-1400-788.jpg","keywords":["commercial traffic Belgium Italy","corridors de transport europ\u00e9ens","Deutsch Rangierdienste Antwerpen","Digitalisierung in der Logistik","digitization in logistics","durabilit\u00e9 dans le transport","efficacit\u00e9 du fret ferroviaire","Effizienz Schieneng\u00fcterdienste","europ\u00e4ische Transportkorridore","European transport corridors","Fachkr\u00e4ftemangel Logistik","fret ferroviaire Belgique","FS Logistix","Hafenbetrieb Antwerpen","Hafeninfrastruktur Antwerpen","HSL Belgium","industrie du transport","infrastructure portuaire Anvers","integrated logistics","integrierte Logistik","international logistics","internationale Logistik","kommerzieller Verkehr Belgien Italien","labor shortage logistics","logistics partnerships Fran\u00e7ais services de man\u0153uvre Anvers","logistics service providers Europe","Logistikdienstleister Europa","Logistikpartnerschaften English shunting services Antwerp","logistique int\u00e9gr\u00e9e","logistique internationale","Mainhub terminal Antwerp","Mainhub-Terminal Antwerpen","Nachhaltigkeit im Transport","num\u00e9risation dans la logistique","op\u00e9rations portuaires Anvers","partenariats logistiques","p\u00e9nurie de main-d'\u0153uvre logistique","port infrastructure Antwerp","port operations Antwerp","prestataires de services logistiques Europe","rail freight Belgium","rail freight efficiency","rail network Europe","r\u00e9seau ferroviaire Europe","Schieneng\u00fcterverkehr Belgien","Schienenverkehrsnetz Europa","sustainability in transport","terminal Mainhub Anvers","trafic commercial Belgique Italie","transport industry","Transportwirtschaft","TX Logistics","TX Logistik"],"articleSection":["Europa","Intermodal \/ Rodovi\u00e1rio"],"inLanguage":"pt-PT","potentialAction":[{"@type":"CommentAction","name":"Comment","target":["https:\/\/transportjournal.com\/pt-pt\/2026\/01\/19\/fs-logistix-assume-servicos-de-manobra-em-antuerpia\/#respond"]}]},{"@type":"WebPage","@id":"https:\/\/transportjournal.com\/pt-pt\/2026\/01\/19\/fs-logistix-assume-servicos-de-manobra-em-antuerpia\/","url":"https:\/\/transportjournal.com\/pt-pt\/2026\/01\/19\/fs-logistix-assume-servicos-de-manobra-em-antuerpia\/","name":"FS Logistix assume servi\u00e7os de manobra em Antu\u00e9rpia - ITJ | International Transport Journal","isPartOf":{"@id":"https:\/\/transportjournal.com\/pt-pt\/#website"},"primaryImageOfPage":{"@id":"https:\/\/transportjournal.com\/pt-pt\/2026\/01\/19\/fs-logistix-assume-servicos-de-manobra-em-antuerpia\/#primaryimage"},"image":{"@id":"https:\/\/transportjournal.com\/pt-pt\/2026\/01\/19\/fs-logistix-assume-servicos-de-manobra-em-antuerpia\/#primaryimage"},"thumbnailUrl":"https:\/\/transportjournal.com\/wp-content\/uploads\/sites\/2\/2026\/01\/HSL-Belgium_zone-6A_DE18-hybrid-locomotive_The-Lion_\u00a9Henk-Zwoferink-aspect-ratio-1400-788.jpg","datePublished":"2026-01-19T09:40:06+00:00","dateModified":"2026-01-19T10:45:37+00:00","breadcrumb":{"@id":"https:\/\/transportjournal.com\/pt-pt\/2026\/01\/19\/fs-logistix-assume-servicos-de-manobra-em-antuerpia\/#breadcrumb"},"inLanguage":"pt-PT","potentialAction":[{"@type":"ReadAction","target":["https:\/\/transportjournal.com\/pt-pt\/2026\/01\/19\/fs-logistix-assume-servicos-de-manobra-em-antuerpia\/"]}]},{"@type":"ImageObject","inLanguage":"pt-PT","@id":"https:\/\/transportjournal.com\/pt-pt\/2026\/01\/19\/fs-logistix-assume-servicos-de-manobra-em-antuerpia\/#primaryimage","url":"https:\/\/transportjournal.com\/wp-content\/uploads\/sites\/2\/2026\/01\/HSL-Belgium_zone-6A_DE18-hybrid-locomotive_The-Lion_\u00a9Henk-Zwoferink-aspect-ratio-1400-788.jpg","contentUrl":"https:\/\/transportjournal.com\/wp-content\/uploads\/sites\/2\/2026\/01\/HSL-Belgium_zone-6A_DE18-hybrid-locomotive_The-Lion_\u00a9Henk-Zwoferink-aspect-ratio-1400-788.jpg","width":1492,"height":839},{"@type":"BreadcrumbList","@id":"https:\/\/transportjournal.com\/pt-pt\/2026\/01\/19\/fs-logistix-assume-servicos-de-manobra-em-antuerpia\/#breadcrumb","itemListElement":[{"@type":"ListItem","position":1,"name":"Startseite","item":"https:\/\/transportjournal.com\/pt-pt\/"},{"@type":"ListItem","position":2,"name":"FS Logistix assume servi\u00e7os de manobra em Antu\u00e9rpia"}]},{"@type":"WebSite","@id":"https:\/\/transportjournal.com\/pt-pt\/#website","url":"https:\/\/transportjournal.com\/pt-pt\/","name":"ITJ | International Transport Journal","description":"Stay informed with the latest global news from the transport, logistics, and supply chain industries. Transport Journal delivers expert insights, analysis, and updates across shipping, aviation, intermodal, and forwarding.","publisher":{"@id":"https:\/\/transportjournal.com\/pt-pt\/#organization"},"potentialAction":[{"@type":"SearchAction","target":{"@type":"EntryPoint","urlTemplate":"https:\/\/transportjournal.com\/pt-pt\/?s={search_term_string}"},"query-input":{"@type":"PropertyValueSpecification","valueRequired":true,"valueName":"search_term_string"}}],"inLanguage":"pt-PT"},{"@type":"Organization","@id":"https:\/\/transportjournal.com\/pt-pt\/#organization","name":"Logismedia Group AG","alternateName":"Logismedia Group AG","url":"https:\/\/transportjournal.com\/pt-pt\/","logo":{"@type":"ImageObject","inLanguage":"pt-PT","@id":"https:\/\/transportjournal.com\/pt-pt\/#\/schema\/logo\/image\/","url":"https:\/\/transportjournal.com\/wp-content\/uploads\/sites\/2\/2025\/09\/Logo_ITJ.png","contentUrl":"https:\/\/transportjournal.com\/wp-content\/uploads\/sites\/2\/2025\/09\/Logo_ITJ.png","width":799,"height":326,"caption":"Logismedia Group AG"},"image":{"@id":"https:\/\/transportjournal.com\/pt-pt\/#\/schema\/logo\/image\/"},"sameAs":["https:\/\/www.linkedin.com\/company\/56456496\/admin\/dashboard\/","https:\/\/www.instagram.com\/logismediagroup\/","https:\/\/www.youtube.com\/@LogiamediaGroupAG"]},{"@type":"Person","@id":"https:\/\/transportjournal.com\/pt-pt\/#\/schema\/person\/41d36b5474b623392fa613e97e2363fa","name":"Jeremy Soland","url":"https:\/\/transportjournal.com\/pt-pt\/author\/jeremy\/"}]}},"_links":{"self":[{"href":"https:\/\/transportjournal.com\/pt-pt\/wp-json\/wp\/v2\/posts\/73404","targetHints":{"allow":["GET"]}}],"collection":[{"href":"https:\/\/transportjournal.com\/pt-pt\/wp-json\/wp\/v2\/posts"}],"about":[{"href":"https:\/\/transportjournal.com\/pt-pt\/wp-json\/wp\/v2\/types\/post"}],"author":[{"embeddable":true,"href":"https:\/\/transportjournal.com\/pt-pt\/wp-json\/wp\/v2\/users\/10"}],"replies":[{"embeddable":true,"href":"https:\/\/transportjournal.com\/pt-pt\/wp-json\/wp\/v2\/comments?post=73404"}],"version-history":[{"count":1,"href":"https:\/\/transportjournal.com\/pt-pt\/wp-json\/wp\/v2\/posts\/73404\/revisions"}],"predecessor-version":[{"id":73411,"href":"https:\/\/transportjournal.com\/pt-pt\/wp-json\/wp\/v2\/posts\/73404\/revisions\/73411"}],"wp:featuredmedia":[{"embeddable":true,"href":"https:\/\/transportjournal.com\/pt-pt\/wp-json\/wp\/v2\/media\/73399"}],"wp:attachment":[{"href":"https:\/\/transportjournal.com\/pt-pt\/wp-json\/wp\/v2\/media?parent=73404"}],"wp:term":[{"taxonomy":"category","embeddable":true,"href":"https:\/\/transportjournal.com\/pt-pt\/wp-json\/wp\/v2\/categories?post=73404"},{"taxonomy":"post_tag","embeddable":true,"href":"https:\/\/transportjournal.com\/pt-pt\/wp-json\/wp\/v2\/tags?post=73404"}],"curies":[{"name":"wp","href":"https:\/\/api.w.org\/{rel}","templated":true}]}}