{"id":73389,"date":"2026-01-19T09:01:38","date_gmt":"2026-01-19T09:01:38","guid":{"rendered":"https:\/\/transportjournal.com\/2026\/01\/19\/prevencao-de-doencas-musculoesqueleticas\/"},"modified":"2026-01-19T10:38:44","modified_gmt":"2026-01-19T09:38:44","slug":"prevencao-de-doencas-musculoesqueleticas","status":"publish","type":"post","link":"https:\/\/transportjournal.com\/pt-pt\/2026\/01\/19\/prevencao-de-doencas-musculoesqueleticas\/","title":{"rendered":"Preven\u00e7\u00e3o de doen\u00e7as musculoesquel\u00e9ticas"},"content":{"rendered":"<p>Doen\u00e7as musculoesquel\u00e9ticas s\u00e3o respons\u00e1veis, segundo o relat\u00f3rio de sa\u00fade 2025 da seguradora Barmer e do portal de empregos Jobmatch, bem como o relat\u00f3rio de aus\u00eancias 2025 da AOK, por cerca de 20% de todos os dias de aus\u00eancia devido a doen\u00e7as. Essas doen\u00e7as representam, portanto, a principal causa de faltas no trabalho, como relata o fornecedor de promo\u00e7\u00e3o da sa\u00fade nas empresas Kompass360Grad. Doen\u00e7as respirat\u00f3rias e psicossociais v\u00eam logo em seguida, resultando em uma m\u00e9dia de 25 dias de afastamento. No setor de log\u00edstica, a taxa de doen\u00e7as \u00e9 particularmente elevada devido a altas cargas f\u00edsicas e psicol\u00f3gicas, alcan\u00e7ando 18%, conforme mostram investiga\u00e7\u00f5es da Kompass360Grad.<\/p>\n<h3>Integra\u00e7\u00e3o da gest\u00e3o de sa\u00fade<\/h3>\n<p>Para enfrentar esses desafios, a Kompass360Grad desenvolveu um novo conceito que se dirige especificamente a setores com altas cargas, especialmente log\u00edstica e ind\u00fastria. A abordagem combina gest\u00e3o de sa\u00fade cl\u00e1ssica, prote\u00e7\u00e3o no trabalho e ergonomia com princ\u00edpios Lean e otimiza\u00e7\u00e3o de processos. Este sistema integrado \u00e9 denominado &#8222;Health Lean Management&#8220; e tem como objetivo promover a sa\u00fade dos colaboradores enquanto aumenta a efici\u00eancia dos fluxos de trabalho.<\/p>\n","protected":false},"excerpt":{"rendered":"<p>Doen\u00e7as musculoesquel\u00e9ticas causam, segundo a Barmer e a AOK, cerca de 20 por cento dos dias de aus\u00eancia ao trabalho devido a doen\u00e7as, tornando-se assim a principal raz\u00e3o para faltas.<\/p>\n","protected":false},"author":10,"featured_media":73384,"comment_status":"open","ping_status":"open","sticky":false,"template":"","format":"standard","meta":{"_acf_changed":false,"footnotes":""},"categories":[1623,1617],"tags":[6501,6502,6503,6504,6505,6506,6507,6508,6509,6510,6511,6512,6513,6514,6515,6516,6517,6518,6519,6520,6521,6522,6523,6524,6525,6526,6527,6528,6529,6530,6531,6532,6533,6534,6535,6536,6537,6538,6539,6540,6541,6542,6543,6544,6545,6546,6547,6548,6549,6550,6551,6552,6553,6554,6555,6556],"class_list":["post-73389","post","type-post","status-publish","format-standard","has-post-thumbnail","hentry","category-europa","category-expedicao-e-logistica","tag-absenteeism-at-work","tag-absenteisme-au-travail","tag-amelioration-de-lefficacite-des-flux-de-travail","tag-aok-absenteeism-report","tag-aok-fehlzeiten-report","tag-arbeitsschutz-logistik","tag-branchen-mit-hohen-belastungen-english-musculoskeletal-disorders","tag-concept-de-sante-logistique","tag-deutsch-muskel-skelett-erkrankungen","tag-efficiency-improvement-workflows","tag-effizienzsteigerung-arbeitsablaeufe","tag-employee-health-at-work","tag-ergonomics-in-industry","tag-ergonomie-dans-lindustrie","tag-ergonomie-in-der-industrie","tag-fehlzeiten-am-arbeitsplatz","tag-gestion-de-la-sante-au-travail","tag-gestion-lean-de-la-sante","tag-gesundheit-am-arbeitsplatz","tag-gesundheitsfoerderung-betriebe","tag-gesundheitskonzept-logistik","tag-gesundheitsmanagement-logistik","tag-gesundheitsreport-2025","tag-health-concept-logistics","tag-health-lean-management","tag-health-report-2025","tag-high-stress-industries-francais-troubles-musculo-squelettiques","tag-illness-rate-logistics","tag-industries-a-forte-charge","tag-integration-de-la-gestion-de-la-sante","tag-integration-of-health-management","tag-integration-von-gesundheitsmanagement","tag-kompass360grad","tag-koerperliche-belastungen-industrie","tag-krankheitsquote-logistik","tag-lean-management-gesundheit","tag-logistics-industry-health","tag-logistikbranche-gesundheit","tag-occupational-safety-logistics","tag-optimisation-des-processus-logistique","tag-physical-stress-industry","tag-process-optimization-logistics","tag-promotion-de-la-sante-au-travail","tag-prozessoptimierung-logistik","tag-psychische-belastungen-logistik","tag-psychological-stress-logistics","tag-rapport-dabsenteisme-aok","tag-rapport-de-sante-2025","tag-sante-dans-lindustrie-logistique","tag-sante-des-employes-au-travail","tag-securite-au-travail-logistique","tag-stress-physique-industrie","tag-stress-psychologique-logistique","tag-taux-de-maladie-logistique","tag-workplace-health-management","tag-workplace-health-promotion"],"acf":[],"yoast_head":"<!-- This site is optimized with the Yoast SEO plugin v27.3 - https:\/\/yoast.com\/product\/yoast-seo-wordpress\/ -->\n<title>Preven\u00e7\u00e3o de doen\u00e7as musculoesquel\u00e9ticas - ITJ | International Transport Journal<\/title>\n<meta name=\"robots\" content=\"index, follow, max-snippet:-1, max-image-preview:large, max-video-preview:-1\" \/>\n<link rel=\"canonical\" href=\"https:\/\/transportjournal.com\/pt-pt\/2026\/01\/19\/prevencao-de-doencas-musculoesqueleticas\/\" \/>\n<meta property=\"og:locale\" content=\"pt_PT\" \/>\n<meta property=\"og:type\" content=\"article\" \/>\n<meta property=\"og:title\" content=\"Preven\u00e7\u00e3o de doen\u00e7as musculoesquel\u00e9ticas - ITJ | International Transport Journal\" \/>\n<meta property=\"og:description\" content=\"Doen\u00e7as musculoesquel\u00e9ticas causam, segundo a Barmer e a AOK, cerca de 20 por cento dos dias de aus\u00eancia ao trabalho devido a doen\u00e7as, tornando-se assim a principal raz\u00e3o para faltas.\" \/>\n<meta property=\"og:url\" content=\"https:\/\/transportjournal.com\/pt-pt\/2026\/01\/19\/prevencao-de-doencas-musculoesqueleticas\/\" \/>\n<meta property=\"og:site_name\" content=\"ITJ | International Transport Journal\" \/>\n<meta property=\"article:published_time\" content=\"2026-01-19T09:01:38+00:00\" \/>\n<meta property=\"article:modified_time\" content=\"2026-01-19T09:38:44+00:00\" \/>\n<meta property=\"og:image\" content=\"https:\/\/transportjournal.com\/wp-content\/uploads\/sites\/2\/2026\/01\/PortrA\u00a4t-Adrian-Janina.jpg\" \/>\n\t<meta property=\"og:image:width\" content=\"720\" \/>\n\t<meta property=\"og:image:height\" content=\"404\" \/>\n\t<meta property=\"og:image:type\" content=\"image\/jpeg\" \/>\n<meta name=\"author\" content=\"Jeremy Soland\" \/>\n<meta name=\"twitter:card\" content=\"summary_large_image\" \/>\n<meta name=\"twitter:label1\" content=\"Escrito por\" \/>\n\t<meta name=\"twitter:data1\" content=\"Jeremy Soland\" \/>\n\t<meta name=\"twitter:label2\" content=\"Tempo estimado de leitura\" \/>\n\t<meta name=\"twitter:data2\" content=\"1 minuto\" \/>\n<script type=\"application\/ld+json\" class=\"yoast-schema-graph\">{\"@context\":\"https:\\\/\\\/schema.org\",\"@graph\":[{\"@type\":\"Article\",\"@id\":\"https:\\\/\\\/transportjournal.com\\\/pt-pt\\\/2026\\\/01\\\/19\\\/prevencao-de-doencas-musculoesqueleticas\\\/#article\",\"isPartOf\":{\"@id\":\"https:\\\/\\\/transportjournal.com\\\/pt-pt\\\/2026\\\/01\\\/19\\\/prevencao-de-doencas-musculoesqueleticas\\\/\"},\"author\":{\"name\":\"Jeremy Soland\",\"@id\":\"https:\\\/\\\/transportjournal.com\\\/pt-pt\\\/#\\\/schema\\\/person\\\/41d36b5474b623392fa613e97e2363fa\"},\"headline\":\"Preven\u00e7\u00e3o de doen\u00e7as musculoesquel\u00e9ticas\",\"datePublished\":\"2026-01-19T09:01:38+00:00\",\"dateModified\":\"2026-01-19T09:38:44+00:00\",\"mainEntityOfPage\":{\"@id\":\"https:\\\/\\\/transportjournal.com\\\/pt-pt\\\/2026\\\/01\\\/19\\\/prevencao-de-doencas-musculoesqueleticas\\\/\"},\"wordCount\":216,\"commentCount\":0,\"publisher\":{\"@id\":\"https:\\\/\\\/transportjournal.com\\\/pt-pt\\\/#organization\"},\"image\":{\"@id\":\"https:\\\/\\\/transportjournal.com\\\/pt-pt\\\/2026\\\/01\\\/19\\\/prevencao-de-doencas-musculoesqueleticas\\\/#primaryimage\"},\"thumbnailUrl\":\"https:\\\/\\\/transportjournal.com\\\/wp-content\\\/uploads\\\/sites\\\/2\\\/2026\\\/01\\\/PortrA\u00a4t-Adrian-Janina.jpg\",\"keywords\":[\"absenteeism at work\",\"absent\u00e9isme au travail\",\"am\u00e9lioration de l'efficacit\u00e9 des flux de travail\",\"AOK absenteeism report\",\"AOK Fehlzeiten-Report\",\"Arbeitsschutz Logistik\",\"Branchen mit hohen Belastungen English musculoskeletal disorders\",\"concept de sant\u00e9 logistique\",\"Deutsch Muskel-Skelett-Erkrankungen\",\"efficiency improvement workflows\",\"Effizienzsteigerung Arbeitsabl\u00e4ufe\",\"employee health at work\",\"ergonomics in industry\",\"ergonomie dans l'industrie\",\"Ergonomie in der Industrie\",\"Fehlzeiten am Arbeitsplatz\",\"gestion de la sant\u00e9 au travail\",\"gestion lean de la sant\u00e9\",\"Gesundheit am Arbeitsplatz\",\"Gesundheitsf\u00f6rderung Betriebe\",\"Gesundheitskonzept Logistik\",\"Gesundheitsmanagement Logistik\",\"Gesundheitsreport 2025\",\"health concept logistics\",\"health lean management\",\"health report 2025\",\"high-stress industries Fran\u00e7ais troubles musculo-squelettiques\",\"illness rate logistics\",\"industries \u00e0 forte charge\",\"int\u00e9gration de la gestion de la sant\u00e9\",\"integration of health management\",\"Integration von Gesundheitsmanagement\",\"Kompass360Grad\",\"k\u00f6rperliche Belastungen Industrie\",\"Krankheitsquote Logistik\",\"Lean Management Gesundheit\",\"logistics industry health\",\"Logistikbranche Gesundheit\",\"occupational safety logistics\",\"optimisation des processus logistique\",\"physical stress industry\",\"process optimization logistics\",\"promotion de la sant\u00e9 au travail\",\"Prozessoptimierung Logistik\",\"psychische Belastungen Logistik\",\"psychological stress logistics\",\"rapport d'absent\u00e9isme AOK\",\"rapport de sant\u00e9 2025\",\"sant\u00e9 dans l'industrie logistique\",\"sant\u00e9 des employ\u00e9s au travail\",\"s\u00e9curit\u00e9 au travail logistique\",\"stress physique industrie\",\"stress psychologique logistique\",\"taux de maladie logistique\",\"workplace health management\",\"workplace health promotion\"],\"articleSection\":[\"Europa\",\"Expedi\u00e7\u00e3o de Mercadorias e Log\u00edstica\"],\"inLanguage\":\"pt-PT\",\"potentialAction\":[{\"@type\":\"CommentAction\",\"name\":\"Comment\",\"target\":[\"https:\\\/\\\/transportjournal.com\\\/pt-pt\\\/2026\\\/01\\\/19\\\/prevencao-de-doencas-musculoesqueleticas\\\/#respond\"]}]},{\"@type\":\"WebPage\",\"@id\":\"https:\\\/\\\/transportjournal.com\\\/pt-pt\\\/2026\\\/01\\\/19\\\/prevencao-de-doencas-musculoesqueleticas\\\/\",\"url\":\"https:\\\/\\\/transportjournal.com\\\/pt-pt\\\/2026\\\/01\\\/19\\\/prevencao-de-doencas-musculoesqueleticas\\\/\",\"name\":\"Preven\u00e7\u00e3o de doen\u00e7as musculoesquel\u00e9ticas - ITJ | International Transport Journal\",\"isPartOf\":{\"@id\":\"https:\\\/\\\/transportjournal.com\\\/pt-pt\\\/#website\"},\"primaryImageOfPage\":{\"@id\":\"https:\\\/\\\/transportjournal.com\\\/pt-pt\\\/2026\\\/01\\\/19\\\/prevencao-de-doencas-musculoesqueleticas\\\/#primaryimage\"},\"image\":{\"@id\":\"https:\\\/\\\/transportjournal.com\\\/pt-pt\\\/2026\\\/01\\\/19\\\/prevencao-de-doencas-musculoesqueleticas\\\/#primaryimage\"},\"thumbnailUrl\":\"https:\\\/\\\/transportjournal.com\\\/wp-content\\\/uploads\\\/sites\\\/2\\\/2026\\\/01\\\/PortrA\u00a4t-Adrian-Janina.jpg\",\"datePublished\":\"2026-01-19T09:01:38+00:00\",\"dateModified\":\"2026-01-19T09:38:44+00:00\",\"breadcrumb\":{\"@id\":\"https:\\\/\\\/transportjournal.com\\\/pt-pt\\\/2026\\\/01\\\/19\\\/prevencao-de-doencas-musculoesqueleticas\\\/#breadcrumb\"},\"inLanguage\":\"pt-PT\",\"potentialAction\":[{\"@type\":\"ReadAction\",\"target\":[\"https:\\\/\\\/transportjournal.com\\\/pt-pt\\\/2026\\\/01\\\/19\\\/prevencao-de-doencas-musculoesqueleticas\\\/\"]}]},{\"@type\":\"ImageObject\",\"inLanguage\":\"pt-PT\",\"@id\":\"https:\\\/\\\/transportjournal.com\\\/pt-pt\\\/2026\\\/01\\\/19\\\/prevencao-de-doencas-musculoesqueleticas\\\/#primaryimage\",\"url\":\"https:\\\/\\\/transportjournal.com\\\/wp-content\\\/uploads\\\/sites\\\/2\\\/2026\\\/01\\\/PortrA\u00a4t-Adrian-Janina.jpg\",\"contentUrl\":\"https:\\\/\\\/transportjournal.com\\\/wp-content\\\/uploads\\\/sites\\\/2\\\/2026\\\/01\\\/PortrA\u00a4t-Adrian-Janina.jpg\",\"width\":720,\"height\":404},{\"@type\":\"BreadcrumbList\",\"@id\":\"https:\\\/\\\/transportjournal.com\\\/pt-pt\\\/2026\\\/01\\\/19\\\/prevencao-de-doencas-musculoesqueleticas\\\/#breadcrumb\",\"itemListElement\":[{\"@type\":\"ListItem\",\"position\":1,\"name\":\"Startseite\",\"item\":\"https:\\\/\\\/transportjournal.com\\\/pt-pt\\\/\"},{\"@type\":\"ListItem\",\"position\":2,\"name\":\"Preven\u00e7\u00e3o de doen\u00e7as musculoesquel\u00e9ticas\"}]},{\"@type\":\"WebSite\",\"@id\":\"https:\\\/\\\/transportjournal.com\\\/pt-pt\\\/#website\",\"url\":\"https:\\\/\\\/transportjournal.com\\\/pt-pt\\\/\",\"name\":\"ITJ | International Transport Journal\",\"description\":\"Stay informed with the latest global news from the transport, logistics, and supply chain industries. Transport Journal delivers expert insights, analysis, and updates across shipping, aviation, intermodal, and forwarding.\",\"publisher\":{\"@id\":\"https:\\\/\\\/transportjournal.com\\\/pt-pt\\\/#organization\"},\"potentialAction\":[{\"@type\":\"SearchAction\",\"target\":{\"@type\":\"EntryPoint\",\"urlTemplate\":\"https:\\\/\\\/transportjournal.com\\\/pt-pt\\\/?s={search_term_string}\"},\"query-input\":{\"@type\":\"PropertyValueSpecification\",\"valueRequired\":true,\"valueName\":\"search_term_string\"}}],\"inLanguage\":\"pt-PT\"},{\"@type\":\"Organization\",\"@id\":\"https:\\\/\\\/transportjournal.com\\\/pt-pt\\\/#organization\",\"name\":\"Logismedia Group AG\",\"alternateName\":\"Logismedia Group AG\",\"url\":\"https:\\\/\\\/transportjournal.com\\\/pt-pt\\\/\",\"logo\":{\"@type\":\"ImageObject\",\"inLanguage\":\"pt-PT\",\"@id\":\"https:\\\/\\\/transportjournal.com\\\/pt-pt\\\/#\\\/schema\\\/logo\\\/image\\\/\",\"url\":\"https:\\\/\\\/transportjournal.com\\\/wp-content\\\/uploads\\\/sites\\\/2\\\/2025\\\/09\\\/Logo_ITJ.png\",\"contentUrl\":\"https:\\\/\\\/transportjournal.com\\\/wp-content\\\/uploads\\\/sites\\\/2\\\/2025\\\/09\\\/Logo_ITJ.png\",\"width\":799,\"height\":326,\"caption\":\"Logismedia Group AG\"},\"image\":{\"@id\":\"https:\\\/\\\/transportjournal.com\\\/pt-pt\\\/#\\\/schema\\\/logo\\\/image\\\/\"},\"sameAs\":[\"https:\\\/\\\/www.linkedin.com\\\/company\\\/56456496\\\/admin\\\/dashboard\\\/\",\"https:\\\/\\\/www.instagram.com\\\/logismediagroup\\\/\",\"https:\\\/\\\/www.youtube.com\\\/@LogiamediaGroupAG\"]},{\"@type\":\"Person\",\"@id\":\"https:\\\/\\\/transportjournal.com\\\/pt-pt\\\/#\\\/schema\\\/person\\\/41d36b5474b623392fa613e97e2363fa\",\"name\":\"Jeremy Soland\",\"url\":\"https:\\\/\\\/transportjournal.com\\\/pt-pt\\\/author\\\/jeremy\\\/\"}]}<\/script>\n<!-- \/ Yoast SEO plugin. -->","yoast_head_json":{"title":"Preven\u00e7\u00e3o de doen\u00e7as musculoesquel\u00e9ticas - ITJ | International Transport Journal","robots":{"index":"index","follow":"follow","max-snippet":"max-snippet:-1","max-image-preview":"max-image-preview:large","max-video-preview":"max-video-preview:-1"},"canonical":"https:\/\/transportjournal.com\/pt-pt\/2026\/01\/19\/prevencao-de-doencas-musculoesqueleticas\/","og_locale":"pt_PT","og_type":"article","og_title":"Preven\u00e7\u00e3o de doen\u00e7as musculoesquel\u00e9ticas - ITJ | International Transport Journal","og_description":"Doen\u00e7as musculoesquel\u00e9ticas causam, segundo a Barmer e a AOK, cerca de 20 por cento dos dias de aus\u00eancia ao trabalho devido a doen\u00e7as, tornando-se assim a principal raz\u00e3o para faltas.","og_url":"https:\/\/transportjournal.com\/pt-pt\/2026\/01\/19\/prevencao-de-doencas-musculoesqueleticas\/","og_site_name":"ITJ | International Transport Journal","article_published_time":"2026-01-19T09:01:38+00:00","article_modified_time":"2026-01-19T09:38:44+00:00","og_image":[{"width":720,"height":404,"url":"https:\/\/transportjournal.com\/wp-content\/uploads\/sites\/2\/2026\/01\/PortrA\u00a4t-Adrian-Janina.jpg","type":"image\/jpeg"}],"author":"Jeremy Soland","twitter_card":"summary_large_image","twitter_misc":{"Escrito por":"Jeremy Soland","Tempo estimado de leitura":"1 minuto"},"schema":{"@context":"https:\/\/schema.org","@graph":[{"@type":"Article","@id":"https:\/\/transportjournal.com\/pt-pt\/2026\/01\/19\/prevencao-de-doencas-musculoesqueleticas\/#article","isPartOf":{"@id":"https:\/\/transportjournal.com\/pt-pt\/2026\/01\/19\/prevencao-de-doencas-musculoesqueleticas\/"},"author":{"name":"Jeremy Soland","@id":"https:\/\/transportjournal.com\/pt-pt\/#\/schema\/person\/41d36b5474b623392fa613e97e2363fa"},"headline":"Preven\u00e7\u00e3o de doen\u00e7as musculoesquel\u00e9ticas","datePublished":"2026-01-19T09:01:38+00:00","dateModified":"2026-01-19T09:38:44+00:00","mainEntityOfPage":{"@id":"https:\/\/transportjournal.com\/pt-pt\/2026\/01\/19\/prevencao-de-doencas-musculoesqueleticas\/"},"wordCount":216,"commentCount":0,"publisher":{"@id":"https:\/\/transportjournal.com\/pt-pt\/#organization"},"image":{"@id":"https:\/\/transportjournal.com\/pt-pt\/2026\/01\/19\/prevencao-de-doencas-musculoesqueleticas\/#primaryimage"},"thumbnailUrl":"https:\/\/transportjournal.com\/wp-content\/uploads\/sites\/2\/2026\/01\/PortrA\u00a4t-Adrian-Janina.jpg","keywords":["absenteeism at work","absent\u00e9isme au travail","am\u00e9lioration de l'efficacit\u00e9 des flux de travail","AOK absenteeism report","AOK Fehlzeiten-Report","Arbeitsschutz Logistik","Branchen mit hohen Belastungen English musculoskeletal disorders","concept de sant\u00e9 logistique","Deutsch Muskel-Skelett-Erkrankungen","efficiency improvement workflows","Effizienzsteigerung Arbeitsabl\u00e4ufe","employee health at work","ergonomics in industry","ergonomie dans l'industrie","Ergonomie in der Industrie","Fehlzeiten am Arbeitsplatz","gestion de la sant\u00e9 au travail","gestion lean de la sant\u00e9","Gesundheit am Arbeitsplatz","Gesundheitsf\u00f6rderung Betriebe","Gesundheitskonzept Logistik","Gesundheitsmanagement Logistik","Gesundheitsreport 2025","health concept logistics","health lean management","health report 2025","high-stress industries Fran\u00e7ais troubles musculo-squelettiques","illness rate logistics","industries \u00e0 forte charge","int\u00e9gration de la gestion de la sant\u00e9","integration of health management","Integration von Gesundheitsmanagement","Kompass360Grad","k\u00f6rperliche Belastungen Industrie","Krankheitsquote Logistik","Lean Management Gesundheit","logistics industry health","Logistikbranche Gesundheit","occupational safety logistics","optimisation des processus logistique","physical stress industry","process optimization logistics","promotion de la sant\u00e9 au travail","Prozessoptimierung Logistik","psychische Belastungen Logistik","psychological stress logistics","rapport d'absent\u00e9isme AOK","rapport de sant\u00e9 2025","sant\u00e9 dans l'industrie logistique","sant\u00e9 des employ\u00e9s au travail","s\u00e9curit\u00e9 au travail logistique","stress physique industrie","stress psychologique logistique","taux de maladie logistique","workplace health management","workplace health promotion"],"articleSection":["Europa","Expedi\u00e7\u00e3o de Mercadorias e Log\u00edstica"],"inLanguage":"pt-PT","potentialAction":[{"@type":"CommentAction","name":"Comment","target":["https:\/\/transportjournal.com\/pt-pt\/2026\/01\/19\/prevencao-de-doencas-musculoesqueleticas\/#respond"]}]},{"@type":"WebPage","@id":"https:\/\/transportjournal.com\/pt-pt\/2026\/01\/19\/prevencao-de-doencas-musculoesqueleticas\/","url":"https:\/\/transportjournal.com\/pt-pt\/2026\/01\/19\/prevencao-de-doencas-musculoesqueleticas\/","name":"Preven\u00e7\u00e3o de doen\u00e7as musculoesquel\u00e9ticas - ITJ | International Transport Journal","isPartOf":{"@id":"https:\/\/transportjournal.com\/pt-pt\/#website"},"primaryImageOfPage":{"@id":"https:\/\/transportjournal.com\/pt-pt\/2026\/01\/19\/prevencao-de-doencas-musculoesqueleticas\/#primaryimage"},"image":{"@id":"https:\/\/transportjournal.com\/pt-pt\/2026\/01\/19\/prevencao-de-doencas-musculoesqueleticas\/#primaryimage"},"thumbnailUrl":"https:\/\/transportjournal.com\/wp-content\/uploads\/sites\/2\/2026\/01\/PortrA\u00a4t-Adrian-Janina.jpg","datePublished":"2026-01-19T09:01:38+00:00","dateModified":"2026-01-19T09:38:44+00:00","breadcrumb":{"@id":"https:\/\/transportjournal.com\/pt-pt\/2026\/01\/19\/prevencao-de-doencas-musculoesqueleticas\/#breadcrumb"},"inLanguage":"pt-PT","potentialAction":[{"@type":"ReadAction","target":["https:\/\/transportjournal.com\/pt-pt\/2026\/01\/19\/prevencao-de-doencas-musculoesqueleticas\/"]}]},{"@type":"ImageObject","inLanguage":"pt-PT","@id":"https:\/\/transportjournal.com\/pt-pt\/2026\/01\/19\/prevencao-de-doencas-musculoesqueleticas\/#primaryimage","url":"https:\/\/transportjournal.com\/wp-content\/uploads\/sites\/2\/2026\/01\/PortrA\u00a4t-Adrian-Janina.jpg","contentUrl":"https:\/\/transportjournal.com\/wp-content\/uploads\/sites\/2\/2026\/01\/PortrA\u00a4t-Adrian-Janina.jpg","width":720,"height":404},{"@type":"BreadcrumbList","@id":"https:\/\/transportjournal.com\/pt-pt\/2026\/01\/19\/prevencao-de-doencas-musculoesqueleticas\/#breadcrumb","itemListElement":[{"@type":"ListItem","position":1,"name":"Startseite","item":"https:\/\/transportjournal.com\/pt-pt\/"},{"@type":"ListItem","position":2,"name":"Preven\u00e7\u00e3o de doen\u00e7as musculoesquel\u00e9ticas"}]},{"@type":"WebSite","@id":"https:\/\/transportjournal.com\/pt-pt\/#website","url":"https:\/\/transportjournal.com\/pt-pt\/","name":"ITJ | International Transport Journal","description":"Stay informed with the latest global news from the transport, logistics, and supply chain industries. Transport Journal delivers expert insights, analysis, and updates across shipping, aviation, intermodal, and forwarding.","publisher":{"@id":"https:\/\/transportjournal.com\/pt-pt\/#organization"},"potentialAction":[{"@type":"SearchAction","target":{"@type":"EntryPoint","urlTemplate":"https:\/\/transportjournal.com\/pt-pt\/?s={search_term_string}"},"query-input":{"@type":"PropertyValueSpecification","valueRequired":true,"valueName":"search_term_string"}}],"inLanguage":"pt-PT"},{"@type":"Organization","@id":"https:\/\/transportjournal.com\/pt-pt\/#organization","name":"Logismedia Group AG","alternateName":"Logismedia Group AG","url":"https:\/\/transportjournal.com\/pt-pt\/","logo":{"@type":"ImageObject","inLanguage":"pt-PT","@id":"https:\/\/transportjournal.com\/pt-pt\/#\/schema\/logo\/image\/","url":"https:\/\/transportjournal.com\/wp-content\/uploads\/sites\/2\/2025\/09\/Logo_ITJ.png","contentUrl":"https:\/\/transportjournal.com\/wp-content\/uploads\/sites\/2\/2025\/09\/Logo_ITJ.png","width":799,"height":326,"caption":"Logismedia Group AG"},"image":{"@id":"https:\/\/transportjournal.com\/pt-pt\/#\/schema\/logo\/image\/"},"sameAs":["https:\/\/www.linkedin.com\/company\/56456496\/admin\/dashboard\/","https:\/\/www.instagram.com\/logismediagroup\/","https:\/\/www.youtube.com\/@LogiamediaGroupAG"]},{"@type":"Person","@id":"https:\/\/transportjournal.com\/pt-pt\/#\/schema\/person\/41d36b5474b623392fa613e97e2363fa","name":"Jeremy Soland","url":"https:\/\/transportjournal.com\/pt-pt\/author\/jeremy\/"}]}},"_links":{"self":[{"href":"https:\/\/transportjournal.com\/pt-pt\/wp-json\/wp\/v2\/posts\/73389","targetHints":{"allow":["GET"]}}],"collection":[{"href":"https:\/\/transportjournal.com\/pt-pt\/wp-json\/wp\/v2\/posts"}],"about":[{"href":"https:\/\/transportjournal.com\/pt-pt\/wp-json\/wp\/v2\/types\/post"}],"author":[{"embeddable":true,"href":"https:\/\/transportjournal.com\/pt-pt\/wp-json\/wp\/v2\/users\/10"}],"replies":[{"embeddable":true,"href":"https:\/\/transportjournal.com\/pt-pt\/wp-json\/wp\/v2\/comments?post=73389"}],"version-history":[{"count":1,"href":"https:\/\/transportjournal.com\/pt-pt\/wp-json\/wp\/v2\/posts\/73389\/revisions"}],"predecessor-version":[{"id":73396,"href":"https:\/\/transportjournal.com\/pt-pt\/wp-json\/wp\/v2\/posts\/73389\/revisions\/73396"}],"wp:featuredmedia":[{"embeddable":true,"href":"https:\/\/transportjournal.com\/pt-pt\/wp-json\/wp\/v2\/media\/73384"}],"wp:attachment":[{"href":"https:\/\/transportjournal.com\/pt-pt\/wp-json\/wp\/v2\/media?parent=73389"}],"wp:term":[{"taxonomy":"category","embeddable":true,"href":"https:\/\/transportjournal.com\/pt-pt\/wp-json\/wp\/v2\/categories?post=73389"},{"taxonomy":"post_tag","embeddable":true,"href":"https:\/\/transportjournal.com\/pt-pt\/wp-json\/wp\/v2\/tags?post=73389"}],"curies":[{"name":"wp","href":"https:\/\/api.w.org\/{rel}","templated":true}]}}