{"id":73373,"date":"2026-01-19T08:26:09","date_gmt":"2026-01-19T08:26:09","guid":{"rendered":"https:\/\/transportjournal.com\/2026\/01\/19\/maersk-air-cargo-novo-membro-da-era\/"},"modified":"2026-01-19T15:58:41","modified_gmt":"2026-01-19T14:58:41","slug":"maersk-air-cargo-novo-membro-da-era","status":"publish","type":"post","link":"https:\/\/transportjournal.com\/pt-pt\/2026\/01\/19\/maersk-air-cargo-novo-membro-da-era\/","title":{"rendered":"Maersk Air Cargo novo membro da ERA"},"content":{"rendered":"<p>A European Regions Airline Association (ERA) anunciou que a Maersk Air Cargo foi admitida como novo membro da associa\u00e7\u00e3o. Esta ades\u00e3o visa fortalecer a representa\u00e7\u00e3o da diversificada e em evolu\u00e7\u00e3o paisagem da avia\u00e7\u00e3o na Europa.<\/p>\n<p>A Maersk Air Cargo desempenha um papel central na estrat\u00e9gia de log\u00edstica integrada da Maersk e traz d\u00e9cadas de experi\u00eancia no setor de carga a\u00e9rea. A companhia a\u00e9rea opera hubs na Dinamarca, Alemanha, B\u00e9lgica, Reino Unido e China, conectando mais de 30 aeroportos em todo o mundo por meio de voos regulares. Al\u00e9m disso, aeroportos adicionais s\u00e3o atendidos por voos charter. A frota inclui 19 aeronaves, incluindo Boeing 777 e 767, que realizam mais de 400 movimentos de voo semanalmente em uma rede global em crescimento.<\/p>\n<h3>Expans\u00e3o da compet\u00eancia em carga a\u00e9rea<\/h3>\n<p>Lars Jordahn, CEO da Maersk Air Cargo, expressou satisfa\u00e7\u00e3o com a ades\u00e3o: \u201cA Maersk Air Cargo est\u00e1 entusiasmada em se juntar \u00e0 ERA para fortalecer nossa voz regional e europeia, enquanto expandimos nossa presen\u00e7a e nossa contribui\u00e7\u00e3o para moldar o futuro da carga a\u00e9rea.\u201d<\/p>\n<p>Montserrat Barriga, diretora-geral da ERA, enfatizou a import\u00e2ncia da Maersk Air Cargo para a comunidade de companhias a\u00e9reas da ERA: \u201cA Maersk Air Cargo traz uma expertise significativa em carga a\u00e9rea e uma forte perspectiva de log\u00edstica integrada para a comunidade de companhias a\u00e9reas da ERA. A carga a\u00e9rea \u00e9 um fator essencial para a conectividade europeia e global, e a abordagem voltada para o futuro da Maersk Air Cargo, combinada com sua escalabilidade operacional e foco na sustentabilidade, contribui significativamente para nosso compromisso conjunto na Europa.\u201d<\/p>\n<p>A ades\u00e3o da Maersk Air Cargo sublinha o papel da ERA como voz para companhias a\u00e9reas de passageiros e de carga que operam na Europa e al\u00e9m. \u00c0 medida que a Maersk Air Cargo continua a expandir suas opera\u00e7\u00f5es e a adotar pr\u00e1ticas ambientalmente conscientes, a colabora\u00e7\u00e3o com a ERA \u00e9 considerada valiosa para representar os interesses da ind\u00fastria da avia\u00e7\u00e3o.<\/p>\n<p>&nbsp;<\/p>\n<p><a href=\"https:\/\/www.eraa.org\/\" target=\"_blank\" rel=\"noopener noreferrer\">www.era.org<\/a><\/p>\n<p>&nbsp;<\/p>\n<p><a href=\"https:\/\/www.maersk.com\/\" target=\"_blank\" rel=\"noopener noreferrer\">www.maersk.com<\/a><\/p>\n<p>&nbsp;<\/p>\n","protected":false},"excerpt":{"rendered":"<p>A Maersk Air Cargo foi admitida como novo membro da European Regions Airline Association, com o objetivo de fortalecer o panorama da avia\u00e7\u00e3o na Europa e representar os interesses do setor.<\/p>\n","protected":false},"author":12,"featured_media":73481,"comment_status":"open","ping_status":"open","sticky":false,"template":"","format":"standard","meta":{"_acf_changed":false,"footnotes":""},"categories":[1623,1621,1618],"tags":[6427,2648,6428,3447,6429,6430,6431,6432,6433,4364,6434,6435,6436,6437,6438,6439,6440,6441,6093,6442,6443,6444,6445,6446,6447,6448,6449,6450,6451,6452,6453,6454,6455,6456,2655,6457,6458,6459,2821,1831,6460,1962,6461,3472,6462,3475,4395,2829,6463,6464,4403,6465,6466,6467],"class_list":["post-73373","post","type-post","status-publish","format-standard","has-post-thumbnail","hentry","category-europa","category-regioes","category-transporte-aereo-de-mercadorias","tag-adhesion-era","tag-air-freight","tag-air-freight-expertise","tag-air-freight-market","tag-air-transport-strategy","tag-airlines-europe","tag-airport-connections","tag-allemagne","tag-association-europeenne-des-regions-aeriennes","tag-aviation-durable","tag-belgien","tag-belgique","tag-belgium","tag-boeing-777","tag-charter-flights","tag-charterfluege","tag-china-english-maersk-air-cargo","tag-china-francais-maersk-air-cargo","tag-chine","tag-compagnies-aeriennes-europe","tag-connectivite-europeenne","tag-connexions-aeroportuaires","tag-daenemark","tag-denmark","tag-deutsch-maersk-air-cargo","tag-deutschland","tag-era-membership","tag-era-mitgliedschaft","tag-europaeische-konnektivitaet","tag-european-connectivity","tag-european-regions-airline-association","tag-expertise-en-fret-aerien","tag-fluggesellschaften-europa","tag-flughafenverbindungen","tag-fret-aerien","tag-germany","tag-integrated-logistics","tag-integrierte-logistik","tag-logistics-providers","tag-logistikdienstleister","tag-logistique-integree","tag-luftfracht","tag-luftfrachtkompetenz","tag-luftfrachtmarkt","tag-luftverkehrsstrategie","tag-marche-du-fret-aerien","tag-nachhaltige-luftfahrt","tag-prestataires-logistiques","tag-royaume-uni","tag-strategie-de-transport-aerien","tag-sustainable-aviation","tag-united-kingdom","tag-vereinigtes-koenigreich","tag-vols-charter"],"acf":[],"yoast_head":"<!-- This site is optimized with the Yoast SEO plugin v27.3 - https:\/\/yoast.com\/product\/yoast-seo-wordpress\/ -->\n<title>Maersk Air Cargo novo membro da ERA - ITJ | International Transport Journal<\/title>\n<meta name=\"robots\" content=\"index, follow, max-snippet:-1, max-image-preview:large, max-video-preview:-1\" \/>\n<link rel=\"canonical\" href=\"https:\/\/transportjournal.com\/pt-pt\/2026\/01\/19\/maersk-air-cargo-novo-membro-da-era\/\" \/>\n<meta property=\"og:locale\" content=\"pt_PT\" \/>\n<meta property=\"og:type\" content=\"article\" \/>\n<meta property=\"og:title\" content=\"Maersk Air Cargo novo membro da ERA - ITJ | International Transport Journal\" \/>\n<meta property=\"og:description\" content=\"A Maersk Air Cargo foi admitida como novo membro da European Regions Airline Association, com o objetivo de fortalecer o panorama da avia\u00e7\u00e3o na Europa e representar os interesses do setor.\" \/>\n<meta property=\"og:url\" content=\"https:\/\/transportjournal.com\/pt-pt\/2026\/01\/19\/maersk-air-cargo-novo-membro-da-era\/\" \/>\n<meta property=\"og:site_name\" content=\"ITJ | International Transport Journal\" \/>\n<meta property=\"article:published_time\" content=\"2026-01-19T08:26:09+00:00\" \/>\n<meta property=\"article:modified_time\" content=\"2026-01-19T14:58:41+00:00\" \/>\n<meta name=\"author\" content=\"Andreas Haug\" \/>\n<meta name=\"twitter:card\" content=\"summary_large_image\" \/>\n<meta name=\"twitter:label1\" content=\"Escrito por\" \/>\n\t<meta name=\"twitter:data1\" content=\"Andreas Haug\" \/>\n\t<meta name=\"twitter:label2\" content=\"Tempo estimado de leitura\" \/>\n\t<meta name=\"twitter:data2\" content=\"2 minutos\" \/>\n<script type=\"application\/ld+json\" class=\"yoast-schema-graph\">{\"@context\":\"https:\\\/\\\/schema.org\",\"@graph\":[{\"@type\":\"Article\",\"@id\":\"https:\\\/\\\/transportjournal.com\\\/pt-pt\\\/2026\\\/01\\\/19\\\/maersk-air-cargo-novo-membro-da-era\\\/#article\",\"isPartOf\":{\"@id\":\"https:\\\/\\\/transportjournal.com\\\/pt-pt\\\/2026\\\/01\\\/19\\\/maersk-air-cargo-novo-membro-da-era\\\/\"},\"author\":{\"name\":\"Andreas Haug\",\"@id\":\"https:\\\/\\\/transportjournal.com\\\/pt-pt\\\/#\\\/schema\\\/person\\\/cf538b3157f15afd7589245a4b3dbd25\"},\"headline\":\"Maersk Air Cargo novo membro da ERA\",\"datePublished\":\"2026-01-19T08:26:09+00:00\",\"dateModified\":\"2026-01-19T14:58:41+00:00\",\"mainEntityOfPage\":{\"@id\":\"https:\\\/\\\/transportjournal.com\\\/pt-pt\\\/2026\\\/01\\\/19\\\/maersk-air-cargo-novo-membro-da-era\\\/\"},\"wordCount\":362,\"commentCount\":0,\"publisher\":{\"@id\":\"https:\\\/\\\/transportjournal.com\\\/pt-pt\\\/#organization\"},\"image\":{\"@id\":\"https:\\\/\\\/transportjournal.com\\\/pt-pt\\\/2026\\\/01\\\/19\\\/maersk-air-cargo-novo-membro-da-era\\\/#primaryimage\"},\"thumbnailUrl\":\"https:\\\/\\\/transportjournal.com\\\/wp-content\\\/uploads\\\/sites\\\/2\\\/2026\\\/01\\\/Maersk.jpg\",\"keywords\":[\"adh\u00e9sion ERA\",\"air freight\",\"air freight expertise\",\"air freight market\",\"air transport strategy\",\"airlines Europe\",\"airport connections\",\"Allemagne\",\"Association Europ\u00e9enne des R\u00e9gions A\u00e9riennes\",\"aviation durable\",\"Belgien\",\"Belgique\",\"Belgium\",\"Boeing 777\",\"charter flights\",\"Charterfl\u00fcge\",\"China English Maersk Air Cargo\",\"China Fran\u00e7ais Maersk Air Cargo\",\"Chine\",\"compagnies a\u00e9riennes Europe\",\"connectivit\u00e9 europ\u00e9enne\",\"connexions a\u00e9roportuaires\",\"D\u00e4nemark\",\"Denmark\",\"Deutsch Maersk Air Cargo\",\"Deutschland\",\"ERA membership\",\"ERA Mitgliedschaft\",\"europ\u00e4ische Konnektivit\u00e4t\",\"European connectivity\",\"European Regions Airline Association\",\"expertise en fret a\u00e9rien\",\"Fluggesellschaften Europa\",\"Flughafenverbindungen\",\"fret a\u00e9rien\",\"Germany\",\"integrated logistics\",\"integrierte Logistik\",\"logistics providers\",\"Logistikdienstleister\",\"logistique int\u00e9gr\u00e9e\",\"Luftfracht\",\"Luftfrachtkompetenz\",\"Luftfrachtmarkt\",\"Luftverkehrsstrategie\",\"march\u00e9 du fret a\u00e9rien\",\"nachhaltige Luftfahrt\",\"prestataires logistiques\",\"Royaume-Uni\",\"strat\u00e9gie de transport a\u00e9rien\",\"sustainable aviation\",\"United Kingdom\",\"Vereinigtes K\u00f6nigreich\",\"vols charter\"],\"articleSection\":[\"Europa\",\"Regi\u00f5es\",\"Transporte a\u00e9reo de mercadorias\"],\"inLanguage\":\"pt-PT\",\"potentialAction\":[{\"@type\":\"CommentAction\",\"name\":\"Comment\",\"target\":[\"https:\\\/\\\/transportjournal.com\\\/pt-pt\\\/2026\\\/01\\\/19\\\/maersk-air-cargo-novo-membro-da-era\\\/#respond\"]}]},{\"@type\":\"WebPage\",\"@id\":\"https:\\\/\\\/transportjournal.com\\\/pt-pt\\\/2026\\\/01\\\/19\\\/maersk-air-cargo-novo-membro-da-era\\\/\",\"url\":\"https:\\\/\\\/transportjournal.com\\\/pt-pt\\\/2026\\\/01\\\/19\\\/maersk-air-cargo-novo-membro-da-era\\\/\",\"name\":\"Maersk Air Cargo novo membro da ERA - ITJ | International Transport Journal\",\"isPartOf\":{\"@id\":\"https:\\\/\\\/transportjournal.com\\\/pt-pt\\\/#website\"},\"primaryImageOfPage\":{\"@id\":\"https:\\\/\\\/transportjournal.com\\\/pt-pt\\\/2026\\\/01\\\/19\\\/maersk-air-cargo-novo-membro-da-era\\\/#primaryimage\"},\"image\":{\"@id\":\"https:\\\/\\\/transportjournal.com\\\/pt-pt\\\/2026\\\/01\\\/19\\\/maersk-air-cargo-novo-membro-da-era\\\/#primaryimage\"},\"thumbnailUrl\":\"https:\\\/\\\/transportjournal.com\\\/wp-content\\\/uploads\\\/sites\\\/2\\\/2026\\\/01\\\/Maersk.jpg\",\"datePublished\":\"2026-01-19T08:26:09+00:00\",\"dateModified\":\"2026-01-19T14:58:41+00:00\",\"breadcrumb\":{\"@id\":\"https:\\\/\\\/transportjournal.com\\\/pt-pt\\\/2026\\\/01\\\/19\\\/maersk-air-cargo-novo-membro-da-era\\\/#breadcrumb\"},\"inLanguage\":\"pt-PT\",\"potentialAction\":[{\"@type\":\"ReadAction\",\"target\":[\"https:\\\/\\\/transportjournal.com\\\/pt-pt\\\/2026\\\/01\\\/19\\\/maersk-air-cargo-novo-membro-da-era\\\/\"]}]},{\"@type\":\"ImageObject\",\"inLanguage\":\"pt-PT\",\"@id\":\"https:\\\/\\\/transportjournal.com\\\/pt-pt\\\/2026\\\/01\\\/19\\\/maersk-air-cargo-novo-membro-da-era\\\/#primaryimage\",\"url\":\"https:\\\/\\\/transportjournal.com\\\/wp-content\\\/uploads\\\/sites\\\/2\\\/2026\\\/01\\\/Maersk.jpg\",\"contentUrl\":\"https:\\\/\\\/transportjournal.com\\\/wp-content\\\/uploads\\\/sites\\\/2\\\/2026\\\/01\\\/Maersk.jpg\",\"width\":720,\"height\":405},{\"@type\":\"BreadcrumbList\",\"@id\":\"https:\\\/\\\/transportjournal.com\\\/pt-pt\\\/2026\\\/01\\\/19\\\/maersk-air-cargo-novo-membro-da-era\\\/#breadcrumb\",\"itemListElement\":[{\"@type\":\"ListItem\",\"position\":1,\"name\":\"Startseite\",\"item\":\"https:\\\/\\\/transportjournal.com\\\/pt-pt\\\/\"},{\"@type\":\"ListItem\",\"position\":2,\"name\":\"Maersk Air Cargo novo membro da ERA\"}]},{\"@type\":\"WebSite\",\"@id\":\"https:\\\/\\\/transportjournal.com\\\/pt-pt\\\/#website\",\"url\":\"https:\\\/\\\/transportjournal.com\\\/pt-pt\\\/\",\"name\":\"ITJ | International Transport Journal\",\"description\":\"Stay informed with the latest global news from the transport, logistics, and supply chain industries. Transport Journal delivers expert insights, analysis, and updates across shipping, aviation, intermodal, and forwarding.\",\"publisher\":{\"@id\":\"https:\\\/\\\/transportjournal.com\\\/pt-pt\\\/#organization\"},\"potentialAction\":[{\"@type\":\"SearchAction\",\"target\":{\"@type\":\"EntryPoint\",\"urlTemplate\":\"https:\\\/\\\/transportjournal.com\\\/pt-pt\\\/?s={search_term_string}\"},\"query-input\":{\"@type\":\"PropertyValueSpecification\",\"valueRequired\":true,\"valueName\":\"search_term_string\"}}],\"inLanguage\":\"pt-PT\"},{\"@type\":\"Organization\",\"@id\":\"https:\\\/\\\/transportjournal.com\\\/pt-pt\\\/#organization\",\"name\":\"Logismedia Group AG\",\"alternateName\":\"Logismedia Group AG\",\"url\":\"https:\\\/\\\/transportjournal.com\\\/pt-pt\\\/\",\"logo\":{\"@type\":\"ImageObject\",\"inLanguage\":\"pt-PT\",\"@id\":\"https:\\\/\\\/transportjournal.com\\\/pt-pt\\\/#\\\/schema\\\/logo\\\/image\\\/\",\"url\":\"https:\\\/\\\/transportjournal.com\\\/wp-content\\\/uploads\\\/sites\\\/2\\\/2025\\\/09\\\/Logo_ITJ.png\",\"contentUrl\":\"https:\\\/\\\/transportjournal.com\\\/wp-content\\\/uploads\\\/sites\\\/2\\\/2025\\\/09\\\/Logo_ITJ.png\",\"width\":799,\"height\":326,\"caption\":\"Logismedia Group AG\"},\"image\":{\"@id\":\"https:\\\/\\\/transportjournal.com\\\/pt-pt\\\/#\\\/schema\\\/logo\\\/image\\\/\"},\"sameAs\":[\"https:\\\/\\\/www.linkedin.com\\\/company\\\/56456496\\\/admin\\\/dashboard\\\/\",\"https:\\\/\\\/www.instagram.com\\\/logismediagroup\\\/\",\"https:\\\/\\\/www.youtube.com\\\/@LogiamediaGroupAG\"]},{\"@type\":\"Person\",\"@id\":\"https:\\\/\\\/transportjournal.com\\\/pt-pt\\\/#\\\/schema\\\/person\\\/cf538b3157f15afd7589245a4b3dbd25\",\"name\":\"Andreas Haug\",\"url\":\"https:\\\/\\\/transportjournal.com\\\/pt-pt\\\/author\\\/andreas\\\/\"}]}<\/script>\n<!-- \/ Yoast SEO plugin. -->","yoast_head_json":{"title":"Maersk Air Cargo novo membro da ERA - ITJ | International Transport Journal","robots":{"index":"index","follow":"follow","max-snippet":"max-snippet:-1","max-image-preview":"max-image-preview:large","max-video-preview":"max-video-preview:-1"},"canonical":"https:\/\/transportjournal.com\/pt-pt\/2026\/01\/19\/maersk-air-cargo-novo-membro-da-era\/","og_locale":"pt_PT","og_type":"article","og_title":"Maersk Air Cargo novo membro da ERA - ITJ | International Transport Journal","og_description":"A Maersk Air Cargo foi admitida como novo membro da European Regions Airline Association, com o objetivo de fortalecer o panorama da avia\u00e7\u00e3o na Europa e representar os interesses do setor.","og_url":"https:\/\/transportjournal.com\/pt-pt\/2026\/01\/19\/maersk-air-cargo-novo-membro-da-era\/","og_site_name":"ITJ | International Transport Journal","article_published_time":"2026-01-19T08:26:09+00:00","article_modified_time":"2026-01-19T14:58:41+00:00","author":"Andreas Haug","twitter_card":"summary_large_image","twitter_misc":{"Escrito por":"Andreas Haug","Tempo estimado de leitura":"2 minutos"},"schema":{"@context":"https:\/\/schema.org","@graph":[{"@type":"Article","@id":"https:\/\/transportjournal.com\/pt-pt\/2026\/01\/19\/maersk-air-cargo-novo-membro-da-era\/#article","isPartOf":{"@id":"https:\/\/transportjournal.com\/pt-pt\/2026\/01\/19\/maersk-air-cargo-novo-membro-da-era\/"},"author":{"name":"Andreas Haug","@id":"https:\/\/transportjournal.com\/pt-pt\/#\/schema\/person\/cf538b3157f15afd7589245a4b3dbd25"},"headline":"Maersk Air Cargo novo membro da ERA","datePublished":"2026-01-19T08:26:09+00:00","dateModified":"2026-01-19T14:58:41+00:00","mainEntityOfPage":{"@id":"https:\/\/transportjournal.com\/pt-pt\/2026\/01\/19\/maersk-air-cargo-novo-membro-da-era\/"},"wordCount":362,"commentCount":0,"publisher":{"@id":"https:\/\/transportjournal.com\/pt-pt\/#organization"},"image":{"@id":"https:\/\/transportjournal.com\/pt-pt\/2026\/01\/19\/maersk-air-cargo-novo-membro-da-era\/#primaryimage"},"thumbnailUrl":"https:\/\/transportjournal.com\/wp-content\/uploads\/sites\/2\/2026\/01\/Maersk.jpg","keywords":["adh\u00e9sion ERA","air freight","air freight expertise","air freight market","air transport strategy","airlines Europe","airport connections","Allemagne","Association Europ\u00e9enne des R\u00e9gions A\u00e9riennes","aviation durable","Belgien","Belgique","Belgium","Boeing 777","charter flights","Charterfl\u00fcge","China English Maersk Air Cargo","China Fran\u00e7ais Maersk Air Cargo","Chine","compagnies a\u00e9riennes Europe","connectivit\u00e9 europ\u00e9enne","connexions a\u00e9roportuaires","D\u00e4nemark","Denmark","Deutsch Maersk Air Cargo","Deutschland","ERA membership","ERA Mitgliedschaft","europ\u00e4ische Konnektivit\u00e4t","European connectivity","European Regions Airline Association","expertise en fret a\u00e9rien","Fluggesellschaften Europa","Flughafenverbindungen","fret a\u00e9rien","Germany","integrated logistics","integrierte Logistik","logistics providers","Logistikdienstleister","logistique int\u00e9gr\u00e9e","Luftfracht","Luftfrachtkompetenz","Luftfrachtmarkt","Luftverkehrsstrategie","march\u00e9 du fret a\u00e9rien","nachhaltige Luftfahrt","prestataires logistiques","Royaume-Uni","strat\u00e9gie de transport a\u00e9rien","sustainable aviation","United Kingdom","Vereinigtes K\u00f6nigreich","vols charter"],"articleSection":["Europa","Regi\u00f5es","Transporte a\u00e9reo de mercadorias"],"inLanguage":"pt-PT","potentialAction":[{"@type":"CommentAction","name":"Comment","target":["https:\/\/transportjournal.com\/pt-pt\/2026\/01\/19\/maersk-air-cargo-novo-membro-da-era\/#respond"]}]},{"@type":"WebPage","@id":"https:\/\/transportjournal.com\/pt-pt\/2026\/01\/19\/maersk-air-cargo-novo-membro-da-era\/","url":"https:\/\/transportjournal.com\/pt-pt\/2026\/01\/19\/maersk-air-cargo-novo-membro-da-era\/","name":"Maersk Air Cargo novo membro da ERA - ITJ | International Transport Journal","isPartOf":{"@id":"https:\/\/transportjournal.com\/pt-pt\/#website"},"primaryImageOfPage":{"@id":"https:\/\/transportjournal.com\/pt-pt\/2026\/01\/19\/maersk-air-cargo-novo-membro-da-era\/#primaryimage"},"image":{"@id":"https:\/\/transportjournal.com\/pt-pt\/2026\/01\/19\/maersk-air-cargo-novo-membro-da-era\/#primaryimage"},"thumbnailUrl":"https:\/\/transportjournal.com\/wp-content\/uploads\/sites\/2\/2026\/01\/Maersk.jpg","datePublished":"2026-01-19T08:26:09+00:00","dateModified":"2026-01-19T14:58:41+00:00","breadcrumb":{"@id":"https:\/\/transportjournal.com\/pt-pt\/2026\/01\/19\/maersk-air-cargo-novo-membro-da-era\/#breadcrumb"},"inLanguage":"pt-PT","potentialAction":[{"@type":"ReadAction","target":["https:\/\/transportjournal.com\/pt-pt\/2026\/01\/19\/maersk-air-cargo-novo-membro-da-era\/"]}]},{"@type":"ImageObject","inLanguage":"pt-PT","@id":"https:\/\/transportjournal.com\/pt-pt\/2026\/01\/19\/maersk-air-cargo-novo-membro-da-era\/#primaryimage","url":"https:\/\/transportjournal.com\/wp-content\/uploads\/sites\/2\/2026\/01\/Maersk.jpg","contentUrl":"https:\/\/transportjournal.com\/wp-content\/uploads\/sites\/2\/2026\/01\/Maersk.jpg","width":720,"height":405},{"@type":"BreadcrumbList","@id":"https:\/\/transportjournal.com\/pt-pt\/2026\/01\/19\/maersk-air-cargo-novo-membro-da-era\/#breadcrumb","itemListElement":[{"@type":"ListItem","position":1,"name":"Startseite","item":"https:\/\/transportjournal.com\/pt-pt\/"},{"@type":"ListItem","position":2,"name":"Maersk Air Cargo novo membro da ERA"}]},{"@type":"WebSite","@id":"https:\/\/transportjournal.com\/pt-pt\/#website","url":"https:\/\/transportjournal.com\/pt-pt\/","name":"ITJ | International Transport Journal","description":"Stay informed with the latest global news from the transport, logistics, and supply chain industries. Transport Journal delivers expert insights, analysis, and updates across shipping, aviation, intermodal, and forwarding.","publisher":{"@id":"https:\/\/transportjournal.com\/pt-pt\/#organization"},"potentialAction":[{"@type":"SearchAction","target":{"@type":"EntryPoint","urlTemplate":"https:\/\/transportjournal.com\/pt-pt\/?s={search_term_string}"},"query-input":{"@type":"PropertyValueSpecification","valueRequired":true,"valueName":"search_term_string"}}],"inLanguage":"pt-PT"},{"@type":"Organization","@id":"https:\/\/transportjournal.com\/pt-pt\/#organization","name":"Logismedia Group AG","alternateName":"Logismedia Group AG","url":"https:\/\/transportjournal.com\/pt-pt\/","logo":{"@type":"ImageObject","inLanguage":"pt-PT","@id":"https:\/\/transportjournal.com\/pt-pt\/#\/schema\/logo\/image\/","url":"https:\/\/transportjournal.com\/wp-content\/uploads\/sites\/2\/2025\/09\/Logo_ITJ.png","contentUrl":"https:\/\/transportjournal.com\/wp-content\/uploads\/sites\/2\/2025\/09\/Logo_ITJ.png","width":799,"height":326,"caption":"Logismedia Group AG"},"image":{"@id":"https:\/\/transportjournal.com\/pt-pt\/#\/schema\/logo\/image\/"},"sameAs":["https:\/\/www.linkedin.com\/company\/56456496\/admin\/dashboard\/","https:\/\/www.instagram.com\/logismediagroup\/","https:\/\/www.youtube.com\/@LogiamediaGroupAG"]},{"@type":"Person","@id":"https:\/\/transportjournal.com\/pt-pt\/#\/schema\/person\/cf538b3157f15afd7589245a4b3dbd25","name":"Andreas Haug","url":"https:\/\/transportjournal.com\/pt-pt\/author\/andreas\/"}]}},"_links":{"self":[{"href":"https:\/\/transportjournal.com\/pt-pt\/wp-json\/wp\/v2\/posts\/73373","targetHints":{"allow":["GET"]}}],"collection":[{"href":"https:\/\/transportjournal.com\/pt-pt\/wp-json\/wp\/v2\/posts"}],"about":[{"href":"https:\/\/transportjournal.com\/pt-pt\/wp-json\/wp\/v2\/types\/post"}],"author":[{"embeddable":true,"href":"https:\/\/transportjournal.com\/pt-pt\/wp-json\/wp\/v2\/users\/12"}],"replies":[{"embeddable":true,"href":"https:\/\/transportjournal.com\/pt-pt\/wp-json\/wp\/v2\/comments?post=73373"}],"version-history":[{"count":1,"href":"https:\/\/transportjournal.com\/pt-pt\/wp-json\/wp\/v2\/posts\/73373\/revisions"}],"predecessor-version":[{"id":73486,"href":"https:\/\/transportjournal.com\/pt-pt\/wp-json\/wp\/v2\/posts\/73373\/revisions\/73486"}],"wp:featuredmedia":[{"embeddable":true,"href":"https:\/\/transportjournal.com\/pt-pt\/wp-json\/wp\/v2\/media\/73481"}],"wp:attachment":[{"href":"https:\/\/transportjournal.com\/pt-pt\/wp-json\/wp\/v2\/media?parent=73373"}],"wp:term":[{"taxonomy":"category","embeddable":true,"href":"https:\/\/transportjournal.com\/pt-pt\/wp-json\/wp\/v2\/categories?post=73373"},{"taxonomy":"post_tag","embeddable":true,"href":"https:\/\/transportjournal.com\/pt-pt\/wp-json\/wp\/v2\/tags?post=73373"}],"curies":[{"name":"wp","href":"https:\/\/api.w.org\/{rel}","templated":true}]}}