{"id":73365,"date":"2026-01-19T08:20:03","date_gmt":"2026-01-19T08:20:03","guid":{"rendered":"https:\/\/transportjournal.com\/2026\/01\/19\/efw-oitavo-aviao-de-carga-entregue-a-air-china\/"},"modified":"2026-01-19T08:20:03","modified_gmt":"2026-01-19T08:20:03","slug":"efw-oitavo-aviao-de-carga-entregue-a-air-china","status":"publish","type":"post","link":"https:\/\/transportjournal.com\/pt-pt\/2026\/01\/19\/efw-oitavo-aviao-de-carga-entregue-a-air-china\/","title":{"rendered":"EFW: Oitavo avi\u00e3o de carga entregue \u00e0 Air China"},"content":{"rendered":"<p>No dia 14 de janeiro de 2026, a Elbe Flugzeugwerke (EFW) entregou o oitavo avi\u00e3o de carga ao seu cliente Air China Cargo. Com esta entrega, a EFW concluiu com sucesso um contrato significativo na China. A convers\u00e3o do avi\u00e3o de passageiros foi planejada em Dresden e realizada pela Ameco em Chengdu, China, um dos oito locais internacionais de convers\u00e3o na rede da EFW.<\/p>\n<h3>Colabora\u00e7\u00e3o bem-sucedida na convers\u00e3o<\/h3>\n<p>Torsten Kuehn, chefe do programa de convers\u00e3o da EFW, expressou-se orgulhoso durante a cerim\u00f4nia de entrega em Chengdu sobre a colabora\u00e7\u00e3o bem-sucedida entre as equipes da Air China Cargo e da Ameco. \u201cEstamos ansiosos para continuar nossa parceria nos pr\u00f3ximos anos\u201d, disse Kuehn.<\/p>\n<p>Shen Min, CEO da Ameco, enfatizou que a entrega do primeiro avi\u00e3o marcou o in\u00edcio da coopera\u00e7\u00e3o e que a entrega completa representa o in\u00edcio de uma nova fase de colabora\u00e7\u00e3o. A Ameco planeja iniciar uma nova rodada de projetos globais P2F (Passenger-to-Freighter) com a EFW. O objetivo \u00e9 aprofundar a parceria estrat\u00e9gica com a EFW e avan\u00e7ar juntos no desenvolvimento cont\u00ednuo do ecossistema P2F.<\/p>\n<p>A convers\u00e3o dos avi\u00f5es de carga da Air China (A330-200) levou cerca de dois anos; o primeiro avi\u00e3o de carga convertido foi colocado em opera\u00e7\u00e3o no primeiro trimestre de 2023. A EFW traz sua experi\u00eancia e certifica\u00e7\u00f5es para o processo de convers\u00e3o e contrata diretamente a Ameco para a realiza\u00e7\u00e3o dos trabalhos.<\/p>\n<p>A Ameco \u00e9 respons\u00e1vel pela manuten\u00e7\u00e3o de toda a frota da Air China. Uma das particularidades do local em Chengdu \u00e9 a convers\u00e3o de avi\u00f5es de passageiros em avi\u00f5es de carga. A EFW e a Ameco trabalham juntas desde julho de 2022. No \u00e2mbito da coopera\u00e7\u00e3o, profissionais foram trocados e treinados nos respectivos locais. Especialistas da EFW apoiam seus colegas chineses durante determinadas fases da convers\u00e3o no local e realizam inspe\u00e7\u00f5es de qualidade e procedimentos de aceita\u00e7\u00e3o ao final do processo.<\/p>\n<p>&nbsp;<\/p>\n<p><a href=\"https:\/\/www.elbeflugzeugwerke.com\/\" target=\"_blank\" rel=\"noopener noreferrer\">www.elbeflugzeugwerke.com<\/a><\/p>\n<p>&nbsp;<\/p>\n","protected":false},"excerpt":{"rendered":"<p>Na quarta-feira, 14 de janeiro de 2026, a Elbe Flugzeugwerke entregou com sucesso o oitavo avi\u00e3o de carga \u00e0 Air China Cargo, consolidando assim sua parceria.<\/p>\n","protected":false},"author":12,"featured_media":73360,"comment_status":"open","ping_status":"open","sticky":false,"template":"","format":"standard","meta":{"_acf_changed":false,"footnotes":""},"categories":[1622,1623,1621,1618],"tags":[6403,6404,2648,3215,6405,3397,3398,2207,6406,6407,6408,6409,6410,2211,2212,1889,3417,6411,2655,3418,2125,6412,6413,6414,2133,1831,3423,1962,3251,6415,6416,6114,6417,3602,2148,6418,6419,6420,6421,6422,2237,6124,6125,1857,2242,2155,1837,6423,6424,6425,6426],"class_list":["post-73365","post","type-post","status-publish","format-standard","has-post-thumbnail","hentry","category-asia-pacifico","category-europa","category-regioes","category-transporte-aereo-de-mercadorias","tag-a330-200","tag-air-china-cargo","tag-air-freight","tag-aircraft-maintenance","tag-ameco-chengdu","tag-aviation-industry","tag-avion-cargo","tag-chaine-dapprovisionnement","tag-collaboration","tag-collaboration-francais-efw","tag-conversion-passager-en-cargo","tag-conversion-process","tag-deutsch-efw","tag-digital-transformation","tag-digitale-transformation","tag-fachkraeftemangel","tag-frachtflugzeug","tag-freighter-aircraft","tag-fret-aerien","tag-industrie-aeronautique","tag-industrie-du-transport","tag-inspections-de-qualite","tag-international-conversion-sites","tag-internationale-umrueststandorte","tag-logistics-service-providers","tag-logistikdienstleister","tag-luftfahrtindustrie","tag-luftfracht","tag-maintenance-des-avions","tag-p2f-projects","tag-p2f-projekte","tag-partenariat-strategique","tag-passenger-to-freighter-conversion","tag-penurie-de-competences","tag-prestataires-de-services-logistiques","tag-processus-de-conversion","tag-projets-p2f","tag-qualitaetspruefungen","tag-quality-inspections","tag-sites-de-conversion-internationaux","tag-skills-shortage","tag-strategic-partnership","tag-strategische-partnerschaft","tag-supply-chain","tag-transformation-numerique","tag-transport-industry","tag-transportwirtschaft","tag-umruestung-passagierflugzeug","tag-umruestungsprozess","tag-wartung-flugzeuge","tag-zusammenarbeit-english-efw"],"acf":[],"yoast_head":"<!-- This site is optimized with the Yoast SEO plugin v27.3 - https:\/\/yoast.com\/product\/yoast-seo-wordpress\/ -->\n<title>EFW: Oitavo avi\u00e3o de carga entregue \u00e0 Air China - ITJ | International Transport Journal<\/title>\n<meta name=\"robots\" content=\"index, follow, max-snippet:-1, max-image-preview:large, max-video-preview:-1\" \/>\n<link rel=\"canonical\" href=\"https:\/\/transportjournal.com\/pt-pt\/2026\/01\/19\/efw-oitavo-aviao-de-carga-entregue-a-air-china\/\" \/>\n<meta property=\"og:locale\" content=\"pt_PT\" \/>\n<meta property=\"og:type\" content=\"article\" \/>\n<meta property=\"og:title\" content=\"EFW: Oitavo avi\u00e3o de carga entregue \u00e0 Air China - ITJ | International Transport Journal\" \/>\n<meta property=\"og:description\" content=\"Na quarta-feira, 14 de janeiro de 2026, a Elbe Flugzeugwerke entregou com sucesso o oitavo avi\u00e3o de carga \u00e0 Air China Cargo, consolidando assim sua parceria.\" \/>\n<meta property=\"og:url\" content=\"https:\/\/transportjournal.com\/pt-pt\/2026\/01\/19\/efw-oitavo-aviao-de-carga-entregue-a-air-china\/\" \/>\n<meta property=\"og:site_name\" content=\"ITJ | International Transport Journal\" \/>\n<meta property=\"article:published_time\" content=\"2026-01-19T08:20:03+00:00\" \/>\n<meta property=\"og:image\" content=\"https:\/\/transportjournal.com\/wp-content\/uploads\/sites\/2\/2026\/01\/EFW-2026-efw-delivery-air-china-aspect-ratio-1400-788.jpg\" \/>\n\t<meta property=\"og:image:width\" content=\"1576\" \/>\n\t<meta property=\"og:image:height\" content=\"887\" \/>\n\t<meta property=\"og:image:type\" content=\"image\/jpeg\" \/>\n<meta name=\"author\" content=\"Andreas Haug\" \/>\n<meta name=\"twitter:card\" content=\"summary_large_image\" \/>\n<meta name=\"twitter:label1\" content=\"Escrito por\" \/>\n\t<meta name=\"twitter:data1\" content=\"Andreas Haug\" \/>\n\t<meta name=\"twitter:label2\" content=\"Tempo estimado de leitura\" \/>\n\t<meta name=\"twitter:data2\" content=\"2 minutos\" \/>\n<script type=\"application\/ld+json\" class=\"yoast-schema-graph\">{\"@context\":\"https:\\\/\\\/schema.org\",\"@graph\":[{\"@type\":\"Article\",\"@id\":\"https:\\\/\\\/transportjournal.com\\\/pt-pt\\\/2026\\\/01\\\/19\\\/efw-oitavo-aviao-de-carga-entregue-a-air-china\\\/#article\",\"isPartOf\":{\"@id\":\"https:\\\/\\\/transportjournal.com\\\/pt-pt\\\/2026\\\/01\\\/19\\\/efw-oitavo-aviao-de-carga-entregue-a-air-china\\\/\"},\"author\":{\"name\":\"Andreas Haug\",\"@id\":\"https:\\\/\\\/transportjournal.com\\\/pt-pt\\\/#\\\/schema\\\/person\\\/cf538b3157f15afd7589245a4b3dbd25\"},\"headline\":\"EFW: Oitavo avi\u00e3o de carga entregue \u00e0 Air China\",\"datePublished\":\"2026-01-19T08:20:03+00:00\",\"mainEntityOfPage\":{\"@id\":\"https:\\\/\\\/transportjournal.com\\\/pt-pt\\\/2026\\\/01\\\/19\\\/efw-oitavo-aviao-de-carga-entregue-a-air-china\\\/\"},\"wordCount\":354,\"commentCount\":0,\"publisher\":{\"@id\":\"https:\\\/\\\/transportjournal.com\\\/pt-pt\\\/#organization\"},\"image\":{\"@id\":\"https:\\\/\\\/transportjournal.com\\\/pt-pt\\\/2026\\\/01\\\/19\\\/efw-oitavo-aviao-de-carga-entregue-a-air-china\\\/#primaryimage\"},\"thumbnailUrl\":\"https:\\\/\\\/transportjournal.com\\\/wp-content\\\/uploads\\\/sites\\\/2\\\/2026\\\/01\\\/EFW-2026-efw-delivery-air-china-aspect-ratio-1400-788.jpg\",\"keywords\":[\"A330-200\",\"Air China Cargo\",\"air freight\",\"aircraft maintenance\",\"Ameco Chengdu\",\"aviation industry\",\"avion cargo\",\"cha\u00eene d'approvisionnement\",\"collaboration\",\"collaboration Fran\u00e7ais EFW\",\"conversion passager-en-cargo\",\"conversion process\",\"Deutsch EFW\",\"digital transformation\",\"digitale Transformation\",\"Fachkr\u00e4ftemangel\",\"Frachtflugzeug\",\"freighter aircraft\",\"fret a\u00e9rien\",\"industrie a\u00e9ronautique\",\"industrie du transport\",\"inspections de qualit\u00e9\",\"international conversion sites\",\"internationale Umr\u00fcststandorte\",\"logistics service providers\",\"Logistikdienstleister\",\"Luftfahrtindustrie\",\"Luftfracht\",\"maintenance des avions\",\"P2F projects\",\"P2F-Projekte\",\"partenariat strat\u00e9gique\",\"passenger-to-freighter conversion\",\"p\u00e9nurie de comp\u00e9tences\",\"prestataires de services logistiques\",\"processus de conversion\",\"projets P2F\",\"Qualit\u00e4tspr\u00fcfungen\",\"quality inspections\",\"sites de conversion internationaux\",\"skills shortage\",\"strategic partnership\",\"strategische Partnerschaft\",\"Supply Chain\",\"transformation num\u00e9rique\",\"transport industry\",\"Transportwirtschaft\",\"Umr\u00fcstung Passagierflugzeug\",\"Umr\u00fcstungsprozess\",\"Wartung Flugzeuge\",\"Zusammenarbeit English EFW\"],\"articleSection\":[\"\u00c1sia\\\/Pac\u00edfico\",\"Europa\",\"Regi\u00f5es\",\"Transporte a\u00e9reo de mercadorias\"],\"inLanguage\":\"pt-PT\",\"potentialAction\":[{\"@type\":\"CommentAction\",\"name\":\"Comment\",\"target\":[\"https:\\\/\\\/transportjournal.com\\\/pt-pt\\\/2026\\\/01\\\/19\\\/efw-oitavo-aviao-de-carga-entregue-a-air-china\\\/#respond\"]}]},{\"@type\":\"WebPage\",\"@id\":\"https:\\\/\\\/transportjournal.com\\\/pt-pt\\\/2026\\\/01\\\/19\\\/efw-oitavo-aviao-de-carga-entregue-a-air-china\\\/\",\"url\":\"https:\\\/\\\/transportjournal.com\\\/pt-pt\\\/2026\\\/01\\\/19\\\/efw-oitavo-aviao-de-carga-entregue-a-air-china\\\/\",\"name\":\"EFW: Oitavo avi\u00e3o de carga entregue \u00e0 Air China - ITJ | International Transport Journal\",\"isPartOf\":{\"@id\":\"https:\\\/\\\/transportjournal.com\\\/pt-pt\\\/#website\"},\"primaryImageOfPage\":{\"@id\":\"https:\\\/\\\/transportjournal.com\\\/pt-pt\\\/2026\\\/01\\\/19\\\/efw-oitavo-aviao-de-carga-entregue-a-air-china\\\/#primaryimage\"},\"image\":{\"@id\":\"https:\\\/\\\/transportjournal.com\\\/pt-pt\\\/2026\\\/01\\\/19\\\/efw-oitavo-aviao-de-carga-entregue-a-air-china\\\/#primaryimage\"},\"thumbnailUrl\":\"https:\\\/\\\/transportjournal.com\\\/wp-content\\\/uploads\\\/sites\\\/2\\\/2026\\\/01\\\/EFW-2026-efw-delivery-air-china-aspect-ratio-1400-788.jpg\",\"datePublished\":\"2026-01-19T08:20:03+00:00\",\"breadcrumb\":{\"@id\":\"https:\\\/\\\/transportjournal.com\\\/pt-pt\\\/2026\\\/01\\\/19\\\/efw-oitavo-aviao-de-carga-entregue-a-air-china\\\/#breadcrumb\"},\"inLanguage\":\"pt-PT\",\"potentialAction\":[{\"@type\":\"ReadAction\",\"target\":[\"https:\\\/\\\/transportjournal.com\\\/pt-pt\\\/2026\\\/01\\\/19\\\/efw-oitavo-aviao-de-carga-entregue-a-air-china\\\/\"]}]},{\"@type\":\"ImageObject\",\"inLanguage\":\"pt-PT\",\"@id\":\"https:\\\/\\\/transportjournal.com\\\/pt-pt\\\/2026\\\/01\\\/19\\\/efw-oitavo-aviao-de-carga-entregue-a-air-china\\\/#primaryimage\",\"url\":\"https:\\\/\\\/transportjournal.com\\\/wp-content\\\/uploads\\\/sites\\\/2\\\/2026\\\/01\\\/EFW-2026-efw-delivery-air-china-aspect-ratio-1400-788.jpg\",\"contentUrl\":\"https:\\\/\\\/transportjournal.com\\\/wp-content\\\/uploads\\\/sites\\\/2\\\/2026\\\/01\\\/EFW-2026-efw-delivery-air-china-aspect-ratio-1400-788.jpg\",\"width\":1576,\"height\":887},{\"@type\":\"BreadcrumbList\",\"@id\":\"https:\\\/\\\/transportjournal.com\\\/pt-pt\\\/2026\\\/01\\\/19\\\/efw-oitavo-aviao-de-carga-entregue-a-air-china\\\/#breadcrumb\",\"itemListElement\":[{\"@type\":\"ListItem\",\"position\":1,\"name\":\"Startseite\",\"item\":\"https:\\\/\\\/transportjournal.com\\\/pt-pt\\\/\"},{\"@type\":\"ListItem\",\"position\":2,\"name\":\"EFW: Oitavo avi\u00e3o de carga entregue \u00e0 Air China\"}]},{\"@type\":\"WebSite\",\"@id\":\"https:\\\/\\\/transportjournal.com\\\/pt-pt\\\/#website\",\"url\":\"https:\\\/\\\/transportjournal.com\\\/pt-pt\\\/\",\"name\":\"ITJ | International Transport Journal\",\"description\":\"Stay informed with the latest global news from the transport, logistics, and supply chain industries. Transport Journal delivers expert insights, analysis, and updates across shipping, aviation, intermodal, and forwarding.\",\"publisher\":{\"@id\":\"https:\\\/\\\/transportjournal.com\\\/pt-pt\\\/#organization\"},\"potentialAction\":[{\"@type\":\"SearchAction\",\"target\":{\"@type\":\"EntryPoint\",\"urlTemplate\":\"https:\\\/\\\/transportjournal.com\\\/pt-pt\\\/?s={search_term_string}\"},\"query-input\":{\"@type\":\"PropertyValueSpecification\",\"valueRequired\":true,\"valueName\":\"search_term_string\"}}],\"inLanguage\":\"pt-PT\"},{\"@type\":\"Organization\",\"@id\":\"https:\\\/\\\/transportjournal.com\\\/pt-pt\\\/#organization\",\"name\":\"Logismedia Group AG\",\"alternateName\":\"Logismedia Group AG\",\"url\":\"https:\\\/\\\/transportjournal.com\\\/pt-pt\\\/\",\"logo\":{\"@type\":\"ImageObject\",\"inLanguage\":\"pt-PT\",\"@id\":\"https:\\\/\\\/transportjournal.com\\\/pt-pt\\\/#\\\/schema\\\/logo\\\/image\\\/\",\"url\":\"https:\\\/\\\/transportjournal.com\\\/wp-content\\\/uploads\\\/sites\\\/2\\\/2025\\\/09\\\/Logo_ITJ.png\",\"contentUrl\":\"https:\\\/\\\/transportjournal.com\\\/wp-content\\\/uploads\\\/sites\\\/2\\\/2025\\\/09\\\/Logo_ITJ.png\",\"width\":799,\"height\":326,\"caption\":\"Logismedia Group AG\"},\"image\":{\"@id\":\"https:\\\/\\\/transportjournal.com\\\/pt-pt\\\/#\\\/schema\\\/logo\\\/image\\\/\"},\"sameAs\":[\"https:\\\/\\\/www.linkedin.com\\\/company\\\/56456496\\\/admin\\\/dashboard\\\/\",\"https:\\\/\\\/www.instagram.com\\\/logismediagroup\\\/\",\"https:\\\/\\\/www.youtube.com\\\/@LogiamediaGroupAG\"]},{\"@type\":\"Person\",\"@id\":\"https:\\\/\\\/transportjournal.com\\\/pt-pt\\\/#\\\/schema\\\/person\\\/cf538b3157f15afd7589245a4b3dbd25\",\"name\":\"Andreas Haug\",\"url\":\"https:\\\/\\\/transportjournal.com\\\/pt-pt\\\/author\\\/andreas\\\/\"}]}<\/script>\n<!-- \/ Yoast SEO plugin. -->","yoast_head_json":{"title":"EFW: Oitavo avi\u00e3o de carga entregue \u00e0 Air China - ITJ | International Transport Journal","robots":{"index":"index","follow":"follow","max-snippet":"max-snippet:-1","max-image-preview":"max-image-preview:large","max-video-preview":"max-video-preview:-1"},"canonical":"https:\/\/transportjournal.com\/pt-pt\/2026\/01\/19\/efw-oitavo-aviao-de-carga-entregue-a-air-china\/","og_locale":"pt_PT","og_type":"article","og_title":"EFW: Oitavo avi\u00e3o de carga entregue \u00e0 Air China - ITJ | International Transport Journal","og_description":"Na quarta-feira, 14 de janeiro de 2026, a Elbe Flugzeugwerke entregou com sucesso o oitavo avi\u00e3o de carga \u00e0 Air China Cargo, consolidando assim sua parceria.","og_url":"https:\/\/transportjournal.com\/pt-pt\/2026\/01\/19\/efw-oitavo-aviao-de-carga-entregue-a-air-china\/","og_site_name":"ITJ | International Transport Journal","article_published_time":"2026-01-19T08:20:03+00:00","og_image":[{"width":1576,"height":887,"url":"https:\/\/transportjournal.com\/wp-content\/uploads\/sites\/2\/2026\/01\/EFW-2026-efw-delivery-air-china-aspect-ratio-1400-788.jpg","type":"image\/jpeg"}],"author":"Andreas Haug","twitter_card":"summary_large_image","twitter_misc":{"Escrito por":"Andreas Haug","Tempo estimado de leitura":"2 minutos"},"schema":{"@context":"https:\/\/schema.org","@graph":[{"@type":"Article","@id":"https:\/\/transportjournal.com\/pt-pt\/2026\/01\/19\/efw-oitavo-aviao-de-carga-entregue-a-air-china\/#article","isPartOf":{"@id":"https:\/\/transportjournal.com\/pt-pt\/2026\/01\/19\/efw-oitavo-aviao-de-carga-entregue-a-air-china\/"},"author":{"name":"Andreas Haug","@id":"https:\/\/transportjournal.com\/pt-pt\/#\/schema\/person\/cf538b3157f15afd7589245a4b3dbd25"},"headline":"EFW: Oitavo avi\u00e3o de carga entregue \u00e0 Air China","datePublished":"2026-01-19T08:20:03+00:00","mainEntityOfPage":{"@id":"https:\/\/transportjournal.com\/pt-pt\/2026\/01\/19\/efw-oitavo-aviao-de-carga-entregue-a-air-china\/"},"wordCount":354,"commentCount":0,"publisher":{"@id":"https:\/\/transportjournal.com\/pt-pt\/#organization"},"image":{"@id":"https:\/\/transportjournal.com\/pt-pt\/2026\/01\/19\/efw-oitavo-aviao-de-carga-entregue-a-air-china\/#primaryimage"},"thumbnailUrl":"https:\/\/transportjournal.com\/wp-content\/uploads\/sites\/2\/2026\/01\/EFW-2026-efw-delivery-air-china-aspect-ratio-1400-788.jpg","keywords":["A330-200","Air China Cargo","air freight","aircraft maintenance","Ameco Chengdu","aviation industry","avion cargo","cha\u00eene d'approvisionnement","collaboration","collaboration Fran\u00e7ais EFW","conversion passager-en-cargo","conversion process","Deutsch EFW","digital transformation","digitale Transformation","Fachkr\u00e4ftemangel","Frachtflugzeug","freighter aircraft","fret a\u00e9rien","industrie a\u00e9ronautique","industrie du transport","inspections de qualit\u00e9","international conversion sites","internationale Umr\u00fcststandorte","logistics service providers","Logistikdienstleister","Luftfahrtindustrie","Luftfracht","maintenance des avions","P2F projects","P2F-Projekte","partenariat strat\u00e9gique","passenger-to-freighter conversion","p\u00e9nurie de comp\u00e9tences","prestataires de services logistiques","processus de conversion","projets P2F","Qualit\u00e4tspr\u00fcfungen","quality inspections","sites de conversion internationaux","skills shortage","strategic partnership","strategische Partnerschaft","Supply Chain","transformation num\u00e9rique","transport industry","Transportwirtschaft","Umr\u00fcstung Passagierflugzeug","Umr\u00fcstungsprozess","Wartung Flugzeuge","Zusammenarbeit English EFW"],"articleSection":["\u00c1sia\/Pac\u00edfico","Europa","Regi\u00f5es","Transporte a\u00e9reo de mercadorias"],"inLanguage":"pt-PT","potentialAction":[{"@type":"CommentAction","name":"Comment","target":["https:\/\/transportjournal.com\/pt-pt\/2026\/01\/19\/efw-oitavo-aviao-de-carga-entregue-a-air-china\/#respond"]}]},{"@type":"WebPage","@id":"https:\/\/transportjournal.com\/pt-pt\/2026\/01\/19\/efw-oitavo-aviao-de-carga-entregue-a-air-china\/","url":"https:\/\/transportjournal.com\/pt-pt\/2026\/01\/19\/efw-oitavo-aviao-de-carga-entregue-a-air-china\/","name":"EFW: Oitavo avi\u00e3o de carga entregue \u00e0 Air China - ITJ | International Transport Journal","isPartOf":{"@id":"https:\/\/transportjournal.com\/pt-pt\/#website"},"primaryImageOfPage":{"@id":"https:\/\/transportjournal.com\/pt-pt\/2026\/01\/19\/efw-oitavo-aviao-de-carga-entregue-a-air-china\/#primaryimage"},"image":{"@id":"https:\/\/transportjournal.com\/pt-pt\/2026\/01\/19\/efw-oitavo-aviao-de-carga-entregue-a-air-china\/#primaryimage"},"thumbnailUrl":"https:\/\/transportjournal.com\/wp-content\/uploads\/sites\/2\/2026\/01\/EFW-2026-efw-delivery-air-china-aspect-ratio-1400-788.jpg","datePublished":"2026-01-19T08:20:03+00:00","breadcrumb":{"@id":"https:\/\/transportjournal.com\/pt-pt\/2026\/01\/19\/efw-oitavo-aviao-de-carga-entregue-a-air-china\/#breadcrumb"},"inLanguage":"pt-PT","potentialAction":[{"@type":"ReadAction","target":["https:\/\/transportjournal.com\/pt-pt\/2026\/01\/19\/efw-oitavo-aviao-de-carga-entregue-a-air-china\/"]}]},{"@type":"ImageObject","inLanguage":"pt-PT","@id":"https:\/\/transportjournal.com\/pt-pt\/2026\/01\/19\/efw-oitavo-aviao-de-carga-entregue-a-air-china\/#primaryimage","url":"https:\/\/transportjournal.com\/wp-content\/uploads\/sites\/2\/2026\/01\/EFW-2026-efw-delivery-air-china-aspect-ratio-1400-788.jpg","contentUrl":"https:\/\/transportjournal.com\/wp-content\/uploads\/sites\/2\/2026\/01\/EFW-2026-efw-delivery-air-china-aspect-ratio-1400-788.jpg","width":1576,"height":887},{"@type":"BreadcrumbList","@id":"https:\/\/transportjournal.com\/pt-pt\/2026\/01\/19\/efw-oitavo-aviao-de-carga-entregue-a-air-china\/#breadcrumb","itemListElement":[{"@type":"ListItem","position":1,"name":"Startseite","item":"https:\/\/transportjournal.com\/pt-pt\/"},{"@type":"ListItem","position":2,"name":"EFW: Oitavo avi\u00e3o de carga entregue \u00e0 Air China"}]},{"@type":"WebSite","@id":"https:\/\/transportjournal.com\/pt-pt\/#website","url":"https:\/\/transportjournal.com\/pt-pt\/","name":"ITJ | International Transport Journal","description":"Stay informed with the latest global news from the transport, logistics, and supply chain industries. Transport Journal delivers expert insights, analysis, and updates across shipping, aviation, intermodal, and forwarding.","publisher":{"@id":"https:\/\/transportjournal.com\/pt-pt\/#organization"},"potentialAction":[{"@type":"SearchAction","target":{"@type":"EntryPoint","urlTemplate":"https:\/\/transportjournal.com\/pt-pt\/?s={search_term_string}"},"query-input":{"@type":"PropertyValueSpecification","valueRequired":true,"valueName":"search_term_string"}}],"inLanguage":"pt-PT"},{"@type":"Organization","@id":"https:\/\/transportjournal.com\/pt-pt\/#organization","name":"Logismedia Group AG","alternateName":"Logismedia Group AG","url":"https:\/\/transportjournal.com\/pt-pt\/","logo":{"@type":"ImageObject","inLanguage":"pt-PT","@id":"https:\/\/transportjournal.com\/pt-pt\/#\/schema\/logo\/image\/","url":"https:\/\/transportjournal.com\/wp-content\/uploads\/sites\/2\/2025\/09\/Logo_ITJ.png","contentUrl":"https:\/\/transportjournal.com\/wp-content\/uploads\/sites\/2\/2025\/09\/Logo_ITJ.png","width":799,"height":326,"caption":"Logismedia Group AG"},"image":{"@id":"https:\/\/transportjournal.com\/pt-pt\/#\/schema\/logo\/image\/"},"sameAs":["https:\/\/www.linkedin.com\/company\/56456496\/admin\/dashboard\/","https:\/\/www.instagram.com\/logismediagroup\/","https:\/\/www.youtube.com\/@LogiamediaGroupAG"]},{"@type":"Person","@id":"https:\/\/transportjournal.com\/pt-pt\/#\/schema\/person\/cf538b3157f15afd7589245a4b3dbd25","name":"Andreas Haug","url":"https:\/\/transportjournal.com\/pt-pt\/author\/andreas\/"}]}},"_links":{"self":[{"href":"https:\/\/transportjournal.com\/pt-pt\/wp-json\/wp\/v2\/posts\/73365","targetHints":{"allow":["GET"]}}],"collection":[{"href":"https:\/\/transportjournal.com\/pt-pt\/wp-json\/wp\/v2\/posts"}],"about":[{"href":"https:\/\/transportjournal.com\/pt-pt\/wp-json\/wp\/v2\/types\/post"}],"author":[{"embeddable":true,"href":"https:\/\/transportjournal.com\/pt-pt\/wp-json\/wp\/v2\/users\/12"}],"replies":[{"embeddable":true,"href":"https:\/\/transportjournal.com\/pt-pt\/wp-json\/wp\/v2\/comments?post=73365"}],"version-history":[{"count":0,"href":"https:\/\/transportjournal.com\/pt-pt\/wp-json\/wp\/v2\/posts\/73365\/revisions"}],"wp:featuredmedia":[{"embeddable":true,"href":"https:\/\/transportjournal.com\/pt-pt\/wp-json\/wp\/v2\/media\/73360"}],"wp:attachment":[{"href":"https:\/\/transportjournal.com\/pt-pt\/wp-json\/wp\/v2\/media?parent=73365"}],"wp:term":[{"taxonomy":"category","embeddable":true,"href":"https:\/\/transportjournal.com\/pt-pt\/wp-json\/wp\/v2\/categories?post=73365"},{"taxonomy":"post_tag","embeddable":true,"href":"https:\/\/transportjournal.com\/pt-pt\/wp-json\/wp\/v2\/tags?post=73365"}],"curies":[{"name":"wp","href":"https:\/\/api.w.org\/{rel}","templated":true}]}}