{"id":73333,"date":"2026-01-16T10:02:47","date_gmt":"2026-01-16T10:02:47","guid":{"rendered":"https:\/\/transportjournal.com\/2026\/01\/16\/proximo-passo-para-a-descarbonizacao\/"},"modified":"2026-01-16T10:02:47","modified_gmt":"2026-01-16T10:02:47","slug":"proximo-passo-para-a-descarbonizacao","status":"publish","type":"post","link":"https:\/\/transportjournal.com\/pt-pt\/2026\/01\/16\/proximo-passo-para-a-descarbonizacao\/","title":{"rendered":"Pr\u00f3ximo passo para a descarboniza\u00e7\u00e3o"},"content":{"rendered":"<p>Cargill deu mais um passo em dire\u00e7\u00e3o \u00e0 descarboniza\u00e7\u00e3o do transporte mar\u00edtimo com a coloca\u00e7\u00e3o em opera\u00e7\u00e3o do navio &#8222;Brave Pioneer&#8220;. O navio, que atua como o primeiro de cinco navios de carga a g\u00e1s dual fretados, foi recentemente apresentado. Esta iniciativa faz parte da estrat\u00e9gia da Cargill para reduzir as emiss\u00f5es de carbono no transporte de carga a granel, conforme informado pela empresa.<\/p>\n<h3>Primeira viagem com metanol verde<\/h3>\n<p>&#8222;Brave Pioneer&#8220; foi constru\u00eddo pela Tsuneishi Shipbuilding Co., Ltd. e pertence \u00e0 Mitsui &amp; Co. Ltd. O navio \u00e9 capaz de operar tanto com combust\u00edveis mar\u00edtimos convencionais quanto com metanol verde, um combust\u00edvel considerado uma alternativa mais ecol\u00f3gica. Estima-se que o uso de metanol verde, em compara\u00e7\u00e3o com combust\u00edveis convencionais, pode reduzir as emiss\u00f5es de CO2 em at\u00e9 70%, segundo a empresa.<\/p>\n<p>O navio deixou recentemente as Filipinas e ser\u00e1 abastecido com metanol verde em Cingapura, antes de seguir para a Austr\u00e1lia Ocidental e, em seguida, para a Europa. Durante esta viagem inaugural, a Cargill planeja realizar testes operacionais para avaliar a prontid\u00e3o do metanol verde. Al\u00e9m disso, ser\u00e3o investigadas as possibilidades de rastreamento e verifica\u00e7\u00e3o das caracter\u00edsticas ambientais. Outro objetivo \u00e9 determinar o interesse do mercado.<\/p>\n<p><a href=\"https:\/\/www.cargill.com\/\" target=\"_blank\" rel=\"noopener noreferrer\">www.cargill.com<\/a><\/p>\n","protected":false},"excerpt":{"rendered":"<p>A Cargill colocou em opera\u00e7\u00e3o o navio &#8220;Brave Pioneer&#8221; para impulsionar a descarboniza\u00e7\u00e3o da navega\u00e7\u00e3o e promover solu\u00e7\u00f5es de transporte de baixo carbono.<\/p>\n","protected":false},"author":10,"featured_media":73328,"comment_status":"open","ping_status":"open","sticky":false,"template":"","format":"standard","meta":{"_acf_changed":false,"footnotes":""},"categories":[1645],"tags":[6259,6260,6261,6262,6263,2207,6264,1803,6265,6266,2079,6267,6268,6269,2213,6270,6271,6272,6273,6274,6275,6276,2909,2223,3682,3683,6277,5840,6278,6279,6280,6281,6282,1809,6283,6284,2925,4096,2929,6285,1766,2728,6286,1857,5078,6287,6288,6289,2297,5081,1837,6290,6291],"class_list":["post-73333","post","type-post","status-publish","format-standard","has-post-thumbnail","hentry","category-uncategorized","tag-attributs-environnementaux","tag-betriebliche-tests","tag-bulk-freight-transport","tag-carbon-emissions","tag-carburants-maritimes","tag-chaine-dapprovisionnement","tag-co2-reduction","tag-co-reduktion","tag-decarbonisation","tag-decarbonization","tag-dekarbonisierung","tag-deutsch-cargill","tag-dual-fuel-cargo-ships","tag-dual-fuel-frachtschiffe","tag-economie-du-transport","tag-emissions-de-carbone","tag-environmental-attributes","tag-fachkraeftemangel-english-cargill","tag-green-methanol","tag-green-technologies","tag-gruene-technologien","tag-gruenes-methanol","tag-hafenbetrieb","tag-industrie-maritime","tag-infrastructure","tag-infrastruktur","tag-kohlenstoffemissionen","tag-lieferkette","tag-maritime-fuels","tag-maritime-kraftstoffe","tag-massengutfrachtverkehr","tag-methanol-vert","tag-mitsui-co-ltd","tag-nachhaltige-schifffahrt","tag-navires-a-double-carburant","tag-operational-testing","tag-operations-portuaires","tag-penurie-de-main-doeuvre-qualifiee","tag-port-operations","tag-reduction-du-co2","tag-schifffahrt","tag-shipping-industry","tag-skilled-labor-shortage-francais-cargill","tag-supply-chain","tag-sustainable-shipping","tag-technologies-vertes","tag-tests-operationnels","tag-transport-de-fret-en-vrac","tag-transport-economy","tag-transport-maritime-durable","tag-transportwirtschaft","tag-tsuneishi-shipbuilding","tag-umweltattribute"],"acf":[],"yoast_head":"<!-- This site is optimized with the Yoast SEO plugin v27.3 - https:\/\/yoast.com\/product\/yoast-seo-wordpress\/ -->\n<title>Pr\u00f3ximo passo para a descarboniza\u00e7\u00e3o - ITJ | International Transport Journal<\/title>\n<meta name=\"robots\" content=\"index, follow, max-snippet:-1, max-image-preview:large, max-video-preview:-1\" \/>\n<link rel=\"canonical\" href=\"https:\/\/transportjournal.com\/pt-pt\/2026\/01\/16\/proximo-passo-para-a-descarbonizacao\/\" \/>\n<meta property=\"og:locale\" content=\"pt_PT\" \/>\n<meta property=\"og:type\" content=\"article\" \/>\n<meta property=\"og:title\" content=\"Pr\u00f3ximo passo para a descarboniza\u00e7\u00e3o - ITJ | International Transport Journal\" \/>\n<meta property=\"og:description\" content=\"A Cargill colocou em opera\u00e7\u00e3o o navio &quot;Brave Pioneer&quot; para impulsionar a descarboniza\u00e7\u00e3o da navega\u00e7\u00e3o e promover solu\u00e7\u00f5es de transporte de baixo carbono.\" \/>\n<meta property=\"og:url\" content=\"https:\/\/transportjournal.com\/pt-pt\/2026\/01\/16\/proximo-passo-para-a-descarbonizacao\/\" \/>\n<meta property=\"og:site_name\" content=\"ITJ | International Transport Journal\" \/>\n<meta property=\"article:published_time\" content=\"2026-01-16T10:02:47+00:00\" \/>\n<meta property=\"og:image\" content=\"https:\/\/transportjournal.com\/wp-content\/uploads\/sites\/2\/2026\/01\/Hero_Pyxis_Ocean_Aug_2023-scaled-1.jpg\" \/>\n\t<meta property=\"og:image:width\" content=\"2560\" \/>\n\t<meta property=\"og:image:height\" content=\"1440\" \/>\n\t<meta property=\"og:image:type\" content=\"image\/jpeg\" \/>\n<meta name=\"author\" content=\"Jeremy Soland\" \/>\n<meta name=\"twitter:card\" content=\"summary_large_image\" \/>\n<meta name=\"twitter:label1\" content=\"Escrito por\" \/>\n\t<meta name=\"twitter:data1\" content=\"Jeremy Soland\" \/>\n\t<meta name=\"twitter:label2\" content=\"Tempo estimado de leitura\" \/>\n\t<meta name=\"twitter:data2\" content=\"1 minuto\" \/>\n<script type=\"application\/ld+json\" class=\"yoast-schema-graph\">{\"@context\":\"https:\\\/\\\/schema.org\",\"@graph\":[{\"@type\":\"Article\",\"@id\":\"https:\\\/\\\/transportjournal.com\\\/pt-pt\\\/2026\\\/01\\\/16\\\/proximo-passo-para-a-descarbonizacao\\\/#article\",\"isPartOf\":{\"@id\":\"https:\\\/\\\/transportjournal.com\\\/pt-pt\\\/2026\\\/01\\\/16\\\/proximo-passo-para-a-descarbonizacao\\\/\"},\"author\":{\"name\":\"Jeremy Soland\",\"@id\":\"https:\\\/\\\/transportjournal.com\\\/pt-pt\\\/#\\\/schema\\\/person\\\/41d36b5474b623392fa613e97e2363fa\"},\"headline\":\"Pr\u00f3ximo passo para a descarboniza\u00e7\u00e3o\",\"datePublished\":\"2026-01-16T10:02:47+00:00\",\"mainEntityOfPage\":{\"@id\":\"https:\\\/\\\/transportjournal.com\\\/pt-pt\\\/2026\\\/01\\\/16\\\/proximo-passo-para-a-descarbonizacao\\\/\"},\"wordCount\":223,\"commentCount\":0,\"publisher\":{\"@id\":\"https:\\\/\\\/transportjournal.com\\\/pt-pt\\\/#organization\"},\"image\":{\"@id\":\"https:\\\/\\\/transportjournal.com\\\/pt-pt\\\/2026\\\/01\\\/16\\\/proximo-passo-para-a-descarbonizacao\\\/#primaryimage\"},\"thumbnailUrl\":\"https:\\\/\\\/transportjournal.com\\\/wp-content\\\/uploads\\\/sites\\\/2\\\/2026\\\/01\\\/Hero_Pyxis_Ocean_Aug_2023-scaled-1.jpg\",\"keywords\":[\"attributs environnementaux\",\"betriebliche Tests\",\"bulk freight transport\",\"carbon emissions\",\"carburants maritimes\",\"cha\u00eene d'approvisionnement\",\"CO2 reduction\",\"CO\u2082-Reduktion\",\"d\u00e9carbonisation\",\"decarbonization\",\"Dekarbonisierung\",\"Deutsch Cargill\",\"dual-fuel cargo ships\",\"dual-fuel Frachtschiffe\",\"\u00e9conomie du transport\",\"\u00e9missions de carbone\",\"environmental attributes\",\"Fachkr\u00e4ftemangel English Cargill\",\"green methanol\",\"green technologies\",\"gr\u00fcne Technologien\",\"gr\u00fcnes Methanol\",\"Hafenbetrieb\",\"industrie maritime\",\"infrastructure\",\"Infrastruktur\",\"Kohlenstoffemissionen\",\"Lieferkette\",\"maritime fuels\",\"maritime Kraftstoffe\",\"Massengutfrachtverkehr\",\"m\u00e9thanol vert\",\"Mitsui &amp; Co. Ltd.\",\"nachhaltige Schifffahrt\",\"navires \u00e0 double carburant\",\"operational testing\",\"op\u00e9rations portuaires\",\"p\u00e9nurie de main-d'\u0153uvre qualifi\u00e9e\",\"port operations\",\"r\u00e9duction du CO2\",\"Schifffahrt\",\"shipping industry\",\"skilled labor shortage Fran\u00e7ais Cargill\",\"Supply Chain\",\"sustainable shipping\",\"technologies vertes\",\"tests op\u00e9rationnels\",\"transport de fret en vrac\",\"transport economy\",\"transport maritime durable\",\"Transportwirtschaft\",\"Tsuneishi Shipbuilding\",\"Umweltattribute\"],\"articleSection\":[\"Uncategorized\"],\"inLanguage\":\"pt-PT\",\"potentialAction\":[{\"@type\":\"CommentAction\",\"name\":\"Comment\",\"target\":[\"https:\\\/\\\/transportjournal.com\\\/pt-pt\\\/2026\\\/01\\\/16\\\/proximo-passo-para-a-descarbonizacao\\\/#respond\"]}]},{\"@type\":\"WebPage\",\"@id\":\"https:\\\/\\\/transportjournal.com\\\/pt-pt\\\/2026\\\/01\\\/16\\\/proximo-passo-para-a-descarbonizacao\\\/\",\"url\":\"https:\\\/\\\/transportjournal.com\\\/pt-pt\\\/2026\\\/01\\\/16\\\/proximo-passo-para-a-descarbonizacao\\\/\",\"name\":\"Pr\u00f3ximo passo para a descarboniza\u00e7\u00e3o - ITJ | International Transport Journal\",\"isPartOf\":{\"@id\":\"https:\\\/\\\/transportjournal.com\\\/pt-pt\\\/#website\"},\"primaryImageOfPage\":{\"@id\":\"https:\\\/\\\/transportjournal.com\\\/pt-pt\\\/2026\\\/01\\\/16\\\/proximo-passo-para-a-descarbonizacao\\\/#primaryimage\"},\"image\":{\"@id\":\"https:\\\/\\\/transportjournal.com\\\/pt-pt\\\/2026\\\/01\\\/16\\\/proximo-passo-para-a-descarbonizacao\\\/#primaryimage\"},\"thumbnailUrl\":\"https:\\\/\\\/transportjournal.com\\\/wp-content\\\/uploads\\\/sites\\\/2\\\/2026\\\/01\\\/Hero_Pyxis_Ocean_Aug_2023-scaled-1.jpg\",\"datePublished\":\"2026-01-16T10:02:47+00:00\",\"breadcrumb\":{\"@id\":\"https:\\\/\\\/transportjournal.com\\\/pt-pt\\\/2026\\\/01\\\/16\\\/proximo-passo-para-a-descarbonizacao\\\/#breadcrumb\"},\"inLanguage\":\"pt-PT\",\"potentialAction\":[{\"@type\":\"ReadAction\",\"target\":[\"https:\\\/\\\/transportjournal.com\\\/pt-pt\\\/2026\\\/01\\\/16\\\/proximo-passo-para-a-descarbonizacao\\\/\"]}]},{\"@type\":\"ImageObject\",\"inLanguage\":\"pt-PT\",\"@id\":\"https:\\\/\\\/transportjournal.com\\\/pt-pt\\\/2026\\\/01\\\/16\\\/proximo-passo-para-a-descarbonizacao\\\/#primaryimage\",\"url\":\"https:\\\/\\\/transportjournal.com\\\/wp-content\\\/uploads\\\/sites\\\/2\\\/2026\\\/01\\\/Hero_Pyxis_Ocean_Aug_2023-scaled-1.jpg\",\"contentUrl\":\"https:\\\/\\\/transportjournal.com\\\/wp-content\\\/uploads\\\/sites\\\/2\\\/2026\\\/01\\\/Hero_Pyxis_Ocean_Aug_2023-scaled-1.jpg\",\"width\":2560,\"height\":1440},{\"@type\":\"BreadcrumbList\",\"@id\":\"https:\\\/\\\/transportjournal.com\\\/pt-pt\\\/2026\\\/01\\\/16\\\/proximo-passo-para-a-descarbonizacao\\\/#breadcrumb\",\"itemListElement\":[{\"@type\":\"ListItem\",\"position\":1,\"name\":\"Startseite\",\"item\":\"https:\\\/\\\/transportjournal.com\\\/pt-pt\\\/\"},{\"@type\":\"ListItem\",\"position\":2,\"name\":\"Pr\u00f3ximo passo para a descarboniza\u00e7\u00e3o\"}]},{\"@type\":\"WebSite\",\"@id\":\"https:\\\/\\\/transportjournal.com\\\/pt-pt\\\/#website\",\"url\":\"https:\\\/\\\/transportjournal.com\\\/pt-pt\\\/\",\"name\":\"ITJ | International Transport Journal\",\"description\":\"Stay informed with the latest global news from the transport, logistics, and supply chain industries. Transport Journal delivers expert insights, analysis, and updates across shipping, aviation, intermodal, and forwarding.\",\"publisher\":{\"@id\":\"https:\\\/\\\/transportjournal.com\\\/pt-pt\\\/#organization\"},\"potentialAction\":[{\"@type\":\"SearchAction\",\"target\":{\"@type\":\"EntryPoint\",\"urlTemplate\":\"https:\\\/\\\/transportjournal.com\\\/pt-pt\\\/?s={search_term_string}\"},\"query-input\":{\"@type\":\"PropertyValueSpecification\",\"valueRequired\":true,\"valueName\":\"search_term_string\"}}],\"inLanguage\":\"pt-PT\"},{\"@type\":\"Organization\",\"@id\":\"https:\\\/\\\/transportjournal.com\\\/pt-pt\\\/#organization\",\"name\":\"Logismedia Group AG\",\"alternateName\":\"Logismedia Group AG\",\"url\":\"https:\\\/\\\/transportjournal.com\\\/pt-pt\\\/\",\"logo\":{\"@type\":\"ImageObject\",\"inLanguage\":\"pt-PT\",\"@id\":\"https:\\\/\\\/transportjournal.com\\\/pt-pt\\\/#\\\/schema\\\/logo\\\/image\\\/\",\"url\":\"https:\\\/\\\/transportjournal.com\\\/wp-content\\\/uploads\\\/sites\\\/2\\\/2025\\\/09\\\/Logo_ITJ.png\",\"contentUrl\":\"https:\\\/\\\/transportjournal.com\\\/wp-content\\\/uploads\\\/sites\\\/2\\\/2025\\\/09\\\/Logo_ITJ.png\",\"width\":799,\"height\":326,\"caption\":\"Logismedia Group AG\"},\"image\":{\"@id\":\"https:\\\/\\\/transportjournal.com\\\/pt-pt\\\/#\\\/schema\\\/logo\\\/image\\\/\"},\"sameAs\":[\"https:\\\/\\\/www.linkedin.com\\\/company\\\/56456496\\\/admin\\\/dashboard\\\/\",\"https:\\\/\\\/www.instagram.com\\\/logismediagroup\\\/\",\"https:\\\/\\\/www.youtube.com\\\/@LogiamediaGroupAG\"]},{\"@type\":\"Person\",\"@id\":\"https:\\\/\\\/transportjournal.com\\\/pt-pt\\\/#\\\/schema\\\/person\\\/41d36b5474b623392fa613e97e2363fa\",\"name\":\"Jeremy Soland\",\"url\":\"https:\\\/\\\/transportjournal.com\\\/pt-pt\\\/author\\\/jeremy\\\/\"}]}<\/script>\n<!-- \/ Yoast SEO plugin. -->","yoast_head_json":{"title":"Pr\u00f3ximo passo para a descarboniza\u00e7\u00e3o - ITJ | International Transport Journal","robots":{"index":"index","follow":"follow","max-snippet":"max-snippet:-1","max-image-preview":"max-image-preview:large","max-video-preview":"max-video-preview:-1"},"canonical":"https:\/\/transportjournal.com\/pt-pt\/2026\/01\/16\/proximo-passo-para-a-descarbonizacao\/","og_locale":"pt_PT","og_type":"article","og_title":"Pr\u00f3ximo passo para a descarboniza\u00e7\u00e3o - ITJ | International Transport Journal","og_description":"A Cargill colocou em opera\u00e7\u00e3o o navio \"Brave Pioneer\" para impulsionar a descarboniza\u00e7\u00e3o da navega\u00e7\u00e3o e promover solu\u00e7\u00f5es de transporte de baixo carbono.","og_url":"https:\/\/transportjournal.com\/pt-pt\/2026\/01\/16\/proximo-passo-para-a-descarbonizacao\/","og_site_name":"ITJ | International Transport Journal","article_published_time":"2026-01-16T10:02:47+00:00","og_image":[{"width":2560,"height":1440,"url":"https:\/\/transportjournal.com\/wp-content\/uploads\/sites\/2\/2026\/01\/Hero_Pyxis_Ocean_Aug_2023-scaled-1.jpg","type":"image\/jpeg"}],"author":"Jeremy Soland","twitter_card":"summary_large_image","twitter_misc":{"Escrito por":"Jeremy Soland","Tempo estimado de leitura":"1 minuto"},"schema":{"@context":"https:\/\/schema.org","@graph":[{"@type":"Article","@id":"https:\/\/transportjournal.com\/pt-pt\/2026\/01\/16\/proximo-passo-para-a-descarbonizacao\/#article","isPartOf":{"@id":"https:\/\/transportjournal.com\/pt-pt\/2026\/01\/16\/proximo-passo-para-a-descarbonizacao\/"},"author":{"name":"Jeremy Soland","@id":"https:\/\/transportjournal.com\/pt-pt\/#\/schema\/person\/41d36b5474b623392fa613e97e2363fa"},"headline":"Pr\u00f3ximo passo para a descarboniza\u00e7\u00e3o","datePublished":"2026-01-16T10:02:47+00:00","mainEntityOfPage":{"@id":"https:\/\/transportjournal.com\/pt-pt\/2026\/01\/16\/proximo-passo-para-a-descarbonizacao\/"},"wordCount":223,"commentCount":0,"publisher":{"@id":"https:\/\/transportjournal.com\/pt-pt\/#organization"},"image":{"@id":"https:\/\/transportjournal.com\/pt-pt\/2026\/01\/16\/proximo-passo-para-a-descarbonizacao\/#primaryimage"},"thumbnailUrl":"https:\/\/transportjournal.com\/wp-content\/uploads\/sites\/2\/2026\/01\/Hero_Pyxis_Ocean_Aug_2023-scaled-1.jpg","keywords":["attributs environnementaux","betriebliche Tests","bulk freight transport","carbon emissions","carburants maritimes","cha\u00eene d'approvisionnement","CO2 reduction","CO\u2082-Reduktion","d\u00e9carbonisation","decarbonization","Dekarbonisierung","Deutsch Cargill","dual-fuel cargo ships","dual-fuel Frachtschiffe","\u00e9conomie du transport","\u00e9missions de carbone","environmental attributes","Fachkr\u00e4ftemangel English Cargill","green methanol","green technologies","gr\u00fcne Technologien","gr\u00fcnes Methanol","Hafenbetrieb","industrie maritime","infrastructure","Infrastruktur","Kohlenstoffemissionen","Lieferkette","maritime fuels","maritime Kraftstoffe","Massengutfrachtverkehr","m\u00e9thanol vert","Mitsui &amp; Co. Ltd.","nachhaltige Schifffahrt","navires \u00e0 double carburant","operational testing","op\u00e9rations portuaires","p\u00e9nurie de main-d'\u0153uvre qualifi\u00e9e","port operations","r\u00e9duction du CO2","Schifffahrt","shipping industry","skilled labor shortage Fran\u00e7ais Cargill","Supply Chain","sustainable shipping","technologies vertes","tests op\u00e9rationnels","transport de fret en vrac","transport economy","transport maritime durable","Transportwirtschaft","Tsuneishi Shipbuilding","Umweltattribute"],"articleSection":["Uncategorized"],"inLanguage":"pt-PT","potentialAction":[{"@type":"CommentAction","name":"Comment","target":["https:\/\/transportjournal.com\/pt-pt\/2026\/01\/16\/proximo-passo-para-a-descarbonizacao\/#respond"]}]},{"@type":"WebPage","@id":"https:\/\/transportjournal.com\/pt-pt\/2026\/01\/16\/proximo-passo-para-a-descarbonizacao\/","url":"https:\/\/transportjournal.com\/pt-pt\/2026\/01\/16\/proximo-passo-para-a-descarbonizacao\/","name":"Pr\u00f3ximo passo para a descarboniza\u00e7\u00e3o - ITJ | International Transport Journal","isPartOf":{"@id":"https:\/\/transportjournal.com\/pt-pt\/#website"},"primaryImageOfPage":{"@id":"https:\/\/transportjournal.com\/pt-pt\/2026\/01\/16\/proximo-passo-para-a-descarbonizacao\/#primaryimage"},"image":{"@id":"https:\/\/transportjournal.com\/pt-pt\/2026\/01\/16\/proximo-passo-para-a-descarbonizacao\/#primaryimage"},"thumbnailUrl":"https:\/\/transportjournal.com\/wp-content\/uploads\/sites\/2\/2026\/01\/Hero_Pyxis_Ocean_Aug_2023-scaled-1.jpg","datePublished":"2026-01-16T10:02:47+00:00","breadcrumb":{"@id":"https:\/\/transportjournal.com\/pt-pt\/2026\/01\/16\/proximo-passo-para-a-descarbonizacao\/#breadcrumb"},"inLanguage":"pt-PT","potentialAction":[{"@type":"ReadAction","target":["https:\/\/transportjournal.com\/pt-pt\/2026\/01\/16\/proximo-passo-para-a-descarbonizacao\/"]}]},{"@type":"ImageObject","inLanguage":"pt-PT","@id":"https:\/\/transportjournal.com\/pt-pt\/2026\/01\/16\/proximo-passo-para-a-descarbonizacao\/#primaryimage","url":"https:\/\/transportjournal.com\/wp-content\/uploads\/sites\/2\/2026\/01\/Hero_Pyxis_Ocean_Aug_2023-scaled-1.jpg","contentUrl":"https:\/\/transportjournal.com\/wp-content\/uploads\/sites\/2\/2026\/01\/Hero_Pyxis_Ocean_Aug_2023-scaled-1.jpg","width":2560,"height":1440},{"@type":"BreadcrumbList","@id":"https:\/\/transportjournal.com\/pt-pt\/2026\/01\/16\/proximo-passo-para-a-descarbonizacao\/#breadcrumb","itemListElement":[{"@type":"ListItem","position":1,"name":"Startseite","item":"https:\/\/transportjournal.com\/pt-pt\/"},{"@type":"ListItem","position":2,"name":"Pr\u00f3ximo passo para a descarboniza\u00e7\u00e3o"}]},{"@type":"WebSite","@id":"https:\/\/transportjournal.com\/pt-pt\/#website","url":"https:\/\/transportjournal.com\/pt-pt\/","name":"ITJ | International Transport Journal","description":"Stay informed with the latest global news from the transport, logistics, and supply chain industries. Transport Journal delivers expert insights, analysis, and updates across shipping, aviation, intermodal, and forwarding.","publisher":{"@id":"https:\/\/transportjournal.com\/pt-pt\/#organization"},"potentialAction":[{"@type":"SearchAction","target":{"@type":"EntryPoint","urlTemplate":"https:\/\/transportjournal.com\/pt-pt\/?s={search_term_string}"},"query-input":{"@type":"PropertyValueSpecification","valueRequired":true,"valueName":"search_term_string"}}],"inLanguage":"pt-PT"},{"@type":"Organization","@id":"https:\/\/transportjournal.com\/pt-pt\/#organization","name":"Logismedia Group AG","alternateName":"Logismedia Group AG","url":"https:\/\/transportjournal.com\/pt-pt\/","logo":{"@type":"ImageObject","inLanguage":"pt-PT","@id":"https:\/\/transportjournal.com\/pt-pt\/#\/schema\/logo\/image\/","url":"https:\/\/transportjournal.com\/wp-content\/uploads\/sites\/2\/2025\/09\/Logo_ITJ.png","contentUrl":"https:\/\/transportjournal.com\/wp-content\/uploads\/sites\/2\/2025\/09\/Logo_ITJ.png","width":799,"height":326,"caption":"Logismedia Group AG"},"image":{"@id":"https:\/\/transportjournal.com\/pt-pt\/#\/schema\/logo\/image\/"},"sameAs":["https:\/\/www.linkedin.com\/company\/56456496\/admin\/dashboard\/","https:\/\/www.instagram.com\/logismediagroup\/","https:\/\/www.youtube.com\/@LogiamediaGroupAG"]},{"@type":"Person","@id":"https:\/\/transportjournal.com\/pt-pt\/#\/schema\/person\/41d36b5474b623392fa613e97e2363fa","name":"Jeremy Soland","url":"https:\/\/transportjournal.com\/pt-pt\/author\/jeremy\/"}]}},"_links":{"self":[{"href":"https:\/\/transportjournal.com\/pt-pt\/wp-json\/wp\/v2\/posts\/73333","targetHints":{"allow":["GET"]}}],"collection":[{"href":"https:\/\/transportjournal.com\/pt-pt\/wp-json\/wp\/v2\/posts"}],"about":[{"href":"https:\/\/transportjournal.com\/pt-pt\/wp-json\/wp\/v2\/types\/post"}],"author":[{"embeddable":true,"href":"https:\/\/transportjournal.com\/pt-pt\/wp-json\/wp\/v2\/users\/10"}],"replies":[{"embeddable":true,"href":"https:\/\/transportjournal.com\/pt-pt\/wp-json\/wp\/v2\/comments?post=73333"}],"version-history":[{"count":0,"href":"https:\/\/transportjournal.com\/pt-pt\/wp-json\/wp\/v2\/posts\/73333\/revisions"}],"wp:featuredmedia":[{"embeddable":true,"href":"https:\/\/transportjournal.com\/pt-pt\/wp-json\/wp\/v2\/media\/73328"}],"wp:attachment":[{"href":"https:\/\/transportjournal.com\/pt-pt\/wp-json\/wp\/v2\/media?parent=73333"}],"wp:term":[{"taxonomy":"category","embeddable":true,"href":"https:\/\/transportjournal.com\/pt-pt\/wp-json\/wp\/v2\/categories?post=73333"},{"taxonomy":"post_tag","embeddable":true,"href":"https:\/\/transportjournal.com\/pt-pt\/wp-json\/wp\/v2\/tags?post=73333"}],"curies":[{"name":"wp","href":"https:\/\/api.w.org\/{rel}","templated":true}]}}