{"id":73325,"date":"2026-01-16T10:05:45","date_gmt":"2026-01-16T10:05:45","guid":{"rendered":"https:\/\/transportjournal.com\/2026\/01\/16\/milan-tevel-novo-diretor-executivo-da-supermaritime\/"},"modified":"2026-01-16T10:05:45","modified_gmt":"2026-01-16T10:05:45","slug":"milan-tevel-novo-diretor-executivo-da-supermaritime","status":"publish","type":"post","link":"https:\/\/transportjournal.com\/pt-pt\/2026\/01\/16\/milan-tevel-novo-diretor-executivo-da-supermaritime\/","title":{"rendered":"Milan Tevel novo diretor executivo da Supermaritime"},"content":{"rendered":"<p>Supermaritime Nederland B.V. nomeou Milan Tevel como novo diretor-geral e est\u00e1 expandindo suas capacidades de armazenamento em quase 13.000 m\u00b2. Tevel assumiu seu cargo em 1\u00ba de janeiro de 2026, sucedendo Martien Burger, que esteve fortemente envolvido na expans\u00e3o da empresa nas \u00faltimas d\u00e9cadas.<\/p>\n<h3>Expans\u00e3o das atividades log\u00edsticas<\/h3>\n<p>A empresa Supermaritime, que atua nas \u00e1reas de movimenta\u00e7\u00e3o portu\u00e1ria, armazenamento e servi\u00e7os de breakbulk, planeja a constru\u00e7\u00e3o de um novo complexo log\u00edstico em Vlissingen. Este passo est\u00e1 alinhado com os objetivos de longo prazo da empresa na regi\u00e3o. O novo local abrange um total de 12.787 m\u00b2, incluindo 10.956 m\u00b2 de \u00e1rea de armazenamento, 521 m\u00b2 de \u00e1rea de escrit\u00f3rio e 1.310 m\u00b2 de \u00e1rea de mezanino. A localiza\u00e7\u00e3o estrategicamente favor\u00e1vel do centro log\u00edstico permite excelentes conex\u00f5es com estradas, vias naveg\u00e1veis e ferrovias.<\/p>\n<p>Peter van der Laan, CEO do Supermaritime Group, comentou sobre as mudan\u00e7as: \u201cContinuaremos a atender nossos clientes com o mesmo compromisso e dedica\u00e7\u00e3o de sempre. Milan faz parte da nossa empresa desde 2012 e traz muita experi\u00eancia, al\u00e9m de uma vis\u00e3o clara para o futuro. Temos total confian\u00e7a em sua lideran\u00e7a e estamos ansiosos para continuar a colabora\u00e7\u00e3o sob sua dire\u00e7\u00e3o.\u201d<\/p>\n<h3>Transi\u00e7\u00e3o da gest\u00e3o<\/h3>\n<p>Para garantir uma transi\u00e7\u00e3o suave, Martien Burger permanecer\u00e1 como consultor na Supermaritime no pr\u00f3ximo ano, apoiando tanto Milan Tevel quanto a organiza\u00e7\u00e3o durante essa fase de transi\u00e7\u00e3o. Van der Laan reconheceu os longos servi\u00e7os de Burger: \u201cAp\u00f3s muitos anos de trabalho dedicado, Martien agora entrega sua responsabilidade como diretor-geral a Milan. Ele desempenhou um papel significativo no crescimento e desenvolvimento de nossa organiza\u00e7\u00e3o, e expressamos nossa sincera gratid\u00e3o por seu longo compromisso e contribui\u00e7\u00e3o.\u201d<\/p>\n<p>Supermaritime \u00e9 um prestador de servi\u00e7os log\u00edsticos de atua\u00e7\u00e3o internacional com sede em Rotterdam. A empresa oferece solu\u00e7\u00f5es personalizadas para clientes em todo o mundo e se especializou em agenciamento de navios, armazenamento, movimenta\u00e7\u00e3o e carga de projeto.<\/p>\n<p>&nbsp;<\/p>\n<p><a href=\"https:\/\/www.supermaritime.com\/\" target=\"_blank\" rel=\"noopener noreferrer\">www.supermaritime.com<\/a><\/p>\n<p>&nbsp;<\/p>\n","protected":false},"excerpt":{"rendered":"<p>Supermaritime Nederland B.V. nomeou Milan Tevel como novo diretor-geral e planeja a constru\u00e7\u00e3o de um novo complexo log\u00edstico em Vlissingen.<\/p>\n","protected":false},"author":12,"featured_media":73320,"comment_status":"open","ping_status":"open","sticky":false,"template":"","format":"standard","meta":{"_acf_changed":false,"footnotes":""},"categories":[1623,1617,1619,1615,1621],"tags":[6229,6230,6231,6232,6233,6234,6235,6236,6237,3739,2115,2116,2221,6238,2700,6239,2123,6240,2125,3745,2075,2279,2280,6241,6242,6243,2469,1831,6244,2622,2282,6245,6246,6247,1800,3157,2720,3114,6248,2481,6249,6250,1884,6251,6252,6253,6254,2731,6255,6256,2106,2641,6257,2155,1837,6258,2157,2249],"class_list":["post-73325","post","type-post","status-publish","format-standard","has-post-thumbnail","hentry","category-europa","category-expedicao-e-logistica","category-navegacao-e-portos","category-pessoas-e-empresas","category-regioes","tag-agences-maritimes","tag-augmentation-de-la-capacite-de-stockage","tag-breakbulk-services","tag-breakbulk-dienstleistungen","tag-chargement-de-projet","tag-choix-strategique-de-site","tag-complexe-logistique-a-vlissingen","tag-corporate-management","tag-deutsch-supermaritime","tag-developpement-des-infrastructures","tag-digitalisierung-in-der-logistik","tag-digitalization-in-logistics","tag-entreposage","tag-expanding-storage-capacity","tag-fachkraeftemangel-in-der-logistik","tag-gestion-dentreprise","tag-gestion-de-la-chaine-dapprovisionnement","tag-hafenumschlag","tag-industrie-du-transport","tag-infrastructure-development","tag-infrastrukturentwicklung","tag-international-logistics","tag-internationale-logistik","tag-lagerkapazitaeten-erweitern","tag-lagerung","tag-logistics-complex-vlissingen","tag-logistics-service-provider","tag-logistikdienstleister","tag-logistikkomplex-vlissingen","tag-logistique-durable","tag-logistique-internationale","tag-management-transition","tag-manutention-portuaire","tag-milan-tevel","tag-nachhaltige-logistik","tag-numerisation-dans-la-logistique","tag-penurie-de-main-doeuvre-dans-la-logistique","tag-port-de-rotterdam","tag-port-handling","tag-prestataire-logistique","tag-project-cargo","tag-projektladung","tag-rotterdam-hafen","tag-rotterdam-port","tag-schiffsagenturen","tag-services-de-breakbulk","tag-ship-agencies","tag-skills-shortage-in-logistics","tag-strategic-site-selection-francais-supermaritime","tag-strategische-standortwahl-english-supermaritime","tag-supply-chain-management","tag-sustainable-logistics","tag-transition-de-direction","tag-transport-industry","tag-transportwirtschaft","tag-uebergabe-der-geschaeftsfuehrung","tag-unternehmensfuehrung","tag-warehousing"],"acf":[],"yoast_head":"<!-- This site is optimized with the Yoast SEO plugin v27.3 - https:\/\/yoast.com\/product\/yoast-seo-wordpress\/ -->\n<title>Milan Tevel novo diretor executivo da Supermaritime - ITJ | International Transport Journal<\/title>\n<meta name=\"robots\" content=\"index, follow, max-snippet:-1, max-image-preview:large, max-video-preview:-1\" \/>\n<link rel=\"canonical\" href=\"https:\/\/transportjournal.com\/pt-pt\/2026\/01\/16\/milan-tevel-novo-diretor-executivo-da-supermaritime\/\" \/>\n<meta property=\"og:locale\" content=\"pt_PT\" \/>\n<meta property=\"og:type\" content=\"article\" \/>\n<meta property=\"og:title\" content=\"Milan Tevel novo diretor executivo da Supermaritime - ITJ | International Transport Journal\" \/>\n<meta property=\"og:description\" content=\"Supermaritime Nederland B.V. nomeou Milan Tevel como novo diretor-geral e planeja a constru\u00e7\u00e3o de um novo complexo log\u00edstico em Vlissingen.\" \/>\n<meta property=\"og:url\" content=\"https:\/\/transportjournal.com\/pt-pt\/2026\/01\/16\/milan-tevel-novo-diretor-executivo-da-supermaritime\/\" \/>\n<meta property=\"og:site_name\" content=\"ITJ | International Transport Journal\" \/>\n<meta property=\"article:published_time\" content=\"2026-01-16T10:05:45+00:00\" \/>\n<meta property=\"og:image\" content=\"https:\/\/transportjournal.com\/wp-content\/uploads\/sites\/2\/2026\/01\/Milan-Tevel-GM-Supermaritime-Nederland-BV-4-aspect-ratio-1400-788.jpeg\" \/>\n\t<meta property=\"og:image:width\" content=\"900\" \/>\n\t<meta property=\"og:image:height\" content=\"506\" \/>\n\t<meta property=\"og:image:type\" content=\"image\/jpeg\" \/>\n<meta name=\"author\" content=\"Andreas Haug\" \/>\n<meta name=\"twitter:card\" content=\"summary_large_image\" \/>\n<meta name=\"twitter:label1\" content=\"Escrito por\" \/>\n\t<meta name=\"twitter:data1\" content=\"Andreas Haug\" \/>\n\t<meta name=\"twitter:label2\" content=\"Tempo estimado de leitura\" \/>\n\t<meta name=\"twitter:data2\" content=\"2 minutos\" \/>\n<script type=\"application\/ld+json\" class=\"yoast-schema-graph\">{\"@context\":\"https:\\\/\\\/schema.org\",\"@graph\":[{\"@type\":\"Article\",\"@id\":\"https:\\\/\\\/transportjournal.com\\\/pt-pt\\\/2026\\\/01\\\/16\\\/milan-tevel-novo-diretor-executivo-da-supermaritime\\\/#article\",\"isPartOf\":{\"@id\":\"https:\\\/\\\/transportjournal.com\\\/pt-pt\\\/2026\\\/01\\\/16\\\/milan-tevel-novo-diretor-executivo-da-supermaritime\\\/\"},\"author\":{\"name\":\"Andreas Haug\",\"@id\":\"https:\\\/\\\/transportjournal.com\\\/pt-pt\\\/#\\\/schema\\\/person\\\/cf538b3157f15afd7589245a4b3dbd25\"},\"headline\":\"Milan Tevel novo diretor executivo da Supermaritime\",\"datePublished\":\"2026-01-16T10:05:45+00:00\",\"mainEntityOfPage\":{\"@id\":\"https:\\\/\\\/transportjournal.com\\\/pt-pt\\\/2026\\\/01\\\/16\\\/milan-tevel-novo-diretor-executivo-da-supermaritime\\\/\"},\"wordCount\":353,\"commentCount\":0,\"publisher\":{\"@id\":\"https:\\\/\\\/transportjournal.com\\\/pt-pt\\\/#organization\"},\"image\":{\"@id\":\"https:\\\/\\\/transportjournal.com\\\/pt-pt\\\/2026\\\/01\\\/16\\\/milan-tevel-novo-diretor-executivo-da-supermaritime\\\/#primaryimage\"},\"thumbnailUrl\":\"https:\\\/\\\/transportjournal.com\\\/wp-content\\\/uploads\\\/sites\\\/2\\\/2026\\\/01\\\/Milan-Tevel-GM-Supermaritime-Nederland-BV-4-aspect-ratio-1400-788.jpeg\",\"keywords\":[\"agences maritimes\",\"augmentation de la capacit\u00e9 de stockage\",\"breakbulk services\",\"Breakbulk-Dienstleistungen\",\"chargement de projet\",\"choix strat\u00e9gique de site\",\"complexe logistique \u00e0 Vlissingen\",\"corporate management\",\"Deutsch Supermaritime\",\"d\u00e9veloppement des infrastructures\",\"Digitalisierung in der Logistik\",\"digitalization in logistics\",\"entreposage\",\"expanding storage capacity\",\"Fachkr\u00e4ftemangel in der Logistik\",\"gestion d'entreprise\",\"gestion de la cha\u00eene d'approvisionnement\",\"Hafenumschlag\",\"industrie du transport\",\"infrastructure development\",\"Infrastrukturentwicklung\",\"international logistics\",\"internationale Logistik\",\"Lagerkapazit\u00e4ten erweitern\",\"Lagerung\",\"logistics complex Vlissingen\",\"logistics service provider\",\"Logistikdienstleister\",\"Logistikkomplex Vlissingen\",\"logistique durable\",\"logistique internationale\",\"management transition\",\"manutention portuaire\",\"Milan Tevel\",\"nachhaltige Logistik\",\"num\u00e9risation dans la logistique\",\"p\u00e9nurie de main-d'\u0153uvre dans la logistique\",\"port de Rotterdam\",\"port handling\",\"prestataire logistique\",\"project cargo\",\"Projektladung\",\"Rotterdam Hafen\",\"Rotterdam port\",\"Schiffsagenturen\",\"services de breakbulk\",\"ship agencies\",\"skills shortage in logistics\",\"strategic site selection Fran\u00e7ais Supermaritime\",\"strategische Standortwahl English Supermaritime\",\"Supply Chain Management\",\"sustainable logistics\",\"transition de direction\",\"transport industry\",\"Transportwirtschaft\",\"\u00dcbergabe der Gesch\u00e4ftsf\u00fchrung\",\"Unternehmensf\u00fchrung\",\"warehousing\"],\"articleSection\":[\"Europa\",\"Expedi\u00e7\u00e3o de Mercadorias e Log\u00edstica\",\"Navega\u00e7\u00e3o e portos\",\"Pessoas e empresas\",\"Regi\u00f5es\"],\"inLanguage\":\"pt-PT\",\"potentialAction\":[{\"@type\":\"CommentAction\",\"name\":\"Comment\",\"target\":[\"https:\\\/\\\/transportjournal.com\\\/pt-pt\\\/2026\\\/01\\\/16\\\/milan-tevel-novo-diretor-executivo-da-supermaritime\\\/#respond\"]}]},{\"@type\":\"WebPage\",\"@id\":\"https:\\\/\\\/transportjournal.com\\\/pt-pt\\\/2026\\\/01\\\/16\\\/milan-tevel-novo-diretor-executivo-da-supermaritime\\\/\",\"url\":\"https:\\\/\\\/transportjournal.com\\\/pt-pt\\\/2026\\\/01\\\/16\\\/milan-tevel-novo-diretor-executivo-da-supermaritime\\\/\",\"name\":\"Milan Tevel novo diretor executivo da Supermaritime - ITJ | International Transport Journal\",\"isPartOf\":{\"@id\":\"https:\\\/\\\/transportjournal.com\\\/pt-pt\\\/#website\"},\"primaryImageOfPage\":{\"@id\":\"https:\\\/\\\/transportjournal.com\\\/pt-pt\\\/2026\\\/01\\\/16\\\/milan-tevel-novo-diretor-executivo-da-supermaritime\\\/#primaryimage\"},\"image\":{\"@id\":\"https:\\\/\\\/transportjournal.com\\\/pt-pt\\\/2026\\\/01\\\/16\\\/milan-tevel-novo-diretor-executivo-da-supermaritime\\\/#primaryimage\"},\"thumbnailUrl\":\"https:\\\/\\\/transportjournal.com\\\/wp-content\\\/uploads\\\/sites\\\/2\\\/2026\\\/01\\\/Milan-Tevel-GM-Supermaritime-Nederland-BV-4-aspect-ratio-1400-788.jpeg\",\"datePublished\":\"2026-01-16T10:05:45+00:00\",\"breadcrumb\":{\"@id\":\"https:\\\/\\\/transportjournal.com\\\/pt-pt\\\/2026\\\/01\\\/16\\\/milan-tevel-novo-diretor-executivo-da-supermaritime\\\/#breadcrumb\"},\"inLanguage\":\"pt-PT\",\"potentialAction\":[{\"@type\":\"ReadAction\",\"target\":[\"https:\\\/\\\/transportjournal.com\\\/pt-pt\\\/2026\\\/01\\\/16\\\/milan-tevel-novo-diretor-executivo-da-supermaritime\\\/\"]}]},{\"@type\":\"ImageObject\",\"inLanguage\":\"pt-PT\",\"@id\":\"https:\\\/\\\/transportjournal.com\\\/pt-pt\\\/2026\\\/01\\\/16\\\/milan-tevel-novo-diretor-executivo-da-supermaritime\\\/#primaryimage\",\"url\":\"https:\\\/\\\/transportjournal.com\\\/wp-content\\\/uploads\\\/sites\\\/2\\\/2026\\\/01\\\/Milan-Tevel-GM-Supermaritime-Nederland-BV-4-aspect-ratio-1400-788.jpeg\",\"contentUrl\":\"https:\\\/\\\/transportjournal.com\\\/wp-content\\\/uploads\\\/sites\\\/2\\\/2026\\\/01\\\/Milan-Tevel-GM-Supermaritime-Nederland-BV-4-aspect-ratio-1400-788.jpeg\",\"width\":900,\"height\":506},{\"@type\":\"BreadcrumbList\",\"@id\":\"https:\\\/\\\/transportjournal.com\\\/pt-pt\\\/2026\\\/01\\\/16\\\/milan-tevel-novo-diretor-executivo-da-supermaritime\\\/#breadcrumb\",\"itemListElement\":[{\"@type\":\"ListItem\",\"position\":1,\"name\":\"Startseite\",\"item\":\"https:\\\/\\\/transportjournal.com\\\/pt-pt\\\/\"},{\"@type\":\"ListItem\",\"position\":2,\"name\":\"Milan Tevel novo diretor executivo da Supermaritime\"}]},{\"@type\":\"WebSite\",\"@id\":\"https:\\\/\\\/transportjournal.com\\\/pt-pt\\\/#website\",\"url\":\"https:\\\/\\\/transportjournal.com\\\/pt-pt\\\/\",\"name\":\"ITJ | International Transport Journal\",\"description\":\"Stay informed with the latest global news from the transport, logistics, and supply chain industries. Transport Journal delivers expert insights, analysis, and updates across shipping, aviation, intermodal, and forwarding.\",\"publisher\":{\"@id\":\"https:\\\/\\\/transportjournal.com\\\/pt-pt\\\/#organization\"},\"potentialAction\":[{\"@type\":\"SearchAction\",\"target\":{\"@type\":\"EntryPoint\",\"urlTemplate\":\"https:\\\/\\\/transportjournal.com\\\/pt-pt\\\/?s={search_term_string}\"},\"query-input\":{\"@type\":\"PropertyValueSpecification\",\"valueRequired\":true,\"valueName\":\"search_term_string\"}}],\"inLanguage\":\"pt-PT\"},{\"@type\":\"Organization\",\"@id\":\"https:\\\/\\\/transportjournal.com\\\/pt-pt\\\/#organization\",\"name\":\"Logismedia Group AG\",\"alternateName\":\"Logismedia Group AG\",\"url\":\"https:\\\/\\\/transportjournal.com\\\/pt-pt\\\/\",\"logo\":{\"@type\":\"ImageObject\",\"inLanguage\":\"pt-PT\",\"@id\":\"https:\\\/\\\/transportjournal.com\\\/pt-pt\\\/#\\\/schema\\\/logo\\\/image\\\/\",\"url\":\"https:\\\/\\\/transportjournal.com\\\/wp-content\\\/uploads\\\/sites\\\/2\\\/2025\\\/09\\\/Logo_ITJ.png\",\"contentUrl\":\"https:\\\/\\\/transportjournal.com\\\/wp-content\\\/uploads\\\/sites\\\/2\\\/2025\\\/09\\\/Logo_ITJ.png\",\"width\":799,\"height\":326,\"caption\":\"Logismedia Group AG\"},\"image\":{\"@id\":\"https:\\\/\\\/transportjournal.com\\\/pt-pt\\\/#\\\/schema\\\/logo\\\/image\\\/\"},\"sameAs\":[\"https:\\\/\\\/www.linkedin.com\\\/company\\\/56456496\\\/admin\\\/dashboard\\\/\",\"https:\\\/\\\/www.instagram.com\\\/logismediagroup\\\/\",\"https:\\\/\\\/www.youtube.com\\\/@LogiamediaGroupAG\"]},{\"@type\":\"Person\",\"@id\":\"https:\\\/\\\/transportjournal.com\\\/pt-pt\\\/#\\\/schema\\\/person\\\/cf538b3157f15afd7589245a4b3dbd25\",\"name\":\"Andreas Haug\",\"url\":\"https:\\\/\\\/transportjournal.com\\\/pt-pt\\\/author\\\/andreas\\\/\"}]}<\/script>\n<!-- \/ Yoast SEO plugin. -->","yoast_head_json":{"title":"Milan Tevel novo diretor executivo da Supermaritime - ITJ | International Transport Journal","robots":{"index":"index","follow":"follow","max-snippet":"max-snippet:-1","max-image-preview":"max-image-preview:large","max-video-preview":"max-video-preview:-1"},"canonical":"https:\/\/transportjournal.com\/pt-pt\/2026\/01\/16\/milan-tevel-novo-diretor-executivo-da-supermaritime\/","og_locale":"pt_PT","og_type":"article","og_title":"Milan Tevel novo diretor executivo da Supermaritime - ITJ | International Transport Journal","og_description":"Supermaritime Nederland B.V. nomeou Milan Tevel como novo diretor-geral e planeja a constru\u00e7\u00e3o de um novo complexo log\u00edstico em Vlissingen.","og_url":"https:\/\/transportjournal.com\/pt-pt\/2026\/01\/16\/milan-tevel-novo-diretor-executivo-da-supermaritime\/","og_site_name":"ITJ | International Transport Journal","article_published_time":"2026-01-16T10:05:45+00:00","og_image":[{"width":900,"height":506,"url":"https:\/\/transportjournal.com\/wp-content\/uploads\/sites\/2\/2026\/01\/Milan-Tevel-GM-Supermaritime-Nederland-BV-4-aspect-ratio-1400-788.jpeg","type":"image\/jpeg"}],"author":"Andreas Haug","twitter_card":"summary_large_image","twitter_misc":{"Escrito por":"Andreas Haug","Tempo estimado de leitura":"2 minutos"},"schema":{"@context":"https:\/\/schema.org","@graph":[{"@type":"Article","@id":"https:\/\/transportjournal.com\/pt-pt\/2026\/01\/16\/milan-tevel-novo-diretor-executivo-da-supermaritime\/#article","isPartOf":{"@id":"https:\/\/transportjournal.com\/pt-pt\/2026\/01\/16\/milan-tevel-novo-diretor-executivo-da-supermaritime\/"},"author":{"name":"Andreas Haug","@id":"https:\/\/transportjournal.com\/pt-pt\/#\/schema\/person\/cf538b3157f15afd7589245a4b3dbd25"},"headline":"Milan Tevel novo diretor executivo da Supermaritime","datePublished":"2026-01-16T10:05:45+00:00","mainEntityOfPage":{"@id":"https:\/\/transportjournal.com\/pt-pt\/2026\/01\/16\/milan-tevel-novo-diretor-executivo-da-supermaritime\/"},"wordCount":353,"commentCount":0,"publisher":{"@id":"https:\/\/transportjournal.com\/pt-pt\/#organization"},"image":{"@id":"https:\/\/transportjournal.com\/pt-pt\/2026\/01\/16\/milan-tevel-novo-diretor-executivo-da-supermaritime\/#primaryimage"},"thumbnailUrl":"https:\/\/transportjournal.com\/wp-content\/uploads\/sites\/2\/2026\/01\/Milan-Tevel-GM-Supermaritime-Nederland-BV-4-aspect-ratio-1400-788.jpeg","keywords":["agences maritimes","augmentation de la capacit\u00e9 de stockage","breakbulk services","Breakbulk-Dienstleistungen","chargement de projet","choix strat\u00e9gique de site","complexe logistique \u00e0 Vlissingen","corporate management","Deutsch Supermaritime","d\u00e9veloppement des infrastructures","Digitalisierung in der Logistik","digitalization in logistics","entreposage","expanding storage capacity","Fachkr\u00e4ftemangel in der Logistik","gestion d'entreprise","gestion de la cha\u00eene d'approvisionnement","Hafenumschlag","industrie du transport","infrastructure development","Infrastrukturentwicklung","international logistics","internationale Logistik","Lagerkapazit\u00e4ten erweitern","Lagerung","logistics complex Vlissingen","logistics service provider","Logistikdienstleister","Logistikkomplex Vlissingen","logistique durable","logistique internationale","management transition","manutention portuaire","Milan Tevel","nachhaltige Logistik","num\u00e9risation dans la logistique","p\u00e9nurie de main-d'\u0153uvre dans la logistique","port de Rotterdam","port handling","prestataire logistique","project cargo","Projektladung","Rotterdam Hafen","Rotterdam port","Schiffsagenturen","services de breakbulk","ship agencies","skills shortage in logistics","strategic site selection Fran\u00e7ais Supermaritime","strategische Standortwahl English Supermaritime","Supply Chain Management","sustainable logistics","transition de direction","transport industry","Transportwirtschaft","\u00dcbergabe der Gesch\u00e4ftsf\u00fchrung","Unternehmensf\u00fchrung","warehousing"],"articleSection":["Europa","Expedi\u00e7\u00e3o de Mercadorias e Log\u00edstica","Navega\u00e7\u00e3o e portos","Pessoas e empresas","Regi\u00f5es"],"inLanguage":"pt-PT","potentialAction":[{"@type":"CommentAction","name":"Comment","target":["https:\/\/transportjournal.com\/pt-pt\/2026\/01\/16\/milan-tevel-novo-diretor-executivo-da-supermaritime\/#respond"]}]},{"@type":"WebPage","@id":"https:\/\/transportjournal.com\/pt-pt\/2026\/01\/16\/milan-tevel-novo-diretor-executivo-da-supermaritime\/","url":"https:\/\/transportjournal.com\/pt-pt\/2026\/01\/16\/milan-tevel-novo-diretor-executivo-da-supermaritime\/","name":"Milan Tevel novo diretor executivo da Supermaritime - ITJ | International Transport Journal","isPartOf":{"@id":"https:\/\/transportjournal.com\/pt-pt\/#website"},"primaryImageOfPage":{"@id":"https:\/\/transportjournal.com\/pt-pt\/2026\/01\/16\/milan-tevel-novo-diretor-executivo-da-supermaritime\/#primaryimage"},"image":{"@id":"https:\/\/transportjournal.com\/pt-pt\/2026\/01\/16\/milan-tevel-novo-diretor-executivo-da-supermaritime\/#primaryimage"},"thumbnailUrl":"https:\/\/transportjournal.com\/wp-content\/uploads\/sites\/2\/2026\/01\/Milan-Tevel-GM-Supermaritime-Nederland-BV-4-aspect-ratio-1400-788.jpeg","datePublished":"2026-01-16T10:05:45+00:00","breadcrumb":{"@id":"https:\/\/transportjournal.com\/pt-pt\/2026\/01\/16\/milan-tevel-novo-diretor-executivo-da-supermaritime\/#breadcrumb"},"inLanguage":"pt-PT","potentialAction":[{"@type":"ReadAction","target":["https:\/\/transportjournal.com\/pt-pt\/2026\/01\/16\/milan-tevel-novo-diretor-executivo-da-supermaritime\/"]}]},{"@type":"ImageObject","inLanguage":"pt-PT","@id":"https:\/\/transportjournal.com\/pt-pt\/2026\/01\/16\/milan-tevel-novo-diretor-executivo-da-supermaritime\/#primaryimage","url":"https:\/\/transportjournal.com\/wp-content\/uploads\/sites\/2\/2026\/01\/Milan-Tevel-GM-Supermaritime-Nederland-BV-4-aspect-ratio-1400-788.jpeg","contentUrl":"https:\/\/transportjournal.com\/wp-content\/uploads\/sites\/2\/2026\/01\/Milan-Tevel-GM-Supermaritime-Nederland-BV-4-aspect-ratio-1400-788.jpeg","width":900,"height":506},{"@type":"BreadcrumbList","@id":"https:\/\/transportjournal.com\/pt-pt\/2026\/01\/16\/milan-tevel-novo-diretor-executivo-da-supermaritime\/#breadcrumb","itemListElement":[{"@type":"ListItem","position":1,"name":"Startseite","item":"https:\/\/transportjournal.com\/pt-pt\/"},{"@type":"ListItem","position":2,"name":"Milan Tevel novo diretor executivo da Supermaritime"}]},{"@type":"WebSite","@id":"https:\/\/transportjournal.com\/pt-pt\/#website","url":"https:\/\/transportjournal.com\/pt-pt\/","name":"ITJ | International Transport Journal","description":"Stay informed with the latest global news from the transport, logistics, and supply chain industries. Transport Journal delivers expert insights, analysis, and updates across shipping, aviation, intermodal, and forwarding.","publisher":{"@id":"https:\/\/transportjournal.com\/pt-pt\/#organization"},"potentialAction":[{"@type":"SearchAction","target":{"@type":"EntryPoint","urlTemplate":"https:\/\/transportjournal.com\/pt-pt\/?s={search_term_string}"},"query-input":{"@type":"PropertyValueSpecification","valueRequired":true,"valueName":"search_term_string"}}],"inLanguage":"pt-PT"},{"@type":"Organization","@id":"https:\/\/transportjournal.com\/pt-pt\/#organization","name":"Logismedia Group AG","alternateName":"Logismedia Group AG","url":"https:\/\/transportjournal.com\/pt-pt\/","logo":{"@type":"ImageObject","inLanguage":"pt-PT","@id":"https:\/\/transportjournal.com\/pt-pt\/#\/schema\/logo\/image\/","url":"https:\/\/transportjournal.com\/wp-content\/uploads\/sites\/2\/2025\/09\/Logo_ITJ.png","contentUrl":"https:\/\/transportjournal.com\/wp-content\/uploads\/sites\/2\/2025\/09\/Logo_ITJ.png","width":799,"height":326,"caption":"Logismedia Group AG"},"image":{"@id":"https:\/\/transportjournal.com\/pt-pt\/#\/schema\/logo\/image\/"},"sameAs":["https:\/\/www.linkedin.com\/company\/56456496\/admin\/dashboard\/","https:\/\/www.instagram.com\/logismediagroup\/","https:\/\/www.youtube.com\/@LogiamediaGroupAG"]},{"@type":"Person","@id":"https:\/\/transportjournal.com\/pt-pt\/#\/schema\/person\/cf538b3157f15afd7589245a4b3dbd25","name":"Andreas Haug","url":"https:\/\/transportjournal.com\/pt-pt\/author\/andreas\/"}]}},"_links":{"self":[{"href":"https:\/\/transportjournal.com\/pt-pt\/wp-json\/wp\/v2\/posts\/73325","targetHints":{"allow":["GET"]}}],"collection":[{"href":"https:\/\/transportjournal.com\/pt-pt\/wp-json\/wp\/v2\/posts"}],"about":[{"href":"https:\/\/transportjournal.com\/pt-pt\/wp-json\/wp\/v2\/types\/post"}],"author":[{"embeddable":true,"href":"https:\/\/transportjournal.com\/pt-pt\/wp-json\/wp\/v2\/users\/12"}],"replies":[{"embeddable":true,"href":"https:\/\/transportjournal.com\/pt-pt\/wp-json\/wp\/v2\/comments?post=73325"}],"version-history":[{"count":0,"href":"https:\/\/transportjournal.com\/pt-pt\/wp-json\/wp\/v2\/posts\/73325\/revisions"}],"wp:featuredmedia":[{"embeddable":true,"href":"https:\/\/transportjournal.com\/pt-pt\/wp-json\/wp\/v2\/media\/73320"}],"wp:attachment":[{"href":"https:\/\/transportjournal.com\/pt-pt\/wp-json\/wp\/v2\/media?parent=73325"}],"wp:term":[{"taxonomy":"category","embeddable":true,"href":"https:\/\/transportjournal.com\/pt-pt\/wp-json\/wp\/v2\/categories?post=73325"},{"taxonomy":"post_tag","embeddable":true,"href":"https:\/\/transportjournal.com\/pt-pt\/wp-json\/wp\/v2\/tags?post=73325"}],"curies":[{"name":"wp","href":"https:\/\/api.w.org\/{rel}","templated":true}]}}