{"id":73271,"date":"2026-01-16T06:02:19","date_gmt":"2026-01-16T06:02:19","guid":{"rendered":"https:\/\/transportjournal.com\/2026\/01\/16\/steve-rand-novo-presidente-da-eal\/"},"modified":"2026-01-16T08:09:01","modified_gmt":"2026-01-16T07:09:01","slug":"steve-rand-novo-presidente-da-eal","status":"publish","type":"post","link":"https:\/\/transportjournal.com\/pt-pt\/2026\/01\/16\/steve-rand-novo-presidente-da-eal\/","title":{"rendered":"Steve Rand novo presidente da EAL"},"content":{"rendered":"<p>Enstructure nomeou Steve Rand como presidente de sua divis\u00e3o de log\u00edstica de ve\u00edculos prontos, Enstructure Auto Logistics (EAL). Rand ir\u00e1 liderar as atividades operacionais e comerciais da empresa no setor de log\u00edstica automotiva. A nomea\u00e7\u00e3o foi anunciada em 15 de janeiro de 2026.<\/p>\n<h3>Experi\u00eancia e Especializa\u00e7\u00e3o<\/h3>\n<p>Matthew Satnick e Philippe De Montigny, os co-CEOs da Enstructure, se manifestaram positivamente sobre a contrata\u00e7\u00e3o de Rand. Eles enfatizaram que sua vasta experi\u00eancia e seu compromisso com o servi\u00e7o ajudar\u00e3o a impulsionar a din\u00e2mica da empresa e a melhorar a qualidade da log\u00edstica para ve\u00edculos prontos. Rand traz uma ampla experi\u00eancia em lideran\u00e7a de diversas \u00e1reas, incluindo log\u00edstica mar\u00edtima, transporte ferrovi\u00e1rio, transporte rodovi\u00e1rio e produtos qu\u00edmicos especiais. Antes de sua nova posi\u00e7\u00e3o, ele atuou por mais de uma d\u00e9cada como CEO da AMPORTS e anteriormente ocupou uma fun\u00e7\u00e3o de lideran\u00e7a na CSX Transportation Intermodal por dez anos.<\/p>\n<p>Rand declarou que sempre se sentiu atra\u00eddo por organiza\u00e7\u00f5es que combinam inova\u00e7\u00e3o com efici\u00eancia e servi\u00e7o ao longo de sua carreira. Ele est\u00e1 ansioso para contribuir para a pr\u00f3xima fase de crescimento da Enstructure e colaborar com seus colegas George Molyneaux, Leo McFadden e Lee Brown, que possuem amplo conhecimento do setor.<\/p>\n<h3>Locais e Servi\u00e7os<\/h3>\n<p>A EAL atualmente opera centros de log\u00edstica em Wilmington, Delaware, e Jacksonville, Florida. Essas instala\u00e7\u00f5es est\u00e3o equipadas com infraestrutura automotiva especializada e oferecem capacidade de armazenamento adequada para ve\u00edculos diretamente no cais. Elas funcionam como importantes centros de distribui\u00e7\u00e3o para o acesso aos crescentes mercados do Sudeste, bem como do Nordeste e do Meio Atl\u00e2ntico dos EUA.<\/p>\n<p>Em 2025, a EAL foi selecionada para fornecer servi\u00e7os de log\u00edstica para ve\u00edculos prontos para a Mazda North America e a Toyota Logistics Services no Talleyrand Marine Terminal em JAXPORT. O local em Wilmington tem gerenciado v\u00e1rios fluxos de exporta\u00e7\u00e3o de autom\u00f3veis e atualmente mant\u00e9m um servi\u00e7o regular com a Grimaldi Lines.<\/p>\n<p>A Enstructure opera uma rede de ativos de infraestrutura portu\u00e1ria na Costa Leste, no Golfo do M\u00e9xico e no sistema de rios interiores dos Estados Unidos. A empresa foi fundada em 2016 por Philippe De Montigny e Matthew Satnick e oferece servi\u00e7os de log\u00edstica integrada para algumas das maiores empresas nos setores de energia, agricultura, alimentos, manufatura, constru\u00e7\u00e3o e seguran\u00e7a p\u00fablica.<\/p>\n<p>&nbsp;<\/p>\n<p><a href=\"https:\/\/enstructure.com\/\" target=\"_blank\" rel=\"noopener noreferrer\">www.enstructure.com<\/a><\/p>\n<p>&nbsp;<\/p>\n","protected":false},"excerpt":{"rendered":"<p>Enstructure nomeou Steve Rand como presidente da Enstructure Auto Logistics para liderar a log\u00edstica automotiva e as opera\u00e7\u00f5es da empresa.<\/p>\n","protected":false},"author":12,"featured_media":73274,"comment_status":"open","ping_status":"open","sticky":false,"template":"","format":"standard","meta":{"_acf_changed":false,"footnotes":""},"categories":[1626,1615,1621],"tags":[1828,6128,2207,6129,2695,2696,5443,6130,1889,6131,6132,6133,6134,4052,2125,4054,6135,6136,6137,2133,1831,6138,6139,5454,2717,2232,4065,4264,4266,2237,6140,1857,5460,6141,6142,3852,6143,6144,6145,6146,6147,6148],"class_list":["post-73271","post","type-post","status-publish","format-standard","has-post-thumbnail","hentry","category-americas","category-pessoas-e-empresas","category-regioes","tag-automobillogistik","tag-automotive-logistics","tag-chaine-dapprovisionnement","tag-deutsch-logistik","tag-digitalisierung","tag-digitalization","tag-durabilite","tag-enstructure","tag-fachkraeftemangel","tag-fertigfahrzeuge","tag-finished-vehicles","tag-fournisseurs-de-services-logistiques","tag-grimaldi-lines","tag-hafeninfrastruktur","tag-industrie-du-transport","tag-infrastructure-portuaire","tag-jacksonville-florida","tag-jacksonville-floride","tag-lkw-transport","tag-logistics-service-providers","tag-logistikdienstleister","tag-logistique-automobile","tag-mazda-north-america","tag-nachhaltigkeit","tag-numerisation","tag-penurie-de-main-doeuvre","tag-port-infrastructure","tag-rail-transport","tag-schienenverkehr","tag-skills-shortage","tag-steve-rand","tag-supply-chain","tag-sustainability","tag-talleyrand-marine-terminal","tag-toyota-logistics-services","tag-transport-ferroviaire","tag-transport-routier","tag-transportation-industry-francais-logistique","tag-transportwirtschaft-english-logistics","tag-trucking","tag-vehicules-finis","tag-wilmington-delaware"],"acf":[],"yoast_head":"<!-- This site is optimized with the Yoast SEO plugin v27.3 - https:\/\/yoast.com\/product\/yoast-seo-wordpress\/ -->\n<title>Steve Rand novo presidente da EAL - ITJ | International Transport Journal<\/title>\n<meta name=\"robots\" content=\"index, follow, max-snippet:-1, max-image-preview:large, max-video-preview:-1\" \/>\n<link rel=\"canonical\" href=\"https:\/\/transportjournal.com\/pt-pt\/2026\/01\/16\/steve-rand-novo-presidente-da-eal\/\" \/>\n<meta property=\"og:locale\" content=\"pt_PT\" \/>\n<meta property=\"og:type\" content=\"article\" \/>\n<meta property=\"og:title\" content=\"Steve Rand novo presidente da EAL - ITJ | International Transport Journal\" \/>\n<meta property=\"og:description\" content=\"Enstructure nomeou Steve Rand como presidente da Enstructure Auto Logistics para liderar a log\u00edstica automotiva e as opera\u00e7\u00f5es da empresa.\" \/>\n<meta property=\"og:url\" content=\"https:\/\/transportjournal.com\/pt-pt\/2026\/01\/16\/steve-rand-novo-presidente-da-eal\/\" \/>\n<meta property=\"og:site_name\" content=\"ITJ | International Transport Journal\" \/>\n<meta property=\"article:published_time\" content=\"2026-01-16T06:02:19+00:00\" \/>\n<meta property=\"article:modified_time\" content=\"2026-01-16T07:09:01+00:00\" \/>\n<meta name=\"author\" content=\"Andreas Haug\" \/>\n<meta name=\"twitter:card\" content=\"summary_large_image\" \/>\n<meta name=\"twitter:label1\" content=\"Escrito por\" \/>\n\t<meta name=\"twitter:data1\" content=\"Andreas Haug\" \/>\n\t<meta name=\"twitter:label2\" content=\"Tempo estimado de leitura\" \/>\n\t<meta name=\"twitter:data2\" content=\"2 minutos\" \/>\n<script type=\"application\/ld+json\" class=\"yoast-schema-graph\">{\"@context\":\"https:\\\/\\\/schema.org\",\"@graph\":[{\"@type\":\"Article\",\"@id\":\"https:\\\/\\\/transportjournal.com\\\/pt-pt\\\/2026\\\/01\\\/16\\\/steve-rand-novo-presidente-da-eal\\\/#article\",\"isPartOf\":{\"@id\":\"https:\\\/\\\/transportjournal.com\\\/pt-pt\\\/2026\\\/01\\\/16\\\/steve-rand-novo-presidente-da-eal\\\/\"},\"author\":{\"name\":\"Andreas Haug\",\"@id\":\"https:\\\/\\\/transportjournal.com\\\/pt-pt\\\/#\\\/schema\\\/person\\\/cf538b3157f15afd7589245a4b3dbd25\"},\"headline\":\"Steve Rand novo presidente da EAL\",\"datePublished\":\"2026-01-16T06:02:19+00:00\",\"dateModified\":\"2026-01-16T07:09:01+00:00\",\"mainEntityOfPage\":{\"@id\":\"https:\\\/\\\/transportjournal.com\\\/pt-pt\\\/2026\\\/01\\\/16\\\/steve-rand-novo-presidente-da-eal\\\/\"},\"wordCount\":429,\"commentCount\":0,\"publisher\":{\"@id\":\"https:\\\/\\\/transportjournal.com\\\/pt-pt\\\/#organization\"},\"image\":{\"@id\":\"https:\\\/\\\/transportjournal.com\\\/pt-pt\\\/2026\\\/01\\\/16\\\/steve-rand-novo-presidente-da-eal\\\/#primaryimage\"},\"thumbnailUrl\":\"https:\\\/\\\/transportjournal.com\\\/wp-content\\\/uploads\\\/sites\\\/2\\\/2026\\\/01\\\/Enstructure-507032831_1030717929251598_3079323014185670599_n.jpg\",\"keywords\":[\"Automobillogistik\",\"Automotive logistics\",\"cha\u00eene d'approvisionnement\",\"Deutsch Logistik\",\"Digitalisierung\",\"digitalization\",\"durabilit\u00e9\",\"Enstructure\",\"Fachkr\u00e4ftemangel\",\"Fertigfahrzeuge\",\"Finished vehicles\",\"Fournisseurs de services logistiques\",\"Grimaldi Lines\",\"Hafeninfrastruktur\",\"industrie du transport\",\"infrastructure portuaire\",\"Jacksonville Florida\",\"Jacksonville Floride\",\"Lkw-Transport\",\"logistics service providers\",\"Logistikdienstleister\",\"Logistique automobile\",\"Mazda North America\",\"Nachhaltigkeit\",\"num\u00e9risation\",\"p\u00e9nurie de main-d'\u0153uvre\",\"port infrastructure\",\"rail transport\",\"Schienenverkehr\",\"skills shortage\",\"Steve Rand\",\"Supply Chain\",\"sustainability\",\"Talleyrand Marine Terminal\",\"Toyota Logistics Services\",\"transport ferroviaire\",\"Transport routier\",\"Transportation industry Fran\u00e7ais Logistique\",\"Transportwirtschaft English Logistics\",\"Trucking\",\"V\u00e9hicules finis\",\"Wilmington Delaware\"],\"articleSection\":[\"Am\u00e9ricas\",\"Pessoas e empresas\",\"Regi\u00f5es\"],\"inLanguage\":\"pt-PT\",\"potentialAction\":[{\"@type\":\"CommentAction\",\"name\":\"Comment\",\"target\":[\"https:\\\/\\\/transportjournal.com\\\/pt-pt\\\/2026\\\/01\\\/16\\\/steve-rand-novo-presidente-da-eal\\\/#respond\"]}]},{\"@type\":\"WebPage\",\"@id\":\"https:\\\/\\\/transportjournal.com\\\/pt-pt\\\/2026\\\/01\\\/16\\\/steve-rand-novo-presidente-da-eal\\\/\",\"url\":\"https:\\\/\\\/transportjournal.com\\\/pt-pt\\\/2026\\\/01\\\/16\\\/steve-rand-novo-presidente-da-eal\\\/\",\"name\":\"Steve Rand novo presidente da EAL - ITJ | International Transport Journal\",\"isPartOf\":{\"@id\":\"https:\\\/\\\/transportjournal.com\\\/pt-pt\\\/#website\"},\"primaryImageOfPage\":{\"@id\":\"https:\\\/\\\/transportjournal.com\\\/pt-pt\\\/2026\\\/01\\\/16\\\/steve-rand-novo-presidente-da-eal\\\/#primaryimage\"},\"image\":{\"@id\":\"https:\\\/\\\/transportjournal.com\\\/pt-pt\\\/2026\\\/01\\\/16\\\/steve-rand-novo-presidente-da-eal\\\/#primaryimage\"},\"thumbnailUrl\":\"https:\\\/\\\/transportjournal.com\\\/wp-content\\\/uploads\\\/sites\\\/2\\\/2026\\\/01\\\/Enstructure-507032831_1030717929251598_3079323014185670599_n.jpg\",\"datePublished\":\"2026-01-16T06:02:19+00:00\",\"dateModified\":\"2026-01-16T07:09:01+00:00\",\"breadcrumb\":{\"@id\":\"https:\\\/\\\/transportjournal.com\\\/pt-pt\\\/2026\\\/01\\\/16\\\/steve-rand-novo-presidente-da-eal\\\/#breadcrumb\"},\"inLanguage\":\"pt-PT\",\"potentialAction\":[{\"@type\":\"ReadAction\",\"target\":[\"https:\\\/\\\/transportjournal.com\\\/pt-pt\\\/2026\\\/01\\\/16\\\/steve-rand-novo-presidente-da-eal\\\/\"]}]},{\"@type\":\"ImageObject\",\"inLanguage\":\"pt-PT\",\"@id\":\"https:\\\/\\\/transportjournal.com\\\/pt-pt\\\/2026\\\/01\\\/16\\\/steve-rand-novo-presidente-da-eal\\\/#primaryimage\",\"url\":\"https:\\\/\\\/transportjournal.com\\\/wp-content\\\/uploads\\\/sites\\\/2\\\/2026\\\/01\\\/Enstructure-507032831_1030717929251598_3079323014185670599_n.jpg\",\"contentUrl\":\"https:\\\/\\\/transportjournal.com\\\/wp-content\\\/uploads\\\/sites\\\/2\\\/2026\\\/01\\\/Enstructure-507032831_1030717929251598_3079323014185670599_n.jpg\",\"width\":2048,\"height\":1152,\"caption\":\"default\"},{\"@type\":\"BreadcrumbList\",\"@id\":\"https:\\\/\\\/transportjournal.com\\\/pt-pt\\\/2026\\\/01\\\/16\\\/steve-rand-novo-presidente-da-eal\\\/#breadcrumb\",\"itemListElement\":[{\"@type\":\"ListItem\",\"position\":1,\"name\":\"Startseite\",\"item\":\"https:\\\/\\\/transportjournal.com\\\/pt-pt\\\/\"},{\"@type\":\"ListItem\",\"position\":2,\"name\":\"Steve Rand novo presidente da EAL\"}]},{\"@type\":\"WebSite\",\"@id\":\"https:\\\/\\\/transportjournal.com\\\/pt-pt\\\/#website\",\"url\":\"https:\\\/\\\/transportjournal.com\\\/pt-pt\\\/\",\"name\":\"ITJ | International Transport Journal\",\"description\":\"Stay informed with the latest global news from the transport, logistics, and supply chain industries. Transport Journal delivers expert insights, analysis, and updates across shipping, aviation, intermodal, and forwarding.\",\"publisher\":{\"@id\":\"https:\\\/\\\/transportjournal.com\\\/pt-pt\\\/#organization\"},\"potentialAction\":[{\"@type\":\"SearchAction\",\"target\":{\"@type\":\"EntryPoint\",\"urlTemplate\":\"https:\\\/\\\/transportjournal.com\\\/pt-pt\\\/?s={search_term_string}\"},\"query-input\":{\"@type\":\"PropertyValueSpecification\",\"valueRequired\":true,\"valueName\":\"search_term_string\"}}],\"inLanguage\":\"pt-PT\"},{\"@type\":\"Organization\",\"@id\":\"https:\\\/\\\/transportjournal.com\\\/pt-pt\\\/#organization\",\"name\":\"Logismedia Group AG\",\"alternateName\":\"Logismedia Group AG\",\"url\":\"https:\\\/\\\/transportjournal.com\\\/pt-pt\\\/\",\"logo\":{\"@type\":\"ImageObject\",\"inLanguage\":\"pt-PT\",\"@id\":\"https:\\\/\\\/transportjournal.com\\\/pt-pt\\\/#\\\/schema\\\/logo\\\/image\\\/\",\"url\":\"https:\\\/\\\/transportjournal.com\\\/wp-content\\\/uploads\\\/sites\\\/2\\\/2025\\\/09\\\/Logo_ITJ.png\",\"contentUrl\":\"https:\\\/\\\/transportjournal.com\\\/wp-content\\\/uploads\\\/sites\\\/2\\\/2025\\\/09\\\/Logo_ITJ.png\",\"width\":799,\"height\":326,\"caption\":\"Logismedia Group AG\"},\"image\":{\"@id\":\"https:\\\/\\\/transportjournal.com\\\/pt-pt\\\/#\\\/schema\\\/logo\\\/image\\\/\"},\"sameAs\":[\"https:\\\/\\\/www.linkedin.com\\\/company\\\/56456496\\\/admin\\\/dashboard\\\/\",\"https:\\\/\\\/www.instagram.com\\\/logismediagroup\\\/\",\"https:\\\/\\\/www.youtube.com\\\/@LogiamediaGroupAG\"]},{\"@type\":\"Person\",\"@id\":\"https:\\\/\\\/transportjournal.com\\\/pt-pt\\\/#\\\/schema\\\/person\\\/cf538b3157f15afd7589245a4b3dbd25\",\"name\":\"Andreas Haug\",\"url\":\"https:\\\/\\\/transportjournal.com\\\/pt-pt\\\/author\\\/andreas\\\/\"}]}<\/script>\n<!-- \/ Yoast SEO plugin. -->","yoast_head_json":{"title":"Steve Rand novo presidente da EAL - ITJ | International Transport Journal","robots":{"index":"index","follow":"follow","max-snippet":"max-snippet:-1","max-image-preview":"max-image-preview:large","max-video-preview":"max-video-preview:-1"},"canonical":"https:\/\/transportjournal.com\/pt-pt\/2026\/01\/16\/steve-rand-novo-presidente-da-eal\/","og_locale":"pt_PT","og_type":"article","og_title":"Steve Rand novo presidente da EAL - ITJ | International Transport Journal","og_description":"Enstructure nomeou Steve Rand como presidente da Enstructure Auto Logistics para liderar a log\u00edstica automotiva e as opera\u00e7\u00f5es da empresa.","og_url":"https:\/\/transportjournal.com\/pt-pt\/2026\/01\/16\/steve-rand-novo-presidente-da-eal\/","og_site_name":"ITJ | International Transport Journal","article_published_time":"2026-01-16T06:02:19+00:00","article_modified_time":"2026-01-16T07:09:01+00:00","author":"Andreas Haug","twitter_card":"summary_large_image","twitter_misc":{"Escrito por":"Andreas Haug","Tempo estimado de leitura":"2 minutos"},"schema":{"@context":"https:\/\/schema.org","@graph":[{"@type":"Article","@id":"https:\/\/transportjournal.com\/pt-pt\/2026\/01\/16\/steve-rand-novo-presidente-da-eal\/#article","isPartOf":{"@id":"https:\/\/transportjournal.com\/pt-pt\/2026\/01\/16\/steve-rand-novo-presidente-da-eal\/"},"author":{"name":"Andreas Haug","@id":"https:\/\/transportjournal.com\/pt-pt\/#\/schema\/person\/cf538b3157f15afd7589245a4b3dbd25"},"headline":"Steve Rand novo presidente da EAL","datePublished":"2026-01-16T06:02:19+00:00","dateModified":"2026-01-16T07:09:01+00:00","mainEntityOfPage":{"@id":"https:\/\/transportjournal.com\/pt-pt\/2026\/01\/16\/steve-rand-novo-presidente-da-eal\/"},"wordCount":429,"commentCount":0,"publisher":{"@id":"https:\/\/transportjournal.com\/pt-pt\/#organization"},"image":{"@id":"https:\/\/transportjournal.com\/pt-pt\/2026\/01\/16\/steve-rand-novo-presidente-da-eal\/#primaryimage"},"thumbnailUrl":"https:\/\/transportjournal.com\/wp-content\/uploads\/sites\/2\/2026\/01\/Enstructure-507032831_1030717929251598_3079323014185670599_n.jpg","keywords":["Automobillogistik","Automotive logistics","cha\u00eene d'approvisionnement","Deutsch Logistik","Digitalisierung","digitalization","durabilit\u00e9","Enstructure","Fachkr\u00e4ftemangel","Fertigfahrzeuge","Finished vehicles","Fournisseurs de services logistiques","Grimaldi Lines","Hafeninfrastruktur","industrie du transport","infrastructure portuaire","Jacksonville Florida","Jacksonville Floride","Lkw-Transport","logistics service providers","Logistikdienstleister","Logistique automobile","Mazda North America","Nachhaltigkeit","num\u00e9risation","p\u00e9nurie de main-d'\u0153uvre","port infrastructure","rail transport","Schienenverkehr","skills shortage","Steve Rand","Supply Chain","sustainability","Talleyrand Marine Terminal","Toyota Logistics Services","transport ferroviaire","Transport routier","Transportation industry Fran\u00e7ais Logistique","Transportwirtschaft English Logistics","Trucking","V\u00e9hicules finis","Wilmington Delaware"],"articleSection":["Am\u00e9ricas","Pessoas e empresas","Regi\u00f5es"],"inLanguage":"pt-PT","potentialAction":[{"@type":"CommentAction","name":"Comment","target":["https:\/\/transportjournal.com\/pt-pt\/2026\/01\/16\/steve-rand-novo-presidente-da-eal\/#respond"]}]},{"@type":"WebPage","@id":"https:\/\/transportjournal.com\/pt-pt\/2026\/01\/16\/steve-rand-novo-presidente-da-eal\/","url":"https:\/\/transportjournal.com\/pt-pt\/2026\/01\/16\/steve-rand-novo-presidente-da-eal\/","name":"Steve Rand novo presidente da EAL - ITJ | International Transport Journal","isPartOf":{"@id":"https:\/\/transportjournal.com\/pt-pt\/#website"},"primaryImageOfPage":{"@id":"https:\/\/transportjournal.com\/pt-pt\/2026\/01\/16\/steve-rand-novo-presidente-da-eal\/#primaryimage"},"image":{"@id":"https:\/\/transportjournal.com\/pt-pt\/2026\/01\/16\/steve-rand-novo-presidente-da-eal\/#primaryimage"},"thumbnailUrl":"https:\/\/transportjournal.com\/wp-content\/uploads\/sites\/2\/2026\/01\/Enstructure-507032831_1030717929251598_3079323014185670599_n.jpg","datePublished":"2026-01-16T06:02:19+00:00","dateModified":"2026-01-16T07:09:01+00:00","breadcrumb":{"@id":"https:\/\/transportjournal.com\/pt-pt\/2026\/01\/16\/steve-rand-novo-presidente-da-eal\/#breadcrumb"},"inLanguage":"pt-PT","potentialAction":[{"@type":"ReadAction","target":["https:\/\/transportjournal.com\/pt-pt\/2026\/01\/16\/steve-rand-novo-presidente-da-eal\/"]}]},{"@type":"ImageObject","inLanguage":"pt-PT","@id":"https:\/\/transportjournal.com\/pt-pt\/2026\/01\/16\/steve-rand-novo-presidente-da-eal\/#primaryimage","url":"https:\/\/transportjournal.com\/wp-content\/uploads\/sites\/2\/2026\/01\/Enstructure-507032831_1030717929251598_3079323014185670599_n.jpg","contentUrl":"https:\/\/transportjournal.com\/wp-content\/uploads\/sites\/2\/2026\/01\/Enstructure-507032831_1030717929251598_3079323014185670599_n.jpg","width":2048,"height":1152,"caption":"default"},{"@type":"BreadcrumbList","@id":"https:\/\/transportjournal.com\/pt-pt\/2026\/01\/16\/steve-rand-novo-presidente-da-eal\/#breadcrumb","itemListElement":[{"@type":"ListItem","position":1,"name":"Startseite","item":"https:\/\/transportjournal.com\/pt-pt\/"},{"@type":"ListItem","position":2,"name":"Steve Rand novo presidente da EAL"}]},{"@type":"WebSite","@id":"https:\/\/transportjournal.com\/pt-pt\/#website","url":"https:\/\/transportjournal.com\/pt-pt\/","name":"ITJ | International Transport Journal","description":"Stay informed with the latest global news from the transport, logistics, and supply chain industries. Transport Journal delivers expert insights, analysis, and updates across shipping, aviation, intermodal, and forwarding.","publisher":{"@id":"https:\/\/transportjournal.com\/pt-pt\/#organization"},"potentialAction":[{"@type":"SearchAction","target":{"@type":"EntryPoint","urlTemplate":"https:\/\/transportjournal.com\/pt-pt\/?s={search_term_string}"},"query-input":{"@type":"PropertyValueSpecification","valueRequired":true,"valueName":"search_term_string"}}],"inLanguage":"pt-PT"},{"@type":"Organization","@id":"https:\/\/transportjournal.com\/pt-pt\/#organization","name":"Logismedia Group AG","alternateName":"Logismedia Group AG","url":"https:\/\/transportjournal.com\/pt-pt\/","logo":{"@type":"ImageObject","inLanguage":"pt-PT","@id":"https:\/\/transportjournal.com\/pt-pt\/#\/schema\/logo\/image\/","url":"https:\/\/transportjournal.com\/wp-content\/uploads\/sites\/2\/2025\/09\/Logo_ITJ.png","contentUrl":"https:\/\/transportjournal.com\/wp-content\/uploads\/sites\/2\/2025\/09\/Logo_ITJ.png","width":799,"height":326,"caption":"Logismedia Group AG"},"image":{"@id":"https:\/\/transportjournal.com\/pt-pt\/#\/schema\/logo\/image\/"},"sameAs":["https:\/\/www.linkedin.com\/company\/56456496\/admin\/dashboard\/","https:\/\/www.instagram.com\/logismediagroup\/","https:\/\/www.youtube.com\/@LogiamediaGroupAG"]},{"@type":"Person","@id":"https:\/\/transportjournal.com\/pt-pt\/#\/schema\/person\/cf538b3157f15afd7589245a4b3dbd25","name":"Andreas Haug","url":"https:\/\/transportjournal.com\/pt-pt\/author\/andreas\/"}]}},"_links":{"self":[{"href":"https:\/\/transportjournal.com\/pt-pt\/wp-json\/wp\/v2\/posts\/73271","targetHints":{"allow":["GET"]}}],"collection":[{"href":"https:\/\/transportjournal.com\/pt-pt\/wp-json\/wp\/v2\/posts"}],"about":[{"href":"https:\/\/transportjournal.com\/pt-pt\/wp-json\/wp\/v2\/types\/post"}],"author":[{"embeddable":true,"href":"https:\/\/transportjournal.com\/pt-pt\/wp-json\/wp\/v2\/users\/12"}],"replies":[{"embeddable":true,"href":"https:\/\/transportjournal.com\/pt-pt\/wp-json\/wp\/v2\/comments?post=73271"}],"version-history":[{"count":1,"href":"https:\/\/transportjournal.com\/pt-pt\/wp-json\/wp\/v2\/posts\/73271\/revisions"}],"predecessor-version":[{"id":73279,"href":"https:\/\/transportjournal.com\/pt-pt\/wp-json\/wp\/v2\/posts\/73271\/revisions\/73279"}],"wp:featuredmedia":[{"embeddable":true,"href":"https:\/\/transportjournal.com\/pt-pt\/wp-json\/wp\/v2\/media\/73274"}],"wp:attachment":[{"href":"https:\/\/transportjournal.com\/pt-pt\/wp-json\/wp\/v2\/media?parent=73271"}],"wp:term":[{"taxonomy":"category","embeddable":true,"href":"https:\/\/transportjournal.com\/pt-pt\/wp-json\/wp\/v2\/categories?post=73271"},{"taxonomy":"post_tag","embeddable":true,"href":"https:\/\/transportjournal.com\/pt-pt\/wp-json\/wp\/v2\/tags?post=73271"}],"curies":[{"name":"wp","href":"https:\/\/api.w.org\/{rel}","templated":true}]}}