{"id":73249,"date":"2026-01-16T05:30:32","date_gmt":"2026-01-16T05:30:32","guid":{"rendered":"https:\/\/transportjournal.com\/2026\/01\/16\/accelya-unifica-tecnologia-de-carga-e-passageiros\/"},"modified":"2026-01-16T05:30:32","modified_gmt":"2026-01-16T05:30:32","slug":"accelya-unifica-tecnologia-de-carga-e-passageiros","status":"publish","type":"post","link":"https:\/\/transportjournal.com\/pt-pt\/2026\/01\/16\/accelya-unifica-tecnologia-de-carga-e-passageiros\/","title":{"rendered":"Accelya unifica tecnologia de carga e passageiros"},"content":{"rendered":"<p>Accelya anunciou mais um passo no desenvolvimento de sua plataforma FLX ONE Cargo, ao unificar o desenvolvimento de carga na mesma base tecnol\u00f3gica utilizada para as plataformas de distribui\u00e7\u00e3o de passageiros. Essa medida ressalta o investimento de longo prazo da Accelya no setor de carga como um componente central da estrat\u00e9gia empresarial e da capacidade das companhias a\u00e9reas.<\/p>\n<p>A plataforma FLX ONE Cargo, que ser\u00e1 lan\u00e7ada em abril de 2025, \u00e9 uma solu\u00e7\u00e3o nativa em nuvem que suporta opera\u00e7\u00f5es de distribui\u00e7\u00e3o e opera\u00e7\u00e3o de carga modernas e orientadas por API. Ao integrar a carga na mesma arquitetura FLX ONE j\u00e1 utilizada na distribui\u00e7\u00e3o de passageiros, a Accelya cria uma base tecnol\u00f3gica unificada que funciona em n\u00edvel global para as companhias a\u00e9reas.<\/p>\n<h3>Vantagens da tecnologia unificada<\/h3>\n<p>Essa abordagem integrada permite que as companhias a\u00e9reas se beneficiem de seguran\u00e7a, escalabilidade e servi\u00e7os nativos em nuvem consistentes tanto nas opera\u00e7\u00f5es de passageiros quanto de carga, enquanto as exig\u00eancias comerciais, operacionais e regulat\u00f3rias espec\u00edficas da carga s\u00e3o totalmente consideradas. Al\u00e9m disso, a Accelya pode impulsionar inova\u00e7\u00f5es mais rapidamente, utilizando servi\u00e7os de plataforma e um modelo operacional comum em todo o portf\u00f3lio FLX ONE.<\/p>\n<p>No \u00e2mbito desse investimento cont\u00ednuo, a Accelya nomeou Muthupandi Nageswaran como Vice-Presidente de Tecnologia para FLX ONE Cargo. Nageswaran traz mais de 20 anos de experi\u00eancia na lideran\u00e7a de desenvolvimento de plataformas em larga escala e transforma\u00e7\u00e3o digital em empresas globais como WEX, SAP Concur, Oracle, IBM e HP.<\/p>\n<p>\u201cA carga \u00e9 um motor central do desempenho das companhias a\u00e9reas e merece a mesma base tecnol\u00f3gica robusta e empresarial que a distribui\u00e7\u00e3o de passageiros\u201d, afirmou Sam Gilliland, CEO da Accelya. \u201cAo unificar a tecnologia de carga e de passageiros na FLX ONE e continuar investindo em lideran\u00e7a e capacidades de plataforma, oferecemos \u00e0s companhias a\u00e9reas uma base moderna e de longo prazo para desenvolver seus neg\u00f3cios de carga com confian\u00e7a.\u201d<\/p>\n<p>A Accelya continuar\u00e1 a apoiar seu sistema de gerenciamento de carga SkyChain para clientes existentes. FLX ONE Cargo \u00e9 uma plataforma separada e nativa em nuvem, projetada para companhias a\u00e9reas que buscam capacidades modernas de carga com base na infraestrutura FLX ONE. A plataforma oferece caminhos de personaliza\u00e7\u00e3o flex\u00edveis que permitem \u00e0s companhias a\u00e9reas modernizarem-se em seu pr\u00f3prio ritmo.<\/p>\n<p>A empresa planeja anunciar mais atualiza\u00e7\u00f5es sobre as melhorias da plataforma FLX ONE Cargo e os avan\u00e7os dos clientes ao longo de 2026.<\/p>\n<p>&nbsp;<\/p>\n<p><a href=\"https:\/\/w3.accelya.com\/\" target=\"_blank\" rel=\"noopener noreferrer\">www.accelya.com<\/a><\/p>\n<p>&nbsp;<\/p>\n","protected":false},"excerpt":{"rendered":"<p>Accelya aprimorou a plataforma FLX ONE Cargo para oferecer \u00e0s companhias a\u00e9reas uma tecnologia moderna e unificada para a distribui\u00e7\u00e3o de carga e passageiros.<\/p>\n","protected":false},"author":12,"featured_media":73244,"comment_status":"open","ping_status":"open","sticky":false,"template":"","format":"standard","meta":{"_acf_changed":false,"footnotes":""},"categories":[1623,1621,1618],"tags":[2940,6065,6066,6067,6068,6069,3503,4855,2207,6070,6071,2943,6072,2211,2212,5443,2949,6073,6074,6075,6076,6077,2125,3682,3683,2133,1831,6078,6079,6080,5454,4876,6081,6082,6083,2148,6084,6085,6086,1857,5460,3534,3847,6087,3849,2242,2839,1837,6088],"class_list":["post-73249","post","type-post","status-publish","format-standard","has-post-thumbnail","hentry","category-europa","category-regioes","category-transporte-aereo-de-mercadorias","tag-airlines","tag-api-driven-processes","tag-api-gesteuerte-ablaeufe","tag-capacites-modernes-de-fret","tag-cargo-and-passenger-technology","tag-cargo-distribution-platform","tag-cargo-management-system","tag-cargo-operations","tag-chaine-dapprovisionnement","tag-cloud-native-loesung","tag-cloud-native-solution","tag-compagnies-aeriennes","tag-deutsch-accelya","tag-digital-transformation","tag-digitale-transformation","tag-durabilite","tag-fluggesellschaften","tag-flx-one-cargo","tag-fracht-und-passagiertechnologie","tag-frachtbetrieb","tag-frachtmanagementsystem","tag-frachtvertriebsplattform","tag-industrie-du-transport","tag-infrastructure","tag-infrastruktur","tag-logistics-service-providers","tag-logistikdienstleister","tag-modern-cargo-capabilities-francais-accelya","tag-moderne-frachtfaehigkeiten-english-accelya","tag-muthupandi-nageswaran","tag-nachhaltigkeit","tag-operations-de-fret","tag-passagiervertrieb","tag-passenger-sales","tag-plateforme-de-distribution-de-fret","tag-prestataires-de-services-logistiques","tag-processus-pilotes-par-api","tag-sam-gilliland","tag-solution-cloud-native","tag-supply-chain","tag-sustainability","tag-systeme-de-gestion-de-fret","tag-technologie","tag-technologie-de-fret-et-de-passagers","tag-technology","tag-transformation-numerique","tag-transportation-industry","tag-transportwirtschaft","tag-ventes-de-passagers"],"acf":[],"yoast_head":"<!-- This site is optimized with the Yoast SEO plugin v27.3 - https:\/\/yoast.com\/product\/yoast-seo-wordpress\/ -->\n<title>Accelya unifica tecnologia de carga e passageiros - ITJ | International Transport Journal<\/title>\n<meta name=\"robots\" content=\"index, follow, max-snippet:-1, max-image-preview:large, max-video-preview:-1\" \/>\n<link rel=\"canonical\" href=\"https:\/\/transportjournal.com\/pt-pt\/2026\/01\/16\/accelya-unifica-tecnologia-de-carga-e-passageiros\/\" \/>\n<meta property=\"og:locale\" content=\"pt_PT\" \/>\n<meta property=\"og:type\" content=\"article\" \/>\n<meta property=\"og:title\" content=\"Accelya unifica tecnologia de carga e passageiros - ITJ | International Transport Journal\" \/>\n<meta property=\"og:description\" content=\"Accelya aprimorou a plataforma FLX ONE Cargo para oferecer \u00e0s companhias a\u00e9reas uma tecnologia moderna e unificada para a distribui\u00e7\u00e3o de carga e passageiros.\" \/>\n<meta property=\"og:url\" content=\"https:\/\/transportjournal.com\/pt-pt\/2026\/01\/16\/accelya-unifica-tecnologia-de-carga-e-passageiros\/\" \/>\n<meta property=\"og:site_name\" content=\"ITJ | International Transport Journal\" \/>\n<meta property=\"article:published_time\" content=\"2026-01-16T05:30:32+00:00\" \/>\n<meta property=\"og:image\" content=\"https:\/\/transportjournal.com\/wp-content\/uploads\/sites\/2\/2026\/01\/Accelya-FLX-Cargo-3-aspect-ratio-1400-788.webp\" \/>\n\t<meta property=\"og:image:width\" content=\"558\" \/>\n\t<meta property=\"og:image:height\" content=\"314\" \/>\n\t<meta property=\"og:image:type\" content=\"image\/webp\" \/>\n<meta name=\"author\" content=\"Andreas Haug\" \/>\n<meta name=\"twitter:card\" content=\"summary_large_image\" \/>\n<meta name=\"twitter:label1\" content=\"Escrito por\" \/>\n\t<meta name=\"twitter:data1\" content=\"Andreas Haug\" \/>\n\t<meta name=\"twitter:label2\" content=\"Tempo estimado de leitura\" \/>\n\t<meta name=\"twitter:data2\" content=\"2 minutos\" \/>\n<script type=\"application\/ld+json\" class=\"yoast-schema-graph\">{\"@context\":\"https:\\\/\\\/schema.org\",\"@graph\":[{\"@type\":\"Article\",\"@id\":\"https:\\\/\\\/transportjournal.com\\\/pt-pt\\\/2026\\\/01\\\/16\\\/accelya-unifica-tecnologia-de-carga-e-passageiros\\\/#article\",\"isPartOf\":{\"@id\":\"https:\\\/\\\/transportjournal.com\\\/pt-pt\\\/2026\\\/01\\\/16\\\/accelya-unifica-tecnologia-de-carga-e-passageiros\\\/\"},\"author\":{\"name\":\"Andreas Haug\",\"@id\":\"https:\\\/\\\/transportjournal.com\\\/pt-pt\\\/#\\\/schema\\\/person\\\/cf538b3157f15afd7589245a4b3dbd25\"},\"headline\":\"Accelya unifica tecnologia de carga e passageiros\",\"datePublished\":\"2026-01-16T05:30:32+00:00\",\"mainEntityOfPage\":{\"@id\":\"https:\\\/\\\/transportjournal.com\\\/pt-pt\\\/2026\\\/01\\\/16\\\/accelya-unifica-tecnologia-de-carga-e-passageiros\\\/\"},\"wordCount\":440,\"commentCount\":0,\"publisher\":{\"@id\":\"https:\\\/\\\/transportjournal.com\\\/pt-pt\\\/#organization\"},\"image\":{\"@id\":\"https:\\\/\\\/transportjournal.com\\\/pt-pt\\\/2026\\\/01\\\/16\\\/accelya-unifica-tecnologia-de-carga-e-passageiros\\\/#primaryimage\"},\"thumbnailUrl\":\"https:\\\/\\\/transportjournal.com\\\/wp-content\\\/uploads\\\/sites\\\/2\\\/2026\\\/01\\\/Accelya-FLX-Cargo-3-aspect-ratio-1400-788.webp\",\"keywords\":[\"airlines\",\"API-driven processes\",\"API-gesteuerte Abl\u00e4ufe\",\"capacit\u00e9s modernes de fret\",\"cargo and passenger technology\",\"cargo distribution platform\",\"Cargo Management System\",\"cargo operations\",\"cha\u00eene d'approvisionnement\",\"cloud-native L\u00f6sung\",\"cloud-native solution\",\"compagnies a\u00e9riennes\",\"Deutsch Accelya\",\"digital transformation\",\"digitale Transformation\",\"durabilit\u00e9\",\"Fluggesellschaften\",\"FLX ONE Cargo\",\"Fracht- und Passagiertechnologie\",\"Frachtbetrieb\",\"Frachtmanagementsystem\",\"Frachtvertriebsplattform\",\"industrie du transport\",\"infrastructure\",\"Infrastruktur\",\"logistics service providers\",\"Logistikdienstleister\",\"modern cargo capabilities Fran\u00e7ais Accelya\",\"moderne Frachtf\u00e4higkeiten English Accelya\",\"Muthupandi Nageswaran\",\"Nachhaltigkeit\",\"op\u00e9rations de fret\",\"Passagiervertrieb\",\"passenger sales\",\"plateforme de distribution de fret\",\"prestataires de services logistiques\",\"processus pilot\u00e9s par API\",\"Sam Gilliland\",\"solution cloud-native\",\"Supply Chain\",\"sustainability\",\"syst\u00e8me de gestion de fret\",\"technologie\",\"technologie de fret et de passagers\",\"technology\",\"transformation num\u00e9rique\",\"transportation industry\",\"Transportwirtschaft\",\"ventes de passagers\"],\"articleSection\":[\"Europa\",\"Regi\u00f5es\",\"Transporte a\u00e9reo de mercadorias\"],\"inLanguage\":\"pt-PT\",\"potentialAction\":[{\"@type\":\"CommentAction\",\"name\":\"Comment\",\"target\":[\"https:\\\/\\\/transportjournal.com\\\/pt-pt\\\/2026\\\/01\\\/16\\\/accelya-unifica-tecnologia-de-carga-e-passageiros\\\/#respond\"]}]},{\"@type\":\"WebPage\",\"@id\":\"https:\\\/\\\/transportjournal.com\\\/pt-pt\\\/2026\\\/01\\\/16\\\/accelya-unifica-tecnologia-de-carga-e-passageiros\\\/\",\"url\":\"https:\\\/\\\/transportjournal.com\\\/pt-pt\\\/2026\\\/01\\\/16\\\/accelya-unifica-tecnologia-de-carga-e-passageiros\\\/\",\"name\":\"Accelya unifica tecnologia de carga e passageiros - ITJ | International Transport Journal\",\"isPartOf\":{\"@id\":\"https:\\\/\\\/transportjournal.com\\\/pt-pt\\\/#website\"},\"primaryImageOfPage\":{\"@id\":\"https:\\\/\\\/transportjournal.com\\\/pt-pt\\\/2026\\\/01\\\/16\\\/accelya-unifica-tecnologia-de-carga-e-passageiros\\\/#primaryimage\"},\"image\":{\"@id\":\"https:\\\/\\\/transportjournal.com\\\/pt-pt\\\/2026\\\/01\\\/16\\\/accelya-unifica-tecnologia-de-carga-e-passageiros\\\/#primaryimage\"},\"thumbnailUrl\":\"https:\\\/\\\/transportjournal.com\\\/wp-content\\\/uploads\\\/sites\\\/2\\\/2026\\\/01\\\/Accelya-FLX-Cargo-3-aspect-ratio-1400-788.webp\",\"datePublished\":\"2026-01-16T05:30:32+00:00\",\"breadcrumb\":{\"@id\":\"https:\\\/\\\/transportjournal.com\\\/pt-pt\\\/2026\\\/01\\\/16\\\/accelya-unifica-tecnologia-de-carga-e-passageiros\\\/#breadcrumb\"},\"inLanguage\":\"pt-PT\",\"potentialAction\":[{\"@type\":\"ReadAction\",\"target\":[\"https:\\\/\\\/transportjournal.com\\\/pt-pt\\\/2026\\\/01\\\/16\\\/accelya-unifica-tecnologia-de-carga-e-passageiros\\\/\"]}]},{\"@type\":\"ImageObject\",\"inLanguage\":\"pt-PT\",\"@id\":\"https:\\\/\\\/transportjournal.com\\\/pt-pt\\\/2026\\\/01\\\/16\\\/accelya-unifica-tecnologia-de-carga-e-passageiros\\\/#primaryimage\",\"url\":\"https:\\\/\\\/transportjournal.com\\\/wp-content\\\/uploads\\\/sites\\\/2\\\/2026\\\/01\\\/Accelya-FLX-Cargo-3-aspect-ratio-1400-788.webp\",\"contentUrl\":\"https:\\\/\\\/transportjournal.com\\\/wp-content\\\/uploads\\\/sites\\\/2\\\/2026\\\/01\\\/Accelya-FLX-Cargo-3-aspect-ratio-1400-788.webp\",\"width\":558,\"height\":314},{\"@type\":\"BreadcrumbList\",\"@id\":\"https:\\\/\\\/transportjournal.com\\\/pt-pt\\\/2026\\\/01\\\/16\\\/accelya-unifica-tecnologia-de-carga-e-passageiros\\\/#breadcrumb\",\"itemListElement\":[{\"@type\":\"ListItem\",\"position\":1,\"name\":\"Startseite\",\"item\":\"https:\\\/\\\/transportjournal.com\\\/pt-pt\\\/\"},{\"@type\":\"ListItem\",\"position\":2,\"name\":\"Accelya unifica tecnologia de carga e passageiros\"}]},{\"@type\":\"WebSite\",\"@id\":\"https:\\\/\\\/transportjournal.com\\\/pt-pt\\\/#website\",\"url\":\"https:\\\/\\\/transportjournal.com\\\/pt-pt\\\/\",\"name\":\"ITJ | International Transport Journal\",\"description\":\"Stay informed with the latest global news from the transport, logistics, and supply chain industries. Transport Journal delivers expert insights, analysis, and updates across shipping, aviation, intermodal, and forwarding.\",\"publisher\":{\"@id\":\"https:\\\/\\\/transportjournal.com\\\/pt-pt\\\/#organization\"},\"potentialAction\":[{\"@type\":\"SearchAction\",\"target\":{\"@type\":\"EntryPoint\",\"urlTemplate\":\"https:\\\/\\\/transportjournal.com\\\/pt-pt\\\/?s={search_term_string}\"},\"query-input\":{\"@type\":\"PropertyValueSpecification\",\"valueRequired\":true,\"valueName\":\"search_term_string\"}}],\"inLanguage\":\"pt-PT\"},{\"@type\":\"Organization\",\"@id\":\"https:\\\/\\\/transportjournal.com\\\/pt-pt\\\/#organization\",\"name\":\"Logismedia Group AG\",\"alternateName\":\"Logismedia Group AG\",\"url\":\"https:\\\/\\\/transportjournal.com\\\/pt-pt\\\/\",\"logo\":{\"@type\":\"ImageObject\",\"inLanguage\":\"pt-PT\",\"@id\":\"https:\\\/\\\/transportjournal.com\\\/pt-pt\\\/#\\\/schema\\\/logo\\\/image\\\/\",\"url\":\"https:\\\/\\\/transportjournal.com\\\/wp-content\\\/uploads\\\/sites\\\/2\\\/2025\\\/09\\\/Logo_ITJ.png\",\"contentUrl\":\"https:\\\/\\\/transportjournal.com\\\/wp-content\\\/uploads\\\/sites\\\/2\\\/2025\\\/09\\\/Logo_ITJ.png\",\"width\":799,\"height\":326,\"caption\":\"Logismedia Group AG\"},\"image\":{\"@id\":\"https:\\\/\\\/transportjournal.com\\\/pt-pt\\\/#\\\/schema\\\/logo\\\/image\\\/\"},\"sameAs\":[\"https:\\\/\\\/www.linkedin.com\\\/company\\\/56456496\\\/admin\\\/dashboard\\\/\",\"https:\\\/\\\/www.instagram.com\\\/logismediagroup\\\/\",\"https:\\\/\\\/www.youtube.com\\\/@LogiamediaGroupAG\"]},{\"@type\":\"Person\",\"@id\":\"https:\\\/\\\/transportjournal.com\\\/pt-pt\\\/#\\\/schema\\\/person\\\/cf538b3157f15afd7589245a4b3dbd25\",\"name\":\"Andreas Haug\",\"url\":\"https:\\\/\\\/transportjournal.com\\\/pt-pt\\\/author\\\/andreas\\\/\"}]}<\/script>\n<!-- \/ Yoast SEO plugin. -->","yoast_head_json":{"title":"Accelya unifica tecnologia de carga e passageiros - ITJ | International Transport Journal","robots":{"index":"index","follow":"follow","max-snippet":"max-snippet:-1","max-image-preview":"max-image-preview:large","max-video-preview":"max-video-preview:-1"},"canonical":"https:\/\/transportjournal.com\/pt-pt\/2026\/01\/16\/accelya-unifica-tecnologia-de-carga-e-passageiros\/","og_locale":"pt_PT","og_type":"article","og_title":"Accelya unifica tecnologia de carga e passageiros - ITJ | International Transport Journal","og_description":"Accelya aprimorou a plataforma FLX ONE Cargo para oferecer \u00e0s companhias a\u00e9reas uma tecnologia moderna e unificada para a distribui\u00e7\u00e3o de carga e passageiros.","og_url":"https:\/\/transportjournal.com\/pt-pt\/2026\/01\/16\/accelya-unifica-tecnologia-de-carga-e-passageiros\/","og_site_name":"ITJ | International Transport Journal","article_published_time":"2026-01-16T05:30:32+00:00","og_image":[{"width":558,"height":314,"url":"https:\/\/transportjournal.com\/wp-content\/uploads\/sites\/2\/2026\/01\/Accelya-FLX-Cargo-3-aspect-ratio-1400-788.webp","type":"image\/webp"}],"author":"Andreas Haug","twitter_card":"summary_large_image","twitter_misc":{"Escrito por":"Andreas Haug","Tempo estimado de leitura":"2 minutos"},"schema":{"@context":"https:\/\/schema.org","@graph":[{"@type":"Article","@id":"https:\/\/transportjournal.com\/pt-pt\/2026\/01\/16\/accelya-unifica-tecnologia-de-carga-e-passageiros\/#article","isPartOf":{"@id":"https:\/\/transportjournal.com\/pt-pt\/2026\/01\/16\/accelya-unifica-tecnologia-de-carga-e-passageiros\/"},"author":{"name":"Andreas Haug","@id":"https:\/\/transportjournal.com\/pt-pt\/#\/schema\/person\/cf538b3157f15afd7589245a4b3dbd25"},"headline":"Accelya unifica tecnologia de carga e passageiros","datePublished":"2026-01-16T05:30:32+00:00","mainEntityOfPage":{"@id":"https:\/\/transportjournal.com\/pt-pt\/2026\/01\/16\/accelya-unifica-tecnologia-de-carga-e-passageiros\/"},"wordCount":440,"commentCount":0,"publisher":{"@id":"https:\/\/transportjournal.com\/pt-pt\/#organization"},"image":{"@id":"https:\/\/transportjournal.com\/pt-pt\/2026\/01\/16\/accelya-unifica-tecnologia-de-carga-e-passageiros\/#primaryimage"},"thumbnailUrl":"https:\/\/transportjournal.com\/wp-content\/uploads\/sites\/2\/2026\/01\/Accelya-FLX-Cargo-3-aspect-ratio-1400-788.webp","keywords":["airlines","API-driven processes","API-gesteuerte Abl\u00e4ufe","capacit\u00e9s modernes de fret","cargo and passenger technology","cargo distribution platform","Cargo Management System","cargo operations","cha\u00eene d'approvisionnement","cloud-native L\u00f6sung","cloud-native solution","compagnies a\u00e9riennes","Deutsch Accelya","digital transformation","digitale Transformation","durabilit\u00e9","Fluggesellschaften","FLX ONE Cargo","Fracht- und Passagiertechnologie","Frachtbetrieb","Frachtmanagementsystem","Frachtvertriebsplattform","industrie du transport","infrastructure","Infrastruktur","logistics service providers","Logistikdienstleister","modern cargo capabilities Fran\u00e7ais Accelya","moderne Frachtf\u00e4higkeiten English Accelya","Muthupandi Nageswaran","Nachhaltigkeit","op\u00e9rations de fret","Passagiervertrieb","passenger sales","plateforme de distribution de fret","prestataires de services logistiques","processus pilot\u00e9s par API","Sam Gilliland","solution cloud-native","Supply Chain","sustainability","syst\u00e8me de gestion de fret","technologie","technologie de fret et de passagers","technology","transformation num\u00e9rique","transportation industry","Transportwirtschaft","ventes de passagers"],"articleSection":["Europa","Regi\u00f5es","Transporte a\u00e9reo de mercadorias"],"inLanguage":"pt-PT","potentialAction":[{"@type":"CommentAction","name":"Comment","target":["https:\/\/transportjournal.com\/pt-pt\/2026\/01\/16\/accelya-unifica-tecnologia-de-carga-e-passageiros\/#respond"]}]},{"@type":"WebPage","@id":"https:\/\/transportjournal.com\/pt-pt\/2026\/01\/16\/accelya-unifica-tecnologia-de-carga-e-passageiros\/","url":"https:\/\/transportjournal.com\/pt-pt\/2026\/01\/16\/accelya-unifica-tecnologia-de-carga-e-passageiros\/","name":"Accelya unifica tecnologia de carga e passageiros - ITJ | International Transport Journal","isPartOf":{"@id":"https:\/\/transportjournal.com\/pt-pt\/#website"},"primaryImageOfPage":{"@id":"https:\/\/transportjournal.com\/pt-pt\/2026\/01\/16\/accelya-unifica-tecnologia-de-carga-e-passageiros\/#primaryimage"},"image":{"@id":"https:\/\/transportjournal.com\/pt-pt\/2026\/01\/16\/accelya-unifica-tecnologia-de-carga-e-passageiros\/#primaryimage"},"thumbnailUrl":"https:\/\/transportjournal.com\/wp-content\/uploads\/sites\/2\/2026\/01\/Accelya-FLX-Cargo-3-aspect-ratio-1400-788.webp","datePublished":"2026-01-16T05:30:32+00:00","breadcrumb":{"@id":"https:\/\/transportjournal.com\/pt-pt\/2026\/01\/16\/accelya-unifica-tecnologia-de-carga-e-passageiros\/#breadcrumb"},"inLanguage":"pt-PT","potentialAction":[{"@type":"ReadAction","target":["https:\/\/transportjournal.com\/pt-pt\/2026\/01\/16\/accelya-unifica-tecnologia-de-carga-e-passageiros\/"]}]},{"@type":"ImageObject","inLanguage":"pt-PT","@id":"https:\/\/transportjournal.com\/pt-pt\/2026\/01\/16\/accelya-unifica-tecnologia-de-carga-e-passageiros\/#primaryimage","url":"https:\/\/transportjournal.com\/wp-content\/uploads\/sites\/2\/2026\/01\/Accelya-FLX-Cargo-3-aspect-ratio-1400-788.webp","contentUrl":"https:\/\/transportjournal.com\/wp-content\/uploads\/sites\/2\/2026\/01\/Accelya-FLX-Cargo-3-aspect-ratio-1400-788.webp","width":558,"height":314},{"@type":"BreadcrumbList","@id":"https:\/\/transportjournal.com\/pt-pt\/2026\/01\/16\/accelya-unifica-tecnologia-de-carga-e-passageiros\/#breadcrumb","itemListElement":[{"@type":"ListItem","position":1,"name":"Startseite","item":"https:\/\/transportjournal.com\/pt-pt\/"},{"@type":"ListItem","position":2,"name":"Accelya unifica tecnologia de carga e passageiros"}]},{"@type":"WebSite","@id":"https:\/\/transportjournal.com\/pt-pt\/#website","url":"https:\/\/transportjournal.com\/pt-pt\/","name":"ITJ | International Transport Journal","description":"Stay informed with the latest global news from the transport, logistics, and supply chain industries. Transport Journal delivers expert insights, analysis, and updates across shipping, aviation, intermodal, and forwarding.","publisher":{"@id":"https:\/\/transportjournal.com\/pt-pt\/#organization"},"potentialAction":[{"@type":"SearchAction","target":{"@type":"EntryPoint","urlTemplate":"https:\/\/transportjournal.com\/pt-pt\/?s={search_term_string}"},"query-input":{"@type":"PropertyValueSpecification","valueRequired":true,"valueName":"search_term_string"}}],"inLanguage":"pt-PT"},{"@type":"Organization","@id":"https:\/\/transportjournal.com\/pt-pt\/#organization","name":"Logismedia Group AG","alternateName":"Logismedia Group AG","url":"https:\/\/transportjournal.com\/pt-pt\/","logo":{"@type":"ImageObject","inLanguage":"pt-PT","@id":"https:\/\/transportjournal.com\/pt-pt\/#\/schema\/logo\/image\/","url":"https:\/\/transportjournal.com\/wp-content\/uploads\/sites\/2\/2025\/09\/Logo_ITJ.png","contentUrl":"https:\/\/transportjournal.com\/wp-content\/uploads\/sites\/2\/2025\/09\/Logo_ITJ.png","width":799,"height":326,"caption":"Logismedia Group AG"},"image":{"@id":"https:\/\/transportjournal.com\/pt-pt\/#\/schema\/logo\/image\/"},"sameAs":["https:\/\/www.linkedin.com\/company\/56456496\/admin\/dashboard\/","https:\/\/www.instagram.com\/logismediagroup\/","https:\/\/www.youtube.com\/@LogiamediaGroupAG"]},{"@type":"Person","@id":"https:\/\/transportjournal.com\/pt-pt\/#\/schema\/person\/cf538b3157f15afd7589245a4b3dbd25","name":"Andreas Haug","url":"https:\/\/transportjournal.com\/pt-pt\/author\/andreas\/"}]}},"_links":{"self":[{"href":"https:\/\/transportjournal.com\/pt-pt\/wp-json\/wp\/v2\/posts\/73249","targetHints":{"allow":["GET"]}}],"collection":[{"href":"https:\/\/transportjournal.com\/pt-pt\/wp-json\/wp\/v2\/posts"}],"about":[{"href":"https:\/\/transportjournal.com\/pt-pt\/wp-json\/wp\/v2\/types\/post"}],"author":[{"embeddable":true,"href":"https:\/\/transportjournal.com\/pt-pt\/wp-json\/wp\/v2\/users\/12"}],"replies":[{"embeddable":true,"href":"https:\/\/transportjournal.com\/pt-pt\/wp-json\/wp\/v2\/comments?post=73249"}],"version-history":[{"count":0,"href":"https:\/\/transportjournal.com\/pt-pt\/wp-json\/wp\/v2\/posts\/73249\/revisions"}],"wp:featuredmedia":[{"embeddable":true,"href":"https:\/\/transportjournal.com\/pt-pt\/wp-json\/wp\/v2\/media\/73244"}],"wp:attachment":[{"href":"https:\/\/transportjournal.com\/pt-pt\/wp-json\/wp\/v2\/media?parent=73249"}],"wp:term":[{"taxonomy":"category","embeddable":true,"href":"https:\/\/transportjournal.com\/pt-pt\/wp-json\/wp\/v2\/categories?post=73249"},{"taxonomy":"post_tag","embeddable":true,"href":"https:\/\/transportjournal.com\/pt-pt\/wp-json\/wp\/v2\/tags?post=73249"}],"curies":[{"name":"wp","href":"https:\/\/api.w.org\/{rel}","templated":true}]}}