{"id":73225,"date":"2026-01-15T11:30:11","date_gmt":"2026-01-15T11:30:11","guid":{"rendered":"https:\/\/transportjournal.com\/2026\/01\/15\/windracers-ultra-atinge-2000-km-de-autonomia\/"},"modified":"2026-01-15T11:30:11","modified_gmt":"2026-01-15T11:30:11","slug":"windracers-ultra-atinge-2000-km-de-autonomia","status":"publish","type":"post","link":"https:\/\/transportjournal.com\/pt-pt\/2026\/01\/15\/windracers-ultra-atinge-2000-km-de-autonomia\/","title":{"rendered":"Windracers ULTRA atinge 2000 km de autonomia"},"content":{"rendered":"<p>Windracers anunciou que a vers\u00e3o mais recente de seu drone pesado, Windracers ULTRA, agora pode alcan\u00e7ar uma autonomia de at\u00e9 2.000 km em um \u00fanico voo. Isso corresponde \u00e0 dist\u00e2ncia de Londres a Marrakech. O an\u00fancio foi feito durante o evento Windracers LAUNCH 2026 em Londres, onde o CEO Simon Muderack apresentou as novas capacidades do drone.<\/p>\n<h3>Possibilidades de uso ampliadas<\/h3>\n<p>O Windracers ULTRA pode ser configurado com uma carga \u00fatil de 200 kg e j\u00e1 est\u00e1 sendo preparado para v\u00e1rias opera\u00e7\u00f5es nas \u00e1reas de defesa, ajuda humanit\u00e1ria, pesquisa e transporte a\u00e9reo civil de carga. Stephen Wright, fundador e presidente da Windracers, destacou a crescente demanda pelo drone e anunciou que as primeiras miss\u00f5es devem come\u00e7ar ainda este m\u00eas.<\/p>\n<p>O evento atraiu numerosos convidados, incluindo membros do parlamento brit\u00e2nico, representantes do governo e profissionais de organiza\u00e7\u00f5es globais de pesquisa e inova\u00e7\u00e3o, que acolheram as capacidades ampliadas do Windracers ULTRA.<\/p>\n<h3>Avan\u00e7os tecnol\u00f3gicos e capacidades de produ\u00e7\u00e3o<\/h3>\n<p>A Windracers tamb\u00e9m apresentou avan\u00e7os tecnol\u00f3gicos na \u00e1rea de avia\u00e7\u00e3o aut\u00f4noma, incluindo uma demonstra\u00e7\u00e3o de um voo totalmente aut\u00f4nomo no Llanbedr Airfield, no Pa\u00eds de Gales. Konstantinos Kontogiannis, chefe do departamento de engenharia, confirmou que o drone j\u00e1 \u00e9 capaz de transportar mais de 100 kg por 2.000 km, enquanto a carga \u00fatil de 200 kg estar\u00e1 dispon\u00edvel nos pr\u00f3ximos meses. Joe Roberts, chefe de fabrica\u00e7\u00e3o, explicou os planos para escalar as capacidades de produ\u00e7\u00e3o, a fim de fabricar centenas de drones ULTRA nos pr\u00f3ximos dois anos.<\/p>\n<p>O Windracers ULTRA j\u00e1 se estabeleceu como um dos drones pesados de dupla capacidade mais poderosos e est\u00e1 sendo utilizado em alguns dos ambientes mais desafiadores do mundo, incluindo na Ucr\u00e2nia, Alasca, \u00c1frica Central e regi\u00f5es polares.<\/p>\n<h3>Import\u00e2ncia estrat\u00e9gica e desenvolvimentos futuros<\/h3>\n<p>Wright apontou que a combina\u00e7\u00e3o de carga pesada e a nova autonomia de 2.000 km coloca o Windracers ULTRA em um grupo exclusivo de UAS de longo alcance, que estabelece novos padr\u00f5es tanto no setor civil quanto militar. Simon Muderack acrescentou que o foco da Windracers \u00e9 implementar projetos de forma eficiente e direcionada, a fim de alcan\u00e7ar resultados positivos no local.<\/p>\n<p>Al Carns, ministro das For\u00e7as Armadas, enfatizou a import\u00e2ncia da resist\u00eancia operacional para as miss\u00f5es e elogiou a engenharia brit\u00e2nica que foi incorporada ao desenvolvimento do Windracers ULTRA.<\/p>\n<p>O drone tamb\u00e9m \u00e9 utilizado por organiza\u00e7\u00f5es de pesquisa que lidam com ci\u00eancias ambientais e clim\u00e1ticas. Cathy Cahill, professora da University of Alaska Fairbanks, explicou que a escolha recaiu sobre o Windracers ULTRA porque ele opera de forma confi\u00e1vel em ambientes extremos e remotos.<\/p>\n<p>A Windracers continua a estabelecer padr\u00f5es na tecnologia UAS e contribui para o fortalecimento das opera\u00e7\u00f5es civis e militares, enquanto apoia a lideran\u00e7a estrat\u00e9gica e tecnol\u00f3gica do Reino Unido.<\/p>\n<p>&nbsp;<\/p>\n<p><a href=\"https:\/\/windracers.com\/\" target=\"_blank\" rel=\"noopener noreferrer\">www.windracers.com<\/a><\/p>\n<p>&nbsp;<\/p>\n","protected":false},"excerpt":{"rendered":"<p>Windracers apresentou a Windracers ULTRA, um drone com um alcance de 2.000 km e diversas aplica\u00e7\u00f5es em diferentes \u00e1reas.<\/p>\n","protected":false},"author":12,"featured_media":73220,"comment_status":"open","ping_status":"open","sticky":false,"template":"","format":"standard","meta":{"_acf_changed":false,"footnotes":""},"categories":[1625,1626,1623,1617,1618],"tags":[5911,5912,5913,5914,5915,3397,5916,5917,5918,5919,5920,5921,5922,5923,5924,5925,5926,5927,5928,5929,5930,5931,5932,5933,5934,5935,5936,3418,5937,5938,5939,5940,3423,5941,5942,5943,5944,5945,5946,5947,5948,5949,5950,5951,5952,5953,5954,5955,5956,5957,5958,5959,5960,5961,5962,5963],"class_list":["post-73225","post","type-post","status-publish","format-standard","has-post-thumbnail","hentry","category-africa","category-americas","category-europa","category-expedicao-e-logistica","category-transporte-aereo-de-mercadorias","tag-2000-km-range","tag-applications-de-drone","tag-autonome-luftfahrt","tag-autonomous-flight","tag-avancees-technologiques-drone","tag-aviation-industry","tag-britische-ingenieurskunst","tag-british-engineering","tag-capacites-de-production-drone","tag-civil-air-freight-transport","tag-climate-sciences-drone","tag-defense-drone","tag-deutsch-windracers","tag-drohneneinsatz-in-der-ukraine","tag-drohnentechnologie","tag-drone-applications","tag-drone-daide-humanitaire","tag-drone-de-defense","tag-drone-lourde","tag-drone-technology","tag-drone-use-in-ukraine","tag-einsatzmoeglichkeiten-drohne","tag-forschung-und-innovation","tag-heavy-drone","tag-humanitaere-hilfe-drohne","tag-humanitarian-aid-drone","tag-importance-strategique-drone","tag-industrie-aeronautique","tag-ingenierie-britannique","tag-klimawissenschaften-drohne","tag-langstrecken-uas","tag-long-range-uas","tag-luftfahrtindustrie","tag-portee-de-2000-km","tag-production-capacities-drone","tag-produktionskapazitaeten-drohne","tag-recherche-et-innovation","tag-reichweite-2000-km","tag-research-and-innovation","tag-schwere-drohne","tag-sciences-climatiques-drone","tag-strategic-importance-drone-francais-windracers","tag-strategische-bedeutung-drohne-english-windracers","tag-technological-advancements-drone","tag-technologie-de-drone","tag-technologie-uas","tag-technologische-fortschritte-drohne","tag-transport-aerien-civil","tag-uas-longue-portee","tag-uas-technology","tag-uas-technologie","tag-utilisation-de-drone-en-ukraine","tag-verteidigung-drohne","tag-vol-autonome","tag-windracers-ultra","tag-zivilen-luftfrachttransport"],"acf":[],"yoast_head":"<!-- This site is optimized with the Yoast SEO plugin v27.3 - https:\/\/yoast.com\/product\/yoast-seo-wordpress\/ -->\n<title>Windracers ULTRA atinge 2000 km de autonomia - ITJ | International Transport Journal<\/title>\n<meta name=\"robots\" content=\"index, follow, max-snippet:-1, max-image-preview:large, max-video-preview:-1\" \/>\n<link rel=\"canonical\" href=\"https:\/\/transportjournal.com\/pt-pt\/2026\/01\/15\/windracers-ultra-atinge-2000-km-de-autonomia\/\" \/>\n<meta property=\"og:locale\" content=\"pt_PT\" \/>\n<meta property=\"og:type\" content=\"article\" \/>\n<meta property=\"og:title\" content=\"Windracers ULTRA atinge 2000 km de autonomia - ITJ | International Transport Journal\" \/>\n<meta property=\"og:description\" content=\"Windracers apresentou a Windracers ULTRA, um drone com um alcance de 2.000 km e diversas aplica\u00e7\u00f5es em diferentes \u00e1reas.\" \/>\n<meta property=\"og:url\" content=\"https:\/\/transportjournal.com\/pt-pt\/2026\/01\/15\/windracers-ultra-atinge-2000-km-de-autonomia\/\" \/>\n<meta property=\"og:site_name\" content=\"ITJ | International Transport Journal\" \/>\n<meta property=\"article:published_time\" content=\"2026-01-15T11:30:11+00:00\" \/>\n<meta property=\"og:image\" content=\"https:\/\/transportjournal.com\/wp-content\/uploads\/sites\/2\/2026\/01\/Windracers-Hero-image-1024x683-1-aspect-ratio-1400-788.jpg\" \/>\n\t<meta property=\"og:image:width\" content=\"1024\" \/>\n\t<meta property=\"og:image:height\" content=\"577\" \/>\n\t<meta property=\"og:image:type\" content=\"image\/jpeg\" \/>\n<meta name=\"author\" content=\"Andreas Haug\" \/>\n<meta name=\"twitter:card\" content=\"summary_large_image\" \/>\n<meta name=\"twitter:label1\" content=\"Escrito por\" \/>\n\t<meta name=\"twitter:data1\" content=\"Andreas Haug\" \/>\n\t<meta name=\"twitter:label2\" content=\"Tempo estimado de leitura\" \/>\n\t<meta name=\"twitter:data2\" content=\"2 minutos\" \/>\n<script type=\"application\/ld+json\" class=\"yoast-schema-graph\">{\"@context\":\"https:\\\/\\\/schema.org\",\"@graph\":[{\"@type\":\"Article\",\"@id\":\"https:\\\/\\\/transportjournal.com\\\/pt-pt\\\/2026\\\/01\\\/15\\\/windracers-ultra-atinge-2000-km-de-autonomia\\\/#article\",\"isPartOf\":{\"@id\":\"https:\\\/\\\/transportjournal.com\\\/pt-pt\\\/2026\\\/01\\\/15\\\/windracers-ultra-atinge-2000-km-de-autonomia\\\/\"},\"author\":{\"name\":\"Andreas Haug\",\"@id\":\"https:\\\/\\\/transportjournal.com\\\/pt-pt\\\/#\\\/schema\\\/person\\\/cf538b3157f15afd7589245a4b3dbd25\"},\"headline\":\"Windracers ULTRA atinge 2000 km de autonomia\",\"datePublished\":\"2026-01-15T11:30:11+00:00\",\"mainEntityOfPage\":{\"@id\":\"https:\\\/\\\/transportjournal.com\\\/pt-pt\\\/2026\\\/01\\\/15\\\/windracers-ultra-atinge-2000-km-de-autonomia\\\/\"},\"wordCount\":499,\"commentCount\":0,\"publisher\":{\"@id\":\"https:\\\/\\\/transportjournal.com\\\/pt-pt\\\/#organization\"},\"image\":{\"@id\":\"https:\\\/\\\/transportjournal.com\\\/pt-pt\\\/2026\\\/01\\\/15\\\/windracers-ultra-atinge-2000-km-de-autonomia\\\/#primaryimage\"},\"thumbnailUrl\":\"https:\\\/\\\/transportjournal.com\\\/wp-content\\\/uploads\\\/sites\\\/2\\\/2026\\\/01\\\/Windracers-Hero-image-1024x683-1-aspect-ratio-1400-788.jpg\",\"keywords\":[\"2000 km range\",\"applications de drone\",\"autonome Luftfahrt\",\"autonomous flight\",\"avanc\u00e9es technologiques drone\",\"aviation industry\",\"britische Ingenieurskunst\",\"British engineering\",\"capacit\u00e9s de production drone\",\"civil air freight transport\",\"climate sciences drone\",\"defense drone\",\"Deutsch Windracers\",\"Drohneneinsatz in der Ukraine\",\"Drohnentechnologie\",\"drone applications\",\"drone d'aide humanitaire\",\"drone de d\u00e9fense\",\"drone lourde\",\"drone technology\",\"drone use in Ukraine\",\"Einsatzm\u00f6glichkeiten Drohne\",\"Forschung und Innovation\",\"heavy drone\",\"humanit\u00e4re Hilfe Drohne\",\"humanitarian aid drone\",\"importance strat\u00e9gique drone\",\"industrie a\u00e9ronautique\",\"ing\u00e9nierie britannique\",\"Klimawissenschaften Drohne\",\"Langstrecken-UAS\",\"long-range UAS\",\"Luftfahrtindustrie\",\"port\u00e9e de 2000 km\",\"production capacities drone\",\"Produktionskapazit\u00e4ten Drohne\",\"recherche et innovation\",\"Reichweite 2000 km\",\"research and innovation\",\"schwere Drohne\",\"sciences climatiques drone\",\"strategic importance drone Fran\u00e7ais Windracers\",\"strategische Bedeutung Drohne English Windracers\",\"technological advancements drone\",\"technologie de drone\",\"technologie UAS\",\"technologische Fortschritte Drohne\",\"transport a\u00e9rien civil\",\"UAS longue port\u00e9e\",\"UAS technology\",\"UAS-Technologie\",\"utilisation de drone en Ukraine\",\"Verteidigung Drohne\",\"vol autonome\",\"Windracers ULTRA\",\"zivilen Luftfrachttransport\"],\"articleSection\":[\"\u00c1frica\",\"Am\u00e9ricas\",\"Europa\",\"Expedi\u00e7\u00e3o de Mercadorias e Log\u00edstica\",\"Transporte a\u00e9reo de mercadorias\"],\"inLanguage\":\"pt-PT\",\"potentialAction\":[{\"@type\":\"CommentAction\",\"name\":\"Comment\",\"target\":[\"https:\\\/\\\/transportjournal.com\\\/pt-pt\\\/2026\\\/01\\\/15\\\/windracers-ultra-atinge-2000-km-de-autonomia\\\/#respond\"]}]},{\"@type\":\"WebPage\",\"@id\":\"https:\\\/\\\/transportjournal.com\\\/pt-pt\\\/2026\\\/01\\\/15\\\/windracers-ultra-atinge-2000-km-de-autonomia\\\/\",\"url\":\"https:\\\/\\\/transportjournal.com\\\/pt-pt\\\/2026\\\/01\\\/15\\\/windracers-ultra-atinge-2000-km-de-autonomia\\\/\",\"name\":\"Windracers ULTRA atinge 2000 km de autonomia - ITJ | International Transport Journal\",\"isPartOf\":{\"@id\":\"https:\\\/\\\/transportjournal.com\\\/pt-pt\\\/#website\"},\"primaryImageOfPage\":{\"@id\":\"https:\\\/\\\/transportjournal.com\\\/pt-pt\\\/2026\\\/01\\\/15\\\/windracers-ultra-atinge-2000-km-de-autonomia\\\/#primaryimage\"},\"image\":{\"@id\":\"https:\\\/\\\/transportjournal.com\\\/pt-pt\\\/2026\\\/01\\\/15\\\/windracers-ultra-atinge-2000-km-de-autonomia\\\/#primaryimage\"},\"thumbnailUrl\":\"https:\\\/\\\/transportjournal.com\\\/wp-content\\\/uploads\\\/sites\\\/2\\\/2026\\\/01\\\/Windracers-Hero-image-1024x683-1-aspect-ratio-1400-788.jpg\",\"datePublished\":\"2026-01-15T11:30:11+00:00\",\"breadcrumb\":{\"@id\":\"https:\\\/\\\/transportjournal.com\\\/pt-pt\\\/2026\\\/01\\\/15\\\/windracers-ultra-atinge-2000-km-de-autonomia\\\/#breadcrumb\"},\"inLanguage\":\"pt-PT\",\"potentialAction\":[{\"@type\":\"ReadAction\",\"target\":[\"https:\\\/\\\/transportjournal.com\\\/pt-pt\\\/2026\\\/01\\\/15\\\/windracers-ultra-atinge-2000-km-de-autonomia\\\/\"]}]},{\"@type\":\"ImageObject\",\"inLanguage\":\"pt-PT\",\"@id\":\"https:\\\/\\\/transportjournal.com\\\/pt-pt\\\/2026\\\/01\\\/15\\\/windracers-ultra-atinge-2000-km-de-autonomia\\\/#primaryimage\",\"url\":\"https:\\\/\\\/transportjournal.com\\\/wp-content\\\/uploads\\\/sites\\\/2\\\/2026\\\/01\\\/Windracers-Hero-image-1024x683-1-aspect-ratio-1400-788.jpg\",\"contentUrl\":\"https:\\\/\\\/transportjournal.com\\\/wp-content\\\/uploads\\\/sites\\\/2\\\/2026\\\/01\\\/Windracers-Hero-image-1024x683-1-aspect-ratio-1400-788.jpg\",\"width\":1024,\"height\":577},{\"@type\":\"BreadcrumbList\",\"@id\":\"https:\\\/\\\/transportjournal.com\\\/pt-pt\\\/2026\\\/01\\\/15\\\/windracers-ultra-atinge-2000-km-de-autonomia\\\/#breadcrumb\",\"itemListElement\":[{\"@type\":\"ListItem\",\"position\":1,\"name\":\"Startseite\",\"item\":\"https:\\\/\\\/transportjournal.com\\\/pt-pt\\\/\"},{\"@type\":\"ListItem\",\"position\":2,\"name\":\"Windracers ULTRA atinge 2000 km de autonomia\"}]},{\"@type\":\"WebSite\",\"@id\":\"https:\\\/\\\/transportjournal.com\\\/pt-pt\\\/#website\",\"url\":\"https:\\\/\\\/transportjournal.com\\\/pt-pt\\\/\",\"name\":\"ITJ | International Transport Journal\",\"description\":\"Stay informed with the latest global news from the transport, logistics, and supply chain industries. Transport Journal delivers expert insights, analysis, and updates across shipping, aviation, intermodal, and forwarding.\",\"publisher\":{\"@id\":\"https:\\\/\\\/transportjournal.com\\\/pt-pt\\\/#organization\"},\"potentialAction\":[{\"@type\":\"SearchAction\",\"target\":{\"@type\":\"EntryPoint\",\"urlTemplate\":\"https:\\\/\\\/transportjournal.com\\\/pt-pt\\\/?s={search_term_string}\"},\"query-input\":{\"@type\":\"PropertyValueSpecification\",\"valueRequired\":true,\"valueName\":\"search_term_string\"}}],\"inLanguage\":\"pt-PT\"},{\"@type\":\"Organization\",\"@id\":\"https:\\\/\\\/transportjournal.com\\\/pt-pt\\\/#organization\",\"name\":\"Logismedia Group AG\",\"alternateName\":\"Logismedia Group AG\",\"url\":\"https:\\\/\\\/transportjournal.com\\\/pt-pt\\\/\",\"logo\":{\"@type\":\"ImageObject\",\"inLanguage\":\"pt-PT\",\"@id\":\"https:\\\/\\\/transportjournal.com\\\/pt-pt\\\/#\\\/schema\\\/logo\\\/image\\\/\",\"url\":\"https:\\\/\\\/transportjournal.com\\\/wp-content\\\/uploads\\\/sites\\\/2\\\/2025\\\/09\\\/Logo_ITJ.png\",\"contentUrl\":\"https:\\\/\\\/transportjournal.com\\\/wp-content\\\/uploads\\\/sites\\\/2\\\/2025\\\/09\\\/Logo_ITJ.png\",\"width\":799,\"height\":326,\"caption\":\"Logismedia Group AG\"},\"image\":{\"@id\":\"https:\\\/\\\/transportjournal.com\\\/pt-pt\\\/#\\\/schema\\\/logo\\\/image\\\/\"},\"sameAs\":[\"https:\\\/\\\/www.linkedin.com\\\/company\\\/56456496\\\/admin\\\/dashboard\\\/\",\"https:\\\/\\\/www.instagram.com\\\/logismediagroup\\\/\",\"https:\\\/\\\/www.youtube.com\\\/@LogiamediaGroupAG\"]},{\"@type\":\"Person\",\"@id\":\"https:\\\/\\\/transportjournal.com\\\/pt-pt\\\/#\\\/schema\\\/person\\\/cf538b3157f15afd7589245a4b3dbd25\",\"name\":\"Andreas Haug\",\"url\":\"https:\\\/\\\/transportjournal.com\\\/pt-pt\\\/author\\\/andreas\\\/\"}]}<\/script>\n<!-- \/ Yoast SEO plugin. -->","yoast_head_json":{"title":"Windracers ULTRA atinge 2000 km de autonomia - ITJ | International Transport Journal","robots":{"index":"index","follow":"follow","max-snippet":"max-snippet:-1","max-image-preview":"max-image-preview:large","max-video-preview":"max-video-preview:-1"},"canonical":"https:\/\/transportjournal.com\/pt-pt\/2026\/01\/15\/windracers-ultra-atinge-2000-km-de-autonomia\/","og_locale":"pt_PT","og_type":"article","og_title":"Windracers ULTRA atinge 2000 km de autonomia - ITJ | International Transport Journal","og_description":"Windracers apresentou a Windracers ULTRA, um drone com um alcance de 2.000 km e diversas aplica\u00e7\u00f5es em diferentes \u00e1reas.","og_url":"https:\/\/transportjournal.com\/pt-pt\/2026\/01\/15\/windracers-ultra-atinge-2000-km-de-autonomia\/","og_site_name":"ITJ | International Transport Journal","article_published_time":"2026-01-15T11:30:11+00:00","og_image":[{"width":1024,"height":577,"url":"https:\/\/transportjournal.com\/wp-content\/uploads\/sites\/2\/2026\/01\/Windracers-Hero-image-1024x683-1-aspect-ratio-1400-788.jpg","type":"image\/jpeg"}],"author":"Andreas Haug","twitter_card":"summary_large_image","twitter_misc":{"Escrito por":"Andreas Haug","Tempo estimado de leitura":"2 minutos"},"schema":{"@context":"https:\/\/schema.org","@graph":[{"@type":"Article","@id":"https:\/\/transportjournal.com\/pt-pt\/2026\/01\/15\/windracers-ultra-atinge-2000-km-de-autonomia\/#article","isPartOf":{"@id":"https:\/\/transportjournal.com\/pt-pt\/2026\/01\/15\/windracers-ultra-atinge-2000-km-de-autonomia\/"},"author":{"name":"Andreas Haug","@id":"https:\/\/transportjournal.com\/pt-pt\/#\/schema\/person\/cf538b3157f15afd7589245a4b3dbd25"},"headline":"Windracers ULTRA atinge 2000 km de autonomia","datePublished":"2026-01-15T11:30:11+00:00","mainEntityOfPage":{"@id":"https:\/\/transportjournal.com\/pt-pt\/2026\/01\/15\/windracers-ultra-atinge-2000-km-de-autonomia\/"},"wordCount":499,"commentCount":0,"publisher":{"@id":"https:\/\/transportjournal.com\/pt-pt\/#organization"},"image":{"@id":"https:\/\/transportjournal.com\/pt-pt\/2026\/01\/15\/windracers-ultra-atinge-2000-km-de-autonomia\/#primaryimage"},"thumbnailUrl":"https:\/\/transportjournal.com\/wp-content\/uploads\/sites\/2\/2026\/01\/Windracers-Hero-image-1024x683-1-aspect-ratio-1400-788.jpg","keywords":["2000 km range","applications de drone","autonome Luftfahrt","autonomous flight","avanc\u00e9es technologiques drone","aviation industry","britische Ingenieurskunst","British engineering","capacit\u00e9s de production drone","civil air freight transport","climate sciences drone","defense drone","Deutsch Windracers","Drohneneinsatz in der Ukraine","Drohnentechnologie","drone applications","drone d'aide humanitaire","drone de d\u00e9fense","drone lourde","drone technology","drone use in Ukraine","Einsatzm\u00f6glichkeiten Drohne","Forschung und Innovation","heavy drone","humanit\u00e4re Hilfe Drohne","humanitarian aid drone","importance strat\u00e9gique drone","industrie a\u00e9ronautique","ing\u00e9nierie britannique","Klimawissenschaften Drohne","Langstrecken-UAS","long-range UAS","Luftfahrtindustrie","port\u00e9e de 2000 km","production capacities drone","Produktionskapazit\u00e4ten Drohne","recherche et innovation","Reichweite 2000 km","research and innovation","schwere Drohne","sciences climatiques drone","strategic importance drone Fran\u00e7ais Windracers","strategische Bedeutung Drohne English Windracers","technological advancements drone","technologie de drone","technologie UAS","technologische Fortschritte Drohne","transport a\u00e9rien civil","UAS longue port\u00e9e","UAS technology","UAS-Technologie","utilisation de drone en Ukraine","Verteidigung Drohne","vol autonome","Windracers ULTRA","zivilen Luftfrachttransport"],"articleSection":["\u00c1frica","Am\u00e9ricas","Europa","Expedi\u00e7\u00e3o de Mercadorias e Log\u00edstica","Transporte a\u00e9reo de mercadorias"],"inLanguage":"pt-PT","potentialAction":[{"@type":"CommentAction","name":"Comment","target":["https:\/\/transportjournal.com\/pt-pt\/2026\/01\/15\/windracers-ultra-atinge-2000-km-de-autonomia\/#respond"]}]},{"@type":"WebPage","@id":"https:\/\/transportjournal.com\/pt-pt\/2026\/01\/15\/windracers-ultra-atinge-2000-km-de-autonomia\/","url":"https:\/\/transportjournal.com\/pt-pt\/2026\/01\/15\/windracers-ultra-atinge-2000-km-de-autonomia\/","name":"Windracers ULTRA atinge 2000 km de autonomia - ITJ | International Transport Journal","isPartOf":{"@id":"https:\/\/transportjournal.com\/pt-pt\/#website"},"primaryImageOfPage":{"@id":"https:\/\/transportjournal.com\/pt-pt\/2026\/01\/15\/windracers-ultra-atinge-2000-km-de-autonomia\/#primaryimage"},"image":{"@id":"https:\/\/transportjournal.com\/pt-pt\/2026\/01\/15\/windracers-ultra-atinge-2000-km-de-autonomia\/#primaryimage"},"thumbnailUrl":"https:\/\/transportjournal.com\/wp-content\/uploads\/sites\/2\/2026\/01\/Windracers-Hero-image-1024x683-1-aspect-ratio-1400-788.jpg","datePublished":"2026-01-15T11:30:11+00:00","breadcrumb":{"@id":"https:\/\/transportjournal.com\/pt-pt\/2026\/01\/15\/windracers-ultra-atinge-2000-km-de-autonomia\/#breadcrumb"},"inLanguage":"pt-PT","potentialAction":[{"@type":"ReadAction","target":["https:\/\/transportjournal.com\/pt-pt\/2026\/01\/15\/windracers-ultra-atinge-2000-km-de-autonomia\/"]}]},{"@type":"ImageObject","inLanguage":"pt-PT","@id":"https:\/\/transportjournal.com\/pt-pt\/2026\/01\/15\/windracers-ultra-atinge-2000-km-de-autonomia\/#primaryimage","url":"https:\/\/transportjournal.com\/wp-content\/uploads\/sites\/2\/2026\/01\/Windracers-Hero-image-1024x683-1-aspect-ratio-1400-788.jpg","contentUrl":"https:\/\/transportjournal.com\/wp-content\/uploads\/sites\/2\/2026\/01\/Windracers-Hero-image-1024x683-1-aspect-ratio-1400-788.jpg","width":1024,"height":577},{"@type":"BreadcrumbList","@id":"https:\/\/transportjournal.com\/pt-pt\/2026\/01\/15\/windracers-ultra-atinge-2000-km-de-autonomia\/#breadcrumb","itemListElement":[{"@type":"ListItem","position":1,"name":"Startseite","item":"https:\/\/transportjournal.com\/pt-pt\/"},{"@type":"ListItem","position":2,"name":"Windracers ULTRA atinge 2000 km de autonomia"}]},{"@type":"WebSite","@id":"https:\/\/transportjournal.com\/pt-pt\/#website","url":"https:\/\/transportjournal.com\/pt-pt\/","name":"ITJ | International Transport Journal","description":"Stay informed with the latest global news from the transport, logistics, and supply chain industries. Transport Journal delivers expert insights, analysis, and updates across shipping, aviation, intermodal, and forwarding.","publisher":{"@id":"https:\/\/transportjournal.com\/pt-pt\/#organization"},"potentialAction":[{"@type":"SearchAction","target":{"@type":"EntryPoint","urlTemplate":"https:\/\/transportjournal.com\/pt-pt\/?s={search_term_string}"},"query-input":{"@type":"PropertyValueSpecification","valueRequired":true,"valueName":"search_term_string"}}],"inLanguage":"pt-PT"},{"@type":"Organization","@id":"https:\/\/transportjournal.com\/pt-pt\/#organization","name":"Logismedia Group AG","alternateName":"Logismedia Group AG","url":"https:\/\/transportjournal.com\/pt-pt\/","logo":{"@type":"ImageObject","inLanguage":"pt-PT","@id":"https:\/\/transportjournal.com\/pt-pt\/#\/schema\/logo\/image\/","url":"https:\/\/transportjournal.com\/wp-content\/uploads\/sites\/2\/2025\/09\/Logo_ITJ.png","contentUrl":"https:\/\/transportjournal.com\/wp-content\/uploads\/sites\/2\/2025\/09\/Logo_ITJ.png","width":799,"height":326,"caption":"Logismedia Group AG"},"image":{"@id":"https:\/\/transportjournal.com\/pt-pt\/#\/schema\/logo\/image\/"},"sameAs":["https:\/\/www.linkedin.com\/company\/56456496\/admin\/dashboard\/","https:\/\/www.instagram.com\/logismediagroup\/","https:\/\/www.youtube.com\/@LogiamediaGroupAG"]},{"@type":"Person","@id":"https:\/\/transportjournal.com\/pt-pt\/#\/schema\/person\/cf538b3157f15afd7589245a4b3dbd25","name":"Andreas Haug","url":"https:\/\/transportjournal.com\/pt-pt\/author\/andreas\/"}]}},"_links":{"self":[{"href":"https:\/\/transportjournal.com\/pt-pt\/wp-json\/wp\/v2\/posts\/73225","targetHints":{"allow":["GET"]}}],"collection":[{"href":"https:\/\/transportjournal.com\/pt-pt\/wp-json\/wp\/v2\/posts"}],"about":[{"href":"https:\/\/transportjournal.com\/pt-pt\/wp-json\/wp\/v2\/types\/post"}],"author":[{"embeddable":true,"href":"https:\/\/transportjournal.com\/pt-pt\/wp-json\/wp\/v2\/users\/12"}],"replies":[{"embeddable":true,"href":"https:\/\/transportjournal.com\/pt-pt\/wp-json\/wp\/v2\/comments?post=73225"}],"version-history":[{"count":0,"href":"https:\/\/transportjournal.com\/pt-pt\/wp-json\/wp\/v2\/posts\/73225\/revisions"}],"wp:featuredmedia":[{"embeddable":true,"href":"https:\/\/transportjournal.com\/pt-pt\/wp-json\/wp\/v2\/media\/73220"}],"wp:attachment":[{"href":"https:\/\/transportjournal.com\/pt-pt\/wp-json\/wp\/v2\/media?parent=73225"}],"wp:term":[{"taxonomy":"category","embeddable":true,"href":"https:\/\/transportjournal.com\/pt-pt\/wp-json\/wp\/v2\/categories?post=73225"},{"taxonomy":"post_tag","embeddable":true,"href":"https:\/\/transportjournal.com\/pt-pt\/wp-json\/wp\/v2\/tags?post=73225"}],"curies":[{"name":"wp","href":"https:\/\/api.w.org\/{rel}","templated":true}]}}