{"id":87715,"date":"2026-05-01T15:18:27","date_gmt":"2026-05-01T15:18:27","guid":{"rendered":"https:\/\/transportjournal.com\/2026\/05\/01\/bondskanselier-friedrich-merz-bezoekt-akkermann-transporte\/"},"modified":"2026-05-01T15:18:27","modified_gmt":"2026-05-01T15:18:27","slug":"bondskanselier-friedrich-merz-bezoekt-akkermann-transporte","status":"publish","type":"post","link":"https:\/\/transportjournal.com\/nl\/2026\/05\/01\/bondskanselier-friedrich-merz-bezoekt-akkermann-transporte\/","title":{"rendered":"Bondskanselier Friedrich Merz bezoekt Akkermann Transporte"},"content":{"rendered":"<p>Bundskanselier Friedrich Merz heeft op 29 april 2026 de Akkermann Transporte GmbH in het Oost-Friese Moormerland bezocht om zich te informeren over de uitdagingen van het middelgrote weggoederenvervoer. Hij werd vergezeld door de parlementaire staatssecretaris Gitta Connemann en vertegenwoordigers van de Bundesverband G\u00fcterkraftverkehr Logistik und Entsorgung (BGL) e.V., waaronder toezichthoudend bestuurslid Klaus Akkermann en woordvoerder van het bestuur Prof. Dr. Dirk Engelhardt.<\/p>\n<h3>Uitdagingen voor het Midden- en Kleinbedrijf<\/h3>\n<p>Het bezoek vond plaats tegen de achtergrond dat de sector onder aanzienlijke druk staat. Stijgende kosten, een tekort aan chauffeurs, bureaucratische hindernissen en internationale concurrentieverstoringen belasten de bedrijven. Vooral kleine ondernemingen, die ongeveer 80 procent van de sector uitmaken en minder dan 20 medewerkers in dienst hebben, zijn afhankelijk van betrouwbare randvoorwaarden om de leveringszekerheid in Duitsland te waarborgen. Prof. Dr. Dirk Engelhardt benadrukte: \u201eDe situatie in het middelgrote transportbedrijf is uiterst gespannen. Onze bedrijven hebben nu politieke betrouwbaarheid nodig \u2013 zodat ze kunnen investeren, opleiden en de transformatie actief kunnen vormgeven.\u201c<\/p>\n<h3>Eisen aan de Federale Regering<\/h3>\n<p>In het kader van de uitwisseling werden drie centrale verzoeken aan de federale regering geformuleerd. De BGL wees erop dat de tijdelijke energiebelastingkorting weliswaar een belangrijke stap is, maar geen blijvende oplossing biedt. Om de liquiditeit te waarborgen en concurrentienadelen te verminderen, is een uitgebreide verlichting noodzakelijk. Een centraal verzoek is het be\u00ebindigen van de CO\u2082-dubbelbelasting. Bedrijven die al worden belast via de CO\u2082-component van de vrachtwagenheffing, zouden niet extra belast moeten worden door een CO\u2082-toeslag op brandstof.<\/p>\n<p>Daarnaast vraagt de BGL om een versterking van de harmonisatie van tolheffingen. Het programma \u201eMilieu en Veiligheid\u201c zou moeten worden uitgebreid met aspecten zoals digitalisering en veerkracht van het weggoederenvervoer, en de financi\u00eble middelen zouden moeten worden verhoogd van 450 naar 900 miljoen euro. Een ander punt is het sluiten van de financieringscirkel voor wegen, waarbij inkomsten uit de vrachtwagenheffing specifiek moeten worden teruggevoerd naar infrastructuurprojecten zoals bruggen, vrachtwagenparkeerplaatsen en het onderhoud van wegen.<\/p>\n<h3>Dialoog tussen Politiek en Economie<\/h3>\n<p>De BGL pleit voor een continue dialoog tussen politiek, economie en de sector. Het bezoek aan Moormerland benadrukt de noodzaak om niet alleen over het midden- en kleinbedrijf te praten, maar actief te communiceren met de bedrijven die dagelijks verantwoordelijkheid dragen voor hun medewerkers, klanten en investeringen. Klaus Akkermann uitte de wens dat uit de uitwisseling met de bundskanselier concrete stappen volgen: \u201eVooruitgang ontstaat daar waar politiek, economie en samenleving gezamenlijk verantwoordelijkheid nemen.\u201c<\/p>\n<p><a href=\"http:\/\/www.bgl-ev.de\" target=\"_blank\" rel=\"noopener noreferrer\">www.bgl-ev.de<\/a><\/p>\n","protected":false},"excerpt":{"rendered":"<p>Bondskanselier Friedrich Merz bezocht op 29 april 2026 de Akkermann Transporte GmbH om zich te informeren over de uitdagingen van het middelgrote weggoederenvervoer.<\/p>\n","protected":false},"author":7,"featured_media":87709,"comment_status":"open","ping_status":"","sticky":false,"template":"","format":"standard","meta":{"_acf_changed":false,"footnotes":""},"categories":[9092,1599,1593],"tags":[44535,44536,44537,44538,44539,44540,44541,44542,28747,44543,44544,44545,44546,3089,3090,44547,44548,44549,2122,44550,44551,44552,10645,44553,44554,44555,44556,44557,44558,44559,44560,44561,44562,2145,44563,44564,44565,44566,44567,44568,44569,44570,18619,44571,44572,10012,18620,44573,44574,13813,18622,8592,44575,44576],"class_list":["post-87715","post","type-post","status-publish","format-standard","has-post-thumbnail","hentry","category-deutschland","category-europa","category-expeditie-logistiek","tag-akkermann-transporte-gmbh","tag-bgl-e-v","tag-bridge-construction-infrastructure","tag-brueckenbau-infrastruktur","tag-challenges-in-transport-sector","tag-co2-double-burden","tag-co2-doppelbelastung","tag-construction-de-ponts-infrastructure","tag-defis-du-secteur-du-transport","tag-deutsch-bundeskanzler-friedrich-merz","tag-dialog-politik-wirtschaft-english-chancellor-friedrich-merz","tag-dialogue-politics-economy-francais-chancelier-friedrich-merz","tag-dialogue-politique-economie","tag-digitalisierung-im-gueterverkehr","tag-digitization-in-freight-transport","tag-double-imposition-co2","tag-energiesteuerrabatt-transport","tag-energy-tax-rebate-transport","tag-fachkraeftemangel-logistik","tag-fiabilite-politique-pme","tag-harmonisation-des-peages","tag-herausforderungen-im-transportgewerbe","tag-industrie-du-transport-allemagne","tag-infrastructure-projects-road-network","tag-infrastrukturprojekte-strassennetz","tag-liquiditaetssicherung-logistik","tag-liquidity-security-logistics","tag-lkw-maut-einnahmen","tag-logistique-pme","tag-mautharmonisierung","tag-medium-sized-logistics","tag-mittelstand-logistik","tag-numerisation-du-transport-de-marchandises","tag-penurie-de-main-doeuvre-logistique","tag-political-reliability-medium-sized-businesses","tag-politische-verlaesslichkeit-mittelstand","tag-projets-dinfrastructure-reseau-routier","tag-reduction-de-la-taxe-energetique-transport","tag-resilience-du-transport-routier","tag-resilience-road-transport","tag-resilienz-strassentransport","tag-revenus-de-peage-de-camion","tag-road-freight-transport","tag-securite-dapprovisionnement-allemagne","tag-securite-de-liquidite-logistique","tag-skilled-labor-shortage-logistics","tag-strassengueterverkehr","tag-supply-security-germany","tag-toll-harmonization","tag-transport-industry-germany","tag-transport-routier-de-marchandises","tag-transportwirtschaft-deutschland","tag-truck-toll-revenues","tag-versorgungssicherheit-deutschland"],"acf":[],"yoast_head":"<!-- This site is optimized with the Yoast SEO plugin v27.3 - https:\/\/yoast.com\/product\/yoast-seo-wordpress\/ -->\n<title>Bondskanselier Friedrich Merz bezoekt Akkermann Transporte - ITJ | International Transport Journal<\/title>\n<meta name=\"robots\" content=\"index, follow, max-snippet:-1, max-image-preview:large, max-video-preview:-1\" \/>\n<link rel=\"canonical\" href=\"https:\/\/transportjournal.com\/nl\/2026\/05\/01\/bondskanselier-friedrich-merz-bezoekt-akkermann-transporte\/\" \/>\n<meta property=\"og:locale\" content=\"nl_NL\" \/>\n<meta property=\"og:type\" content=\"article\" \/>\n<meta property=\"og:title\" content=\"Bondskanselier Friedrich Merz bezoekt Akkermann Transporte - ITJ | International Transport Journal\" \/>\n<meta property=\"og:description\" content=\"Bondskanselier Friedrich Merz bezocht op 29 april 2026 de Akkermann Transporte GmbH om zich te informeren over de uitdagingen van het middelgrote weggoederenvervoer.\" \/>\n<meta property=\"og:url\" content=\"https:\/\/transportjournal.com\/nl\/2026\/05\/01\/bondskanselier-friedrich-merz-bezoekt-akkermann-transporte\/\" \/>\n<meta property=\"og:site_name\" content=\"ITJ | International Transport Journal\" \/>\n<meta property=\"article:published_time\" content=\"2026-05-01T15:18:27+00:00\" \/>\n<meta property=\"og:image\" content=\"https:\/\/transportjournal.com\/wp-content\/uploads\/sites\/2\/2026\/05\/BGL_1.5.26-aspect-ratio-1400-788.jpg\" \/>\n\t<meta property=\"og:image:width\" content=\"1920\" \/>\n\t<meta property=\"og:image:height\" content=\"1081\" \/>\n\t<meta property=\"og:image:type\" content=\"image\/jpeg\" \/>\n<meta name=\"author\" content=\"Andreas M\u00fcller\" \/>\n<meta name=\"twitter:card\" content=\"summary_large_image\" \/>\n<meta name=\"twitter:label1\" content=\"Geschreven door\" \/>\n\t<meta name=\"twitter:data1\" content=\"Andreas M\u00fcller\" \/>\n\t<meta name=\"twitter:label2\" content=\"Geschatte leestijd\" \/>\n\t<meta name=\"twitter:data2\" content=\"2 minuut\" \/>\n<script type=\"application\/ld+json\" class=\"yoast-schema-graph\">{\"@context\":\"https:\\\/\\\/schema.org\",\"@graph\":[{\"@type\":\"Article\",\"@id\":\"https:\\\/\\\/transportjournal.com\\\/nl\\\/2026\\\/05\\\/01\\\/bondskanselier-friedrich-merz-bezoekt-akkermann-transporte\\\/#article\",\"isPartOf\":{\"@id\":\"https:\\\/\\\/transportjournal.com\\\/nl\\\/2026\\\/05\\\/01\\\/bondskanselier-friedrich-merz-bezoekt-akkermann-transporte\\\/\"},\"author\":{\"name\":\"Andreas M\u00fcller\",\"@id\":\"https:\\\/\\\/transportjournal.com\\\/nl\\\/#\\\/schema\\\/person\\\/7b1593b33567ba798d300c8a1b0b85b1\"},\"headline\":\"Bondskanselier Friedrich Merz bezoekt Akkermann Transporte\",\"datePublished\":\"2026-05-01T15:18:27+00:00\",\"mainEntityOfPage\":{\"@id\":\"https:\\\/\\\/transportjournal.com\\\/nl\\\/2026\\\/05\\\/01\\\/bondskanselier-friedrich-merz-bezoekt-akkermann-transporte\\\/\"},\"wordCount\":404,\"commentCount\":0,\"publisher\":{\"@id\":\"https:\\\/\\\/transportjournal.com\\\/nl\\\/#organization\"},\"image\":{\"@id\":\"https:\\\/\\\/transportjournal.com\\\/nl\\\/2026\\\/05\\\/01\\\/bondskanselier-friedrich-merz-bezoekt-akkermann-transporte\\\/#primaryimage\"},\"thumbnailUrl\":\"https:\\\/\\\/transportjournal.com\\\/wp-content\\\/uploads\\\/sites\\\/2\\\/2026\\\/05\\\/BGL_1.5.26-aspect-ratio-1400-788.jpg\",\"keywords\":[\"Akkermann Transporte GmbH\",\"BGL e.V.\",\"bridge construction infrastructure\",\"Br\u00fcckenbau Infrastruktur\",\"challenges in transport sector\",\"CO2 double burden\",\"CO2-Doppelbelastung\",\"construction de ponts infrastructure\",\"d\u00e9fis du secteur du transport\",\"Deutsch Bundeskanzler Friedrich Merz\",\"Dialog Politik Wirtschaft English Chancellor Friedrich Merz\",\"dialogue politics economy Fran\u00e7ais Chancelier Friedrich Merz\",\"dialogue politique \u00e9conomie\",\"Digitalisierung im G\u00fcterverkehr\",\"digitization in freight transport\",\"double imposition CO2\",\"Energiesteuerrabatt Transport\",\"energy tax rebate transport\",\"Fachkr\u00e4ftemangel Logistik\",\"fiabilit\u00e9 politique PME\",\"harmonisation des p\u00e9ages\",\"Herausforderungen im Transportgewerbe\",\"industrie du transport Allemagne\",\"infrastructure projects road network\",\"Infrastrukturprojekte Stra\u00dfennetz\",\"Liquidit\u00e4tssicherung Logistik\",\"liquidity security logistics\",\"Lkw-Maut Einnahmen\",\"logistique PME\",\"Mautharmonisierung\",\"medium-sized logistics\",\"Mittelstand Logistik\",\"num\u00e9risation du transport de marchandises\",\"p\u00e9nurie de main-d'\u0153uvre logistique\",\"political reliability medium-sized businesses\",\"politische Verl\u00e4sslichkeit Mittelstand\",\"projets d'infrastructure r\u00e9seau routier\",\"r\u00e9duction de la taxe \u00e9nerg\u00e9tique transport\",\"r\u00e9silience du transport routier\",\"resilience road transport\",\"Resilienz Stra\u00dfentransport\",\"revenus de p\u00e9age de camion\",\"road freight transport\",\"s\u00e9curit\u00e9 d'approvisionnement Allemagne\",\"s\u00e9curit\u00e9 de liquidit\u00e9 logistique\",\"skilled labor shortage logistics\",\"Stra\u00dfeng\u00fcterverkehr\",\"supply security Germany\",\"toll harmonization\",\"transport industry Germany\",\"transport routier de marchandises\",\"Transportwirtschaft Deutschland\",\"truck toll revenues\",\"Versorgungssicherheit Deutschland\"],\"articleSection\":[\"Deutschland\",\"Europa\",\"Expeditie &amp; Logistiek\"],\"inLanguage\":\"nl-NL\",\"potentialAction\":[{\"@type\":\"CommentAction\",\"name\":\"Comment\",\"target\":[\"https:\\\/\\\/transportjournal.com\\\/nl\\\/2026\\\/05\\\/01\\\/bondskanselier-friedrich-merz-bezoekt-akkermann-transporte\\\/#respond\"]}]},{\"@type\":\"WebPage\",\"@id\":\"https:\\\/\\\/transportjournal.com\\\/nl\\\/2026\\\/05\\\/01\\\/bondskanselier-friedrich-merz-bezoekt-akkermann-transporte\\\/\",\"url\":\"https:\\\/\\\/transportjournal.com\\\/nl\\\/2026\\\/05\\\/01\\\/bondskanselier-friedrich-merz-bezoekt-akkermann-transporte\\\/\",\"name\":\"Bondskanselier Friedrich Merz bezoekt Akkermann Transporte - ITJ | International Transport Journal\",\"isPartOf\":{\"@id\":\"https:\\\/\\\/transportjournal.com\\\/nl\\\/#website\"},\"primaryImageOfPage\":{\"@id\":\"https:\\\/\\\/transportjournal.com\\\/nl\\\/2026\\\/05\\\/01\\\/bondskanselier-friedrich-merz-bezoekt-akkermann-transporte\\\/#primaryimage\"},\"image\":{\"@id\":\"https:\\\/\\\/transportjournal.com\\\/nl\\\/2026\\\/05\\\/01\\\/bondskanselier-friedrich-merz-bezoekt-akkermann-transporte\\\/#primaryimage\"},\"thumbnailUrl\":\"https:\\\/\\\/transportjournal.com\\\/wp-content\\\/uploads\\\/sites\\\/2\\\/2026\\\/05\\\/BGL_1.5.26-aspect-ratio-1400-788.jpg\",\"datePublished\":\"2026-05-01T15:18:27+00:00\",\"breadcrumb\":{\"@id\":\"https:\\\/\\\/transportjournal.com\\\/nl\\\/2026\\\/05\\\/01\\\/bondskanselier-friedrich-merz-bezoekt-akkermann-transporte\\\/#breadcrumb\"},\"inLanguage\":\"nl-NL\",\"potentialAction\":[{\"@type\":\"ReadAction\",\"target\":[\"https:\\\/\\\/transportjournal.com\\\/nl\\\/2026\\\/05\\\/01\\\/bondskanselier-friedrich-merz-bezoekt-akkermann-transporte\\\/\"]}]},{\"@type\":\"ImageObject\",\"inLanguage\":\"nl-NL\",\"@id\":\"https:\\\/\\\/transportjournal.com\\\/nl\\\/2026\\\/05\\\/01\\\/bondskanselier-friedrich-merz-bezoekt-akkermann-transporte\\\/#primaryimage\",\"url\":\"https:\\\/\\\/transportjournal.com\\\/wp-content\\\/uploads\\\/sites\\\/2\\\/2026\\\/05\\\/BGL_1.5.26-aspect-ratio-1400-788.jpg\",\"contentUrl\":\"https:\\\/\\\/transportjournal.com\\\/wp-content\\\/uploads\\\/sites\\\/2\\\/2026\\\/05\\\/BGL_1.5.26-aspect-ratio-1400-788.jpg\",\"width\":1920,\"height\":1081},{\"@type\":\"BreadcrumbList\",\"@id\":\"https:\\\/\\\/transportjournal.com\\\/nl\\\/2026\\\/05\\\/01\\\/bondskanselier-friedrich-merz-bezoekt-akkermann-transporte\\\/#breadcrumb\",\"itemListElement\":[{\"@type\":\"ListItem\",\"position\":1,\"name\":\"Startseite\",\"item\":\"https:\\\/\\\/transportjournal.com\\\/nl\\\/\"},{\"@type\":\"ListItem\",\"position\":2,\"name\":\"Bondskanselier Friedrich Merz bezoekt Akkermann Transporte\"}]},{\"@type\":\"WebSite\",\"@id\":\"https:\\\/\\\/transportjournal.com\\\/nl\\\/#website\",\"url\":\"https:\\\/\\\/transportjournal.com\\\/nl\\\/\",\"name\":\"ITJ | International Transport Journal\",\"description\":\"Stay informed with the latest global news from the transport, logistics, and supply chain industries. Transport Journal delivers expert insights, analysis, and updates across shipping, aviation, intermodal, and forwarding.\",\"publisher\":{\"@id\":\"https:\\\/\\\/transportjournal.com\\\/nl\\\/#organization\"},\"potentialAction\":[{\"@type\":\"SearchAction\",\"target\":{\"@type\":\"EntryPoint\",\"urlTemplate\":\"https:\\\/\\\/transportjournal.com\\\/nl\\\/?s={search_term_string}\"},\"query-input\":{\"@type\":\"PropertyValueSpecification\",\"valueRequired\":true,\"valueName\":\"search_term_string\"}}],\"inLanguage\":\"nl-NL\"},{\"@type\":\"Organization\",\"@id\":\"https:\\\/\\\/transportjournal.com\\\/nl\\\/#organization\",\"name\":\"Logismedia Groep AG\",\"alternateName\":\"Logismedia Group AG\",\"url\":\"https:\\\/\\\/transportjournal.com\\\/nl\\\/\",\"logo\":{\"@type\":\"ImageObject\",\"inLanguage\":\"nl-NL\",\"@id\":\"https:\\\/\\\/transportjournal.com\\\/nl\\\/#\\\/schema\\\/logo\\\/image\\\/\",\"url\":\"https:\\\/\\\/transportjournal.com\\\/wp-content\\\/uploads\\\/sites\\\/2\\\/2025\\\/09\\\/Logo_ITJ.png\",\"contentUrl\":\"https:\\\/\\\/transportjournal.com\\\/wp-content\\\/uploads\\\/sites\\\/2\\\/2025\\\/09\\\/Logo_ITJ.png\",\"width\":799,\"height\":326,\"caption\":\"Logismedia Groep AG\"},\"image\":{\"@id\":\"https:\\\/\\\/transportjournal.com\\\/nl\\\/#\\\/schema\\\/logo\\\/image\\\/\"},\"sameAs\":[\"https:\\\/\\\/www.linkedin.com\\\/company\\\/56456496\\\/admin\\\/dashboard\\\/\",\"https:\\\/\\\/www.instagram.com\\\/logismediagroup\\\/\",\"https:\\\/\\\/www.youtube.com\\\/@LogiamediaGroupAG\"]},{\"@type\":\"Person\",\"@id\":\"https:\\\/\\\/transportjournal.com\\\/nl\\\/#\\\/schema\\\/person\\\/7b1593b33567ba798d300c8a1b0b85b1\",\"name\":\"Andreas M\u00fcller\",\"url\":\"https:\\\/\\\/transportjournal.com\\\/nl\\\/author\\\/logismedia\\\/\"}]}<\/script>\n<!-- \/ Yoast SEO plugin. -->","yoast_head_json":{"title":"Bondskanselier Friedrich Merz bezoekt Akkermann Transporte - ITJ | International Transport Journal","robots":{"index":"index","follow":"follow","max-snippet":"max-snippet:-1","max-image-preview":"max-image-preview:large","max-video-preview":"max-video-preview:-1"},"canonical":"https:\/\/transportjournal.com\/nl\/2026\/05\/01\/bondskanselier-friedrich-merz-bezoekt-akkermann-transporte\/","og_locale":"nl_NL","og_type":"article","og_title":"Bondskanselier Friedrich Merz bezoekt Akkermann Transporte - ITJ | International Transport Journal","og_description":"Bondskanselier Friedrich Merz bezocht op 29 april 2026 de Akkermann Transporte GmbH om zich te informeren over de uitdagingen van het middelgrote weggoederenvervoer.","og_url":"https:\/\/transportjournal.com\/nl\/2026\/05\/01\/bondskanselier-friedrich-merz-bezoekt-akkermann-transporte\/","og_site_name":"ITJ | International Transport Journal","article_published_time":"2026-05-01T15:18:27+00:00","og_image":[{"width":1920,"height":1081,"url":"https:\/\/transportjournal.com\/wp-content\/uploads\/sites\/2\/2026\/05\/BGL_1.5.26-aspect-ratio-1400-788.jpg","type":"image\/jpeg"}],"author":"Andreas M\u00fcller","twitter_card":"summary_large_image","twitter_misc":{"Geschreven door":"Andreas M\u00fcller","Geschatte leestijd":"2 minuut"},"schema":{"@context":"https:\/\/schema.org","@graph":[{"@type":"Article","@id":"https:\/\/transportjournal.com\/nl\/2026\/05\/01\/bondskanselier-friedrich-merz-bezoekt-akkermann-transporte\/#article","isPartOf":{"@id":"https:\/\/transportjournal.com\/nl\/2026\/05\/01\/bondskanselier-friedrich-merz-bezoekt-akkermann-transporte\/"},"author":{"name":"Andreas M\u00fcller","@id":"https:\/\/transportjournal.com\/nl\/#\/schema\/person\/7b1593b33567ba798d300c8a1b0b85b1"},"headline":"Bondskanselier Friedrich Merz bezoekt Akkermann Transporte","datePublished":"2026-05-01T15:18:27+00:00","mainEntityOfPage":{"@id":"https:\/\/transportjournal.com\/nl\/2026\/05\/01\/bondskanselier-friedrich-merz-bezoekt-akkermann-transporte\/"},"wordCount":404,"commentCount":0,"publisher":{"@id":"https:\/\/transportjournal.com\/nl\/#organization"},"image":{"@id":"https:\/\/transportjournal.com\/nl\/2026\/05\/01\/bondskanselier-friedrich-merz-bezoekt-akkermann-transporte\/#primaryimage"},"thumbnailUrl":"https:\/\/transportjournal.com\/wp-content\/uploads\/sites\/2\/2026\/05\/BGL_1.5.26-aspect-ratio-1400-788.jpg","keywords":["Akkermann Transporte GmbH","BGL e.V.","bridge construction infrastructure","Br\u00fcckenbau Infrastruktur","challenges in transport sector","CO2 double burden","CO2-Doppelbelastung","construction de ponts infrastructure","d\u00e9fis du secteur du transport","Deutsch Bundeskanzler Friedrich Merz","Dialog Politik Wirtschaft English Chancellor Friedrich Merz","dialogue politics economy Fran\u00e7ais Chancelier Friedrich Merz","dialogue politique \u00e9conomie","Digitalisierung im G\u00fcterverkehr","digitization in freight transport","double imposition CO2","Energiesteuerrabatt Transport","energy tax rebate transport","Fachkr\u00e4ftemangel Logistik","fiabilit\u00e9 politique PME","harmonisation des p\u00e9ages","Herausforderungen im Transportgewerbe","industrie du transport Allemagne","infrastructure projects road network","Infrastrukturprojekte Stra\u00dfennetz","Liquidit\u00e4tssicherung Logistik","liquidity security logistics","Lkw-Maut Einnahmen","logistique PME","Mautharmonisierung","medium-sized logistics","Mittelstand Logistik","num\u00e9risation du transport de marchandises","p\u00e9nurie de main-d'\u0153uvre logistique","political reliability medium-sized businesses","politische Verl\u00e4sslichkeit Mittelstand","projets d'infrastructure r\u00e9seau routier","r\u00e9duction de la taxe \u00e9nerg\u00e9tique transport","r\u00e9silience du transport routier","resilience road transport","Resilienz Stra\u00dfentransport","revenus de p\u00e9age de camion","road freight transport","s\u00e9curit\u00e9 d'approvisionnement Allemagne","s\u00e9curit\u00e9 de liquidit\u00e9 logistique","skilled labor shortage logistics","Stra\u00dfeng\u00fcterverkehr","supply security Germany","toll harmonization","transport industry Germany","transport routier de marchandises","Transportwirtschaft Deutschland","truck toll revenues","Versorgungssicherheit Deutschland"],"articleSection":["Deutschland","Europa","Expeditie &amp; Logistiek"],"inLanguage":"nl-NL","potentialAction":[{"@type":"CommentAction","name":"Comment","target":["https:\/\/transportjournal.com\/nl\/2026\/05\/01\/bondskanselier-friedrich-merz-bezoekt-akkermann-transporte\/#respond"]}]},{"@type":"WebPage","@id":"https:\/\/transportjournal.com\/nl\/2026\/05\/01\/bondskanselier-friedrich-merz-bezoekt-akkermann-transporte\/","url":"https:\/\/transportjournal.com\/nl\/2026\/05\/01\/bondskanselier-friedrich-merz-bezoekt-akkermann-transporte\/","name":"Bondskanselier Friedrich Merz bezoekt Akkermann Transporte - ITJ | International Transport Journal","isPartOf":{"@id":"https:\/\/transportjournal.com\/nl\/#website"},"primaryImageOfPage":{"@id":"https:\/\/transportjournal.com\/nl\/2026\/05\/01\/bondskanselier-friedrich-merz-bezoekt-akkermann-transporte\/#primaryimage"},"image":{"@id":"https:\/\/transportjournal.com\/nl\/2026\/05\/01\/bondskanselier-friedrich-merz-bezoekt-akkermann-transporte\/#primaryimage"},"thumbnailUrl":"https:\/\/transportjournal.com\/wp-content\/uploads\/sites\/2\/2026\/05\/BGL_1.5.26-aspect-ratio-1400-788.jpg","datePublished":"2026-05-01T15:18:27+00:00","breadcrumb":{"@id":"https:\/\/transportjournal.com\/nl\/2026\/05\/01\/bondskanselier-friedrich-merz-bezoekt-akkermann-transporte\/#breadcrumb"},"inLanguage":"nl-NL","potentialAction":[{"@type":"ReadAction","target":["https:\/\/transportjournal.com\/nl\/2026\/05\/01\/bondskanselier-friedrich-merz-bezoekt-akkermann-transporte\/"]}]},{"@type":"ImageObject","inLanguage":"nl-NL","@id":"https:\/\/transportjournal.com\/nl\/2026\/05\/01\/bondskanselier-friedrich-merz-bezoekt-akkermann-transporte\/#primaryimage","url":"https:\/\/transportjournal.com\/wp-content\/uploads\/sites\/2\/2026\/05\/BGL_1.5.26-aspect-ratio-1400-788.jpg","contentUrl":"https:\/\/transportjournal.com\/wp-content\/uploads\/sites\/2\/2026\/05\/BGL_1.5.26-aspect-ratio-1400-788.jpg","width":1920,"height":1081},{"@type":"BreadcrumbList","@id":"https:\/\/transportjournal.com\/nl\/2026\/05\/01\/bondskanselier-friedrich-merz-bezoekt-akkermann-transporte\/#breadcrumb","itemListElement":[{"@type":"ListItem","position":1,"name":"Startseite","item":"https:\/\/transportjournal.com\/nl\/"},{"@type":"ListItem","position":2,"name":"Bondskanselier Friedrich Merz bezoekt Akkermann Transporte"}]},{"@type":"WebSite","@id":"https:\/\/transportjournal.com\/nl\/#website","url":"https:\/\/transportjournal.com\/nl\/","name":"ITJ | International Transport Journal","description":"Stay informed with the latest global news from the transport, logistics, and supply chain industries. Transport Journal delivers expert insights, analysis, and updates across shipping, aviation, intermodal, and forwarding.","publisher":{"@id":"https:\/\/transportjournal.com\/nl\/#organization"},"potentialAction":[{"@type":"SearchAction","target":{"@type":"EntryPoint","urlTemplate":"https:\/\/transportjournal.com\/nl\/?s={search_term_string}"},"query-input":{"@type":"PropertyValueSpecification","valueRequired":true,"valueName":"search_term_string"}}],"inLanguage":"nl-NL"},{"@type":"Organization","@id":"https:\/\/transportjournal.com\/nl\/#organization","name":"Logismedia Groep AG","alternateName":"Logismedia Group AG","url":"https:\/\/transportjournal.com\/nl\/","logo":{"@type":"ImageObject","inLanguage":"nl-NL","@id":"https:\/\/transportjournal.com\/nl\/#\/schema\/logo\/image\/","url":"https:\/\/transportjournal.com\/wp-content\/uploads\/sites\/2\/2025\/09\/Logo_ITJ.png","contentUrl":"https:\/\/transportjournal.com\/wp-content\/uploads\/sites\/2\/2025\/09\/Logo_ITJ.png","width":799,"height":326,"caption":"Logismedia Groep AG"},"image":{"@id":"https:\/\/transportjournal.com\/nl\/#\/schema\/logo\/image\/"},"sameAs":["https:\/\/www.linkedin.com\/company\/56456496\/admin\/dashboard\/","https:\/\/www.instagram.com\/logismediagroup\/","https:\/\/www.youtube.com\/@LogiamediaGroupAG"]},{"@type":"Person","@id":"https:\/\/transportjournal.com\/nl\/#\/schema\/person\/7b1593b33567ba798d300c8a1b0b85b1","name":"Andreas M\u00fcller","url":"https:\/\/transportjournal.com\/nl\/author\/logismedia\/"}]}},"_links":{"self":[{"href":"https:\/\/transportjournal.com\/nl\/wp-json\/wp\/v2\/posts\/87715","targetHints":{"allow":["GET"]}}],"collection":[{"href":"https:\/\/transportjournal.com\/nl\/wp-json\/wp\/v2\/posts"}],"about":[{"href":"https:\/\/transportjournal.com\/nl\/wp-json\/wp\/v2\/types\/post"}],"author":[{"embeddable":true,"href":"https:\/\/transportjournal.com\/nl\/wp-json\/wp\/v2\/users\/7"}],"replies":[{"embeddable":true,"href":"https:\/\/transportjournal.com\/nl\/wp-json\/wp\/v2\/comments?post=87715"}],"version-history":[{"count":0,"href":"https:\/\/transportjournal.com\/nl\/wp-json\/wp\/v2\/posts\/87715\/revisions"}],"wp:featuredmedia":[{"embeddable":true,"href":"https:\/\/transportjournal.com\/nl\/wp-json\/wp\/v2\/media\/87709"}],"wp:attachment":[{"href":"https:\/\/transportjournal.com\/nl\/wp-json\/wp\/v2\/media?parent=87715"}],"wp:term":[{"taxonomy":"category","embeddable":true,"href":"https:\/\/transportjournal.com\/nl\/wp-json\/wp\/v2\/categories?post=87715"},{"taxonomy":"post_tag","embeddable":true,"href":"https:\/\/transportjournal.com\/nl\/wp-json\/wp\/v2\/tags?post=87715"}],"curies":[{"name":"wp","href":"https:\/\/api.w.org\/{rel}","templated":true}]}}