{"id":87655,"date":"2026-04-30T10:41:53","date_gmt":"2026-04-30T10:41:53","guid":{"rendered":"https:\/\/transportjournal.com\/2026\/04\/30\/harbor-logistics-benoemt-auslund-tot-ceo\/"},"modified":"2026-04-30T10:41:53","modified_gmt":"2026-04-30T10:41:53","slug":"harbor-logistics-benoemt-auslund-tot-ceo","status":"publish","type":"post","link":"https:\/\/transportjournal.com\/nl\/2026\/04\/30\/harbor-logistics-benoemt-auslund-tot-ceo\/","title":{"rendered":"Harbor Logistics benoemt Auslund tot CEO"},"content":{"rendered":"<p>Harbor Logistics heeft Scott Auslund benoemd tot de nieuwe Chief Executive Officer. De beslissing van het Amerikaanse bedrijf met hoofdkantoor in Charleston, South Carolina, gaat in op 4 mei 2026. Auslund brengt meer dan 15 jaar ervaring in de transport- en logistieksector mee en heeft zich in het verleden onderscheiden door het opschalen van bedrijfsprocessen en het cre\u00ebren van waarde.<\/p>\n<h3>Ervaring en strategische richting<\/h3>\n<p>Auslund, die eerder als COO bij loop.com werkte, heeft daar de integratie van twee overnames geleid en het bedrijf succesvol verder ontwikkeld. Eerder was hij CEO van de technologiegedreven vrachtservice Data2Logistics, waar hij een klantgerichte bedrijfscultuur heeft gevestigd. Ook bij GR Holdings, een bedrijf met een zwaar wagenpark, voerde hij een transformatie uit naar een gediversifieerde 3PL\/4PL-logistiekdienstverlener. Zijn carri\u00e8re omvat daarnaast functies bij Mariner, Covenant Logistics, Transplace en UPS, waar hij zich richtte op de strategische opschaling van bedrijven.<\/p>\n<p>Marc Kramer, voorzitter van de raad van bestuur van Harbor Logistics, sprak zich uit over de benoeming van Auslund: \u201eWe zijn blij Scott te verwelkomen op zo&#8217;n cruciaal moment voor ons. Zijn operationele diepgang en branche-specifieke ervaring maken hem bijzonder geschikt om Harbor naar de volgende fase te leiden.\u201c<\/p>\n<p>De nieuwe CEO zelf benadrukte de kansen die voor hem liggen: \u201eHet bedrijf heeft een gedifferentieerd platform opgebouwd in een aantrekkelijke en groeiende markt. Ik kijk ernaar uit om samen met het team te werken aan het versnellen van de groei en het blijven cre\u00ebren van waarde voor onze klanten en stakeholders.\u201c<\/p>\n<h3>Overdracht van de leiding<\/h3>\n<p>Auslund volgt Kevin Shuba op, die Harbor heeft geleid in een cruciale fase van de groei van het bedrijf. Shuba bracht meer dan 30 jaar ervaring in de transport- en logistieksector mee en speelde een centrale rol bij de integratie en uitbreiding van het bedrijf in de zuidoostelijke markten van de VS. Allison Kingsley, oprichter en partner van NOVA Infrastructure, de eigenaar van Harbor, prees de bijdrage van Shuba: \u201eKevin kwam binnen op een belangrijk keerpunt bij Harbor en leverde de benodigde leiding.\u201c<\/p>\n<p>Harbor Logistics is van plan om door te gaan met investeren in zijn aanwezigheid in de regio Charleston en het bredere zuidoosten. Tot de recente investeringen behoort de opening van een magazijn van 57.000 m\u00b2 in Dorchester County, evenals de start van de bouw van een overslagfaciliteit voor sojabonen in Berkeley County. Het bedrijf is van plan om de komende weken verdere leidinggevende posities in te vullen.<\/p>\n<p>&nbsp;<\/p>\n<p><a href=\"https:\/\/harborlogistics.com\/\" target=\"_blank\" rel=\"noopener noreferrer\">www.harborlogistics.com<\/a><\/p>\n<p>&nbsp;<\/p>\n","protected":false},"excerpt":{"rendered":"<p>Harbor Logistics heeft Scott Auslund benoemd tot nieuwe CEO om het bedrijf strategisch te leiden en verder te ontwikkelen in de groeifase.<\/p>\n","protected":false},"author":12,"featured_media":87649,"comment_status":"open","ping_status":"","sticky":false,"template":"","format":"standard","meta":{"_acf_changed":false,"footnotes":""},"categories":[1602,1593,1591,1595],"tags":[44180,44181,44182,5283,20317,44183,20318,44184,3353,32288,4232,44185,44186,17452,23427,44187,2123,44188,44189,44190,44191,44192,44193,44194,44195,20812,3872,44196,2133,44197,1831,44198,44199,11546,3379,4257,44200,2145,2148,1916,44201,44202,9650,2106,3535,3536,3537,44203,44204,11551,2591,44205],"class_list":["post-87655","post","type-post","status-publish","format-standard","has-post-thumbnail","hentry","category-amerika","category-expeditie-logistiek","category-mensen-bedrijven","category-scheepvaart-en-havens","tag-3pl-dienstleister","tag-3pl-providers","tag-analyse-de-marche-secteur-du-transport","tag-betriebsablaeufe-optimieren","tag-business-growth","tag-ceo-transport","tag-croissance-des-entreprises","tag-deutsch-harbor-logistics","tag-digitalisierung-logistik","tag-durabilite-du-transport","tag-efficacite-operationnelle","tag-fachkraeftemangel-logistik-english-harbor-logistics","tag-fournisseurs-3pl","tag-frachtservices","tag-freight-services","tag-fuehrungskraefte-logistik","tag-gestion-de-la-chaine-dapprovisionnement","tag-infrastructure-southeast-usa","tag-infrastructure-sud-est-des-etats-unis","tag-infrastruktur-suedosten-usa","tag-installations-de-transbordement","tag-investissements-charleston","tag-investitionen-charleston","tag-investments-charleston","tag-leadership-en-logistique","tag-leadership-in-logistics","tag-logistics-digitalization","tag-logistics-industry-charleston","tag-logistics-service-providers","tag-logistikbranche-charleston","tag-logistikdienstleister","tag-market-analysis-transportation-industry","tag-marktanalyse-transportwirtschaft","tag-nachhaltigkeit-transport","tag-numerisation-logistique","tag-operational-efficiency","tag-pdg-transport","tag-penurie-de-main-doeuvre-logistique","tag-prestataires-de-services-logistiques","tag-schienengueterverkehr","tag-scott-auslund","tag-secteur-logistique-charleston","tag-services-de-fret","tag-supply-chain-management","tag-technologie-dans-la-logistique","tag-technologie-in-der-logistik","tag-technology-in-logistics","tag-transladeeinrichtungen","tag-transloading-facilities","tag-transport-sustainability","tag-unternehmenswachstum","tag-workforce-shortage-logistics-francais-harbor-logistics"],"acf":[],"yoast_head":"<!-- This site is optimized with the Yoast SEO plugin v27.3 - https:\/\/yoast.com\/product\/yoast-seo-wordpress\/ -->\n<title>Harbor Logistics benoemt Auslund tot CEO - ITJ | International Transport Journal<\/title>\n<meta name=\"robots\" content=\"index, follow, max-snippet:-1, max-image-preview:large, max-video-preview:-1\" \/>\n<link rel=\"canonical\" href=\"https:\/\/transportjournal.com\/nl\/2026\/04\/30\/harbor-logistics-benoemt-auslund-tot-ceo\/\" \/>\n<meta property=\"og:locale\" content=\"nl_NL\" \/>\n<meta property=\"og:type\" content=\"article\" \/>\n<meta property=\"og:title\" content=\"Harbor Logistics benoemt Auslund tot CEO - ITJ | International Transport Journal\" \/>\n<meta property=\"og:description\" content=\"Harbor Logistics heeft Scott Auslund benoemd tot nieuwe CEO om het bedrijf strategisch te leiden en verder te ontwikkelen in de groeifase.\" \/>\n<meta property=\"og:url\" content=\"https:\/\/transportjournal.com\/nl\/2026\/04\/30\/harbor-logistics-benoemt-auslund-tot-ceo\/\" \/>\n<meta property=\"og:site_name\" content=\"ITJ | International Transport Journal\" \/>\n<meta property=\"article:published_time\" content=\"2026-04-30T10:41:53+00:00\" \/>\n<meta property=\"og:image\" content=\"https:\/\/transportjournal.com\/wp-content\/uploads\/sites\/2\/2026\/04\/Harbor_Logistics_Scott_Auslund-aspect-ratio-1400-788.jpg\" \/>\n\t<meta property=\"og:image:width\" content=\"528\" \/>\n\t<meta property=\"og:image:height\" content=\"298\" \/>\n\t<meta property=\"og:image:type\" content=\"image\/jpeg\" \/>\n<meta name=\"author\" content=\"Andreas Haug\" \/>\n<meta name=\"twitter:card\" content=\"summary_large_image\" \/>\n<meta name=\"twitter:label1\" content=\"Geschreven door\" \/>\n\t<meta name=\"twitter:data1\" content=\"Andreas Haug\" \/>\n\t<meta name=\"twitter:label2\" content=\"Geschatte leestijd\" \/>\n\t<meta name=\"twitter:data2\" content=\"2 minuut\" \/>\n<script type=\"application\/ld+json\" class=\"yoast-schema-graph\">{\"@context\":\"https:\\\/\\\/schema.org\",\"@graph\":[{\"@type\":\"Article\",\"@id\":\"https:\\\/\\\/transportjournal.com\\\/nl\\\/2026\\\/04\\\/30\\\/harbor-logistics-benoemt-auslund-tot-ceo\\\/#article\",\"isPartOf\":{\"@id\":\"https:\\\/\\\/transportjournal.com\\\/nl\\\/2026\\\/04\\\/30\\\/harbor-logistics-benoemt-auslund-tot-ceo\\\/\"},\"author\":{\"name\":\"Andreas Haug\",\"@id\":\"https:\\\/\\\/transportjournal.com\\\/nl\\\/#\\\/schema\\\/person\\\/cf538b3157f15afd7589245a4b3dbd25\"},\"headline\":\"Harbor Logistics benoemt Auslund tot CEO\",\"datePublished\":\"2026-04-30T10:41:53+00:00\",\"mainEntityOfPage\":{\"@id\":\"https:\\\/\\\/transportjournal.com\\\/nl\\\/2026\\\/04\\\/30\\\/harbor-logistics-benoemt-auslund-tot-ceo\\\/\"},\"wordCount\":411,\"commentCount\":0,\"publisher\":{\"@id\":\"https:\\\/\\\/transportjournal.com\\\/nl\\\/#organization\"},\"image\":{\"@id\":\"https:\\\/\\\/transportjournal.com\\\/nl\\\/2026\\\/04\\\/30\\\/harbor-logistics-benoemt-auslund-tot-ceo\\\/#primaryimage\"},\"thumbnailUrl\":\"https:\\\/\\\/transportjournal.com\\\/wp-content\\\/uploads\\\/sites\\\/2\\\/2026\\\/04\\\/Harbor_Logistics_Scott_Auslund-aspect-ratio-1400-788.jpg\",\"keywords\":[\"3PL Dienstleister\",\"3PL providers\",\"analyse de march\u00e9 secteur du transport\",\"Betriebsabl\u00e4ufe optimieren\",\"business growth\",\"CEO Transport\",\"croissance des entreprises\",\"Deutsch Harbor Logistics\",\"Digitalisierung Logistik\",\"durabilit\u00e9 du transport\",\"efficacit\u00e9 op\u00e9rationnelle\",\"Fachkr\u00e4ftemangel Logistik English Harbor Logistics\",\"fournisseurs 3PL\",\"Frachtservices\",\"freight services\",\"F\u00fchrungskr\u00e4fte Logistik\",\"gestion de la cha\u00eene d'approvisionnement\",\"infrastructure Southeast USA\",\"infrastructure sud-est des \u00c9tats-Unis\",\"Infrastruktur S\u00fcdosten USA\",\"installations de transbordement\",\"investissements Charleston\",\"Investitionen Charleston\",\"investments Charleston\",\"leadership en logistique\",\"leadership in logistics\",\"logistics digitalization\",\"logistics industry Charleston\",\"logistics service providers\",\"Logistikbranche Charleston\",\"Logistikdienstleister\",\"market analysis transportation industry\",\"Marktanalyse Transportwirtschaft\",\"Nachhaltigkeit Transport\",\"num\u00e9risation logistique\",\"operational efficiency\",\"PDG transport\",\"p\u00e9nurie de main-d'\u0153uvre logistique\",\"prestataires de services logistiques\",\"Schieneng\u00fcterverkehr\",\"Scott Auslund\",\"secteur logistique Charleston\",\"services de fret\",\"Supply Chain Management\",\"technologie dans la logistique\",\"Technologie in der Logistik\",\"technology in logistics\",\"Transladeeinrichtungen\",\"transloading facilities\",\"transport sustainability\",\"Unternehmenswachstum\",\"workforce shortage logistics Fran\u00e7ais Harbor Logistics\"],\"articleSection\":[\"Amerika\",\"Expeditie &amp; Logistiek\",\"Mensen &amp; Bedrijven\",\"Scheepvaart en havens\"],\"inLanguage\":\"nl-NL\",\"potentialAction\":[{\"@type\":\"CommentAction\",\"name\":\"Comment\",\"target\":[\"https:\\\/\\\/transportjournal.com\\\/nl\\\/2026\\\/04\\\/30\\\/harbor-logistics-benoemt-auslund-tot-ceo\\\/#respond\"]}]},{\"@type\":\"WebPage\",\"@id\":\"https:\\\/\\\/transportjournal.com\\\/nl\\\/2026\\\/04\\\/30\\\/harbor-logistics-benoemt-auslund-tot-ceo\\\/\",\"url\":\"https:\\\/\\\/transportjournal.com\\\/nl\\\/2026\\\/04\\\/30\\\/harbor-logistics-benoemt-auslund-tot-ceo\\\/\",\"name\":\"Harbor Logistics benoemt Auslund tot CEO - ITJ | International Transport Journal\",\"isPartOf\":{\"@id\":\"https:\\\/\\\/transportjournal.com\\\/nl\\\/#website\"},\"primaryImageOfPage\":{\"@id\":\"https:\\\/\\\/transportjournal.com\\\/nl\\\/2026\\\/04\\\/30\\\/harbor-logistics-benoemt-auslund-tot-ceo\\\/#primaryimage\"},\"image\":{\"@id\":\"https:\\\/\\\/transportjournal.com\\\/nl\\\/2026\\\/04\\\/30\\\/harbor-logistics-benoemt-auslund-tot-ceo\\\/#primaryimage\"},\"thumbnailUrl\":\"https:\\\/\\\/transportjournal.com\\\/wp-content\\\/uploads\\\/sites\\\/2\\\/2026\\\/04\\\/Harbor_Logistics_Scott_Auslund-aspect-ratio-1400-788.jpg\",\"datePublished\":\"2026-04-30T10:41:53+00:00\",\"breadcrumb\":{\"@id\":\"https:\\\/\\\/transportjournal.com\\\/nl\\\/2026\\\/04\\\/30\\\/harbor-logistics-benoemt-auslund-tot-ceo\\\/#breadcrumb\"},\"inLanguage\":\"nl-NL\",\"potentialAction\":[{\"@type\":\"ReadAction\",\"target\":[\"https:\\\/\\\/transportjournal.com\\\/nl\\\/2026\\\/04\\\/30\\\/harbor-logistics-benoemt-auslund-tot-ceo\\\/\"]}]},{\"@type\":\"ImageObject\",\"inLanguage\":\"nl-NL\",\"@id\":\"https:\\\/\\\/transportjournal.com\\\/nl\\\/2026\\\/04\\\/30\\\/harbor-logistics-benoemt-auslund-tot-ceo\\\/#primaryimage\",\"url\":\"https:\\\/\\\/transportjournal.com\\\/wp-content\\\/uploads\\\/sites\\\/2\\\/2026\\\/04\\\/Harbor_Logistics_Scott_Auslund-aspect-ratio-1400-788.jpg\",\"contentUrl\":\"https:\\\/\\\/transportjournal.com\\\/wp-content\\\/uploads\\\/sites\\\/2\\\/2026\\\/04\\\/Harbor_Logistics_Scott_Auslund-aspect-ratio-1400-788.jpg\",\"width\":528,\"height\":298},{\"@type\":\"BreadcrumbList\",\"@id\":\"https:\\\/\\\/transportjournal.com\\\/nl\\\/2026\\\/04\\\/30\\\/harbor-logistics-benoemt-auslund-tot-ceo\\\/#breadcrumb\",\"itemListElement\":[{\"@type\":\"ListItem\",\"position\":1,\"name\":\"Startseite\",\"item\":\"https:\\\/\\\/transportjournal.com\\\/nl\\\/\"},{\"@type\":\"ListItem\",\"position\":2,\"name\":\"Harbor Logistics benoemt Auslund tot CEO\"}]},{\"@type\":\"WebSite\",\"@id\":\"https:\\\/\\\/transportjournal.com\\\/nl\\\/#website\",\"url\":\"https:\\\/\\\/transportjournal.com\\\/nl\\\/\",\"name\":\"ITJ | International Transport Journal\",\"description\":\"Stay informed with the latest global news from the transport, logistics, and supply chain industries. Transport Journal delivers expert insights, analysis, and updates across shipping, aviation, intermodal, and forwarding.\",\"publisher\":{\"@id\":\"https:\\\/\\\/transportjournal.com\\\/nl\\\/#organization\"},\"potentialAction\":[{\"@type\":\"SearchAction\",\"target\":{\"@type\":\"EntryPoint\",\"urlTemplate\":\"https:\\\/\\\/transportjournal.com\\\/nl\\\/?s={search_term_string}\"},\"query-input\":{\"@type\":\"PropertyValueSpecification\",\"valueRequired\":true,\"valueName\":\"search_term_string\"}}],\"inLanguage\":\"nl-NL\"},{\"@type\":\"Organization\",\"@id\":\"https:\\\/\\\/transportjournal.com\\\/nl\\\/#organization\",\"name\":\"Logismedia Groep AG\",\"alternateName\":\"Logismedia Group AG\",\"url\":\"https:\\\/\\\/transportjournal.com\\\/nl\\\/\",\"logo\":{\"@type\":\"ImageObject\",\"inLanguage\":\"nl-NL\",\"@id\":\"https:\\\/\\\/transportjournal.com\\\/nl\\\/#\\\/schema\\\/logo\\\/image\\\/\",\"url\":\"https:\\\/\\\/transportjournal.com\\\/wp-content\\\/uploads\\\/sites\\\/2\\\/2025\\\/09\\\/Logo_ITJ.png\",\"contentUrl\":\"https:\\\/\\\/transportjournal.com\\\/wp-content\\\/uploads\\\/sites\\\/2\\\/2025\\\/09\\\/Logo_ITJ.png\",\"width\":799,\"height\":326,\"caption\":\"Logismedia Groep AG\"},\"image\":{\"@id\":\"https:\\\/\\\/transportjournal.com\\\/nl\\\/#\\\/schema\\\/logo\\\/image\\\/\"},\"sameAs\":[\"https:\\\/\\\/www.linkedin.com\\\/company\\\/56456496\\\/admin\\\/dashboard\\\/\",\"https:\\\/\\\/www.instagram.com\\\/logismediagroup\\\/\",\"https:\\\/\\\/www.youtube.com\\\/@LogiamediaGroupAG\"]},{\"@type\":\"Person\",\"@id\":\"https:\\\/\\\/transportjournal.com\\\/nl\\\/#\\\/schema\\\/person\\\/cf538b3157f15afd7589245a4b3dbd25\",\"name\":\"Andreas Haug\",\"url\":\"https:\\\/\\\/transportjournal.com\\\/nl\\\/author\\\/andreas\\\/\"}]}<\/script>\n<!-- \/ Yoast SEO plugin. -->","yoast_head_json":{"title":"Harbor Logistics benoemt Auslund tot CEO - ITJ | International Transport Journal","robots":{"index":"index","follow":"follow","max-snippet":"max-snippet:-1","max-image-preview":"max-image-preview:large","max-video-preview":"max-video-preview:-1"},"canonical":"https:\/\/transportjournal.com\/nl\/2026\/04\/30\/harbor-logistics-benoemt-auslund-tot-ceo\/","og_locale":"nl_NL","og_type":"article","og_title":"Harbor Logistics benoemt Auslund tot CEO - ITJ | International Transport Journal","og_description":"Harbor Logistics heeft Scott Auslund benoemd tot nieuwe CEO om het bedrijf strategisch te leiden en verder te ontwikkelen in de groeifase.","og_url":"https:\/\/transportjournal.com\/nl\/2026\/04\/30\/harbor-logistics-benoemt-auslund-tot-ceo\/","og_site_name":"ITJ | International Transport Journal","article_published_time":"2026-04-30T10:41:53+00:00","og_image":[{"width":528,"height":298,"url":"https:\/\/transportjournal.com\/wp-content\/uploads\/sites\/2\/2026\/04\/Harbor_Logistics_Scott_Auslund-aspect-ratio-1400-788.jpg","type":"image\/jpeg"}],"author":"Andreas Haug","twitter_card":"summary_large_image","twitter_misc":{"Geschreven door":"Andreas Haug","Geschatte leestijd":"2 minuut"},"schema":{"@context":"https:\/\/schema.org","@graph":[{"@type":"Article","@id":"https:\/\/transportjournal.com\/nl\/2026\/04\/30\/harbor-logistics-benoemt-auslund-tot-ceo\/#article","isPartOf":{"@id":"https:\/\/transportjournal.com\/nl\/2026\/04\/30\/harbor-logistics-benoemt-auslund-tot-ceo\/"},"author":{"name":"Andreas Haug","@id":"https:\/\/transportjournal.com\/nl\/#\/schema\/person\/cf538b3157f15afd7589245a4b3dbd25"},"headline":"Harbor Logistics benoemt Auslund tot CEO","datePublished":"2026-04-30T10:41:53+00:00","mainEntityOfPage":{"@id":"https:\/\/transportjournal.com\/nl\/2026\/04\/30\/harbor-logistics-benoemt-auslund-tot-ceo\/"},"wordCount":411,"commentCount":0,"publisher":{"@id":"https:\/\/transportjournal.com\/nl\/#organization"},"image":{"@id":"https:\/\/transportjournal.com\/nl\/2026\/04\/30\/harbor-logistics-benoemt-auslund-tot-ceo\/#primaryimage"},"thumbnailUrl":"https:\/\/transportjournal.com\/wp-content\/uploads\/sites\/2\/2026\/04\/Harbor_Logistics_Scott_Auslund-aspect-ratio-1400-788.jpg","keywords":["3PL Dienstleister","3PL providers","analyse de march\u00e9 secteur du transport","Betriebsabl\u00e4ufe optimieren","business growth","CEO Transport","croissance des entreprises","Deutsch Harbor Logistics","Digitalisierung Logistik","durabilit\u00e9 du transport","efficacit\u00e9 op\u00e9rationnelle","Fachkr\u00e4ftemangel Logistik English Harbor Logistics","fournisseurs 3PL","Frachtservices","freight services","F\u00fchrungskr\u00e4fte Logistik","gestion de la cha\u00eene d'approvisionnement","infrastructure Southeast USA","infrastructure sud-est des \u00c9tats-Unis","Infrastruktur S\u00fcdosten USA","installations de transbordement","investissements Charleston","Investitionen Charleston","investments Charleston","leadership en logistique","leadership in logistics","logistics digitalization","logistics industry Charleston","logistics service providers","Logistikbranche Charleston","Logistikdienstleister","market analysis transportation industry","Marktanalyse Transportwirtschaft","Nachhaltigkeit Transport","num\u00e9risation logistique","operational efficiency","PDG transport","p\u00e9nurie de main-d'\u0153uvre logistique","prestataires de services logistiques","Schieneng\u00fcterverkehr","Scott Auslund","secteur logistique Charleston","services de fret","Supply Chain Management","technologie dans la logistique","Technologie in der Logistik","technology in logistics","Transladeeinrichtungen","transloading facilities","transport sustainability","Unternehmenswachstum","workforce shortage logistics Fran\u00e7ais Harbor Logistics"],"articleSection":["Amerika","Expeditie &amp; Logistiek","Mensen &amp; Bedrijven","Scheepvaart en havens"],"inLanguage":"nl-NL","potentialAction":[{"@type":"CommentAction","name":"Comment","target":["https:\/\/transportjournal.com\/nl\/2026\/04\/30\/harbor-logistics-benoemt-auslund-tot-ceo\/#respond"]}]},{"@type":"WebPage","@id":"https:\/\/transportjournal.com\/nl\/2026\/04\/30\/harbor-logistics-benoemt-auslund-tot-ceo\/","url":"https:\/\/transportjournal.com\/nl\/2026\/04\/30\/harbor-logistics-benoemt-auslund-tot-ceo\/","name":"Harbor Logistics benoemt Auslund tot CEO - ITJ | International Transport Journal","isPartOf":{"@id":"https:\/\/transportjournal.com\/nl\/#website"},"primaryImageOfPage":{"@id":"https:\/\/transportjournal.com\/nl\/2026\/04\/30\/harbor-logistics-benoemt-auslund-tot-ceo\/#primaryimage"},"image":{"@id":"https:\/\/transportjournal.com\/nl\/2026\/04\/30\/harbor-logistics-benoemt-auslund-tot-ceo\/#primaryimage"},"thumbnailUrl":"https:\/\/transportjournal.com\/wp-content\/uploads\/sites\/2\/2026\/04\/Harbor_Logistics_Scott_Auslund-aspect-ratio-1400-788.jpg","datePublished":"2026-04-30T10:41:53+00:00","breadcrumb":{"@id":"https:\/\/transportjournal.com\/nl\/2026\/04\/30\/harbor-logistics-benoemt-auslund-tot-ceo\/#breadcrumb"},"inLanguage":"nl-NL","potentialAction":[{"@type":"ReadAction","target":["https:\/\/transportjournal.com\/nl\/2026\/04\/30\/harbor-logistics-benoemt-auslund-tot-ceo\/"]}]},{"@type":"ImageObject","inLanguage":"nl-NL","@id":"https:\/\/transportjournal.com\/nl\/2026\/04\/30\/harbor-logistics-benoemt-auslund-tot-ceo\/#primaryimage","url":"https:\/\/transportjournal.com\/wp-content\/uploads\/sites\/2\/2026\/04\/Harbor_Logistics_Scott_Auslund-aspect-ratio-1400-788.jpg","contentUrl":"https:\/\/transportjournal.com\/wp-content\/uploads\/sites\/2\/2026\/04\/Harbor_Logistics_Scott_Auslund-aspect-ratio-1400-788.jpg","width":528,"height":298},{"@type":"BreadcrumbList","@id":"https:\/\/transportjournal.com\/nl\/2026\/04\/30\/harbor-logistics-benoemt-auslund-tot-ceo\/#breadcrumb","itemListElement":[{"@type":"ListItem","position":1,"name":"Startseite","item":"https:\/\/transportjournal.com\/nl\/"},{"@type":"ListItem","position":2,"name":"Harbor Logistics benoemt Auslund tot CEO"}]},{"@type":"WebSite","@id":"https:\/\/transportjournal.com\/nl\/#website","url":"https:\/\/transportjournal.com\/nl\/","name":"ITJ | International Transport Journal","description":"Stay informed with the latest global news from the transport, logistics, and supply chain industries. Transport Journal delivers expert insights, analysis, and updates across shipping, aviation, intermodal, and forwarding.","publisher":{"@id":"https:\/\/transportjournal.com\/nl\/#organization"},"potentialAction":[{"@type":"SearchAction","target":{"@type":"EntryPoint","urlTemplate":"https:\/\/transportjournal.com\/nl\/?s={search_term_string}"},"query-input":{"@type":"PropertyValueSpecification","valueRequired":true,"valueName":"search_term_string"}}],"inLanguage":"nl-NL"},{"@type":"Organization","@id":"https:\/\/transportjournal.com\/nl\/#organization","name":"Logismedia Groep AG","alternateName":"Logismedia Group AG","url":"https:\/\/transportjournal.com\/nl\/","logo":{"@type":"ImageObject","inLanguage":"nl-NL","@id":"https:\/\/transportjournal.com\/nl\/#\/schema\/logo\/image\/","url":"https:\/\/transportjournal.com\/wp-content\/uploads\/sites\/2\/2025\/09\/Logo_ITJ.png","contentUrl":"https:\/\/transportjournal.com\/wp-content\/uploads\/sites\/2\/2025\/09\/Logo_ITJ.png","width":799,"height":326,"caption":"Logismedia Groep AG"},"image":{"@id":"https:\/\/transportjournal.com\/nl\/#\/schema\/logo\/image\/"},"sameAs":["https:\/\/www.linkedin.com\/company\/56456496\/admin\/dashboard\/","https:\/\/www.instagram.com\/logismediagroup\/","https:\/\/www.youtube.com\/@LogiamediaGroupAG"]},{"@type":"Person","@id":"https:\/\/transportjournal.com\/nl\/#\/schema\/person\/cf538b3157f15afd7589245a4b3dbd25","name":"Andreas Haug","url":"https:\/\/transportjournal.com\/nl\/author\/andreas\/"}]}},"_links":{"self":[{"href":"https:\/\/transportjournal.com\/nl\/wp-json\/wp\/v2\/posts\/87655","targetHints":{"allow":["GET"]}}],"collection":[{"href":"https:\/\/transportjournal.com\/nl\/wp-json\/wp\/v2\/posts"}],"about":[{"href":"https:\/\/transportjournal.com\/nl\/wp-json\/wp\/v2\/types\/post"}],"author":[{"embeddable":true,"href":"https:\/\/transportjournal.com\/nl\/wp-json\/wp\/v2\/users\/12"}],"replies":[{"embeddable":true,"href":"https:\/\/transportjournal.com\/nl\/wp-json\/wp\/v2\/comments?post=87655"}],"version-history":[{"count":0,"href":"https:\/\/transportjournal.com\/nl\/wp-json\/wp\/v2\/posts\/87655\/revisions"}],"wp:featuredmedia":[{"embeddable":true,"href":"https:\/\/transportjournal.com\/nl\/wp-json\/wp\/v2\/media\/87649"}],"wp:attachment":[{"href":"https:\/\/transportjournal.com\/nl\/wp-json\/wp\/v2\/media?parent=87655"}],"wp:term":[{"taxonomy":"category","embeddable":true,"href":"https:\/\/transportjournal.com\/nl\/wp-json\/wp\/v2\/categories?post=87655"},{"taxonomy":"post_tag","embeddable":true,"href":"https:\/\/transportjournal.com\/nl\/wp-json\/wp\/v2\/tags?post=87655"}],"curies":[{"name":"wp","href":"https:\/\/api.w.org\/{rel}","templated":true}]}}