{"id":87573,"date":"2026-04-30T09:59:16","date_gmt":"2026-04-30T09:59:16","guid":{"rendered":"https:\/\/transportjournal.com\/2026\/04\/30\/mecalux-voor-de-vijfde-keer-in-de-gartner-magic-quadrant\/"},"modified":"2026-04-30T09:59:16","modified_gmt":"2026-04-30T09:59:16","slug":"mecalux-voor-de-vijfde-keer-in-de-gartner-magic-quadrant","status":"publish","type":"post","link":"https:\/\/transportjournal.com\/nl\/2026\/04\/30\/mecalux-voor-de-vijfde-keer-in-de-gartner-magic-quadrant\/","title":{"rendered":"Mecalux voor de vijfde keer in de &#8220;Gartner Magic Quadrant&#8221;"},"content":{"rendered":"<p>Mecalux is opgenomen in de huidige &#8222;Gartner Magic Quadrant\u2122 2026&#8220; voor Warehouse Management Systems (WMS). Dit markeert al de vijfde verschijning van het bedrijf in dit rapport, dat is opgesteld door het Amerikaanse onderzoeksbedrijf Gartner, zoals het bedrijf meedeelt. Het rapport beoordeelt aanbieders van warehouse management systemen wereldwijd.<\/p>\n<p>De &#8222;Easy WMS&#8220; van Mecalux is volgens de fabrikant ontworpen om alle logistieke processen te optimaliseren. Dit omvat de ontvangst, opslag, orderverzameling en verzending van goederen. De software is beschikbaar als cloudgebaseerde oplossing (SaaS) en stelt bedrijven in staat om hun processen in realtime te monitoren. Dit moet leiden tot een verbeterde traceerbaarheid en productiviteit in zowel handmatige als geautomatiseerde magazijnomgevingen.<\/p>\n<p>In geautomatiseerde magazijnen werkt &#8222;Easy WMS&#8220; samen met andere oplossingen van Mecalux. De software integreert met &#8222;Easy WES&#8220;, dat verantwoordelijk is voor de uitvoering van de dagelijkse operaties, en met &#8222;Easy WCS&#8220;, dat de machinebewegingen aanstuurt.<\/p>\n<p><a href=\"https:\/\/www.mecalux.com\/\" target=\"_blank\" rel=\"noopener noreferrer\">www.mecalux.com<\/a><\/p>\n","protected":false},"excerpt":{"rendered":"<p>Mecalux is opgenomen in de &#8220;Gartner Magic Quadrant 2026&#8221; voor warehouse management systemen en biedt met &#8220;Easy WMS&#8221; een cloudgebaseerde oplossing voor het optimaliseren van logistieke processen aan.<\/p>\n","protected":false},"author":10,"featured_media":87567,"comment_status":"open","ping_status":"","sticky":false,"template":"","format":"standard","meta":{"_acf_changed":false,"footnotes":""},"categories":[1602,1593,1596],"tags":[38580,44053,44054,44055,44056,44057,2115,2116,44058,44059,44060,28907,44061,2700,44062,2123,38598,6478,18913,14987,44063,2133,2379,1831,4728,2382,3157,31447,44064,4734,44065,4735,2720,2148,38608,9916,44066,44067,2106,9923,14996,2397,44068,44069,14997,18932,44070,44071],"class_list":["post-87573","post","type-post","status-publish","format-standard","has-post-thumbnail","hentry","category-amerika","category-expeditie-logistiek","category-intralogistiek","tag-augmenter-la-productivite","tag-automated-warehouse-environments","tag-automatisierte-lagerumgebungen","tag-cloud-based-logistics-solutions","tag-cloudbasierte-logistikloesungen","tag-deutsch-mecalux","tag-digitalisierung-in-der-logistik","tag-digitalization-in-logistics","tag-easy-wcs","tag-easy-wes","tag-easy-wms","tag-echtzeit-ueberwachung","tag-environnements-dentrepot-automatises","tag-fachkraeftemangel-in-der-logistik","tag-gartner-magic-quadrant","tag-gestion-de-la-chaine-dapprovisionnement","tag-increase-productivity","tag-labor-shortage-in-logistics","tag-lageroptimierung","tag-lagerverwaltungssysteme","tag-logiciel-wms","tag-logistics-service-providers","tag-logistics-technology","tag-logistikdienstleister","tag-logistikprozesse-optimieren","tag-logistiktechnologie","tag-numerisation-dans-la-logistique","tag-optimisation-des-entrepots","tag-optimiser-lexpedition-des-marchandises","tag-optimiser-les-processus-logistiques","tag-optimize-goods-shipping-francais-mecalux","tag-optimize-logistics-processes","tag-penurie-de-main-doeuvre-dans-la-logistique","tag-prestataires-de-services-logistiques","tag-produktivitaet-steigern","tag-real-time-monitoring","tag-rueckverfolgbarkeit-in-lagern","tag-solutions-logistiques-basees-sur-le-cloud","tag-supply-chain-management","tag-surveillance-en-temps-reel","tag-systemes-de-gestion-dentrepot","tag-technologie-logistique","tag-tracabilite-dans-les-entrepots","tag-traceability-in-warehouses","tag-warehouse-management-systems","tag-warehouse-optimization","tag-warenversand-optimieren-english-mecalux","tag-wms-software"],"acf":[],"yoast_head":"<!-- This site is optimized with the Yoast SEO plugin v27.3 - https:\/\/yoast.com\/product\/yoast-seo-wordpress\/ -->\n<title>Mecalux voor de vijfde keer in de &#8222;Gartner Magic Quadrant&#8220; - ITJ | International Transport Journal<\/title>\n<meta name=\"robots\" content=\"index, follow, max-snippet:-1, max-image-preview:large, max-video-preview:-1\" \/>\n<link rel=\"canonical\" href=\"https:\/\/transportjournal.com\/nl\/2026\/04\/30\/mecalux-voor-de-vijfde-keer-in-de-gartner-magic-quadrant\/\" \/>\n<meta property=\"og:locale\" content=\"nl_NL\" \/>\n<meta property=\"og:type\" content=\"article\" \/>\n<meta property=\"og:title\" content=\"Mecalux voor de vijfde keer in de &#8222;Gartner Magic Quadrant&#8220; - ITJ | International Transport Journal\" \/>\n<meta property=\"og:description\" content=\"Mecalux is opgenomen in de &quot;Gartner Magic Quadrant 2026&quot; voor warehouse management systemen en biedt met &quot;Easy WMS&quot; een cloudgebaseerde oplossing voor het optimaliseren van logistieke processen aan.\" \/>\n<meta property=\"og:url\" content=\"https:\/\/transportjournal.com\/nl\/2026\/04\/30\/mecalux-voor-de-vijfde-keer-in-de-gartner-magic-quadrant\/\" \/>\n<meta property=\"og:site_name\" content=\"ITJ | International Transport Journal\" \/>\n<meta property=\"article:published_time\" content=\"2026-04-30T09:59:16+00:00\" \/>\n<meta property=\"og:image\" content=\"https:\/\/transportjournal.com\/wp-content\/uploads\/sites\/2\/2026\/04\/PR_Mecalux_Gartner_AI3-scaled-1.jpg\" \/>\n\t<meta property=\"og:image:width\" content=\"2560\" \/>\n\t<meta property=\"og:image:height\" content=\"1440\" \/>\n\t<meta property=\"og:image:type\" content=\"image\/jpeg\" \/>\n<meta name=\"author\" content=\"Jeremy Soland\" \/>\n<meta name=\"twitter:card\" content=\"summary_large_image\" \/>\n<meta name=\"twitter:label1\" content=\"Geschreven door\" \/>\n\t<meta name=\"twitter:data1\" content=\"Jeremy Soland\" \/>\n\t<meta name=\"twitter:label2\" content=\"Geschatte leestijd\" \/>\n\t<meta name=\"twitter:data2\" content=\"1 minuut\" \/>\n<script type=\"application\/ld+json\" class=\"yoast-schema-graph\">{\"@context\":\"https:\\\/\\\/schema.org\",\"@graph\":[{\"@type\":\"Article\",\"@id\":\"https:\\\/\\\/transportjournal.com\\\/nl\\\/2026\\\/04\\\/30\\\/mecalux-voor-de-vijfde-keer-in-de-gartner-magic-quadrant\\\/#article\",\"isPartOf\":{\"@id\":\"https:\\\/\\\/transportjournal.com\\\/nl\\\/2026\\\/04\\\/30\\\/mecalux-voor-de-vijfde-keer-in-de-gartner-magic-quadrant\\\/\"},\"author\":{\"name\":\"Jeremy Soland\",\"@id\":\"https:\\\/\\\/transportjournal.com\\\/nl\\\/#\\\/schema\\\/person\\\/41d36b5474b623392fa613e97e2363fa\"},\"headline\":\"Mecalux voor de vijfde keer in de &#8220;Gartner Magic Quadrant&#8221;\",\"datePublished\":\"2026-04-30T09:59:16+00:00\",\"mainEntityOfPage\":{\"@id\":\"https:\\\/\\\/transportjournal.com\\\/nl\\\/2026\\\/04\\\/30\\\/mecalux-voor-de-vijfde-keer-in-de-gartner-magic-quadrant\\\/\"},\"wordCount\":157,\"commentCount\":0,\"publisher\":{\"@id\":\"https:\\\/\\\/transportjournal.com\\\/nl\\\/#organization\"},\"image\":{\"@id\":\"https:\\\/\\\/transportjournal.com\\\/nl\\\/2026\\\/04\\\/30\\\/mecalux-voor-de-vijfde-keer-in-de-gartner-magic-quadrant\\\/#primaryimage\"},\"thumbnailUrl\":\"https:\\\/\\\/transportjournal.com\\\/wp-content\\\/uploads\\\/sites\\\/2\\\/2026\\\/04\\\/PR_Mecalux_Gartner_AI3-scaled-1.jpg\",\"keywords\":[\"augmenter la productivit\u00e9\",\"automated warehouse environments\",\"automatisierte Lagerumgebungen\",\"cloud-based logistics solutions\",\"cloudbasierte Logistikl\u00f6sungen\",\"Deutsch Mecalux\",\"Digitalisierung in der Logistik\",\"digitalization in logistics\",\"Easy WCS\",\"Easy WES\",\"Easy WMS\",\"Echtzeit-\u00dcberwachung\",\"environnements d'entrep\u00f4t automatis\u00e9s\",\"Fachkr\u00e4ftemangel in der Logistik\",\"Gartner Magic Quadrant\",\"gestion de la cha\u00eene d'approvisionnement\",\"increase productivity\",\"labor shortage in logistics\",\"Lageroptimierung\",\"Lagerverwaltungssysteme\",\"logiciel WMS\",\"logistics service providers\",\"logistics technology\",\"Logistikdienstleister\",\"Logistikprozesse optimieren\",\"Logistiktechnologie\",\"num\u00e9risation dans la logistique\",\"optimisation des entrep\u00f4ts\",\"optimiser l'exp\u00e9dition des marchandises\",\"optimiser les processus logistiques\",\"optimize goods shipping Fran\u00e7ais Mecalux\",\"optimize logistics processes\",\"p\u00e9nurie de main-d'\u0153uvre dans la logistique\",\"prestataires de services logistiques\",\"Produktivit\u00e4t steigern\",\"real-time monitoring\",\"R\u00fcckverfolgbarkeit in Lagern\",\"solutions logistiques bas\u00e9es sur le cloud\",\"Supply Chain Management\",\"surveillance en temps r\u00e9el\",\"syst\u00e8mes de gestion d'entrep\u00f4t\",\"technologie logistique\",\"tra\u00e7abilit\u00e9 dans les entrep\u00f4ts\",\"traceability in warehouses\",\"warehouse management systems\",\"warehouse optimization\",\"Warenversand optimieren English Mecalux\",\"WMS Software\"],\"articleSection\":[\"Amerika\",\"Expeditie &amp; Logistiek\",\"Intralogistiek\"],\"inLanguage\":\"nl-NL\",\"potentialAction\":[{\"@type\":\"CommentAction\",\"name\":\"Comment\",\"target\":[\"https:\\\/\\\/transportjournal.com\\\/nl\\\/2026\\\/04\\\/30\\\/mecalux-voor-de-vijfde-keer-in-de-gartner-magic-quadrant\\\/#respond\"]}]},{\"@type\":\"WebPage\",\"@id\":\"https:\\\/\\\/transportjournal.com\\\/nl\\\/2026\\\/04\\\/30\\\/mecalux-voor-de-vijfde-keer-in-de-gartner-magic-quadrant\\\/\",\"url\":\"https:\\\/\\\/transportjournal.com\\\/nl\\\/2026\\\/04\\\/30\\\/mecalux-voor-de-vijfde-keer-in-de-gartner-magic-quadrant\\\/\",\"name\":\"Mecalux voor de vijfde keer in de &#8222;Gartner Magic Quadrant&#8220; - ITJ | International Transport Journal\",\"isPartOf\":{\"@id\":\"https:\\\/\\\/transportjournal.com\\\/nl\\\/#website\"},\"primaryImageOfPage\":{\"@id\":\"https:\\\/\\\/transportjournal.com\\\/nl\\\/2026\\\/04\\\/30\\\/mecalux-voor-de-vijfde-keer-in-de-gartner-magic-quadrant\\\/#primaryimage\"},\"image\":{\"@id\":\"https:\\\/\\\/transportjournal.com\\\/nl\\\/2026\\\/04\\\/30\\\/mecalux-voor-de-vijfde-keer-in-de-gartner-magic-quadrant\\\/#primaryimage\"},\"thumbnailUrl\":\"https:\\\/\\\/transportjournal.com\\\/wp-content\\\/uploads\\\/sites\\\/2\\\/2026\\\/04\\\/PR_Mecalux_Gartner_AI3-scaled-1.jpg\",\"datePublished\":\"2026-04-30T09:59:16+00:00\",\"breadcrumb\":{\"@id\":\"https:\\\/\\\/transportjournal.com\\\/nl\\\/2026\\\/04\\\/30\\\/mecalux-voor-de-vijfde-keer-in-de-gartner-magic-quadrant\\\/#breadcrumb\"},\"inLanguage\":\"nl-NL\",\"potentialAction\":[{\"@type\":\"ReadAction\",\"target\":[\"https:\\\/\\\/transportjournal.com\\\/nl\\\/2026\\\/04\\\/30\\\/mecalux-voor-de-vijfde-keer-in-de-gartner-magic-quadrant\\\/\"]}]},{\"@type\":\"ImageObject\",\"inLanguage\":\"nl-NL\",\"@id\":\"https:\\\/\\\/transportjournal.com\\\/nl\\\/2026\\\/04\\\/30\\\/mecalux-voor-de-vijfde-keer-in-de-gartner-magic-quadrant\\\/#primaryimage\",\"url\":\"https:\\\/\\\/transportjournal.com\\\/wp-content\\\/uploads\\\/sites\\\/2\\\/2026\\\/04\\\/PR_Mecalux_Gartner_AI3-scaled-1.jpg\",\"contentUrl\":\"https:\\\/\\\/transportjournal.com\\\/wp-content\\\/uploads\\\/sites\\\/2\\\/2026\\\/04\\\/PR_Mecalux_Gartner_AI3-scaled-1.jpg\",\"width\":2560,\"height\":1440},{\"@type\":\"BreadcrumbList\",\"@id\":\"https:\\\/\\\/transportjournal.com\\\/nl\\\/2026\\\/04\\\/30\\\/mecalux-voor-de-vijfde-keer-in-de-gartner-magic-quadrant\\\/#breadcrumb\",\"itemListElement\":[{\"@type\":\"ListItem\",\"position\":1,\"name\":\"Startseite\",\"item\":\"https:\\\/\\\/transportjournal.com\\\/nl\\\/\"},{\"@type\":\"ListItem\",\"position\":2,\"name\":\"Mecalux voor de vijfde keer in de &#8220;Gartner Magic Quadrant&#8221;\"}]},{\"@type\":\"WebSite\",\"@id\":\"https:\\\/\\\/transportjournal.com\\\/nl\\\/#website\",\"url\":\"https:\\\/\\\/transportjournal.com\\\/nl\\\/\",\"name\":\"ITJ | International Transport Journal\",\"description\":\"Stay informed with the latest global news from the transport, logistics, and supply chain industries. Transport Journal delivers expert insights, analysis, and updates across shipping, aviation, intermodal, and forwarding.\",\"publisher\":{\"@id\":\"https:\\\/\\\/transportjournal.com\\\/nl\\\/#organization\"},\"potentialAction\":[{\"@type\":\"SearchAction\",\"target\":{\"@type\":\"EntryPoint\",\"urlTemplate\":\"https:\\\/\\\/transportjournal.com\\\/nl\\\/?s={search_term_string}\"},\"query-input\":{\"@type\":\"PropertyValueSpecification\",\"valueRequired\":true,\"valueName\":\"search_term_string\"}}],\"inLanguage\":\"nl-NL\"},{\"@type\":\"Organization\",\"@id\":\"https:\\\/\\\/transportjournal.com\\\/nl\\\/#organization\",\"name\":\"Logismedia Groep AG\",\"alternateName\":\"Logismedia Group AG\",\"url\":\"https:\\\/\\\/transportjournal.com\\\/nl\\\/\",\"logo\":{\"@type\":\"ImageObject\",\"inLanguage\":\"nl-NL\",\"@id\":\"https:\\\/\\\/transportjournal.com\\\/nl\\\/#\\\/schema\\\/logo\\\/image\\\/\",\"url\":\"https:\\\/\\\/transportjournal.com\\\/wp-content\\\/uploads\\\/sites\\\/2\\\/2025\\\/09\\\/Logo_ITJ.png\",\"contentUrl\":\"https:\\\/\\\/transportjournal.com\\\/wp-content\\\/uploads\\\/sites\\\/2\\\/2025\\\/09\\\/Logo_ITJ.png\",\"width\":799,\"height\":326,\"caption\":\"Logismedia Groep AG\"},\"image\":{\"@id\":\"https:\\\/\\\/transportjournal.com\\\/nl\\\/#\\\/schema\\\/logo\\\/image\\\/\"},\"sameAs\":[\"https:\\\/\\\/www.linkedin.com\\\/company\\\/56456496\\\/admin\\\/dashboard\\\/\",\"https:\\\/\\\/www.instagram.com\\\/logismediagroup\\\/\",\"https:\\\/\\\/www.youtube.com\\\/@LogiamediaGroupAG\"]},{\"@type\":\"Person\",\"@id\":\"https:\\\/\\\/transportjournal.com\\\/nl\\\/#\\\/schema\\\/person\\\/41d36b5474b623392fa613e97e2363fa\",\"name\":\"Jeremy Soland\",\"url\":\"https:\\\/\\\/transportjournal.com\\\/nl\\\/author\\\/jeremy\\\/\"}]}<\/script>\n<!-- \/ Yoast SEO plugin. -->","yoast_head_json":{"title":"Mecalux voor de vijfde keer in de &#8222;Gartner Magic Quadrant&#8220; - ITJ | International Transport Journal","robots":{"index":"index","follow":"follow","max-snippet":"max-snippet:-1","max-image-preview":"max-image-preview:large","max-video-preview":"max-video-preview:-1"},"canonical":"https:\/\/transportjournal.com\/nl\/2026\/04\/30\/mecalux-voor-de-vijfde-keer-in-de-gartner-magic-quadrant\/","og_locale":"nl_NL","og_type":"article","og_title":"Mecalux voor de vijfde keer in de &#8222;Gartner Magic Quadrant&#8220; - ITJ | International Transport Journal","og_description":"Mecalux is opgenomen in de \"Gartner Magic Quadrant 2026\" voor warehouse management systemen en biedt met \"Easy WMS\" een cloudgebaseerde oplossing voor het optimaliseren van logistieke processen aan.","og_url":"https:\/\/transportjournal.com\/nl\/2026\/04\/30\/mecalux-voor-de-vijfde-keer-in-de-gartner-magic-quadrant\/","og_site_name":"ITJ | International Transport Journal","article_published_time":"2026-04-30T09:59:16+00:00","og_image":[{"width":2560,"height":1440,"url":"https:\/\/transportjournal.com\/wp-content\/uploads\/sites\/2\/2026\/04\/PR_Mecalux_Gartner_AI3-scaled-1.jpg","type":"image\/jpeg"}],"author":"Jeremy Soland","twitter_card":"summary_large_image","twitter_misc":{"Geschreven door":"Jeremy Soland","Geschatte leestijd":"1 minuut"},"schema":{"@context":"https:\/\/schema.org","@graph":[{"@type":"Article","@id":"https:\/\/transportjournal.com\/nl\/2026\/04\/30\/mecalux-voor-de-vijfde-keer-in-de-gartner-magic-quadrant\/#article","isPartOf":{"@id":"https:\/\/transportjournal.com\/nl\/2026\/04\/30\/mecalux-voor-de-vijfde-keer-in-de-gartner-magic-quadrant\/"},"author":{"name":"Jeremy Soland","@id":"https:\/\/transportjournal.com\/nl\/#\/schema\/person\/41d36b5474b623392fa613e97e2363fa"},"headline":"Mecalux voor de vijfde keer in de &#8220;Gartner Magic Quadrant&#8221;","datePublished":"2026-04-30T09:59:16+00:00","mainEntityOfPage":{"@id":"https:\/\/transportjournal.com\/nl\/2026\/04\/30\/mecalux-voor-de-vijfde-keer-in-de-gartner-magic-quadrant\/"},"wordCount":157,"commentCount":0,"publisher":{"@id":"https:\/\/transportjournal.com\/nl\/#organization"},"image":{"@id":"https:\/\/transportjournal.com\/nl\/2026\/04\/30\/mecalux-voor-de-vijfde-keer-in-de-gartner-magic-quadrant\/#primaryimage"},"thumbnailUrl":"https:\/\/transportjournal.com\/wp-content\/uploads\/sites\/2\/2026\/04\/PR_Mecalux_Gartner_AI3-scaled-1.jpg","keywords":["augmenter la productivit\u00e9","automated warehouse environments","automatisierte Lagerumgebungen","cloud-based logistics solutions","cloudbasierte Logistikl\u00f6sungen","Deutsch Mecalux","Digitalisierung in der Logistik","digitalization in logistics","Easy WCS","Easy WES","Easy WMS","Echtzeit-\u00dcberwachung","environnements d'entrep\u00f4t automatis\u00e9s","Fachkr\u00e4ftemangel in der Logistik","Gartner Magic Quadrant","gestion de la cha\u00eene d'approvisionnement","increase productivity","labor shortage in logistics","Lageroptimierung","Lagerverwaltungssysteme","logiciel WMS","logistics service providers","logistics technology","Logistikdienstleister","Logistikprozesse optimieren","Logistiktechnologie","num\u00e9risation dans la logistique","optimisation des entrep\u00f4ts","optimiser l'exp\u00e9dition des marchandises","optimiser les processus logistiques","optimize goods shipping Fran\u00e7ais Mecalux","optimize logistics processes","p\u00e9nurie de main-d'\u0153uvre dans la logistique","prestataires de services logistiques","Produktivit\u00e4t steigern","real-time monitoring","R\u00fcckverfolgbarkeit in Lagern","solutions logistiques bas\u00e9es sur le cloud","Supply Chain Management","surveillance en temps r\u00e9el","syst\u00e8mes de gestion d'entrep\u00f4t","technologie logistique","tra\u00e7abilit\u00e9 dans les entrep\u00f4ts","traceability in warehouses","warehouse management systems","warehouse optimization","Warenversand optimieren English Mecalux","WMS Software"],"articleSection":["Amerika","Expeditie &amp; Logistiek","Intralogistiek"],"inLanguage":"nl-NL","potentialAction":[{"@type":"CommentAction","name":"Comment","target":["https:\/\/transportjournal.com\/nl\/2026\/04\/30\/mecalux-voor-de-vijfde-keer-in-de-gartner-magic-quadrant\/#respond"]}]},{"@type":"WebPage","@id":"https:\/\/transportjournal.com\/nl\/2026\/04\/30\/mecalux-voor-de-vijfde-keer-in-de-gartner-magic-quadrant\/","url":"https:\/\/transportjournal.com\/nl\/2026\/04\/30\/mecalux-voor-de-vijfde-keer-in-de-gartner-magic-quadrant\/","name":"Mecalux voor de vijfde keer in de &#8222;Gartner Magic Quadrant&#8220; - ITJ | International Transport Journal","isPartOf":{"@id":"https:\/\/transportjournal.com\/nl\/#website"},"primaryImageOfPage":{"@id":"https:\/\/transportjournal.com\/nl\/2026\/04\/30\/mecalux-voor-de-vijfde-keer-in-de-gartner-magic-quadrant\/#primaryimage"},"image":{"@id":"https:\/\/transportjournal.com\/nl\/2026\/04\/30\/mecalux-voor-de-vijfde-keer-in-de-gartner-magic-quadrant\/#primaryimage"},"thumbnailUrl":"https:\/\/transportjournal.com\/wp-content\/uploads\/sites\/2\/2026\/04\/PR_Mecalux_Gartner_AI3-scaled-1.jpg","datePublished":"2026-04-30T09:59:16+00:00","breadcrumb":{"@id":"https:\/\/transportjournal.com\/nl\/2026\/04\/30\/mecalux-voor-de-vijfde-keer-in-de-gartner-magic-quadrant\/#breadcrumb"},"inLanguage":"nl-NL","potentialAction":[{"@type":"ReadAction","target":["https:\/\/transportjournal.com\/nl\/2026\/04\/30\/mecalux-voor-de-vijfde-keer-in-de-gartner-magic-quadrant\/"]}]},{"@type":"ImageObject","inLanguage":"nl-NL","@id":"https:\/\/transportjournal.com\/nl\/2026\/04\/30\/mecalux-voor-de-vijfde-keer-in-de-gartner-magic-quadrant\/#primaryimage","url":"https:\/\/transportjournal.com\/wp-content\/uploads\/sites\/2\/2026\/04\/PR_Mecalux_Gartner_AI3-scaled-1.jpg","contentUrl":"https:\/\/transportjournal.com\/wp-content\/uploads\/sites\/2\/2026\/04\/PR_Mecalux_Gartner_AI3-scaled-1.jpg","width":2560,"height":1440},{"@type":"BreadcrumbList","@id":"https:\/\/transportjournal.com\/nl\/2026\/04\/30\/mecalux-voor-de-vijfde-keer-in-de-gartner-magic-quadrant\/#breadcrumb","itemListElement":[{"@type":"ListItem","position":1,"name":"Startseite","item":"https:\/\/transportjournal.com\/nl\/"},{"@type":"ListItem","position":2,"name":"Mecalux voor de vijfde keer in de &#8220;Gartner Magic Quadrant&#8221;"}]},{"@type":"WebSite","@id":"https:\/\/transportjournal.com\/nl\/#website","url":"https:\/\/transportjournal.com\/nl\/","name":"ITJ | International Transport Journal","description":"Stay informed with the latest global news from the transport, logistics, and supply chain industries. Transport Journal delivers expert insights, analysis, and updates across shipping, aviation, intermodal, and forwarding.","publisher":{"@id":"https:\/\/transportjournal.com\/nl\/#organization"},"potentialAction":[{"@type":"SearchAction","target":{"@type":"EntryPoint","urlTemplate":"https:\/\/transportjournal.com\/nl\/?s={search_term_string}"},"query-input":{"@type":"PropertyValueSpecification","valueRequired":true,"valueName":"search_term_string"}}],"inLanguage":"nl-NL"},{"@type":"Organization","@id":"https:\/\/transportjournal.com\/nl\/#organization","name":"Logismedia Groep AG","alternateName":"Logismedia Group AG","url":"https:\/\/transportjournal.com\/nl\/","logo":{"@type":"ImageObject","inLanguage":"nl-NL","@id":"https:\/\/transportjournal.com\/nl\/#\/schema\/logo\/image\/","url":"https:\/\/transportjournal.com\/wp-content\/uploads\/sites\/2\/2025\/09\/Logo_ITJ.png","contentUrl":"https:\/\/transportjournal.com\/wp-content\/uploads\/sites\/2\/2025\/09\/Logo_ITJ.png","width":799,"height":326,"caption":"Logismedia Groep AG"},"image":{"@id":"https:\/\/transportjournal.com\/nl\/#\/schema\/logo\/image\/"},"sameAs":["https:\/\/www.linkedin.com\/company\/56456496\/admin\/dashboard\/","https:\/\/www.instagram.com\/logismediagroup\/","https:\/\/www.youtube.com\/@LogiamediaGroupAG"]},{"@type":"Person","@id":"https:\/\/transportjournal.com\/nl\/#\/schema\/person\/41d36b5474b623392fa613e97e2363fa","name":"Jeremy Soland","url":"https:\/\/transportjournal.com\/nl\/author\/jeremy\/"}]}},"_links":{"self":[{"href":"https:\/\/transportjournal.com\/nl\/wp-json\/wp\/v2\/posts\/87573","targetHints":{"allow":["GET"]}}],"collection":[{"href":"https:\/\/transportjournal.com\/nl\/wp-json\/wp\/v2\/posts"}],"about":[{"href":"https:\/\/transportjournal.com\/nl\/wp-json\/wp\/v2\/types\/post"}],"author":[{"embeddable":true,"href":"https:\/\/transportjournal.com\/nl\/wp-json\/wp\/v2\/users\/10"}],"replies":[{"embeddable":true,"href":"https:\/\/transportjournal.com\/nl\/wp-json\/wp\/v2\/comments?post=87573"}],"version-history":[{"count":0,"href":"https:\/\/transportjournal.com\/nl\/wp-json\/wp\/v2\/posts\/87573\/revisions"}],"wp:featuredmedia":[{"embeddable":true,"href":"https:\/\/transportjournal.com\/nl\/wp-json\/wp\/v2\/media\/87567"}],"wp:attachment":[{"href":"https:\/\/transportjournal.com\/nl\/wp-json\/wp\/v2\/media?parent=87573"}],"wp:term":[{"taxonomy":"category","embeddable":true,"href":"https:\/\/transportjournal.com\/nl\/wp-json\/wp\/v2\/categories?post=87573"},{"taxonomy":"post_tag","embeddable":true,"href":"https:\/\/transportjournal.com\/nl\/wp-json\/wp\/v2\/tags?post=87573"}],"curies":[{"name":"wp","href":"https:\/\/api.w.org\/{rel}","templated":true}]}}