{"id":87507,"date":"2026-04-30T08:54:10","date_gmt":"2026-04-30T08:54:10","guid":{"rendered":"https:\/\/transportjournal.com\/2026\/04\/30\/cinquina-breidt-elektrische-vloot-uit\/"},"modified":"2026-04-30T11:30:35","modified_gmt":"2026-04-30T09:30:35","slug":"cinquina-breidt-elektrische-vloot-uit","status":"publish","type":"post","link":"https:\/\/transportjournal.com\/nl\/2026\/04\/30\/cinquina-breidt-elektrische-vloot-uit\/","title":{"rendered":"Cinquina breidt elektrische vloot uit"},"content":{"rendered":"<p>Het Italiaanse bedrijf Cinquina Trasporti e Servizi srl heeft zijn vloot uitgebreid met drie nieuwe Mercedes-Benz Actros ProCabin. Deze investering maakt deel uit van een langdurig partnerschap met Daimler Truck, dat meer dan 30 jaar geleden begon. De samenwerking tussen het bedrijf uit San Salvo in de provincie Chieti en de Duitse fabrikant omvat inmiddels meer dan 110 voertuigen en toont de continu\u00efteit en het vertrouwen dat beide partijen in de relatie hebben.<\/p>\n<h3>Langdurig partnerschap en technologische ontwikkeling<\/h3>\n<p>De geschiedenis van Cinquina Trasporti e Servizi srl gaat terug tot 1959. Het bedrijf heeft zich gespecialiseerd in het transport van goederen en hecht veel waarde aan betrouwbaarheid, veiligheid en kwaliteit. Deze waarden zijn cruciaal om te voldoen aan de eisen van klanten in het nationale en internationale transport. Het partnerschap met Mercedes-Benz Trucks begon met de aankoop van de eerste Mercedes 1844 en is sindsdien continu verder ontwikkeld.<\/p>\n<p>De nieuwe Actros ProCabin-vrachtwagens worden ingezet in de vloot die actief is op de belangrijkste Europese transportroutes. Deze ontwikkeling valt samen met het 30-jarig jubileum van de Actros, die sinds zijn introductie op de IAA in 1996 als maatstaf voor moderne bedrijfsvoertuigen geldt. De Actros kenmerkt zich door uitgebreide elektronische integratie en innovatieve technologie\u00ebn die gericht zijn op het verbeteren van de veiligheid en effici\u00ebntie in het zwaar transport.<\/p>\n<p>Massimo Cinquina, algemeen directeur van Cinquina Trasporti e Servizi srl, benadrukt het belang van de samenwerking met Mercedes-Benz: \u201eDe keuze voor Mercedes-Benz begon meer dan 30 jaar geleden met de eerste Mercedes 1844. Sindsdien hebben we een relatie opgebouwd die gebaseerd is op betrouwbaarheid en kwaliteit.\u201c Hij benadrukt dat de voertuigen van de fabrikant voldoen aan de eisen van het internationale transport en zowel de operationele continu\u00efteit als het comfort voor de chauffeurs waarborgen.<\/p>\n<h3>Groei en effici\u00ebntie in de transportsector<\/h3>\n<p>Cinquina Trasporti e Servizi srl heeft zich in de afgelopen decennia gevestigd als een dynamisch en veelzijdig bedrijf. Met een vloot van 55 eigen voertuigen en een bedrijfsoppervlakte van 34.500 m\u00b2, waarvan 13.500 m\u00b2 overdekt, is het bedrijf in staat om verschillende transportbehoeften te bedienen. Jaarlijks worden ongeveer 30.000 opdrachten verwerkt, waarbij een hoge leverings- en ophaalprestatie van respectievelijk 96,5% en 99% wordt behaald.<\/p>\n<p>Het bedrijf is actief in 14 Europese landen en biedt op maat gemaakte logistieke oplossingen aan. De nauwe samenwerking met partners en het vermogen om zich snel aan te passen aan de veranderende eisen van klanten zijn centrale elementen van de bedrijfsstrategie. \u201eIn het huidige transport is het niet meer voldoende om de goederen van punt A naar punt B te brengen. Het vereist organisatie, controle over de stromen en een structuur die snel kan reageren op klantverzoeken\u201c, legt Cinquina uit.<\/p>\n<h3>Duurzaamheid en technologische innovatie<\/h3>\n<p>Cinquina Trasporti e Servizi srl hecht ook veel waarde aan duurzaamheid in de transportsector. Alle voertuigen voldoen aan de nieuwste milieunormen en zijn uitgerust met Euro-6-motoren. Bovendien zet het bedrijf al meer dan 25 jaar in op intermodale oplossingen om de milieueffecten te minimaliseren. Dit omvat onder andere het gebruik van spoorvervoer voor het transport over de Alpen, wat aanzienlijke CO2-uitstoot bespaart.<\/p>\n<p>De voortdurende investeringen in de vloot, technologie en processen maken deel uit van de bedrijfsstrategie om de effici\u00ebntie en kwaliteit van de diensten te verbeteren. \u201eWe willen blijven groeien zonder de waarden te verliezen die ons altijd hebben geleid: betrouwbaarheid, klantgerichtheid en investeringen in de vloot en technologie\u201c, aldus Massimo Cinquina ter afsluiting.<\/p>\n<p>&nbsp;<\/p>\n<p><a href=\"http:\/\/www.cinquinatrasporti.it\/\" target=\"_blank\" rel=\"noopener noreferrer\">www.cinquinatrasporti.it<\/a><\/p>\n<p>&nbsp;<\/p>\n<p><a href=\"https:\/\/piolanti.com\/\" target=\"_blank\" rel=\"noopener noreferrer\">www.piolanti.com<\/a><\/p>\n<p>&nbsp;<\/p>\n","protected":false},"excerpt":{"rendered":"<p>Cinquina Trasporti e Servizi srl heeft haar vloot uitgebreid met drie nieuwe Mercedes-Benz Actros ProCabin om de effici\u00ebntie en kwaliteit in het transport verder te verhogen.<\/p>\n","protected":false},"author":12,"featured_media":87501,"comment_status":"open","ping_status":"","sticky":false,"template":"","format":"standard","meta":{"_acf_changed":false,"footnotes":""},"categories":[1599,1592],"tags":[43974,43975,43976,43977,3855,13122,43978,43979,43980,18668,43981,43982,43983,43984,13125,1864,10141,36120,4091,18824,2125,30772,5252,5253,43985,13128,4128,2664,1831,43986,43987,43988,43989,43990,1913,43991,43992,2481,2193,3875,3878,10166,1916,2682,5266,43993,4341,30790,30792,2837,4345,18837,3125,2155,1975,18838,1837,36128,43994],"class_list":["post-87507","post","type-post","status-publish","format-standard","has-post-thumbnail","hentry","category-europa","category-intermodaal-weg","tag-30-ans-dactros","tag-30-jahre-actros","tag-30-years-of-actros","tag-betriebsflaeche","tag-co-emissionen-reduzieren","tag-customer-requirements","tag-daimler-truck-partnerschaft","tag-daimler-truck-partnership","tag-deutsch-cinquina-trasporti","tag-efficacite-du-transport","tag-euro-6-engines","tag-euro-6-motoren","tag-europaeische-transportstrecken","tag-european-transport-routes","tag-exigences-des-clients","tag-fahrzeugflotte","tag-fiabilite-dans-le-transport","tag-flotte-de-vehicules","tag-freight-transport","tag-guetertransport","tag-industrie-du-transport","tag-innovation-technologique","tag-intermodal-solutions","tag-intermodale-loesungen","tag-itineraires-de-transport-europeens","tag-kundenanforderungen","tag-logistics-provider","tag-logistics-services","tag-logistikdienstleister","tag-massimo-cinquina","tag-massimo-cinquina-english-cinquina-trasporti","tag-massimo-cinquina-francais-cinquina-trasporti","tag-mercedes-benz-actros","tag-moteurs-euro-6","tag-nachhaltiger-transport","tag-operational-area","tag-partenariat-daimler-truck","tag-prestataire-logistique","tag-rail-freight-transport","tag-reduce-co-emissions","tag-reduire-les-emissions-de-co","tag-reliability-in-transport","tag-schienengueterverkehr","tag-services-logistiques","tag-solutions-intermodales","tag-surface-operationnelle","tag-sustainable-transport","tag-technological-innovation","tag-technologische-innovation","tag-transport-de-marchandises","tag-transport-durable","tag-transport-efficiency","tag-transport-ferroviaire-de-marchandises","tag-transport-industry","tag-transportdienstleistungen","tag-transporteffizienz","tag-transportwirtschaft","tag-vehicle-fleet","tag-zuverlaessigkeit-im-transport"],"acf":[],"yoast_head":"<!-- This site is optimized with the Yoast SEO plugin v27.3 - https:\/\/yoast.com\/product\/yoast-seo-wordpress\/ -->\n<title>Cinquina breidt elektrische vloot uit - ITJ | International Transport Journal<\/title>\n<meta name=\"robots\" content=\"index, follow, max-snippet:-1, max-image-preview:large, max-video-preview:-1\" \/>\n<link rel=\"canonical\" href=\"https:\/\/transportjournal.com\/nl\/2026\/04\/30\/cinquina-breidt-elektrische-vloot-uit\/\" \/>\n<meta property=\"og:locale\" content=\"nl_NL\" \/>\n<meta property=\"og:type\" content=\"article\" \/>\n<meta property=\"og:title\" content=\"Cinquina breidt elektrische vloot uit - ITJ | International Transport Journal\" \/>\n<meta property=\"og:description\" content=\"Cinquina Trasporti e Servizi srl heeft haar vloot uitgebreid met drie nieuwe Mercedes-Benz Actros ProCabin om de effici\u00ebntie en kwaliteit in het transport verder te verhogen.\" \/>\n<meta property=\"og:url\" content=\"https:\/\/transportjournal.com\/nl\/2026\/04\/30\/cinquina-breidt-elektrische-vloot-uit\/\" \/>\n<meta property=\"og:site_name\" content=\"ITJ | International Transport Journal\" \/>\n<meta property=\"article:published_time\" content=\"2026-04-30T08:54:10+00:00\" \/>\n<meta property=\"article:modified_time\" content=\"2026-04-30T09:30:35+00:00\" \/>\n<meta property=\"og:image\" content=\"https:\/\/transportjournal.com\/wp-content\/uploads\/sites\/2\/2026\/04\/Cinquina-1776670441471.jpg\" \/>\n\t<meta property=\"og:image:width\" content=\"2048\" \/>\n\t<meta property=\"og:image:height\" content=\"1152\" \/>\n\t<meta property=\"og:image:type\" content=\"image\/jpeg\" \/>\n<meta name=\"author\" content=\"Andreas Haug\" \/>\n<meta name=\"twitter:card\" content=\"summary_large_image\" \/>\n<meta name=\"twitter:label1\" content=\"Geschreven door\" \/>\n\t<meta name=\"twitter:data1\" content=\"Andreas Haug\" \/>\n\t<meta name=\"twitter:label2\" content=\"Geschatte leestijd\" \/>\n\t<meta name=\"twitter:data2\" content=\"3 minuut\" \/>\n<script type=\"application\/ld+json\" class=\"yoast-schema-graph\">{\"@context\":\"https:\\\/\\\/schema.org\",\"@graph\":[{\"@type\":\"Article\",\"@id\":\"https:\\\/\\\/transportjournal.com\\\/nl\\\/2026\\\/04\\\/30\\\/cinquina-breidt-elektrische-vloot-uit\\\/#article\",\"isPartOf\":{\"@id\":\"https:\\\/\\\/transportjournal.com\\\/nl\\\/2026\\\/04\\\/30\\\/cinquina-breidt-elektrische-vloot-uit\\\/\"},\"author\":{\"name\":\"Andreas Haug\",\"@id\":\"https:\\\/\\\/transportjournal.com\\\/nl\\\/#\\\/schema\\\/person\\\/cf538b3157f15afd7589245a4b3dbd25\"},\"headline\":\"Cinquina breidt elektrische vloot uit\",\"datePublished\":\"2026-04-30T08:54:10+00:00\",\"dateModified\":\"2026-04-30T09:30:35+00:00\",\"mainEntityOfPage\":{\"@id\":\"https:\\\/\\\/transportjournal.com\\\/nl\\\/2026\\\/04\\\/30\\\/cinquina-breidt-elektrische-vloot-uit\\\/\"},\"wordCount\":567,\"commentCount\":0,\"publisher\":{\"@id\":\"https:\\\/\\\/transportjournal.com\\\/nl\\\/#organization\"},\"image\":{\"@id\":\"https:\\\/\\\/transportjournal.com\\\/nl\\\/2026\\\/04\\\/30\\\/cinquina-breidt-elektrische-vloot-uit\\\/#primaryimage\"},\"thumbnailUrl\":\"https:\\\/\\\/transportjournal.com\\\/wp-content\\\/uploads\\\/sites\\\/2\\\/2026\\\/04\\\/Cinquina-1776670441471.jpg\",\"keywords\":[\"30 ans d'Actros\",\"30 Jahre Actros\",\"30 years of Actros\",\"Betriebsfl\u00e4che\",\"CO\u2082-Emissionen reduzieren\",\"customer requirements\",\"Daimler Truck Partnerschaft\",\"Daimler Truck partnership\",\"Deutsch Cinquina Trasporti\",\"efficacit\u00e9 du transport\",\"Euro-6 engines\",\"Euro-6-Motoren\",\"europ\u00e4ische Transportstrecken\",\"European transport routes\",\"exigences des clients\",\"Fahrzeugflotte\",\"fiabilit\u00e9 dans le transport\",\"flotte de v\u00e9hicules\",\"freight transport\",\"G\u00fctertransport\",\"industrie du transport\",\"innovation technologique\",\"intermodal solutions\",\"intermodale L\u00f6sungen\",\"itin\u00e9raires de transport europ\u00e9ens\",\"Kundenanforderungen\",\"logistics provider\",\"logistics services\",\"Logistikdienstleister\",\"Massimo Cinquina\",\"Massimo Cinquina English Cinquina Trasporti\",\"Massimo Cinquina Fran\u00e7ais Cinquina Trasporti\",\"Mercedes-Benz Actros\",\"moteurs Euro-6\",\"nachhaltiger Transport\",\"operational area\",\"partenariat Daimler Truck\",\"prestataire logistique\",\"rail freight transport\",\"reduce CO\u2082 emissions\",\"r\u00e9duire les \u00e9missions de CO\u2082\",\"reliability in transport\",\"Schieneng\u00fcterverkehr\",\"services logistiques\",\"solutions intermodales\",\"surface op\u00e9rationnelle\",\"sustainable transport\",\"technological innovation\",\"technologische Innovation\",\"transport de marchandises\",\"transport durable\",\"transport efficiency\",\"transport ferroviaire de marchandises\",\"transport industry\",\"Transportdienstleistungen\",\"Transporteffizienz\",\"Transportwirtschaft\",\"vehicle fleet\",\"Zuverl\u00e4ssigkeit im Transport\"],\"articleSection\":[\"Europa\",\"Intermodaal \\\/ Weg\"],\"inLanguage\":\"nl-NL\",\"potentialAction\":[{\"@type\":\"CommentAction\",\"name\":\"Comment\",\"target\":[\"https:\\\/\\\/transportjournal.com\\\/nl\\\/2026\\\/04\\\/30\\\/cinquina-breidt-elektrische-vloot-uit\\\/#respond\"]}]},{\"@type\":\"WebPage\",\"@id\":\"https:\\\/\\\/transportjournal.com\\\/nl\\\/2026\\\/04\\\/30\\\/cinquina-breidt-elektrische-vloot-uit\\\/\",\"url\":\"https:\\\/\\\/transportjournal.com\\\/nl\\\/2026\\\/04\\\/30\\\/cinquina-breidt-elektrische-vloot-uit\\\/\",\"name\":\"Cinquina breidt elektrische vloot uit - ITJ | International Transport Journal\",\"isPartOf\":{\"@id\":\"https:\\\/\\\/transportjournal.com\\\/nl\\\/#website\"},\"primaryImageOfPage\":{\"@id\":\"https:\\\/\\\/transportjournal.com\\\/nl\\\/2026\\\/04\\\/30\\\/cinquina-breidt-elektrische-vloot-uit\\\/#primaryimage\"},\"image\":{\"@id\":\"https:\\\/\\\/transportjournal.com\\\/nl\\\/2026\\\/04\\\/30\\\/cinquina-breidt-elektrische-vloot-uit\\\/#primaryimage\"},\"thumbnailUrl\":\"https:\\\/\\\/transportjournal.com\\\/wp-content\\\/uploads\\\/sites\\\/2\\\/2026\\\/04\\\/Cinquina-1776670441471.jpg\",\"datePublished\":\"2026-04-30T08:54:10+00:00\",\"dateModified\":\"2026-04-30T09:30:35+00:00\",\"breadcrumb\":{\"@id\":\"https:\\\/\\\/transportjournal.com\\\/nl\\\/2026\\\/04\\\/30\\\/cinquina-breidt-elektrische-vloot-uit\\\/#breadcrumb\"},\"inLanguage\":\"nl-NL\",\"potentialAction\":[{\"@type\":\"ReadAction\",\"target\":[\"https:\\\/\\\/transportjournal.com\\\/nl\\\/2026\\\/04\\\/30\\\/cinquina-breidt-elektrische-vloot-uit\\\/\"]}]},{\"@type\":\"ImageObject\",\"inLanguage\":\"nl-NL\",\"@id\":\"https:\\\/\\\/transportjournal.com\\\/nl\\\/2026\\\/04\\\/30\\\/cinquina-breidt-elektrische-vloot-uit\\\/#primaryimage\",\"url\":\"https:\\\/\\\/transportjournal.com\\\/wp-content\\\/uploads\\\/sites\\\/2\\\/2026\\\/04\\\/Cinquina-1776670441471.jpg\",\"contentUrl\":\"https:\\\/\\\/transportjournal.com\\\/wp-content\\\/uploads\\\/sites\\\/2\\\/2026\\\/04\\\/Cinquina-1776670441471.jpg\",\"width\":2048,\"height\":1152},{\"@type\":\"BreadcrumbList\",\"@id\":\"https:\\\/\\\/transportjournal.com\\\/nl\\\/2026\\\/04\\\/30\\\/cinquina-breidt-elektrische-vloot-uit\\\/#breadcrumb\",\"itemListElement\":[{\"@type\":\"ListItem\",\"position\":1,\"name\":\"Startseite\",\"item\":\"https:\\\/\\\/transportjournal.com\\\/nl\\\/\"},{\"@type\":\"ListItem\",\"position\":2,\"name\":\"Cinquina breidt elektrische vloot uit\"}]},{\"@type\":\"WebSite\",\"@id\":\"https:\\\/\\\/transportjournal.com\\\/nl\\\/#website\",\"url\":\"https:\\\/\\\/transportjournal.com\\\/nl\\\/\",\"name\":\"ITJ | International Transport Journal\",\"description\":\"Stay informed with the latest global news from the transport, logistics, and supply chain industries. Transport Journal delivers expert insights, analysis, and updates across shipping, aviation, intermodal, and forwarding.\",\"publisher\":{\"@id\":\"https:\\\/\\\/transportjournal.com\\\/nl\\\/#organization\"},\"potentialAction\":[{\"@type\":\"SearchAction\",\"target\":{\"@type\":\"EntryPoint\",\"urlTemplate\":\"https:\\\/\\\/transportjournal.com\\\/nl\\\/?s={search_term_string}\"},\"query-input\":{\"@type\":\"PropertyValueSpecification\",\"valueRequired\":true,\"valueName\":\"search_term_string\"}}],\"inLanguage\":\"nl-NL\"},{\"@type\":\"Organization\",\"@id\":\"https:\\\/\\\/transportjournal.com\\\/nl\\\/#organization\",\"name\":\"Logismedia Groep AG\",\"alternateName\":\"Logismedia Group AG\",\"url\":\"https:\\\/\\\/transportjournal.com\\\/nl\\\/\",\"logo\":{\"@type\":\"ImageObject\",\"inLanguage\":\"nl-NL\",\"@id\":\"https:\\\/\\\/transportjournal.com\\\/nl\\\/#\\\/schema\\\/logo\\\/image\\\/\",\"url\":\"https:\\\/\\\/transportjournal.com\\\/wp-content\\\/uploads\\\/sites\\\/2\\\/2025\\\/09\\\/Logo_ITJ.png\",\"contentUrl\":\"https:\\\/\\\/transportjournal.com\\\/wp-content\\\/uploads\\\/sites\\\/2\\\/2025\\\/09\\\/Logo_ITJ.png\",\"width\":799,\"height\":326,\"caption\":\"Logismedia Groep AG\"},\"image\":{\"@id\":\"https:\\\/\\\/transportjournal.com\\\/nl\\\/#\\\/schema\\\/logo\\\/image\\\/\"},\"sameAs\":[\"https:\\\/\\\/www.linkedin.com\\\/company\\\/56456496\\\/admin\\\/dashboard\\\/\",\"https:\\\/\\\/www.instagram.com\\\/logismediagroup\\\/\",\"https:\\\/\\\/www.youtube.com\\\/@LogiamediaGroupAG\"]},{\"@type\":\"Person\",\"@id\":\"https:\\\/\\\/transportjournal.com\\\/nl\\\/#\\\/schema\\\/person\\\/cf538b3157f15afd7589245a4b3dbd25\",\"name\":\"Andreas Haug\",\"url\":\"https:\\\/\\\/transportjournal.com\\\/nl\\\/author\\\/andreas\\\/\"}]}<\/script>\n<!-- \/ Yoast SEO plugin. -->","yoast_head_json":{"title":"Cinquina breidt elektrische vloot uit - ITJ | International Transport Journal","robots":{"index":"index","follow":"follow","max-snippet":"max-snippet:-1","max-image-preview":"max-image-preview:large","max-video-preview":"max-video-preview:-1"},"canonical":"https:\/\/transportjournal.com\/nl\/2026\/04\/30\/cinquina-breidt-elektrische-vloot-uit\/","og_locale":"nl_NL","og_type":"article","og_title":"Cinquina breidt elektrische vloot uit - ITJ | International Transport Journal","og_description":"Cinquina Trasporti e Servizi srl heeft haar vloot uitgebreid met drie nieuwe Mercedes-Benz Actros ProCabin om de effici\u00ebntie en kwaliteit in het transport verder te verhogen.","og_url":"https:\/\/transportjournal.com\/nl\/2026\/04\/30\/cinquina-breidt-elektrische-vloot-uit\/","og_site_name":"ITJ | International Transport Journal","article_published_time":"2026-04-30T08:54:10+00:00","article_modified_time":"2026-04-30T09:30:35+00:00","og_image":[{"width":2048,"height":1152,"url":"https:\/\/transportjournal.com\/wp-content\/uploads\/sites\/2\/2026\/04\/Cinquina-1776670441471.jpg","type":"image\/jpeg"}],"author":"Andreas Haug","twitter_card":"summary_large_image","twitter_misc":{"Geschreven door":"Andreas Haug","Geschatte leestijd":"3 minuut"},"schema":{"@context":"https:\/\/schema.org","@graph":[{"@type":"Article","@id":"https:\/\/transportjournal.com\/nl\/2026\/04\/30\/cinquina-breidt-elektrische-vloot-uit\/#article","isPartOf":{"@id":"https:\/\/transportjournal.com\/nl\/2026\/04\/30\/cinquina-breidt-elektrische-vloot-uit\/"},"author":{"name":"Andreas Haug","@id":"https:\/\/transportjournal.com\/nl\/#\/schema\/person\/cf538b3157f15afd7589245a4b3dbd25"},"headline":"Cinquina breidt elektrische vloot uit","datePublished":"2026-04-30T08:54:10+00:00","dateModified":"2026-04-30T09:30:35+00:00","mainEntityOfPage":{"@id":"https:\/\/transportjournal.com\/nl\/2026\/04\/30\/cinquina-breidt-elektrische-vloot-uit\/"},"wordCount":567,"commentCount":0,"publisher":{"@id":"https:\/\/transportjournal.com\/nl\/#organization"},"image":{"@id":"https:\/\/transportjournal.com\/nl\/2026\/04\/30\/cinquina-breidt-elektrische-vloot-uit\/#primaryimage"},"thumbnailUrl":"https:\/\/transportjournal.com\/wp-content\/uploads\/sites\/2\/2026\/04\/Cinquina-1776670441471.jpg","keywords":["30 ans d'Actros","30 Jahre Actros","30 years of Actros","Betriebsfl\u00e4che","CO\u2082-Emissionen reduzieren","customer requirements","Daimler Truck Partnerschaft","Daimler Truck partnership","Deutsch Cinquina Trasporti","efficacit\u00e9 du transport","Euro-6 engines","Euro-6-Motoren","europ\u00e4ische Transportstrecken","European transport routes","exigences des clients","Fahrzeugflotte","fiabilit\u00e9 dans le transport","flotte de v\u00e9hicules","freight transport","G\u00fctertransport","industrie du transport","innovation technologique","intermodal solutions","intermodale L\u00f6sungen","itin\u00e9raires de transport europ\u00e9ens","Kundenanforderungen","logistics provider","logistics services","Logistikdienstleister","Massimo Cinquina","Massimo Cinquina English Cinquina Trasporti","Massimo Cinquina Fran\u00e7ais Cinquina Trasporti","Mercedes-Benz Actros","moteurs Euro-6","nachhaltiger Transport","operational area","partenariat Daimler Truck","prestataire logistique","rail freight transport","reduce CO\u2082 emissions","r\u00e9duire les \u00e9missions de CO\u2082","reliability in transport","Schieneng\u00fcterverkehr","services logistiques","solutions intermodales","surface op\u00e9rationnelle","sustainable transport","technological innovation","technologische Innovation","transport de marchandises","transport durable","transport efficiency","transport ferroviaire de marchandises","transport industry","Transportdienstleistungen","Transporteffizienz","Transportwirtschaft","vehicle fleet","Zuverl\u00e4ssigkeit im Transport"],"articleSection":["Europa","Intermodaal \/ Weg"],"inLanguage":"nl-NL","potentialAction":[{"@type":"CommentAction","name":"Comment","target":["https:\/\/transportjournal.com\/nl\/2026\/04\/30\/cinquina-breidt-elektrische-vloot-uit\/#respond"]}]},{"@type":"WebPage","@id":"https:\/\/transportjournal.com\/nl\/2026\/04\/30\/cinquina-breidt-elektrische-vloot-uit\/","url":"https:\/\/transportjournal.com\/nl\/2026\/04\/30\/cinquina-breidt-elektrische-vloot-uit\/","name":"Cinquina breidt elektrische vloot uit - ITJ | International Transport Journal","isPartOf":{"@id":"https:\/\/transportjournal.com\/nl\/#website"},"primaryImageOfPage":{"@id":"https:\/\/transportjournal.com\/nl\/2026\/04\/30\/cinquina-breidt-elektrische-vloot-uit\/#primaryimage"},"image":{"@id":"https:\/\/transportjournal.com\/nl\/2026\/04\/30\/cinquina-breidt-elektrische-vloot-uit\/#primaryimage"},"thumbnailUrl":"https:\/\/transportjournal.com\/wp-content\/uploads\/sites\/2\/2026\/04\/Cinquina-1776670441471.jpg","datePublished":"2026-04-30T08:54:10+00:00","dateModified":"2026-04-30T09:30:35+00:00","breadcrumb":{"@id":"https:\/\/transportjournal.com\/nl\/2026\/04\/30\/cinquina-breidt-elektrische-vloot-uit\/#breadcrumb"},"inLanguage":"nl-NL","potentialAction":[{"@type":"ReadAction","target":["https:\/\/transportjournal.com\/nl\/2026\/04\/30\/cinquina-breidt-elektrische-vloot-uit\/"]}]},{"@type":"ImageObject","inLanguage":"nl-NL","@id":"https:\/\/transportjournal.com\/nl\/2026\/04\/30\/cinquina-breidt-elektrische-vloot-uit\/#primaryimage","url":"https:\/\/transportjournal.com\/wp-content\/uploads\/sites\/2\/2026\/04\/Cinquina-1776670441471.jpg","contentUrl":"https:\/\/transportjournal.com\/wp-content\/uploads\/sites\/2\/2026\/04\/Cinquina-1776670441471.jpg","width":2048,"height":1152},{"@type":"BreadcrumbList","@id":"https:\/\/transportjournal.com\/nl\/2026\/04\/30\/cinquina-breidt-elektrische-vloot-uit\/#breadcrumb","itemListElement":[{"@type":"ListItem","position":1,"name":"Startseite","item":"https:\/\/transportjournal.com\/nl\/"},{"@type":"ListItem","position":2,"name":"Cinquina breidt elektrische vloot uit"}]},{"@type":"WebSite","@id":"https:\/\/transportjournal.com\/nl\/#website","url":"https:\/\/transportjournal.com\/nl\/","name":"ITJ | International Transport Journal","description":"Stay informed with the latest global news from the transport, logistics, and supply chain industries. Transport Journal delivers expert insights, analysis, and updates across shipping, aviation, intermodal, and forwarding.","publisher":{"@id":"https:\/\/transportjournal.com\/nl\/#organization"},"potentialAction":[{"@type":"SearchAction","target":{"@type":"EntryPoint","urlTemplate":"https:\/\/transportjournal.com\/nl\/?s={search_term_string}"},"query-input":{"@type":"PropertyValueSpecification","valueRequired":true,"valueName":"search_term_string"}}],"inLanguage":"nl-NL"},{"@type":"Organization","@id":"https:\/\/transportjournal.com\/nl\/#organization","name":"Logismedia Groep AG","alternateName":"Logismedia Group AG","url":"https:\/\/transportjournal.com\/nl\/","logo":{"@type":"ImageObject","inLanguage":"nl-NL","@id":"https:\/\/transportjournal.com\/nl\/#\/schema\/logo\/image\/","url":"https:\/\/transportjournal.com\/wp-content\/uploads\/sites\/2\/2025\/09\/Logo_ITJ.png","contentUrl":"https:\/\/transportjournal.com\/wp-content\/uploads\/sites\/2\/2025\/09\/Logo_ITJ.png","width":799,"height":326,"caption":"Logismedia Groep AG"},"image":{"@id":"https:\/\/transportjournal.com\/nl\/#\/schema\/logo\/image\/"},"sameAs":["https:\/\/www.linkedin.com\/company\/56456496\/admin\/dashboard\/","https:\/\/www.instagram.com\/logismediagroup\/","https:\/\/www.youtube.com\/@LogiamediaGroupAG"]},{"@type":"Person","@id":"https:\/\/transportjournal.com\/nl\/#\/schema\/person\/cf538b3157f15afd7589245a4b3dbd25","name":"Andreas Haug","url":"https:\/\/transportjournal.com\/nl\/author\/andreas\/"}]}},"_links":{"self":[{"href":"https:\/\/transportjournal.com\/nl\/wp-json\/wp\/v2\/posts\/87507","targetHints":{"allow":["GET"]}}],"collection":[{"href":"https:\/\/transportjournal.com\/nl\/wp-json\/wp\/v2\/posts"}],"about":[{"href":"https:\/\/transportjournal.com\/nl\/wp-json\/wp\/v2\/types\/post"}],"author":[{"embeddable":true,"href":"https:\/\/transportjournal.com\/nl\/wp-json\/wp\/v2\/users\/12"}],"replies":[{"embeddable":true,"href":"https:\/\/transportjournal.com\/nl\/wp-json\/wp\/v2\/comments?post=87507"}],"version-history":[{"count":1,"href":"https:\/\/transportjournal.com\/nl\/wp-json\/wp\/v2\/posts\/87507\/revisions"}],"predecessor-version":[{"id":87514,"href":"https:\/\/transportjournal.com\/nl\/wp-json\/wp\/v2\/posts\/87507\/revisions\/87514"}],"wp:featuredmedia":[{"embeddable":true,"href":"https:\/\/transportjournal.com\/nl\/wp-json\/wp\/v2\/media\/87501"}],"wp:attachment":[{"href":"https:\/\/transportjournal.com\/nl\/wp-json\/wp\/v2\/media?parent=87507"}],"wp:term":[{"taxonomy":"category","embeddable":true,"href":"https:\/\/transportjournal.com\/nl\/wp-json\/wp\/v2\/categories?post=87507"},{"taxonomy":"post_tag","embeddable":true,"href":"https:\/\/transportjournal.com\/nl\/wp-json\/wp\/v2\/tags?post=87507"}],"curies":[{"name":"wp","href":"https:\/\/api.w.org\/{rel}","templated":true}]}}