{"id":87435,"date":"2026-04-30T07:19:34","date_gmt":"2026-04-30T07:19:34","guid":{"rendered":"https:\/\/transportjournal.com\/2026\/04\/30\/wfs-en-kuehnenagel-breiden-partnerschap-in-frankfurt-uit\/"},"modified":"2026-04-30T07:19:34","modified_gmt":"2026-04-30T07:19:34","slug":"wfs-en-kuehnenagel-breiden-partnerschap-in-frankfurt-uit","status":"publish","type":"post","link":"https:\/\/transportjournal.com\/nl\/2026\/04\/30\/wfs-en-kuehnenagel-breiden-partnerschap-in-frankfurt-uit\/","title":{"rendered":"WFS en Kuehne+Nagel breiden partnerschap in Frankfurt uit"},"content":{"rendered":"<p>Worldwide Flight Services (WFS), een bedrijf van de SATS-groep, heeft een contract ondertekend met Kuehne+Nagel om vrachtafhandelingsdiensten op de luchthaven Frankfurt aan te bieden. Deze luchthaven wordt beschouwd als het grootste luchtvrachtknooppunt in Europa. De overeenkomst volgt op de investeringen van WFS in twee magazijnen en twee kantoorgebouwen op een terrein van 24.000 m\u00b2 binnen de Cargo City South van de luchthaven, die in december in gebruik zijn genomen. De nieuwe faciliteiten zijn uitgerust met systemen voor de afhandeling van ULD (Unit Load Devices) en met volume- en dimensiescanners om de afhandeling van zendingen te versnellen. Jaarlijks kunnen hier tot 100.000 ton import- en exportvracht voor klanten die gebruikmaken van de gespecialiseerde E-commerce- en vrachtafhandelingsdiensten (EFFH) van WFS worden verwerkt.<\/p>\n<h3>Uitbreiding van de samenwerking in Frankfurt<\/h3>\n<p>Bert Selis, VP Business Development E-Commerce &amp; Freight Forwarding Handling EMEAA, sprak over de samenwerking: \u201eKuehne+Nagel is een belangrijke en gewaardeerde partner van SATS en WFS. We zijn trots om onze wereldwijde samenwerking in Frankfurt uit te breiden, wat mogelijk is gemaakt door de introductie van onze E-commerce- en vrachtafhandelingsdiensten in onze nieuwe faciliteiten op de luchthaven.\u201c Selis benadrukte dat de EFFH-diensten centraal staan in de groeistrategie van SATS\/WFS en gericht zijn op het bieden van duidelijke operationele en kostenvoordelen voor groeiende logistieke aanbieders, wat Kuehne+Nagel met dit nieuwe contract heeft erkend.<\/p>\n<p>Martin Schaefer, SVP Air Logistics Germany bij Kuehne+Nagel, voegde toe: \u201eWe zijn verheugd om onze samenwerking met WFS in Frankfurt uit te breiden. Frankfurt is een belangrijk knooppunt binnen het Kuehne+Nagel-luchtvrachtnetwerk. Samen kunnen we import en export versnellen door de afhandelings- en verwerkingstijden te verkorten, om de vrachtstromen voor onze klanten te optimaliseren.\u201c<\/p>\n<p>Namens Kuehne+Nagel neemt WFS niet alleen de afhandeling van importleveringen voor zijn rekening, maar ook de registratie van gewicht en afmetingen van exportleveringen, evenals de verzekering en beschikbaarstelling van de goederen voor transport. Tot de aanvullende diensten behoren vrachtlabeling, de consolidatie van HAWB (House Air Waybill) in Master Air Waybill (MAWB), de opbouw van ULD&#8217;s en speciale transportshuttles naar de grondafhandelingsbedrijven en luchtvaartmaatschappijen voor vertrekkende vluchten. Naast Frankfurt omvat het netwerk van EFFH-service-locaties van WFS ook Amsterdam, Brussel, Kopenhagen, Dublin, Luik, Londen, Madrid, Stockholm en twaalf luchthavens in Frankrijk, waaronder Parijs CDG.<\/p>\n<p>&nbsp;<\/p>\n<p><a href=\"https:\/\/www.wfs.aero\/\" target=\"_blank\" rel=\"noopener noreferrer\">www.wfs.aero<\/a><\/p>\n<p>&nbsp;<\/p>\n<p><a href=\"https:\/\/www.kuehne-nagel.com\/\" target=\"_blank\" rel=\"noopener noreferrer\">www.kuehne-nagel.com<\/a><\/p>\n<p>&nbsp;<\/p>\n","protected":false},"excerpt":{"rendered":"<p>Worldwide Flight Services heeft een contract met Kuehne+Nagel ondertekend voor de vrachtafhandeling op de luchthaven Frankfurt om de effici\u00ebntie in het luchtvrachtverkeer te verhogen.<\/p>\n","protected":false},"author":12,"featured_media":87429,"comment_status":"open","ping_status":"","sticky":false,"template":"","format":"standard","meta":{"_acf_changed":false,"footnotes":""},"categories":[9092,1599,1593,1594],"tags":[43812,43813,43814,43815,23637,43816,13633,2115,2116,5090,5091,43817,43818,43819,43820,43821,43822,43823,43824,43825,43826,43827,43828,2123,43829,43830,43831,43832,43833,10645,43834,12122,43835,43836,43837,5108,43838,43839,5112,3157,43840,43841,43842,43843,43844,5119,2106,5120,43845,13813,8592,43846,13598],"class_list":["post-87435","post","type-post","status-publish","format-standard","has-post-thumbnail","hentry","category-deutschland","category-europa","category-expeditie-logistiek","category-luchtvracht","tag-abfertigungszeiten-optimieren","tag-accelerate-freight-flows-francais-wfs","tag-accelerer-les-flux-de-fret","tag-air-freight-hub-europe","tag-cargo-city-south","tag-consolidation-hawb-mawb","tag-deutsch-wfs","tag-digitalisierung-in-der-logistik","tag-digitalization-in-logistics","tag-e-commerce-logistics","tag-e-commerce-logistik","tag-etiquetage-de-fret","tag-flughafen-frankfurt-fracht","tag-frachtabfertigung-frankfurt","tag-frachtbeschriftung","tag-frachtlogistik-dienstleistungen","tag-frachtstroeme-beschleunigen-english-wfs","tag-frankfurt-airport-freight","tag-freight-handling-frankfurt","tag-freight-labeling","tag-freight-logistics-services","tag-fret-aeroport-francfort","tag-fret-import-export","tag-gestion-de-la-chaine-dapprovisionnement","tag-hawb-mawb-consolidation","tag-hawb-mawb-konsolidierung","tag-hub-de-fret-aerien-europe","tag-import-export-fracht","tag-import-export-freight","tag-industrie-du-transport-allemagne","tag-kuehnenagel-logistics-network","tag-kuehnenagel","tag-logistics-providers-frankfurt","tag-logistikdienstleister-frankfurt","tag-logistiknetzwerk-kuehnenagel","tag-logistique-e-commerce","tag-luftfracht-drehkreuz-europa","tag-manipulation-uld","tag-nachhaltige-logistikloesungen","tag-numerisation-dans-la-logistique","tag-optimiser-les-temps-de-traitement","tag-optimize-handling-times","tag-prestataires-logistiques-francfort","tag-reseau-logistique-kuehnenagel","tag-services-logistiques-de-fret","tag-solutions-logistiques-durables","tag-supply-chain-management","tag-sustainable-logistics-solutions","tag-traitement-de-fret-francfort","tag-transport-industry-germany","tag-transportwirtschaft-deutschland","tag-uld-handhabung","tag-uld-handling"],"acf":[],"yoast_head":"<!-- This site is optimized with the Yoast SEO plugin v27.3 - https:\/\/yoast.com\/product\/yoast-seo-wordpress\/ -->\n<title>WFS en Kuehne+Nagel breiden partnerschap in Frankfurt uit - ITJ | International Transport Journal<\/title>\n<meta name=\"robots\" content=\"index, follow, max-snippet:-1, max-image-preview:large, max-video-preview:-1\" \/>\n<link rel=\"canonical\" href=\"https:\/\/transportjournal.com\/nl\/2026\/04\/30\/wfs-en-kuehnenagel-breiden-partnerschap-in-frankfurt-uit\/\" \/>\n<meta property=\"og:locale\" content=\"nl_NL\" \/>\n<meta property=\"og:type\" content=\"article\" \/>\n<meta property=\"og:title\" content=\"WFS en Kuehne+Nagel breiden partnerschap in Frankfurt uit - ITJ | International Transport Journal\" \/>\n<meta property=\"og:description\" content=\"Worldwide Flight Services heeft een contract met Kuehne+Nagel ondertekend voor de vrachtafhandeling op de luchthaven Frankfurt om de effici\u00ebntie in het luchtvrachtverkeer te verhogen.\" \/>\n<meta property=\"og:url\" content=\"https:\/\/transportjournal.com\/nl\/2026\/04\/30\/wfs-en-kuehnenagel-breiden-partnerschap-in-frankfurt-uit\/\" \/>\n<meta property=\"og:site_name\" content=\"ITJ | International Transport Journal\" \/>\n<meta property=\"article:published_time\" content=\"2026-04-30T07:19:34+00:00\" \/>\n<meta property=\"og:image\" content=\"https:\/\/transportjournal.com\/wp-content\/uploads\/sites\/2\/2026\/04\/WFS-PR-MXP-aspect-ratio-1400-788.png\" \/>\n\t<meta property=\"og:image:width\" content=\"1245\" \/>\n\t<meta property=\"og:image:height\" content=\"701\" \/>\n\t<meta property=\"og:image:type\" content=\"image\/png\" \/>\n<meta name=\"author\" content=\"Andreas Haug\" \/>\n<meta name=\"twitter:card\" content=\"summary_large_image\" \/>\n<meta name=\"twitter:label1\" content=\"Geschreven door\" \/>\n\t<meta name=\"twitter:data1\" content=\"Andreas Haug\" \/>\n\t<meta name=\"twitter:label2\" content=\"Geschatte leestijd\" \/>\n\t<meta name=\"twitter:data2\" content=\"2 minuut\" \/>\n<script type=\"application\/ld+json\" class=\"yoast-schema-graph\">{\"@context\":\"https:\\\/\\\/schema.org\",\"@graph\":[{\"@type\":\"Article\",\"@id\":\"https:\\\/\\\/transportjournal.com\\\/nl\\\/2026\\\/04\\\/30\\\/wfs-en-kuehnenagel-breiden-partnerschap-in-frankfurt-uit\\\/#article\",\"isPartOf\":{\"@id\":\"https:\\\/\\\/transportjournal.com\\\/nl\\\/2026\\\/04\\\/30\\\/wfs-en-kuehnenagel-breiden-partnerschap-in-frankfurt-uit\\\/\"},\"author\":{\"name\":\"Andreas Haug\",\"@id\":\"https:\\\/\\\/transportjournal.com\\\/nl\\\/#\\\/schema\\\/person\\\/cf538b3157f15afd7589245a4b3dbd25\"},\"headline\":\"WFS en Kuehne+Nagel breiden partnerschap in Frankfurt uit\",\"datePublished\":\"2026-04-30T07:19:34+00:00\",\"mainEntityOfPage\":{\"@id\":\"https:\\\/\\\/transportjournal.com\\\/nl\\\/2026\\\/04\\\/30\\\/wfs-en-kuehnenagel-breiden-partnerschap-in-frankfurt-uit\\\/\"},\"wordCount\":387,\"commentCount\":0,\"publisher\":{\"@id\":\"https:\\\/\\\/transportjournal.com\\\/nl\\\/#organization\"},\"image\":{\"@id\":\"https:\\\/\\\/transportjournal.com\\\/nl\\\/2026\\\/04\\\/30\\\/wfs-en-kuehnenagel-breiden-partnerschap-in-frankfurt-uit\\\/#primaryimage\"},\"thumbnailUrl\":\"https:\\\/\\\/transportjournal.com\\\/wp-content\\\/uploads\\\/sites\\\/2\\\/2026\\\/04\\\/WFS-PR-MXP-aspect-ratio-1400-788.png\",\"keywords\":[\"Abfertigungszeiten optimieren\",\"accelerate freight flows Fran\u00e7ais WFS\",\"acc\u00e9l\u00e9rer les flux de fret\",\"air freight hub Europe\",\"Cargo City South\",\"consolidation HAWB MAWB\",\"Deutsch WFS\",\"Digitalisierung in der Logistik\",\"digitalization in logistics\",\"e-commerce logistics\",\"E-Commerce Logistik\",\"\u00e9tiquetage de fret\",\"Flughafen Frankfurt Fracht\",\"Frachtabfertigung Frankfurt\",\"Frachtbeschriftung\",\"Frachtlogistik Dienstleistungen\",\"Frachtstr\u00f6me beschleunigen English WFS\",\"Frankfurt airport freight\",\"freight handling Frankfurt\",\"freight labeling\",\"freight logistics services\",\"fret a\u00e9roport Francfort\",\"fret import export\",\"gestion de la cha\u00eene d'approvisionnement\",\"HAWB MAWB consolidation\",\"HAWB MAWB Konsolidierung\",\"hub de fret a\u00e9rien Europe\",\"Import Export Fracht\",\"import export freight\",\"industrie du transport Allemagne\",\"Kuehne+Nagel logistics network\",\"K\u00fchne+Nagel\",\"logistics providers Frankfurt\",\"Logistikdienstleister Frankfurt\",\"Logistiknetzwerk Kuehne+Nagel\",\"logistique e-commerce\",\"Luftfracht-Drehkreuz Europa\",\"manipulation ULD\",\"nachhaltige Logistikl\u00f6sungen\",\"num\u00e9risation dans la logistique\",\"optimiser les temps de traitement\",\"optimize handling times\",\"prestataires logistiques Francfort\",\"r\u00e9seau logistique Kuehne+Nagel\",\"services logistiques de fret\",\"solutions logistiques durables\",\"Supply Chain Management\",\"sustainable logistics solutions\",\"traitement de fret Francfort\",\"transport industry Germany\",\"Transportwirtschaft Deutschland\",\"ULD Handhabung\",\"ULD Handling\"],\"articleSection\":[\"Deutschland\",\"Europa\",\"Expeditie &amp; Logistiek\",\"Luchtvracht\"],\"inLanguage\":\"nl-NL\",\"potentialAction\":[{\"@type\":\"CommentAction\",\"name\":\"Comment\",\"target\":[\"https:\\\/\\\/transportjournal.com\\\/nl\\\/2026\\\/04\\\/30\\\/wfs-en-kuehnenagel-breiden-partnerschap-in-frankfurt-uit\\\/#respond\"]}]},{\"@type\":\"WebPage\",\"@id\":\"https:\\\/\\\/transportjournal.com\\\/nl\\\/2026\\\/04\\\/30\\\/wfs-en-kuehnenagel-breiden-partnerschap-in-frankfurt-uit\\\/\",\"url\":\"https:\\\/\\\/transportjournal.com\\\/nl\\\/2026\\\/04\\\/30\\\/wfs-en-kuehnenagel-breiden-partnerschap-in-frankfurt-uit\\\/\",\"name\":\"WFS en Kuehne+Nagel breiden partnerschap in Frankfurt uit - ITJ | International Transport Journal\",\"isPartOf\":{\"@id\":\"https:\\\/\\\/transportjournal.com\\\/nl\\\/#website\"},\"primaryImageOfPage\":{\"@id\":\"https:\\\/\\\/transportjournal.com\\\/nl\\\/2026\\\/04\\\/30\\\/wfs-en-kuehnenagel-breiden-partnerschap-in-frankfurt-uit\\\/#primaryimage\"},\"image\":{\"@id\":\"https:\\\/\\\/transportjournal.com\\\/nl\\\/2026\\\/04\\\/30\\\/wfs-en-kuehnenagel-breiden-partnerschap-in-frankfurt-uit\\\/#primaryimage\"},\"thumbnailUrl\":\"https:\\\/\\\/transportjournal.com\\\/wp-content\\\/uploads\\\/sites\\\/2\\\/2026\\\/04\\\/WFS-PR-MXP-aspect-ratio-1400-788.png\",\"datePublished\":\"2026-04-30T07:19:34+00:00\",\"breadcrumb\":{\"@id\":\"https:\\\/\\\/transportjournal.com\\\/nl\\\/2026\\\/04\\\/30\\\/wfs-en-kuehnenagel-breiden-partnerschap-in-frankfurt-uit\\\/#breadcrumb\"},\"inLanguage\":\"nl-NL\",\"potentialAction\":[{\"@type\":\"ReadAction\",\"target\":[\"https:\\\/\\\/transportjournal.com\\\/nl\\\/2026\\\/04\\\/30\\\/wfs-en-kuehnenagel-breiden-partnerschap-in-frankfurt-uit\\\/\"]}]},{\"@type\":\"ImageObject\",\"inLanguage\":\"nl-NL\",\"@id\":\"https:\\\/\\\/transportjournal.com\\\/nl\\\/2026\\\/04\\\/30\\\/wfs-en-kuehnenagel-breiden-partnerschap-in-frankfurt-uit\\\/#primaryimage\",\"url\":\"https:\\\/\\\/transportjournal.com\\\/wp-content\\\/uploads\\\/sites\\\/2\\\/2026\\\/04\\\/WFS-PR-MXP-aspect-ratio-1400-788.png\",\"contentUrl\":\"https:\\\/\\\/transportjournal.com\\\/wp-content\\\/uploads\\\/sites\\\/2\\\/2026\\\/04\\\/WFS-PR-MXP-aspect-ratio-1400-788.png\",\"width\":1245,\"height\":701},{\"@type\":\"BreadcrumbList\",\"@id\":\"https:\\\/\\\/transportjournal.com\\\/nl\\\/2026\\\/04\\\/30\\\/wfs-en-kuehnenagel-breiden-partnerschap-in-frankfurt-uit\\\/#breadcrumb\",\"itemListElement\":[{\"@type\":\"ListItem\",\"position\":1,\"name\":\"Startseite\",\"item\":\"https:\\\/\\\/transportjournal.com\\\/nl\\\/\"},{\"@type\":\"ListItem\",\"position\":2,\"name\":\"WFS en Kuehne+Nagel breiden partnerschap in Frankfurt uit\"}]},{\"@type\":\"WebSite\",\"@id\":\"https:\\\/\\\/transportjournal.com\\\/nl\\\/#website\",\"url\":\"https:\\\/\\\/transportjournal.com\\\/nl\\\/\",\"name\":\"ITJ | International Transport Journal\",\"description\":\"Stay informed with the latest global news from the transport, logistics, and supply chain industries. Transport Journal delivers expert insights, analysis, and updates across shipping, aviation, intermodal, and forwarding.\",\"publisher\":{\"@id\":\"https:\\\/\\\/transportjournal.com\\\/nl\\\/#organization\"},\"potentialAction\":[{\"@type\":\"SearchAction\",\"target\":{\"@type\":\"EntryPoint\",\"urlTemplate\":\"https:\\\/\\\/transportjournal.com\\\/nl\\\/?s={search_term_string}\"},\"query-input\":{\"@type\":\"PropertyValueSpecification\",\"valueRequired\":true,\"valueName\":\"search_term_string\"}}],\"inLanguage\":\"nl-NL\"},{\"@type\":\"Organization\",\"@id\":\"https:\\\/\\\/transportjournal.com\\\/nl\\\/#organization\",\"name\":\"Logismedia Groep AG\",\"alternateName\":\"Logismedia Group AG\",\"url\":\"https:\\\/\\\/transportjournal.com\\\/nl\\\/\",\"logo\":{\"@type\":\"ImageObject\",\"inLanguage\":\"nl-NL\",\"@id\":\"https:\\\/\\\/transportjournal.com\\\/nl\\\/#\\\/schema\\\/logo\\\/image\\\/\",\"url\":\"https:\\\/\\\/transportjournal.com\\\/wp-content\\\/uploads\\\/sites\\\/2\\\/2025\\\/09\\\/Logo_ITJ.png\",\"contentUrl\":\"https:\\\/\\\/transportjournal.com\\\/wp-content\\\/uploads\\\/sites\\\/2\\\/2025\\\/09\\\/Logo_ITJ.png\",\"width\":799,\"height\":326,\"caption\":\"Logismedia Groep AG\"},\"image\":{\"@id\":\"https:\\\/\\\/transportjournal.com\\\/nl\\\/#\\\/schema\\\/logo\\\/image\\\/\"},\"sameAs\":[\"https:\\\/\\\/www.linkedin.com\\\/company\\\/56456496\\\/admin\\\/dashboard\\\/\",\"https:\\\/\\\/www.instagram.com\\\/logismediagroup\\\/\",\"https:\\\/\\\/www.youtube.com\\\/@LogiamediaGroupAG\"]},{\"@type\":\"Person\",\"@id\":\"https:\\\/\\\/transportjournal.com\\\/nl\\\/#\\\/schema\\\/person\\\/cf538b3157f15afd7589245a4b3dbd25\",\"name\":\"Andreas Haug\",\"url\":\"https:\\\/\\\/transportjournal.com\\\/nl\\\/author\\\/andreas\\\/\"}]}<\/script>\n<!-- \/ Yoast SEO plugin. -->","yoast_head_json":{"title":"WFS en Kuehne+Nagel breiden partnerschap in Frankfurt uit - ITJ | International Transport Journal","robots":{"index":"index","follow":"follow","max-snippet":"max-snippet:-1","max-image-preview":"max-image-preview:large","max-video-preview":"max-video-preview:-1"},"canonical":"https:\/\/transportjournal.com\/nl\/2026\/04\/30\/wfs-en-kuehnenagel-breiden-partnerschap-in-frankfurt-uit\/","og_locale":"nl_NL","og_type":"article","og_title":"WFS en Kuehne+Nagel breiden partnerschap in Frankfurt uit - ITJ | International Transport Journal","og_description":"Worldwide Flight Services heeft een contract met Kuehne+Nagel ondertekend voor de vrachtafhandeling op de luchthaven Frankfurt om de effici\u00ebntie in het luchtvrachtverkeer te verhogen.","og_url":"https:\/\/transportjournal.com\/nl\/2026\/04\/30\/wfs-en-kuehnenagel-breiden-partnerschap-in-frankfurt-uit\/","og_site_name":"ITJ | International Transport Journal","article_published_time":"2026-04-30T07:19:34+00:00","og_image":[{"width":1245,"height":701,"url":"https:\/\/transportjournal.com\/wp-content\/uploads\/sites\/2\/2026\/04\/WFS-PR-MXP-aspect-ratio-1400-788.png","type":"image\/png"}],"author":"Andreas Haug","twitter_card":"summary_large_image","twitter_misc":{"Geschreven door":"Andreas Haug","Geschatte leestijd":"2 minuut"},"schema":{"@context":"https:\/\/schema.org","@graph":[{"@type":"Article","@id":"https:\/\/transportjournal.com\/nl\/2026\/04\/30\/wfs-en-kuehnenagel-breiden-partnerschap-in-frankfurt-uit\/#article","isPartOf":{"@id":"https:\/\/transportjournal.com\/nl\/2026\/04\/30\/wfs-en-kuehnenagel-breiden-partnerschap-in-frankfurt-uit\/"},"author":{"name":"Andreas Haug","@id":"https:\/\/transportjournal.com\/nl\/#\/schema\/person\/cf538b3157f15afd7589245a4b3dbd25"},"headline":"WFS en Kuehne+Nagel breiden partnerschap in Frankfurt uit","datePublished":"2026-04-30T07:19:34+00:00","mainEntityOfPage":{"@id":"https:\/\/transportjournal.com\/nl\/2026\/04\/30\/wfs-en-kuehnenagel-breiden-partnerschap-in-frankfurt-uit\/"},"wordCount":387,"commentCount":0,"publisher":{"@id":"https:\/\/transportjournal.com\/nl\/#organization"},"image":{"@id":"https:\/\/transportjournal.com\/nl\/2026\/04\/30\/wfs-en-kuehnenagel-breiden-partnerschap-in-frankfurt-uit\/#primaryimage"},"thumbnailUrl":"https:\/\/transportjournal.com\/wp-content\/uploads\/sites\/2\/2026\/04\/WFS-PR-MXP-aspect-ratio-1400-788.png","keywords":["Abfertigungszeiten optimieren","accelerate freight flows Fran\u00e7ais WFS","acc\u00e9l\u00e9rer les flux de fret","air freight hub Europe","Cargo City South","consolidation HAWB MAWB","Deutsch WFS","Digitalisierung in der Logistik","digitalization in logistics","e-commerce logistics","E-Commerce Logistik","\u00e9tiquetage de fret","Flughafen Frankfurt Fracht","Frachtabfertigung Frankfurt","Frachtbeschriftung","Frachtlogistik Dienstleistungen","Frachtstr\u00f6me beschleunigen English WFS","Frankfurt airport freight","freight handling Frankfurt","freight labeling","freight logistics services","fret a\u00e9roport Francfort","fret import export","gestion de la cha\u00eene d'approvisionnement","HAWB MAWB consolidation","HAWB MAWB Konsolidierung","hub de fret a\u00e9rien Europe","Import Export Fracht","import export freight","industrie du transport Allemagne","Kuehne+Nagel logistics network","K\u00fchne+Nagel","logistics providers Frankfurt","Logistikdienstleister Frankfurt","Logistiknetzwerk Kuehne+Nagel","logistique e-commerce","Luftfracht-Drehkreuz Europa","manipulation ULD","nachhaltige Logistikl\u00f6sungen","num\u00e9risation dans la logistique","optimiser les temps de traitement","optimize handling times","prestataires logistiques Francfort","r\u00e9seau logistique Kuehne+Nagel","services logistiques de fret","solutions logistiques durables","Supply Chain Management","sustainable logistics solutions","traitement de fret Francfort","transport industry Germany","Transportwirtschaft Deutschland","ULD Handhabung","ULD Handling"],"articleSection":["Deutschland","Europa","Expeditie &amp; Logistiek","Luchtvracht"],"inLanguage":"nl-NL","potentialAction":[{"@type":"CommentAction","name":"Comment","target":["https:\/\/transportjournal.com\/nl\/2026\/04\/30\/wfs-en-kuehnenagel-breiden-partnerschap-in-frankfurt-uit\/#respond"]}]},{"@type":"WebPage","@id":"https:\/\/transportjournal.com\/nl\/2026\/04\/30\/wfs-en-kuehnenagel-breiden-partnerschap-in-frankfurt-uit\/","url":"https:\/\/transportjournal.com\/nl\/2026\/04\/30\/wfs-en-kuehnenagel-breiden-partnerschap-in-frankfurt-uit\/","name":"WFS en Kuehne+Nagel breiden partnerschap in Frankfurt uit - ITJ | International Transport Journal","isPartOf":{"@id":"https:\/\/transportjournal.com\/nl\/#website"},"primaryImageOfPage":{"@id":"https:\/\/transportjournal.com\/nl\/2026\/04\/30\/wfs-en-kuehnenagel-breiden-partnerschap-in-frankfurt-uit\/#primaryimage"},"image":{"@id":"https:\/\/transportjournal.com\/nl\/2026\/04\/30\/wfs-en-kuehnenagel-breiden-partnerschap-in-frankfurt-uit\/#primaryimage"},"thumbnailUrl":"https:\/\/transportjournal.com\/wp-content\/uploads\/sites\/2\/2026\/04\/WFS-PR-MXP-aspect-ratio-1400-788.png","datePublished":"2026-04-30T07:19:34+00:00","breadcrumb":{"@id":"https:\/\/transportjournal.com\/nl\/2026\/04\/30\/wfs-en-kuehnenagel-breiden-partnerschap-in-frankfurt-uit\/#breadcrumb"},"inLanguage":"nl-NL","potentialAction":[{"@type":"ReadAction","target":["https:\/\/transportjournal.com\/nl\/2026\/04\/30\/wfs-en-kuehnenagel-breiden-partnerschap-in-frankfurt-uit\/"]}]},{"@type":"ImageObject","inLanguage":"nl-NL","@id":"https:\/\/transportjournal.com\/nl\/2026\/04\/30\/wfs-en-kuehnenagel-breiden-partnerschap-in-frankfurt-uit\/#primaryimage","url":"https:\/\/transportjournal.com\/wp-content\/uploads\/sites\/2\/2026\/04\/WFS-PR-MXP-aspect-ratio-1400-788.png","contentUrl":"https:\/\/transportjournal.com\/wp-content\/uploads\/sites\/2\/2026\/04\/WFS-PR-MXP-aspect-ratio-1400-788.png","width":1245,"height":701},{"@type":"BreadcrumbList","@id":"https:\/\/transportjournal.com\/nl\/2026\/04\/30\/wfs-en-kuehnenagel-breiden-partnerschap-in-frankfurt-uit\/#breadcrumb","itemListElement":[{"@type":"ListItem","position":1,"name":"Startseite","item":"https:\/\/transportjournal.com\/nl\/"},{"@type":"ListItem","position":2,"name":"WFS en Kuehne+Nagel breiden partnerschap in Frankfurt uit"}]},{"@type":"WebSite","@id":"https:\/\/transportjournal.com\/nl\/#website","url":"https:\/\/transportjournal.com\/nl\/","name":"ITJ | International Transport Journal","description":"Stay informed with the latest global news from the transport, logistics, and supply chain industries. Transport Journal delivers expert insights, analysis, and updates across shipping, aviation, intermodal, and forwarding.","publisher":{"@id":"https:\/\/transportjournal.com\/nl\/#organization"},"potentialAction":[{"@type":"SearchAction","target":{"@type":"EntryPoint","urlTemplate":"https:\/\/transportjournal.com\/nl\/?s={search_term_string}"},"query-input":{"@type":"PropertyValueSpecification","valueRequired":true,"valueName":"search_term_string"}}],"inLanguage":"nl-NL"},{"@type":"Organization","@id":"https:\/\/transportjournal.com\/nl\/#organization","name":"Logismedia Groep AG","alternateName":"Logismedia Group AG","url":"https:\/\/transportjournal.com\/nl\/","logo":{"@type":"ImageObject","inLanguage":"nl-NL","@id":"https:\/\/transportjournal.com\/nl\/#\/schema\/logo\/image\/","url":"https:\/\/transportjournal.com\/wp-content\/uploads\/sites\/2\/2025\/09\/Logo_ITJ.png","contentUrl":"https:\/\/transportjournal.com\/wp-content\/uploads\/sites\/2\/2025\/09\/Logo_ITJ.png","width":799,"height":326,"caption":"Logismedia Groep AG"},"image":{"@id":"https:\/\/transportjournal.com\/nl\/#\/schema\/logo\/image\/"},"sameAs":["https:\/\/www.linkedin.com\/company\/56456496\/admin\/dashboard\/","https:\/\/www.instagram.com\/logismediagroup\/","https:\/\/www.youtube.com\/@LogiamediaGroupAG"]},{"@type":"Person","@id":"https:\/\/transportjournal.com\/nl\/#\/schema\/person\/cf538b3157f15afd7589245a4b3dbd25","name":"Andreas Haug","url":"https:\/\/transportjournal.com\/nl\/author\/andreas\/"}]}},"_links":{"self":[{"href":"https:\/\/transportjournal.com\/nl\/wp-json\/wp\/v2\/posts\/87435","targetHints":{"allow":["GET"]}}],"collection":[{"href":"https:\/\/transportjournal.com\/nl\/wp-json\/wp\/v2\/posts"}],"about":[{"href":"https:\/\/transportjournal.com\/nl\/wp-json\/wp\/v2\/types\/post"}],"author":[{"embeddable":true,"href":"https:\/\/transportjournal.com\/nl\/wp-json\/wp\/v2\/users\/12"}],"replies":[{"embeddable":true,"href":"https:\/\/transportjournal.com\/nl\/wp-json\/wp\/v2\/comments?post=87435"}],"version-history":[{"count":0,"href":"https:\/\/transportjournal.com\/nl\/wp-json\/wp\/v2\/posts\/87435\/revisions"}],"wp:featuredmedia":[{"embeddable":true,"href":"https:\/\/transportjournal.com\/nl\/wp-json\/wp\/v2\/media\/87429"}],"wp:attachment":[{"href":"https:\/\/transportjournal.com\/nl\/wp-json\/wp\/v2\/media?parent=87435"}],"wp:term":[{"taxonomy":"category","embeddable":true,"href":"https:\/\/transportjournal.com\/nl\/wp-json\/wp\/v2\/categories?post=87435"},{"taxonomy":"post_tag","embeddable":true,"href":"https:\/\/transportjournal.com\/nl\/wp-json\/wp\/v2\/tags?post=87435"}],"curies":[{"name":"wp","href":"https:\/\/api.w.org\/{rel}","templated":true}]}}