{"id":87374,"date":"2026-04-29T15:17:40","date_gmt":"2026-04-29T15:17:40","guid":{"rendered":"https:\/\/transportjournal.com\/2026\/04\/29\/dp-world-wordt-logistiek-partner-van-porsche\/"},"modified":"2026-04-29T17:37:03","modified_gmt":"2026-04-29T15:37:03","slug":"dp-world-wordt-logistiek-partner-van-porsche","status":"publish","type":"post","link":"https:\/\/transportjournal.com\/nl\/2026\/04\/29\/dp-world-wordt-logistiek-partner-van-porsche\/","title":{"rendered":"DP World wordt logistiek partner van Porsche"},"content":{"rendered":"<p>DP World heeft aangekondigd dat het bedrijf is benoemd tot offici\u00eble logistieke partner van het Porsche Formula E Team in het ABB FIA Formula E Wereldkampioenschap. Dit meerjarige partnerschap werd dit seizoen voor het eerst geactiveerd tijdens de Madrid E-Prix in maart en verbindt twee wereldwijde merken die zich onderscheiden door precisie, innovatie en een gezamenlijke inzet voor duurzame mobiliteit.<\/p>\n<p>De samenwerking onderstreept de expertise van DP World op het gebied van autologistiek, die varieert van de handling van componenten en batterijen voor elektrische voertuigen tot de distributie van afgewerkte voertuigen. Dit maakt veerkrachtige, end-to-end oplossingen voor de toeleveringsketen mogelijk. Bovendien weerspiegelt het partnerschap de bredere inzet van DP World om de wereldwijde handel te dekarboniseren door hernieuwbare energiebronnen te gebruiken en de apparatuur in de bedrijven te elektrificeren.<\/p>\n<p>Beat Simon, Chief Commercial Officer en Chief Operating Officer voor Logistiek bij DP World, sprak over de samenwerking: \u201eBij DP World weerspiegelen onze partners onze inzet voor prestaties, precisie en innovatie \u2013 en Porsche Motorsport belichaamt techniek op het hoogste niveau. Dit partnerschap bouwt voort op onze bestaande relatie met Porsche, inclusief de slimme logistieke ondersteuning voor het productiecentrum in Leipzig, en biedt een wereldwijd platform om klantrelaties te versterken en innovaties in de elektromobiliteit te vieren.\u201c<\/p>\n<p>Thomas Laudenbach, vice-president van Porsche Motorsport, toonde zich ook verheugd over de samenwerking: \u201eWe zijn blij DP World te verwelkomen als offici\u00eble logistieke partner van het Porsche Formula E Team. De competitie op het hoogste niveau in de wereldwijde autosport vereist precisie, betrouwbaarheid en naadloze co\u00f6rdinatie bij elke race in de kalender. De expertise van DP World in slimme logistiek en hun wereldwijde netwerk maken hen tot een sterke partner voor ons Formula E-programma. Samen willen we hoogwaardig engineering op de baan combineren met operationele uitmuntendheid op de achtergrond.\u201c<\/p>\n<p>Het aankomende weekend, 2 en 3 mei, markeert de Berlin E-Prix, een race voor Porsche op thuisgrond in Duitsland, dat ook een belangrijke markt voor DP World vertegenwoordigt en de expertise van het bedrijf in autologistiek weerspiegelt.<\/p>\n<p>Het ABB FIA Formula E Wereldkampioenschap omvat een wereldwijd kalenderaanbod van stadsraces die de technologie van elektrische voertuigen en duurzame innovaties presenteren. De samenwerking met Porsche versterkt het wereldwijde sportportfolio van DP World, dat ook McLaren F1, SailGP, de DP World Tour, de Ryder Cup, de International Cricket Council en Yamaha Factory Racing omvat, en ondersteunt de merkpresentatie en klantbinding wereldwijd.<\/p>\n<p>&nbsp;<\/p>\n<p><a href=\"https:\/\/www.dpworld.com\/\" target=\"_blank\" rel=\"noopener noreferrer\">www.dpworld.com<\/a><\/p>\n<p>&nbsp;<\/p>\n","protected":false},"excerpt":{"rendered":"<p>DP World is benoemd tot offici\u00eble logistieke partner van het Porsche Formula E Team om duurzame mobiliteit en innovatieve oplossingen in de automobiellogistiek te bevorderen.<\/p>\n","protected":false},"author":12,"featured_media":87368,"comment_status":"open","ping_status":"","sticky":false,"template":"","format":"standard","meta":{"_acf_changed":false,"footnotes":""},"categories":[9092,1599,1593,1600],"tags":[1828,6128,43661,43662,2207,5128,9626,16846,7919,30088,30089,1796,1797,11335,43663,1807,43664,43665,43666,43667,5139,5140,2125,43668,43669,9642,43670,5840,11639,2133,1831,4211,6138,6109,11016,1869,11642,43671,43672,43673,43674,43675,2148,43676,9649,11361,6120,43677,43678,1857,11026,2155,1837,7944],"class_list":["post-87374","post","type-post","status-publish","format-standard","has-post-thumbnail","hentry","category-deutschland","category-europa","category-expeditie-logistiek","category-midden-oosten","tag-automobillogistik","tag-automotive-logistics","tag-berlin-e-prix","tag-centre-de-production-de-leipzig","tag-chaine-dapprovisionnement","tag-commerce-mondial","tag-customer-relationships","tag-deutsch-dp-world","tag-electric-vehicles","tag-electromobilite","tag-electromobility","tag-elektrofahrzeuge","tag-elektromobilitaet","tag-energies-renouvelables","tag-engineering-excellence-francais-dp-world","tag-erneuerbare-energien","tag-excellence-en-ingenierie","tag-formel-e","tag-formula-e","tag-formule-e","tag-global-trade","tag-globaler-handel","tag-industrie-du-transport","tag-ingenieurskunst-english-dp-world","tag-intelligente-logistik","tag-kundenbeziehungen","tag-leipzig-production-center","tag-lieferkette","tag-logistics-partner","tag-logistics-service-providers","tag-logistikdienstleister","tag-logistikpartner","tag-logistique-automobile","tag-logistique-intelligente","tag-mobilite-durable","tag-nachhaltige-mobilitaet","tag-partenaire-logistique","tag-porsche","tag-portefeuille-sportif","tag-praezision-im-motorsport","tag-precision-en-sport-automobile","tag-precision-in-motorsport","tag-prestataires-de-services-logistiques","tag-produktionszentrum-leipzig","tag-relations-clients","tag-renewable-energy","tag-smart-logistics","tag-sportportfolio","tag-sports-portfolio","tag-supply-chain","tag-sustainable-mobility","tag-transport-industry","tag-transportwirtschaft","tag-vehicules-electriques"],"acf":[],"yoast_head":"<!-- This site is optimized with the Yoast SEO plugin v27.3 - https:\/\/yoast.com\/product\/yoast-seo-wordpress\/ -->\n<title>DP World wordt logistiek partner van Porsche - ITJ | International Transport Journal<\/title>\n<meta name=\"robots\" content=\"index, follow, max-snippet:-1, max-image-preview:large, max-video-preview:-1\" \/>\n<link rel=\"canonical\" href=\"https:\/\/transportjournal.com\/nl\/2026\/04\/29\/dp-world-wordt-logistiek-partner-van-porsche\/\" \/>\n<meta property=\"og:locale\" content=\"nl_NL\" \/>\n<meta property=\"og:type\" content=\"article\" \/>\n<meta property=\"og:title\" content=\"DP World wordt logistiek partner van Porsche - ITJ | International Transport Journal\" \/>\n<meta property=\"og:description\" content=\"DP World is benoemd tot offici\u00eble logistieke partner van het Porsche Formula E Team om duurzame mobiliteit en innovatieve oplossingen in de automobiellogistiek te bevorderen.\" \/>\n<meta property=\"og:url\" content=\"https:\/\/transportjournal.com\/nl\/2026\/04\/29\/dp-world-wordt-logistiek-partner-van-porsche\/\" \/>\n<meta property=\"og:site_name\" content=\"ITJ | International Transport Journal\" \/>\n<meta property=\"article:published_time\" content=\"2026-04-29T15:17:40+00:00\" \/>\n<meta property=\"article:modified_time\" content=\"2026-04-29T15:37:03+00:00\" \/>\n<meta property=\"og:image\" content=\"https:\/\/transportjournal.com\/wp-content\/uploads\/sites\/2\/2026\/04\/image3-4-aspect-ratio-1400-788.jpg\" \/>\n\t<meta property=\"og:image:width\" content=\"1080\" \/>\n\t<meta property=\"og:image:height\" content=\"608\" \/>\n\t<meta property=\"og:image:type\" content=\"image\/jpeg\" \/>\n<meta name=\"author\" content=\"Andreas Haug\" \/>\n<meta name=\"twitter:card\" content=\"summary_large_image\" \/>\n<meta name=\"twitter:label1\" content=\"Geschreven door\" \/>\n\t<meta name=\"twitter:data1\" content=\"Andreas Haug\" \/>\n\t<meta name=\"twitter:label2\" content=\"Geschatte leestijd\" \/>\n\t<meta name=\"twitter:data2\" content=\"2 minuut\" \/>\n<script type=\"application\/ld+json\" class=\"yoast-schema-graph\">{\"@context\":\"https:\\\/\\\/schema.org\",\"@graph\":[{\"@type\":\"Article\",\"@id\":\"https:\\\/\\\/transportjournal.com\\\/nl\\\/2026\\\/04\\\/29\\\/dp-world-wordt-logistiek-partner-van-porsche\\\/#article\",\"isPartOf\":{\"@id\":\"https:\\\/\\\/transportjournal.com\\\/nl\\\/2026\\\/04\\\/29\\\/dp-world-wordt-logistiek-partner-van-porsche\\\/\"},\"author\":{\"name\":\"Andreas Haug\",\"@id\":\"https:\\\/\\\/transportjournal.com\\\/nl\\\/#\\\/schema\\\/person\\\/cf538b3157f15afd7589245a4b3dbd25\"},\"headline\":\"DP World wordt logistiek partner van Porsche\",\"datePublished\":\"2026-04-29T15:17:40+00:00\",\"dateModified\":\"2026-04-29T15:37:03+00:00\",\"mainEntityOfPage\":{\"@id\":\"https:\\\/\\\/transportjournal.com\\\/nl\\\/2026\\\/04\\\/29\\\/dp-world-wordt-logistiek-partner-van-porsche\\\/\"},\"wordCount\":405,\"commentCount\":0,\"publisher\":{\"@id\":\"https:\\\/\\\/transportjournal.com\\\/nl\\\/#organization\"},\"image\":{\"@id\":\"https:\\\/\\\/transportjournal.com\\\/nl\\\/2026\\\/04\\\/29\\\/dp-world-wordt-logistiek-partner-van-porsche\\\/#primaryimage\"},\"thumbnailUrl\":\"https:\\\/\\\/transportjournal.com\\\/wp-content\\\/uploads\\\/sites\\\/2\\\/2026\\\/04\\\/image3-4-aspect-ratio-1400-788.jpg\",\"keywords\":[\"Automobillogistik\",\"Automotive logistics\",\"Berlin E-Prix\",\"centre de production de Leipzig\",\"cha\u00eene d'approvisionnement\",\"commerce mondial\",\"customer relationships\",\"Deutsch DP World\",\"electric vehicles\",\"\u00e9lectromobilit\u00e9\",\"electromobility\",\"Elektrofahrzeuge\",\"Elektromobilit\u00e4t\",\"\u00e9nergies renouvelables\",\"engineering excellence Fran\u00e7ais DP World\",\"erneuerbare Energien\",\"excellence en ing\u00e9nierie\",\"Formel E\",\"Formula E\",\"Formule E\",\"global trade\",\"globaler Handel\",\"industrie du transport\",\"Ingenieurskunst English DP World\",\"intelligente Logistik\",\"Kundenbeziehungen\",\"Leipzig production center\",\"Lieferkette\",\"logistics partner\",\"logistics service providers\",\"Logistikdienstleister\",\"Logistikpartner\",\"Logistique automobile\",\"logistique intelligente\",\"mobilit\u00e9 durable\",\"nachhaltige Mobilit\u00e4t\",\"partenaire logistique\",\"Porsche\",\"portefeuille sportif\",\"Pr\u00e4zision im Motorsport\",\"pr\u00e9cision en sport automobile\",\"precision in motorsport\",\"prestataires de services logistiques\",\"Produktionszentrum Leipzig\",\"relations clients\",\"renewable energy\",\"smart logistics\",\"Sportportfolio\",\"sports portfolio\",\"Supply Chain\",\"sustainable mobility\",\"transport industry\",\"Transportwirtschaft\",\"v\u00e9hicules \u00e9lectriques\"],\"articleSection\":[\"Deutschland\",\"Europa\",\"Expeditie &amp; Logistiek\",\"Midden-Oosten\"],\"inLanguage\":\"nl-NL\",\"potentialAction\":[{\"@type\":\"CommentAction\",\"name\":\"Comment\",\"target\":[\"https:\\\/\\\/transportjournal.com\\\/nl\\\/2026\\\/04\\\/29\\\/dp-world-wordt-logistiek-partner-van-porsche\\\/#respond\"]}]},{\"@type\":\"WebPage\",\"@id\":\"https:\\\/\\\/transportjournal.com\\\/nl\\\/2026\\\/04\\\/29\\\/dp-world-wordt-logistiek-partner-van-porsche\\\/\",\"url\":\"https:\\\/\\\/transportjournal.com\\\/nl\\\/2026\\\/04\\\/29\\\/dp-world-wordt-logistiek-partner-van-porsche\\\/\",\"name\":\"DP World wordt logistiek partner van Porsche - ITJ | International Transport Journal\",\"isPartOf\":{\"@id\":\"https:\\\/\\\/transportjournal.com\\\/nl\\\/#website\"},\"primaryImageOfPage\":{\"@id\":\"https:\\\/\\\/transportjournal.com\\\/nl\\\/2026\\\/04\\\/29\\\/dp-world-wordt-logistiek-partner-van-porsche\\\/#primaryimage\"},\"image\":{\"@id\":\"https:\\\/\\\/transportjournal.com\\\/nl\\\/2026\\\/04\\\/29\\\/dp-world-wordt-logistiek-partner-van-porsche\\\/#primaryimage\"},\"thumbnailUrl\":\"https:\\\/\\\/transportjournal.com\\\/wp-content\\\/uploads\\\/sites\\\/2\\\/2026\\\/04\\\/image3-4-aspect-ratio-1400-788.jpg\",\"datePublished\":\"2026-04-29T15:17:40+00:00\",\"dateModified\":\"2026-04-29T15:37:03+00:00\",\"breadcrumb\":{\"@id\":\"https:\\\/\\\/transportjournal.com\\\/nl\\\/2026\\\/04\\\/29\\\/dp-world-wordt-logistiek-partner-van-porsche\\\/#breadcrumb\"},\"inLanguage\":\"nl-NL\",\"potentialAction\":[{\"@type\":\"ReadAction\",\"target\":[\"https:\\\/\\\/transportjournal.com\\\/nl\\\/2026\\\/04\\\/29\\\/dp-world-wordt-logistiek-partner-van-porsche\\\/\"]}]},{\"@type\":\"ImageObject\",\"inLanguage\":\"nl-NL\",\"@id\":\"https:\\\/\\\/transportjournal.com\\\/nl\\\/2026\\\/04\\\/29\\\/dp-world-wordt-logistiek-partner-van-porsche\\\/#primaryimage\",\"url\":\"https:\\\/\\\/transportjournal.com\\\/wp-content\\\/uploads\\\/sites\\\/2\\\/2026\\\/04\\\/image3-4-aspect-ratio-1400-788.jpg\",\"contentUrl\":\"https:\\\/\\\/transportjournal.com\\\/wp-content\\\/uploads\\\/sites\\\/2\\\/2026\\\/04\\\/image3-4-aspect-ratio-1400-788.jpg\",\"width\":1080,\"height\":608},{\"@type\":\"BreadcrumbList\",\"@id\":\"https:\\\/\\\/transportjournal.com\\\/nl\\\/2026\\\/04\\\/29\\\/dp-world-wordt-logistiek-partner-van-porsche\\\/#breadcrumb\",\"itemListElement\":[{\"@type\":\"ListItem\",\"position\":1,\"name\":\"Startseite\",\"item\":\"https:\\\/\\\/transportjournal.com\\\/nl\\\/\"},{\"@type\":\"ListItem\",\"position\":2,\"name\":\"DP World wordt logistiek partner van Porsche\"}]},{\"@type\":\"WebSite\",\"@id\":\"https:\\\/\\\/transportjournal.com\\\/nl\\\/#website\",\"url\":\"https:\\\/\\\/transportjournal.com\\\/nl\\\/\",\"name\":\"ITJ | International Transport Journal\",\"description\":\"Stay informed with the latest global news from the transport, logistics, and supply chain industries. Transport Journal delivers expert insights, analysis, and updates across shipping, aviation, intermodal, and forwarding.\",\"publisher\":{\"@id\":\"https:\\\/\\\/transportjournal.com\\\/nl\\\/#organization\"},\"potentialAction\":[{\"@type\":\"SearchAction\",\"target\":{\"@type\":\"EntryPoint\",\"urlTemplate\":\"https:\\\/\\\/transportjournal.com\\\/nl\\\/?s={search_term_string}\"},\"query-input\":{\"@type\":\"PropertyValueSpecification\",\"valueRequired\":true,\"valueName\":\"search_term_string\"}}],\"inLanguage\":\"nl-NL\"},{\"@type\":\"Organization\",\"@id\":\"https:\\\/\\\/transportjournal.com\\\/nl\\\/#organization\",\"name\":\"Logismedia Groep AG\",\"alternateName\":\"Logismedia Group AG\",\"url\":\"https:\\\/\\\/transportjournal.com\\\/nl\\\/\",\"logo\":{\"@type\":\"ImageObject\",\"inLanguage\":\"nl-NL\",\"@id\":\"https:\\\/\\\/transportjournal.com\\\/nl\\\/#\\\/schema\\\/logo\\\/image\\\/\",\"url\":\"https:\\\/\\\/transportjournal.com\\\/wp-content\\\/uploads\\\/sites\\\/2\\\/2025\\\/09\\\/Logo_ITJ.png\",\"contentUrl\":\"https:\\\/\\\/transportjournal.com\\\/wp-content\\\/uploads\\\/sites\\\/2\\\/2025\\\/09\\\/Logo_ITJ.png\",\"width\":799,\"height\":326,\"caption\":\"Logismedia Groep AG\"},\"image\":{\"@id\":\"https:\\\/\\\/transportjournal.com\\\/nl\\\/#\\\/schema\\\/logo\\\/image\\\/\"},\"sameAs\":[\"https:\\\/\\\/www.linkedin.com\\\/company\\\/56456496\\\/admin\\\/dashboard\\\/\",\"https:\\\/\\\/www.instagram.com\\\/logismediagroup\\\/\",\"https:\\\/\\\/www.youtube.com\\\/@LogiamediaGroupAG\"]},{\"@type\":\"Person\",\"@id\":\"https:\\\/\\\/transportjournal.com\\\/nl\\\/#\\\/schema\\\/person\\\/cf538b3157f15afd7589245a4b3dbd25\",\"name\":\"Andreas Haug\",\"url\":\"https:\\\/\\\/transportjournal.com\\\/nl\\\/author\\\/andreas\\\/\"}]}<\/script>\n<!-- \/ Yoast SEO plugin. -->","yoast_head_json":{"title":"DP World wordt logistiek partner van Porsche - ITJ | International Transport Journal","robots":{"index":"index","follow":"follow","max-snippet":"max-snippet:-1","max-image-preview":"max-image-preview:large","max-video-preview":"max-video-preview:-1"},"canonical":"https:\/\/transportjournal.com\/nl\/2026\/04\/29\/dp-world-wordt-logistiek-partner-van-porsche\/","og_locale":"nl_NL","og_type":"article","og_title":"DP World wordt logistiek partner van Porsche - ITJ | International Transport Journal","og_description":"DP World is benoemd tot offici\u00eble logistieke partner van het Porsche Formula E Team om duurzame mobiliteit en innovatieve oplossingen in de automobiellogistiek te bevorderen.","og_url":"https:\/\/transportjournal.com\/nl\/2026\/04\/29\/dp-world-wordt-logistiek-partner-van-porsche\/","og_site_name":"ITJ | International Transport Journal","article_published_time":"2026-04-29T15:17:40+00:00","article_modified_time":"2026-04-29T15:37:03+00:00","og_image":[{"width":1080,"height":608,"url":"https:\/\/transportjournal.com\/wp-content\/uploads\/sites\/2\/2026\/04\/image3-4-aspect-ratio-1400-788.jpg","type":"image\/jpeg"}],"author":"Andreas Haug","twitter_card":"summary_large_image","twitter_misc":{"Geschreven door":"Andreas Haug","Geschatte leestijd":"2 minuut"},"schema":{"@context":"https:\/\/schema.org","@graph":[{"@type":"Article","@id":"https:\/\/transportjournal.com\/nl\/2026\/04\/29\/dp-world-wordt-logistiek-partner-van-porsche\/#article","isPartOf":{"@id":"https:\/\/transportjournal.com\/nl\/2026\/04\/29\/dp-world-wordt-logistiek-partner-van-porsche\/"},"author":{"name":"Andreas Haug","@id":"https:\/\/transportjournal.com\/nl\/#\/schema\/person\/cf538b3157f15afd7589245a4b3dbd25"},"headline":"DP World wordt logistiek partner van Porsche","datePublished":"2026-04-29T15:17:40+00:00","dateModified":"2026-04-29T15:37:03+00:00","mainEntityOfPage":{"@id":"https:\/\/transportjournal.com\/nl\/2026\/04\/29\/dp-world-wordt-logistiek-partner-van-porsche\/"},"wordCount":405,"commentCount":0,"publisher":{"@id":"https:\/\/transportjournal.com\/nl\/#organization"},"image":{"@id":"https:\/\/transportjournal.com\/nl\/2026\/04\/29\/dp-world-wordt-logistiek-partner-van-porsche\/#primaryimage"},"thumbnailUrl":"https:\/\/transportjournal.com\/wp-content\/uploads\/sites\/2\/2026\/04\/image3-4-aspect-ratio-1400-788.jpg","keywords":["Automobillogistik","Automotive logistics","Berlin E-Prix","centre de production de Leipzig","cha\u00eene d'approvisionnement","commerce mondial","customer relationships","Deutsch DP World","electric vehicles","\u00e9lectromobilit\u00e9","electromobility","Elektrofahrzeuge","Elektromobilit\u00e4t","\u00e9nergies renouvelables","engineering excellence Fran\u00e7ais DP World","erneuerbare Energien","excellence en ing\u00e9nierie","Formel E","Formula E","Formule E","global trade","globaler Handel","industrie du transport","Ingenieurskunst English DP World","intelligente Logistik","Kundenbeziehungen","Leipzig production center","Lieferkette","logistics partner","logistics service providers","Logistikdienstleister","Logistikpartner","Logistique automobile","logistique intelligente","mobilit\u00e9 durable","nachhaltige Mobilit\u00e4t","partenaire logistique","Porsche","portefeuille sportif","Pr\u00e4zision im Motorsport","pr\u00e9cision en sport automobile","precision in motorsport","prestataires de services logistiques","Produktionszentrum Leipzig","relations clients","renewable energy","smart logistics","Sportportfolio","sports portfolio","Supply Chain","sustainable mobility","transport industry","Transportwirtschaft","v\u00e9hicules \u00e9lectriques"],"articleSection":["Deutschland","Europa","Expeditie &amp; Logistiek","Midden-Oosten"],"inLanguage":"nl-NL","potentialAction":[{"@type":"CommentAction","name":"Comment","target":["https:\/\/transportjournal.com\/nl\/2026\/04\/29\/dp-world-wordt-logistiek-partner-van-porsche\/#respond"]}]},{"@type":"WebPage","@id":"https:\/\/transportjournal.com\/nl\/2026\/04\/29\/dp-world-wordt-logistiek-partner-van-porsche\/","url":"https:\/\/transportjournal.com\/nl\/2026\/04\/29\/dp-world-wordt-logistiek-partner-van-porsche\/","name":"DP World wordt logistiek partner van Porsche - ITJ | International Transport Journal","isPartOf":{"@id":"https:\/\/transportjournal.com\/nl\/#website"},"primaryImageOfPage":{"@id":"https:\/\/transportjournal.com\/nl\/2026\/04\/29\/dp-world-wordt-logistiek-partner-van-porsche\/#primaryimage"},"image":{"@id":"https:\/\/transportjournal.com\/nl\/2026\/04\/29\/dp-world-wordt-logistiek-partner-van-porsche\/#primaryimage"},"thumbnailUrl":"https:\/\/transportjournal.com\/wp-content\/uploads\/sites\/2\/2026\/04\/image3-4-aspect-ratio-1400-788.jpg","datePublished":"2026-04-29T15:17:40+00:00","dateModified":"2026-04-29T15:37:03+00:00","breadcrumb":{"@id":"https:\/\/transportjournal.com\/nl\/2026\/04\/29\/dp-world-wordt-logistiek-partner-van-porsche\/#breadcrumb"},"inLanguage":"nl-NL","potentialAction":[{"@type":"ReadAction","target":["https:\/\/transportjournal.com\/nl\/2026\/04\/29\/dp-world-wordt-logistiek-partner-van-porsche\/"]}]},{"@type":"ImageObject","inLanguage":"nl-NL","@id":"https:\/\/transportjournal.com\/nl\/2026\/04\/29\/dp-world-wordt-logistiek-partner-van-porsche\/#primaryimage","url":"https:\/\/transportjournal.com\/wp-content\/uploads\/sites\/2\/2026\/04\/image3-4-aspect-ratio-1400-788.jpg","contentUrl":"https:\/\/transportjournal.com\/wp-content\/uploads\/sites\/2\/2026\/04\/image3-4-aspect-ratio-1400-788.jpg","width":1080,"height":608},{"@type":"BreadcrumbList","@id":"https:\/\/transportjournal.com\/nl\/2026\/04\/29\/dp-world-wordt-logistiek-partner-van-porsche\/#breadcrumb","itemListElement":[{"@type":"ListItem","position":1,"name":"Startseite","item":"https:\/\/transportjournal.com\/nl\/"},{"@type":"ListItem","position":2,"name":"DP World wordt logistiek partner van Porsche"}]},{"@type":"WebSite","@id":"https:\/\/transportjournal.com\/nl\/#website","url":"https:\/\/transportjournal.com\/nl\/","name":"ITJ | International Transport Journal","description":"Stay informed with the latest global news from the transport, logistics, and supply chain industries. Transport Journal delivers expert insights, analysis, and updates across shipping, aviation, intermodal, and forwarding.","publisher":{"@id":"https:\/\/transportjournal.com\/nl\/#organization"},"potentialAction":[{"@type":"SearchAction","target":{"@type":"EntryPoint","urlTemplate":"https:\/\/transportjournal.com\/nl\/?s={search_term_string}"},"query-input":{"@type":"PropertyValueSpecification","valueRequired":true,"valueName":"search_term_string"}}],"inLanguage":"nl-NL"},{"@type":"Organization","@id":"https:\/\/transportjournal.com\/nl\/#organization","name":"Logismedia Groep AG","alternateName":"Logismedia Group AG","url":"https:\/\/transportjournal.com\/nl\/","logo":{"@type":"ImageObject","inLanguage":"nl-NL","@id":"https:\/\/transportjournal.com\/nl\/#\/schema\/logo\/image\/","url":"https:\/\/transportjournal.com\/wp-content\/uploads\/sites\/2\/2025\/09\/Logo_ITJ.png","contentUrl":"https:\/\/transportjournal.com\/wp-content\/uploads\/sites\/2\/2025\/09\/Logo_ITJ.png","width":799,"height":326,"caption":"Logismedia Groep AG"},"image":{"@id":"https:\/\/transportjournal.com\/nl\/#\/schema\/logo\/image\/"},"sameAs":["https:\/\/www.linkedin.com\/company\/56456496\/admin\/dashboard\/","https:\/\/www.instagram.com\/logismediagroup\/","https:\/\/www.youtube.com\/@LogiamediaGroupAG"]},{"@type":"Person","@id":"https:\/\/transportjournal.com\/nl\/#\/schema\/person\/cf538b3157f15afd7589245a4b3dbd25","name":"Andreas Haug","url":"https:\/\/transportjournal.com\/nl\/author\/andreas\/"}]}},"_links":{"self":[{"href":"https:\/\/transportjournal.com\/nl\/wp-json\/wp\/v2\/posts\/87374","targetHints":{"allow":["GET"]}}],"collection":[{"href":"https:\/\/transportjournal.com\/nl\/wp-json\/wp\/v2\/posts"}],"about":[{"href":"https:\/\/transportjournal.com\/nl\/wp-json\/wp\/v2\/types\/post"}],"author":[{"embeddable":true,"href":"https:\/\/transportjournal.com\/nl\/wp-json\/wp\/v2\/users\/12"}],"replies":[{"embeddable":true,"href":"https:\/\/transportjournal.com\/nl\/wp-json\/wp\/v2\/comments?post=87374"}],"version-history":[{"count":2,"href":"https:\/\/transportjournal.com\/nl\/wp-json\/wp\/v2\/posts\/87374\/revisions"}],"predecessor-version":[{"id":87396,"href":"https:\/\/transportjournal.com\/nl\/wp-json\/wp\/v2\/posts\/87374\/revisions\/87396"}],"wp:featuredmedia":[{"embeddable":true,"href":"https:\/\/transportjournal.com\/nl\/wp-json\/wp\/v2\/media\/87368"}],"wp:attachment":[{"href":"https:\/\/transportjournal.com\/nl\/wp-json\/wp\/v2\/media?parent=87374"}],"wp:term":[{"taxonomy":"category","embeddable":true,"href":"https:\/\/transportjournal.com\/nl\/wp-json\/wp\/v2\/categories?post=87374"},{"taxonomy":"post_tag","embeddable":true,"href":"https:\/\/transportjournal.com\/nl\/wp-json\/wp\/v2\/tags?post=87374"}],"curies":[{"name":"wp","href":"https:\/\/api.w.org\/{rel}","templated":true}]}}