{"id":87291,"date":"2026-04-29T10:37:12","date_gmt":"2026-04-29T10:37:12","guid":{"rendered":"https:\/\/transportjournal.com\/2026\/04\/29\/premiers-bespreken-grensinfrastructuur-tussen-polen-en-oekraine\/"},"modified":"2026-04-29T10:37:12","modified_gmt":"2026-04-29T10:37:12","slug":"premiers-bespreken-grensinfrastructuur-tussen-polen-en-oekraine","status":"publish","type":"post","link":"https:\/\/transportjournal.com\/nl\/2026\/04\/29\/premiers-bespreken-grensinfrastructuur-tussen-polen-en-oekraine\/","title":{"rendered":"Premiers bespreken grensinfrastructuur tussen Polen en Oekra\u00efne"},"content":{"rendered":"<p>Tijdens een werkbezoek aan Polen ontmoette de Oekra\u00efense premier Yuliia Svyrydenko haar Poolse ambtsgenoot Donald Tusk. Centraal in de gesprekken stond de verdieping van de samenwerking op het gebied van grensinfrastructuur, logistiek en wegverkeer. De bijeenkomst vond plaats in Rzesz\u00f3w, een stad die sinds het begin van de invasie in Oekra\u00efne een belangrijk logistiek centrum is geworden, aldus het Ministerie van Ontwikkeling van Gemeenschappen en Gebieden van Oekra\u00efne.<\/p>\n<h3>Focus op grensinfrastructuur<\/h3>\n<p>Een centraal thema van de onderhandelingen was de ontwikkeling van de grensinfrastructuur en de verbetering van de effici\u00ebntie bij de grensovergangsprocedures. Beide partijen bespraken in het bijzonder de voorbereidingen voor een overeenkomst voor gezamenlijke controle bij de grensovergangen. Dit moet de doorlooptijden verkorten, de infrastructuur ontlasten en planbaardere voorwaarden voor de aanbieders cre\u00ebren.<\/p>\n<p>Een ander punt van de gesprekken was de registratie van Oekra\u00efense aanbieders in het Poolse SENT\/RMPD-systeem, waarbij technische vragen moeten worden opgelost. Deze maatregel is volgens het ministerie cruciaal om de werking van Oekra\u00efense transportbedrijven op de EU-markt te waarborgen en extra vertragingen te voorkomen.<\/p>\n<p><a href=\"https:\/\/mindev.gov.ua\/\" target=\"_blank\" rel=\"noopener noreferrer\">www.mindev.gov.ua<\/a><\/p>\n","protected":false},"excerpt":{"rendered":"<p>De Oekra\u00efense premier Yuliia Svyrydenko en haar Poolse ambtsgenoot Donald Tusk bespraken in Rzesz\u00f3w de verbetering van de grensinfrastructuur.<\/p>\n","protected":false},"author":10,"featured_media":87285,"comment_status":"open","ping_status":"","sticky":false,"template":"","format":"standard","meta":{"_acf_changed":false,"footnotes":""},"categories":[1599,1592],"tags":[43456,43457,5246,43458,3739,3353,3354,43459,43460,43461,43462,43463,43464,5136,43465,43466,43467,2858,3745,2075,5148,5256,43468,43469,43470,43471,43472,43473,43474,5112,3379,5151,43475,43476,43477,43478,43479,43480,43481,5119,43482,5120,43483,2889,43484,43485,2890,43486,43487,43488,43489],"class_list":["post-87291","post","type-post","status-publish","format-standard","has-post-thumbnail","hentry","category-europa","category-intermodaal-weg","tag-border-crossing-procedures","tag-border-crossings-poland-ukraine","tag-cooperation-logistique","tag-deutsch-grenzinfrastruktur","tag-developpement-des-infrastructures","tag-digitalisierung-logistik","tag-digitalization-logistics","tag-efficacite-controle-frontalier","tag-efficiency-border-control","tag-effizienz-grenzkontrolle","tag-entreprises-de-transport-ukrainiennes","tag-eu-market-transport-companies","tag-eu-markt-transportunternehmen","tag-fachkraeftemangel-transport","tag-grenzuebergaenge-polen-ukraine","tag-grenzuebertrittsverfahren","tag-hub-logistique-rzeszow","tag-industrie-du-transport-europe","tag-infrastructure-development","tag-infrastrukturentwicklung","tag-labor-shortage-transport","tag-logistics-cooperation","tag-logistics-poland-ukraine","tag-logistik-polen-ukraine","tag-logistique-pologne-ukraine","tag-marche-de-lue-entreprises-de-transport","tag-ministere-du-developpement","tag-ministerium-fuer-entwicklung","tag-ministry-of-development","tag-nachhaltige-logistikloesungen","tag-numerisation-logistique","tag-penurie-de-main-doeuvre-transport","tag-planification-des-transports-europe","tag-points-de-passage-pologne-ukraine","tag-procedures-de-passage-de-frontiere","tag-road-transport-poland","tag-rzeszow-logistics-hub","tag-rzeszow-logistikzentrum","tag-sent-rmpd-system","tag-solutions-logistiques-durables","tag-strassenverkehr-polen","tag-sustainable-logistics-solutions","tag-systeme-sent-rmpd","tag-transport-industry-europe","tag-transport-planning-europe-francais-infrastructure-frontaliere","tag-transport-routier-pologne","tag-transportwirtschaft-europa","tag-ukrainian-transport-companies","tag-ukrainische-transportunternehmen","tag-verkehrsplanung-europa-english-border-infrastructure","tag-zusammenarbeit-logistik"],"acf":[],"yoast_head":"<!-- This site is optimized with the Yoast SEO plugin v27.3 - https:\/\/yoast.com\/product\/yoast-seo-wordpress\/ -->\n<title>Premiers bespreken grensinfrastructuur tussen Polen en Oekra\u00efne - ITJ | International Transport Journal<\/title>\n<meta name=\"robots\" content=\"index, follow, max-snippet:-1, max-image-preview:large, max-video-preview:-1\" \/>\n<link rel=\"canonical\" href=\"https:\/\/transportjournal.com\/nl\/2026\/04\/29\/premiers-bespreken-grensinfrastructuur-tussen-polen-en-oekraine\/\" \/>\n<meta property=\"og:locale\" content=\"nl_NL\" \/>\n<meta property=\"og:type\" content=\"article\" \/>\n<meta property=\"og:title\" content=\"Premiers bespreken grensinfrastructuur tussen Polen en Oekra\u00efne - ITJ | International Transport Journal\" \/>\n<meta property=\"og:description\" content=\"De Oekra\u00efense premier Yuliia Svyrydenko en haar Poolse ambtsgenoot Donald Tusk bespraken in Rzesz\u00f3w de verbetering van de grensinfrastructuur.\" \/>\n<meta property=\"og:url\" content=\"https:\/\/transportjournal.com\/nl\/2026\/04\/29\/premiers-bespreken-grensinfrastructuur-tussen-polen-en-oekraine\/\" \/>\n<meta property=\"og:site_name\" content=\"ITJ | International Transport Journal\" \/>\n<meta property=\"article:published_time\" content=\"2026-04-29T10:37:12+00:00\" \/>\n<meta property=\"og:image\" content=\"https:\/\/transportjournal.com\/wp-content\/uploads\/sites\/2\/2026\/04\/AdobeStock_550205599-scaled-aspect-ratio-1400-788-scaled-1.jpeg\" \/>\n\t<meta property=\"og:image:width\" content=\"2560\" \/>\n\t<meta property=\"og:image:height\" content=\"1441\" \/>\n\t<meta property=\"og:image:type\" content=\"image\/jpeg\" \/>\n<meta name=\"author\" content=\"Jeremy Soland\" \/>\n<meta name=\"twitter:card\" content=\"summary_large_image\" \/>\n<meta name=\"twitter:label1\" content=\"Geschreven door\" \/>\n\t<meta name=\"twitter:data1\" content=\"Jeremy Soland\" \/>\n\t<meta name=\"twitter:label2\" content=\"Geschatte leestijd\" \/>\n\t<meta name=\"twitter:data2\" content=\"1 minuut\" \/>\n<script type=\"application\/ld+json\" class=\"yoast-schema-graph\">{\"@context\":\"https:\\\/\\\/schema.org\",\"@graph\":[{\"@type\":\"Article\",\"@id\":\"https:\\\/\\\/transportjournal.com\\\/nl\\\/2026\\\/04\\\/29\\\/premiers-bespreken-grensinfrastructuur-tussen-polen-en-oekraine\\\/#article\",\"isPartOf\":{\"@id\":\"https:\\\/\\\/transportjournal.com\\\/nl\\\/2026\\\/04\\\/29\\\/premiers-bespreken-grensinfrastructuur-tussen-polen-en-oekraine\\\/\"},\"author\":{\"name\":\"Jeremy Soland\",\"@id\":\"https:\\\/\\\/transportjournal.com\\\/nl\\\/#\\\/schema\\\/person\\\/41d36b5474b623392fa613e97e2363fa\"},\"headline\":\"Premiers bespreken grensinfrastructuur tussen Polen en Oekra\u00efne\",\"datePublished\":\"2026-04-29T10:37:12+00:00\",\"mainEntityOfPage\":{\"@id\":\"https:\\\/\\\/transportjournal.com\\\/nl\\\/2026\\\/04\\\/29\\\/premiers-bespreken-grensinfrastructuur-tussen-polen-en-oekraine\\\/\"},\"wordCount\":190,\"commentCount\":0,\"publisher\":{\"@id\":\"https:\\\/\\\/transportjournal.com\\\/nl\\\/#organization\"},\"image\":{\"@id\":\"https:\\\/\\\/transportjournal.com\\\/nl\\\/2026\\\/04\\\/29\\\/premiers-bespreken-grensinfrastructuur-tussen-polen-en-oekraine\\\/#primaryimage\"},\"thumbnailUrl\":\"https:\\\/\\\/transportjournal.com\\\/wp-content\\\/uploads\\\/sites\\\/2\\\/2026\\\/04\\\/AdobeStock_550205599-scaled-aspect-ratio-1400-788-scaled-1.jpeg\",\"keywords\":[\"border crossing procedures\",\"border crossings Poland Ukraine\",\"coop\u00e9ration logistique\",\"Deutsch Grenzinfrastruktur\",\"d\u00e9veloppement des infrastructures\",\"Digitalisierung Logistik\",\"digitalization logistics\",\"efficacit\u00e9 contr\u00f4le frontalier\",\"efficiency border control\",\"Effizienz Grenzkontrolle\",\"entreprises de transport ukrainiennes\",\"EU market transport companies\",\"EU-Markt Transportunternehmen\",\"Fachkr\u00e4ftemangel Transport\",\"Grenz\u00fcberg\u00e4nge Polen Ukraine\",\"Grenz\u00fcbertrittsverfahren\",\"hub logistique Rzesz\u00f3w\",\"industrie du transport Europe\",\"infrastructure development\",\"Infrastrukturentwicklung\",\"labor shortage transport\",\"logistics cooperation\",\"logistics Poland Ukraine\",\"Logistik Polen Ukraine\",\"logistique Pologne Ukraine\",\"march\u00e9 de l'UE entreprises de transport\",\"minist\u00e8re du D\u00e9veloppement\",\"Ministerium f\u00fcr Entwicklung\",\"Ministry of Development\",\"nachhaltige Logistikl\u00f6sungen\",\"num\u00e9risation logistique\",\"p\u00e9nurie de main-d'\u0153uvre transport\",\"planification des transports Europe\",\"points de passage Pologne Ukraine\",\"proc\u00e9dures de passage de fronti\u00e8re\",\"road transport Poland\",\"Rzesz\u00f3w logistics hub\",\"Rzesz\u00f3w Logistikzentrum\",\"SENT\\\/RMPD-System\",\"solutions logistiques durables\",\"Stra\u00dfenverkehr Polen\",\"sustainable logistics solutions\",\"syst\u00e8me SENT\\\/RMPD\",\"transport industry Europe\",\"transport planning Europe Fran\u00e7ais Infrastructure frontali\u00e8re\",\"transport routier Pologne\",\"Transportwirtschaft Europa\",\"Ukrainian transport companies\",\"ukrainische Transportunternehmen\",\"Verkehrsplanung Europa English Border infrastructure\",\"Zusammenarbeit Logistik\"],\"articleSection\":[\"Europa\",\"Intermodaal \\\/ Weg\"],\"inLanguage\":\"nl-NL\",\"potentialAction\":[{\"@type\":\"CommentAction\",\"name\":\"Comment\",\"target\":[\"https:\\\/\\\/transportjournal.com\\\/nl\\\/2026\\\/04\\\/29\\\/premiers-bespreken-grensinfrastructuur-tussen-polen-en-oekraine\\\/#respond\"]}]},{\"@type\":\"WebPage\",\"@id\":\"https:\\\/\\\/transportjournal.com\\\/nl\\\/2026\\\/04\\\/29\\\/premiers-bespreken-grensinfrastructuur-tussen-polen-en-oekraine\\\/\",\"url\":\"https:\\\/\\\/transportjournal.com\\\/nl\\\/2026\\\/04\\\/29\\\/premiers-bespreken-grensinfrastructuur-tussen-polen-en-oekraine\\\/\",\"name\":\"Premiers bespreken grensinfrastructuur tussen Polen en Oekra\u00efne - ITJ | International Transport Journal\",\"isPartOf\":{\"@id\":\"https:\\\/\\\/transportjournal.com\\\/nl\\\/#website\"},\"primaryImageOfPage\":{\"@id\":\"https:\\\/\\\/transportjournal.com\\\/nl\\\/2026\\\/04\\\/29\\\/premiers-bespreken-grensinfrastructuur-tussen-polen-en-oekraine\\\/#primaryimage\"},\"image\":{\"@id\":\"https:\\\/\\\/transportjournal.com\\\/nl\\\/2026\\\/04\\\/29\\\/premiers-bespreken-grensinfrastructuur-tussen-polen-en-oekraine\\\/#primaryimage\"},\"thumbnailUrl\":\"https:\\\/\\\/transportjournal.com\\\/wp-content\\\/uploads\\\/sites\\\/2\\\/2026\\\/04\\\/AdobeStock_550205599-scaled-aspect-ratio-1400-788-scaled-1.jpeg\",\"datePublished\":\"2026-04-29T10:37:12+00:00\",\"breadcrumb\":{\"@id\":\"https:\\\/\\\/transportjournal.com\\\/nl\\\/2026\\\/04\\\/29\\\/premiers-bespreken-grensinfrastructuur-tussen-polen-en-oekraine\\\/#breadcrumb\"},\"inLanguage\":\"nl-NL\",\"potentialAction\":[{\"@type\":\"ReadAction\",\"target\":[\"https:\\\/\\\/transportjournal.com\\\/nl\\\/2026\\\/04\\\/29\\\/premiers-bespreken-grensinfrastructuur-tussen-polen-en-oekraine\\\/\"]}]},{\"@type\":\"ImageObject\",\"inLanguage\":\"nl-NL\",\"@id\":\"https:\\\/\\\/transportjournal.com\\\/nl\\\/2026\\\/04\\\/29\\\/premiers-bespreken-grensinfrastructuur-tussen-polen-en-oekraine\\\/#primaryimage\",\"url\":\"https:\\\/\\\/transportjournal.com\\\/wp-content\\\/uploads\\\/sites\\\/2\\\/2026\\\/04\\\/AdobeStock_550205599-scaled-aspect-ratio-1400-788-scaled-1.jpeg\",\"contentUrl\":\"https:\\\/\\\/transportjournal.com\\\/wp-content\\\/uploads\\\/sites\\\/2\\\/2026\\\/04\\\/AdobeStock_550205599-scaled-aspect-ratio-1400-788-scaled-1.jpeg\",\"width\":2560,\"height\":1441},{\"@type\":\"BreadcrumbList\",\"@id\":\"https:\\\/\\\/transportjournal.com\\\/nl\\\/2026\\\/04\\\/29\\\/premiers-bespreken-grensinfrastructuur-tussen-polen-en-oekraine\\\/#breadcrumb\",\"itemListElement\":[{\"@type\":\"ListItem\",\"position\":1,\"name\":\"Startseite\",\"item\":\"https:\\\/\\\/transportjournal.com\\\/nl\\\/\"},{\"@type\":\"ListItem\",\"position\":2,\"name\":\"Premiers bespreken grensinfrastructuur tussen Polen en Oekra\u00efne\"}]},{\"@type\":\"WebSite\",\"@id\":\"https:\\\/\\\/transportjournal.com\\\/nl\\\/#website\",\"url\":\"https:\\\/\\\/transportjournal.com\\\/nl\\\/\",\"name\":\"ITJ | International Transport Journal\",\"description\":\"Stay informed with the latest global news from the transport, logistics, and supply chain industries. Transport Journal delivers expert insights, analysis, and updates across shipping, aviation, intermodal, and forwarding.\",\"publisher\":{\"@id\":\"https:\\\/\\\/transportjournal.com\\\/nl\\\/#organization\"},\"potentialAction\":[{\"@type\":\"SearchAction\",\"target\":{\"@type\":\"EntryPoint\",\"urlTemplate\":\"https:\\\/\\\/transportjournal.com\\\/nl\\\/?s={search_term_string}\"},\"query-input\":{\"@type\":\"PropertyValueSpecification\",\"valueRequired\":true,\"valueName\":\"search_term_string\"}}],\"inLanguage\":\"nl-NL\"},{\"@type\":\"Organization\",\"@id\":\"https:\\\/\\\/transportjournal.com\\\/nl\\\/#organization\",\"name\":\"Logismedia Groep AG\",\"alternateName\":\"Logismedia Group AG\",\"url\":\"https:\\\/\\\/transportjournal.com\\\/nl\\\/\",\"logo\":{\"@type\":\"ImageObject\",\"inLanguage\":\"nl-NL\",\"@id\":\"https:\\\/\\\/transportjournal.com\\\/nl\\\/#\\\/schema\\\/logo\\\/image\\\/\",\"url\":\"https:\\\/\\\/transportjournal.com\\\/wp-content\\\/uploads\\\/sites\\\/2\\\/2025\\\/09\\\/Logo_ITJ.png\",\"contentUrl\":\"https:\\\/\\\/transportjournal.com\\\/wp-content\\\/uploads\\\/sites\\\/2\\\/2025\\\/09\\\/Logo_ITJ.png\",\"width\":799,\"height\":326,\"caption\":\"Logismedia Groep AG\"},\"image\":{\"@id\":\"https:\\\/\\\/transportjournal.com\\\/nl\\\/#\\\/schema\\\/logo\\\/image\\\/\"},\"sameAs\":[\"https:\\\/\\\/www.linkedin.com\\\/company\\\/56456496\\\/admin\\\/dashboard\\\/\",\"https:\\\/\\\/www.instagram.com\\\/logismediagroup\\\/\",\"https:\\\/\\\/www.youtube.com\\\/@LogiamediaGroupAG\"]},{\"@type\":\"Person\",\"@id\":\"https:\\\/\\\/transportjournal.com\\\/nl\\\/#\\\/schema\\\/person\\\/41d36b5474b623392fa613e97e2363fa\",\"name\":\"Jeremy Soland\",\"url\":\"https:\\\/\\\/transportjournal.com\\\/nl\\\/author\\\/jeremy\\\/\"}]}<\/script>\n<!-- \/ Yoast SEO plugin. -->","yoast_head_json":{"title":"Premiers bespreken grensinfrastructuur tussen Polen en Oekra\u00efne - ITJ | International Transport Journal","robots":{"index":"index","follow":"follow","max-snippet":"max-snippet:-1","max-image-preview":"max-image-preview:large","max-video-preview":"max-video-preview:-1"},"canonical":"https:\/\/transportjournal.com\/nl\/2026\/04\/29\/premiers-bespreken-grensinfrastructuur-tussen-polen-en-oekraine\/","og_locale":"nl_NL","og_type":"article","og_title":"Premiers bespreken grensinfrastructuur tussen Polen en Oekra\u00efne - ITJ | International Transport Journal","og_description":"De Oekra\u00efense premier Yuliia Svyrydenko en haar Poolse ambtsgenoot Donald Tusk bespraken in Rzesz\u00f3w de verbetering van de grensinfrastructuur.","og_url":"https:\/\/transportjournal.com\/nl\/2026\/04\/29\/premiers-bespreken-grensinfrastructuur-tussen-polen-en-oekraine\/","og_site_name":"ITJ | International Transport Journal","article_published_time":"2026-04-29T10:37:12+00:00","og_image":[{"width":2560,"height":1441,"url":"https:\/\/transportjournal.com\/wp-content\/uploads\/sites\/2\/2026\/04\/AdobeStock_550205599-scaled-aspect-ratio-1400-788-scaled-1.jpeg","type":"image\/jpeg"}],"author":"Jeremy Soland","twitter_card":"summary_large_image","twitter_misc":{"Geschreven door":"Jeremy Soland","Geschatte leestijd":"1 minuut"},"schema":{"@context":"https:\/\/schema.org","@graph":[{"@type":"Article","@id":"https:\/\/transportjournal.com\/nl\/2026\/04\/29\/premiers-bespreken-grensinfrastructuur-tussen-polen-en-oekraine\/#article","isPartOf":{"@id":"https:\/\/transportjournal.com\/nl\/2026\/04\/29\/premiers-bespreken-grensinfrastructuur-tussen-polen-en-oekraine\/"},"author":{"name":"Jeremy Soland","@id":"https:\/\/transportjournal.com\/nl\/#\/schema\/person\/41d36b5474b623392fa613e97e2363fa"},"headline":"Premiers bespreken grensinfrastructuur tussen Polen en Oekra\u00efne","datePublished":"2026-04-29T10:37:12+00:00","mainEntityOfPage":{"@id":"https:\/\/transportjournal.com\/nl\/2026\/04\/29\/premiers-bespreken-grensinfrastructuur-tussen-polen-en-oekraine\/"},"wordCount":190,"commentCount":0,"publisher":{"@id":"https:\/\/transportjournal.com\/nl\/#organization"},"image":{"@id":"https:\/\/transportjournal.com\/nl\/2026\/04\/29\/premiers-bespreken-grensinfrastructuur-tussen-polen-en-oekraine\/#primaryimage"},"thumbnailUrl":"https:\/\/transportjournal.com\/wp-content\/uploads\/sites\/2\/2026\/04\/AdobeStock_550205599-scaled-aspect-ratio-1400-788-scaled-1.jpeg","keywords":["border crossing procedures","border crossings Poland Ukraine","coop\u00e9ration logistique","Deutsch Grenzinfrastruktur","d\u00e9veloppement des infrastructures","Digitalisierung Logistik","digitalization logistics","efficacit\u00e9 contr\u00f4le frontalier","efficiency border control","Effizienz Grenzkontrolle","entreprises de transport ukrainiennes","EU market transport companies","EU-Markt Transportunternehmen","Fachkr\u00e4ftemangel Transport","Grenz\u00fcberg\u00e4nge Polen Ukraine","Grenz\u00fcbertrittsverfahren","hub logistique Rzesz\u00f3w","industrie du transport Europe","infrastructure development","Infrastrukturentwicklung","labor shortage transport","logistics cooperation","logistics Poland Ukraine","Logistik Polen Ukraine","logistique Pologne Ukraine","march\u00e9 de l'UE entreprises de transport","minist\u00e8re du D\u00e9veloppement","Ministerium f\u00fcr Entwicklung","Ministry of Development","nachhaltige Logistikl\u00f6sungen","num\u00e9risation logistique","p\u00e9nurie de main-d'\u0153uvre transport","planification des transports Europe","points de passage Pologne Ukraine","proc\u00e9dures de passage de fronti\u00e8re","road transport Poland","Rzesz\u00f3w logistics hub","Rzesz\u00f3w Logistikzentrum","SENT\/RMPD-System","solutions logistiques durables","Stra\u00dfenverkehr Polen","sustainable logistics solutions","syst\u00e8me SENT\/RMPD","transport industry Europe","transport planning Europe Fran\u00e7ais Infrastructure frontali\u00e8re","transport routier Pologne","Transportwirtschaft Europa","Ukrainian transport companies","ukrainische Transportunternehmen","Verkehrsplanung Europa English Border infrastructure","Zusammenarbeit Logistik"],"articleSection":["Europa","Intermodaal \/ Weg"],"inLanguage":"nl-NL","potentialAction":[{"@type":"CommentAction","name":"Comment","target":["https:\/\/transportjournal.com\/nl\/2026\/04\/29\/premiers-bespreken-grensinfrastructuur-tussen-polen-en-oekraine\/#respond"]}]},{"@type":"WebPage","@id":"https:\/\/transportjournal.com\/nl\/2026\/04\/29\/premiers-bespreken-grensinfrastructuur-tussen-polen-en-oekraine\/","url":"https:\/\/transportjournal.com\/nl\/2026\/04\/29\/premiers-bespreken-grensinfrastructuur-tussen-polen-en-oekraine\/","name":"Premiers bespreken grensinfrastructuur tussen Polen en Oekra\u00efne - ITJ | International Transport Journal","isPartOf":{"@id":"https:\/\/transportjournal.com\/nl\/#website"},"primaryImageOfPage":{"@id":"https:\/\/transportjournal.com\/nl\/2026\/04\/29\/premiers-bespreken-grensinfrastructuur-tussen-polen-en-oekraine\/#primaryimage"},"image":{"@id":"https:\/\/transportjournal.com\/nl\/2026\/04\/29\/premiers-bespreken-grensinfrastructuur-tussen-polen-en-oekraine\/#primaryimage"},"thumbnailUrl":"https:\/\/transportjournal.com\/wp-content\/uploads\/sites\/2\/2026\/04\/AdobeStock_550205599-scaled-aspect-ratio-1400-788-scaled-1.jpeg","datePublished":"2026-04-29T10:37:12+00:00","breadcrumb":{"@id":"https:\/\/transportjournal.com\/nl\/2026\/04\/29\/premiers-bespreken-grensinfrastructuur-tussen-polen-en-oekraine\/#breadcrumb"},"inLanguage":"nl-NL","potentialAction":[{"@type":"ReadAction","target":["https:\/\/transportjournal.com\/nl\/2026\/04\/29\/premiers-bespreken-grensinfrastructuur-tussen-polen-en-oekraine\/"]}]},{"@type":"ImageObject","inLanguage":"nl-NL","@id":"https:\/\/transportjournal.com\/nl\/2026\/04\/29\/premiers-bespreken-grensinfrastructuur-tussen-polen-en-oekraine\/#primaryimage","url":"https:\/\/transportjournal.com\/wp-content\/uploads\/sites\/2\/2026\/04\/AdobeStock_550205599-scaled-aspect-ratio-1400-788-scaled-1.jpeg","contentUrl":"https:\/\/transportjournal.com\/wp-content\/uploads\/sites\/2\/2026\/04\/AdobeStock_550205599-scaled-aspect-ratio-1400-788-scaled-1.jpeg","width":2560,"height":1441},{"@type":"BreadcrumbList","@id":"https:\/\/transportjournal.com\/nl\/2026\/04\/29\/premiers-bespreken-grensinfrastructuur-tussen-polen-en-oekraine\/#breadcrumb","itemListElement":[{"@type":"ListItem","position":1,"name":"Startseite","item":"https:\/\/transportjournal.com\/nl\/"},{"@type":"ListItem","position":2,"name":"Premiers bespreken grensinfrastructuur tussen Polen en Oekra\u00efne"}]},{"@type":"WebSite","@id":"https:\/\/transportjournal.com\/nl\/#website","url":"https:\/\/transportjournal.com\/nl\/","name":"ITJ | International Transport Journal","description":"Stay informed with the latest global news from the transport, logistics, and supply chain industries. Transport Journal delivers expert insights, analysis, and updates across shipping, aviation, intermodal, and forwarding.","publisher":{"@id":"https:\/\/transportjournal.com\/nl\/#organization"},"potentialAction":[{"@type":"SearchAction","target":{"@type":"EntryPoint","urlTemplate":"https:\/\/transportjournal.com\/nl\/?s={search_term_string}"},"query-input":{"@type":"PropertyValueSpecification","valueRequired":true,"valueName":"search_term_string"}}],"inLanguage":"nl-NL"},{"@type":"Organization","@id":"https:\/\/transportjournal.com\/nl\/#organization","name":"Logismedia Groep AG","alternateName":"Logismedia Group AG","url":"https:\/\/transportjournal.com\/nl\/","logo":{"@type":"ImageObject","inLanguage":"nl-NL","@id":"https:\/\/transportjournal.com\/nl\/#\/schema\/logo\/image\/","url":"https:\/\/transportjournal.com\/wp-content\/uploads\/sites\/2\/2025\/09\/Logo_ITJ.png","contentUrl":"https:\/\/transportjournal.com\/wp-content\/uploads\/sites\/2\/2025\/09\/Logo_ITJ.png","width":799,"height":326,"caption":"Logismedia Groep AG"},"image":{"@id":"https:\/\/transportjournal.com\/nl\/#\/schema\/logo\/image\/"},"sameAs":["https:\/\/www.linkedin.com\/company\/56456496\/admin\/dashboard\/","https:\/\/www.instagram.com\/logismediagroup\/","https:\/\/www.youtube.com\/@LogiamediaGroupAG"]},{"@type":"Person","@id":"https:\/\/transportjournal.com\/nl\/#\/schema\/person\/41d36b5474b623392fa613e97e2363fa","name":"Jeremy Soland","url":"https:\/\/transportjournal.com\/nl\/author\/jeremy\/"}]}},"_links":{"self":[{"href":"https:\/\/transportjournal.com\/nl\/wp-json\/wp\/v2\/posts\/87291","targetHints":{"allow":["GET"]}}],"collection":[{"href":"https:\/\/transportjournal.com\/nl\/wp-json\/wp\/v2\/posts"}],"about":[{"href":"https:\/\/transportjournal.com\/nl\/wp-json\/wp\/v2\/types\/post"}],"author":[{"embeddable":true,"href":"https:\/\/transportjournal.com\/nl\/wp-json\/wp\/v2\/users\/10"}],"replies":[{"embeddable":true,"href":"https:\/\/transportjournal.com\/nl\/wp-json\/wp\/v2\/comments?post=87291"}],"version-history":[{"count":0,"href":"https:\/\/transportjournal.com\/nl\/wp-json\/wp\/v2\/posts\/87291\/revisions"}],"wp:featuredmedia":[{"embeddable":true,"href":"https:\/\/transportjournal.com\/nl\/wp-json\/wp\/v2\/media\/87285"}],"wp:attachment":[{"href":"https:\/\/transportjournal.com\/nl\/wp-json\/wp\/v2\/media?parent=87291"}],"wp:term":[{"taxonomy":"category","embeddable":true,"href":"https:\/\/transportjournal.com\/nl\/wp-json\/wp\/v2\/categories?post=87291"},{"taxonomy":"post_tag","embeddable":true,"href":"https:\/\/transportjournal.com\/nl\/wp-json\/wp\/v2\/tags?post=87291"}],"curies":[{"name":"wp","href":"https:\/\/api.w.org\/{rel}","templated":true}]}}