{"id":87283,"date":"2026-04-29T10:38:43","date_gmt":"2026-04-29T10:38:43","guid":{"rendered":"https:\/\/transportjournal.com\/2026\/04\/29\/fedex-dringt-aan-op-terugkeer-van-de-drie-motorige-vliegtuigen\/"},"modified":"2026-04-29T10:38:43","modified_gmt":"2026-04-29T10:38:43","slug":"fedex-dringt-aan-op-terugkeer-van-de-drie-motorige-vliegtuigen","status":"publish","type":"post","link":"https:\/\/transportjournal.com\/nl\/2026\/04\/29\/fedex-dringt-aan-op-terugkeer-van-de-drie-motorige-vliegtuigen\/","title":{"rendered":"FedEx dringt aan op terugkeer van de drie-motorige vliegtuigen"},"content":{"rendered":"<p>FedEx heeft aangekondigd dat de McDonnell Douglas MD-11F-vrachtvliegtuigen vanaf mei weer in actieve dienst zullen terugkeren. Dit volgt op een pauze van zes maanden die werd opgelegd na de dodelijke crash van een UPS MD-11F in november 2025. De Amerikaanse luchtvaartautoriteit FAA had daarop een noodinstructie uitgevaardigd die een uitgebreide inspectie van de MD-11F-vloot voorschreef. FedEx had al in januari aangekondigd dat men samenwerkt met Boeing en de FAA om de terugkeer van de vliegtuigen voor het einde van het vierde kwartaal, dat op 31 mei eindigt, mogelijk te maken.<\/p>\n<p>De vloot van FedEx omvat in totaal 29 MD-11F, die momenteel geparkeerd zijn. De meeste van deze vrachtvliegtuigen zijn meer dan 30 jaar oud, waarbij het oudste model 36 jaar oud is. De beslissing van FedEx om de MD-11F weer in dienst te stellen, zou sommige mensen in de sector kunnen verrassen, aangezien de leeftijd van de vliegtuigen zorgen oproept. In tegenstelling tot FedEx heeft UPS alle MD-11F in het vierde kwartaal van 2025 uit de lucht gehaald en is van plan deze te vervangen door Boeing 767F.<\/p>\n<h3>Herinvoering na inspecties<\/h3>\n<p>De MD-11F-vloot van FedEx werd tijdelijk stilgelegd na het ongeluk bij UPS, waarbij 15 mensen om het leven kwamen. Het ongeluk deed zich voor toen het linker motor van de vleugel loskwam tijdens de klim, wat leidde tot een verlies van controle over het vliegtuig. De National Transportation Safety Board (NTSB) heeft in haar voorlopige bevindingen gewezen op een vermoeiingsbreuk in de motorophangingen. Deze zwakte was al in 2011 in een onderhoudsnotitie van Boeing aan de orde gesteld.<\/p>\n<p>De FAA heeft de MD-11 na het voorval aanvankelijk aan de grond gehouden, maar heeft een hercertificering niet uitgesloten, mits de vereiste inspecties en reparaties worden uitgevoerd. FedEx is van plan de MD-11F geleidelijk weer in gebruik te nemen, nadat de noodzakelijke maatregelen zijn afgerond.<\/p>\n<p>De impact van de stillegging van de MD-11F op de wereldwijde vrachtcapaciteit was beperkt, aangezien deze vliegtuigen voornamelijk op nationale routes werden ingezet. De terugkeer van de MD-11F zou echter de capaciteiten van FedEx in het vrachtvervoer kunnen vergroten, terwijl andere operators zoals Western Global Airlines ook MD-11F in hun vloot hebben, die momenteel niet in gebruik zijn.<\/p>\n<p>&nbsp;<\/p>\n<p><a href=\"https:\/\/www.fedex.com\/\" target=\"_blank\" rel=\"noopener noreferrer\">www.fedex.com<\/a><\/p>\n<p>&nbsp;<\/p>\n","protected":false},"excerpt":{"rendered":"<p>FedEx zal de McDonnell Douglas MD-11F-vrachtvliegtuigen vanaf mei na uitgebreide inspecties weer in gebruik nemen om de vrachtcapaciteiten te verhogen.<\/p>\n","protected":false},"author":12,"featured_media":87277,"comment_status":"open","ping_status":"","sticky":false,"template":"","format":"standard","meta":{"_acf_changed":false,"footnotes":""},"categories":[1602,1594],"tags":[43431,2648,3447,5975,5976,5507,43432,43433,4279,3402,10678,43434,4755,43435,43436,43437,43438,43439,43440,43441,2032,1778,28016,4091,2655,4604,2125,43442,2821,1831,5996,1962,3472,3475,43443,43444,43445,43446,43447,43448,2829,43449,43450,4105,2839,1837,43451,43452,43453,43454,43455],"class_list":["post-87283","post","type-post","status-publish","format-standard","has-post-thumbnail","hentry","category-amerika","category-luchtvracht","tag-accident-investigation","tag-air-freight","tag-air-freight-market","tag-autorite-de-laviation","tag-aviation-authority","tag-avions-cargo","tag-boeing-767f","tag-boeing-maintenance-memo","tag-capacite-de-fret","tag-cargo-aircraft","tag-cargo-capacity","tag-defaillance-de-support-moteur","tag-deutsch-fedex","tag-domestic-routes","tag-engine-mount-failure","tag-enquete-sur-laccident","tag-faa-inspections","tag-faa-inspektionen","tag-fleet-management-francais-fedex","tag-flottenmanagement-english-fedex","tag-frachtflugzeuge","tag-frachtkapazitaet","tag-frachtverkehr","tag-freight-transport","tag-fret-aerien","tag-gestion-de-flotte","tag-industrie-du-transport","tag-inspections-faa","tag-logistics-providers","tag-logistikdienstleister","tag-luftfahrtbehoerde","tag-luftfracht","tag-luftfrachtmarkt","tag-marche-du-fret-aerien","tag-mcdonnell-douglas","tag-md-11f","tag-md-11f-reactivation","tag-memo-de-maintenance-boeing","tag-nationale-routen","tag-ntsb","tag-prestataires-logistiques","tag-reactivation-md-11f","tag-routes-nationales","tag-transport-de-fret","tag-transportation-industry","tag-transportwirtschaft","tag-triebwerksaufhaengung","tag-unfalluntersuchung","tag-ups-md-11f","tag-wartungsmemo-boeing","tag-wiederinbetriebnahme-md-11f"],"acf":[],"yoast_head":"<!-- This site is optimized with the Yoast SEO plugin v27.3 - https:\/\/yoast.com\/product\/yoast-seo-wordpress\/ -->\n<title>FedEx dringt aan op terugkeer van de drie-motorige vliegtuigen - ITJ | International Transport Journal<\/title>\n<meta name=\"robots\" content=\"index, follow, max-snippet:-1, max-image-preview:large, max-video-preview:-1\" \/>\n<link rel=\"canonical\" href=\"https:\/\/transportjournal.com\/nl\/2026\/04\/29\/fedex-dringt-aan-op-terugkeer-van-de-drie-motorige-vliegtuigen\/\" \/>\n<meta property=\"og:locale\" content=\"nl_NL\" \/>\n<meta property=\"og:type\" content=\"article\" \/>\n<meta property=\"og:title\" content=\"FedEx dringt aan op terugkeer van de drie-motorige vliegtuigen - ITJ | International Transport Journal\" \/>\n<meta property=\"og:description\" content=\"FedEx zal de McDonnell Douglas MD-11F-vrachtvliegtuigen vanaf mei na uitgebreide inspecties weer in gebruik nemen om de vrachtcapaciteiten te verhogen.\" \/>\n<meta property=\"og:url\" content=\"https:\/\/transportjournal.com\/nl\/2026\/04\/29\/fedex-dringt-aan-op-terugkeer-van-de-drie-motorige-vliegtuigen\/\" \/>\n<meta property=\"og:site_name\" content=\"ITJ | International Transport Journal\" \/>\n<meta property=\"article:published_time\" content=\"2026-04-29T10:38:43+00:00\" \/>\n<meta property=\"og:image\" content=\"https:\/\/transportjournal.com\/wp-content\/uploads\/sites\/2\/2026\/04\/Fedex-md-11f.webp\" \/>\n\t<meta property=\"og:image:width\" content=\"1000\" \/>\n\t<meta property=\"og:image:height\" content=\"563\" \/>\n\t<meta property=\"og:image:type\" content=\"image\/webp\" \/>\n<meta name=\"author\" content=\"Andreas Haug\" \/>\n<meta name=\"twitter:card\" content=\"summary_large_image\" \/>\n<meta name=\"twitter:label1\" content=\"Geschreven door\" \/>\n\t<meta name=\"twitter:data1\" content=\"Andreas Haug\" \/>\n\t<meta name=\"twitter:label2\" content=\"Geschatte leestijd\" \/>\n\t<meta name=\"twitter:data2\" content=\"2 minuut\" \/>\n<script type=\"application\/ld+json\" class=\"yoast-schema-graph\">{\"@context\":\"https:\\\/\\\/schema.org\",\"@graph\":[{\"@type\":\"Article\",\"@id\":\"https:\\\/\\\/transportjournal.com\\\/nl\\\/2026\\\/04\\\/29\\\/fedex-dringt-aan-op-terugkeer-van-de-drie-motorige-vliegtuigen\\\/#article\",\"isPartOf\":{\"@id\":\"https:\\\/\\\/transportjournal.com\\\/nl\\\/2026\\\/04\\\/29\\\/fedex-dringt-aan-op-terugkeer-van-de-drie-motorige-vliegtuigen\\\/\"},\"author\":{\"name\":\"Andreas Haug\",\"@id\":\"https:\\\/\\\/transportjournal.com\\\/nl\\\/#\\\/schema\\\/person\\\/cf538b3157f15afd7589245a4b3dbd25\"},\"headline\":\"FedEx dringt aan op terugkeer van de drie-motorige vliegtuigen\",\"datePublished\":\"2026-04-29T10:38:43+00:00\",\"mainEntityOfPage\":{\"@id\":\"https:\\\/\\\/transportjournal.com\\\/nl\\\/2026\\\/04\\\/29\\\/fedex-dringt-aan-op-terugkeer-van-de-drie-motorige-vliegtuigen\\\/\"},\"wordCount\":379,\"commentCount\":0,\"publisher\":{\"@id\":\"https:\\\/\\\/transportjournal.com\\\/nl\\\/#organization\"},\"image\":{\"@id\":\"https:\\\/\\\/transportjournal.com\\\/nl\\\/2026\\\/04\\\/29\\\/fedex-dringt-aan-op-terugkeer-van-de-drie-motorige-vliegtuigen\\\/#primaryimage\"},\"thumbnailUrl\":\"https:\\\/\\\/transportjournal.com\\\/wp-content\\\/uploads\\\/sites\\\/2\\\/2026\\\/04\\\/Fedex-md-11f.webp\",\"keywords\":[\"accident investigation\",\"air freight\",\"air freight market\",\"autorit\u00e9 de l'aviation\",\"aviation authority\",\"avions cargo\",\"Boeing 767F\",\"Boeing maintenance memo\",\"capacit\u00e9 de fret\",\"cargo aircraft\",\"cargo capacity\",\"d\u00e9faillance de support moteur\",\"Deutsch FedEx\",\"domestic routes\",\"engine mount failure\",\"enqu\u00eate sur l'accident\",\"FAA inspections\",\"FAA Inspektionen\",\"fleet management Fran\u00e7ais FedEx\",\"Flottenmanagement English FedEx\",\"Frachtflugzeuge\",\"Frachtkapazit\u00e4t\",\"Frachtverkehr\",\"freight transport\",\"fret a\u00e9rien\",\"gestion de flotte\",\"industrie du transport\",\"inspections FAA\",\"logistics providers\",\"Logistikdienstleister\",\"Luftfahrtbeh\u00f6rde\",\"Luftfracht\",\"Luftfrachtmarkt\",\"march\u00e9 du fret a\u00e9rien\",\"McDonnell Douglas\",\"MD-11F\",\"MD-11F reactivation\",\"m\u00e9mo de maintenance Boeing\",\"nationale Routen\",\"NTSB\",\"prestataires logistiques\",\"r\u00e9activation MD-11F\",\"routes nationales\",\"transport de fret\",\"transportation industry\",\"Transportwirtschaft\",\"Triebwerksaufh\u00e4ngung\",\"Unfalluntersuchung\",\"UPS MD-11F\",\"Wartungsmemo Boeing\",\"Wiederinbetriebnahme MD-11F\"],\"articleSection\":[\"Amerika\",\"Luchtvracht\"],\"inLanguage\":\"nl-NL\",\"potentialAction\":[{\"@type\":\"CommentAction\",\"name\":\"Comment\",\"target\":[\"https:\\\/\\\/transportjournal.com\\\/nl\\\/2026\\\/04\\\/29\\\/fedex-dringt-aan-op-terugkeer-van-de-drie-motorige-vliegtuigen\\\/#respond\"]}]},{\"@type\":\"WebPage\",\"@id\":\"https:\\\/\\\/transportjournal.com\\\/nl\\\/2026\\\/04\\\/29\\\/fedex-dringt-aan-op-terugkeer-van-de-drie-motorige-vliegtuigen\\\/\",\"url\":\"https:\\\/\\\/transportjournal.com\\\/nl\\\/2026\\\/04\\\/29\\\/fedex-dringt-aan-op-terugkeer-van-de-drie-motorige-vliegtuigen\\\/\",\"name\":\"FedEx dringt aan op terugkeer van de drie-motorige vliegtuigen - ITJ | International Transport Journal\",\"isPartOf\":{\"@id\":\"https:\\\/\\\/transportjournal.com\\\/nl\\\/#website\"},\"primaryImageOfPage\":{\"@id\":\"https:\\\/\\\/transportjournal.com\\\/nl\\\/2026\\\/04\\\/29\\\/fedex-dringt-aan-op-terugkeer-van-de-drie-motorige-vliegtuigen\\\/#primaryimage\"},\"image\":{\"@id\":\"https:\\\/\\\/transportjournal.com\\\/nl\\\/2026\\\/04\\\/29\\\/fedex-dringt-aan-op-terugkeer-van-de-drie-motorige-vliegtuigen\\\/#primaryimage\"},\"thumbnailUrl\":\"https:\\\/\\\/transportjournal.com\\\/wp-content\\\/uploads\\\/sites\\\/2\\\/2026\\\/04\\\/Fedex-md-11f.webp\",\"datePublished\":\"2026-04-29T10:38:43+00:00\",\"breadcrumb\":{\"@id\":\"https:\\\/\\\/transportjournal.com\\\/nl\\\/2026\\\/04\\\/29\\\/fedex-dringt-aan-op-terugkeer-van-de-drie-motorige-vliegtuigen\\\/#breadcrumb\"},\"inLanguage\":\"nl-NL\",\"potentialAction\":[{\"@type\":\"ReadAction\",\"target\":[\"https:\\\/\\\/transportjournal.com\\\/nl\\\/2026\\\/04\\\/29\\\/fedex-dringt-aan-op-terugkeer-van-de-drie-motorige-vliegtuigen\\\/\"]}]},{\"@type\":\"ImageObject\",\"inLanguage\":\"nl-NL\",\"@id\":\"https:\\\/\\\/transportjournal.com\\\/nl\\\/2026\\\/04\\\/29\\\/fedex-dringt-aan-op-terugkeer-van-de-drie-motorige-vliegtuigen\\\/#primaryimage\",\"url\":\"https:\\\/\\\/transportjournal.com\\\/wp-content\\\/uploads\\\/sites\\\/2\\\/2026\\\/04\\\/Fedex-md-11f.webp\",\"contentUrl\":\"https:\\\/\\\/transportjournal.com\\\/wp-content\\\/uploads\\\/sites\\\/2\\\/2026\\\/04\\\/Fedex-md-11f.webp\",\"width\":1000,\"height\":563},{\"@type\":\"BreadcrumbList\",\"@id\":\"https:\\\/\\\/transportjournal.com\\\/nl\\\/2026\\\/04\\\/29\\\/fedex-dringt-aan-op-terugkeer-van-de-drie-motorige-vliegtuigen\\\/#breadcrumb\",\"itemListElement\":[{\"@type\":\"ListItem\",\"position\":1,\"name\":\"Startseite\",\"item\":\"https:\\\/\\\/transportjournal.com\\\/nl\\\/\"},{\"@type\":\"ListItem\",\"position\":2,\"name\":\"FedEx dringt aan op terugkeer van de drie-motorige vliegtuigen\"}]},{\"@type\":\"WebSite\",\"@id\":\"https:\\\/\\\/transportjournal.com\\\/nl\\\/#website\",\"url\":\"https:\\\/\\\/transportjournal.com\\\/nl\\\/\",\"name\":\"ITJ | International Transport Journal\",\"description\":\"Stay informed with the latest global news from the transport, logistics, and supply chain industries. Transport Journal delivers expert insights, analysis, and updates across shipping, aviation, intermodal, and forwarding.\",\"publisher\":{\"@id\":\"https:\\\/\\\/transportjournal.com\\\/nl\\\/#organization\"},\"potentialAction\":[{\"@type\":\"SearchAction\",\"target\":{\"@type\":\"EntryPoint\",\"urlTemplate\":\"https:\\\/\\\/transportjournal.com\\\/nl\\\/?s={search_term_string}\"},\"query-input\":{\"@type\":\"PropertyValueSpecification\",\"valueRequired\":true,\"valueName\":\"search_term_string\"}}],\"inLanguage\":\"nl-NL\"},{\"@type\":\"Organization\",\"@id\":\"https:\\\/\\\/transportjournal.com\\\/nl\\\/#organization\",\"name\":\"Logismedia Groep AG\",\"alternateName\":\"Logismedia Group AG\",\"url\":\"https:\\\/\\\/transportjournal.com\\\/nl\\\/\",\"logo\":{\"@type\":\"ImageObject\",\"inLanguage\":\"nl-NL\",\"@id\":\"https:\\\/\\\/transportjournal.com\\\/nl\\\/#\\\/schema\\\/logo\\\/image\\\/\",\"url\":\"https:\\\/\\\/transportjournal.com\\\/wp-content\\\/uploads\\\/sites\\\/2\\\/2025\\\/09\\\/Logo_ITJ.png\",\"contentUrl\":\"https:\\\/\\\/transportjournal.com\\\/wp-content\\\/uploads\\\/sites\\\/2\\\/2025\\\/09\\\/Logo_ITJ.png\",\"width\":799,\"height\":326,\"caption\":\"Logismedia Groep AG\"},\"image\":{\"@id\":\"https:\\\/\\\/transportjournal.com\\\/nl\\\/#\\\/schema\\\/logo\\\/image\\\/\"},\"sameAs\":[\"https:\\\/\\\/www.linkedin.com\\\/company\\\/56456496\\\/admin\\\/dashboard\\\/\",\"https:\\\/\\\/www.instagram.com\\\/logismediagroup\\\/\",\"https:\\\/\\\/www.youtube.com\\\/@LogiamediaGroupAG\"]},{\"@type\":\"Person\",\"@id\":\"https:\\\/\\\/transportjournal.com\\\/nl\\\/#\\\/schema\\\/person\\\/cf538b3157f15afd7589245a4b3dbd25\",\"name\":\"Andreas Haug\",\"url\":\"https:\\\/\\\/transportjournal.com\\\/nl\\\/author\\\/andreas\\\/\"}]}<\/script>\n<!-- \/ Yoast SEO plugin. -->","yoast_head_json":{"title":"FedEx dringt aan op terugkeer van de drie-motorige vliegtuigen - ITJ | International Transport Journal","robots":{"index":"index","follow":"follow","max-snippet":"max-snippet:-1","max-image-preview":"max-image-preview:large","max-video-preview":"max-video-preview:-1"},"canonical":"https:\/\/transportjournal.com\/nl\/2026\/04\/29\/fedex-dringt-aan-op-terugkeer-van-de-drie-motorige-vliegtuigen\/","og_locale":"nl_NL","og_type":"article","og_title":"FedEx dringt aan op terugkeer van de drie-motorige vliegtuigen - ITJ | International Transport Journal","og_description":"FedEx zal de McDonnell Douglas MD-11F-vrachtvliegtuigen vanaf mei na uitgebreide inspecties weer in gebruik nemen om de vrachtcapaciteiten te verhogen.","og_url":"https:\/\/transportjournal.com\/nl\/2026\/04\/29\/fedex-dringt-aan-op-terugkeer-van-de-drie-motorige-vliegtuigen\/","og_site_name":"ITJ | International Transport Journal","article_published_time":"2026-04-29T10:38:43+00:00","og_image":[{"width":1000,"height":563,"url":"https:\/\/transportjournal.com\/wp-content\/uploads\/sites\/2\/2026\/04\/Fedex-md-11f.webp","type":"image\/webp"}],"author":"Andreas Haug","twitter_card":"summary_large_image","twitter_misc":{"Geschreven door":"Andreas Haug","Geschatte leestijd":"2 minuut"},"schema":{"@context":"https:\/\/schema.org","@graph":[{"@type":"Article","@id":"https:\/\/transportjournal.com\/nl\/2026\/04\/29\/fedex-dringt-aan-op-terugkeer-van-de-drie-motorige-vliegtuigen\/#article","isPartOf":{"@id":"https:\/\/transportjournal.com\/nl\/2026\/04\/29\/fedex-dringt-aan-op-terugkeer-van-de-drie-motorige-vliegtuigen\/"},"author":{"name":"Andreas Haug","@id":"https:\/\/transportjournal.com\/nl\/#\/schema\/person\/cf538b3157f15afd7589245a4b3dbd25"},"headline":"FedEx dringt aan op terugkeer van de drie-motorige vliegtuigen","datePublished":"2026-04-29T10:38:43+00:00","mainEntityOfPage":{"@id":"https:\/\/transportjournal.com\/nl\/2026\/04\/29\/fedex-dringt-aan-op-terugkeer-van-de-drie-motorige-vliegtuigen\/"},"wordCount":379,"commentCount":0,"publisher":{"@id":"https:\/\/transportjournal.com\/nl\/#organization"},"image":{"@id":"https:\/\/transportjournal.com\/nl\/2026\/04\/29\/fedex-dringt-aan-op-terugkeer-van-de-drie-motorige-vliegtuigen\/#primaryimage"},"thumbnailUrl":"https:\/\/transportjournal.com\/wp-content\/uploads\/sites\/2\/2026\/04\/Fedex-md-11f.webp","keywords":["accident investigation","air freight","air freight market","autorit\u00e9 de l'aviation","aviation authority","avions cargo","Boeing 767F","Boeing maintenance memo","capacit\u00e9 de fret","cargo aircraft","cargo capacity","d\u00e9faillance de support moteur","Deutsch FedEx","domestic routes","engine mount failure","enqu\u00eate sur l'accident","FAA inspections","FAA Inspektionen","fleet management Fran\u00e7ais FedEx","Flottenmanagement English FedEx","Frachtflugzeuge","Frachtkapazit\u00e4t","Frachtverkehr","freight transport","fret a\u00e9rien","gestion de flotte","industrie du transport","inspections FAA","logistics providers","Logistikdienstleister","Luftfahrtbeh\u00f6rde","Luftfracht","Luftfrachtmarkt","march\u00e9 du fret a\u00e9rien","McDonnell Douglas","MD-11F","MD-11F reactivation","m\u00e9mo de maintenance Boeing","nationale Routen","NTSB","prestataires logistiques","r\u00e9activation MD-11F","routes nationales","transport de fret","transportation industry","Transportwirtschaft","Triebwerksaufh\u00e4ngung","Unfalluntersuchung","UPS MD-11F","Wartungsmemo Boeing","Wiederinbetriebnahme MD-11F"],"articleSection":["Amerika","Luchtvracht"],"inLanguage":"nl-NL","potentialAction":[{"@type":"CommentAction","name":"Comment","target":["https:\/\/transportjournal.com\/nl\/2026\/04\/29\/fedex-dringt-aan-op-terugkeer-van-de-drie-motorige-vliegtuigen\/#respond"]}]},{"@type":"WebPage","@id":"https:\/\/transportjournal.com\/nl\/2026\/04\/29\/fedex-dringt-aan-op-terugkeer-van-de-drie-motorige-vliegtuigen\/","url":"https:\/\/transportjournal.com\/nl\/2026\/04\/29\/fedex-dringt-aan-op-terugkeer-van-de-drie-motorige-vliegtuigen\/","name":"FedEx dringt aan op terugkeer van de drie-motorige vliegtuigen - ITJ | International Transport Journal","isPartOf":{"@id":"https:\/\/transportjournal.com\/nl\/#website"},"primaryImageOfPage":{"@id":"https:\/\/transportjournal.com\/nl\/2026\/04\/29\/fedex-dringt-aan-op-terugkeer-van-de-drie-motorige-vliegtuigen\/#primaryimage"},"image":{"@id":"https:\/\/transportjournal.com\/nl\/2026\/04\/29\/fedex-dringt-aan-op-terugkeer-van-de-drie-motorige-vliegtuigen\/#primaryimage"},"thumbnailUrl":"https:\/\/transportjournal.com\/wp-content\/uploads\/sites\/2\/2026\/04\/Fedex-md-11f.webp","datePublished":"2026-04-29T10:38:43+00:00","breadcrumb":{"@id":"https:\/\/transportjournal.com\/nl\/2026\/04\/29\/fedex-dringt-aan-op-terugkeer-van-de-drie-motorige-vliegtuigen\/#breadcrumb"},"inLanguage":"nl-NL","potentialAction":[{"@type":"ReadAction","target":["https:\/\/transportjournal.com\/nl\/2026\/04\/29\/fedex-dringt-aan-op-terugkeer-van-de-drie-motorige-vliegtuigen\/"]}]},{"@type":"ImageObject","inLanguage":"nl-NL","@id":"https:\/\/transportjournal.com\/nl\/2026\/04\/29\/fedex-dringt-aan-op-terugkeer-van-de-drie-motorige-vliegtuigen\/#primaryimage","url":"https:\/\/transportjournal.com\/wp-content\/uploads\/sites\/2\/2026\/04\/Fedex-md-11f.webp","contentUrl":"https:\/\/transportjournal.com\/wp-content\/uploads\/sites\/2\/2026\/04\/Fedex-md-11f.webp","width":1000,"height":563},{"@type":"BreadcrumbList","@id":"https:\/\/transportjournal.com\/nl\/2026\/04\/29\/fedex-dringt-aan-op-terugkeer-van-de-drie-motorige-vliegtuigen\/#breadcrumb","itemListElement":[{"@type":"ListItem","position":1,"name":"Startseite","item":"https:\/\/transportjournal.com\/nl\/"},{"@type":"ListItem","position":2,"name":"FedEx dringt aan op terugkeer van de drie-motorige vliegtuigen"}]},{"@type":"WebSite","@id":"https:\/\/transportjournal.com\/nl\/#website","url":"https:\/\/transportjournal.com\/nl\/","name":"ITJ | International Transport Journal","description":"Stay informed with the latest global news from the transport, logistics, and supply chain industries. Transport Journal delivers expert insights, analysis, and updates across shipping, aviation, intermodal, and forwarding.","publisher":{"@id":"https:\/\/transportjournal.com\/nl\/#organization"},"potentialAction":[{"@type":"SearchAction","target":{"@type":"EntryPoint","urlTemplate":"https:\/\/transportjournal.com\/nl\/?s={search_term_string}"},"query-input":{"@type":"PropertyValueSpecification","valueRequired":true,"valueName":"search_term_string"}}],"inLanguage":"nl-NL"},{"@type":"Organization","@id":"https:\/\/transportjournal.com\/nl\/#organization","name":"Logismedia Groep AG","alternateName":"Logismedia Group AG","url":"https:\/\/transportjournal.com\/nl\/","logo":{"@type":"ImageObject","inLanguage":"nl-NL","@id":"https:\/\/transportjournal.com\/nl\/#\/schema\/logo\/image\/","url":"https:\/\/transportjournal.com\/wp-content\/uploads\/sites\/2\/2025\/09\/Logo_ITJ.png","contentUrl":"https:\/\/transportjournal.com\/wp-content\/uploads\/sites\/2\/2025\/09\/Logo_ITJ.png","width":799,"height":326,"caption":"Logismedia Groep AG"},"image":{"@id":"https:\/\/transportjournal.com\/nl\/#\/schema\/logo\/image\/"},"sameAs":["https:\/\/www.linkedin.com\/company\/56456496\/admin\/dashboard\/","https:\/\/www.instagram.com\/logismediagroup\/","https:\/\/www.youtube.com\/@LogiamediaGroupAG"]},{"@type":"Person","@id":"https:\/\/transportjournal.com\/nl\/#\/schema\/person\/cf538b3157f15afd7589245a4b3dbd25","name":"Andreas Haug","url":"https:\/\/transportjournal.com\/nl\/author\/andreas\/"}]}},"_links":{"self":[{"href":"https:\/\/transportjournal.com\/nl\/wp-json\/wp\/v2\/posts\/87283","targetHints":{"allow":["GET"]}}],"collection":[{"href":"https:\/\/transportjournal.com\/nl\/wp-json\/wp\/v2\/posts"}],"about":[{"href":"https:\/\/transportjournal.com\/nl\/wp-json\/wp\/v2\/types\/post"}],"author":[{"embeddable":true,"href":"https:\/\/transportjournal.com\/nl\/wp-json\/wp\/v2\/users\/12"}],"replies":[{"embeddable":true,"href":"https:\/\/transportjournal.com\/nl\/wp-json\/wp\/v2\/comments?post=87283"}],"version-history":[{"count":0,"href":"https:\/\/transportjournal.com\/nl\/wp-json\/wp\/v2\/posts\/87283\/revisions"}],"wp:featuredmedia":[{"embeddable":true,"href":"https:\/\/transportjournal.com\/nl\/wp-json\/wp\/v2\/media\/87277"}],"wp:attachment":[{"href":"https:\/\/transportjournal.com\/nl\/wp-json\/wp\/v2\/media?parent=87283"}],"wp:term":[{"taxonomy":"category","embeddable":true,"href":"https:\/\/transportjournal.com\/nl\/wp-json\/wp\/v2\/categories?post=87283"},{"taxonomy":"post_tag","embeddable":true,"href":"https:\/\/transportjournal.com\/nl\/wp-json\/wp\/v2\/tags?post=87283"}],"curies":[{"name":"wp","href":"https:\/\/api.w.org\/{rel}","templated":true}]}}