{"id":86963,"date":"2026-04-28T09:44:14","date_gmt":"2026-04-28T09:44:14","guid":{"rendered":"https:\/\/transportjournal.com\/2026\/04\/28\/nieuwe-sts-kraan-voor-haven-bilbao\/"},"modified":"2026-04-28T11:58:03","modified_gmt":"2026-04-28T09:58:03","slug":"nieuwe-sts-kraan-voor-haven-bilbao","status":"publish","type":"post","link":"https:\/\/transportjournal.com\/nl\/2026\/04\/28\/nieuwe-sts-kraan-voor-haven-bilbao\/","title":{"rendered":"Nieuwe STS-kraan voor Haven Bilbao"},"content":{"rendered":"<p>CSP Iberian Bilbao Terminal, een dochteronderneming van Cosco Shipping Ports (Spain) Terminals (ook bekend als CSP Spain) in de baai van Bilbao Abra in de Golf van Biskaje in de Atlantische Oceaan, heeft een nieuwe Super-Post-Panamax-kraan in gebruik genomen en daarmee de capaciteit in de haven van Bilbao uitgebreid. De installatie moet de productiviteit en effici\u00ebntie bij de afhandeling van containerschepen verhogen.<\/p>\n<p>De kraan behoort tot de grootste in zijn soort in de Atlantische regio en zal vanaf juni inzetbaar zijn. Hij beschikt over moderne technologie en energie-effici\u00ebnte systemen. De draagcapaciteit bedraagt 83 t. De reikwijdte is 20 containerrijen, de hijshoogte 56 m. Veiligheidsfuncties zoals botsingsbescherming en camera&#8217;s ondersteunen de werking.<\/p>\n<p>CSP heeft ongeveer 10 miljoen EUR in de installatie van de fabrikant ZPMC ge\u00efnvesteerd. Het bedrag maakt deel uit van een moderniseringsprogramma dat tot 2049 loopt. Eerdere investeringen in RTG-kranen hebben zich al terugbetaald. Hiermee versterkt het terminal zijn rol in het Atlantische logistieke netwerk.<\/p>\n<p><a href=\"http:\/\/www.cspspain.com\/en\/bilbao\" target=\"_blank\" rel=\"noopener noreferrer\">www.cspspain.com\/en\/bilbao<\/a><\/p>\n","protected":false},"excerpt":{"rendered":"<p>CSP Iberian Bilbao Terminal heeft een nieuwe Super-Post-Panamax-kraan in gebruik genomen om de effici\u00ebntie en capaciteit in de Haven van Bilbao te verhogen.<\/p>\n","protected":false},"author":14,"featured_media":86951,"comment_status":"open","ping_status":"","sticky":false,"template":"","format":"standard","meta":{"_acf_changed":false,"footnotes":""},"categories":[1599,1595],"tags":[22804,42781,42782,42783,42784,42785,3703,42786,4087,42787,42788,42789,42790,42791,18242,42792,23597,22809,42793,12822,2122,42794,42795,42796,2909,14691,11683,11684,6478,42797,42798,3722,42799,42800,42801,42802,42803,2925,2720,14702,11691,2929,42804,42805,42806,42807,42808,42809,42810,42811,14460,42812,42813,12846,42814,42815,14722],"class_list":["post-86963","post","type-post","status-publish","format-standard","has-post-thumbnail","hentry","category-europa","category-scheepvaart-en-havens","tag-amelioration-de-lefficacite-portuaire","tag-atlantic-logistics-network","tag-baie-de-biscaye","tag-bay-of-biscay-francais-port-de-bilbao","tag-bucht-von-biskaya-english-bilbao-port","tag-capacite-de-levage-83-t","tag-container-handling","tag-container-transport-atlantic","tag-containerabfertigung","tag-containertransport-atlantik","tag-cosco-shipping-ports","tag-crane-safety-features","tag-csp-iberian-bilbao-terminal","tag-deutsch-hafen-bilbao","tag-digitalisierung-hafenlogistik","tag-digitalization-in-port-logistics","tag-efficiency-improvement-in-ports","tag-effizienzsteigerung-hafen","tag-energieeffiziente-systeme","tag-energy-efficient-systems","tag-fachkraeftemangel-logistik","tag-fonctionnalites-de-securite-des-grues","tag-grue-super-post-panamax","tag-grues-rtg","tag-hafenbetrieb","tag-hafenstadt-bilbao","tag-investissements-dans-linfrastructure-portuaire","tag-investitionen-hafeninfrastruktur","tag-labor-shortage-in-logistics","tag-lifting-capacity-83-t","tag-logistiknetz-atlantik","tag-manutention-de-conteneurs","tag-modern-crane-systems","tag-moderne-krananlagen","tag-modernisierungsprogramm-2049","tag-modernization-program-2049","tag-numerisation-de-la-logistique-portuaire","tag-operations-portuaires","tag-penurie-de-main-doeuvre-dans-la-logistique","tag-port-city-bilbao","tag-port-infrastructure-investments","tag-port-operations","tag-productivite-des-navires-porte-conteneurs","tag-productivity-of-container-ships","tag-produktivitaet-containerschiffe","tag-programme-de-modernisation-2049","tag-reseau-logistique-atlantique","tag-rtg-cranes","tag-rtg-krane","tag-sicherheitsfunktionen-kran","tag-super-post-panamax-kran","tag-super-post-panamax-crane","tag-systemes-de-grues-modernes","tag-systemes-ecoenergetiques","tag-tragfaehigkeit-83-t","tag-transport-de-conteneurs-atlantique","tag-ville-portuaire-bilbao"],"acf":[],"yoast_head":"<!-- This site is optimized with the Yoast SEO plugin v27.3 - https:\/\/yoast.com\/product\/yoast-seo-wordpress\/ -->\n<title>Nieuwe STS-kraan voor Haven Bilbao - ITJ | International Transport Journal<\/title>\n<meta name=\"robots\" content=\"index, follow, max-snippet:-1, max-image-preview:large, max-video-preview:-1\" \/>\n<link rel=\"canonical\" href=\"https:\/\/transportjournal.com\/nl\/2026\/04\/28\/nieuwe-sts-kraan-voor-haven-bilbao\/\" \/>\n<meta property=\"og:locale\" content=\"nl_NL\" \/>\n<meta property=\"og:type\" content=\"article\" \/>\n<meta property=\"og:title\" content=\"Nieuwe STS-kraan voor Haven Bilbao - ITJ | International Transport Journal\" \/>\n<meta property=\"og:description\" content=\"CSP Iberian Bilbao Terminal heeft een nieuwe Super-Post-Panamax-kraan in gebruik genomen om de effici\u00ebntie en capaciteit in de Haven van Bilbao te verhogen.\" \/>\n<meta property=\"og:url\" content=\"https:\/\/transportjournal.com\/nl\/2026\/04\/28\/nieuwe-sts-kraan-voor-haven-bilbao\/\" \/>\n<meta property=\"og:site_name\" content=\"ITJ | International Transport Journal\" \/>\n<meta property=\"article:published_time\" content=\"2026-04-28T09:44:14+00:00\" \/>\n<meta property=\"article:modified_time\" content=\"2026-04-28T09:58:03+00:00\" \/>\n<meta property=\"og:image\" content=\"https:\/\/transportjournal.com\/wp-content\/uploads\/sites\/2\/2026\/04\/Bilbao-Hafen-STS-Kran_JMA2600low-aspect-ratio-1400-788.jpg\" \/>\n\t<meta property=\"og:image:width\" content=\"1476\" \/>\n\t<meta property=\"og:image:height\" content=\"831\" \/>\n\t<meta property=\"og:image:type\" content=\"image\/jpeg\" \/>\n<meta name=\"author\" content=\"Gyan Sharan\" \/>\n<meta name=\"twitter:card\" content=\"summary_large_image\" \/>\n<meta name=\"twitter:label1\" content=\"Geschreven door\" \/>\n\t<meta name=\"twitter:data1\" content=\"Gyan Sharan\" \/>\n\t<meta name=\"twitter:label2\" content=\"Geschatte leestijd\" \/>\n\t<meta name=\"twitter:data2\" content=\"1 minuut\" \/>\n<script type=\"application\/ld+json\" class=\"yoast-schema-graph\">{\"@context\":\"https:\\\/\\\/schema.org\",\"@graph\":[{\"@type\":\"Article\",\"@id\":\"https:\\\/\\\/transportjournal.com\\\/nl\\\/2026\\\/04\\\/28\\\/nieuwe-sts-kraan-voor-haven-bilbao\\\/#article\",\"isPartOf\":{\"@id\":\"https:\\\/\\\/transportjournal.com\\\/nl\\\/2026\\\/04\\\/28\\\/nieuwe-sts-kraan-voor-haven-bilbao\\\/\"},\"author\":{\"name\":\"Gyan Sharan\",\"@id\":\"https:\\\/\\\/transportjournal.com\\\/nl\\\/#\\\/schema\\\/person\\\/13a9fc605c753db60ef7750a229cd042\"},\"headline\":\"Nieuwe STS-kraan voor Haven Bilbao\",\"datePublished\":\"2026-04-28T09:44:14+00:00\",\"dateModified\":\"2026-04-28T09:58:03+00:00\",\"mainEntityOfPage\":{\"@id\":\"https:\\\/\\\/transportjournal.com\\\/nl\\\/2026\\\/04\\\/28\\\/nieuwe-sts-kraan-voor-haven-bilbao\\\/\"},\"wordCount\":165,\"commentCount\":0,\"publisher\":{\"@id\":\"https:\\\/\\\/transportjournal.com\\\/nl\\\/#organization\"},\"image\":{\"@id\":\"https:\\\/\\\/transportjournal.com\\\/nl\\\/2026\\\/04\\\/28\\\/nieuwe-sts-kraan-voor-haven-bilbao\\\/#primaryimage\"},\"thumbnailUrl\":\"https:\\\/\\\/transportjournal.com\\\/wp-content\\\/uploads\\\/sites\\\/2\\\/2026\\\/04\\\/Bilbao-Hafen-STS-Kran_JMA2600low-aspect-ratio-1400-788.jpg\",\"keywords\":[\"am\u00e9lioration de l'efficacit\u00e9 portuaire\",\"Atlantic logistics network\",\"baie de Biscaye\",\"Bay of Biscay Fran\u00e7ais Port de Bilbao\",\"Bucht von Biskaya English Bilbao Port\",\"capacit\u00e9 de levage 83 t\",\"container handling\",\"container transport Atlantic\",\"Containerabfertigung\",\"Containertransport Atlantik\",\"Cosco Shipping Ports\",\"crane safety features\",\"CSP Iberian Bilbao Terminal\",\"Deutsch Hafen Bilbao\",\"Digitalisierung Hafenlogistik\",\"digitalization in port logistics\",\"efficiency improvement in ports\",\"Effizienzsteigerung Hafen\",\"energieeffiziente Systeme\",\"energy-efficient systems\",\"Fachkr\u00e4ftemangel Logistik\",\"fonctionnalit\u00e9s de s\u00e9curit\u00e9 des grues\",\"grue Super Post-Panamax\",\"grues RTG\",\"Hafenbetrieb\",\"Hafenstadt Bilbao\",\"investissements dans l'infrastructure portuaire\",\"Investitionen Hafeninfrastruktur\",\"labor shortage in logistics\",\"lifting capacity 83 t\",\"Logistiknetz Atlantik\",\"manutention de conteneurs\",\"modern crane systems\",\"moderne Krananlagen\",\"Modernisierungsprogramm 2049\",\"modernization program 2049\",\"num\u00e9risation de la logistique portuaire\",\"op\u00e9rations portuaires\",\"p\u00e9nurie de main-d'\u0153uvre dans la logistique\",\"port city Bilbao\",\"port infrastructure investments\",\"port operations\",\"productivit\u00e9 des navires porte-conteneurs\",\"productivity of container ships\",\"Produktivit\u00e4t Containerschiffe\",\"programme de modernisation 2049\",\"r\u00e9seau logistique Atlantique\",\"RTG cranes\",\"RTG-Krane\",\"Sicherheitsfunktionen Kran\",\"Super Post Panamax Kran\",\"Super Post-Panamax crane\",\"syst\u00e8mes de grues modernes\",\"syst\u00e8mes \u00e9co\u00e9nerg\u00e9tiques\",\"Tragf\u00e4higkeit 83 t\",\"transport de conteneurs Atlantique\",\"ville portuaire Bilbao\"],\"articleSection\":[\"Europa\",\"Scheepvaart en havens\"],\"inLanguage\":\"nl-NL\",\"potentialAction\":[{\"@type\":\"CommentAction\",\"name\":\"Comment\",\"target\":[\"https:\\\/\\\/transportjournal.com\\\/nl\\\/2026\\\/04\\\/28\\\/nieuwe-sts-kraan-voor-haven-bilbao\\\/#respond\"]}]},{\"@type\":\"WebPage\",\"@id\":\"https:\\\/\\\/transportjournal.com\\\/nl\\\/2026\\\/04\\\/28\\\/nieuwe-sts-kraan-voor-haven-bilbao\\\/\",\"url\":\"https:\\\/\\\/transportjournal.com\\\/nl\\\/2026\\\/04\\\/28\\\/nieuwe-sts-kraan-voor-haven-bilbao\\\/\",\"name\":\"Nieuwe STS-kraan voor Haven Bilbao - ITJ | International Transport Journal\",\"isPartOf\":{\"@id\":\"https:\\\/\\\/transportjournal.com\\\/nl\\\/#website\"},\"primaryImageOfPage\":{\"@id\":\"https:\\\/\\\/transportjournal.com\\\/nl\\\/2026\\\/04\\\/28\\\/nieuwe-sts-kraan-voor-haven-bilbao\\\/#primaryimage\"},\"image\":{\"@id\":\"https:\\\/\\\/transportjournal.com\\\/nl\\\/2026\\\/04\\\/28\\\/nieuwe-sts-kraan-voor-haven-bilbao\\\/#primaryimage\"},\"thumbnailUrl\":\"https:\\\/\\\/transportjournal.com\\\/wp-content\\\/uploads\\\/sites\\\/2\\\/2026\\\/04\\\/Bilbao-Hafen-STS-Kran_JMA2600low-aspect-ratio-1400-788.jpg\",\"datePublished\":\"2026-04-28T09:44:14+00:00\",\"dateModified\":\"2026-04-28T09:58:03+00:00\",\"breadcrumb\":{\"@id\":\"https:\\\/\\\/transportjournal.com\\\/nl\\\/2026\\\/04\\\/28\\\/nieuwe-sts-kraan-voor-haven-bilbao\\\/#breadcrumb\"},\"inLanguage\":\"nl-NL\",\"potentialAction\":[{\"@type\":\"ReadAction\",\"target\":[\"https:\\\/\\\/transportjournal.com\\\/nl\\\/2026\\\/04\\\/28\\\/nieuwe-sts-kraan-voor-haven-bilbao\\\/\"]}]},{\"@type\":\"ImageObject\",\"inLanguage\":\"nl-NL\",\"@id\":\"https:\\\/\\\/transportjournal.com\\\/nl\\\/2026\\\/04\\\/28\\\/nieuwe-sts-kraan-voor-haven-bilbao\\\/#primaryimage\",\"url\":\"https:\\\/\\\/transportjournal.com\\\/wp-content\\\/uploads\\\/sites\\\/2\\\/2026\\\/04\\\/Bilbao-Hafen-STS-Kran_JMA2600low-aspect-ratio-1400-788.jpg\",\"contentUrl\":\"https:\\\/\\\/transportjournal.com\\\/wp-content\\\/uploads\\\/sites\\\/2\\\/2026\\\/04\\\/Bilbao-Hafen-STS-Kran_JMA2600low-aspect-ratio-1400-788.jpg\",\"width\":1476,\"height\":831},{\"@type\":\"BreadcrumbList\",\"@id\":\"https:\\\/\\\/transportjournal.com\\\/nl\\\/2026\\\/04\\\/28\\\/nieuwe-sts-kraan-voor-haven-bilbao\\\/#breadcrumb\",\"itemListElement\":[{\"@type\":\"ListItem\",\"position\":1,\"name\":\"Startseite\",\"item\":\"https:\\\/\\\/transportjournal.com\\\/nl\\\/\"},{\"@type\":\"ListItem\",\"position\":2,\"name\":\"Nieuwe STS-kraan voor Haven Bilbao\"}]},{\"@type\":\"WebSite\",\"@id\":\"https:\\\/\\\/transportjournal.com\\\/nl\\\/#website\",\"url\":\"https:\\\/\\\/transportjournal.com\\\/nl\\\/\",\"name\":\"ITJ | International Transport Journal\",\"description\":\"Stay informed with the latest global news from the transport, logistics, and supply chain industries. Transport Journal delivers expert insights, analysis, and updates across shipping, aviation, intermodal, and forwarding.\",\"publisher\":{\"@id\":\"https:\\\/\\\/transportjournal.com\\\/nl\\\/#organization\"},\"potentialAction\":[{\"@type\":\"SearchAction\",\"target\":{\"@type\":\"EntryPoint\",\"urlTemplate\":\"https:\\\/\\\/transportjournal.com\\\/nl\\\/?s={search_term_string}\"},\"query-input\":{\"@type\":\"PropertyValueSpecification\",\"valueRequired\":true,\"valueName\":\"search_term_string\"}}],\"inLanguage\":\"nl-NL\"},{\"@type\":\"Organization\",\"@id\":\"https:\\\/\\\/transportjournal.com\\\/nl\\\/#organization\",\"name\":\"Logismedia Groep AG\",\"alternateName\":\"Logismedia Group AG\",\"url\":\"https:\\\/\\\/transportjournal.com\\\/nl\\\/\",\"logo\":{\"@type\":\"ImageObject\",\"inLanguage\":\"nl-NL\",\"@id\":\"https:\\\/\\\/transportjournal.com\\\/nl\\\/#\\\/schema\\\/logo\\\/image\\\/\",\"url\":\"https:\\\/\\\/transportjournal.com\\\/wp-content\\\/uploads\\\/sites\\\/2\\\/2025\\\/09\\\/Logo_ITJ.png\",\"contentUrl\":\"https:\\\/\\\/transportjournal.com\\\/wp-content\\\/uploads\\\/sites\\\/2\\\/2025\\\/09\\\/Logo_ITJ.png\",\"width\":799,\"height\":326,\"caption\":\"Logismedia Groep AG\"},\"image\":{\"@id\":\"https:\\\/\\\/transportjournal.com\\\/nl\\\/#\\\/schema\\\/logo\\\/image\\\/\"},\"sameAs\":[\"https:\\\/\\\/www.linkedin.com\\\/company\\\/56456496\\\/admin\\\/dashboard\\\/\",\"https:\\\/\\\/www.instagram.com\\\/logismediagroup\\\/\",\"https:\\\/\\\/www.youtube.com\\\/@LogiamediaGroupAG\"]},{\"@type\":\"Person\",\"@id\":\"https:\\\/\\\/transportjournal.com\\\/nl\\\/#\\\/schema\\\/person\\\/13a9fc605c753db60ef7750a229cd042\",\"name\":\"Gyan Sharan\",\"url\":\"https:\\\/\\\/transportjournal.com\\\/nl\\\/author\\\/gyan\\\/\"}]}<\/script>\n<!-- \/ Yoast SEO plugin. -->","yoast_head_json":{"title":"Nieuwe STS-kraan voor Haven Bilbao - ITJ | International Transport Journal","robots":{"index":"index","follow":"follow","max-snippet":"max-snippet:-1","max-image-preview":"max-image-preview:large","max-video-preview":"max-video-preview:-1"},"canonical":"https:\/\/transportjournal.com\/nl\/2026\/04\/28\/nieuwe-sts-kraan-voor-haven-bilbao\/","og_locale":"nl_NL","og_type":"article","og_title":"Nieuwe STS-kraan voor Haven Bilbao - ITJ | International Transport Journal","og_description":"CSP Iberian Bilbao Terminal heeft een nieuwe Super-Post-Panamax-kraan in gebruik genomen om de effici\u00ebntie en capaciteit in de Haven van Bilbao te verhogen.","og_url":"https:\/\/transportjournal.com\/nl\/2026\/04\/28\/nieuwe-sts-kraan-voor-haven-bilbao\/","og_site_name":"ITJ | International Transport Journal","article_published_time":"2026-04-28T09:44:14+00:00","article_modified_time":"2026-04-28T09:58:03+00:00","og_image":[{"width":1476,"height":831,"url":"https:\/\/transportjournal.com\/wp-content\/uploads\/sites\/2\/2026\/04\/Bilbao-Hafen-STS-Kran_JMA2600low-aspect-ratio-1400-788.jpg","type":"image\/jpeg"}],"author":"Gyan Sharan","twitter_card":"summary_large_image","twitter_misc":{"Geschreven door":"Gyan Sharan","Geschatte leestijd":"1 minuut"},"schema":{"@context":"https:\/\/schema.org","@graph":[{"@type":"Article","@id":"https:\/\/transportjournal.com\/nl\/2026\/04\/28\/nieuwe-sts-kraan-voor-haven-bilbao\/#article","isPartOf":{"@id":"https:\/\/transportjournal.com\/nl\/2026\/04\/28\/nieuwe-sts-kraan-voor-haven-bilbao\/"},"author":{"name":"Gyan Sharan","@id":"https:\/\/transportjournal.com\/nl\/#\/schema\/person\/13a9fc605c753db60ef7750a229cd042"},"headline":"Nieuwe STS-kraan voor Haven Bilbao","datePublished":"2026-04-28T09:44:14+00:00","dateModified":"2026-04-28T09:58:03+00:00","mainEntityOfPage":{"@id":"https:\/\/transportjournal.com\/nl\/2026\/04\/28\/nieuwe-sts-kraan-voor-haven-bilbao\/"},"wordCount":165,"commentCount":0,"publisher":{"@id":"https:\/\/transportjournal.com\/nl\/#organization"},"image":{"@id":"https:\/\/transportjournal.com\/nl\/2026\/04\/28\/nieuwe-sts-kraan-voor-haven-bilbao\/#primaryimage"},"thumbnailUrl":"https:\/\/transportjournal.com\/wp-content\/uploads\/sites\/2\/2026\/04\/Bilbao-Hafen-STS-Kran_JMA2600low-aspect-ratio-1400-788.jpg","keywords":["am\u00e9lioration de l'efficacit\u00e9 portuaire","Atlantic logistics network","baie de Biscaye","Bay of Biscay Fran\u00e7ais Port de Bilbao","Bucht von Biskaya English Bilbao Port","capacit\u00e9 de levage 83 t","container handling","container transport Atlantic","Containerabfertigung","Containertransport Atlantik","Cosco Shipping Ports","crane safety features","CSP Iberian Bilbao Terminal","Deutsch Hafen Bilbao","Digitalisierung Hafenlogistik","digitalization in port logistics","efficiency improvement in ports","Effizienzsteigerung Hafen","energieeffiziente Systeme","energy-efficient systems","Fachkr\u00e4ftemangel Logistik","fonctionnalit\u00e9s de s\u00e9curit\u00e9 des grues","grue Super Post-Panamax","grues RTG","Hafenbetrieb","Hafenstadt Bilbao","investissements dans l'infrastructure portuaire","Investitionen Hafeninfrastruktur","labor shortage in logistics","lifting capacity 83 t","Logistiknetz Atlantik","manutention de conteneurs","modern crane systems","moderne Krananlagen","Modernisierungsprogramm 2049","modernization program 2049","num\u00e9risation de la logistique portuaire","op\u00e9rations portuaires","p\u00e9nurie de main-d'\u0153uvre dans la logistique","port city Bilbao","port infrastructure investments","port operations","productivit\u00e9 des navires porte-conteneurs","productivity of container ships","Produktivit\u00e4t Containerschiffe","programme de modernisation 2049","r\u00e9seau logistique Atlantique","RTG cranes","RTG-Krane","Sicherheitsfunktionen Kran","Super Post Panamax Kran","Super Post-Panamax crane","syst\u00e8mes de grues modernes","syst\u00e8mes \u00e9co\u00e9nerg\u00e9tiques","Tragf\u00e4higkeit 83 t","transport de conteneurs Atlantique","ville portuaire Bilbao"],"articleSection":["Europa","Scheepvaart en havens"],"inLanguage":"nl-NL","potentialAction":[{"@type":"CommentAction","name":"Comment","target":["https:\/\/transportjournal.com\/nl\/2026\/04\/28\/nieuwe-sts-kraan-voor-haven-bilbao\/#respond"]}]},{"@type":"WebPage","@id":"https:\/\/transportjournal.com\/nl\/2026\/04\/28\/nieuwe-sts-kraan-voor-haven-bilbao\/","url":"https:\/\/transportjournal.com\/nl\/2026\/04\/28\/nieuwe-sts-kraan-voor-haven-bilbao\/","name":"Nieuwe STS-kraan voor Haven Bilbao - ITJ | International Transport Journal","isPartOf":{"@id":"https:\/\/transportjournal.com\/nl\/#website"},"primaryImageOfPage":{"@id":"https:\/\/transportjournal.com\/nl\/2026\/04\/28\/nieuwe-sts-kraan-voor-haven-bilbao\/#primaryimage"},"image":{"@id":"https:\/\/transportjournal.com\/nl\/2026\/04\/28\/nieuwe-sts-kraan-voor-haven-bilbao\/#primaryimage"},"thumbnailUrl":"https:\/\/transportjournal.com\/wp-content\/uploads\/sites\/2\/2026\/04\/Bilbao-Hafen-STS-Kran_JMA2600low-aspect-ratio-1400-788.jpg","datePublished":"2026-04-28T09:44:14+00:00","dateModified":"2026-04-28T09:58:03+00:00","breadcrumb":{"@id":"https:\/\/transportjournal.com\/nl\/2026\/04\/28\/nieuwe-sts-kraan-voor-haven-bilbao\/#breadcrumb"},"inLanguage":"nl-NL","potentialAction":[{"@type":"ReadAction","target":["https:\/\/transportjournal.com\/nl\/2026\/04\/28\/nieuwe-sts-kraan-voor-haven-bilbao\/"]}]},{"@type":"ImageObject","inLanguage":"nl-NL","@id":"https:\/\/transportjournal.com\/nl\/2026\/04\/28\/nieuwe-sts-kraan-voor-haven-bilbao\/#primaryimage","url":"https:\/\/transportjournal.com\/wp-content\/uploads\/sites\/2\/2026\/04\/Bilbao-Hafen-STS-Kran_JMA2600low-aspect-ratio-1400-788.jpg","contentUrl":"https:\/\/transportjournal.com\/wp-content\/uploads\/sites\/2\/2026\/04\/Bilbao-Hafen-STS-Kran_JMA2600low-aspect-ratio-1400-788.jpg","width":1476,"height":831},{"@type":"BreadcrumbList","@id":"https:\/\/transportjournal.com\/nl\/2026\/04\/28\/nieuwe-sts-kraan-voor-haven-bilbao\/#breadcrumb","itemListElement":[{"@type":"ListItem","position":1,"name":"Startseite","item":"https:\/\/transportjournal.com\/nl\/"},{"@type":"ListItem","position":2,"name":"Nieuwe STS-kraan voor Haven Bilbao"}]},{"@type":"WebSite","@id":"https:\/\/transportjournal.com\/nl\/#website","url":"https:\/\/transportjournal.com\/nl\/","name":"ITJ | International Transport Journal","description":"Stay informed with the latest global news from the transport, logistics, and supply chain industries. Transport Journal delivers expert insights, analysis, and updates across shipping, aviation, intermodal, and forwarding.","publisher":{"@id":"https:\/\/transportjournal.com\/nl\/#organization"},"potentialAction":[{"@type":"SearchAction","target":{"@type":"EntryPoint","urlTemplate":"https:\/\/transportjournal.com\/nl\/?s={search_term_string}"},"query-input":{"@type":"PropertyValueSpecification","valueRequired":true,"valueName":"search_term_string"}}],"inLanguage":"nl-NL"},{"@type":"Organization","@id":"https:\/\/transportjournal.com\/nl\/#organization","name":"Logismedia Groep AG","alternateName":"Logismedia Group AG","url":"https:\/\/transportjournal.com\/nl\/","logo":{"@type":"ImageObject","inLanguage":"nl-NL","@id":"https:\/\/transportjournal.com\/nl\/#\/schema\/logo\/image\/","url":"https:\/\/transportjournal.com\/wp-content\/uploads\/sites\/2\/2025\/09\/Logo_ITJ.png","contentUrl":"https:\/\/transportjournal.com\/wp-content\/uploads\/sites\/2\/2025\/09\/Logo_ITJ.png","width":799,"height":326,"caption":"Logismedia Groep AG"},"image":{"@id":"https:\/\/transportjournal.com\/nl\/#\/schema\/logo\/image\/"},"sameAs":["https:\/\/www.linkedin.com\/company\/56456496\/admin\/dashboard\/","https:\/\/www.instagram.com\/logismediagroup\/","https:\/\/www.youtube.com\/@LogiamediaGroupAG"]},{"@type":"Person","@id":"https:\/\/transportjournal.com\/nl\/#\/schema\/person\/13a9fc605c753db60ef7750a229cd042","name":"Gyan Sharan","url":"https:\/\/transportjournal.com\/nl\/author\/gyan\/"}]}},"_links":{"self":[{"href":"https:\/\/transportjournal.com\/nl\/wp-json\/wp\/v2\/posts\/86963","targetHints":{"allow":["GET"]}}],"collection":[{"href":"https:\/\/transportjournal.com\/nl\/wp-json\/wp\/v2\/posts"}],"about":[{"href":"https:\/\/transportjournal.com\/nl\/wp-json\/wp\/v2\/types\/post"}],"author":[{"embeddable":true,"href":"https:\/\/transportjournal.com\/nl\/wp-json\/wp\/v2\/users\/14"}],"replies":[{"embeddable":true,"href":"https:\/\/transportjournal.com\/nl\/wp-json\/wp\/v2\/comments?post=86963"}],"version-history":[{"count":1,"href":"https:\/\/transportjournal.com\/nl\/wp-json\/wp\/v2\/posts\/86963\/revisions"}],"predecessor-version":[{"id":86978,"href":"https:\/\/transportjournal.com\/nl\/wp-json\/wp\/v2\/posts\/86963\/revisions\/86978"}],"wp:featuredmedia":[{"embeddable":true,"href":"https:\/\/transportjournal.com\/nl\/wp-json\/wp\/v2\/media\/86951"}],"wp:attachment":[{"href":"https:\/\/transportjournal.com\/nl\/wp-json\/wp\/v2\/media?parent=86963"}],"wp:term":[{"taxonomy":"category","embeddable":true,"href":"https:\/\/transportjournal.com\/nl\/wp-json\/wp\/v2\/categories?post=86963"},{"taxonomy":"post_tag","embeddable":true,"href":"https:\/\/transportjournal.com\/nl\/wp-json\/wp\/v2\/tags?post=86963"}],"curies":[{"name":"wp","href":"https:\/\/api.w.org\/{rel}","templated":true}]}}