{"id":86911,"date":"2026-04-28T08:41:03","date_gmt":"2026-04-28T08:41:03","guid":{"rendered":"https:\/\/transportjournal.com\/2026\/04\/28\/bartrums-breidt-vloot-uit-met-15-aanhangers\/"},"modified":"2026-04-28T10:55:59","modified_gmt":"2026-04-28T08:55:59","slug":"bartrums-breidt-vloot-uit-met-15-aanhangers","status":"publish","type":"post","link":"https:\/\/transportjournal.com\/nl\/2026\/04\/28\/bartrums-breidt-vloot-uit-met-15-aanhangers\/","title":{"rendered":"Bartrums breidt vloot uit met 15 aanhangers"},"content":{"rendered":"<p>Bartrums heeft zijn vloot uitgebreid met 15 nieuwe dubbelmerkanhangers. Deze investering, die in de zes cijfers loopt, maakt deel uit van een strategie voor vlootmodernisering in het kader van het &#8218;Jaar van Groei&#8216;, zoals het bedrijf meedeelt. De nieuwe aanhangers dragen zowel het Bartrums- als het Pallet-Track-logo, wat de langdurige lidmaatschap van het bedrijf in het palletnetwerk moet onderstrepen. Bartrums is sinds 2004 oprichterlid van Pallet Track.<\/p>\n<p>De nieuwe aanhangers zijn een aanvulling op de bestaande vloot van meer dan 200 voertuigen en komen op een moment dat Bartrums naar eigen zeggen aanzienlijke investeringen in zijn infrastructuur doet. Tremayne Johnson, operationeel manager van Bartrums, zei over de nieuwe aanhangers: &#8222;Als oprichterleden van Pallet Track in 2004 kunnen we niet trotser zijn op onze nieuwe aanhangers met twee merken. Ons lidmaatschap bij Pallet Track is absoluut een integraal onderdeel van ons gehele dienstenportfolio.&#8220;<\/p>\n<p>In totaal heeft Bartrums dit jaar ongeveer 4 miljoen pond gereserveerd voor de upgrading van zijn vloot. Dit omvat ook de aanleg van een laadstation voor elektrische voertuigen. 12 van de 15 nieuwe aanhangers zijn afkomstig van de Duitse fabrikant Schmitz Cargobull.<\/p>\n<p><a href=\"https:\/\/bartrums.com\/\" target=\"_blank\" rel=\"noopener noreferrer\">www.bartrums.com<\/a><\/p>\n","protected":false},"excerpt":{"rendered":"<p>Bartrums heeft zijn vloot uitgebreid met 15 nieuwe dubbelmerk aanhangers, die onder andere de samenwerking met Pallet Track moeten benadrukken.<\/p>\n","protected":false},"author":10,"featured_media":86905,"comment_status":"open","ping_status":"","sticky":false,"template":"","format":"standard","meta":{"_acf_changed":false,"footnotes":""},"categories":[1599,1592],"tags":[42680,42681,42682,42683,42684,42685,42686,42687,42688,42689,42690,26555,7919,1796,26559,1864,42691,2419,36120,18823,2421,2125,3682,3683,42692,42693,42694,2132,2469,2135,1831,2622,42695,3427,1800,42696,42697,42698,13417,2481,42699,42700,40307,2153,3572,2641,2155,3574,3575,1837,36128,7944,42701],"class_list":["post-86911","post","type-post","status-publish","format-standard","has-post-thumbnail","hentry","category-europa","category-intermodaal-weg","tag-acheter-des-remorques","tag-adhesion-a-pallet-track","tag-anhaenger-kaufen","tag-annee-de-croissance","tag-bartrums-operations-manager","tag-betriebsleiter-bartrums","tag-buying-trailers","tag-deutsch-bartrums","tag-directeur-des-operations-bartrums","tag-doppelmarkenanhaenger","tag-double-deck-trailers","tag-elargir-la-flotte","tag-electric-vehicles","tag-elektrofahrzeuge","tag-expanding-fleet","tag-fahrzeugflotte","tag-fleet-investment","tag-fleet-modernization","tag-flotte-de-vehicules","tag-flotte-erweitern","tag-flottenmodernisierung","tag-industrie-du-transport","tag-infrastructure","tag-infrastruktur","tag-investissement-dans-la-flotte","tag-investitionen-in-flotte","tag-jahres-des-wachstums","tag-logistics-sector","tag-logistics-service-provider","tag-logistikbranche","tag-logistikdienstleister","tag-logistique-durable","tag-mitgliedschaft-pallet-track-english-bartrums","tag-modernisation-de-flotte","tag-nachhaltige-logistik","tag-palettennetzwerk","tag-pallet-network","tag-pallet-track-membership-francais-bartrums","tag-pallet-track","tag-prestataire-logistique","tag-remorques-a-double-etage","tag-reseau-de-palettes","tag-schmitz-cargobull","tag-secteur-logistique","tag-solutions-de-transport","tag-sustainable-logistics","tag-transport-industry","tag-transport-solutions","tag-transportloesungen","tag-transportwirtschaft","tag-vehicle-fleet","tag-vehicules-electriques","tag-year-of-growth"],"acf":[],"yoast_head":"<!-- This site is optimized with the Yoast SEO plugin v27.3 - https:\/\/yoast.com\/product\/yoast-seo-wordpress\/ -->\n<title>Bartrums breidt vloot uit met 15 aanhangers - ITJ | International Transport Journal<\/title>\n<meta name=\"robots\" content=\"index, follow, max-snippet:-1, max-image-preview:large, max-video-preview:-1\" \/>\n<link rel=\"canonical\" href=\"https:\/\/transportjournal.com\/nl\/2026\/04\/28\/bartrums-breidt-vloot-uit-met-15-aanhangers\/\" \/>\n<meta property=\"og:locale\" content=\"nl_NL\" \/>\n<meta property=\"og:type\" content=\"article\" \/>\n<meta property=\"og:title\" content=\"Bartrums breidt vloot uit met 15 aanhangers - ITJ | International Transport Journal\" \/>\n<meta property=\"og:description\" content=\"Bartrums heeft zijn vloot uitgebreid met 15 nieuwe dubbelmerk aanhangers, die onder andere de samenwerking met Pallet Track moeten benadrukken.\" \/>\n<meta property=\"og:url\" content=\"https:\/\/transportjournal.com\/nl\/2026\/04\/28\/bartrums-breidt-vloot-uit-met-15-aanhangers\/\" \/>\n<meta property=\"og:site_name\" content=\"ITJ | International Transport Journal\" \/>\n<meta property=\"article:published_time\" content=\"2026-04-28T08:41:03+00:00\" \/>\n<meta property=\"article:modified_time\" content=\"2026-04-28T08:55:59+00:00\" \/>\n<meta property=\"og:image\" content=\"https:\/\/transportjournal.com\/wp-content\/uploads\/sites\/2\/2026\/04\/Bartrums-34-aspect-ratio-1400-788.jpg\" \/>\n\t<meta property=\"og:image:width\" content=\"2500\" \/>\n\t<meta property=\"og:image:height\" content=\"1407\" \/>\n\t<meta property=\"og:image:type\" content=\"image\/jpeg\" \/>\n<meta name=\"author\" content=\"Jeremy Soland\" \/>\n<meta name=\"twitter:card\" content=\"summary_large_image\" \/>\n<meta name=\"twitter:label1\" content=\"Geschreven door\" \/>\n\t<meta name=\"twitter:data1\" content=\"Jeremy Soland\" \/>\n\t<meta name=\"twitter:label2\" content=\"Geschatte leestijd\" \/>\n\t<meta name=\"twitter:data2\" content=\"1 minuut\" \/>\n<script type=\"application\/ld+json\" class=\"yoast-schema-graph\">{\"@context\":\"https:\\\/\\\/schema.org\",\"@graph\":[{\"@type\":\"Article\",\"@id\":\"https:\\\/\\\/transportjournal.com\\\/nl\\\/2026\\\/04\\\/28\\\/bartrums-breidt-vloot-uit-met-15-aanhangers\\\/#article\",\"isPartOf\":{\"@id\":\"https:\\\/\\\/transportjournal.com\\\/nl\\\/2026\\\/04\\\/28\\\/bartrums-breidt-vloot-uit-met-15-aanhangers\\\/\"},\"author\":{\"name\":\"Jeremy Soland\",\"@id\":\"https:\\\/\\\/transportjournal.com\\\/nl\\\/#\\\/schema\\\/person\\\/41d36b5474b623392fa613e97e2363fa\"},\"headline\":\"Bartrums breidt vloot uit met 15 aanhangers\",\"datePublished\":\"2026-04-28T08:41:03+00:00\",\"dateModified\":\"2026-04-28T08:55:59+00:00\",\"mainEntityOfPage\":{\"@id\":\"https:\\\/\\\/transportjournal.com\\\/nl\\\/2026\\\/04\\\/28\\\/bartrums-breidt-vloot-uit-met-15-aanhangers\\\/\"},\"wordCount\":186,\"commentCount\":0,\"publisher\":{\"@id\":\"https:\\\/\\\/transportjournal.com\\\/nl\\\/#organization\"},\"image\":{\"@id\":\"https:\\\/\\\/transportjournal.com\\\/nl\\\/2026\\\/04\\\/28\\\/bartrums-breidt-vloot-uit-met-15-aanhangers\\\/#primaryimage\"},\"thumbnailUrl\":\"https:\\\/\\\/transportjournal.com\\\/wp-content\\\/uploads\\\/sites\\\/2\\\/2026\\\/04\\\/Bartrums-34-aspect-ratio-1400-788.jpg\",\"keywords\":[\"acheter des remorques\",\"adh\u00e9sion \u00e0 Pallet Track\",\"Anh\u00e4nger kaufen\",\"ann\u00e9e de croissance\",\"Bartrums operations manager\",\"Betriebsleiter Bartrums\",\"buying trailers\",\"Deutsch Bartrums\",\"directeur des op\u00e9rations Bartrums\",\"Doppelmarkenanh\u00e4nger\",\"double-deck trailers\",\"\u00e9largir la flotte\",\"electric vehicles\",\"Elektrofahrzeuge\",\"expanding fleet\",\"Fahrzeugflotte\",\"fleet investment\",\"fleet modernization\",\"flotte de v\u00e9hicules\",\"Flotte erweitern\",\"Flottenmodernisierung\",\"industrie du transport\",\"infrastructure\",\"Infrastruktur\",\"investissement dans la flotte\",\"Investitionen in Flotte\",\"Jahres des Wachstums\",\"logistics sector\",\"logistics service provider\",\"Logistikbranche\",\"Logistikdienstleister\",\"logistique durable\",\"Mitgliedschaft Pallet Track English Bartrums\",\"modernisation de flotte\",\"nachhaltige Logistik\",\"Palettennetzwerk\",\"pallet network\",\"Pallet Track membership Fran\u00e7ais Bartrums\",\"Pallet-Track\",\"prestataire logistique\",\"remorques \u00e0 double \u00e9tage\",\"r\u00e9seau de palettes\",\"Schmitz Cargobull\",\"secteur logistique\",\"solutions de transport\",\"sustainable logistics\",\"transport industry\",\"transport solutions\",\"Transportl\u00f6sungen\",\"Transportwirtschaft\",\"vehicle fleet\",\"v\u00e9hicules \u00e9lectriques\",\"year of growth\"],\"articleSection\":[\"Europa\",\"Intermodaal \\\/ Weg\"],\"inLanguage\":\"nl-NL\",\"potentialAction\":[{\"@type\":\"CommentAction\",\"name\":\"Comment\",\"target\":[\"https:\\\/\\\/transportjournal.com\\\/nl\\\/2026\\\/04\\\/28\\\/bartrums-breidt-vloot-uit-met-15-aanhangers\\\/#respond\"]}]},{\"@type\":\"WebPage\",\"@id\":\"https:\\\/\\\/transportjournal.com\\\/nl\\\/2026\\\/04\\\/28\\\/bartrums-breidt-vloot-uit-met-15-aanhangers\\\/\",\"url\":\"https:\\\/\\\/transportjournal.com\\\/nl\\\/2026\\\/04\\\/28\\\/bartrums-breidt-vloot-uit-met-15-aanhangers\\\/\",\"name\":\"Bartrums breidt vloot uit met 15 aanhangers - ITJ | International Transport Journal\",\"isPartOf\":{\"@id\":\"https:\\\/\\\/transportjournal.com\\\/nl\\\/#website\"},\"primaryImageOfPage\":{\"@id\":\"https:\\\/\\\/transportjournal.com\\\/nl\\\/2026\\\/04\\\/28\\\/bartrums-breidt-vloot-uit-met-15-aanhangers\\\/#primaryimage\"},\"image\":{\"@id\":\"https:\\\/\\\/transportjournal.com\\\/nl\\\/2026\\\/04\\\/28\\\/bartrums-breidt-vloot-uit-met-15-aanhangers\\\/#primaryimage\"},\"thumbnailUrl\":\"https:\\\/\\\/transportjournal.com\\\/wp-content\\\/uploads\\\/sites\\\/2\\\/2026\\\/04\\\/Bartrums-34-aspect-ratio-1400-788.jpg\",\"datePublished\":\"2026-04-28T08:41:03+00:00\",\"dateModified\":\"2026-04-28T08:55:59+00:00\",\"breadcrumb\":{\"@id\":\"https:\\\/\\\/transportjournal.com\\\/nl\\\/2026\\\/04\\\/28\\\/bartrums-breidt-vloot-uit-met-15-aanhangers\\\/#breadcrumb\"},\"inLanguage\":\"nl-NL\",\"potentialAction\":[{\"@type\":\"ReadAction\",\"target\":[\"https:\\\/\\\/transportjournal.com\\\/nl\\\/2026\\\/04\\\/28\\\/bartrums-breidt-vloot-uit-met-15-aanhangers\\\/\"]}]},{\"@type\":\"ImageObject\",\"inLanguage\":\"nl-NL\",\"@id\":\"https:\\\/\\\/transportjournal.com\\\/nl\\\/2026\\\/04\\\/28\\\/bartrums-breidt-vloot-uit-met-15-aanhangers\\\/#primaryimage\",\"url\":\"https:\\\/\\\/transportjournal.com\\\/wp-content\\\/uploads\\\/sites\\\/2\\\/2026\\\/04\\\/Bartrums-34-aspect-ratio-1400-788.jpg\",\"contentUrl\":\"https:\\\/\\\/transportjournal.com\\\/wp-content\\\/uploads\\\/sites\\\/2\\\/2026\\\/04\\\/Bartrums-34-aspect-ratio-1400-788.jpg\",\"width\":2500,\"height\":1407},{\"@type\":\"BreadcrumbList\",\"@id\":\"https:\\\/\\\/transportjournal.com\\\/nl\\\/2026\\\/04\\\/28\\\/bartrums-breidt-vloot-uit-met-15-aanhangers\\\/#breadcrumb\",\"itemListElement\":[{\"@type\":\"ListItem\",\"position\":1,\"name\":\"Startseite\",\"item\":\"https:\\\/\\\/transportjournal.com\\\/nl\\\/\"},{\"@type\":\"ListItem\",\"position\":2,\"name\":\"Bartrums breidt vloot uit met 15 aanhangers\"}]},{\"@type\":\"WebSite\",\"@id\":\"https:\\\/\\\/transportjournal.com\\\/nl\\\/#website\",\"url\":\"https:\\\/\\\/transportjournal.com\\\/nl\\\/\",\"name\":\"ITJ | International Transport Journal\",\"description\":\"Stay informed with the latest global news from the transport, logistics, and supply chain industries. Transport Journal delivers expert insights, analysis, and updates across shipping, aviation, intermodal, and forwarding.\",\"publisher\":{\"@id\":\"https:\\\/\\\/transportjournal.com\\\/nl\\\/#organization\"},\"potentialAction\":[{\"@type\":\"SearchAction\",\"target\":{\"@type\":\"EntryPoint\",\"urlTemplate\":\"https:\\\/\\\/transportjournal.com\\\/nl\\\/?s={search_term_string}\"},\"query-input\":{\"@type\":\"PropertyValueSpecification\",\"valueRequired\":true,\"valueName\":\"search_term_string\"}}],\"inLanguage\":\"nl-NL\"},{\"@type\":\"Organization\",\"@id\":\"https:\\\/\\\/transportjournal.com\\\/nl\\\/#organization\",\"name\":\"Logismedia Groep AG\",\"alternateName\":\"Logismedia Group AG\",\"url\":\"https:\\\/\\\/transportjournal.com\\\/nl\\\/\",\"logo\":{\"@type\":\"ImageObject\",\"inLanguage\":\"nl-NL\",\"@id\":\"https:\\\/\\\/transportjournal.com\\\/nl\\\/#\\\/schema\\\/logo\\\/image\\\/\",\"url\":\"https:\\\/\\\/transportjournal.com\\\/wp-content\\\/uploads\\\/sites\\\/2\\\/2025\\\/09\\\/Logo_ITJ.png\",\"contentUrl\":\"https:\\\/\\\/transportjournal.com\\\/wp-content\\\/uploads\\\/sites\\\/2\\\/2025\\\/09\\\/Logo_ITJ.png\",\"width\":799,\"height\":326,\"caption\":\"Logismedia Groep AG\"},\"image\":{\"@id\":\"https:\\\/\\\/transportjournal.com\\\/nl\\\/#\\\/schema\\\/logo\\\/image\\\/\"},\"sameAs\":[\"https:\\\/\\\/www.linkedin.com\\\/company\\\/56456496\\\/admin\\\/dashboard\\\/\",\"https:\\\/\\\/www.instagram.com\\\/logismediagroup\\\/\",\"https:\\\/\\\/www.youtube.com\\\/@LogiamediaGroupAG\"]},{\"@type\":\"Person\",\"@id\":\"https:\\\/\\\/transportjournal.com\\\/nl\\\/#\\\/schema\\\/person\\\/41d36b5474b623392fa613e97e2363fa\",\"name\":\"Jeremy Soland\",\"url\":\"https:\\\/\\\/transportjournal.com\\\/nl\\\/author\\\/jeremy\\\/\"}]}<\/script>\n<!-- \/ Yoast SEO plugin. -->","yoast_head_json":{"title":"Bartrums breidt vloot uit met 15 aanhangers - ITJ | International Transport Journal","robots":{"index":"index","follow":"follow","max-snippet":"max-snippet:-1","max-image-preview":"max-image-preview:large","max-video-preview":"max-video-preview:-1"},"canonical":"https:\/\/transportjournal.com\/nl\/2026\/04\/28\/bartrums-breidt-vloot-uit-met-15-aanhangers\/","og_locale":"nl_NL","og_type":"article","og_title":"Bartrums breidt vloot uit met 15 aanhangers - ITJ | International Transport Journal","og_description":"Bartrums heeft zijn vloot uitgebreid met 15 nieuwe dubbelmerk aanhangers, die onder andere de samenwerking met Pallet Track moeten benadrukken.","og_url":"https:\/\/transportjournal.com\/nl\/2026\/04\/28\/bartrums-breidt-vloot-uit-met-15-aanhangers\/","og_site_name":"ITJ | International Transport Journal","article_published_time":"2026-04-28T08:41:03+00:00","article_modified_time":"2026-04-28T08:55:59+00:00","og_image":[{"width":2500,"height":1407,"url":"https:\/\/transportjournal.com\/wp-content\/uploads\/sites\/2\/2026\/04\/Bartrums-34-aspect-ratio-1400-788.jpg","type":"image\/jpeg"}],"author":"Jeremy Soland","twitter_card":"summary_large_image","twitter_misc":{"Geschreven door":"Jeremy Soland","Geschatte leestijd":"1 minuut"},"schema":{"@context":"https:\/\/schema.org","@graph":[{"@type":"Article","@id":"https:\/\/transportjournal.com\/nl\/2026\/04\/28\/bartrums-breidt-vloot-uit-met-15-aanhangers\/#article","isPartOf":{"@id":"https:\/\/transportjournal.com\/nl\/2026\/04\/28\/bartrums-breidt-vloot-uit-met-15-aanhangers\/"},"author":{"name":"Jeremy Soland","@id":"https:\/\/transportjournal.com\/nl\/#\/schema\/person\/41d36b5474b623392fa613e97e2363fa"},"headline":"Bartrums breidt vloot uit met 15 aanhangers","datePublished":"2026-04-28T08:41:03+00:00","dateModified":"2026-04-28T08:55:59+00:00","mainEntityOfPage":{"@id":"https:\/\/transportjournal.com\/nl\/2026\/04\/28\/bartrums-breidt-vloot-uit-met-15-aanhangers\/"},"wordCount":186,"commentCount":0,"publisher":{"@id":"https:\/\/transportjournal.com\/nl\/#organization"},"image":{"@id":"https:\/\/transportjournal.com\/nl\/2026\/04\/28\/bartrums-breidt-vloot-uit-met-15-aanhangers\/#primaryimage"},"thumbnailUrl":"https:\/\/transportjournal.com\/wp-content\/uploads\/sites\/2\/2026\/04\/Bartrums-34-aspect-ratio-1400-788.jpg","keywords":["acheter des remorques","adh\u00e9sion \u00e0 Pallet Track","Anh\u00e4nger kaufen","ann\u00e9e de croissance","Bartrums operations manager","Betriebsleiter Bartrums","buying trailers","Deutsch Bartrums","directeur des op\u00e9rations Bartrums","Doppelmarkenanh\u00e4nger","double-deck trailers","\u00e9largir la flotte","electric vehicles","Elektrofahrzeuge","expanding fleet","Fahrzeugflotte","fleet investment","fleet modernization","flotte de v\u00e9hicules","Flotte erweitern","Flottenmodernisierung","industrie du transport","infrastructure","Infrastruktur","investissement dans la flotte","Investitionen in Flotte","Jahres des Wachstums","logistics sector","logistics service provider","Logistikbranche","Logistikdienstleister","logistique durable","Mitgliedschaft Pallet Track English Bartrums","modernisation de flotte","nachhaltige Logistik","Palettennetzwerk","pallet network","Pallet Track membership Fran\u00e7ais Bartrums","Pallet-Track","prestataire logistique","remorques \u00e0 double \u00e9tage","r\u00e9seau de palettes","Schmitz Cargobull","secteur logistique","solutions de transport","sustainable logistics","transport industry","transport solutions","Transportl\u00f6sungen","Transportwirtschaft","vehicle fleet","v\u00e9hicules \u00e9lectriques","year of growth"],"articleSection":["Europa","Intermodaal \/ Weg"],"inLanguage":"nl-NL","potentialAction":[{"@type":"CommentAction","name":"Comment","target":["https:\/\/transportjournal.com\/nl\/2026\/04\/28\/bartrums-breidt-vloot-uit-met-15-aanhangers\/#respond"]}]},{"@type":"WebPage","@id":"https:\/\/transportjournal.com\/nl\/2026\/04\/28\/bartrums-breidt-vloot-uit-met-15-aanhangers\/","url":"https:\/\/transportjournal.com\/nl\/2026\/04\/28\/bartrums-breidt-vloot-uit-met-15-aanhangers\/","name":"Bartrums breidt vloot uit met 15 aanhangers - ITJ | International Transport Journal","isPartOf":{"@id":"https:\/\/transportjournal.com\/nl\/#website"},"primaryImageOfPage":{"@id":"https:\/\/transportjournal.com\/nl\/2026\/04\/28\/bartrums-breidt-vloot-uit-met-15-aanhangers\/#primaryimage"},"image":{"@id":"https:\/\/transportjournal.com\/nl\/2026\/04\/28\/bartrums-breidt-vloot-uit-met-15-aanhangers\/#primaryimage"},"thumbnailUrl":"https:\/\/transportjournal.com\/wp-content\/uploads\/sites\/2\/2026\/04\/Bartrums-34-aspect-ratio-1400-788.jpg","datePublished":"2026-04-28T08:41:03+00:00","dateModified":"2026-04-28T08:55:59+00:00","breadcrumb":{"@id":"https:\/\/transportjournal.com\/nl\/2026\/04\/28\/bartrums-breidt-vloot-uit-met-15-aanhangers\/#breadcrumb"},"inLanguage":"nl-NL","potentialAction":[{"@type":"ReadAction","target":["https:\/\/transportjournal.com\/nl\/2026\/04\/28\/bartrums-breidt-vloot-uit-met-15-aanhangers\/"]}]},{"@type":"ImageObject","inLanguage":"nl-NL","@id":"https:\/\/transportjournal.com\/nl\/2026\/04\/28\/bartrums-breidt-vloot-uit-met-15-aanhangers\/#primaryimage","url":"https:\/\/transportjournal.com\/wp-content\/uploads\/sites\/2\/2026\/04\/Bartrums-34-aspect-ratio-1400-788.jpg","contentUrl":"https:\/\/transportjournal.com\/wp-content\/uploads\/sites\/2\/2026\/04\/Bartrums-34-aspect-ratio-1400-788.jpg","width":2500,"height":1407},{"@type":"BreadcrumbList","@id":"https:\/\/transportjournal.com\/nl\/2026\/04\/28\/bartrums-breidt-vloot-uit-met-15-aanhangers\/#breadcrumb","itemListElement":[{"@type":"ListItem","position":1,"name":"Startseite","item":"https:\/\/transportjournal.com\/nl\/"},{"@type":"ListItem","position":2,"name":"Bartrums breidt vloot uit met 15 aanhangers"}]},{"@type":"WebSite","@id":"https:\/\/transportjournal.com\/nl\/#website","url":"https:\/\/transportjournal.com\/nl\/","name":"ITJ | International Transport Journal","description":"Stay informed with the latest global news from the transport, logistics, and supply chain industries. Transport Journal delivers expert insights, analysis, and updates across shipping, aviation, intermodal, and forwarding.","publisher":{"@id":"https:\/\/transportjournal.com\/nl\/#organization"},"potentialAction":[{"@type":"SearchAction","target":{"@type":"EntryPoint","urlTemplate":"https:\/\/transportjournal.com\/nl\/?s={search_term_string}"},"query-input":{"@type":"PropertyValueSpecification","valueRequired":true,"valueName":"search_term_string"}}],"inLanguage":"nl-NL"},{"@type":"Organization","@id":"https:\/\/transportjournal.com\/nl\/#organization","name":"Logismedia Groep AG","alternateName":"Logismedia Group AG","url":"https:\/\/transportjournal.com\/nl\/","logo":{"@type":"ImageObject","inLanguage":"nl-NL","@id":"https:\/\/transportjournal.com\/nl\/#\/schema\/logo\/image\/","url":"https:\/\/transportjournal.com\/wp-content\/uploads\/sites\/2\/2025\/09\/Logo_ITJ.png","contentUrl":"https:\/\/transportjournal.com\/wp-content\/uploads\/sites\/2\/2025\/09\/Logo_ITJ.png","width":799,"height":326,"caption":"Logismedia Groep AG"},"image":{"@id":"https:\/\/transportjournal.com\/nl\/#\/schema\/logo\/image\/"},"sameAs":["https:\/\/www.linkedin.com\/company\/56456496\/admin\/dashboard\/","https:\/\/www.instagram.com\/logismediagroup\/","https:\/\/www.youtube.com\/@LogiamediaGroupAG"]},{"@type":"Person","@id":"https:\/\/transportjournal.com\/nl\/#\/schema\/person\/41d36b5474b623392fa613e97e2363fa","name":"Jeremy Soland","url":"https:\/\/transportjournal.com\/nl\/author\/jeremy\/"}]}},"_links":{"self":[{"href":"https:\/\/transportjournal.com\/nl\/wp-json\/wp\/v2\/posts\/86911","targetHints":{"allow":["GET"]}}],"collection":[{"href":"https:\/\/transportjournal.com\/nl\/wp-json\/wp\/v2\/posts"}],"about":[{"href":"https:\/\/transportjournal.com\/nl\/wp-json\/wp\/v2\/types\/post"}],"author":[{"embeddable":true,"href":"https:\/\/transportjournal.com\/nl\/wp-json\/wp\/v2\/users\/10"}],"replies":[{"embeddable":true,"href":"https:\/\/transportjournal.com\/nl\/wp-json\/wp\/v2\/comments?post=86911"}],"version-history":[{"count":1,"href":"https:\/\/transportjournal.com\/nl\/wp-json\/wp\/v2\/posts\/86911\/revisions"}],"predecessor-version":[{"id":86918,"href":"https:\/\/transportjournal.com\/nl\/wp-json\/wp\/v2\/posts\/86911\/revisions\/86918"}],"wp:featuredmedia":[{"embeddable":true,"href":"https:\/\/transportjournal.com\/nl\/wp-json\/wp\/v2\/media\/86905"}],"wp:attachment":[{"href":"https:\/\/transportjournal.com\/nl\/wp-json\/wp\/v2\/media?parent=86911"}],"wp:term":[{"taxonomy":"category","embeddable":true,"href":"https:\/\/transportjournal.com\/nl\/wp-json\/wp\/v2\/categories?post=86911"},{"taxonomy":"post_tag","embeddable":true,"href":"https:\/\/transportjournal.com\/nl\/wp-json\/wp\/v2\/tags?post=86911"}],"curies":[{"name":"wp","href":"https:\/\/api.w.org\/{rel}","templated":true}]}}