{"id":86903,"date":"2026-04-28T08:03:42","date_gmt":"2026-04-28T08:03:42","guid":{"rendered":"https:\/\/transportjournal.com\/2026\/04\/28\/haven-barcelona-presenteert-ontwikkelingsplan-2026-2030\/"},"modified":"2026-04-28T13:13:45","modified_gmt":"2026-04-28T11:13:45","slug":"haven-barcelona-presenteert-ontwikkelingsplan-2026-2030","status":"publish","type":"post","link":"https:\/\/transportjournal.com\/nl\/2026\/04\/28\/haven-barcelona-presenteert-ontwikkelingsplan-2026-2030\/","title":{"rendered":"Haven Barcelona presenteert ontwikkelingsplan 2026-2030"},"content":{"rendered":"<p>De haven van Barcelona heeft met het vijfde strategische plan voor de jaren 2026 tot 2030 een routekaart voor zijn toekomstige ontwikkeling gepresenteerd. Dit plan, dat volgens de haven de grootste investeringscyclus in zijn geschiedenis is, heeft als doel de infrastructuur, connectiviteit en energievoorziening te optimaliseren. Hiermee moet de veerkracht van de haven in een steeds instabielere mondiale situatie worden versterkt, aldus de haven.<\/p>\n<h3>Maatregelen voor transformatie<\/h3>\n<p>Het strategische plan is onderverdeeld in een actieplan met 120 initiatieven, die zijn verdeeld over 25 specifieke milieu-, sociale en economische doelstellingen. De haven van Barcelona streeft met deze aanpak naar het waarborgen van de concurrentiekracht van de handelssector en tegelijkertijd het bevorderen van duurzaamheid. Een centraal punt van het plan is de opbouw van solide en moderne infrastructuren die een verbeterde connectiviteit mogelijk maken. Dit is volgens het bedrijf bijzonder belangrijk om de rol van de haven als economische en sociale motor van de regio te behouden.<\/p>\n<p><a href=\"https:\/\/www.portdebarcelona.cat\/en\" target=\"_blank\" rel=\"noopener noreferrer\">www.portdebarcelona.cat<\/a><\/p>\n","protected":false},"excerpt":{"rendered":"<p>De haven van Barcelona heeft een strategisch plan voor 2026 tot 2030 gepresenteerd om de infrastructuur en duurzaamheid te verbeteren en de concurrentiekracht te waarborgen.<\/p>\n","protected":false},"author":10,"featured_media":86897,"comment_status":"open","ping_status":"","sticky":false,"template":"","format":"standard","meta":{"_acf_changed":false,"footnotes":""},"categories":[1599,1595],"tags":[42642,42643,42644,42645,42646,10388,42647,3710,3711,18244,42648,42649,42650,42651,2122,42652,42653,42654,10399,42655,42656,4814,4054,4815,42657,42658,42659,42660,6987,4829,3726,42661,42662,42663,10408,2479,42664,42665,42666,42667,4065,42668,42669,6999,42670,2339,42671,42672,42673,42674,42675,18264,42676,4841,4842,42677,42678,42679],"class_list":["post-86903","post","type-post","status-publish","format-standard","has-post-thumbnail","hentry","category-europa","category-scheepvaart-en-havens","tag-approvisionnement-energetique-port","tag-competitiveness-port-francais-port-de-barcelone","tag-competitivite-port","tag-connectivite-port","tag-cycle-dinvestissement-port","tag-deutsch-hafen-barcelona","tag-developpement-portuaire-2026-2030","tag-digitalisierung-im-hafen","tag-digitalization-in-ports","tag-durabilite-dans-les-ports","tag-economic-goals-port","tag-energieversorgung-hafen","tag-energy-supply-port","tag-environmental-goals-port","tag-fachkraeftemangel-logistik","tag-global-stability-port","tag-globale-stabilitaet-hafen","tag-hafen-der-zukunft","tag-hafenbetrieb-barcelona","tag-hafenentwicklung-2026-2030","tag-handelssektor-barcelona","tag-industrie-du-transport-barcelone","tag-infrastructure-portuaire","tag-infrastruktur-hafen","tag-investitionszyklus-hafen","tag-investment-cycle-port","tag-konnektivitaet-hafen","tag-logistics-providers-spain","tag-logistikdienstleister-spanien","tag-nachhaltigkeit-im-hafen","tag-numerisation-dans-les-ports","tag-objectifs-economiques-port","tag-objectifs-environnementaux-port","tag-objectifs-sociaux-port","tag-operations-portuaires-barcelone","tag-penurie-de-competences-logistique","tag-plan-strategique-port","tag-port-connectivity","tag-port-development-2026-2030","tag-port-du-futur","tag-port-infrastructure","tag-port-of-the-future","tag-port-operations-barcelona","tag-prestataires-logistiques-espagne","tag-secteur-commercial-barcelone","tag-skills-shortage-logistics","tag-social-goals-port","tag-soziale-ziele-hafen","tag-stabilite-mondiale-port","tag-strategic-plan-port","tag-strategischer-plan-hafen","tag-sustainability-in-ports","tag-trade-sector-barcelona","tag-transport-industry-barcelona","tag-transportwirtschaft-barcelona","tag-umweltziele-hafen","tag-wettbewerbsfaehigkeit-hafen-english-port-of-barcelona","tag-wirtschaftliche-ziele-hafen"],"acf":[],"yoast_head":"<!-- This site is optimized with the Yoast SEO plugin v27.3 - https:\/\/yoast.com\/product\/yoast-seo-wordpress\/ -->\n<title>Haven Barcelona presenteert ontwikkelingsplan 2026-2030 - ITJ | International Transport Journal<\/title>\n<meta name=\"robots\" content=\"index, follow, max-snippet:-1, max-image-preview:large, max-video-preview:-1\" \/>\n<link rel=\"canonical\" href=\"https:\/\/transportjournal.com\/nl\/2026\/04\/28\/haven-barcelona-presenteert-ontwikkelingsplan-2026-2030\/\" \/>\n<meta property=\"og:locale\" content=\"nl_NL\" \/>\n<meta property=\"og:type\" content=\"article\" \/>\n<meta property=\"og:title\" content=\"Haven Barcelona presenteert ontwikkelingsplan 2026-2030 - ITJ | International Transport Journal\" \/>\n<meta property=\"og:description\" content=\"De haven van Barcelona heeft een strategisch plan voor 2026 tot 2030 gepresenteerd om de infrastructuur en duurzaamheid te verbeteren en de concurrentiekracht te waarborgen.\" \/>\n<meta property=\"og:url\" content=\"https:\/\/transportjournal.com\/nl\/2026\/04\/28\/haven-barcelona-presenteert-ontwikkelingsplan-2026-2030\/\" \/>\n<meta property=\"og:site_name\" content=\"ITJ | International Transport Journal\" \/>\n<meta property=\"article:published_time\" content=\"2026-04-28T08:03:42+00:00\" \/>\n<meta property=\"article:modified_time\" content=\"2026-04-28T11:13:45+00:00\" \/>\n<meta property=\"og:image\" content=\"https:\/\/transportjournal.com\/wp-content\/uploads\/sites\/2\/2026\/04\/0378d04e-952d-49ca-b896-6625830f386e-scaled-aspect-ratio-1400-788-scaled-1.jpg\" \/>\n\t<meta property=\"og:image:width\" content=\"2560\" \/>\n\t<meta property=\"og:image:height\" content=\"1441\" \/>\n\t<meta property=\"og:image:type\" content=\"image\/jpeg\" \/>\n<meta name=\"author\" content=\"Jeremy Soland\" \/>\n<meta name=\"twitter:card\" content=\"summary_large_image\" \/>\n<meta name=\"twitter:label1\" content=\"Geschreven door\" \/>\n\t<meta name=\"twitter:data1\" content=\"Jeremy Soland\" \/>\n\t<meta name=\"twitter:label2\" content=\"Geschatte leestijd\" \/>\n\t<meta name=\"twitter:data2\" content=\"1 minuut\" \/>\n<script type=\"application\/ld+json\" class=\"yoast-schema-graph\">{\"@context\":\"https:\\\/\\\/schema.org\",\"@graph\":[{\"@type\":\"Article\",\"@id\":\"https:\\\/\\\/transportjournal.com\\\/nl\\\/2026\\\/04\\\/28\\\/haven-barcelona-presenteert-ontwikkelingsplan-2026-2030\\\/#article\",\"isPartOf\":{\"@id\":\"https:\\\/\\\/transportjournal.com\\\/nl\\\/2026\\\/04\\\/28\\\/haven-barcelona-presenteert-ontwikkelingsplan-2026-2030\\\/\"},\"author\":{\"name\":\"Jeremy Soland\",\"@id\":\"https:\\\/\\\/transportjournal.com\\\/nl\\\/#\\\/schema\\\/person\\\/41d36b5474b623392fa613e97e2363fa\"},\"headline\":\"Haven Barcelona presenteert ontwikkelingsplan 2026-2030\",\"datePublished\":\"2026-04-28T08:03:42+00:00\",\"dateModified\":\"2026-04-28T11:13:45+00:00\",\"mainEntityOfPage\":{\"@id\":\"https:\\\/\\\/transportjournal.com\\\/nl\\\/2026\\\/04\\\/28\\\/haven-barcelona-presenteert-ontwikkelingsplan-2026-2030\\\/\"},\"wordCount\":159,\"commentCount\":0,\"publisher\":{\"@id\":\"https:\\\/\\\/transportjournal.com\\\/nl\\\/#organization\"},\"image\":{\"@id\":\"https:\\\/\\\/transportjournal.com\\\/nl\\\/2026\\\/04\\\/28\\\/haven-barcelona-presenteert-ontwikkelingsplan-2026-2030\\\/#primaryimage\"},\"thumbnailUrl\":\"https:\\\/\\\/transportjournal.com\\\/wp-content\\\/uploads\\\/sites\\\/2\\\/2026\\\/04\\\/0378d04e-952d-49ca-b896-6625830f386e-scaled-aspect-ratio-1400-788-scaled-1.jpg\",\"keywords\":[\"approvisionnement \u00e9nerg\u00e9tique port\",\"competitiveness port Fran\u00e7ais Port de Barcelone\",\"comp\u00e9titivit\u00e9 port\",\"connectivit\u00e9 port\",\"cycle d'investissement port\",\"Deutsch Hafen Barcelona\",\"d\u00e9veloppement portuaire 2026-2030\",\"Digitalisierung im Hafen\",\"digitalization in ports\",\"durabilit\u00e9 dans les ports\",\"economic goals port\",\"Energieversorgung Hafen\",\"energy supply port\",\"environmental goals port\",\"Fachkr\u00e4ftemangel Logistik\",\"global stability port\",\"globale Stabilit\u00e4t Hafen\",\"Hafen der Zukunft\",\"Hafenbetrieb Barcelona\",\"Hafenentwicklung 2026-2030\",\"Handelssektor Barcelona\",\"industrie du transport Barcelone\",\"infrastructure portuaire\",\"Infrastruktur Hafen\",\"Investitionszyklus Hafen\",\"investment cycle port\",\"Konnektivit\u00e4t Hafen\",\"logistics providers Spain\",\"Logistikdienstleister Spanien\",\"Nachhaltigkeit im Hafen\",\"num\u00e9risation dans les ports\",\"objectifs \u00e9conomiques port\",\"objectifs environnementaux port\",\"objectifs sociaux port\",\"op\u00e9rations portuaires Barcelone\",\"p\u00e9nurie de comp\u00e9tences logistique\",\"plan strat\u00e9gique port\",\"port connectivity\",\"port development 2026-2030\",\"port du futur\",\"port infrastructure\",\"port of the future\",\"port operations Barcelona\",\"prestataires logistiques Espagne\",\"secteur commercial Barcelone\",\"skills shortage logistics\",\"social goals port\",\"soziale Ziele Hafen\",\"stabilit\u00e9 mondiale port\",\"strategic plan port\",\"strategischer Plan Hafen\",\"sustainability in ports\",\"trade sector Barcelona\",\"transport industry Barcelona\",\"Transportwirtschaft Barcelona\",\"Umweltziele Hafen\",\"Wettbewerbsf\u00e4higkeit Hafen English Port of Barcelona\",\"wirtschaftliche Ziele Hafen\"],\"articleSection\":[\"Europa\",\"Scheepvaart en havens\"],\"inLanguage\":\"nl-NL\",\"potentialAction\":[{\"@type\":\"CommentAction\",\"name\":\"Comment\",\"target\":[\"https:\\\/\\\/transportjournal.com\\\/nl\\\/2026\\\/04\\\/28\\\/haven-barcelona-presenteert-ontwikkelingsplan-2026-2030\\\/#respond\"]}]},{\"@type\":\"WebPage\",\"@id\":\"https:\\\/\\\/transportjournal.com\\\/nl\\\/2026\\\/04\\\/28\\\/haven-barcelona-presenteert-ontwikkelingsplan-2026-2030\\\/\",\"url\":\"https:\\\/\\\/transportjournal.com\\\/nl\\\/2026\\\/04\\\/28\\\/haven-barcelona-presenteert-ontwikkelingsplan-2026-2030\\\/\",\"name\":\"Haven Barcelona presenteert ontwikkelingsplan 2026-2030 - ITJ | International Transport Journal\",\"isPartOf\":{\"@id\":\"https:\\\/\\\/transportjournal.com\\\/nl\\\/#website\"},\"primaryImageOfPage\":{\"@id\":\"https:\\\/\\\/transportjournal.com\\\/nl\\\/2026\\\/04\\\/28\\\/haven-barcelona-presenteert-ontwikkelingsplan-2026-2030\\\/#primaryimage\"},\"image\":{\"@id\":\"https:\\\/\\\/transportjournal.com\\\/nl\\\/2026\\\/04\\\/28\\\/haven-barcelona-presenteert-ontwikkelingsplan-2026-2030\\\/#primaryimage\"},\"thumbnailUrl\":\"https:\\\/\\\/transportjournal.com\\\/wp-content\\\/uploads\\\/sites\\\/2\\\/2026\\\/04\\\/0378d04e-952d-49ca-b896-6625830f386e-scaled-aspect-ratio-1400-788-scaled-1.jpg\",\"datePublished\":\"2026-04-28T08:03:42+00:00\",\"dateModified\":\"2026-04-28T11:13:45+00:00\",\"breadcrumb\":{\"@id\":\"https:\\\/\\\/transportjournal.com\\\/nl\\\/2026\\\/04\\\/28\\\/haven-barcelona-presenteert-ontwikkelingsplan-2026-2030\\\/#breadcrumb\"},\"inLanguage\":\"nl-NL\",\"potentialAction\":[{\"@type\":\"ReadAction\",\"target\":[\"https:\\\/\\\/transportjournal.com\\\/nl\\\/2026\\\/04\\\/28\\\/haven-barcelona-presenteert-ontwikkelingsplan-2026-2030\\\/\"]}]},{\"@type\":\"ImageObject\",\"inLanguage\":\"nl-NL\",\"@id\":\"https:\\\/\\\/transportjournal.com\\\/nl\\\/2026\\\/04\\\/28\\\/haven-barcelona-presenteert-ontwikkelingsplan-2026-2030\\\/#primaryimage\",\"url\":\"https:\\\/\\\/transportjournal.com\\\/wp-content\\\/uploads\\\/sites\\\/2\\\/2026\\\/04\\\/0378d04e-952d-49ca-b896-6625830f386e-scaled-aspect-ratio-1400-788-scaled-1.jpg\",\"contentUrl\":\"https:\\\/\\\/transportjournal.com\\\/wp-content\\\/uploads\\\/sites\\\/2\\\/2026\\\/04\\\/0378d04e-952d-49ca-b896-6625830f386e-scaled-aspect-ratio-1400-788-scaled-1.jpg\",\"width\":2560,\"height\":1441},{\"@type\":\"BreadcrumbList\",\"@id\":\"https:\\\/\\\/transportjournal.com\\\/nl\\\/2026\\\/04\\\/28\\\/haven-barcelona-presenteert-ontwikkelingsplan-2026-2030\\\/#breadcrumb\",\"itemListElement\":[{\"@type\":\"ListItem\",\"position\":1,\"name\":\"Startseite\",\"item\":\"https:\\\/\\\/transportjournal.com\\\/nl\\\/\"},{\"@type\":\"ListItem\",\"position\":2,\"name\":\"Haven Barcelona presenteert ontwikkelingsplan 2026-2030\"}]},{\"@type\":\"WebSite\",\"@id\":\"https:\\\/\\\/transportjournal.com\\\/nl\\\/#website\",\"url\":\"https:\\\/\\\/transportjournal.com\\\/nl\\\/\",\"name\":\"ITJ | International Transport Journal\",\"description\":\"Stay informed with the latest global news from the transport, logistics, and supply chain industries. Transport Journal delivers expert insights, analysis, and updates across shipping, aviation, intermodal, and forwarding.\",\"publisher\":{\"@id\":\"https:\\\/\\\/transportjournal.com\\\/nl\\\/#organization\"},\"potentialAction\":[{\"@type\":\"SearchAction\",\"target\":{\"@type\":\"EntryPoint\",\"urlTemplate\":\"https:\\\/\\\/transportjournal.com\\\/nl\\\/?s={search_term_string}\"},\"query-input\":{\"@type\":\"PropertyValueSpecification\",\"valueRequired\":true,\"valueName\":\"search_term_string\"}}],\"inLanguage\":\"nl-NL\"},{\"@type\":\"Organization\",\"@id\":\"https:\\\/\\\/transportjournal.com\\\/nl\\\/#organization\",\"name\":\"Logismedia Groep AG\",\"alternateName\":\"Logismedia Group AG\",\"url\":\"https:\\\/\\\/transportjournal.com\\\/nl\\\/\",\"logo\":{\"@type\":\"ImageObject\",\"inLanguage\":\"nl-NL\",\"@id\":\"https:\\\/\\\/transportjournal.com\\\/nl\\\/#\\\/schema\\\/logo\\\/image\\\/\",\"url\":\"https:\\\/\\\/transportjournal.com\\\/wp-content\\\/uploads\\\/sites\\\/2\\\/2025\\\/09\\\/Logo_ITJ.png\",\"contentUrl\":\"https:\\\/\\\/transportjournal.com\\\/wp-content\\\/uploads\\\/sites\\\/2\\\/2025\\\/09\\\/Logo_ITJ.png\",\"width\":799,\"height\":326,\"caption\":\"Logismedia Groep AG\"},\"image\":{\"@id\":\"https:\\\/\\\/transportjournal.com\\\/nl\\\/#\\\/schema\\\/logo\\\/image\\\/\"},\"sameAs\":[\"https:\\\/\\\/www.linkedin.com\\\/company\\\/56456496\\\/admin\\\/dashboard\\\/\",\"https:\\\/\\\/www.instagram.com\\\/logismediagroup\\\/\",\"https:\\\/\\\/www.youtube.com\\\/@LogiamediaGroupAG\"]},{\"@type\":\"Person\",\"@id\":\"https:\\\/\\\/transportjournal.com\\\/nl\\\/#\\\/schema\\\/person\\\/41d36b5474b623392fa613e97e2363fa\",\"name\":\"Jeremy Soland\",\"url\":\"https:\\\/\\\/transportjournal.com\\\/nl\\\/author\\\/jeremy\\\/\"}]}<\/script>\n<!-- \/ Yoast SEO plugin. -->","yoast_head_json":{"title":"Haven Barcelona presenteert ontwikkelingsplan 2026-2030 - ITJ | International Transport Journal","robots":{"index":"index","follow":"follow","max-snippet":"max-snippet:-1","max-image-preview":"max-image-preview:large","max-video-preview":"max-video-preview:-1"},"canonical":"https:\/\/transportjournal.com\/nl\/2026\/04\/28\/haven-barcelona-presenteert-ontwikkelingsplan-2026-2030\/","og_locale":"nl_NL","og_type":"article","og_title":"Haven Barcelona presenteert ontwikkelingsplan 2026-2030 - ITJ | International Transport Journal","og_description":"De haven van Barcelona heeft een strategisch plan voor 2026 tot 2030 gepresenteerd om de infrastructuur en duurzaamheid te verbeteren en de concurrentiekracht te waarborgen.","og_url":"https:\/\/transportjournal.com\/nl\/2026\/04\/28\/haven-barcelona-presenteert-ontwikkelingsplan-2026-2030\/","og_site_name":"ITJ | International Transport Journal","article_published_time":"2026-04-28T08:03:42+00:00","article_modified_time":"2026-04-28T11:13:45+00:00","og_image":[{"width":2560,"height":1441,"url":"https:\/\/transportjournal.com\/wp-content\/uploads\/sites\/2\/2026\/04\/0378d04e-952d-49ca-b896-6625830f386e-scaled-aspect-ratio-1400-788-scaled-1.jpg","type":"image\/jpeg"}],"author":"Jeremy Soland","twitter_card":"summary_large_image","twitter_misc":{"Geschreven door":"Jeremy Soland","Geschatte leestijd":"1 minuut"},"schema":{"@context":"https:\/\/schema.org","@graph":[{"@type":"Article","@id":"https:\/\/transportjournal.com\/nl\/2026\/04\/28\/haven-barcelona-presenteert-ontwikkelingsplan-2026-2030\/#article","isPartOf":{"@id":"https:\/\/transportjournal.com\/nl\/2026\/04\/28\/haven-barcelona-presenteert-ontwikkelingsplan-2026-2030\/"},"author":{"name":"Jeremy Soland","@id":"https:\/\/transportjournal.com\/nl\/#\/schema\/person\/41d36b5474b623392fa613e97e2363fa"},"headline":"Haven Barcelona presenteert ontwikkelingsplan 2026-2030","datePublished":"2026-04-28T08:03:42+00:00","dateModified":"2026-04-28T11:13:45+00:00","mainEntityOfPage":{"@id":"https:\/\/transportjournal.com\/nl\/2026\/04\/28\/haven-barcelona-presenteert-ontwikkelingsplan-2026-2030\/"},"wordCount":159,"commentCount":0,"publisher":{"@id":"https:\/\/transportjournal.com\/nl\/#organization"},"image":{"@id":"https:\/\/transportjournal.com\/nl\/2026\/04\/28\/haven-barcelona-presenteert-ontwikkelingsplan-2026-2030\/#primaryimage"},"thumbnailUrl":"https:\/\/transportjournal.com\/wp-content\/uploads\/sites\/2\/2026\/04\/0378d04e-952d-49ca-b896-6625830f386e-scaled-aspect-ratio-1400-788-scaled-1.jpg","keywords":["approvisionnement \u00e9nerg\u00e9tique port","competitiveness port Fran\u00e7ais Port de Barcelone","comp\u00e9titivit\u00e9 port","connectivit\u00e9 port","cycle d'investissement port","Deutsch Hafen Barcelona","d\u00e9veloppement portuaire 2026-2030","Digitalisierung im Hafen","digitalization in ports","durabilit\u00e9 dans les ports","economic goals port","Energieversorgung Hafen","energy supply port","environmental goals port","Fachkr\u00e4ftemangel Logistik","global stability port","globale Stabilit\u00e4t Hafen","Hafen der Zukunft","Hafenbetrieb Barcelona","Hafenentwicklung 2026-2030","Handelssektor Barcelona","industrie du transport Barcelone","infrastructure portuaire","Infrastruktur Hafen","Investitionszyklus Hafen","investment cycle port","Konnektivit\u00e4t Hafen","logistics providers Spain","Logistikdienstleister Spanien","Nachhaltigkeit im Hafen","num\u00e9risation dans les ports","objectifs \u00e9conomiques port","objectifs environnementaux port","objectifs sociaux port","op\u00e9rations portuaires Barcelone","p\u00e9nurie de comp\u00e9tences logistique","plan strat\u00e9gique port","port connectivity","port development 2026-2030","port du futur","port infrastructure","port of the future","port operations Barcelona","prestataires logistiques Espagne","secteur commercial Barcelone","skills shortage logistics","social goals port","soziale Ziele Hafen","stabilit\u00e9 mondiale port","strategic plan port","strategischer Plan Hafen","sustainability in ports","trade sector Barcelona","transport industry Barcelona","Transportwirtschaft Barcelona","Umweltziele Hafen","Wettbewerbsf\u00e4higkeit Hafen English Port of Barcelona","wirtschaftliche Ziele Hafen"],"articleSection":["Europa","Scheepvaart en havens"],"inLanguage":"nl-NL","potentialAction":[{"@type":"CommentAction","name":"Comment","target":["https:\/\/transportjournal.com\/nl\/2026\/04\/28\/haven-barcelona-presenteert-ontwikkelingsplan-2026-2030\/#respond"]}]},{"@type":"WebPage","@id":"https:\/\/transportjournal.com\/nl\/2026\/04\/28\/haven-barcelona-presenteert-ontwikkelingsplan-2026-2030\/","url":"https:\/\/transportjournal.com\/nl\/2026\/04\/28\/haven-barcelona-presenteert-ontwikkelingsplan-2026-2030\/","name":"Haven Barcelona presenteert ontwikkelingsplan 2026-2030 - ITJ | International Transport Journal","isPartOf":{"@id":"https:\/\/transportjournal.com\/nl\/#website"},"primaryImageOfPage":{"@id":"https:\/\/transportjournal.com\/nl\/2026\/04\/28\/haven-barcelona-presenteert-ontwikkelingsplan-2026-2030\/#primaryimage"},"image":{"@id":"https:\/\/transportjournal.com\/nl\/2026\/04\/28\/haven-barcelona-presenteert-ontwikkelingsplan-2026-2030\/#primaryimage"},"thumbnailUrl":"https:\/\/transportjournal.com\/wp-content\/uploads\/sites\/2\/2026\/04\/0378d04e-952d-49ca-b896-6625830f386e-scaled-aspect-ratio-1400-788-scaled-1.jpg","datePublished":"2026-04-28T08:03:42+00:00","dateModified":"2026-04-28T11:13:45+00:00","breadcrumb":{"@id":"https:\/\/transportjournal.com\/nl\/2026\/04\/28\/haven-barcelona-presenteert-ontwikkelingsplan-2026-2030\/#breadcrumb"},"inLanguage":"nl-NL","potentialAction":[{"@type":"ReadAction","target":["https:\/\/transportjournal.com\/nl\/2026\/04\/28\/haven-barcelona-presenteert-ontwikkelingsplan-2026-2030\/"]}]},{"@type":"ImageObject","inLanguage":"nl-NL","@id":"https:\/\/transportjournal.com\/nl\/2026\/04\/28\/haven-barcelona-presenteert-ontwikkelingsplan-2026-2030\/#primaryimage","url":"https:\/\/transportjournal.com\/wp-content\/uploads\/sites\/2\/2026\/04\/0378d04e-952d-49ca-b896-6625830f386e-scaled-aspect-ratio-1400-788-scaled-1.jpg","contentUrl":"https:\/\/transportjournal.com\/wp-content\/uploads\/sites\/2\/2026\/04\/0378d04e-952d-49ca-b896-6625830f386e-scaled-aspect-ratio-1400-788-scaled-1.jpg","width":2560,"height":1441},{"@type":"BreadcrumbList","@id":"https:\/\/transportjournal.com\/nl\/2026\/04\/28\/haven-barcelona-presenteert-ontwikkelingsplan-2026-2030\/#breadcrumb","itemListElement":[{"@type":"ListItem","position":1,"name":"Startseite","item":"https:\/\/transportjournal.com\/nl\/"},{"@type":"ListItem","position":2,"name":"Haven Barcelona presenteert ontwikkelingsplan 2026-2030"}]},{"@type":"WebSite","@id":"https:\/\/transportjournal.com\/nl\/#website","url":"https:\/\/transportjournal.com\/nl\/","name":"ITJ | International Transport Journal","description":"Stay informed with the latest global news from the transport, logistics, and supply chain industries. Transport Journal delivers expert insights, analysis, and updates across shipping, aviation, intermodal, and forwarding.","publisher":{"@id":"https:\/\/transportjournal.com\/nl\/#organization"},"potentialAction":[{"@type":"SearchAction","target":{"@type":"EntryPoint","urlTemplate":"https:\/\/transportjournal.com\/nl\/?s={search_term_string}"},"query-input":{"@type":"PropertyValueSpecification","valueRequired":true,"valueName":"search_term_string"}}],"inLanguage":"nl-NL"},{"@type":"Organization","@id":"https:\/\/transportjournal.com\/nl\/#organization","name":"Logismedia Groep AG","alternateName":"Logismedia Group AG","url":"https:\/\/transportjournal.com\/nl\/","logo":{"@type":"ImageObject","inLanguage":"nl-NL","@id":"https:\/\/transportjournal.com\/nl\/#\/schema\/logo\/image\/","url":"https:\/\/transportjournal.com\/wp-content\/uploads\/sites\/2\/2025\/09\/Logo_ITJ.png","contentUrl":"https:\/\/transportjournal.com\/wp-content\/uploads\/sites\/2\/2025\/09\/Logo_ITJ.png","width":799,"height":326,"caption":"Logismedia Groep AG"},"image":{"@id":"https:\/\/transportjournal.com\/nl\/#\/schema\/logo\/image\/"},"sameAs":["https:\/\/www.linkedin.com\/company\/56456496\/admin\/dashboard\/","https:\/\/www.instagram.com\/logismediagroup\/","https:\/\/www.youtube.com\/@LogiamediaGroupAG"]},{"@type":"Person","@id":"https:\/\/transportjournal.com\/nl\/#\/schema\/person\/41d36b5474b623392fa613e97e2363fa","name":"Jeremy Soland","url":"https:\/\/transportjournal.com\/nl\/author\/jeremy\/"}]}},"_links":{"self":[{"href":"https:\/\/transportjournal.com\/nl\/wp-json\/wp\/v2\/posts\/86903","targetHints":{"allow":["GET"]}}],"collection":[{"href":"https:\/\/transportjournal.com\/nl\/wp-json\/wp\/v2\/posts"}],"about":[{"href":"https:\/\/transportjournal.com\/nl\/wp-json\/wp\/v2\/types\/post"}],"author":[{"embeddable":true,"href":"https:\/\/transportjournal.com\/nl\/wp-json\/wp\/v2\/users\/10"}],"replies":[{"embeddable":true,"href":"https:\/\/transportjournal.com\/nl\/wp-json\/wp\/v2\/comments?post=86903"}],"version-history":[{"count":1,"href":"https:\/\/transportjournal.com\/nl\/wp-json\/wp\/v2\/posts\/86903\/revisions"}],"predecessor-version":[{"id":87054,"href":"https:\/\/transportjournal.com\/nl\/wp-json\/wp\/v2\/posts\/86903\/revisions\/87054"}],"wp:featuredmedia":[{"embeddable":true,"href":"https:\/\/transportjournal.com\/nl\/wp-json\/wp\/v2\/media\/86897"}],"wp:attachment":[{"href":"https:\/\/transportjournal.com\/nl\/wp-json\/wp\/v2\/media?parent=86903"}],"wp:term":[{"taxonomy":"category","embeddable":true,"href":"https:\/\/transportjournal.com\/nl\/wp-json\/wp\/v2\/categories?post=86903"},{"taxonomy":"post_tag","embeddable":true,"href":"https:\/\/transportjournal.com\/nl\/wp-json\/wp\/v2\/tags?post=86903"}],"curies":[{"name":"wp","href":"https:\/\/api.w.org\/{rel}","templated":true}]}}