{"id":86822,"date":"2026-04-27T11:14:00","date_gmt":"2026-04-27T11:14:00","guid":{"rendered":"https:\/\/transportjournal.com\/2026\/04\/27\/geis-gruppe-behaalt-recordomzet-2025\/"},"modified":"2026-04-27T13:35:43","modified_gmt":"2026-04-27T11:35:43","slug":"geis-gruppe-behaalt-recordomzet-2025","status":"publish","type":"post","link":"https:\/\/transportjournal.com\/nl\/2026\/04\/27\/geis-gruppe-behaalt-recordomzet-2025\/","title":{"rendered":"Geis Gruppe behaalt recordomzet 2025"},"content":{"rendered":"<p>De Geis Groep heeft in het boekjaar 2025 een omzetgroei van 8,8 procent behaald tot 2,12 miljard euro, wat een nieuw record in de bedrijfs geschiedenis vertegenwoordigt. Ondanks uitdagende marktomstandigheden, waaronder een gematigde economie en hoge prijsdruk, kon de familiebedrijf zijn marktpositie verder uitbreiden. Dit werd ondersteund door vier overnames en vooruitgang op het gebied van integratie, internationalisering en digitalisering.<\/p>\n<p>De managing partners Hans-Wolfgang Geis en Jochen Geis benadrukken: \u201e2025 werd opnieuw gekenmerkt door een gematigde economie, hoge prijsdruk en over het algemeen uitdagende marktomstandigheden. Des te meer zijn we blij dat we ons goed hebben kunnen handhaven en onze marktpositie verder hebben uitgebreid.\u201d Een centraal aandachtspunt lag op de nauwere internationale samenwerking binnen de groep en de integratie van de overgenomen bedrijven.<\/p>\n<h3>Strategische overnames en personeelsgroei<\/h3>\n<p>De Geis Groep heeft haar aanwezigheid in belangrijke markten gericht uitgebreid door de overname van de Gras Groep, de G\u00f6ttinger locaties van de expediteur Kr\u00fcger, Agotrans en het ZZ Bureau Stoll in Tirol. Deze aankopen moeten de strategische positie van het bedrijf op lange termijn versterken. Aan het einde van 2025 had de Geis Groep ongeveer 10.000 medewerkers op meer dan 200 locaties in 14 Europese landen, wat een stijging van ongeveer 650 medewerkers in vergelijking met het voorgaande jaar betekent.<\/p>\n<p>In de bedrijfssector Road Services werd een omzet van 1,46 miljard euro behaald, wat een stijging van 13,6 procent betekent. In Duitsland lag de groei door overnames op 26 procent. Terwijl de markten voor stukgoed gespannen bleven, konden de sectoren LTL (Less Than Truckload) en FTL (Full Truckload) zich stabiel handhaven. Een centraal aandachtspunt lag op de integratie van de nieuw toegevoegde locaties, die tegen het einde van 2026 grotendeels moet zijn afgerond. Bovendien stimuleert de Geis Groep de automatisering in de LTL- en FTL-sector door middel van KI-gestuurde processen.<\/p>\n<h3>Stabiliteit in de sector Logistics Services<\/h3>\n<p>De bedrijfssector Logistics Services bleef met een omzet van 406 miljoen euro stabiel op het niveau van het voorgaande jaar. Bijzondere positieve ontwikkelingen werden genoteerd in Duitsland, Tsjechi\u00eb en Slowakije. Geis heeft inmiddels meer dan 100 contractlogistieke locaties en projecten in heel Europa. De vooruitzichten voor 2026 zijn optimistisch, aangezien in Duitsland en Oostenrijk al belangrijke nieuwe klanten zijn gewonnen. Bovendien ziet de bedrijfs groep in Oost-Europa verdere groeimogelijkheden.<\/p>\n<p>In de sector Air + Sea Services werd een omzet van 181 miljoen euro behaald, wat een daling van 2,3 procent in vergelijking met het voorgaande jaar betekent. De belangrijkste oorzaak van deze daling zijn de dalende lucht- en zeevracht tarieven. De sector is echter strategisch opnieuw gepositioneerd en onder een centrale leiding samengebracht. Klaus Hrazdira, COO van Quehenberger Logistics, is sinds april 2025 verantwoordelijk voor de Europese activiteiten. De toetreding tot het internationale netwerk WACO moet extra impulsen geven.<\/p>\n<h3>Internationale samenwerking en toekomst thema&#8217;s<\/h3>\n<p>Quehenberger Logistics, wiens cijfers zijn opgenomen in de groepswaarden, kon in 2025 een omzetstijging van 1,3 procent tot 641 miljoen euro realiseren. Vooral de wegvervoeractiviteiten ontwikkelden zich stabiel. De internationale samenwerking tussen Geis en Quehenberger is ge\u00efntensiveerd, vooral op het gebied van cross-selling en internationalisering. De opbouw van een internationaal corporate account management bij Geis moet extra impulsen leveren.<\/p>\n<p>De Geis Groep heeft in 2025 ook een hoge focus gelegd op IT en duurzaamheid. Gerichte investeringen in de IT-infrastructuur hebben de systeemveiligheid en stabiliteit verhoogd. De IT-beveiliging blijft een strategische prioriteit om risico&#8217;s vroegtijdig te minimaliseren. De uitvoering van de klimaatstrategie leidde tot een significante vermindering van de CO\u2082-uitstoot, ondersteund door het gebruik van 8,1 miljoen liter HVO. Bovendien investeerde Geis in eigen energie- en e-mobiliteitsoplossingen, waaronder grote batterijopslag en zonnepanelen.<\/p>\n<h3>Vooruitzicht voor 2026<\/h3>\n<p>Voor het jaar 2026 plannen de managing partners Hans-Wolfgang Geis en Jochen Geis om de gezamenlijke strategie verder in de operationele activiteiten te integreren en de cross-selling uit te breiden. De organisatie moet gericht verder worden ontwikkeld om de bedrijven Geis en Quehenberger internationaal nauwer met elkaar te verbinden. Hierbij liggen de focus op procesoptimalisaties en investeringen in digitalisering en KI, om uniforme en effici\u00ebnte structuren te cre\u00ebren.<\/p>\n<p><a href=\"http:\/\/www.geis-group.de\" target=\"_blank\" rel=\"noopener noreferrer\">www.geis-group.de<\/a><\/p>\n","protected":false},"excerpt":{"rendered":"<p>De Geis Gruppe behaalde in 2025 een omzetgroei van 8,8 procent tot 2,12 miljard euro en plant voor 2026 verdere strategische investeringen in digitalisering en internationale samenwerking.<\/p>\n","protected":false},"author":7,"featured_media":86816,"comment_status":"open","ping_status":"","sticky":false,"template":"","format":"standard","meta":{"_acf_changed":false,"footnotes":""},"categories":[9092,1599,1593,1714],"tags":[42539,42540,42541,14965,14966,14967,3855,13145,42542,16015,42543,42544,42545,3738,2115,4521,2166,42546,42547,2700,42548,16023,16024,42549,42550,42551,6478,42552,2133,1831,42553,42554,3750,42555,42556,13157,13158,42557,2139,3157,3756,3757,2720,2148,42558,2193,36471,32198,4098,10076,1916,42559,42560,42561,2154,3125,42562,10078],"class_list":["post-86822","post","type-post","status-publish","format-standard","has-post-thumbnail","hentry","category-deutschland","category-europa","category-expeditie-logistiek","category-financiele-jaarverslagen","tag-acquisitions-dans-lindustrie-du-transport","tag-acquisitions-in-the-transport-industry","tag-akquisitionen-in-der-transportwirtschaft","tag-automation-in-logistics","tag-automatisation-dans-la-logistique","tag-automatisierung-in-der-logistik","tag-co-emissionen-reduzieren","tag-conditions-du-marche-2025","tag-contract-logistics-in-europe","tag-cooperation-internationale","tag-croissance-des-revenus-2025","tag-cross-selling-strategien","tag-cross-selling-strategies","tag-deutsch-geis-gruppe","tag-digitalisierung-in-der-logistik","tag-digitization-in-logistics","tag-durabilite-dans-la-logistique","tag-energie-und-e-mobilitaetsloesungen","tag-energy-and-e-mobility-solutions","tag-fachkraeftemangel-in-der-logistik","tag-infrastructure-informatique-dans-la-logistique","tag-international-cooperation","tag-internationale-zusammenarbeit","tag-it-infrastructure-in-logistics","tag-it-infrastruktur-in-der-logistik","tag-kontraktlogistik-in-europa","tag-labor-shortage-in-logistics","tag-logistics-projects-in-germany","tag-logistics-service-providers","tag-logistikdienstleister","tag-logistikprojekte-in-deutschland","tag-logistique-contractuelle-en-europe","tag-logistique-de-colis","tag-ltl-and-ftl-transport","tag-ltl-und-ftl-transport","tag-market-conditions-2025","tag-marktbedingungen-2025","tag-marktposition-staerken-english-geis-group","tag-nachhaltigkeit-in-der-logistik","tag-numerisation-dans-la-logistique","tag-paketlogistik","tag-parcel-logistics","tag-penurie-de-main-doeuvre-dans-la-logistique","tag-prestataires-de-services-logistiques","tag-projets-logistiques-en-allemagne","tag-rail-freight-transport","tag-reducing-co2-emissions","tag-reduction-des-emissions-de-co","tag-renforcement-de-la-position-sur-le-marche","tag-revenue-growth-2025","tag-schienengueterverkehr","tag-solutions-energetiques-et-de-mobilite-electrique","tag-strategies-de-vente-croisee","tag-strengthening-market-position-francais-groupe-geis","tag-sustainability-in-logistics","tag-transport-ferroviaire-de-marchandises","tag-transport-ltl-et-ftl","tag-umsatzwachstum-2025"],"acf":[],"yoast_head":"<!-- This site is optimized with the Yoast SEO plugin v27.3 - https:\/\/yoast.com\/product\/yoast-seo-wordpress\/ -->\n<title>Geis Gruppe behaalt recordomzet 2025 - ITJ | International Transport Journal<\/title>\n<meta name=\"robots\" content=\"index, follow, max-snippet:-1, max-image-preview:large, max-video-preview:-1\" \/>\n<link rel=\"canonical\" href=\"https:\/\/transportjournal.com\/nl\/2026\/04\/27\/geis-gruppe-behaalt-recordomzet-2025\/\" \/>\n<meta property=\"og:locale\" content=\"nl_NL\" \/>\n<meta property=\"og:type\" content=\"article\" \/>\n<meta property=\"og:title\" content=\"Geis Gruppe behaalt recordomzet 2025 - ITJ | International Transport Journal\" \/>\n<meta property=\"og:description\" content=\"De Geis Gruppe behaalde in 2025 een omzetgroei van 8,8 procent tot 2,12 miljard euro en plant voor 2026 verdere strategische investeringen in digitalisering en internationale samenwerking.\" \/>\n<meta property=\"og:url\" content=\"https:\/\/transportjournal.com\/nl\/2026\/04\/27\/geis-gruppe-behaalt-recordomzet-2025\/\" \/>\n<meta property=\"og:site_name\" content=\"ITJ | International Transport Journal\" \/>\n<meta property=\"article:published_time\" content=\"2026-04-27T11:14:00+00:00\" \/>\n<meta property=\"article:modified_time\" content=\"2026-04-27T11:35:43+00:00\" \/>\n<meta property=\"og:image\" content=\"https:\/\/transportjournal.com\/wp-content\/uploads\/sites\/2\/2026\/04\/Geis-Gruppe_27.4.26-scaled-aspect-ratio-1400-788-scaled-1.jpg\" \/>\n\t<meta property=\"og:image:width\" content=\"2560\" \/>\n\t<meta property=\"og:image:height\" content=\"1441\" \/>\n\t<meta property=\"og:image:type\" content=\"image\/jpeg\" \/>\n<meta name=\"author\" content=\"Andreas M\u00fcller\" \/>\n<meta name=\"twitter:card\" content=\"summary_large_image\" \/>\n<meta name=\"twitter:label1\" content=\"Geschreven door\" \/>\n\t<meta name=\"twitter:data1\" content=\"Andreas M\u00fcller\" \/>\n\t<meta name=\"twitter:label2\" content=\"Geschatte leestijd\" \/>\n\t<meta name=\"twitter:data2\" content=\"3 minuut\" \/>\n<script type=\"application\/ld+json\" class=\"yoast-schema-graph\">{\"@context\":\"https:\\\/\\\/schema.org\",\"@graph\":[{\"@type\":\"Article\",\"@id\":\"https:\\\/\\\/transportjournal.com\\\/nl\\\/2026\\\/04\\\/27\\\/geis-gruppe-behaalt-recordomzet-2025\\\/#article\",\"isPartOf\":{\"@id\":\"https:\\\/\\\/transportjournal.com\\\/nl\\\/2026\\\/04\\\/27\\\/geis-gruppe-behaalt-recordomzet-2025\\\/\"},\"author\":{\"name\":\"Andreas M\u00fcller\",\"@id\":\"https:\\\/\\\/transportjournal.com\\\/nl\\\/#\\\/schema\\\/person\\\/7b1593b33567ba798d300c8a1b0b85b1\"},\"headline\":\"Geis Gruppe behaalt recordomzet 2025\",\"datePublished\":\"2026-04-27T11:14:00+00:00\",\"dateModified\":\"2026-04-27T11:35:43+00:00\",\"mainEntityOfPage\":{\"@id\":\"https:\\\/\\\/transportjournal.com\\\/nl\\\/2026\\\/04\\\/27\\\/geis-gruppe-behaalt-recordomzet-2025\\\/\"},\"wordCount\":648,\"commentCount\":0,\"publisher\":{\"@id\":\"https:\\\/\\\/transportjournal.com\\\/nl\\\/#organization\"},\"image\":{\"@id\":\"https:\\\/\\\/transportjournal.com\\\/nl\\\/2026\\\/04\\\/27\\\/geis-gruppe-behaalt-recordomzet-2025\\\/#primaryimage\"},\"thumbnailUrl\":\"https:\\\/\\\/transportjournal.com\\\/wp-content\\\/uploads\\\/sites\\\/2\\\/2026\\\/04\\\/Geis-Gruppe_27.4.26-scaled-aspect-ratio-1400-788-scaled-1.jpg\",\"keywords\":[\"acquisitions dans l'industrie du transport\",\"acquisitions in the transport industry\",\"Akquisitionen in der Transportwirtschaft\",\"automation in logistics\",\"automatisation dans la logistique\",\"Automatisierung in der Logistik\",\"CO\u2082-Emissionen reduzieren\",\"conditions du march\u00e9 2025\",\"contract logistics in Europe\",\"coop\u00e9ration internationale\",\"croissance des revenus 2025\",\"Cross-Selling Strategien\",\"cross-selling strategies\",\"Deutsch Geis Gruppe\",\"Digitalisierung in der Logistik\",\"digitization in logistics\",\"durabilit\u00e9 dans la logistique\",\"Energie- und E-Mobilit\u00e4tsl\u00f6sungen\",\"energy and e-mobility solutions\",\"Fachkr\u00e4ftemangel in der Logistik\",\"infrastructure informatique dans la logistique\",\"international cooperation\",\"internationale Zusammenarbeit\",\"IT infrastructure in logistics\",\"IT-Infrastruktur in der Logistik\",\"Kontraktlogistik in Europa\",\"labor shortage in logistics\",\"logistics projects in Germany\",\"logistics service providers\",\"Logistikdienstleister\",\"Logistikprojekte in Deutschland\",\"logistique contractuelle en Europe\",\"logistique de colis\",\"LTL and FTL transport\",\"LTL und FTL Transport\",\"market conditions 2025\",\"Marktbedingungen 2025\",\"Marktposition st\u00e4rken English Geis Group\",\"Nachhaltigkeit in der Logistik\",\"num\u00e9risation dans la logistique\",\"Paketlogistik\",\"parcel logistics\",\"p\u00e9nurie de main-d'\u0153uvre dans la logistique\",\"prestataires de services logistiques\",\"projets logistiques en Allemagne\",\"rail freight transport\",\"reducing CO2 emissions\",\"r\u00e9duction des \u00e9missions de CO\u2082\",\"renforcement de la position sur le march\u00e9\",\"revenue growth 2025\",\"Schieneng\u00fcterverkehr\",\"solutions \u00e9nerg\u00e9tiques et de mobilit\u00e9 \u00e9lectrique\",\"strat\u00e9gies de vente crois\u00e9e\",\"strengthening market position Fran\u00e7ais Groupe Geis\",\"sustainability in logistics\",\"transport ferroviaire de marchandises\",\"transport LTL et FTL\",\"Umsatzwachstum 2025\"],\"articleSection\":[\"Deutschland\",\"Europa\",\"Expeditie &amp; Logistiek\",\"Financi\u00eble\\\/jaarverslagen\"],\"inLanguage\":\"nl-NL\",\"potentialAction\":[{\"@type\":\"CommentAction\",\"name\":\"Comment\",\"target\":[\"https:\\\/\\\/transportjournal.com\\\/nl\\\/2026\\\/04\\\/27\\\/geis-gruppe-behaalt-recordomzet-2025\\\/#respond\"]}]},{\"@type\":\"WebPage\",\"@id\":\"https:\\\/\\\/transportjournal.com\\\/nl\\\/2026\\\/04\\\/27\\\/geis-gruppe-behaalt-recordomzet-2025\\\/\",\"url\":\"https:\\\/\\\/transportjournal.com\\\/nl\\\/2026\\\/04\\\/27\\\/geis-gruppe-behaalt-recordomzet-2025\\\/\",\"name\":\"Geis Gruppe behaalt recordomzet 2025 - ITJ | International Transport Journal\",\"isPartOf\":{\"@id\":\"https:\\\/\\\/transportjournal.com\\\/nl\\\/#website\"},\"primaryImageOfPage\":{\"@id\":\"https:\\\/\\\/transportjournal.com\\\/nl\\\/2026\\\/04\\\/27\\\/geis-gruppe-behaalt-recordomzet-2025\\\/#primaryimage\"},\"image\":{\"@id\":\"https:\\\/\\\/transportjournal.com\\\/nl\\\/2026\\\/04\\\/27\\\/geis-gruppe-behaalt-recordomzet-2025\\\/#primaryimage\"},\"thumbnailUrl\":\"https:\\\/\\\/transportjournal.com\\\/wp-content\\\/uploads\\\/sites\\\/2\\\/2026\\\/04\\\/Geis-Gruppe_27.4.26-scaled-aspect-ratio-1400-788-scaled-1.jpg\",\"datePublished\":\"2026-04-27T11:14:00+00:00\",\"dateModified\":\"2026-04-27T11:35:43+00:00\",\"breadcrumb\":{\"@id\":\"https:\\\/\\\/transportjournal.com\\\/nl\\\/2026\\\/04\\\/27\\\/geis-gruppe-behaalt-recordomzet-2025\\\/#breadcrumb\"},\"inLanguage\":\"nl-NL\",\"potentialAction\":[{\"@type\":\"ReadAction\",\"target\":[\"https:\\\/\\\/transportjournal.com\\\/nl\\\/2026\\\/04\\\/27\\\/geis-gruppe-behaalt-recordomzet-2025\\\/\"]}]},{\"@type\":\"ImageObject\",\"inLanguage\":\"nl-NL\",\"@id\":\"https:\\\/\\\/transportjournal.com\\\/nl\\\/2026\\\/04\\\/27\\\/geis-gruppe-behaalt-recordomzet-2025\\\/#primaryimage\",\"url\":\"https:\\\/\\\/transportjournal.com\\\/wp-content\\\/uploads\\\/sites\\\/2\\\/2026\\\/04\\\/Geis-Gruppe_27.4.26-scaled-aspect-ratio-1400-788-scaled-1.jpg\",\"contentUrl\":\"https:\\\/\\\/transportjournal.com\\\/wp-content\\\/uploads\\\/sites\\\/2\\\/2026\\\/04\\\/Geis-Gruppe_27.4.26-scaled-aspect-ratio-1400-788-scaled-1.jpg\",\"width\":2560,\"height\":1441},{\"@type\":\"BreadcrumbList\",\"@id\":\"https:\\\/\\\/transportjournal.com\\\/nl\\\/2026\\\/04\\\/27\\\/geis-gruppe-behaalt-recordomzet-2025\\\/#breadcrumb\",\"itemListElement\":[{\"@type\":\"ListItem\",\"position\":1,\"name\":\"Startseite\",\"item\":\"https:\\\/\\\/transportjournal.com\\\/nl\\\/\"},{\"@type\":\"ListItem\",\"position\":2,\"name\":\"Geis Gruppe behaalt recordomzet 2025\"}]},{\"@type\":\"WebSite\",\"@id\":\"https:\\\/\\\/transportjournal.com\\\/nl\\\/#website\",\"url\":\"https:\\\/\\\/transportjournal.com\\\/nl\\\/\",\"name\":\"ITJ | International Transport Journal\",\"description\":\"Stay informed with the latest global news from the transport, logistics, and supply chain industries. Transport Journal delivers expert insights, analysis, and updates across shipping, aviation, intermodal, and forwarding.\",\"publisher\":{\"@id\":\"https:\\\/\\\/transportjournal.com\\\/nl\\\/#organization\"},\"potentialAction\":[{\"@type\":\"SearchAction\",\"target\":{\"@type\":\"EntryPoint\",\"urlTemplate\":\"https:\\\/\\\/transportjournal.com\\\/nl\\\/?s={search_term_string}\"},\"query-input\":{\"@type\":\"PropertyValueSpecification\",\"valueRequired\":true,\"valueName\":\"search_term_string\"}}],\"inLanguage\":\"nl-NL\"},{\"@type\":\"Organization\",\"@id\":\"https:\\\/\\\/transportjournal.com\\\/nl\\\/#organization\",\"name\":\"Logismedia Groep AG\",\"alternateName\":\"Logismedia Group AG\",\"url\":\"https:\\\/\\\/transportjournal.com\\\/nl\\\/\",\"logo\":{\"@type\":\"ImageObject\",\"inLanguage\":\"nl-NL\",\"@id\":\"https:\\\/\\\/transportjournal.com\\\/nl\\\/#\\\/schema\\\/logo\\\/image\\\/\",\"url\":\"https:\\\/\\\/transportjournal.com\\\/wp-content\\\/uploads\\\/sites\\\/2\\\/2025\\\/09\\\/Logo_ITJ.png\",\"contentUrl\":\"https:\\\/\\\/transportjournal.com\\\/wp-content\\\/uploads\\\/sites\\\/2\\\/2025\\\/09\\\/Logo_ITJ.png\",\"width\":799,\"height\":326,\"caption\":\"Logismedia Groep AG\"},\"image\":{\"@id\":\"https:\\\/\\\/transportjournal.com\\\/nl\\\/#\\\/schema\\\/logo\\\/image\\\/\"},\"sameAs\":[\"https:\\\/\\\/www.linkedin.com\\\/company\\\/56456496\\\/admin\\\/dashboard\\\/\",\"https:\\\/\\\/www.instagram.com\\\/logismediagroup\\\/\",\"https:\\\/\\\/www.youtube.com\\\/@LogiamediaGroupAG\"]},{\"@type\":\"Person\",\"@id\":\"https:\\\/\\\/transportjournal.com\\\/nl\\\/#\\\/schema\\\/person\\\/7b1593b33567ba798d300c8a1b0b85b1\",\"name\":\"Andreas M\u00fcller\",\"url\":\"https:\\\/\\\/transportjournal.com\\\/nl\\\/author\\\/logismedia\\\/\"}]}<\/script>\n<!-- \/ Yoast SEO plugin. -->","yoast_head_json":{"title":"Geis Gruppe behaalt recordomzet 2025 - ITJ | International Transport Journal","robots":{"index":"index","follow":"follow","max-snippet":"max-snippet:-1","max-image-preview":"max-image-preview:large","max-video-preview":"max-video-preview:-1"},"canonical":"https:\/\/transportjournal.com\/nl\/2026\/04\/27\/geis-gruppe-behaalt-recordomzet-2025\/","og_locale":"nl_NL","og_type":"article","og_title":"Geis Gruppe behaalt recordomzet 2025 - ITJ | International Transport Journal","og_description":"De Geis Gruppe behaalde in 2025 een omzetgroei van 8,8 procent tot 2,12 miljard euro en plant voor 2026 verdere strategische investeringen in digitalisering en internationale samenwerking.","og_url":"https:\/\/transportjournal.com\/nl\/2026\/04\/27\/geis-gruppe-behaalt-recordomzet-2025\/","og_site_name":"ITJ | International Transport Journal","article_published_time":"2026-04-27T11:14:00+00:00","article_modified_time":"2026-04-27T11:35:43+00:00","og_image":[{"width":2560,"height":1441,"url":"https:\/\/transportjournal.com\/wp-content\/uploads\/sites\/2\/2026\/04\/Geis-Gruppe_27.4.26-scaled-aspect-ratio-1400-788-scaled-1.jpg","type":"image\/jpeg"}],"author":"Andreas M\u00fcller","twitter_card":"summary_large_image","twitter_misc":{"Geschreven door":"Andreas M\u00fcller","Geschatte leestijd":"3 minuut"},"schema":{"@context":"https:\/\/schema.org","@graph":[{"@type":"Article","@id":"https:\/\/transportjournal.com\/nl\/2026\/04\/27\/geis-gruppe-behaalt-recordomzet-2025\/#article","isPartOf":{"@id":"https:\/\/transportjournal.com\/nl\/2026\/04\/27\/geis-gruppe-behaalt-recordomzet-2025\/"},"author":{"name":"Andreas M\u00fcller","@id":"https:\/\/transportjournal.com\/nl\/#\/schema\/person\/7b1593b33567ba798d300c8a1b0b85b1"},"headline":"Geis Gruppe behaalt recordomzet 2025","datePublished":"2026-04-27T11:14:00+00:00","dateModified":"2026-04-27T11:35:43+00:00","mainEntityOfPage":{"@id":"https:\/\/transportjournal.com\/nl\/2026\/04\/27\/geis-gruppe-behaalt-recordomzet-2025\/"},"wordCount":648,"commentCount":0,"publisher":{"@id":"https:\/\/transportjournal.com\/nl\/#organization"},"image":{"@id":"https:\/\/transportjournal.com\/nl\/2026\/04\/27\/geis-gruppe-behaalt-recordomzet-2025\/#primaryimage"},"thumbnailUrl":"https:\/\/transportjournal.com\/wp-content\/uploads\/sites\/2\/2026\/04\/Geis-Gruppe_27.4.26-scaled-aspect-ratio-1400-788-scaled-1.jpg","keywords":["acquisitions dans l'industrie du transport","acquisitions in the transport industry","Akquisitionen in der Transportwirtschaft","automation in logistics","automatisation dans la logistique","Automatisierung in der Logistik","CO\u2082-Emissionen reduzieren","conditions du march\u00e9 2025","contract logistics in Europe","coop\u00e9ration internationale","croissance des revenus 2025","Cross-Selling Strategien","cross-selling strategies","Deutsch Geis Gruppe","Digitalisierung in der Logistik","digitization in logistics","durabilit\u00e9 dans la logistique","Energie- und E-Mobilit\u00e4tsl\u00f6sungen","energy and e-mobility solutions","Fachkr\u00e4ftemangel in der Logistik","infrastructure informatique dans la logistique","international cooperation","internationale Zusammenarbeit","IT infrastructure in logistics","IT-Infrastruktur in der Logistik","Kontraktlogistik in Europa","labor shortage in logistics","logistics projects in Germany","logistics service providers","Logistikdienstleister","Logistikprojekte in Deutschland","logistique contractuelle en Europe","logistique de colis","LTL and FTL transport","LTL und FTL Transport","market conditions 2025","Marktbedingungen 2025","Marktposition st\u00e4rken English Geis Group","Nachhaltigkeit in der Logistik","num\u00e9risation dans la logistique","Paketlogistik","parcel logistics","p\u00e9nurie de main-d'\u0153uvre dans la logistique","prestataires de services logistiques","projets logistiques en Allemagne","rail freight transport","reducing CO2 emissions","r\u00e9duction des \u00e9missions de CO\u2082","renforcement de la position sur le march\u00e9","revenue growth 2025","Schieneng\u00fcterverkehr","solutions \u00e9nerg\u00e9tiques et de mobilit\u00e9 \u00e9lectrique","strat\u00e9gies de vente crois\u00e9e","strengthening market position Fran\u00e7ais Groupe Geis","sustainability in logistics","transport ferroviaire de marchandises","transport LTL et FTL","Umsatzwachstum 2025"],"articleSection":["Deutschland","Europa","Expeditie &amp; Logistiek","Financi\u00eble\/jaarverslagen"],"inLanguage":"nl-NL","potentialAction":[{"@type":"CommentAction","name":"Comment","target":["https:\/\/transportjournal.com\/nl\/2026\/04\/27\/geis-gruppe-behaalt-recordomzet-2025\/#respond"]}]},{"@type":"WebPage","@id":"https:\/\/transportjournal.com\/nl\/2026\/04\/27\/geis-gruppe-behaalt-recordomzet-2025\/","url":"https:\/\/transportjournal.com\/nl\/2026\/04\/27\/geis-gruppe-behaalt-recordomzet-2025\/","name":"Geis Gruppe behaalt recordomzet 2025 - ITJ | International Transport Journal","isPartOf":{"@id":"https:\/\/transportjournal.com\/nl\/#website"},"primaryImageOfPage":{"@id":"https:\/\/transportjournal.com\/nl\/2026\/04\/27\/geis-gruppe-behaalt-recordomzet-2025\/#primaryimage"},"image":{"@id":"https:\/\/transportjournal.com\/nl\/2026\/04\/27\/geis-gruppe-behaalt-recordomzet-2025\/#primaryimage"},"thumbnailUrl":"https:\/\/transportjournal.com\/wp-content\/uploads\/sites\/2\/2026\/04\/Geis-Gruppe_27.4.26-scaled-aspect-ratio-1400-788-scaled-1.jpg","datePublished":"2026-04-27T11:14:00+00:00","dateModified":"2026-04-27T11:35:43+00:00","breadcrumb":{"@id":"https:\/\/transportjournal.com\/nl\/2026\/04\/27\/geis-gruppe-behaalt-recordomzet-2025\/#breadcrumb"},"inLanguage":"nl-NL","potentialAction":[{"@type":"ReadAction","target":["https:\/\/transportjournal.com\/nl\/2026\/04\/27\/geis-gruppe-behaalt-recordomzet-2025\/"]}]},{"@type":"ImageObject","inLanguage":"nl-NL","@id":"https:\/\/transportjournal.com\/nl\/2026\/04\/27\/geis-gruppe-behaalt-recordomzet-2025\/#primaryimage","url":"https:\/\/transportjournal.com\/wp-content\/uploads\/sites\/2\/2026\/04\/Geis-Gruppe_27.4.26-scaled-aspect-ratio-1400-788-scaled-1.jpg","contentUrl":"https:\/\/transportjournal.com\/wp-content\/uploads\/sites\/2\/2026\/04\/Geis-Gruppe_27.4.26-scaled-aspect-ratio-1400-788-scaled-1.jpg","width":2560,"height":1441},{"@type":"BreadcrumbList","@id":"https:\/\/transportjournal.com\/nl\/2026\/04\/27\/geis-gruppe-behaalt-recordomzet-2025\/#breadcrumb","itemListElement":[{"@type":"ListItem","position":1,"name":"Startseite","item":"https:\/\/transportjournal.com\/nl\/"},{"@type":"ListItem","position":2,"name":"Geis Gruppe behaalt recordomzet 2025"}]},{"@type":"WebSite","@id":"https:\/\/transportjournal.com\/nl\/#website","url":"https:\/\/transportjournal.com\/nl\/","name":"ITJ | International Transport Journal","description":"Stay informed with the latest global news from the transport, logistics, and supply chain industries. Transport Journal delivers expert insights, analysis, and updates across shipping, aviation, intermodal, and forwarding.","publisher":{"@id":"https:\/\/transportjournal.com\/nl\/#organization"},"potentialAction":[{"@type":"SearchAction","target":{"@type":"EntryPoint","urlTemplate":"https:\/\/transportjournal.com\/nl\/?s={search_term_string}"},"query-input":{"@type":"PropertyValueSpecification","valueRequired":true,"valueName":"search_term_string"}}],"inLanguage":"nl-NL"},{"@type":"Organization","@id":"https:\/\/transportjournal.com\/nl\/#organization","name":"Logismedia Groep AG","alternateName":"Logismedia Group AG","url":"https:\/\/transportjournal.com\/nl\/","logo":{"@type":"ImageObject","inLanguage":"nl-NL","@id":"https:\/\/transportjournal.com\/nl\/#\/schema\/logo\/image\/","url":"https:\/\/transportjournal.com\/wp-content\/uploads\/sites\/2\/2025\/09\/Logo_ITJ.png","contentUrl":"https:\/\/transportjournal.com\/wp-content\/uploads\/sites\/2\/2025\/09\/Logo_ITJ.png","width":799,"height":326,"caption":"Logismedia Groep AG"},"image":{"@id":"https:\/\/transportjournal.com\/nl\/#\/schema\/logo\/image\/"},"sameAs":["https:\/\/www.linkedin.com\/company\/56456496\/admin\/dashboard\/","https:\/\/www.instagram.com\/logismediagroup\/","https:\/\/www.youtube.com\/@LogiamediaGroupAG"]},{"@type":"Person","@id":"https:\/\/transportjournal.com\/nl\/#\/schema\/person\/7b1593b33567ba798d300c8a1b0b85b1","name":"Andreas M\u00fcller","url":"https:\/\/transportjournal.com\/nl\/author\/logismedia\/"}]}},"_links":{"self":[{"href":"https:\/\/transportjournal.com\/nl\/wp-json\/wp\/v2\/posts\/86822","targetHints":{"allow":["GET"]}}],"collection":[{"href":"https:\/\/transportjournal.com\/nl\/wp-json\/wp\/v2\/posts"}],"about":[{"href":"https:\/\/transportjournal.com\/nl\/wp-json\/wp\/v2\/types\/post"}],"author":[{"embeddable":true,"href":"https:\/\/transportjournal.com\/nl\/wp-json\/wp\/v2\/users\/7"}],"replies":[{"embeddable":true,"href":"https:\/\/transportjournal.com\/nl\/wp-json\/wp\/v2\/comments?post=86822"}],"version-history":[{"count":2,"href":"https:\/\/transportjournal.com\/nl\/wp-json\/wp\/v2\/posts\/86822\/revisions"}],"predecessor-version":[{"id":86836,"href":"https:\/\/transportjournal.com\/nl\/wp-json\/wp\/v2\/posts\/86822\/revisions\/86836"}],"wp:featuredmedia":[{"embeddable":true,"href":"https:\/\/transportjournal.com\/nl\/wp-json\/wp\/v2\/media\/86816"}],"wp:attachment":[{"href":"https:\/\/transportjournal.com\/nl\/wp-json\/wp\/v2\/media?parent=86822"}],"wp:term":[{"taxonomy":"category","embeddable":true,"href":"https:\/\/transportjournal.com\/nl\/wp-json\/wp\/v2\/categories?post=86822"},{"taxonomy":"post_tag","embeddable":true,"href":"https:\/\/transportjournal.com\/nl\/wp-json\/wp\/v2\/tags?post=86822"}],"curies":[{"name":"wp","href":"https:\/\/api.w.org\/{rel}","templated":true}]}}