{"id":86807,"date":"2026-04-27T11:12:48","date_gmt":"2026-04-27T11:12:48","guid":{"rendered":"https:\/\/transportjournal.com\/2026\/04\/27\/marius-junda-wordt-financieel-directeur-van-de-girteka-groep\/"},"modified":"2026-04-27T13:24:03","modified_gmt":"2026-04-27T11:24:03","slug":"marius-junda-wordt-financieel-directeur-van-de-girteka-groep","status":"publish","type":"post","link":"https:\/\/transportjournal.com\/nl\/2026\/04\/27\/marius-junda-wordt-financieel-directeur-van-de-girteka-groep\/","title":{"rendered":"Marius Junda wordt financieel directeur van de Girteka-groep"},"content":{"rendered":"<p>Per 30 april wordt Marius Junda de nieuwe financieel directeur van de Girteka-groep. De 38-jarige is al meer dan drie jaar werkzaam in het bedrijf en heeft in deze tijd de verantwoordelijkheid voor de financi\u00eble afdeling binnen de Shared Services op zich genomen, aldus het bedrijf.<\/p>\n<p>Junda brengt volgens Girteka jarenlange werkervaring in de financi\u00eble sector mee: Voor zijn intrede bij Girteka was hij in verschillende leidinggevende financi\u00eble functies werkzaam bij internationale en regionale bedrijven. Daaronder vallen ook CFO-functies, waarin hij verantwoordelijk was voor de gehele financi\u00eble afdeling in de Baltische staten. Zijn loopbaan omvat daarnaast ervaringen in de detailhandel, verkoop, vermogensbeheer en bedrijfsadvies.<\/p>\n<p>In de mededeling geeft Marius Junda aan dat de rol van de financi\u00eble sector in organisaties vandaag de dag verder gaat dan alleen controle. Hij benadrukt dat de financi\u00eble sector steeds meer een centraal onderdeel wordt van de zakelijke besluitvorming.<\/p>\n<p><a href=\"https:\/\/www.girteka.eu\/\" target=\"_blank\" rel=\"noopener noreferrer\">www.girteka.eu<\/a><\/p>\n","protected":false},"excerpt":{"rendered":"<p>Marius Junda wordt per 30 april de nieuwe financieel directeur van de Girteka-groep en benadrukt het belang van de integratie van financieel management in de strategische beslissingen van het bedrijf.<\/p>\n","protected":false},"author":10,"featured_media":86801,"comment_status":"open","ping_status":"","sticky":false,"template":"","format":"standard","meta":{"_acf_changed":false,"footnotes":""},"categories":[1599,1591],"tags":[22901,17765,17766,42520,42521,19743,19744,7380,42522,2548,42523,5587,42524,2695,2696,7385,5590,42525,42526,42527,1889,5591,42528,5593,42529,42530,16847,42531,27651,5599,2562,2125,3682,3683,5601,5602,2133,1831,42532,2717,3602,42533,2148,28857,42534,17778,42535,42536,42537,27637,27638,2237,2839,1837,32880,2157,42538],"class_list":["post-86807","post","type-post","status-publish","format-standard","has-post-thumbnail","hentry","category-europa","category-mensen-bedrijven","tag-asset-management","tag-baltic-region","tag-baltikum","tag-berufserfahrung-english-girteka-group","tag-business-consulting","tag-cfo-positions","tag-cfo-positionen","tag-chief-financial-officer","tag-conseil-aux-entreprises","tag-corporate-governance","tag-decision-making","tag-departement-financier","tag-deutsch-girteka-gruppe","tag-digitalisierung","tag-digitalization","tag-directeur-financier","tag-entreprises-internationales","tag-entreprises-regionales","tag-entscheidungsfindung","tag-experience-professionnelle","tag-fachkraeftemangel","tag-finance-department","tag-finance-sector","tag-financial-management","tag-finanzbereich","tag-finanzsteuerung","tag-finanzvorstand","tag-finanzwesen","tag-gestion-dactifs","tag-gestion-financiere","tag-gouvernance-dentreprise","tag-industrie-du-transport","tag-infrastructure","tag-infrastruktur","tag-international-companies","tag-internationale-unternehmen","tag-logistics-service-providers","tag-logistikdienstleister","tag-marius-junda","tag-numerisation","tag-penurie-de-competences","tag-postes-de-directeur-financier","tag-prestataires-de-services-logistiques","tag-prise-de-decision","tag-professional-experience-francais-girteka-groupe","tag-region-baltique","tag-regional-companies","tag-regionale-unternehmen","tag-secteur-financier","tag-services-partages","tag-shared-services","tag-skills-shortage","tag-transportation-industry","tag-transportwirtschaft","tag-unternehmensberatung","tag-unternehmensfuehrung","tag-vermoegensverwaltung"],"acf":[],"yoast_head":"<!-- This site is optimized with the Yoast SEO plugin v27.3 - https:\/\/yoast.com\/product\/yoast-seo-wordpress\/ -->\n<title>Marius Junda wordt financieel directeur van de Girteka-groep - ITJ | International Transport Journal<\/title>\n<meta name=\"robots\" content=\"index, follow, max-snippet:-1, max-image-preview:large, max-video-preview:-1\" \/>\n<link rel=\"canonical\" href=\"https:\/\/transportjournal.com\/nl\/2026\/04\/27\/marius-junda-wordt-financieel-directeur-van-de-girteka-groep\/\" \/>\n<meta property=\"og:locale\" content=\"nl_NL\" \/>\n<meta property=\"og:type\" content=\"article\" \/>\n<meta property=\"og:title\" content=\"Marius Junda wordt financieel directeur van de Girteka-groep - ITJ | International Transport Journal\" \/>\n<meta property=\"og:description\" content=\"Marius Junda wordt per 30 april de nieuwe financieel directeur van de Girteka-groep en benadrukt het belang van de integratie van financieel management in de strategische beslissingen van het bedrijf.\" \/>\n<meta property=\"og:url\" content=\"https:\/\/transportjournal.com\/nl\/2026\/04\/27\/marius-junda-wordt-financieel-directeur-van-de-girteka-groep\/\" \/>\n<meta property=\"og:site_name\" content=\"ITJ | International Transport Journal\" \/>\n<meta property=\"article:published_time\" content=\"2026-04-27T11:12:48+00:00\" \/>\n<meta property=\"article:modified_time\" content=\"2026-04-27T11:24:03+00:00\" \/>\n<meta property=\"og:image\" content=\"https:\/\/transportjournal.com\/wp-content\/uploads\/sites\/2\/2026\/04\/Marius-Junda-Girteka-Group-CFO-aspect-ratio-1400-788.jpg\" \/>\n\t<meta property=\"og:image:width\" content=\"2048\" \/>\n\t<meta property=\"og:image:height\" content=\"1153\" \/>\n\t<meta property=\"og:image:type\" content=\"image\/jpeg\" \/>\n<meta name=\"author\" content=\"Jeremy Soland\" \/>\n<meta name=\"twitter:card\" content=\"summary_large_image\" \/>\n<meta name=\"twitter:label1\" content=\"Geschreven door\" \/>\n\t<meta name=\"twitter:data1\" content=\"Jeremy Soland\" \/>\n\t<meta name=\"twitter:label2\" content=\"Geschatte leestijd\" \/>\n\t<meta name=\"twitter:data2\" content=\"1 minuut\" \/>\n<script type=\"application\/ld+json\" class=\"yoast-schema-graph\">{\"@context\":\"https:\\\/\\\/schema.org\",\"@graph\":[{\"@type\":\"Article\",\"@id\":\"https:\\\/\\\/transportjournal.com\\\/nl\\\/2026\\\/04\\\/27\\\/marius-junda-wordt-financieel-directeur-van-de-girteka-groep\\\/#article\",\"isPartOf\":{\"@id\":\"https:\\\/\\\/transportjournal.com\\\/nl\\\/2026\\\/04\\\/27\\\/marius-junda-wordt-financieel-directeur-van-de-girteka-groep\\\/\"},\"author\":{\"name\":\"Jeremy Soland\",\"@id\":\"https:\\\/\\\/transportjournal.com\\\/nl\\\/#\\\/schema\\\/person\\\/41d36b5474b623392fa613e97e2363fa\"},\"headline\":\"Marius Junda wordt financieel directeur van de Girteka-groep\",\"datePublished\":\"2026-04-27T11:12:48+00:00\",\"dateModified\":\"2026-04-27T11:24:03+00:00\",\"mainEntityOfPage\":{\"@id\":\"https:\\\/\\\/transportjournal.com\\\/nl\\\/2026\\\/04\\\/27\\\/marius-junda-wordt-financieel-directeur-van-de-girteka-groep\\\/\"},\"wordCount\":160,\"commentCount\":0,\"publisher\":{\"@id\":\"https:\\\/\\\/transportjournal.com\\\/nl\\\/#organization\"},\"image\":{\"@id\":\"https:\\\/\\\/transportjournal.com\\\/nl\\\/2026\\\/04\\\/27\\\/marius-junda-wordt-financieel-directeur-van-de-girteka-groep\\\/#primaryimage\"},\"thumbnailUrl\":\"https:\\\/\\\/transportjournal.com\\\/wp-content\\\/uploads\\\/sites\\\/2\\\/2026\\\/04\\\/Marius-Junda-Girteka-Group-CFO-aspect-ratio-1400-788.jpg\",\"keywords\":[\"Asset Management\",\"Baltic region\",\"Baltikum\",\"Berufserfahrung English Girteka Group\",\"business consulting\",\"CFO positions\",\"CFO-Positionen\",\"Chief Financial Officer\",\"conseil aux entreprises\",\"corporate governance\",\"decision-making\",\"d\u00e9partement financier\",\"Deutsch Girteka-Gruppe\",\"Digitalisierung\",\"digitalization\",\"directeur financier\",\"entreprises internationales\",\"entreprises r\u00e9gionales\",\"Entscheidungsfindung\",\"exp\u00e9rience professionnelle\",\"Fachkr\u00e4ftemangel\",\"finance department\",\"finance sector\",\"financial management\",\"Finanzbereich\",\"Finanzsteuerung\",\"Finanzvorstand\",\"Finanzwesen\",\"gestion d'actifs\",\"gestion financi\u00e8re\",\"gouvernance d'entreprise\",\"industrie du transport\",\"infrastructure\",\"Infrastruktur\",\"international companies\",\"internationale Unternehmen\",\"logistics service providers\",\"Logistikdienstleister\",\"Marius Junda\",\"num\u00e9risation\",\"p\u00e9nurie de comp\u00e9tences\",\"postes de directeur financier\",\"prestataires de services logistiques\",\"prise de d\u00e9cision\",\"professional experience Fran\u00e7ais Girteka Groupe\",\"r\u00e9gion baltique\",\"regional companies\",\"regionale Unternehmen\",\"secteur financier\",\"services partag\u00e9s\",\"shared services\",\"skills shortage\",\"transportation industry\",\"Transportwirtschaft\",\"Unternehmensberatung\",\"Unternehmensf\u00fchrung\",\"Verm\u00f6gensverwaltung\"],\"articleSection\":[\"Europa\",\"Mensen &amp; Bedrijven\"],\"inLanguage\":\"nl-NL\",\"potentialAction\":[{\"@type\":\"CommentAction\",\"name\":\"Comment\",\"target\":[\"https:\\\/\\\/transportjournal.com\\\/nl\\\/2026\\\/04\\\/27\\\/marius-junda-wordt-financieel-directeur-van-de-girteka-groep\\\/#respond\"]}]},{\"@type\":\"WebPage\",\"@id\":\"https:\\\/\\\/transportjournal.com\\\/nl\\\/2026\\\/04\\\/27\\\/marius-junda-wordt-financieel-directeur-van-de-girteka-groep\\\/\",\"url\":\"https:\\\/\\\/transportjournal.com\\\/nl\\\/2026\\\/04\\\/27\\\/marius-junda-wordt-financieel-directeur-van-de-girteka-groep\\\/\",\"name\":\"Marius Junda wordt financieel directeur van de Girteka-groep - ITJ | International Transport Journal\",\"isPartOf\":{\"@id\":\"https:\\\/\\\/transportjournal.com\\\/nl\\\/#website\"},\"primaryImageOfPage\":{\"@id\":\"https:\\\/\\\/transportjournal.com\\\/nl\\\/2026\\\/04\\\/27\\\/marius-junda-wordt-financieel-directeur-van-de-girteka-groep\\\/#primaryimage\"},\"image\":{\"@id\":\"https:\\\/\\\/transportjournal.com\\\/nl\\\/2026\\\/04\\\/27\\\/marius-junda-wordt-financieel-directeur-van-de-girteka-groep\\\/#primaryimage\"},\"thumbnailUrl\":\"https:\\\/\\\/transportjournal.com\\\/wp-content\\\/uploads\\\/sites\\\/2\\\/2026\\\/04\\\/Marius-Junda-Girteka-Group-CFO-aspect-ratio-1400-788.jpg\",\"datePublished\":\"2026-04-27T11:12:48+00:00\",\"dateModified\":\"2026-04-27T11:24:03+00:00\",\"breadcrumb\":{\"@id\":\"https:\\\/\\\/transportjournal.com\\\/nl\\\/2026\\\/04\\\/27\\\/marius-junda-wordt-financieel-directeur-van-de-girteka-groep\\\/#breadcrumb\"},\"inLanguage\":\"nl-NL\",\"potentialAction\":[{\"@type\":\"ReadAction\",\"target\":[\"https:\\\/\\\/transportjournal.com\\\/nl\\\/2026\\\/04\\\/27\\\/marius-junda-wordt-financieel-directeur-van-de-girteka-groep\\\/\"]}]},{\"@type\":\"ImageObject\",\"inLanguage\":\"nl-NL\",\"@id\":\"https:\\\/\\\/transportjournal.com\\\/nl\\\/2026\\\/04\\\/27\\\/marius-junda-wordt-financieel-directeur-van-de-girteka-groep\\\/#primaryimage\",\"url\":\"https:\\\/\\\/transportjournal.com\\\/wp-content\\\/uploads\\\/sites\\\/2\\\/2026\\\/04\\\/Marius-Junda-Girteka-Group-CFO-aspect-ratio-1400-788.jpg\",\"contentUrl\":\"https:\\\/\\\/transportjournal.com\\\/wp-content\\\/uploads\\\/sites\\\/2\\\/2026\\\/04\\\/Marius-Junda-Girteka-Group-CFO-aspect-ratio-1400-788.jpg\",\"width\":2048,\"height\":1153},{\"@type\":\"BreadcrumbList\",\"@id\":\"https:\\\/\\\/transportjournal.com\\\/nl\\\/2026\\\/04\\\/27\\\/marius-junda-wordt-financieel-directeur-van-de-girteka-groep\\\/#breadcrumb\",\"itemListElement\":[{\"@type\":\"ListItem\",\"position\":1,\"name\":\"Startseite\",\"item\":\"https:\\\/\\\/transportjournal.com\\\/nl\\\/\"},{\"@type\":\"ListItem\",\"position\":2,\"name\":\"Marius Junda wordt financieel directeur van de Girteka-groep\"}]},{\"@type\":\"WebSite\",\"@id\":\"https:\\\/\\\/transportjournal.com\\\/nl\\\/#website\",\"url\":\"https:\\\/\\\/transportjournal.com\\\/nl\\\/\",\"name\":\"ITJ | International Transport Journal\",\"description\":\"Stay informed with the latest global news from the transport, logistics, and supply chain industries. Transport Journal delivers expert insights, analysis, and updates across shipping, aviation, intermodal, and forwarding.\",\"publisher\":{\"@id\":\"https:\\\/\\\/transportjournal.com\\\/nl\\\/#organization\"},\"potentialAction\":[{\"@type\":\"SearchAction\",\"target\":{\"@type\":\"EntryPoint\",\"urlTemplate\":\"https:\\\/\\\/transportjournal.com\\\/nl\\\/?s={search_term_string}\"},\"query-input\":{\"@type\":\"PropertyValueSpecification\",\"valueRequired\":true,\"valueName\":\"search_term_string\"}}],\"inLanguage\":\"nl-NL\"},{\"@type\":\"Organization\",\"@id\":\"https:\\\/\\\/transportjournal.com\\\/nl\\\/#organization\",\"name\":\"Logismedia Groep AG\",\"alternateName\":\"Logismedia Group AG\",\"url\":\"https:\\\/\\\/transportjournal.com\\\/nl\\\/\",\"logo\":{\"@type\":\"ImageObject\",\"inLanguage\":\"nl-NL\",\"@id\":\"https:\\\/\\\/transportjournal.com\\\/nl\\\/#\\\/schema\\\/logo\\\/image\\\/\",\"url\":\"https:\\\/\\\/transportjournal.com\\\/wp-content\\\/uploads\\\/sites\\\/2\\\/2025\\\/09\\\/Logo_ITJ.png\",\"contentUrl\":\"https:\\\/\\\/transportjournal.com\\\/wp-content\\\/uploads\\\/sites\\\/2\\\/2025\\\/09\\\/Logo_ITJ.png\",\"width\":799,\"height\":326,\"caption\":\"Logismedia Groep AG\"},\"image\":{\"@id\":\"https:\\\/\\\/transportjournal.com\\\/nl\\\/#\\\/schema\\\/logo\\\/image\\\/\"},\"sameAs\":[\"https:\\\/\\\/www.linkedin.com\\\/company\\\/56456496\\\/admin\\\/dashboard\\\/\",\"https:\\\/\\\/www.instagram.com\\\/logismediagroup\\\/\",\"https:\\\/\\\/www.youtube.com\\\/@LogiamediaGroupAG\"]},{\"@type\":\"Person\",\"@id\":\"https:\\\/\\\/transportjournal.com\\\/nl\\\/#\\\/schema\\\/person\\\/41d36b5474b623392fa613e97e2363fa\",\"name\":\"Jeremy Soland\",\"url\":\"https:\\\/\\\/transportjournal.com\\\/nl\\\/author\\\/jeremy\\\/\"}]}<\/script>\n<!-- \/ Yoast SEO plugin. -->","yoast_head_json":{"title":"Marius Junda wordt financieel directeur van de Girteka-groep - ITJ | International Transport Journal","robots":{"index":"index","follow":"follow","max-snippet":"max-snippet:-1","max-image-preview":"max-image-preview:large","max-video-preview":"max-video-preview:-1"},"canonical":"https:\/\/transportjournal.com\/nl\/2026\/04\/27\/marius-junda-wordt-financieel-directeur-van-de-girteka-groep\/","og_locale":"nl_NL","og_type":"article","og_title":"Marius Junda wordt financieel directeur van de Girteka-groep - ITJ | International Transport Journal","og_description":"Marius Junda wordt per 30 april de nieuwe financieel directeur van de Girteka-groep en benadrukt het belang van de integratie van financieel management in de strategische beslissingen van het bedrijf.","og_url":"https:\/\/transportjournal.com\/nl\/2026\/04\/27\/marius-junda-wordt-financieel-directeur-van-de-girteka-groep\/","og_site_name":"ITJ | International Transport Journal","article_published_time":"2026-04-27T11:12:48+00:00","article_modified_time":"2026-04-27T11:24:03+00:00","og_image":[{"width":2048,"height":1153,"url":"https:\/\/transportjournal.com\/wp-content\/uploads\/sites\/2\/2026\/04\/Marius-Junda-Girteka-Group-CFO-aspect-ratio-1400-788.jpg","type":"image\/jpeg"}],"author":"Jeremy Soland","twitter_card":"summary_large_image","twitter_misc":{"Geschreven door":"Jeremy Soland","Geschatte leestijd":"1 minuut"},"schema":{"@context":"https:\/\/schema.org","@graph":[{"@type":"Article","@id":"https:\/\/transportjournal.com\/nl\/2026\/04\/27\/marius-junda-wordt-financieel-directeur-van-de-girteka-groep\/#article","isPartOf":{"@id":"https:\/\/transportjournal.com\/nl\/2026\/04\/27\/marius-junda-wordt-financieel-directeur-van-de-girteka-groep\/"},"author":{"name":"Jeremy Soland","@id":"https:\/\/transportjournal.com\/nl\/#\/schema\/person\/41d36b5474b623392fa613e97e2363fa"},"headline":"Marius Junda wordt financieel directeur van de Girteka-groep","datePublished":"2026-04-27T11:12:48+00:00","dateModified":"2026-04-27T11:24:03+00:00","mainEntityOfPage":{"@id":"https:\/\/transportjournal.com\/nl\/2026\/04\/27\/marius-junda-wordt-financieel-directeur-van-de-girteka-groep\/"},"wordCount":160,"commentCount":0,"publisher":{"@id":"https:\/\/transportjournal.com\/nl\/#organization"},"image":{"@id":"https:\/\/transportjournal.com\/nl\/2026\/04\/27\/marius-junda-wordt-financieel-directeur-van-de-girteka-groep\/#primaryimage"},"thumbnailUrl":"https:\/\/transportjournal.com\/wp-content\/uploads\/sites\/2\/2026\/04\/Marius-Junda-Girteka-Group-CFO-aspect-ratio-1400-788.jpg","keywords":["Asset Management","Baltic region","Baltikum","Berufserfahrung English Girteka Group","business consulting","CFO positions","CFO-Positionen","Chief Financial Officer","conseil aux entreprises","corporate governance","decision-making","d\u00e9partement financier","Deutsch Girteka-Gruppe","Digitalisierung","digitalization","directeur financier","entreprises internationales","entreprises r\u00e9gionales","Entscheidungsfindung","exp\u00e9rience professionnelle","Fachkr\u00e4ftemangel","finance department","finance sector","financial management","Finanzbereich","Finanzsteuerung","Finanzvorstand","Finanzwesen","gestion d'actifs","gestion financi\u00e8re","gouvernance d'entreprise","industrie du transport","infrastructure","Infrastruktur","international companies","internationale Unternehmen","logistics service providers","Logistikdienstleister","Marius Junda","num\u00e9risation","p\u00e9nurie de comp\u00e9tences","postes de directeur financier","prestataires de services logistiques","prise de d\u00e9cision","professional experience Fran\u00e7ais Girteka Groupe","r\u00e9gion baltique","regional companies","regionale Unternehmen","secteur financier","services partag\u00e9s","shared services","skills shortage","transportation industry","Transportwirtschaft","Unternehmensberatung","Unternehmensf\u00fchrung","Verm\u00f6gensverwaltung"],"articleSection":["Europa","Mensen &amp; Bedrijven"],"inLanguage":"nl-NL","potentialAction":[{"@type":"CommentAction","name":"Comment","target":["https:\/\/transportjournal.com\/nl\/2026\/04\/27\/marius-junda-wordt-financieel-directeur-van-de-girteka-groep\/#respond"]}]},{"@type":"WebPage","@id":"https:\/\/transportjournal.com\/nl\/2026\/04\/27\/marius-junda-wordt-financieel-directeur-van-de-girteka-groep\/","url":"https:\/\/transportjournal.com\/nl\/2026\/04\/27\/marius-junda-wordt-financieel-directeur-van-de-girteka-groep\/","name":"Marius Junda wordt financieel directeur van de Girteka-groep - ITJ | International Transport Journal","isPartOf":{"@id":"https:\/\/transportjournal.com\/nl\/#website"},"primaryImageOfPage":{"@id":"https:\/\/transportjournal.com\/nl\/2026\/04\/27\/marius-junda-wordt-financieel-directeur-van-de-girteka-groep\/#primaryimage"},"image":{"@id":"https:\/\/transportjournal.com\/nl\/2026\/04\/27\/marius-junda-wordt-financieel-directeur-van-de-girteka-groep\/#primaryimage"},"thumbnailUrl":"https:\/\/transportjournal.com\/wp-content\/uploads\/sites\/2\/2026\/04\/Marius-Junda-Girteka-Group-CFO-aspect-ratio-1400-788.jpg","datePublished":"2026-04-27T11:12:48+00:00","dateModified":"2026-04-27T11:24:03+00:00","breadcrumb":{"@id":"https:\/\/transportjournal.com\/nl\/2026\/04\/27\/marius-junda-wordt-financieel-directeur-van-de-girteka-groep\/#breadcrumb"},"inLanguage":"nl-NL","potentialAction":[{"@type":"ReadAction","target":["https:\/\/transportjournal.com\/nl\/2026\/04\/27\/marius-junda-wordt-financieel-directeur-van-de-girteka-groep\/"]}]},{"@type":"ImageObject","inLanguage":"nl-NL","@id":"https:\/\/transportjournal.com\/nl\/2026\/04\/27\/marius-junda-wordt-financieel-directeur-van-de-girteka-groep\/#primaryimage","url":"https:\/\/transportjournal.com\/wp-content\/uploads\/sites\/2\/2026\/04\/Marius-Junda-Girteka-Group-CFO-aspect-ratio-1400-788.jpg","contentUrl":"https:\/\/transportjournal.com\/wp-content\/uploads\/sites\/2\/2026\/04\/Marius-Junda-Girteka-Group-CFO-aspect-ratio-1400-788.jpg","width":2048,"height":1153},{"@type":"BreadcrumbList","@id":"https:\/\/transportjournal.com\/nl\/2026\/04\/27\/marius-junda-wordt-financieel-directeur-van-de-girteka-groep\/#breadcrumb","itemListElement":[{"@type":"ListItem","position":1,"name":"Startseite","item":"https:\/\/transportjournal.com\/nl\/"},{"@type":"ListItem","position":2,"name":"Marius Junda wordt financieel directeur van de Girteka-groep"}]},{"@type":"WebSite","@id":"https:\/\/transportjournal.com\/nl\/#website","url":"https:\/\/transportjournal.com\/nl\/","name":"ITJ | International Transport Journal","description":"Stay informed with the latest global news from the transport, logistics, and supply chain industries. Transport Journal delivers expert insights, analysis, and updates across shipping, aviation, intermodal, and forwarding.","publisher":{"@id":"https:\/\/transportjournal.com\/nl\/#organization"},"potentialAction":[{"@type":"SearchAction","target":{"@type":"EntryPoint","urlTemplate":"https:\/\/transportjournal.com\/nl\/?s={search_term_string}"},"query-input":{"@type":"PropertyValueSpecification","valueRequired":true,"valueName":"search_term_string"}}],"inLanguage":"nl-NL"},{"@type":"Organization","@id":"https:\/\/transportjournal.com\/nl\/#organization","name":"Logismedia Groep AG","alternateName":"Logismedia Group AG","url":"https:\/\/transportjournal.com\/nl\/","logo":{"@type":"ImageObject","inLanguage":"nl-NL","@id":"https:\/\/transportjournal.com\/nl\/#\/schema\/logo\/image\/","url":"https:\/\/transportjournal.com\/wp-content\/uploads\/sites\/2\/2025\/09\/Logo_ITJ.png","contentUrl":"https:\/\/transportjournal.com\/wp-content\/uploads\/sites\/2\/2025\/09\/Logo_ITJ.png","width":799,"height":326,"caption":"Logismedia Groep AG"},"image":{"@id":"https:\/\/transportjournal.com\/nl\/#\/schema\/logo\/image\/"},"sameAs":["https:\/\/www.linkedin.com\/company\/56456496\/admin\/dashboard\/","https:\/\/www.instagram.com\/logismediagroup\/","https:\/\/www.youtube.com\/@LogiamediaGroupAG"]},{"@type":"Person","@id":"https:\/\/transportjournal.com\/nl\/#\/schema\/person\/41d36b5474b623392fa613e97e2363fa","name":"Jeremy Soland","url":"https:\/\/transportjournal.com\/nl\/author\/jeremy\/"}]}},"_links":{"self":[{"href":"https:\/\/transportjournal.com\/nl\/wp-json\/wp\/v2\/posts\/86807","targetHints":{"allow":["GET"]}}],"collection":[{"href":"https:\/\/transportjournal.com\/nl\/wp-json\/wp\/v2\/posts"}],"about":[{"href":"https:\/\/transportjournal.com\/nl\/wp-json\/wp\/v2\/types\/post"}],"author":[{"embeddable":true,"href":"https:\/\/transportjournal.com\/nl\/wp-json\/wp\/v2\/users\/10"}],"replies":[{"embeddable":true,"href":"https:\/\/transportjournal.com\/nl\/wp-json\/wp\/v2\/comments?post=86807"}],"version-history":[{"count":1,"href":"https:\/\/transportjournal.com\/nl\/wp-json\/wp\/v2\/posts\/86807\/revisions"}],"predecessor-version":[{"id":86814,"href":"https:\/\/transportjournal.com\/nl\/wp-json\/wp\/v2\/posts\/86807\/revisions\/86814"}],"wp:featuredmedia":[{"embeddable":true,"href":"https:\/\/transportjournal.com\/nl\/wp-json\/wp\/v2\/media\/86801"}],"wp:attachment":[{"href":"https:\/\/transportjournal.com\/nl\/wp-json\/wp\/v2\/media?parent=86807"}],"wp:term":[{"taxonomy":"category","embeddable":true,"href":"https:\/\/transportjournal.com\/nl\/wp-json\/wp\/v2\/categories?post=86807"},{"taxonomy":"post_tag","embeddable":true,"href":"https:\/\/transportjournal.com\/nl\/wp-json\/wp\/v2\/tags?post=86807"}],"curies":[{"name":"wp","href":"https:\/\/api.w.org\/{rel}","templated":true}]}}