{"id":86747,"date":"2026-04-27T09:20:49","date_gmt":"2026-04-27T09:20:49","guid":{"rendered":"https:\/\/transportjournal.com\/2026\/04\/27\/veranderende-leiding-op-de-noida-international-airport\/"},"modified":"2026-04-27T11:30:50","modified_gmt":"2026-04-27T09:30:50","slug":"veranderende-leiding-op-de-noida-international-airport","status":"publish","type":"post","link":"https:\/\/transportjournal.com\/nl\/2026\/04\/27\/veranderende-leiding-op-de-noida-international-airport\/","title":{"rendered":"Veranderende leiding op de Noida International Airport"},"content":{"rendered":"<p>De Noida International Airport (NIA) heeft een wisseling van de leiding aangekondigd, die noodzakelijk werd door een regulerende instructie van het Indiase Bureau of Civil Aviation Security (BCAS). Deze voorschrift stelt dat de directeur van een luchthaven in India een Indiase staatsburger moet zijn. Als gevolg hiervan is Nitu Samra met onmiddellijke ingang aangesteld als waarnemend directeur, totdat een formele selectieprocedure door de raad is afgerond, zoals het onlineportaal News18 meldt.<\/p>\n<p>Nitu Samra neemt interim de rol van Chief Executive Officer (CEO) op zich. Volgens een verklaring van de NIA zal hij deze positie bekleden totdat de raad de zoektocht naar een permanente opvolger heeft afgerond. Samra is sinds oktober 2021 als Chief Financial Officer (CFO) op de luchthaven werkzaam en heeft in deze functie een rol gespeeld in het financieel beheer, de governance en de strategische planning van de luchthaven.<\/p>\n<p><a href=\"https:\/\/www.niairport.in\/\" target=\"_blank\" rel=\"noopener noreferrer\">www.niairport.in<\/a><\/p>\n","protected":false},"excerpt":{"rendered":"<p>De Noida International Airport heeft Nitu Samra interim benoemd tot CEO om te voldoen aan de BCAS-voorschriften.<\/p>\n","protected":false},"author":10,"featured_media":86741,"comment_status":"open","ping_status":"","sticky":false,"template":"","format":"standard","meta":{"_acf_changed":false,"footnotes":""},"categories":[1598,1594,1591],"tags":[42382,31873,42383,40976,3619,42384,42385,5504,42386,42387,42388,42389,42390,42391,42392,42393,42394,13747,42395,2213,42396,7067,5515,42397,42398,5519,42399,42400,42401,42402,42403,42404,42405,42406,42407,42408,31884,3643,42409,42410,42411,42412,42413,5528,42414,42415,42416,42417,42418,29654,42419,42420,42421,42422],"class_list":["post-86747","post","type-post","status-publish","format-standard","has-post-thumbnail","hentry","category-azie-stille-oceaan","category-luchtvracht","category-mensen-bedrijven","tag-aeroports-indiens","tag-air-transport-industry","tag-airport-ceo","tag-airport-development","tag-airport-infrastructure","tag-airport-leadership-change","tag-airport-management","tag-airport-operations","tag-aviation-indienne","tag-aviation-security","tag-bcas-regulation","tag-bcas-vorschrift","tag-ceo-flughafen","tag-cfo-nia","tag-changement-de-direction-aeroportuaire","tag-citoyens-indiens","tag-deutsch-noida-international-airport","tag-developpement-aeroportuaire","tag-directive-reglementaire","tag-economie-du-transport","tag-flughafen-entwicklung","tag-flughafen-infrastruktur","tag-flughafenbetrieb","tag-flughafenmanagement","tag-fuehrungswechsel-flughafen","tag-gestion-aeroportuaire","tag-gestion-interimaire","tag-gouvernance-en-aviation","tag-governance-im-flughafen","tag-governance-in-aviation","tag-indian-airports","tag-indian-aviation","tag-indian-citizens","tag-indische-flughaefen","tag-indische-luftfahrt","tag-indische-staatsbuerger","tag-industrie-du-transport-aerien","tag-infrastructure-aeroportuaire","tag-interim-geschaeftsfuehrung","tag-interim-management","tag-luftfahrt-sicherheit","tag-luftverkehrsindustrie","tag-nitu-samra","tag-operations-aeroportuaires","tag-pdg-aeroport","tag-planification-strategique-aeroport","tag-reglementation-bcas","tag-regulatorische-anweisung","tag-regulatory-directive","tag-securite-aeronautique","tag-strategic-planning-airport","tag-strategische-planung-flughafen","tag-transport-economy-francais-aeroport-international-de-noida","tag-transportwirtschaft-english-noida-international-airport"],"acf":[],"yoast_head":"<!-- This site is optimized with the Yoast SEO plugin v27.3 - https:\/\/yoast.com\/product\/yoast-seo-wordpress\/ -->\n<title>Veranderende leiding op de Noida International Airport - ITJ | International Transport Journal<\/title>\n<meta name=\"robots\" content=\"index, follow, max-snippet:-1, max-image-preview:large, max-video-preview:-1\" \/>\n<link rel=\"canonical\" href=\"https:\/\/transportjournal.com\/nl\/2026\/04\/27\/veranderende-leiding-op-de-noida-international-airport\/\" \/>\n<meta property=\"og:locale\" content=\"nl_NL\" \/>\n<meta property=\"og:type\" content=\"article\" \/>\n<meta property=\"og:title\" content=\"Veranderende leiding op de Noida International Airport - ITJ | International Transport Journal\" \/>\n<meta property=\"og:description\" content=\"De Noida International Airport heeft Nitu Samra interim benoemd tot CEO om te voldoen aan de BCAS-voorschriften.\" \/>\n<meta property=\"og:url\" content=\"https:\/\/transportjournal.com\/nl\/2026\/04\/27\/veranderende-leiding-op-de-noida-international-airport\/\" \/>\n<meta property=\"og:site_name\" content=\"ITJ | International Transport Journal\" \/>\n<meta property=\"article:published_time\" content=\"2026-04-27T09:20:49+00:00\" \/>\n<meta property=\"article:modified_time\" content=\"2026-04-27T09:30:50+00:00\" \/>\n<meta property=\"og:image\" content=\"https:\/\/transportjournal.com\/wp-content\/uploads\/sites\/2\/2026\/04\/AdobeStock_215225362-scaled-aspect-ratio-1400-788-scaled-1.jpeg\" \/>\n\t<meta property=\"og:image:width\" content=\"2560\" \/>\n\t<meta property=\"og:image:height\" content=\"1441\" \/>\n\t<meta property=\"og:image:type\" content=\"image\/jpeg\" \/>\n<meta name=\"author\" content=\"Jeremy Soland\" \/>\n<meta name=\"twitter:card\" content=\"summary_large_image\" \/>\n<meta name=\"twitter:label1\" content=\"Geschreven door\" \/>\n\t<meta name=\"twitter:data1\" content=\"Jeremy Soland\" \/>\n\t<meta name=\"twitter:label2\" content=\"Geschatte leestijd\" \/>\n\t<meta name=\"twitter:data2\" content=\"1 minuut\" \/>\n<script type=\"application\/ld+json\" class=\"yoast-schema-graph\">{\"@context\":\"https:\\\/\\\/schema.org\",\"@graph\":[{\"@type\":\"Article\",\"@id\":\"https:\\\/\\\/transportjournal.com\\\/nl\\\/2026\\\/04\\\/27\\\/veranderende-leiding-op-de-noida-international-airport\\\/#article\",\"isPartOf\":{\"@id\":\"https:\\\/\\\/transportjournal.com\\\/nl\\\/2026\\\/04\\\/27\\\/veranderende-leiding-op-de-noida-international-airport\\\/\"},\"author\":{\"name\":\"Jeremy Soland\",\"@id\":\"https:\\\/\\\/transportjournal.com\\\/nl\\\/#\\\/schema\\\/person\\\/41d36b5474b623392fa613e97e2363fa\"},\"headline\":\"Veranderende leiding op de Noida International Airport\",\"datePublished\":\"2026-04-27T09:20:49+00:00\",\"dateModified\":\"2026-04-27T09:30:50+00:00\",\"mainEntityOfPage\":{\"@id\":\"https:\\\/\\\/transportjournal.com\\\/nl\\\/2026\\\/04\\\/27\\\/veranderende-leiding-op-de-noida-international-airport\\\/\"},\"wordCount\":150,\"commentCount\":0,\"publisher\":{\"@id\":\"https:\\\/\\\/transportjournal.com\\\/nl\\\/#organization\"},\"image\":{\"@id\":\"https:\\\/\\\/transportjournal.com\\\/nl\\\/2026\\\/04\\\/27\\\/veranderende-leiding-op-de-noida-international-airport\\\/#primaryimage\"},\"thumbnailUrl\":\"https:\\\/\\\/transportjournal.com\\\/wp-content\\\/uploads\\\/sites\\\/2\\\/2026\\\/04\\\/AdobeStock_215225362-scaled-aspect-ratio-1400-788-scaled-1.jpeg\",\"keywords\":[\"a\u00e9roports indiens\",\"air transport industry\",\"airport CEO\",\"airport development\",\"airport infrastructure\",\"airport leadership change\",\"airport management\",\"airport operations\",\"aviation indienne\",\"aviation security\",\"BCAS regulation\",\"BCAS Vorschrift\",\"CEO Flughafen\",\"CFO NIA\",\"changement de direction a\u00e9roportuaire\",\"citoyens indiens\",\"Deutsch Noida International Airport\",\"d\u00e9veloppement a\u00e9roportuaire\",\"directive r\u00e9glementaire\",\"\u00e9conomie du transport\",\"Flughafen Entwicklung\",\"Flughafen Infrastruktur\",\"Flughafenbetrieb\",\"Flughafenmanagement\",\"F\u00fchrungswechsel Flughafen\",\"gestion a\u00e9roportuaire\",\"gestion int\u00e9rimaire\",\"gouvernance en aviation\",\"Governance im Flughafen\",\"governance in aviation\",\"Indian airports\",\"Indian aviation\",\"Indian citizens\",\"indische Flugh\u00e4fen\",\"indische Luftfahrt\",\"indische Staatsb\u00fcrger\",\"industrie du transport a\u00e9rien\",\"infrastructure a\u00e9roportuaire\",\"Interim Gesch\u00e4ftsf\u00fchrung\",\"interim management\",\"Luftfahrt Sicherheit\",\"Luftverkehrsindustrie\",\"Nitu Samra\",\"op\u00e9rations a\u00e9roportuaires\",\"PDG a\u00e9roport\",\"planification strat\u00e9gique a\u00e9roport\",\"r\u00e9glementation BCAS\",\"regulatorische Anweisung\",\"regulatory directive\",\"s\u00e9curit\u00e9 a\u00e9ronautique\",\"strategic planning airport\",\"strategische Planung Flughafen\",\"transport economy Fran\u00e7ais A\u00e9roport International de Noida\",\"Transportwirtschaft English Noida International Airport\"],\"articleSection\":[\"Azi\u00eb\\\/Stille Oceaan\",\"Luchtvracht\",\"Mensen &amp; Bedrijven\"],\"inLanguage\":\"nl-NL\",\"potentialAction\":[{\"@type\":\"CommentAction\",\"name\":\"Comment\",\"target\":[\"https:\\\/\\\/transportjournal.com\\\/nl\\\/2026\\\/04\\\/27\\\/veranderende-leiding-op-de-noida-international-airport\\\/#respond\"]}]},{\"@type\":\"WebPage\",\"@id\":\"https:\\\/\\\/transportjournal.com\\\/nl\\\/2026\\\/04\\\/27\\\/veranderende-leiding-op-de-noida-international-airport\\\/\",\"url\":\"https:\\\/\\\/transportjournal.com\\\/nl\\\/2026\\\/04\\\/27\\\/veranderende-leiding-op-de-noida-international-airport\\\/\",\"name\":\"Veranderende leiding op de Noida International Airport - ITJ | International Transport Journal\",\"isPartOf\":{\"@id\":\"https:\\\/\\\/transportjournal.com\\\/nl\\\/#website\"},\"primaryImageOfPage\":{\"@id\":\"https:\\\/\\\/transportjournal.com\\\/nl\\\/2026\\\/04\\\/27\\\/veranderende-leiding-op-de-noida-international-airport\\\/#primaryimage\"},\"image\":{\"@id\":\"https:\\\/\\\/transportjournal.com\\\/nl\\\/2026\\\/04\\\/27\\\/veranderende-leiding-op-de-noida-international-airport\\\/#primaryimage\"},\"thumbnailUrl\":\"https:\\\/\\\/transportjournal.com\\\/wp-content\\\/uploads\\\/sites\\\/2\\\/2026\\\/04\\\/AdobeStock_215225362-scaled-aspect-ratio-1400-788-scaled-1.jpeg\",\"datePublished\":\"2026-04-27T09:20:49+00:00\",\"dateModified\":\"2026-04-27T09:30:50+00:00\",\"breadcrumb\":{\"@id\":\"https:\\\/\\\/transportjournal.com\\\/nl\\\/2026\\\/04\\\/27\\\/veranderende-leiding-op-de-noida-international-airport\\\/#breadcrumb\"},\"inLanguage\":\"nl-NL\",\"potentialAction\":[{\"@type\":\"ReadAction\",\"target\":[\"https:\\\/\\\/transportjournal.com\\\/nl\\\/2026\\\/04\\\/27\\\/veranderende-leiding-op-de-noida-international-airport\\\/\"]}]},{\"@type\":\"ImageObject\",\"inLanguage\":\"nl-NL\",\"@id\":\"https:\\\/\\\/transportjournal.com\\\/nl\\\/2026\\\/04\\\/27\\\/veranderende-leiding-op-de-noida-international-airport\\\/#primaryimage\",\"url\":\"https:\\\/\\\/transportjournal.com\\\/wp-content\\\/uploads\\\/sites\\\/2\\\/2026\\\/04\\\/AdobeStock_215225362-scaled-aspect-ratio-1400-788-scaled-1.jpeg\",\"contentUrl\":\"https:\\\/\\\/transportjournal.com\\\/wp-content\\\/uploads\\\/sites\\\/2\\\/2026\\\/04\\\/AdobeStock_215225362-scaled-aspect-ratio-1400-788-scaled-1.jpeg\",\"width\":2560,\"height\":1441},{\"@type\":\"BreadcrumbList\",\"@id\":\"https:\\\/\\\/transportjournal.com\\\/nl\\\/2026\\\/04\\\/27\\\/veranderende-leiding-op-de-noida-international-airport\\\/#breadcrumb\",\"itemListElement\":[{\"@type\":\"ListItem\",\"position\":1,\"name\":\"Startseite\",\"item\":\"https:\\\/\\\/transportjournal.com\\\/nl\\\/\"},{\"@type\":\"ListItem\",\"position\":2,\"name\":\"Veranderende leiding op de Noida International Airport\"}]},{\"@type\":\"WebSite\",\"@id\":\"https:\\\/\\\/transportjournal.com\\\/nl\\\/#website\",\"url\":\"https:\\\/\\\/transportjournal.com\\\/nl\\\/\",\"name\":\"ITJ | International Transport Journal\",\"description\":\"Stay informed with the latest global news from the transport, logistics, and supply chain industries. Transport Journal delivers expert insights, analysis, and updates across shipping, aviation, intermodal, and forwarding.\",\"publisher\":{\"@id\":\"https:\\\/\\\/transportjournal.com\\\/nl\\\/#organization\"},\"potentialAction\":[{\"@type\":\"SearchAction\",\"target\":{\"@type\":\"EntryPoint\",\"urlTemplate\":\"https:\\\/\\\/transportjournal.com\\\/nl\\\/?s={search_term_string}\"},\"query-input\":{\"@type\":\"PropertyValueSpecification\",\"valueRequired\":true,\"valueName\":\"search_term_string\"}}],\"inLanguage\":\"nl-NL\"},{\"@type\":\"Organization\",\"@id\":\"https:\\\/\\\/transportjournal.com\\\/nl\\\/#organization\",\"name\":\"Logismedia Groep AG\",\"alternateName\":\"Logismedia Group AG\",\"url\":\"https:\\\/\\\/transportjournal.com\\\/nl\\\/\",\"logo\":{\"@type\":\"ImageObject\",\"inLanguage\":\"nl-NL\",\"@id\":\"https:\\\/\\\/transportjournal.com\\\/nl\\\/#\\\/schema\\\/logo\\\/image\\\/\",\"url\":\"https:\\\/\\\/transportjournal.com\\\/wp-content\\\/uploads\\\/sites\\\/2\\\/2025\\\/09\\\/Logo_ITJ.png\",\"contentUrl\":\"https:\\\/\\\/transportjournal.com\\\/wp-content\\\/uploads\\\/sites\\\/2\\\/2025\\\/09\\\/Logo_ITJ.png\",\"width\":799,\"height\":326,\"caption\":\"Logismedia Groep AG\"},\"image\":{\"@id\":\"https:\\\/\\\/transportjournal.com\\\/nl\\\/#\\\/schema\\\/logo\\\/image\\\/\"},\"sameAs\":[\"https:\\\/\\\/www.linkedin.com\\\/company\\\/56456496\\\/admin\\\/dashboard\\\/\",\"https:\\\/\\\/www.instagram.com\\\/logismediagroup\\\/\",\"https:\\\/\\\/www.youtube.com\\\/@LogiamediaGroupAG\"]},{\"@type\":\"Person\",\"@id\":\"https:\\\/\\\/transportjournal.com\\\/nl\\\/#\\\/schema\\\/person\\\/41d36b5474b623392fa613e97e2363fa\",\"name\":\"Jeremy Soland\",\"url\":\"https:\\\/\\\/transportjournal.com\\\/nl\\\/author\\\/jeremy\\\/\"}]}<\/script>\n<!-- \/ Yoast SEO plugin. -->","yoast_head_json":{"title":"Veranderende leiding op de Noida International Airport - ITJ | International Transport Journal","robots":{"index":"index","follow":"follow","max-snippet":"max-snippet:-1","max-image-preview":"max-image-preview:large","max-video-preview":"max-video-preview:-1"},"canonical":"https:\/\/transportjournal.com\/nl\/2026\/04\/27\/veranderende-leiding-op-de-noida-international-airport\/","og_locale":"nl_NL","og_type":"article","og_title":"Veranderende leiding op de Noida International Airport - ITJ | International Transport Journal","og_description":"De Noida International Airport heeft Nitu Samra interim benoemd tot CEO om te voldoen aan de BCAS-voorschriften.","og_url":"https:\/\/transportjournal.com\/nl\/2026\/04\/27\/veranderende-leiding-op-de-noida-international-airport\/","og_site_name":"ITJ | International Transport Journal","article_published_time":"2026-04-27T09:20:49+00:00","article_modified_time":"2026-04-27T09:30:50+00:00","og_image":[{"width":2560,"height":1441,"url":"https:\/\/transportjournal.com\/wp-content\/uploads\/sites\/2\/2026\/04\/AdobeStock_215225362-scaled-aspect-ratio-1400-788-scaled-1.jpeg","type":"image\/jpeg"}],"author":"Jeremy Soland","twitter_card":"summary_large_image","twitter_misc":{"Geschreven door":"Jeremy Soland","Geschatte leestijd":"1 minuut"},"schema":{"@context":"https:\/\/schema.org","@graph":[{"@type":"Article","@id":"https:\/\/transportjournal.com\/nl\/2026\/04\/27\/veranderende-leiding-op-de-noida-international-airport\/#article","isPartOf":{"@id":"https:\/\/transportjournal.com\/nl\/2026\/04\/27\/veranderende-leiding-op-de-noida-international-airport\/"},"author":{"name":"Jeremy Soland","@id":"https:\/\/transportjournal.com\/nl\/#\/schema\/person\/41d36b5474b623392fa613e97e2363fa"},"headline":"Veranderende leiding op de Noida International Airport","datePublished":"2026-04-27T09:20:49+00:00","dateModified":"2026-04-27T09:30:50+00:00","mainEntityOfPage":{"@id":"https:\/\/transportjournal.com\/nl\/2026\/04\/27\/veranderende-leiding-op-de-noida-international-airport\/"},"wordCount":150,"commentCount":0,"publisher":{"@id":"https:\/\/transportjournal.com\/nl\/#organization"},"image":{"@id":"https:\/\/transportjournal.com\/nl\/2026\/04\/27\/veranderende-leiding-op-de-noida-international-airport\/#primaryimage"},"thumbnailUrl":"https:\/\/transportjournal.com\/wp-content\/uploads\/sites\/2\/2026\/04\/AdobeStock_215225362-scaled-aspect-ratio-1400-788-scaled-1.jpeg","keywords":["a\u00e9roports indiens","air transport industry","airport CEO","airport development","airport infrastructure","airport leadership change","airport management","airport operations","aviation indienne","aviation security","BCAS regulation","BCAS Vorschrift","CEO Flughafen","CFO NIA","changement de direction a\u00e9roportuaire","citoyens indiens","Deutsch Noida International Airport","d\u00e9veloppement a\u00e9roportuaire","directive r\u00e9glementaire","\u00e9conomie du transport","Flughafen Entwicklung","Flughafen Infrastruktur","Flughafenbetrieb","Flughafenmanagement","F\u00fchrungswechsel Flughafen","gestion a\u00e9roportuaire","gestion int\u00e9rimaire","gouvernance en aviation","Governance im Flughafen","governance in aviation","Indian airports","Indian aviation","Indian citizens","indische Flugh\u00e4fen","indische Luftfahrt","indische Staatsb\u00fcrger","industrie du transport a\u00e9rien","infrastructure a\u00e9roportuaire","Interim Gesch\u00e4ftsf\u00fchrung","interim management","Luftfahrt Sicherheit","Luftverkehrsindustrie","Nitu Samra","op\u00e9rations a\u00e9roportuaires","PDG a\u00e9roport","planification strat\u00e9gique a\u00e9roport","r\u00e9glementation BCAS","regulatorische Anweisung","regulatory directive","s\u00e9curit\u00e9 a\u00e9ronautique","strategic planning airport","strategische Planung Flughafen","transport economy Fran\u00e7ais A\u00e9roport International de Noida","Transportwirtschaft English Noida International Airport"],"articleSection":["Azi\u00eb\/Stille Oceaan","Luchtvracht","Mensen &amp; Bedrijven"],"inLanguage":"nl-NL","potentialAction":[{"@type":"CommentAction","name":"Comment","target":["https:\/\/transportjournal.com\/nl\/2026\/04\/27\/veranderende-leiding-op-de-noida-international-airport\/#respond"]}]},{"@type":"WebPage","@id":"https:\/\/transportjournal.com\/nl\/2026\/04\/27\/veranderende-leiding-op-de-noida-international-airport\/","url":"https:\/\/transportjournal.com\/nl\/2026\/04\/27\/veranderende-leiding-op-de-noida-international-airport\/","name":"Veranderende leiding op de Noida International Airport - ITJ | International Transport Journal","isPartOf":{"@id":"https:\/\/transportjournal.com\/nl\/#website"},"primaryImageOfPage":{"@id":"https:\/\/transportjournal.com\/nl\/2026\/04\/27\/veranderende-leiding-op-de-noida-international-airport\/#primaryimage"},"image":{"@id":"https:\/\/transportjournal.com\/nl\/2026\/04\/27\/veranderende-leiding-op-de-noida-international-airport\/#primaryimage"},"thumbnailUrl":"https:\/\/transportjournal.com\/wp-content\/uploads\/sites\/2\/2026\/04\/AdobeStock_215225362-scaled-aspect-ratio-1400-788-scaled-1.jpeg","datePublished":"2026-04-27T09:20:49+00:00","dateModified":"2026-04-27T09:30:50+00:00","breadcrumb":{"@id":"https:\/\/transportjournal.com\/nl\/2026\/04\/27\/veranderende-leiding-op-de-noida-international-airport\/#breadcrumb"},"inLanguage":"nl-NL","potentialAction":[{"@type":"ReadAction","target":["https:\/\/transportjournal.com\/nl\/2026\/04\/27\/veranderende-leiding-op-de-noida-international-airport\/"]}]},{"@type":"ImageObject","inLanguage":"nl-NL","@id":"https:\/\/transportjournal.com\/nl\/2026\/04\/27\/veranderende-leiding-op-de-noida-international-airport\/#primaryimage","url":"https:\/\/transportjournal.com\/wp-content\/uploads\/sites\/2\/2026\/04\/AdobeStock_215225362-scaled-aspect-ratio-1400-788-scaled-1.jpeg","contentUrl":"https:\/\/transportjournal.com\/wp-content\/uploads\/sites\/2\/2026\/04\/AdobeStock_215225362-scaled-aspect-ratio-1400-788-scaled-1.jpeg","width":2560,"height":1441},{"@type":"BreadcrumbList","@id":"https:\/\/transportjournal.com\/nl\/2026\/04\/27\/veranderende-leiding-op-de-noida-international-airport\/#breadcrumb","itemListElement":[{"@type":"ListItem","position":1,"name":"Startseite","item":"https:\/\/transportjournal.com\/nl\/"},{"@type":"ListItem","position":2,"name":"Veranderende leiding op de Noida International Airport"}]},{"@type":"WebSite","@id":"https:\/\/transportjournal.com\/nl\/#website","url":"https:\/\/transportjournal.com\/nl\/","name":"ITJ | International Transport Journal","description":"Stay informed with the latest global news from the transport, logistics, and supply chain industries. Transport Journal delivers expert insights, analysis, and updates across shipping, aviation, intermodal, and forwarding.","publisher":{"@id":"https:\/\/transportjournal.com\/nl\/#organization"},"potentialAction":[{"@type":"SearchAction","target":{"@type":"EntryPoint","urlTemplate":"https:\/\/transportjournal.com\/nl\/?s={search_term_string}"},"query-input":{"@type":"PropertyValueSpecification","valueRequired":true,"valueName":"search_term_string"}}],"inLanguage":"nl-NL"},{"@type":"Organization","@id":"https:\/\/transportjournal.com\/nl\/#organization","name":"Logismedia Groep AG","alternateName":"Logismedia Group AG","url":"https:\/\/transportjournal.com\/nl\/","logo":{"@type":"ImageObject","inLanguage":"nl-NL","@id":"https:\/\/transportjournal.com\/nl\/#\/schema\/logo\/image\/","url":"https:\/\/transportjournal.com\/wp-content\/uploads\/sites\/2\/2025\/09\/Logo_ITJ.png","contentUrl":"https:\/\/transportjournal.com\/wp-content\/uploads\/sites\/2\/2025\/09\/Logo_ITJ.png","width":799,"height":326,"caption":"Logismedia Groep AG"},"image":{"@id":"https:\/\/transportjournal.com\/nl\/#\/schema\/logo\/image\/"},"sameAs":["https:\/\/www.linkedin.com\/company\/56456496\/admin\/dashboard\/","https:\/\/www.instagram.com\/logismediagroup\/","https:\/\/www.youtube.com\/@LogiamediaGroupAG"]},{"@type":"Person","@id":"https:\/\/transportjournal.com\/nl\/#\/schema\/person\/41d36b5474b623392fa613e97e2363fa","name":"Jeremy Soland","url":"https:\/\/transportjournal.com\/nl\/author\/jeremy\/"}]}},"_links":{"self":[{"href":"https:\/\/transportjournal.com\/nl\/wp-json\/wp\/v2\/posts\/86747","targetHints":{"allow":["GET"]}}],"collection":[{"href":"https:\/\/transportjournal.com\/nl\/wp-json\/wp\/v2\/posts"}],"about":[{"href":"https:\/\/transportjournal.com\/nl\/wp-json\/wp\/v2\/types\/post"}],"author":[{"embeddable":true,"href":"https:\/\/transportjournal.com\/nl\/wp-json\/wp\/v2\/users\/10"}],"replies":[{"embeddable":true,"href":"https:\/\/transportjournal.com\/nl\/wp-json\/wp\/v2\/comments?post=86747"}],"version-history":[{"count":1,"href":"https:\/\/transportjournal.com\/nl\/wp-json\/wp\/v2\/posts\/86747\/revisions"}],"predecessor-version":[{"id":86754,"href":"https:\/\/transportjournal.com\/nl\/wp-json\/wp\/v2\/posts\/86747\/revisions\/86754"}],"wp:featuredmedia":[{"embeddable":true,"href":"https:\/\/transportjournal.com\/nl\/wp-json\/wp\/v2\/media\/86741"}],"wp:attachment":[{"href":"https:\/\/transportjournal.com\/nl\/wp-json\/wp\/v2\/media?parent=86747"}],"wp:term":[{"taxonomy":"category","embeddable":true,"href":"https:\/\/transportjournal.com\/nl\/wp-json\/wp\/v2\/categories?post=86747"},{"taxonomy":"post_tag","embeddable":true,"href":"https:\/\/transportjournal.com\/nl\/wp-json\/wp\/v2\/tags?post=86747"}],"curies":[{"name":"wp","href":"https:\/\/api.w.org\/{rel}","templated":true}]}}