{"id":86732,"date":"2026-04-27T08:57:34","date_gmt":"2026-04-27T08:57:34","guid":{"rendered":"https:\/\/transportjournal.com\/2026\/04\/27\/clean-shipping-coalition-vraagt-om-vooruitgang\/"},"modified":"2026-04-27T11:08:48","modified_gmt":"2026-04-27T09:08:48","slug":"clean-shipping-coalition-vraagt-om-vooruitgang","status":"publish","type":"post","link":"https:\/\/transportjournal.com\/nl\/2026\/04\/27\/clean-shipping-coalition-vraagt-om-vooruitgang\/","title":{"rendered":"Clean Shipping Coalition vraagt om vooruitgang"},"content":{"rendered":"<p>Voor de aanstaande bijeenkomst van de Commissie ter Bescherming van de Mariene Milieu van de Internationale Maritieme Organisatie (IMO) heeft de Clean Shipping Coalition de vooruitgang tijdens een intersessionele bijeenkomst erkend. De coalitie doet een oproep aan de lidstaten om zich te verzetten tegen pogingen die het netto-nul kader (NZF) van de IMO in gevaar kunnen brengen, zoals zij meedeelt. Deze bijeenkomst, die van 27 april tot 1 mei 2026 plaatsvindt, wordt als cruciaal beschouwd voor de toekomstige richting van de internationale scheepvaart.<\/p>\n<h3>Eisen voor versnelde maatregelen<\/h3>\n<p>De Clean Shipping Coalition vraagt bovendien dat de deelnemers aan de bijeenkomst de herziening van de energie-effici\u00ebntiemaatregel, bekend als Carbon Intensity Indicator (CII), bevorderen. Deze maatregel maakt deel uit van de inspanningen om de emissies in het nieuw opgerichte North East Atlantic Emission Control Area te reguleren. Een ander belangrijk aandachtspunt is de bestrijding van de gevolgen van plastic zeeafval.<\/p>\n<p>Het netto-nul kader van de IMO heeft als doel de broeikasgasemissies van schepen te verminderen. Het is gebaseerd op de broeikasgasstrategie 2023 en omvat een wereldwijde brandstofnorm (GFS). Deze norm verplicht schepen om de vervuiling door hun brandstoffen geleidelijk te verminderen.<\/p>\n<p><a href=\"https:\/\/cleanshipping.org\/\" target=\"_blank\" rel=\"noopener noreferrer\">www.cleanshipping.org<\/a><\/p>\n","protected":false},"excerpt":{"rendered":"<p>De Clean Shipping Coalition vraagt om maatregelen ter vermindering van broeikasgasemissies in de scheepvaart.<\/p>\n","protected":false},"author":10,"featured_media":76003,"comment_status":"open","ping_status":"","sticky":false,"template":"","format":"standard","meta":{"_acf_changed":false,"footnotes":""},"categories":[1595],"tags":[40798,42358,42359,42360,42361,42362,42363,5322,5323,40803,9866,42364,42365,8101,6346,9875,27270,42366,2702,5050,5051,42367,2821,1831,3011,2054,42368,42369,8109,1809,6389,10442,42370,42371,42372,40818,8148,27272,25067,42373,42374,42375,2829,8112,42376,42377,42378,42379,42380,42381,5078,1812,8126,21623,40826],"class_list":["post-86732","post","type-post","status-publish","format-standard","has-post-thumbnail","hentry","category-scheepvaart-en-havens","tag-atlantique-nord-est","tag-cadre-zero-emission","tag-carbon-intensity-indicator","tag-clean-oceans","tag-climate-protection-measures-francais-clean-shipping-coalition","tag-dechets-plastiques-marins","tag-deutsch-clean-shipping-coalition","tag-digitalisierung-in-der-schifffahrt","tag-digitalization-in-shipping","tag-emission-control-area","tag-emissions-de-gaz-a-effet-de-serre","tag-energieeffizienzmassnahme","tag-energy-efficiency-measures","tag-environmental-regulations","tag-fachkraeftemangel-in-der-schifffahrt","tag-greenhouse-gas-emissions","tag-imo","tag-indicateur-dintensite-carbone","tag-infrastructure-maritime","tag-international-shipping","tag-internationale-schifffahrt","tag-klimaschutzmassnahmen-english-clean-shipping-coalition","tag-logistics-providers","tag-logistikdienstleister","tag-maritime-infrastructure","tag-maritime-infrastruktur","tag-mers-propres","tag-mesures-defficacite-energetique","tag-mesures-de-protection-climatique","tag-nachhaltige-schifffahrt","tag-navigation-durable","tag-navigation-internationale","tag-net-zero-framework","tag-netto-null-rahmenwerk","tag-nordost-atlantik","tag-north-east-atlantic","tag-numerisation-dans-la-navigation","tag-omi","tag-penurie-de-main-doeuvre-dans-la-navigation","tag-plastic-marine-debris","tag-plastischer-meeresmuell","tag-pollution-des-navires","tag-prestataires-logistiques","tag-reglementations-environnementales","tag-saubere-meere","tag-schifffahrtsstrategie-2023","tag-schiffsverschmutzung","tag-ship-pollution","tag-shipping-strategy-2023","tag-strategie-maritime-2023","tag-sustainable-shipping","tag-treibhausgasemissionen","tag-umweltauflagen","tag-workforce-shortage-in-shipping","tag-zone-de-controle-des-emissions"],"acf":[],"yoast_head":"<!-- This site is optimized with the Yoast SEO plugin v27.3 - https:\/\/yoast.com\/product\/yoast-seo-wordpress\/ -->\n<title>Clean Shipping Coalition vraagt om vooruitgang - ITJ | International Transport Journal<\/title>\n<meta name=\"robots\" content=\"index, follow, max-snippet:-1, max-image-preview:large, max-video-preview:-1\" \/>\n<link rel=\"canonical\" href=\"https:\/\/transportjournal.com\/nl\/2026\/04\/27\/clean-shipping-coalition-vraagt-om-vooruitgang\/\" \/>\n<meta property=\"og:locale\" content=\"nl_NL\" \/>\n<meta property=\"og:type\" content=\"article\" \/>\n<meta property=\"og:title\" content=\"Clean Shipping Coalition vraagt om vooruitgang - ITJ | International Transport Journal\" \/>\n<meta property=\"og:description\" content=\"De Clean Shipping Coalition vraagt om maatregelen ter vermindering van broeikasgasemissies in de scheepvaart.\" \/>\n<meta property=\"og:url\" content=\"https:\/\/transportjournal.com\/nl\/2026\/04\/27\/clean-shipping-coalition-vraagt-om-vooruitgang\/\" \/>\n<meta property=\"og:site_name\" content=\"ITJ | International Transport Journal\" \/>\n<meta property=\"article:published_time\" content=\"2026-04-27T08:57:34+00:00\" \/>\n<meta property=\"article:modified_time\" content=\"2026-04-27T09:08:48+00:00\" \/>\n<meta property=\"og:image\" content=\"https:\/\/transportjournal.com\/wp-content\/uploads\/sites\/2\/2026\/02\/AdobeStock_173995335-9-scaled-1.jpeg\" \/>\n\t<meta property=\"og:image:width\" content=\"2560\" \/>\n\t<meta property=\"og:image:height\" content=\"1438\" \/>\n\t<meta property=\"og:image:type\" content=\"image\/jpeg\" \/>\n<meta name=\"author\" content=\"Jeremy Soland\" \/>\n<meta name=\"twitter:card\" content=\"summary_large_image\" \/>\n<meta name=\"twitter:label1\" content=\"Geschreven door\" \/>\n\t<meta name=\"twitter:data1\" content=\"Jeremy Soland\" \/>\n\t<meta name=\"twitter:label2\" content=\"Geschatte leestijd\" \/>\n\t<meta name=\"twitter:data2\" content=\"1 minuut\" \/>\n<script type=\"application\/ld+json\" class=\"yoast-schema-graph\">{\"@context\":\"https:\\\/\\\/schema.org\",\"@graph\":[{\"@type\":\"Article\",\"@id\":\"https:\\\/\\\/transportjournal.com\\\/nl\\\/2026\\\/04\\\/27\\\/clean-shipping-coalition-vraagt-om-vooruitgang\\\/#article\",\"isPartOf\":{\"@id\":\"https:\\\/\\\/transportjournal.com\\\/nl\\\/2026\\\/04\\\/27\\\/clean-shipping-coalition-vraagt-om-vooruitgang\\\/\"},\"author\":{\"name\":\"Jeremy Soland\",\"@id\":\"https:\\\/\\\/transportjournal.com\\\/nl\\\/#\\\/schema\\\/person\\\/41d36b5474b623392fa613e97e2363fa\"},\"headline\":\"Clean Shipping Coalition vraagt om vooruitgang\",\"datePublished\":\"2026-04-27T08:57:34+00:00\",\"dateModified\":\"2026-04-27T09:08:48+00:00\",\"mainEntityOfPage\":{\"@id\":\"https:\\\/\\\/transportjournal.com\\\/nl\\\/2026\\\/04\\\/27\\\/clean-shipping-coalition-vraagt-om-vooruitgang\\\/\"},\"wordCount\":194,\"commentCount\":0,\"publisher\":{\"@id\":\"https:\\\/\\\/transportjournal.com\\\/nl\\\/#organization\"},\"image\":{\"@id\":\"https:\\\/\\\/transportjournal.com\\\/nl\\\/2026\\\/04\\\/27\\\/clean-shipping-coalition-vraagt-om-vooruitgang\\\/#primaryimage\"},\"thumbnailUrl\":\"https:\\\/\\\/transportjournal.com\\\/wp-content\\\/uploads\\\/sites\\\/2\\\/2026\\\/02\\\/AdobeStock_173995335-9-scaled-1.jpeg\",\"keywords\":[\"Atlantique Nord-Est\",\"cadre z\u00e9ro \u00e9mission\",\"Carbon Intensity Indicator\",\"clean oceans\",\"climate protection measures Fran\u00e7ais Clean Shipping Coalition\",\"d\u00e9chets plastiques marins\",\"Deutsch Clean Shipping Coalition\",\"Digitalisierung in der Schifffahrt\",\"digitalization in shipping\",\"emission control area\",\"\u00e9missions de gaz \u00e0 effet de serre\",\"Energieeffizienzmassnahme\",\"energy efficiency measures\",\"environmental regulations\",\"Fachkr\u00e4ftemangel in der Schifffahrt\",\"greenhouse gas emissions\",\"IMO\",\"indicateur d'intensit\u00e9 carbone\",\"infrastructure maritime\",\"international shipping\",\"internationale Schifffahrt\",\"Klimaschutzma\u00dfnahmen English Clean Shipping Coalition\",\"logistics providers\",\"Logistikdienstleister\",\"maritime infrastructure\",\"maritime Infrastruktur\",\"mers propres\",\"mesures d'efficacit\u00e9 \u00e9nerg\u00e9tique\",\"mesures de protection climatique\",\"nachhaltige Schifffahrt\",\"navigation durable\",\"navigation internationale\",\"net-zero framework\",\"Netto-Null-Rahmenwerk\",\"Nordost-Atlantik\",\"North East Atlantic\",\"num\u00e9risation dans la navigation\",\"OMI\",\"p\u00e9nurie de main-d'\u0153uvre dans la navigation\",\"plastic marine debris\",\"plastischer Meeresm\u00fcll\",\"pollution des navires\",\"prestataires logistiques\",\"r\u00e9glementations environnementales\",\"saubere Meere\",\"Schifffahrtsstrategie 2023\",\"Schiffsverschmutzung\",\"ship pollution\",\"shipping strategy 2023\",\"strat\u00e9gie maritime 2023\",\"sustainable shipping\",\"Treibhausgasemissionen\",\"Umweltauflagen\",\"workforce shortage in shipping\",\"zone de contr\u00f4le des \u00e9missions\"],\"articleSection\":[\"Scheepvaart en havens\"],\"inLanguage\":\"nl-NL\",\"potentialAction\":[{\"@type\":\"CommentAction\",\"name\":\"Comment\",\"target\":[\"https:\\\/\\\/transportjournal.com\\\/nl\\\/2026\\\/04\\\/27\\\/clean-shipping-coalition-vraagt-om-vooruitgang\\\/#respond\"]}]},{\"@type\":\"WebPage\",\"@id\":\"https:\\\/\\\/transportjournal.com\\\/nl\\\/2026\\\/04\\\/27\\\/clean-shipping-coalition-vraagt-om-vooruitgang\\\/\",\"url\":\"https:\\\/\\\/transportjournal.com\\\/nl\\\/2026\\\/04\\\/27\\\/clean-shipping-coalition-vraagt-om-vooruitgang\\\/\",\"name\":\"Clean Shipping Coalition vraagt om vooruitgang - ITJ | International Transport Journal\",\"isPartOf\":{\"@id\":\"https:\\\/\\\/transportjournal.com\\\/nl\\\/#website\"},\"primaryImageOfPage\":{\"@id\":\"https:\\\/\\\/transportjournal.com\\\/nl\\\/2026\\\/04\\\/27\\\/clean-shipping-coalition-vraagt-om-vooruitgang\\\/#primaryimage\"},\"image\":{\"@id\":\"https:\\\/\\\/transportjournal.com\\\/nl\\\/2026\\\/04\\\/27\\\/clean-shipping-coalition-vraagt-om-vooruitgang\\\/#primaryimage\"},\"thumbnailUrl\":\"https:\\\/\\\/transportjournal.com\\\/wp-content\\\/uploads\\\/sites\\\/2\\\/2026\\\/02\\\/AdobeStock_173995335-9-scaled-1.jpeg\",\"datePublished\":\"2026-04-27T08:57:34+00:00\",\"dateModified\":\"2026-04-27T09:08:48+00:00\",\"breadcrumb\":{\"@id\":\"https:\\\/\\\/transportjournal.com\\\/nl\\\/2026\\\/04\\\/27\\\/clean-shipping-coalition-vraagt-om-vooruitgang\\\/#breadcrumb\"},\"inLanguage\":\"nl-NL\",\"potentialAction\":[{\"@type\":\"ReadAction\",\"target\":[\"https:\\\/\\\/transportjournal.com\\\/nl\\\/2026\\\/04\\\/27\\\/clean-shipping-coalition-vraagt-om-vooruitgang\\\/\"]}]},{\"@type\":\"ImageObject\",\"inLanguage\":\"nl-NL\",\"@id\":\"https:\\\/\\\/transportjournal.com\\\/nl\\\/2026\\\/04\\\/27\\\/clean-shipping-coalition-vraagt-om-vooruitgang\\\/#primaryimage\",\"url\":\"https:\\\/\\\/transportjournal.com\\\/wp-content\\\/uploads\\\/sites\\\/2\\\/2026\\\/02\\\/AdobeStock_173995335-9-scaled-1.jpeg\",\"contentUrl\":\"https:\\\/\\\/transportjournal.com\\\/wp-content\\\/uploads\\\/sites\\\/2\\\/2026\\\/02\\\/AdobeStock_173995335-9-scaled-1.jpeg\",\"width\":2560,\"height\":1438},{\"@type\":\"BreadcrumbList\",\"@id\":\"https:\\\/\\\/transportjournal.com\\\/nl\\\/2026\\\/04\\\/27\\\/clean-shipping-coalition-vraagt-om-vooruitgang\\\/#breadcrumb\",\"itemListElement\":[{\"@type\":\"ListItem\",\"position\":1,\"name\":\"Startseite\",\"item\":\"https:\\\/\\\/transportjournal.com\\\/nl\\\/\"},{\"@type\":\"ListItem\",\"position\":2,\"name\":\"Clean Shipping Coalition vraagt om vooruitgang\"}]},{\"@type\":\"WebSite\",\"@id\":\"https:\\\/\\\/transportjournal.com\\\/nl\\\/#website\",\"url\":\"https:\\\/\\\/transportjournal.com\\\/nl\\\/\",\"name\":\"ITJ | International Transport Journal\",\"description\":\"Stay informed with the latest global news from the transport, logistics, and supply chain industries. Transport Journal delivers expert insights, analysis, and updates across shipping, aviation, intermodal, and forwarding.\",\"publisher\":{\"@id\":\"https:\\\/\\\/transportjournal.com\\\/nl\\\/#organization\"},\"potentialAction\":[{\"@type\":\"SearchAction\",\"target\":{\"@type\":\"EntryPoint\",\"urlTemplate\":\"https:\\\/\\\/transportjournal.com\\\/nl\\\/?s={search_term_string}\"},\"query-input\":{\"@type\":\"PropertyValueSpecification\",\"valueRequired\":true,\"valueName\":\"search_term_string\"}}],\"inLanguage\":\"nl-NL\"},{\"@type\":\"Organization\",\"@id\":\"https:\\\/\\\/transportjournal.com\\\/nl\\\/#organization\",\"name\":\"Logismedia Groep AG\",\"alternateName\":\"Logismedia Group AG\",\"url\":\"https:\\\/\\\/transportjournal.com\\\/nl\\\/\",\"logo\":{\"@type\":\"ImageObject\",\"inLanguage\":\"nl-NL\",\"@id\":\"https:\\\/\\\/transportjournal.com\\\/nl\\\/#\\\/schema\\\/logo\\\/image\\\/\",\"url\":\"https:\\\/\\\/transportjournal.com\\\/wp-content\\\/uploads\\\/sites\\\/2\\\/2025\\\/09\\\/Logo_ITJ.png\",\"contentUrl\":\"https:\\\/\\\/transportjournal.com\\\/wp-content\\\/uploads\\\/sites\\\/2\\\/2025\\\/09\\\/Logo_ITJ.png\",\"width\":799,\"height\":326,\"caption\":\"Logismedia Groep AG\"},\"image\":{\"@id\":\"https:\\\/\\\/transportjournal.com\\\/nl\\\/#\\\/schema\\\/logo\\\/image\\\/\"},\"sameAs\":[\"https:\\\/\\\/www.linkedin.com\\\/company\\\/56456496\\\/admin\\\/dashboard\\\/\",\"https:\\\/\\\/www.instagram.com\\\/logismediagroup\\\/\",\"https:\\\/\\\/www.youtube.com\\\/@LogiamediaGroupAG\"]},{\"@type\":\"Person\",\"@id\":\"https:\\\/\\\/transportjournal.com\\\/nl\\\/#\\\/schema\\\/person\\\/41d36b5474b623392fa613e97e2363fa\",\"name\":\"Jeremy Soland\",\"url\":\"https:\\\/\\\/transportjournal.com\\\/nl\\\/author\\\/jeremy\\\/\"}]}<\/script>\n<!-- \/ Yoast SEO plugin. -->","yoast_head_json":{"title":"Clean Shipping Coalition vraagt om vooruitgang - ITJ | International Transport Journal","robots":{"index":"index","follow":"follow","max-snippet":"max-snippet:-1","max-image-preview":"max-image-preview:large","max-video-preview":"max-video-preview:-1"},"canonical":"https:\/\/transportjournal.com\/nl\/2026\/04\/27\/clean-shipping-coalition-vraagt-om-vooruitgang\/","og_locale":"nl_NL","og_type":"article","og_title":"Clean Shipping Coalition vraagt om vooruitgang - ITJ | International Transport Journal","og_description":"De Clean Shipping Coalition vraagt om maatregelen ter vermindering van broeikasgasemissies in de scheepvaart.","og_url":"https:\/\/transportjournal.com\/nl\/2026\/04\/27\/clean-shipping-coalition-vraagt-om-vooruitgang\/","og_site_name":"ITJ | International Transport Journal","article_published_time":"2026-04-27T08:57:34+00:00","article_modified_time":"2026-04-27T09:08:48+00:00","og_image":[{"width":2560,"height":1438,"url":"https:\/\/transportjournal.com\/wp-content\/uploads\/sites\/2\/2026\/02\/AdobeStock_173995335-9-scaled-1.jpeg","type":"image\/jpeg"}],"author":"Jeremy Soland","twitter_card":"summary_large_image","twitter_misc":{"Geschreven door":"Jeremy Soland","Geschatte leestijd":"1 minuut"},"schema":{"@context":"https:\/\/schema.org","@graph":[{"@type":"Article","@id":"https:\/\/transportjournal.com\/nl\/2026\/04\/27\/clean-shipping-coalition-vraagt-om-vooruitgang\/#article","isPartOf":{"@id":"https:\/\/transportjournal.com\/nl\/2026\/04\/27\/clean-shipping-coalition-vraagt-om-vooruitgang\/"},"author":{"name":"Jeremy Soland","@id":"https:\/\/transportjournal.com\/nl\/#\/schema\/person\/41d36b5474b623392fa613e97e2363fa"},"headline":"Clean Shipping Coalition vraagt om vooruitgang","datePublished":"2026-04-27T08:57:34+00:00","dateModified":"2026-04-27T09:08:48+00:00","mainEntityOfPage":{"@id":"https:\/\/transportjournal.com\/nl\/2026\/04\/27\/clean-shipping-coalition-vraagt-om-vooruitgang\/"},"wordCount":194,"commentCount":0,"publisher":{"@id":"https:\/\/transportjournal.com\/nl\/#organization"},"image":{"@id":"https:\/\/transportjournal.com\/nl\/2026\/04\/27\/clean-shipping-coalition-vraagt-om-vooruitgang\/#primaryimage"},"thumbnailUrl":"https:\/\/transportjournal.com\/wp-content\/uploads\/sites\/2\/2026\/02\/AdobeStock_173995335-9-scaled-1.jpeg","keywords":["Atlantique Nord-Est","cadre z\u00e9ro \u00e9mission","Carbon Intensity Indicator","clean oceans","climate protection measures Fran\u00e7ais Clean Shipping Coalition","d\u00e9chets plastiques marins","Deutsch Clean Shipping Coalition","Digitalisierung in der Schifffahrt","digitalization in shipping","emission control area","\u00e9missions de gaz \u00e0 effet de serre","Energieeffizienzmassnahme","energy efficiency measures","environmental regulations","Fachkr\u00e4ftemangel in der Schifffahrt","greenhouse gas emissions","IMO","indicateur d'intensit\u00e9 carbone","infrastructure maritime","international shipping","internationale Schifffahrt","Klimaschutzma\u00dfnahmen English Clean Shipping Coalition","logistics providers","Logistikdienstleister","maritime infrastructure","maritime Infrastruktur","mers propres","mesures d'efficacit\u00e9 \u00e9nerg\u00e9tique","mesures de protection climatique","nachhaltige Schifffahrt","navigation durable","navigation internationale","net-zero framework","Netto-Null-Rahmenwerk","Nordost-Atlantik","North East Atlantic","num\u00e9risation dans la navigation","OMI","p\u00e9nurie de main-d'\u0153uvre dans la navigation","plastic marine debris","plastischer Meeresm\u00fcll","pollution des navires","prestataires logistiques","r\u00e9glementations environnementales","saubere Meere","Schifffahrtsstrategie 2023","Schiffsverschmutzung","ship pollution","shipping strategy 2023","strat\u00e9gie maritime 2023","sustainable shipping","Treibhausgasemissionen","Umweltauflagen","workforce shortage in shipping","zone de contr\u00f4le des \u00e9missions"],"articleSection":["Scheepvaart en havens"],"inLanguage":"nl-NL","potentialAction":[{"@type":"CommentAction","name":"Comment","target":["https:\/\/transportjournal.com\/nl\/2026\/04\/27\/clean-shipping-coalition-vraagt-om-vooruitgang\/#respond"]}]},{"@type":"WebPage","@id":"https:\/\/transportjournal.com\/nl\/2026\/04\/27\/clean-shipping-coalition-vraagt-om-vooruitgang\/","url":"https:\/\/transportjournal.com\/nl\/2026\/04\/27\/clean-shipping-coalition-vraagt-om-vooruitgang\/","name":"Clean Shipping Coalition vraagt om vooruitgang - ITJ | International Transport Journal","isPartOf":{"@id":"https:\/\/transportjournal.com\/nl\/#website"},"primaryImageOfPage":{"@id":"https:\/\/transportjournal.com\/nl\/2026\/04\/27\/clean-shipping-coalition-vraagt-om-vooruitgang\/#primaryimage"},"image":{"@id":"https:\/\/transportjournal.com\/nl\/2026\/04\/27\/clean-shipping-coalition-vraagt-om-vooruitgang\/#primaryimage"},"thumbnailUrl":"https:\/\/transportjournal.com\/wp-content\/uploads\/sites\/2\/2026\/02\/AdobeStock_173995335-9-scaled-1.jpeg","datePublished":"2026-04-27T08:57:34+00:00","dateModified":"2026-04-27T09:08:48+00:00","breadcrumb":{"@id":"https:\/\/transportjournal.com\/nl\/2026\/04\/27\/clean-shipping-coalition-vraagt-om-vooruitgang\/#breadcrumb"},"inLanguage":"nl-NL","potentialAction":[{"@type":"ReadAction","target":["https:\/\/transportjournal.com\/nl\/2026\/04\/27\/clean-shipping-coalition-vraagt-om-vooruitgang\/"]}]},{"@type":"ImageObject","inLanguage":"nl-NL","@id":"https:\/\/transportjournal.com\/nl\/2026\/04\/27\/clean-shipping-coalition-vraagt-om-vooruitgang\/#primaryimage","url":"https:\/\/transportjournal.com\/wp-content\/uploads\/sites\/2\/2026\/02\/AdobeStock_173995335-9-scaled-1.jpeg","contentUrl":"https:\/\/transportjournal.com\/wp-content\/uploads\/sites\/2\/2026\/02\/AdobeStock_173995335-9-scaled-1.jpeg","width":2560,"height":1438},{"@type":"BreadcrumbList","@id":"https:\/\/transportjournal.com\/nl\/2026\/04\/27\/clean-shipping-coalition-vraagt-om-vooruitgang\/#breadcrumb","itemListElement":[{"@type":"ListItem","position":1,"name":"Startseite","item":"https:\/\/transportjournal.com\/nl\/"},{"@type":"ListItem","position":2,"name":"Clean Shipping Coalition vraagt om vooruitgang"}]},{"@type":"WebSite","@id":"https:\/\/transportjournal.com\/nl\/#website","url":"https:\/\/transportjournal.com\/nl\/","name":"ITJ | International Transport Journal","description":"Stay informed with the latest global news from the transport, logistics, and supply chain industries. Transport Journal delivers expert insights, analysis, and updates across shipping, aviation, intermodal, and forwarding.","publisher":{"@id":"https:\/\/transportjournal.com\/nl\/#organization"},"potentialAction":[{"@type":"SearchAction","target":{"@type":"EntryPoint","urlTemplate":"https:\/\/transportjournal.com\/nl\/?s={search_term_string}"},"query-input":{"@type":"PropertyValueSpecification","valueRequired":true,"valueName":"search_term_string"}}],"inLanguage":"nl-NL"},{"@type":"Organization","@id":"https:\/\/transportjournal.com\/nl\/#organization","name":"Logismedia Groep AG","alternateName":"Logismedia Group AG","url":"https:\/\/transportjournal.com\/nl\/","logo":{"@type":"ImageObject","inLanguage":"nl-NL","@id":"https:\/\/transportjournal.com\/nl\/#\/schema\/logo\/image\/","url":"https:\/\/transportjournal.com\/wp-content\/uploads\/sites\/2\/2025\/09\/Logo_ITJ.png","contentUrl":"https:\/\/transportjournal.com\/wp-content\/uploads\/sites\/2\/2025\/09\/Logo_ITJ.png","width":799,"height":326,"caption":"Logismedia Groep AG"},"image":{"@id":"https:\/\/transportjournal.com\/nl\/#\/schema\/logo\/image\/"},"sameAs":["https:\/\/www.linkedin.com\/company\/56456496\/admin\/dashboard\/","https:\/\/www.instagram.com\/logismediagroup\/","https:\/\/www.youtube.com\/@LogiamediaGroupAG"]},{"@type":"Person","@id":"https:\/\/transportjournal.com\/nl\/#\/schema\/person\/41d36b5474b623392fa613e97e2363fa","name":"Jeremy Soland","url":"https:\/\/transportjournal.com\/nl\/author\/jeremy\/"}]}},"_links":{"self":[{"href":"https:\/\/transportjournal.com\/nl\/wp-json\/wp\/v2\/posts\/86732","targetHints":{"allow":["GET"]}}],"collection":[{"href":"https:\/\/transportjournal.com\/nl\/wp-json\/wp\/v2\/posts"}],"about":[{"href":"https:\/\/transportjournal.com\/nl\/wp-json\/wp\/v2\/types\/post"}],"author":[{"embeddable":true,"href":"https:\/\/transportjournal.com\/nl\/wp-json\/wp\/v2\/users\/10"}],"replies":[{"embeddable":true,"href":"https:\/\/transportjournal.com\/nl\/wp-json\/wp\/v2\/comments?post=86732"}],"version-history":[{"count":1,"href":"https:\/\/transportjournal.com\/nl\/wp-json\/wp\/v2\/posts\/86732\/revisions"}],"predecessor-version":[{"id":86739,"href":"https:\/\/transportjournal.com\/nl\/wp-json\/wp\/v2\/posts\/86732\/revisions\/86739"}],"wp:featuredmedia":[{"embeddable":true,"href":"https:\/\/transportjournal.com\/nl\/wp-json\/wp\/v2\/media\/76003"}],"wp:attachment":[{"href":"https:\/\/transportjournal.com\/nl\/wp-json\/wp\/v2\/media?parent=86732"}],"wp:term":[{"taxonomy":"category","embeddable":true,"href":"https:\/\/transportjournal.com\/nl\/wp-json\/wp\/v2\/categories?post=86732"},{"taxonomy":"post_tag","embeddable":true,"href":"https:\/\/transportjournal.com\/nl\/wp-json\/wp\/v2\/tags?post=86732"}],"curies":[{"name":"wp","href":"https:\/\/api.w.org\/{rel}","templated":true}]}}