{"id":86718,"date":"2026-04-27T08:43:35","date_gmt":"2026-04-27T08:43:35","guid":{"rendered":"https:\/\/transportjournal.com\/2026\/04\/27\/lagermax-groep-behaalt-stabiele-omzet\/"},"modified":"2026-04-27T10:56:10","modified_gmt":"2026-04-27T08:56:10","slug":"lagermax-groep-behaalt-stabiele-omzet","status":"publish","type":"post","link":"https:\/\/transportjournal.com\/nl\/2026\/04\/27\/lagermax-groep-behaalt-stabiele-omzet\/","title":{"rendered":"Lagermax Groep behaalt stabiele omzet"},"content":{"rendered":"<p>De Lagermax Groep heeft in het boekjaar 2025 een omzet van 760 miljoen euro behaald, wat in vergelijking met het voorgaande jaar een stabiel resultaat vertegenwoordigt, aldus het bedrijf. De bestuursleden Alexander Friesz en Thomas Baumgartner beoordelen de ontwikkeling als bevredigend, vooral gezien de wereldwijde uitdagingen en de aanhoudende volatiliteit op de markten.<\/p>\n<p>In het afgelopen boekjaar investeerde de Lagermax Groep in totaal 75 miljoen euro, wat een stijging van meer dan 65 procent ten opzichte van het voorgaande jaar betekent, toen 49 miljoen euro in projecten werd ge\u00efnvesteerd. Friesz en Baumgartner benadrukken dat de groep haar ingeslagen koers zal voortzetten. Het aantal werknemers bleef constant op 4.050. &#8222;Het totale resultaat onderstreept, ondanks een lichte daling, de stabiliteit van onze breed opgestelde, gediversifieerde bedrijfsgebieden en de inzet van alle werknemers,&#8220; aldus Friesz en Baumgartner.<\/p>\n<p><a href=\"https:\/\/www.lagermax.com\/en\" target=\"_blank\" rel=\"noopener noreferrer\">www.lagermax.com<\/a><\/p>\n","protected":false},"excerpt":{"rendered":"<p>De Lagermax Groep behaalde in 2025 een stabiele omzet van 760 miljoen euro en investeerde 75 miljoen euro.<\/p>\n","protected":false},"author":10,"featured_media":86712,"comment_status":"open","ping_status":"","sticky":false,"template":"","format":"standard","meta":{"_acf_changed":false,"footnotes":""},"categories":[9092,1599,1593],"tags":[25188,42331,42332,42333,42334,42335,2115,2116,42336,42337,42338,26333,42339,42340,7712,2123,42341,42342,18030,4166,4167,15853,42343,15854,15855,42344,42345,42346,2469,42347,1831,42348,42349,2622,8404,8405,1800,3157,7734,2481,4178,42350,42351,7740,42352,26349,42353,2106,2641,42354,18059,14426,42355,42356,42357,8423,26356],"class_list":["post-86718","post","type-post","status-publish","format-standard","has-post-thumbnail","hentry","category-deutschland","category-europa","category-expeditie-logistiek","tag-analyse-du-marche-logistique","tag-beschaeftigtenzahl-lagermax","tag-chiffre-daffaires-2025","tag-croissance-du-chiffre-daffaires-logistique","tag-deutsch-lagermax-gruppe","tag-developpement-commercial-stable","tag-digitalisierung-in-der-logistik","tag-digitalization-in-logistics","tag-diversification-en-logistique","tag-diversification-in-logistics","tag-diversifizierung-in-der-logistik","tag-economic-stability","tag-effectif-lagermax","tag-employee-count-lagermax","tag-fachkraeftemangel-in-der-branche","tag-gestion-de-la-chaine-dapprovisionnement","tag-global-turbulence","tag-globale-turbulenzen","tag-industrie-du-transport-autriche","tag-infrastructure-projects","tag-infrastrukturprojekte","tag-investissements-dans-la-logistique","tag-investissements-lagermax","tag-investitionen-in-logistik","tag-investments-in-logistics","tag-lagermax-investitionen","tag-lagermax-investments","tag-logistics-market-analysis-francais-groupe-lagermax","tag-logistics-service-provider","tag-logistics-trends-2025","tag-logistikdienstleister","tag-logistikmarktanalyse-english-lagermax-group","tag-logistiktrends-2025","tag-logistique-durable","tag-market-volatility","tag-marktvolatilitaet","tag-nachhaltige-logistik","tag-numerisation-dans-la-logistique","tag-penurie-de-competences-dans-le-secteur","tag-prestataire-logistique","tag-projets-dinfrastructure","tag-revenue-2025","tag-revenue-growth-logistics","tag-skills-shortage-in-the-industry","tag-stabile-geschaeftsentwicklung","tag-stabilite-economique","tag-stable-business-development","tag-supply-chain-management","tag-sustainable-logistics","tag-tendances-logistiques-2025","tag-transport-industry-austria","tag-transportwirtschaft-oesterreich","tag-turbulences-mondiales","tag-umsatz-2025","tag-umsatzsteigerung-logistik","tag-volatilite-du-marche","tag-wirtschaftliche-stabilitaet"],"acf":[],"yoast_head":"<!-- This site is optimized with the Yoast SEO plugin v27.3 - https:\/\/yoast.com\/product\/yoast-seo-wordpress\/ -->\n<title>Lagermax Groep behaalt stabiele omzet - ITJ | International Transport Journal<\/title>\n<meta name=\"robots\" content=\"index, follow, max-snippet:-1, max-image-preview:large, max-video-preview:-1\" \/>\n<link rel=\"canonical\" href=\"https:\/\/transportjournal.com\/nl\/2026\/04\/27\/lagermax-groep-behaalt-stabiele-omzet\/\" \/>\n<meta property=\"og:locale\" content=\"nl_NL\" \/>\n<meta property=\"og:type\" content=\"article\" \/>\n<meta property=\"og:title\" content=\"Lagermax Groep behaalt stabiele omzet - ITJ | International Transport Journal\" \/>\n<meta property=\"og:description\" content=\"De Lagermax Groep behaalde in 2025 een stabiele omzet van 760 miljoen euro en investeerde 75 miljoen euro.\" \/>\n<meta property=\"og:url\" content=\"https:\/\/transportjournal.com\/nl\/2026\/04\/27\/lagermax-groep-behaalt-stabiele-omzet\/\" \/>\n<meta property=\"og:site_name\" content=\"ITJ | International Transport Journal\" \/>\n<meta property=\"article:published_time\" content=\"2026-04-27T08:43:35+00:00\" \/>\n<meta property=\"article:modified_time\" content=\"2026-04-27T08:56:10+00:00\" \/>\n<meta property=\"og:image\" content=\"https:\/\/transportjournal.com\/wp-content\/uploads\/sites\/2\/2026\/04\/Image-Photovoltaic-plant-SUNPARK_Strasswalchen-scaled-aspect-ratio-1400-788-scaled-1.jpg\" \/>\n\t<meta property=\"og:image:width\" content=\"2560\" \/>\n\t<meta property=\"og:image:height\" content=\"1441\" \/>\n\t<meta property=\"og:image:type\" content=\"image\/jpeg\" \/>\n<meta name=\"author\" content=\"Jeremy Soland\" \/>\n<meta name=\"twitter:card\" content=\"summary_large_image\" \/>\n<meta name=\"twitter:label1\" content=\"Geschreven door\" \/>\n\t<meta name=\"twitter:data1\" content=\"Jeremy Soland\" \/>\n\t<meta name=\"twitter:label2\" content=\"Geschatte leestijd\" \/>\n\t<meta name=\"twitter:data2\" content=\"1 minuut\" \/>\n<script type=\"application\/ld+json\" class=\"yoast-schema-graph\">{\"@context\":\"https:\\\/\\\/schema.org\",\"@graph\":[{\"@type\":\"Article\",\"@id\":\"https:\\\/\\\/transportjournal.com\\\/nl\\\/2026\\\/04\\\/27\\\/lagermax-groep-behaalt-stabiele-omzet\\\/#article\",\"isPartOf\":{\"@id\":\"https:\\\/\\\/transportjournal.com\\\/nl\\\/2026\\\/04\\\/27\\\/lagermax-groep-behaalt-stabiele-omzet\\\/\"},\"author\":{\"name\":\"Jeremy Soland\",\"@id\":\"https:\\\/\\\/transportjournal.com\\\/nl\\\/#\\\/schema\\\/person\\\/41d36b5474b623392fa613e97e2363fa\"},\"headline\":\"Lagermax Groep behaalt stabiele omzet\",\"datePublished\":\"2026-04-27T08:43:35+00:00\",\"dateModified\":\"2026-04-27T08:56:10+00:00\",\"mainEntityOfPage\":{\"@id\":\"https:\\\/\\\/transportjournal.com\\\/nl\\\/2026\\\/04\\\/27\\\/lagermax-groep-behaalt-stabiele-omzet\\\/\"},\"wordCount\":137,\"commentCount\":0,\"publisher\":{\"@id\":\"https:\\\/\\\/transportjournal.com\\\/nl\\\/#organization\"},\"image\":{\"@id\":\"https:\\\/\\\/transportjournal.com\\\/nl\\\/2026\\\/04\\\/27\\\/lagermax-groep-behaalt-stabiele-omzet\\\/#primaryimage\"},\"thumbnailUrl\":\"https:\\\/\\\/transportjournal.com\\\/wp-content\\\/uploads\\\/sites\\\/2\\\/2026\\\/04\\\/Image-Photovoltaic-plant-SUNPARK_Strasswalchen-scaled-aspect-ratio-1400-788-scaled-1.jpg\",\"keywords\":[\"analyse du march\u00e9 logistique\",\"Besch\u00e4ftigtenzahl Lagermax\",\"chiffre d'affaires 2025\",\"croissance du chiffre d'affaires logistique\",\"Deutsch Lagermax Gruppe\",\"d\u00e9veloppement commercial stable\",\"Digitalisierung in der Logistik\",\"digitalization in logistics\",\"diversification en logistique\",\"diversification in logistics\",\"Diversifizierung in der Logistik\",\"economic stability\",\"effectif Lagermax\",\"employee count Lagermax\",\"Fachkr\u00e4ftemangel in der Branche\",\"gestion de la cha\u00eene d'approvisionnement\",\"global turbulence\",\"globale Turbulenzen\",\"industrie du transport Autriche\",\"infrastructure projects\",\"Infrastrukturprojekte\",\"investissements dans la logistique\",\"investissements Lagermax\",\"Investitionen in Logistik\",\"investments in logistics\",\"Lagermax Investitionen\",\"Lagermax investments\",\"logistics market analysis Fran\u00e7ais Groupe Lagermax\",\"logistics service provider\",\"logistics trends 2025\",\"Logistikdienstleister\",\"Logistikmarktanalyse English Lagermax Group\",\"Logistiktrends 2025\",\"logistique durable\",\"market volatility\",\"Marktvolatilit\u00e4t\",\"nachhaltige Logistik\",\"num\u00e9risation dans la logistique\",\"p\u00e9nurie de comp\u00e9tences dans le secteur\",\"prestataire logistique\",\"projets d'infrastructure\",\"revenue 2025\",\"revenue growth logistics\",\"skills shortage in the industry\",\"stabile Gesch\u00e4ftsentwicklung\",\"stabilit\u00e9 \u00e9conomique\",\"stable business development\",\"Supply Chain Management\",\"sustainable logistics\",\"tendances logistiques 2025\",\"transport industry Austria\",\"Transportwirtschaft \u00d6sterreich\",\"turbulences mondiales\",\"Umsatz 2025\",\"Umsatzsteigerung Logistik\",\"volatilit\u00e9 du march\u00e9\",\"wirtschaftliche Stabilit\u00e4t\"],\"articleSection\":[\"Deutschland\",\"Europa\",\"Expeditie &amp; Logistiek\"],\"inLanguage\":\"nl-NL\",\"potentialAction\":[{\"@type\":\"CommentAction\",\"name\":\"Comment\",\"target\":[\"https:\\\/\\\/transportjournal.com\\\/nl\\\/2026\\\/04\\\/27\\\/lagermax-groep-behaalt-stabiele-omzet\\\/#respond\"]}]},{\"@type\":\"WebPage\",\"@id\":\"https:\\\/\\\/transportjournal.com\\\/nl\\\/2026\\\/04\\\/27\\\/lagermax-groep-behaalt-stabiele-omzet\\\/\",\"url\":\"https:\\\/\\\/transportjournal.com\\\/nl\\\/2026\\\/04\\\/27\\\/lagermax-groep-behaalt-stabiele-omzet\\\/\",\"name\":\"Lagermax Groep behaalt stabiele omzet - ITJ | International Transport Journal\",\"isPartOf\":{\"@id\":\"https:\\\/\\\/transportjournal.com\\\/nl\\\/#website\"},\"primaryImageOfPage\":{\"@id\":\"https:\\\/\\\/transportjournal.com\\\/nl\\\/2026\\\/04\\\/27\\\/lagermax-groep-behaalt-stabiele-omzet\\\/#primaryimage\"},\"image\":{\"@id\":\"https:\\\/\\\/transportjournal.com\\\/nl\\\/2026\\\/04\\\/27\\\/lagermax-groep-behaalt-stabiele-omzet\\\/#primaryimage\"},\"thumbnailUrl\":\"https:\\\/\\\/transportjournal.com\\\/wp-content\\\/uploads\\\/sites\\\/2\\\/2026\\\/04\\\/Image-Photovoltaic-plant-SUNPARK_Strasswalchen-scaled-aspect-ratio-1400-788-scaled-1.jpg\",\"datePublished\":\"2026-04-27T08:43:35+00:00\",\"dateModified\":\"2026-04-27T08:56:10+00:00\",\"breadcrumb\":{\"@id\":\"https:\\\/\\\/transportjournal.com\\\/nl\\\/2026\\\/04\\\/27\\\/lagermax-groep-behaalt-stabiele-omzet\\\/#breadcrumb\"},\"inLanguage\":\"nl-NL\",\"potentialAction\":[{\"@type\":\"ReadAction\",\"target\":[\"https:\\\/\\\/transportjournal.com\\\/nl\\\/2026\\\/04\\\/27\\\/lagermax-groep-behaalt-stabiele-omzet\\\/\"]}]},{\"@type\":\"ImageObject\",\"inLanguage\":\"nl-NL\",\"@id\":\"https:\\\/\\\/transportjournal.com\\\/nl\\\/2026\\\/04\\\/27\\\/lagermax-groep-behaalt-stabiele-omzet\\\/#primaryimage\",\"url\":\"https:\\\/\\\/transportjournal.com\\\/wp-content\\\/uploads\\\/sites\\\/2\\\/2026\\\/04\\\/Image-Photovoltaic-plant-SUNPARK_Strasswalchen-scaled-aspect-ratio-1400-788-scaled-1.jpg\",\"contentUrl\":\"https:\\\/\\\/transportjournal.com\\\/wp-content\\\/uploads\\\/sites\\\/2\\\/2026\\\/04\\\/Image-Photovoltaic-plant-SUNPARK_Strasswalchen-scaled-aspect-ratio-1400-788-scaled-1.jpg\",\"width\":2560,\"height\":1441},{\"@type\":\"BreadcrumbList\",\"@id\":\"https:\\\/\\\/transportjournal.com\\\/nl\\\/2026\\\/04\\\/27\\\/lagermax-groep-behaalt-stabiele-omzet\\\/#breadcrumb\",\"itemListElement\":[{\"@type\":\"ListItem\",\"position\":1,\"name\":\"Startseite\",\"item\":\"https:\\\/\\\/transportjournal.com\\\/nl\\\/\"},{\"@type\":\"ListItem\",\"position\":2,\"name\":\"Lagermax Groep behaalt stabiele omzet\"}]},{\"@type\":\"WebSite\",\"@id\":\"https:\\\/\\\/transportjournal.com\\\/nl\\\/#website\",\"url\":\"https:\\\/\\\/transportjournal.com\\\/nl\\\/\",\"name\":\"ITJ | International Transport Journal\",\"description\":\"Stay informed with the latest global news from the transport, logistics, and supply chain industries. Transport Journal delivers expert insights, analysis, and updates across shipping, aviation, intermodal, and forwarding.\",\"publisher\":{\"@id\":\"https:\\\/\\\/transportjournal.com\\\/nl\\\/#organization\"},\"potentialAction\":[{\"@type\":\"SearchAction\",\"target\":{\"@type\":\"EntryPoint\",\"urlTemplate\":\"https:\\\/\\\/transportjournal.com\\\/nl\\\/?s={search_term_string}\"},\"query-input\":{\"@type\":\"PropertyValueSpecification\",\"valueRequired\":true,\"valueName\":\"search_term_string\"}}],\"inLanguage\":\"nl-NL\"},{\"@type\":\"Organization\",\"@id\":\"https:\\\/\\\/transportjournal.com\\\/nl\\\/#organization\",\"name\":\"Logismedia Groep AG\",\"alternateName\":\"Logismedia Group AG\",\"url\":\"https:\\\/\\\/transportjournal.com\\\/nl\\\/\",\"logo\":{\"@type\":\"ImageObject\",\"inLanguage\":\"nl-NL\",\"@id\":\"https:\\\/\\\/transportjournal.com\\\/nl\\\/#\\\/schema\\\/logo\\\/image\\\/\",\"url\":\"https:\\\/\\\/transportjournal.com\\\/wp-content\\\/uploads\\\/sites\\\/2\\\/2025\\\/09\\\/Logo_ITJ.png\",\"contentUrl\":\"https:\\\/\\\/transportjournal.com\\\/wp-content\\\/uploads\\\/sites\\\/2\\\/2025\\\/09\\\/Logo_ITJ.png\",\"width\":799,\"height\":326,\"caption\":\"Logismedia Groep AG\"},\"image\":{\"@id\":\"https:\\\/\\\/transportjournal.com\\\/nl\\\/#\\\/schema\\\/logo\\\/image\\\/\"},\"sameAs\":[\"https:\\\/\\\/www.linkedin.com\\\/company\\\/56456496\\\/admin\\\/dashboard\\\/\",\"https:\\\/\\\/www.instagram.com\\\/logismediagroup\\\/\",\"https:\\\/\\\/www.youtube.com\\\/@LogiamediaGroupAG\"]},{\"@type\":\"Person\",\"@id\":\"https:\\\/\\\/transportjournal.com\\\/nl\\\/#\\\/schema\\\/person\\\/41d36b5474b623392fa613e97e2363fa\",\"name\":\"Jeremy Soland\",\"url\":\"https:\\\/\\\/transportjournal.com\\\/nl\\\/author\\\/jeremy\\\/\"}]}<\/script>\n<!-- \/ Yoast SEO plugin. -->","yoast_head_json":{"title":"Lagermax Groep behaalt stabiele omzet - ITJ | International Transport Journal","robots":{"index":"index","follow":"follow","max-snippet":"max-snippet:-1","max-image-preview":"max-image-preview:large","max-video-preview":"max-video-preview:-1"},"canonical":"https:\/\/transportjournal.com\/nl\/2026\/04\/27\/lagermax-groep-behaalt-stabiele-omzet\/","og_locale":"nl_NL","og_type":"article","og_title":"Lagermax Groep behaalt stabiele omzet - ITJ | International Transport Journal","og_description":"De Lagermax Groep behaalde in 2025 een stabiele omzet van 760 miljoen euro en investeerde 75 miljoen euro.","og_url":"https:\/\/transportjournal.com\/nl\/2026\/04\/27\/lagermax-groep-behaalt-stabiele-omzet\/","og_site_name":"ITJ | International Transport Journal","article_published_time":"2026-04-27T08:43:35+00:00","article_modified_time":"2026-04-27T08:56:10+00:00","og_image":[{"width":2560,"height":1441,"url":"https:\/\/transportjournal.com\/wp-content\/uploads\/sites\/2\/2026\/04\/Image-Photovoltaic-plant-SUNPARK_Strasswalchen-scaled-aspect-ratio-1400-788-scaled-1.jpg","type":"image\/jpeg"}],"author":"Jeremy Soland","twitter_card":"summary_large_image","twitter_misc":{"Geschreven door":"Jeremy Soland","Geschatte leestijd":"1 minuut"},"schema":{"@context":"https:\/\/schema.org","@graph":[{"@type":"Article","@id":"https:\/\/transportjournal.com\/nl\/2026\/04\/27\/lagermax-groep-behaalt-stabiele-omzet\/#article","isPartOf":{"@id":"https:\/\/transportjournal.com\/nl\/2026\/04\/27\/lagermax-groep-behaalt-stabiele-omzet\/"},"author":{"name":"Jeremy Soland","@id":"https:\/\/transportjournal.com\/nl\/#\/schema\/person\/41d36b5474b623392fa613e97e2363fa"},"headline":"Lagermax Groep behaalt stabiele omzet","datePublished":"2026-04-27T08:43:35+00:00","dateModified":"2026-04-27T08:56:10+00:00","mainEntityOfPage":{"@id":"https:\/\/transportjournal.com\/nl\/2026\/04\/27\/lagermax-groep-behaalt-stabiele-omzet\/"},"wordCount":137,"commentCount":0,"publisher":{"@id":"https:\/\/transportjournal.com\/nl\/#organization"},"image":{"@id":"https:\/\/transportjournal.com\/nl\/2026\/04\/27\/lagermax-groep-behaalt-stabiele-omzet\/#primaryimage"},"thumbnailUrl":"https:\/\/transportjournal.com\/wp-content\/uploads\/sites\/2\/2026\/04\/Image-Photovoltaic-plant-SUNPARK_Strasswalchen-scaled-aspect-ratio-1400-788-scaled-1.jpg","keywords":["analyse du march\u00e9 logistique","Besch\u00e4ftigtenzahl Lagermax","chiffre d'affaires 2025","croissance du chiffre d'affaires logistique","Deutsch Lagermax Gruppe","d\u00e9veloppement commercial stable","Digitalisierung in der Logistik","digitalization in logistics","diversification en logistique","diversification in logistics","Diversifizierung in der Logistik","economic stability","effectif Lagermax","employee count Lagermax","Fachkr\u00e4ftemangel in der Branche","gestion de la cha\u00eene d'approvisionnement","global turbulence","globale Turbulenzen","industrie du transport Autriche","infrastructure projects","Infrastrukturprojekte","investissements dans la logistique","investissements Lagermax","Investitionen in Logistik","investments in logistics","Lagermax Investitionen","Lagermax investments","logistics market analysis Fran\u00e7ais Groupe Lagermax","logistics service provider","logistics trends 2025","Logistikdienstleister","Logistikmarktanalyse English Lagermax Group","Logistiktrends 2025","logistique durable","market volatility","Marktvolatilit\u00e4t","nachhaltige Logistik","num\u00e9risation dans la logistique","p\u00e9nurie de comp\u00e9tences dans le secteur","prestataire logistique","projets d'infrastructure","revenue 2025","revenue growth logistics","skills shortage in the industry","stabile Gesch\u00e4ftsentwicklung","stabilit\u00e9 \u00e9conomique","stable business development","Supply Chain Management","sustainable logistics","tendances logistiques 2025","transport industry Austria","Transportwirtschaft \u00d6sterreich","turbulences mondiales","Umsatz 2025","Umsatzsteigerung Logistik","volatilit\u00e9 du march\u00e9","wirtschaftliche Stabilit\u00e4t"],"articleSection":["Deutschland","Europa","Expeditie &amp; Logistiek"],"inLanguage":"nl-NL","potentialAction":[{"@type":"CommentAction","name":"Comment","target":["https:\/\/transportjournal.com\/nl\/2026\/04\/27\/lagermax-groep-behaalt-stabiele-omzet\/#respond"]}]},{"@type":"WebPage","@id":"https:\/\/transportjournal.com\/nl\/2026\/04\/27\/lagermax-groep-behaalt-stabiele-omzet\/","url":"https:\/\/transportjournal.com\/nl\/2026\/04\/27\/lagermax-groep-behaalt-stabiele-omzet\/","name":"Lagermax Groep behaalt stabiele omzet - ITJ | International Transport Journal","isPartOf":{"@id":"https:\/\/transportjournal.com\/nl\/#website"},"primaryImageOfPage":{"@id":"https:\/\/transportjournal.com\/nl\/2026\/04\/27\/lagermax-groep-behaalt-stabiele-omzet\/#primaryimage"},"image":{"@id":"https:\/\/transportjournal.com\/nl\/2026\/04\/27\/lagermax-groep-behaalt-stabiele-omzet\/#primaryimage"},"thumbnailUrl":"https:\/\/transportjournal.com\/wp-content\/uploads\/sites\/2\/2026\/04\/Image-Photovoltaic-plant-SUNPARK_Strasswalchen-scaled-aspect-ratio-1400-788-scaled-1.jpg","datePublished":"2026-04-27T08:43:35+00:00","dateModified":"2026-04-27T08:56:10+00:00","breadcrumb":{"@id":"https:\/\/transportjournal.com\/nl\/2026\/04\/27\/lagermax-groep-behaalt-stabiele-omzet\/#breadcrumb"},"inLanguage":"nl-NL","potentialAction":[{"@type":"ReadAction","target":["https:\/\/transportjournal.com\/nl\/2026\/04\/27\/lagermax-groep-behaalt-stabiele-omzet\/"]}]},{"@type":"ImageObject","inLanguage":"nl-NL","@id":"https:\/\/transportjournal.com\/nl\/2026\/04\/27\/lagermax-groep-behaalt-stabiele-omzet\/#primaryimage","url":"https:\/\/transportjournal.com\/wp-content\/uploads\/sites\/2\/2026\/04\/Image-Photovoltaic-plant-SUNPARK_Strasswalchen-scaled-aspect-ratio-1400-788-scaled-1.jpg","contentUrl":"https:\/\/transportjournal.com\/wp-content\/uploads\/sites\/2\/2026\/04\/Image-Photovoltaic-plant-SUNPARK_Strasswalchen-scaled-aspect-ratio-1400-788-scaled-1.jpg","width":2560,"height":1441},{"@type":"BreadcrumbList","@id":"https:\/\/transportjournal.com\/nl\/2026\/04\/27\/lagermax-groep-behaalt-stabiele-omzet\/#breadcrumb","itemListElement":[{"@type":"ListItem","position":1,"name":"Startseite","item":"https:\/\/transportjournal.com\/nl\/"},{"@type":"ListItem","position":2,"name":"Lagermax Groep behaalt stabiele omzet"}]},{"@type":"WebSite","@id":"https:\/\/transportjournal.com\/nl\/#website","url":"https:\/\/transportjournal.com\/nl\/","name":"ITJ | International Transport Journal","description":"Stay informed with the latest global news from the transport, logistics, and supply chain industries. Transport Journal delivers expert insights, analysis, and updates across shipping, aviation, intermodal, and forwarding.","publisher":{"@id":"https:\/\/transportjournal.com\/nl\/#organization"},"potentialAction":[{"@type":"SearchAction","target":{"@type":"EntryPoint","urlTemplate":"https:\/\/transportjournal.com\/nl\/?s={search_term_string}"},"query-input":{"@type":"PropertyValueSpecification","valueRequired":true,"valueName":"search_term_string"}}],"inLanguage":"nl-NL"},{"@type":"Organization","@id":"https:\/\/transportjournal.com\/nl\/#organization","name":"Logismedia Groep AG","alternateName":"Logismedia Group AG","url":"https:\/\/transportjournal.com\/nl\/","logo":{"@type":"ImageObject","inLanguage":"nl-NL","@id":"https:\/\/transportjournal.com\/nl\/#\/schema\/logo\/image\/","url":"https:\/\/transportjournal.com\/wp-content\/uploads\/sites\/2\/2025\/09\/Logo_ITJ.png","contentUrl":"https:\/\/transportjournal.com\/wp-content\/uploads\/sites\/2\/2025\/09\/Logo_ITJ.png","width":799,"height":326,"caption":"Logismedia Groep AG"},"image":{"@id":"https:\/\/transportjournal.com\/nl\/#\/schema\/logo\/image\/"},"sameAs":["https:\/\/www.linkedin.com\/company\/56456496\/admin\/dashboard\/","https:\/\/www.instagram.com\/logismediagroup\/","https:\/\/www.youtube.com\/@LogiamediaGroupAG"]},{"@type":"Person","@id":"https:\/\/transportjournal.com\/nl\/#\/schema\/person\/41d36b5474b623392fa613e97e2363fa","name":"Jeremy Soland","url":"https:\/\/transportjournal.com\/nl\/author\/jeremy\/"}]}},"_links":{"self":[{"href":"https:\/\/transportjournal.com\/nl\/wp-json\/wp\/v2\/posts\/86718","targetHints":{"allow":["GET"]}}],"collection":[{"href":"https:\/\/transportjournal.com\/nl\/wp-json\/wp\/v2\/posts"}],"about":[{"href":"https:\/\/transportjournal.com\/nl\/wp-json\/wp\/v2\/types\/post"}],"author":[{"embeddable":true,"href":"https:\/\/transportjournal.com\/nl\/wp-json\/wp\/v2\/users\/10"}],"replies":[{"embeddable":true,"href":"https:\/\/transportjournal.com\/nl\/wp-json\/wp\/v2\/comments?post=86718"}],"version-history":[{"count":1,"href":"https:\/\/transportjournal.com\/nl\/wp-json\/wp\/v2\/posts\/86718\/revisions"}],"predecessor-version":[{"id":86725,"href":"https:\/\/transportjournal.com\/nl\/wp-json\/wp\/v2\/posts\/86718\/revisions\/86725"}],"wp:featuredmedia":[{"embeddable":true,"href":"https:\/\/transportjournal.com\/nl\/wp-json\/wp\/v2\/media\/86712"}],"wp:attachment":[{"href":"https:\/\/transportjournal.com\/nl\/wp-json\/wp\/v2\/media?parent=86718"}],"wp:term":[{"taxonomy":"category","embeddable":true,"href":"https:\/\/transportjournal.com\/nl\/wp-json\/wp\/v2\/categories?post=86718"},{"taxonomy":"post_tag","embeddable":true,"href":"https:\/\/transportjournal.com\/nl\/wp-json\/wp\/v2\/tags?post=86718"}],"curies":[{"name":"wp","href":"https:\/\/api.w.org\/{rel}","templated":true}]}}