{"id":86688,"date":"2026-04-27T08:06:02","date_gmt":"2026-04-27T08:06:02","guid":{"rendered":"https:\/\/transportjournal.com\/2026\/04\/27\/ecs-group-werkt-samen-met-my-freighter\/"},"modified":"2026-04-27T10:15:40","modified_gmt":"2026-04-27T08:15:40","slug":"ecs-group-werkt-samen-met-my-freighter","status":"publish","type":"post","link":"https:\/\/transportjournal.com\/nl\/2026\/04\/27\/ecs-group-werkt-samen-met-my-freighter\/","title":{"rendered":"ECS Group werkt samen met My Freighter"},"content":{"rendered":"<p>De ECS Group heeft een strategisch partnerschap gesloten met My Freighter om haar commerci\u00eble expansie in Europa te bevorderen. Het doel van deze samenwerking is de uitbreiding van de distributie-infrastructuur om vrachtstromen tussen Europa en Centraal-Azi\u00eb te ontsluiten, aldus het bedrijf.<\/p>\n<p>Volgens de ECS Group zijn sinds de operationele start in januari 2026 al verschillende sleutelmarkten geactiveerd. Via haar dochterondernemingen Globe Air Cargo in Frankrijk, Nederland en Belgi\u00eb heeft het bedrijf een grensoverschrijdende lancering gerealiseerd. Deze ontwikkeling moet de capaciteit van de ECS Group onderstrepen om te reageren op marktveranderingen en commerci\u00eble resultaten voor partnerluchtvaartmaatschappijen te behalen.<\/p>\n<h3>Uitbreiding van het vrachtaanbod<\/h3>\n<p>My Freighter beheert een netwerk van Europese vrachtlocaties, waaronder Luik, Maastricht, Bazel, Tallinn en de luchthaven Parijs CDG. Dit netwerk is rechtstreeks verbonden met de hub in Tasjkent en strekt zich verder uit naar Centraal-Azi\u00eb, inclusief Almaty. Regelmatige vrachtrotaties en een flexibele capaciteitsvoorziening moeten volgens de ECS Group ervoor zorgen dat de veranderende vraag in het vrachtverkeer wordt bediend.<\/p>\n<p><a href=\"https:\/\/ecsgroup.aero\/\" target=\"_blank\" rel=\"noopener noreferrer\">www.ecsgroup.aero<\/a><\/p>\n","protected":false},"excerpt":{"rendered":"<p>De ECS Group en My Freighter hebben een partnerschap gesloten om de vrachtinfrastructuur tussen Europa en Centraal-Azi\u00eb uit te breiden.<\/p>\n","protected":false},"author":10,"featured_media":86682,"comment_status":"open","ping_status":"","sticky":false,"template":"","format":"standard","meta":{"_acf_changed":false,"footnotes":""},"categories":[1598,1599,1594],"tags":[42275,2648,16106,42276,42277,42278,16107,29883,42279,14214,42280,10460,10461,38903,42281,42282,2811,42283,42284,28016,42285,3234,42286,28019,42287,36211,42288,42289,42290,14379,42291,42292,4293,1962,14381,42293,29896,29897,34533,42294,2148,42295,42296,40795,28032,42297,16134],"class_list":["post-86688","post","type-post","status-publish","format-standard","has-post-thumbnail","hentry","category-azie-stille-oceaan","category-europa","category-luchtvracht","tag-aeroport-de-paris-cdg","tag-air-freight","tag-asie-centrale","tag-bale","tag-basel","tag-capacity-provision","tag-central-asia","tag-changements-de-marche","tag-commercial-expansion","tag-deutsch-ecs-group","tag-distribution-infrastructure","tag-europa","tag-europe","tag-expansion-commerciale","tag-flughafen-paris-cdg","tag-fourniture-de-capacite","tag-frachtlogistik","tag-frachtrotationen","tag-frachtstandorte","tag-frachtverkehr","tag-freight-locations","tag-freight-logistics","tag-freight-rotations","tag-freight-traffic","tag-fret","tag-globe-air-cargo","tag-infrastructure-de-distribution","tag-kapazitaetsbereitstellung","tag-kommerzielle-expansion","tag-liege","tag-logistics-service-providers-francais-ecs-group","tag-logistikdienstleister-english-ecs-group","tag-logistique-aerienne","tag-luftfracht","tag-luettich","tag-maastricht","tag-market-changes","tag-marktveraenderungen","tag-my-freighter","tag-paris-cdg-airport","tag-prestataires-de-services-logistiques","tag-rotations-de-fret","tag-sites-de-fret","tag-tallinn","tag-trafic-de-fret","tag-vertriebsinfrastruktur","tag-zentralasien"],"acf":[],"yoast_head":"<!-- This site is optimized with the Yoast SEO plugin v27.3 - https:\/\/yoast.com\/product\/yoast-seo-wordpress\/ -->\n<title>ECS Group werkt samen met My Freighter - ITJ | International Transport Journal<\/title>\n<meta name=\"robots\" content=\"index, follow, max-snippet:-1, max-image-preview:large, max-video-preview:-1\" \/>\n<link rel=\"canonical\" href=\"https:\/\/transportjournal.com\/nl\/2026\/04\/27\/ecs-group-werkt-samen-met-my-freighter\/\" \/>\n<meta property=\"og:locale\" content=\"nl_NL\" \/>\n<meta property=\"og:type\" content=\"article\" \/>\n<meta property=\"og:title\" content=\"ECS Group werkt samen met My Freighter - ITJ | International Transport Journal\" \/>\n<meta property=\"og:description\" content=\"De ECS Group en My Freighter hebben een partnerschap gesloten om de vrachtinfrastructuur tussen Europa en Centraal-Azi\u00eb uit te breiden.\" \/>\n<meta property=\"og:url\" content=\"https:\/\/transportjournal.com\/nl\/2026\/04\/27\/ecs-group-werkt-samen-met-my-freighter\/\" \/>\n<meta property=\"og:site_name\" content=\"ITJ | International Transport Journal\" \/>\n<meta property=\"article:published_time\" content=\"2026-04-27T08:06:02+00:00\" \/>\n<meta property=\"article:modified_time\" content=\"2026-04-27T08:15:40+00:00\" \/>\n<meta property=\"og:image\" content=\"https:\/\/transportjournal.com\/wp-content\/uploads\/sites\/2\/2026\/04\/ECS-Group-Accelerates-European-Expansion-for-My-Freighter-Through-Strategic-Commercial-Partnership.jpg\" \/>\n\t<meta property=\"og:image:width\" content=\"1920\" \/>\n\t<meta property=\"og:image:height\" content=\"1080\" \/>\n\t<meta property=\"og:image:type\" content=\"image\/jpeg\" \/>\n<meta name=\"author\" content=\"Jeremy Soland\" \/>\n<meta name=\"twitter:card\" content=\"summary_large_image\" \/>\n<meta name=\"twitter:label1\" content=\"Geschreven door\" \/>\n\t<meta name=\"twitter:data1\" content=\"Jeremy Soland\" \/>\n\t<meta name=\"twitter:label2\" content=\"Geschatte leestijd\" \/>\n\t<meta name=\"twitter:data2\" content=\"1 minuut\" \/>\n<script type=\"application\/ld+json\" class=\"yoast-schema-graph\">{\"@context\":\"https:\\\/\\\/schema.org\",\"@graph\":[{\"@type\":\"Article\",\"@id\":\"https:\\\/\\\/transportjournal.com\\\/nl\\\/2026\\\/04\\\/27\\\/ecs-group-werkt-samen-met-my-freighter\\\/#article\",\"isPartOf\":{\"@id\":\"https:\\\/\\\/transportjournal.com\\\/nl\\\/2026\\\/04\\\/27\\\/ecs-group-werkt-samen-met-my-freighter\\\/\"},\"author\":{\"name\":\"Jeremy Soland\",\"@id\":\"https:\\\/\\\/transportjournal.com\\\/nl\\\/#\\\/schema\\\/person\\\/41d36b5474b623392fa613e97e2363fa\"},\"headline\":\"ECS Group werkt samen met My Freighter\",\"datePublished\":\"2026-04-27T08:06:02+00:00\",\"dateModified\":\"2026-04-27T08:15:40+00:00\",\"mainEntityOfPage\":{\"@id\":\"https:\\\/\\\/transportjournal.com\\\/nl\\\/2026\\\/04\\\/27\\\/ecs-group-werkt-samen-met-my-freighter\\\/\"},\"wordCount\":171,\"commentCount\":0,\"publisher\":{\"@id\":\"https:\\\/\\\/transportjournal.com\\\/nl\\\/#organization\"},\"image\":{\"@id\":\"https:\\\/\\\/transportjournal.com\\\/nl\\\/2026\\\/04\\\/27\\\/ecs-group-werkt-samen-met-my-freighter\\\/#primaryimage\"},\"thumbnailUrl\":\"https:\\\/\\\/transportjournal.com\\\/wp-content\\\/uploads\\\/sites\\\/2\\\/2026\\\/04\\\/ECS-Group-Accelerates-European-Expansion-for-My-Freighter-Through-Strategic-Commercial-Partnership.jpg\",\"keywords\":[\"a\u00e9roport de Paris CDG\",\"air freight\",\"Asie centrale\",\"B\u00e2le\",\"Basel\",\"capacity provision\",\"Central Asia\",\"changements de march\u00e9\",\"commercial expansion\",\"Deutsch ECS Group\",\"distribution infrastructure\",\"Europa\",\"Europe\",\"expansion commerciale\",\"Flughafen Paris CDG\",\"fourniture de capacit\u00e9\",\"Frachtlogistik\",\"Frachtrotationen\",\"Frachtstandorte\",\"Frachtverkehr\",\"freight locations\",\"freight logistics\",\"freight rotations\",\"freight traffic\",\"fret\",\"Globe Air Cargo\",\"infrastructure de distribution\",\"Kapazit\u00e4tsbereitstellung\",\"kommerzielle Expansion\",\"Li\u00e8ge\",\"logistics service providers Fran\u00e7ais ECS Group\",\"Logistikdienstleister English ECS Group\",\"logistique a\u00e9rienne\",\"Luftfracht\",\"L\u00fcttich\",\"Maastricht\",\"market changes\",\"Marktver\u00e4nderungen\",\"My Freighter\",\"Paris CDG airport\",\"prestataires de services logistiques\",\"rotations de fret\",\"sites de fret\",\"Tallinn\",\"trafic de fret\",\"Vertriebsinfrastruktur\",\"Zentralasien\"],\"articleSection\":[\"Azi\u00eb\\\/Stille Oceaan\",\"Europa\",\"Luchtvracht\"],\"inLanguage\":\"nl-NL\",\"potentialAction\":[{\"@type\":\"CommentAction\",\"name\":\"Comment\",\"target\":[\"https:\\\/\\\/transportjournal.com\\\/nl\\\/2026\\\/04\\\/27\\\/ecs-group-werkt-samen-met-my-freighter\\\/#respond\"]}]},{\"@type\":\"WebPage\",\"@id\":\"https:\\\/\\\/transportjournal.com\\\/nl\\\/2026\\\/04\\\/27\\\/ecs-group-werkt-samen-met-my-freighter\\\/\",\"url\":\"https:\\\/\\\/transportjournal.com\\\/nl\\\/2026\\\/04\\\/27\\\/ecs-group-werkt-samen-met-my-freighter\\\/\",\"name\":\"ECS Group werkt samen met My Freighter - ITJ | International Transport Journal\",\"isPartOf\":{\"@id\":\"https:\\\/\\\/transportjournal.com\\\/nl\\\/#website\"},\"primaryImageOfPage\":{\"@id\":\"https:\\\/\\\/transportjournal.com\\\/nl\\\/2026\\\/04\\\/27\\\/ecs-group-werkt-samen-met-my-freighter\\\/#primaryimage\"},\"image\":{\"@id\":\"https:\\\/\\\/transportjournal.com\\\/nl\\\/2026\\\/04\\\/27\\\/ecs-group-werkt-samen-met-my-freighter\\\/#primaryimage\"},\"thumbnailUrl\":\"https:\\\/\\\/transportjournal.com\\\/wp-content\\\/uploads\\\/sites\\\/2\\\/2026\\\/04\\\/ECS-Group-Accelerates-European-Expansion-for-My-Freighter-Through-Strategic-Commercial-Partnership.jpg\",\"datePublished\":\"2026-04-27T08:06:02+00:00\",\"dateModified\":\"2026-04-27T08:15:40+00:00\",\"breadcrumb\":{\"@id\":\"https:\\\/\\\/transportjournal.com\\\/nl\\\/2026\\\/04\\\/27\\\/ecs-group-werkt-samen-met-my-freighter\\\/#breadcrumb\"},\"inLanguage\":\"nl-NL\",\"potentialAction\":[{\"@type\":\"ReadAction\",\"target\":[\"https:\\\/\\\/transportjournal.com\\\/nl\\\/2026\\\/04\\\/27\\\/ecs-group-werkt-samen-met-my-freighter\\\/\"]}]},{\"@type\":\"ImageObject\",\"inLanguage\":\"nl-NL\",\"@id\":\"https:\\\/\\\/transportjournal.com\\\/nl\\\/2026\\\/04\\\/27\\\/ecs-group-werkt-samen-met-my-freighter\\\/#primaryimage\",\"url\":\"https:\\\/\\\/transportjournal.com\\\/wp-content\\\/uploads\\\/sites\\\/2\\\/2026\\\/04\\\/ECS-Group-Accelerates-European-Expansion-for-My-Freighter-Through-Strategic-Commercial-Partnership.jpg\",\"contentUrl\":\"https:\\\/\\\/transportjournal.com\\\/wp-content\\\/uploads\\\/sites\\\/2\\\/2026\\\/04\\\/ECS-Group-Accelerates-European-Expansion-for-My-Freighter-Through-Strategic-Commercial-Partnership.jpg\",\"width\":1920,\"height\":1080},{\"@type\":\"BreadcrumbList\",\"@id\":\"https:\\\/\\\/transportjournal.com\\\/nl\\\/2026\\\/04\\\/27\\\/ecs-group-werkt-samen-met-my-freighter\\\/#breadcrumb\",\"itemListElement\":[{\"@type\":\"ListItem\",\"position\":1,\"name\":\"Startseite\",\"item\":\"https:\\\/\\\/transportjournal.com\\\/nl\\\/\"},{\"@type\":\"ListItem\",\"position\":2,\"name\":\"ECS Group werkt samen met My Freighter\"}]},{\"@type\":\"WebSite\",\"@id\":\"https:\\\/\\\/transportjournal.com\\\/nl\\\/#website\",\"url\":\"https:\\\/\\\/transportjournal.com\\\/nl\\\/\",\"name\":\"ITJ | International Transport Journal\",\"description\":\"Stay informed with the latest global news from the transport, logistics, and supply chain industries. Transport Journal delivers expert insights, analysis, and updates across shipping, aviation, intermodal, and forwarding.\",\"publisher\":{\"@id\":\"https:\\\/\\\/transportjournal.com\\\/nl\\\/#organization\"},\"potentialAction\":[{\"@type\":\"SearchAction\",\"target\":{\"@type\":\"EntryPoint\",\"urlTemplate\":\"https:\\\/\\\/transportjournal.com\\\/nl\\\/?s={search_term_string}\"},\"query-input\":{\"@type\":\"PropertyValueSpecification\",\"valueRequired\":true,\"valueName\":\"search_term_string\"}}],\"inLanguage\":\"nl-NL\"},{\"@type\":\"Organization\",\"@id\":\"https:\\\/\\\/transportjournal.com\\\/nl\\\/#organization\",\"name\":\"Logismedia Groep AG\",\"alternateName\":\"Logismedia Group AG\",\"url\":\"https:\\\/\\\/transportjournal.com\\\/nl\\\/\",\"logo\":{\"@type\":\"ImageObject\",\"inLanguage\":\"nl-NL\",\"@id\":\"https:\\\/\\\/transportjournal.com\\\/nl\\\/#\\\/schema\\\/logo\\\/image\\\/\",\"url\":\"https:\\\/\\\/transportjournal.com\\\/wp-content\\\/uploads\\\/sites\\\/2\\\/2025\\\/09\\\/Logo_ITJ.png\",\"contentUrl\":\"https:\\\/\\\/transportjournal.com\\\/wp-content\\\/uploads\\\/sites\\\/2\\\/2025\\\/09\\\/Logo_ITJ.png\",\"width\":799,\"height\":326,\"caption\":\"Logismedia Groep AG\"},\"image\":{\"@id\":\"https:\\\/\\\/transportjournal.com\\\/nl\\\/#\\\/schema\\\/logo\\\/image\\\/\"},\"sameAs\":[\"https:\\\/\\\/www.linkedin.com\\\/company\\\/56456496\\\/admin\\\/dashboard\\\/\",\"https:\\\/\\\/www.instagram.com\\\/logismediagroup\\\/\",\"https:\\\/\\\/www.youtube.com\\\/@LogiamediaGroupAG\"]},{\"@type\":\"Person\",\"@id\":\"https:\\\/\\\/transportjournal.com\\\/nl\\\/#\\\/schema\\\/person\\\/41d36b5474b623392fa613e97e2363fa\",\"name\":\"Jeremy Soland\",\"url\":\"https:\\\/\\\/transportjournal.com\\\/nl\\\/author\\\/jeremy\\\/\"}]}<\/script>\n<!-- \/ Yoast SEO plugin. -->","yoast_head_json":{"title":"ECS Group werkt samen met My Freighter - ITJ | International Transport Journal","robots":{"index":"index","follow":"follow","max-snippet":"max-snippet:-1","max-image-preview":"max-image-preview:large","max-video-preview":"max-video-preview:-1"},"canonical":"https:\/\/transportjournal.com\/nl\/2026\/04\/27\/ecs-group-werkt-samen-met-my-freighter\/","og_locale":"nl_NL","og_type":"article","og_title":"ECS Group werkt samen met My Freighter - ITJ | International Transport Journal","og_description":"De ECS Group en My Freighter hebben een partnerschap gesloten om de vrachtinfrastructuur tussen Europa en Centraal-Azi\u00eb uit te breiden.","og_url":"https:\/\/transportjournal.com\/nl\/2026\/04\/27\/ecs-group-werkt-samen-met-my-freighter\/","og_site_name":"ITJ | International Transport Journal","article_published_time":"2026-04-27T08:06:02+00:00","article_modified_time":"2026-04-27T08:15:40+00:00","og_image":[{"width":1920,"height":1080,"url":"https:\/\/transportjournal.com\/wp-content\/uploads\/sites\/2\/2026\/04\/ECS-Group-Accelerates-European-Expansion-for-My-Freighter-Through-Strategic-Commercial-Partnership.jpg","type":"image\/jpeg"}],"author":"Jeremy Soland","twitter_card":"summary_large_image","twitter_misc":{"Geschreven door":"Jeremy Soland","Geschatte leestijd":"1 minuut"},"schema":{"@context":"https:\/\/schema.org","@graph":[{"@type":"Article","@id":"https:\/\/transportjournal.com\/nl\/2026\/04\/27\/ecs-group-werkt-samen-met-my-freighter\/#article","isPartOf":{"@id":"https:\/\/transportjournal.com\/nl\/2026\/04\/27\/ecs-group-werkt-samen-met-my-freighter\/"},"author":{"name":"Jeremy Soland","@id":"https:\/\/transportjournal.com\/nl\/#\/schema\/person\/41d36b5474b623392fa613e97e2363fa"},"headline":"ECS Group werkt samen met My Freighter","datePublished":"2026-04-27T08:06:02+00:00","dateModified":"2026-04-27T08:15:40+00:00","mainEntityOfPage":{"@id":"https:\/\/transportjournal.com\/nl\/2026\/04\/27\/ecs-group-werkt-samen-met-my-freighter\/"},"wordCount":171,"commentCount":0,"publisher":{"@id":"https:\/\/transportjournal.com\/nl\/#organization"},"image":{"@id":"https:\/\/transportjournal.com\/nl\/2026\/04\/27\/ecs-group-werkt-samen-met-my-freighter\/#primaryimage"},"thumbnailUrl":"https:\/\/transportjournal.com\/wp-content\/uploads\/sites\/2\/2026\/04\/ECS-Group-Accelerates-European-Expansion-for-My-Freighter-Through-Strategic-Commercial-Partnership.jpg","keywords":["a\u00e9roport de Paris CDG","air freight","Asie centrale","B\u00e2le","Basel","capacity provision","Central Asia","changements de march\u00e9","commercial expansion","Deutsch ECS Group","distribution infrastructure","Europa","Europe","expansion commerciale","Flughafen Paris CDG","fourniture de capacit\u00e9","Frachtlogistik","Frachtrotationen","Frachtstandorte","Frachtverkehr","freight locations","freight logistics","freight rotations","freight traffic","fret","Globe Air Cargo","infrastructure de distribution","Kapazit\u00e4tsbereitstellung","kommerzielle Expansion","Li\u00e8ge","logistics service providers Fran\u00e7ais ECS Group","Logistikdienstleister English ECS Group","logistique a\u00e9rienne","Luftfracht","L\u00fcttich","Maastricht","market changes","Marktver\u00e4nderungen","My Freighter","Paris CDG airport","prestataires de services logistiques","rotations de fret","sites de fret","Tallinn","trafic de fret","Vertriebsinfrastruktur","Zentralasien"],"articleSection":["Azi\u00eb\/Stille Oceaan","Europa","Luchtvracht"],"inLanguage":"nl-NL","potentialAction":[{"@type":"CommentAction","name":"Comment","target":["https:\/\/transportjournal.com\/nl\/2026\/04\/27\/ecs-group-werkt-samen-met-my-freighter\/#respond"]}]},{"@type":"WebPage","@id":"https:\/\/transportjournal.com\/nl\/2026\/04\/27\/ecs-group-werkt-samen-met-my-freighter\/","url":"https:\/\/transportjournal.com\/nl\/2026\/04\/27\/ecs-group-werkt-samen-met-my-freighter\/","name":"ECS Group werkt samen met My Freighter - ITJ | International Transport Journal","isPartOf":{"@id":"https:\/\/transportjournal.com\/nl\/#website"},"primaryImageOfPage":{"@id":"https:\/\/transportjournal.com\/nl\/2026\/04\/27\/ecs-group-werkt-samen-met-my-freighter\/#primaryimage"},"image":{"@id":"https:\/\/transportjournal.com\/nl\/2026\/04\/27\/ecs-group-werkt-samen-met-my-freighter\/#primaryimage"},"thumbnailUrl":"https:\/\/transportjournal.com\/wp-content\/uploads\/sites\/2\/2026\/04\/ECS-Group-Accelerates-European-Expansion-for-My-Freighter-Through-Strategic-Commercial-Partnership.jpg","datePublished":"2026-04-27T08:06:02+00:00","dateModified":"2026-04-27T08:15:40+00:00","breadcrumb":{"@id":"https:\/\/transportjournal.com\/nl\/2026\/04\/27\/ecs-group-werkt-samen-met-my-freighter\/#breadcrumb"},"inLanguage":"nl-NL","potentialAction":[{"@type":"ReadAction","target":["https:\/\/transportjournal.com\/nl\/2026\/04\/27\/ecs-group-werkt-samen-met-my-freighter\/"]}]},{"@type":"ImageObject","inLanguage":"nl-NL","@id":"https:\/\/transportjournal.com\/nl\/2026\/04\/27\/ecs-group-werkt-samen-met-my-freighter\/#primaryimage","url":"https:\/\/transportjournal.com\/wp-content\/uploads\/sites\/2\/2026\/04\/ECS-Group-Accelerates-European-Expansion-for-My-Freighter-Through-Strategic-Commercial-Partnership.jpg","contentUrl":"https:\/\/transportjournal.com\/wp-content\/uploads\/sites\/2\/2026\/04\/ECS-Group-Accelerates-European-Expansion-for-My-Freighter-Through-Strategic-Commercial-Partnership.jpg","width":1920,"height":1080},{"@type":"BreadcrumbList","@id":"https:\/\/transportjournal.com\/nl\/2026\/04\/27\/ecs-group-werkt-samen-met-my-freighter\/#breadcrumb","itemListElement":[{"@type":"ListItem","position":1,"name":"Startseite","item":"https:\/\/transportjournal.com\/nl\/"},{"@type":"ListItem","position":2,"name":"ECS Group werkt samen met My Freighter"}]},{"@type":"WebSite","@id":"https:\/\/transportjournal.com\/nl\/#website","url":"https:\/\/transportjournal.com\/nl\/","name":"ITJ | International Transport Journal","description":"Stay informed with the latest global news from the transport, logistics, and supply chain industries. Transport Journal delivers expert insights, analysis, and updates across shipping, aviation, intermodal, and forwarding.","publisher":{"@id":"https:\/\/transportjournal.com\/nl\/#organization"},"potentialAction":[{"@type":"SearchAction","target":{"@type":"EntryPoint","urlTemplate":"https:\/\/transportjournal.com\/nl\/?s={search_term_string}"},"query-input":{"@type":"PropertyValueSpecification","valueRequired":true,"valueName":"search_term_string"}}],"inLanguage":"nl-NL"},{"@type":"Organization","@id":"https:\/\/transportjournal.com\/nl\/#organization","name":"Logismedia Groep AG","alternateName":"Logismedia Group AG","url":"https:\/\/transportjournal.com\/nl\/","logo":{"@type":"ImageObject","inLanguage":"nl-NL","@id":"https:\/\/transportjournal.com\/nl\/#\/schema\/logo\/image\/","url":"https:\/\/transportjournal.com\/wp-content\/uploads\/sites\/2\/2025\/09\/Logo_ITJ.png","contentUrl":"https:\/\/transportjournal.com\/wp-content\/uploads\/sites\/2\/2025\/09\/Logo_ITJ.png","width":799,"height":326,"caption":"Logismedia Groep AG"},"image":{"@id":"https:\/\/transportjournal.com\/nl\/#\/schema\/logo\/image\/"},"sameAs":["https:\/\/www.linkedin.com\/company\/56456496\/admin\/dashboard\/","https:\/\/www.instagram.com\/logismediagroup\/","https:\/\/www.youtube.com\/@LogiamediaGroupAG"]},{"@type":"Person","@id":"https:\/\/transportjournal.com\/nl\/#\/schema\/person\/41d36b5474b623392fa613e97e2363fa","name":"Jeremy Soland","url":"https:\/\/transportjournal.com\/nl\/author\/jeremy\/"}]}},"_links":{"self":[{"href":"https:\/\/transportjournal.com\/nl\/wp-json\/wp\/v2\/posts\/86688","targetHints":{"allow":["GET"]}}],"collection":[{"href":"https:\/\/transportjournal.com\/nl\/wp-json\/wp\/v2\/posts"}],"about":[{"href":"https:\/\/transportjournal.com\/nl\/wp-json\/wp\/v2\/types\/post"}],"author":[{"embeddable":true,"href":"https:\/\/transportjournal.com\/nl\/wp-json\/wp\/v2\/users\/10"}],"replies":[{"embeddable":true,"href":"https:\/\/transportjournal.com\/nl\/wp-json\/wp\/v2\/comments?post=86688"}],"version-history":[{"count":1,"href":"https:\/\/transportjournal.com\/nl\/wp-json\/wp\/v2\/posts\/86688\/revisions"}],"predecessor-version":[{"id":86695,"href":"https:\/\/transportjournal.com\/nl\/wp-json\/wp\/v2\/posts\/86688\/revisions\/86695"}],"wp:featuredmedia":[{"embeddable":true,"href":"https:\/\/transportjournal.com\/nl\/wp-json\/wp\/v2\/media\/86682"}],"wp:attachment":[{"href":"https:\/\/transportjournal.com\/nl\/wp-json\/wp\/v2\/media?parent=86688"}],"wp:term":[{"taxonomy":"category","embeddable":true,"href":"https:\/\/transportjournal.com\/nl\/wp-json\/wp\/v2\/categories?post=86688"},{"taxonomy":"post_tag","embeddable":true,"href":"https:\/\/transportjournal.com\/nl\/wp-json\/wp\/v2\/tags?post=86688"}],"curies":[{"name":"wp","href":"https:\/\/api.w.org\/{rel}","templated":true}]}}