{"id":80894,"date":"2026-03-16T09:52:51","date_gmt":"2026-03-16T09:52:51","guid":{"rendered":"https:\/\/transportjournal.com\/2026\/03\/16\/zborowski-nieuwe-bestuurslid-bij-rohlig-suus\/"},"modified":"2026-03-16T09:52:51","modified_gmt":"2026-03-16T09:52:51","slug":"zborowski-nieuwe-bestuurslid-bij-rohlig-suus","status":"publish","type":"post","link":"https:\/\/transportjournal.com\/nl\/2026\/03\/16\/zborowski-nieuwe-bestuurslid-bij-rohlig-suus\/","title":{"rendered":"Zborowski nieuwe bestuurslid bij Rohlig SUUS"},"content":{"rendered":"<p>Rohlig SUUS Logistics heeft Piotr Zborowski in de raad van bestuur benoemd. In zijn nieuwe functie, die hij begin maart heeft aanvaard, zal hij onder andere verantwoordelijk zijn voor de gebieden contractlogistiek, nationaal wegtransport en de ontwikkeling van de dochterondernemingen in Tsjechi\u00eb en Slowakije.<\/p>\n<h3>Uitbreiding van het management<\/h3>\n<p>Piotr Iwo Chmielewski, voorzitter van de raad van bestuur van Rohlig SUUS Logistics, benadrukt de continue uitbreiding van het bedrijf: \u201eSUUS groeit niet alleen in omvang, maar ook in operationele excellentie en organisatorische volwassenheid. We bouwen een bedrijf op dat effici\u00ebnter, wendbaarder en veerkrachtiger is ten opzichte van marktveranderingen.\u201d In het kader van de SUUS-One-strategie moet de positie als toonaangevende logistieke dienstverlener in de regio CEECA verder worden versterkt. Chmielewski benadrukt dat Zborowski uitgebreide internationale ervaring meebrengt en cruciale gebieden van het dienstenportfolio beheert.<\/p>\n<p>Zborowski kan terugkijken op een lange carri\u00e8re in de logistieke sector. Laatstelijk was hij CEO bij DB Schenker, waar hij verantwoordelijk was voor de operaties in Polen, de Baltische staten, Oekra\u00efne en Kazachstan. Daarvoor leidde hij bij DSV de integratie van wegtransportactiviteiten in Polen en bekleedde hij managementposities bij CEVA Logistics en UPS. Hij heeft gestudeerd aan de Warschau School of Economics en een MBA-opleiding gevolgd aan de Universiteit van Lausanne en het International Institute for Management Development (IMD).<\/p>\n<h3>Focus op effici\u00ebntie en kwaliteit<\/h3>\n<p>In zijn nieuwe rol is Zborowski van plan de processen verder te optimaliseren en de effici\u00ebntie en kwaliteit van de diensten in de contractlogistiek en het nationale wegtransport te verhogen. Dit omvat zowel het volle als het deelladingverkeer, evenals de laatste mijl en de samenwerking met vervoerders. Daarnaast wil hij coherente en schaalbare bedrijfsstructuren in de regio opbouwen en de activiteiten in Tsjechi\u00eb en Slowakije verder ontwikkelen.<\/p>\n<p>Rohlig SUUS Logistics behoort tot de toonaangevende logistieke dienstverleners in de CEECA-regio. Het bedrijf is al meer dan 35 jaar actief in het ontwerpen en beheren van lokale en globale toeleveringsketens. Het uitgebreide dienstenportfolio omvat onder andere weg-, spoor-, zee- en luchtvracht, intermodale oplossingen, contractlogistiek, douanediensten, projectlading en op maat gemaakte adviesdiensten op het gebied van Supply Chain Solutions. Momenteel heeft SUUS meer dan 2.500 medewerkers in meer dan 40 vestigingen in acht landen: Polen, Tsjechi\u00eb, Slowakije, Roemeni\u00eb, Sloveni\u00eb, Hongarije, Oekra\u00efne en Kazachstan.<\/p>\n<p>&nbsp;<\/p>\n<p><a href=\"https:\/\/suus.com\/\" target=\"_blank\" rel=\"noopener noreferrer\">www.suus.com<\/a><\/p>\n<p>&nbsp;<\/p>\n","protected":false},"excerpt":{"rendered":"<p>Rohlig SUUS Logistics heeft Piotr Zborowski in het bestuur benoemd om de effici\u00ebntie en kwaliteit in de contractlogistiek en het nationale wegtransport te verhogen.<\/p>\n","protected":false},"author":12,"featured_media":80888,"comment_status":"open","ping_status":"","sticky":false,"template":"","format":"standard","meta":{"_acf_changed":false,"footnotes":""},"categories":[1598,1599,1593,1592,1591],"tags":[2648,2206,27287,1784,27288,3130,27289,27290,2651,27291,27292,27293,4983,2214,2215,9706,12408,2655,2909,5252,5253,3143,4128,1831,3151,1962,27294,27295,2717,2925,27296,2929,2481,2193,27297,27298,1916,15816,15817,15818,5424,5266,5430,3125,27299,12430,27300,2591,26670],"class_list":["post-80894","post","type-post","status-publish","format-standard","has-post-thumbnail","hentry","category-azie-stille-oceaan","category-europa","category-expeditie-logistiek","category-intermodaal-weg","category-mensen-bedrijven","tag-air-freight","tag-amelioration-de-lefficacite","tag-ceeca-region","tag-ceva-logistics","tag-company-growth","tag-contract-logistics","tag-croissance-de-lentreprise","tag-czech-republic","tag-db-schenker","tag-deutsch-rohlig-suus","tag-digitalisierung-english-rohlig-suus","tag-digitalization-francais-rohlig-suus","tag-dsv","tag-efficiency-improvement","tag-effizienzsteigerung","tag-frachtfuehrer","tag-freight-carriers","tag-fret-aerien","tag-hafenbetrieb","tag-intermodal-solutions","tag-intermodale-loesungen","tag-kontraktlogistik","tag-logistics-provider","tag-logistikdienstleister","tag-logistique-contractuelle","tag-luftfracht","tag-national-road-transport","tag-nationaler-strassentransport","tag-numerisation","tag-operations-portuaires","tag-piotr-zborowski","tag-port-operations","tag-prestataire-logistique","tag-rail-freight-transport","tag-region-ceeca","tag-republique-tcheque","tag-schienengueterverkehr","tag-slovakia","tag-slovaquie","tag-slowakei","tag-solutions-de-chaine-dapprovisionnement","tag-solutions-intermodales","tag-supply-chain-solutions","tag-transport-ferroviaire-de-marchandises","tag-transport-routier-national","tag-transporteurs-de-fret","tag-tschechien","tag-unternehmenswachstum","tag-ups"],"acf":[],"yoast_head":"<!-- This site is optimized with the Yoast SEO plugin v27.3 - https:\/\/yoast.com\/product\/yoast-seo-wordpress\/ -->\n<title>Zborowski nieuwe bestuurslid bij Rohlig SUUS - ITJ | International Transport Journal<\/title>\n<meta name=\"robots\" content=\"index, follow, max-snippet:-1, max-image-preview:large, max-video-preview:-1\" \/>\n<link rel=\"canonical\" href=\"https:\/\/transportjournal.com\/nl\/2026\/03\/16\/zborowski-nieuwe-bestuurslid-bij-rohlig-suus\/\" \/>\n<meta property=\"og:locale\" content=\"nl_NL\" \/>\n<meta property=\"og:type\" content=\"article\" \/>\n<meta property=\"og:title\" content=\"Zborowski nieuwe bestuurslid bij Rohlig SUUS - ITJ | International Transport Journal\" \/>\n<meta property=\"og:description\" content=\"Rohlig SUUS Logistics heeft Piotr Zborowski in het bestuur benoemd om de effici\u00ebntie en kwaliteit in de contractlogistiek en het nationale wegtransport te verhogen.\" \/>\n<meta property=\"og:url\" content=\"https:\/\/transportjournal.com\/nl\/2026\/03\/16\/zborowski-nieuwe-bestuurslid-bij-rohlig-suus\/\" \/>\n<meta property=\"og:site_name\" content=\"ITJ | International Transport Journal\" \/>\n<meta property=\"article:published_time\" content=\"2026-03-16T09:52:51+00:00\" \/>\n<meta property=\"og:image\" content=\"https:\/\/transportjournal.com\/wp-content\/uploads\/sites\/2\/2026\/03\/Piotr-Zborowski_blog_EN-2-aspect-ratio-1400-788.jpg\" \/>\n\t<meta property=\"og:image:width\" content=\"393\" \/>\n\t<meta property=\"og:image:height\" content=\"221\" \/>\n\t<meta property=\"og:image:type\" content=\"image\/jpeg\" \/>\n<meta name=\"author\" content=\"Andreas Haug\" \/>\n<meta name=\"twitter:card\" content=\"summary_large_image\" \/>\n<meta name=\"twitter:label1\" content=\"Geschreven door\" \/>\n\t<meta name=\"twitter:data1\" content=\"Andreas Haug\" \/>\n\t<meta name=\"twitter:label2\" content=\"Geschatte leestijd\" \/>\n\t<meta name=\"twitter:data2\" content=\"2 minuut\" \/>\n<script type=\"application\/ld+json\" class=\"yoast-schema-graph\">{\"@context\":\"https:\\\/\\\/schema.org\",\"@graph\":[{\"@type\":\"Article\",\"@id\":\"https:\\\/\\\/transportjournal.com\\\/nl\\\/2026\\\/03\\\/16\\\/zborowski-nieuwe-bestuurslid-bij-rohlig-suus\\\/#article\",\"isPartOf\":{\"@id\":\"https:\\\/\\\/transportjournal.com\\\/nl\\\/2026\\\/03\\\/16\\\/zborowski-nieuwe-bestuurslid-bij-rohlig-suus\\\/\"},\"author\":{\"name\":\"Andreas Haug\",\"@id\":\"https:\\\/\\\/transportjournal.com\\\/nl\\\/#\\\/schema\\\/person\\\/cf538b3157f15afd7589245a4b3dbd25\"},\"headline\":\"Zborowski nieuwe bestuurslid bij Rohlig SUUS\",\"datePublished\":\"2026-03-16T09:52:51+00:00\",\"mainEntityOfPage\":{\"@id\":\"https:\\\/\\\/transportjournal.com\\\/nl\\\/2026\\\/03\\\/16\\\/zborowski-nieuwe-bestuurslid-bij-rohlig-suus\\\/\"},\"wordCount\":380,\"commentCount\":0,\"publisher\":{\"@id\":\"https:\\\/\\\/transportjournal.com\\\/nl\\\/#organization\"},\"image\":{\"@id\":\"https:\\\/\\\/transportjournal.com\\\/nl\\\/2026\\\/03\\\/16\\\/zborowski-nieuwe-bestuurslid-bij-rohlig-suus\\\/#primaryimage\"},\"thumbnailUrl\":\"https:\\\/\\\/transportjournal.com\\\/wp-content\\\/uploads\\\/sites\\\/2\\\/2026\\\/03\\\/Piotr-Zborowski_blog_EN-2-aspect-ratio-1400-788.jpg\",\"keywords\":[\"air freight\",\"am\u00e9lioration de l'efficacit\u00e9\",\"CEECA-Region\",\"CEVA Logistics\",\"company growth\",\"contract logistics\",\"croissance de l'entreprise\",\"Czech Republic\",\"DB Schenker\",\"Deutsch Rohlig SUUS\",\"Digitalisierung English Rohlig SUUS\",\"digitalization Fran\u00e7ais Rohlig SUUS\",\"DSV\",\"efficiency improvement\",\"Effizienzsteigerung\",\"Frachtf\u00fchrer\",\"freight carriers\",\"fret a\u00e9rien\",\"Hafenbetrieb\",\"intermodal solutions\",\"intermodale L\u00f6sungen\",\"Kontraktlogistik\",\"logistics provider\",\"Logistikdienstleister\",\"logistique contractuelle\",\"Luftfracht\",\"national road transport\",\"nationaler Stra\u00dfentransport\",\"num\u00e9risation\",\"op\u00e9rations portuaires\",\"Piotr Zborowski\",\"port operations\",\"prestataire logistique\",\"rail freight transport\",\"r\u00e9gion CEECA\",\"R\u00e9publique tch\u00e8que\",\"Schieneng\u00fcterverkehr\",\"Slovakia\",\"Slovaquie\",\"Slowakei\",\"solutions de cha\u00eene d'approvisionnement\",\"solutions intermodales\",\"supply chain solutions\",\"transport ferroviaire de marchandises\",\"transport routier national\",\"transporteurs de fret\",\"Tschechien\",\"Unternehmenswachstum\",\"UPS\"],\"articleSection\":[\"Azi\u00eb\\\/Stille Oceaan\",\"Europa\",\"Expeditie &amp; Logistiek\",\"Intermodaal \\\/ Weg\",\"Mensen &amp; Bedrijven\"],\"inLanguage\":\"nl-NL\",\"potentialAction\":[{\"@type\":\"CommentAction\",\"name\":\"Comment\",\"target\":[\"https:\\\/\\\/transportjournal.com\\\/nl\\\/2026\\\/03\\\/16\\\/zborowski-nieuwe-bestuurslid-bij-rohlig-suus\\\/#respond\"]}]},{\"@type\":\"WebPage\",\"@id\":\"https:\\\/\\\/transportjournal.com\\\/nl\\\/2026\\\/03\\\/16\\\/zborowski-nieuwe-bestuurslid-bij-rohlig-suus\\\/\",\"url\":\"https:\\\/\\\/transportjournal.com\\\/nl\\\/2026\\\/03\\\/16\\\/zborowski-nieuwe-bestuurslid-bij-rohlig-suus\\\/\",\"name\":\"Zborowski nieuwe bestuurslid bij Rohlig SUUS - ITJ | International Transport Journal\",\"isPartOf\":{\"@id\":\"https:\\\/\\\/transportjournal.com\\\/nl\\\/#website\"},\"primaryImageOfPage\":{\"@id\":\"https:\\\/\\\/transportjournal.com\\\/nl\\\/2026\\\/03\\\/16\\\/zborowski-nieuwe-bestuurslid-bij-rohlig-suus\\\/#primaryimage\"},\"image\":{\"@id\":\"https:\\\/\\\/transportjournal.com\\\/nl\\\/2026\\\/03\\\/16\\\/zborowski-nieuwe-bestuurslid-bij-rohlig-suus\\\/#primaryimage\"},\"thumbnailUrl\":\"https:\\\/\\\/transportjournal.com\\\/wp-content\\\/uploads\\\/sites\\\/2\\\/2026\\\/03\\\/Piotr-Zborowski_blog_EN-2-aspect-ratio-1400-788.jpg\",\"datePublished\":\"2026-03-16T09:52:51+00:00\",\"breadcrumb\":{\"@id\":\"https:\\\/\\\/transportjournal.com\\\/nl\\\/2026\\\/03\\\/16\\\/zborowski-nieuwe-bestuurslid-bij-rohlig-suus\\\/#breadcrumb\"},\"inLanguage\":\"nl-NL\",\"potentialAction\":[{\"@type\":\"ReadAction\",\"target\":[\"https:\\\/\\\/transportjournal.com\\\/nl\\\/2026\\\/03\\\/16\\\/zborowski-nieuwe-bestuurslid-bij-rohlig-suus\\\/\"]}]},{\"@type\":\"ImageObject\",\"inLanguage\":\"nl-NL\",\"@id\":\"https:\\\/\\\/transportjournal.com\\\/nl\\\/2026\\\/03\\\/16\\\/zborowski-nieuwe-bestuurslid-bij-rohlig-suus\\\/#primaryimage\",\"url\":\"https:\\\/\\\/transportjournal.com\\\/wp-content\\\/uploads\\\/sites\\\/2\\\/2026\\\/03\\\/Piotr-Zborowski_blog_EN-2-aspect-ratio-1400-788.jpg\",\"contentUrl\":\"https:\\\/\\\/transportjournal.com\\\/wp-content\\\/uploads\\\/sites\\\/2\\\/2026\\\/03\\\/Piotr-Zborowski_blog_EN-2-aspect-ratio-1400-788.jpg\",\"width\":393,\"height\":221},{\"@type\":\"BreadcrumbList\",\"@id\":\"https:\\\/\\\/transportjournal.com\\\/nl\\\/2026\\\/03\\\/16\\\/zborowski-nieuwe-bestuurslid-bij-rohlig-suus\\\/#breadcrumb\",\"itemListElement\":[{\"@type\":\"ListItem\",\"position\":1,\"name\":\"Startseite\",\"item\":\"https:\\\/\\\/transportjournal.com\\\/nl\\\/\"},{\"@type\":\"ListItem\",\"position\":2,\"name\":\"Zborowski nieuwe bestuurslid bij Rohlig SUUS\"}]},{\"@type\":\"WebSite\",\"@id\":\"https:\\\/\\\/transportjournal.com\\\/nl\\\/#website\",\"url\":\"https:\\\/\\\/transportjournal.com\\\/nl\\\/\",\"name\":\"ITJ | International Transport Journal\",\"description\":\"Stay informed with the latest global news from the transport, logistics, and supply chain industries. Transport Journal delivers expert insights, analysis, and updates across shipping, aviation, intermodal, and forwarding.\",\"publisher\":{\"@id\":\"https:\\\/\\\/transportjournal.com\\\/nl\\\/#organization\"},\"potentialAction\":[{\"@type\":\"SearchAction\",\"target\":{\"@type\":\"EntryPoint\",\"urlTemplate\":\"https:\\\/\\\/transportjournal.com\\\/nl\\\/?s={search_term_string}\"},\"query-input\":{\"@type\":\"PropertyValueSpecification\",\"valueRequired\":true,\"valueName\":\"search_term_string\"}}],\"inLanguage\":\"nl-NL\"},{\"@type\":\"Organization\",\"@id\":\"https:\\\/\\\/transportjournal.com\\\/nl\\\/#organization\",\"name\":\"Logismedia Groep AG\",\"alternateName\":\"Logismedia Group AG\",\"url\":\"https:\\\/\\\/transportjournal.com\\\/nl\\\/\",\"logo\":{\"@type\":\"ImageObject\",\"inLanguage\":\"nl-NL\",\"@id\":\"https:\\\/\\\/transportjournal.com\\\/nl\\\/#\\\/schema\\\/logo\\\/image\\\/\",\"url\":\"https:\\\/\\\/transportjournal.com\\\/wp-content\\\/uploads\\\/sites\\\/2\\\/2025\\\/09\\\/Logo_ITJ.png\",\"contentUrl\":\"https:\\\/\\\/transportjournal.com\\\/wp-content\\\/uploads\\\/sites\\\/2\\\/2025\\\/09\\\/Logo_ITJ.png\",\"width\":799,\"height\":326,\"caption\":\"Logismedia Groep AG\"},\"image\":{\"@id\":\"https:\\\/\\\/transportjournal.com\\\/nl\\\/#\\\/schema\\\/logo\\\/image\\\/\"},\"sameAs\":[\"https:\\\/\\\/www.linkedin.com\\\/company\\\/56456496\\\/admin\\\/dashboard\\\/\",\"https:\\\/\\\/www.instagram.com\\\/logismediagroup\\\/\",\"https:\\\/\\\/www.youtube.com\\\/@LogiamediaGroupAG\"]},{\"@type\":\"Person\",\"@id\":\"https:\\\/\\\/transportjournal.com\\\/nl\\\/#\\\/schema\\\/person\\\/cf538b3157f15afd7589245a4b3dbd25\",\"name\":\"Andreas Haug\",\"url\":\"https:\\\/\\\/transportjournal.com\\\/nl\\\/author\\\/andreas\\\/\"}]}<\/script>\n<!-- \/ Yoast SEO plugin. -->","yoast_head_json":{"title":"Zborowski nieuwe bestuurslid bij Rohlig SUUS - ITJ | International Transport Journal","robots":{"index":"index","follow":"follow","max-snippet":"max-snippet:-1","max-image-preview":"max-image-preview:large","max-video-preview":"max-video-preview:-1"},"canonical":"https:\/\/transportjournal.com\/nl\/2026\/03\/16\/zborowski-nieuwe-bestuurslid-bij-rohlig-suus\/","og_locale":"nl_NL","og_type":"article","og_title":"Zborowski nieuwe bestuurslid bij Rohlig SUUS - ITJ | International Transport Journal","og_description":"Rohlig SUUS Logistics heeft Piotr Zborowski in het bestuur benoemd om de effici\u00ebntie en kwaliteit in de contractlogistiek en het nationale wegtransport te verhogen.","og_url":"https:\/\/transportjournal.com\/nl\/2026\/03\/16\/zborowski-nieuwe-bestuurslid-bij-rohlig-suus\/","og_site_name":"ITJ | International Transport Journal","article_published_time":"2026-03-16T09:52:51+00:00","og_image":[{"width":393,"height":221,"url":"https:\/\/transportjournal.com\/wp-content\/uploads\/sites\/2\/2026\/03\/Piotr-Zborowski_blog_EN-2-aspect-ratio-1400-788.jpg","type":"image\/jpeg"}],"author":"Andreas Haug","twitter_card":"summary_large_image","twitter_misc":{"Geschreven door":"Andreas Haug","Geschatte leestijd":"2 minuut"},"schema":{"@context":"https:\/\/schema.org","@graph":[{"@type":"Article","@id":"https:\/\/transportjournal.com\/nl\/2026\/03\/16\/zborowski-nieuwe-bestuurslid-bij-rohlig-suus\/#article","isPartOf":{"@id":"https:\/\/transportjournal.com\/nl\/2026\/03\/16\/zborowski-nieuwe-bestuurslid-bij-rohlig-suus\/"},"author":{"name":"Andreas Haug","@id":"https:\/\/transportjournal.com\/nl\/#\/schema\/person\/cf538b3157f15afd7589245a4b3dbd25"},"headline":"Zborowski nieuwe bestuurslid bij Rohlig SUUS","datePublished":"2026-03-16T09:52:51+00:00","mainEntityOfPage":{"@id":"https:\/\/transportjournal.com\/nl\/2026\/03\/16\/zborowski-nieuwe-bestuurslid-bij-rohlig-suus\/"},"wordCount":380,"commentCount":0,"publisher":{"@id":"https:\/\/transportjournal.com\/nl\/#organization"},"image":{"@id":"https:\/\/transportjournal.com\/nl\/2026\/03\/16\/zborowski-nieuwe-bestuurslid-bij-rohlig-suus\/#primaryimage"},"thumbnailUrl":"https:\/\/transportjournal.com\/wp-content\/uploads\/sites\/2\/2026\/03\/Piotr-Zborowski_blog_EN-2-aspect-ratio-1400-788.jpg","keywords":["air freight","am\u00e9lioration de l'efficacit\u00e9","CEECA-Region","CEVA Logistics","company growth","contract logistics","croissance de l'entreprise","Czech Republic","DB Schenker","Deutsch Rohlig SUUS","Digitalisierung English Rohlig SUUS","digitalization Fran\u00e7ais Rohlig SUUS","DSV","efficiency improvement","Effizienzsteigerung","Frachtf\u00fchrer","freight carriers","fret a\u00e9rien","Hafenbetrieb","intermodal solutions","intermodale L\u00f6sungen","Kontraktlogistik","logistics provider","Logistikdienstleister","logistique contractuelle","Luftfracht","national road transport","nationaler Stra\u00dfentransport","num\u00e9risation","op\u00e9rations portuaires","Piotr Zborowski","port operations","prestataire logistique","rail freight transport","r\u00e9gion CEECA","R\u00e9publique tch\u00e8que","Schieneng\u00fcterverkehr","Slovakia","Slovaquie","Slowakei","solutions de cha\u00eene d'approvisionnement","solutions intermodales","supply chain solutions","transport ferroviaire de marchandises","transport routier national","transporteurs de fret","Tschechien","Unternehmenswachstum","UPS"],"articleSection":["Azi\u00eb\/Stille Oceaan","Europa","Expeditie &amp; Logistiek","Intermodaal \/ Weg","Mensen &amp; Bedrijven"],"inLanguage":"nl-NL","potentialAction":[{"@type":"CommentAction","name":"Comment","target":["https:\/\/transportjournal.com\/nl\/2026\/03\/16\/zborowski-nieuwe-bestuurslid-bij-rohlig-suus\/#respond"]}]},{"@type":"WebPage","@id":"https:\/\/transportjournal.com\/nl\/2026\/03\/16\/zborowski-nieuwe-bestuurslid-bij-rohlig-suus\/","url":"https:\/\/transportjournal.com\/nl\/2026\/03\/16\/zborowski-nieuwe-bestuurslid-bij-rohlig-suus\/","name":"Zborowski nieuwe bestuurslid bij Rohlig SUUS - ITJ | International Transport Journal","isPartOf":{"@id":"https:\/\/transportjournal.com\/nl\/#website"},"primaryImageOfPage":{"@id":"https:\/\/transportjournal.com\/nl\/2026\/03\/16\/zborowski-nieuwe-bestuurslid-bij-rohlig-suus\/#primaryimage"},"image":{"@id":"https:\/\/transportjournal.com\/nl\/2026\/03\/16\/zborowski-nieuwe-bestuurslid-bij-rohlig-suus\/#primaryimage"},"thumbnailUrl":"https:\/\/transportjournal.com\/wp-content\/uploads\/sites\/2\/2026\/03\/Piotr-Zborowski_blog_EN-2-aspect-ratio-1400-788.jpg","datePublished":"2026-03-16T09:52:51+00:00","breadcrumb":{"@id":"https:\/\/transportjournal.com\/nl\/2026\/03\/16\/zborowski-nieuwe-bestuurslid-bij-rohlig-suus\/#breadcrumb"},"inLanguage":"nl-NL","potentialAction":[{"@type":"ReadAction","target":["https:\/\/transportjournal.com\/nl\/2026\/03\/16\/zborowski-nieuwe-bestuurslid-bij-rohlig-suus\/"]}]},{"@type":"ImageObject","inLanguage":"nl-NL","@id":"https:\/\/transportjournal.com\/nl\/2026\/03\/16\/zborowski-nieuwe-bestuurslid-bij-rohlig-suus\/#primaryimage","url":"https:\/\/transportjournal.com\/wp-content\/uploads\/sites\/2\/2026\/03\/Piotr-Zborowski_blog_EN-2-aspect-ratio-1400-788.jpg","contentUrl":"https:\/\/transportjournal.com\/wp-content\/uploads\/sites\/2\/2026\/03\/Piotr-Zborowski_blog_EN-2-aspect-ratio-1400-788.jpg","width":393,"height":221},{"@type":"BreadcrumbList","@id":"https:\/\/transportjournal.com\/nl\/2026\/03\/16\/zborowski-nieuwe-bestuurslid-bij-rohlig-suus\/#breadcrumb","itemListElement":[{"@type":"ListItem","position":1,"name":"Startseite","item":"https:\/\/transportjournal.com\/nl\/"},{"@type":"ListItem","position":2,"name":"Zborowski nieuwe bestuurslid bij Rohlig SUUS"}]},{"@type":"WebSite","@id":"https:\/\/transportjournal.com\/nl\/#website","url":"https:\/\/transportjournal.com\/nl\/","name":"ITJ | International Transport Journal","description":"Stay informed with the latest global news from the transport, logistics, and supply chain industries. Transport Journal delivers expert insights, analysis, and updates across shipping, aviation, intermodal, and forwarding.","publisher":{"@id":"https:\/\/transportjournal.com\/nl\/#organization"},"potentialAction":[{"@type":"SearchAction","target":{"@type":"EntryPoint","urlTemplate":"https:\/\/transportjournal.com\/nl\/?s={search_term_string}"},"query-input":{"@type":"PropertyValueSpecification","valueRequired":true,"valueName":"search_term_string"}}],"inLanguage":"nl-NL"},{"@type":"Organization","@id":"https:\/\/transportjournal.com\/nl\/#organization","name":"Logismedia Groep AG","alternateName":"Logismedia Group AG","url":"https:\/\/transportjournal.com\/nl\/","logo":{"@type":"ImageObject","inLanguage":"nl-NL","@id":"https:\/\/transportjournal.com\/nl\/#\/schema\/logo\/image\/","url":"https:\/\/transportjournal.com\/wp-content\/uploads\/sites\/2\/2025\/09\/Logo_ITJ.png","contentUrl":"https:\/\/transportjournal.com\/wp-content\/uploads\/sites\/2\/2025\/09\/Logo_ITJ.png","width":799,"height":326,"caption":"Logismedia Groep AG"},"image":{"@id":"https:\/\/transportjournal.com\/nl\/#\/schema\/logo\/image\/"},"sameAs":["https:\/\/www.linkedin.com\/company\/56456496\/admin\/dashboard\/","https:\/\/www.instagram.com\/logismediagroup\/","https:\/\/www.youtube.com\/@LogiamediaGroupAG"]},{"@type":"Person","@id":"https:\/\/transportjournal.com\/nl\/#\/schema\/person\/cf538b3157f15afd7589245a4b3dbd25","name":"Andreas Haug","url":"https:\/\/transportjournal.com\/nl\/author\/andreas\/"}]}},"_links":{"self":[{"href":"https:\/\/transportjournal.com\/nl\/wp-json\/wp\/v2\/posts\/80894","targetHints":{"allow":["GET"]}}],"collection":[{"href":"https:\/\/transportjournal.com\/nl\/wp-json\/wp\/v2\/posts"}],"about":[{"href":"https:\/\/transportjournal.com\/nl\/wp-json\/wp\/v2\/types\/post"}],"author":[{"embeddable":true,"href":"https:\/\/transportjournal.com\/nl\/wp-json\/wp\/v2\/users\/12"}],"replies":[{"embeddable":true,"href":"https:\/\/transportjournal.com\/nl\/wp-json\/wp\/v2\/comments?post=80894"}],"version-history":[{"count":0,"href":"https:\/\/transportjournal.com\/nl\/wp-json\/wp\/v2\/posts\/80894\/revisions"}],"wp:featuredmedia":[{"embeddable":true,"href":"https:\/\/transportjournal.com\/nl\/wp-json\/wp\/v2\/media\/80888"}],"wp:attachment":[{"href":"https:\/\/transportjournal.com\/nl\/wp-json\/wp\/v2\/media?parent=80894"}],"wp:term":[{"taxonomy":"category","embeddable":true,"href":"https:\/\/transportjournal.com\/nl\/wp-json\/wp\/v2\/categories?post=80894"},{"taxonomy":"post_tag","embeddable":true,"href":"https:\/\/transportjournal.com\/nl\/wp-json\/wp\/v2\/tags?post=80894"}],"curies":[{"name":"wp","href":"https:\/\/api.w.org\/{rel}","templated":true}]}}