{"id":80855,"date":"2026-03-13T14:42:08","date_gmt":"2026-03-13T14:42:08","guid":{"rendered":"https:\/\/transportjournal.com\/2026\/03\/13\/samenwerking-tussen-maersk-en-east-west-intermodal\/"},"modified":"2026-03-13T16:15:11","modified_gmt":"2026-03-13T15:15:11","slug":"samenwerking-tussen-maersk-en-east-west-intermodal","status":"publish","type":"post","link":"https:\/\/transportjournal.com\/nl\/2026\/03\/13\/samenwerking-tussen-maersk-en-east-west-intermodal\/","title":{"rendered":"Samenwerking tussen Maersk en East-West Intermodal"},"content":{"rendered":"<p>De intermodale logistiek in Oost-Hongarije wordt versterkt door een nieuwe samenwerking tussen East-West Intermodal Logistics Plc. (EWG) en AP Moller \u2013 Maersk, zoals het nieuwsportal Port Technology International onlangs heeft gerapporteerd. Tijdens een ceremonie op de EWG-intermodaalterminal in F\u00e9nyeslitke ondertekenden vertegenwoordigers van beide bedrijven een langdurige overeenkomst voor de introductie van containerdepot- en drooghaven diensten.<\/p>\n<h3>Oprichting van een drooghavenbedrijf<\/h3>\n<p>Met deze overeenkomst is Maersk van plan om een drooghavenbedrijf op de terminal op te zetten. Het concept voorziet, volgens het artikel, in het verplaatsen van bepaalde functies van de zeehavens naar de binnenlandse terminal. Hierdoor moet de faciliteit een onderdeel van het logistieke netwerk van Maersk worden.<\/p>\n<p>De voorbereidingen voor het project begonnen in 2025. In de maanden voorafgaand aan de ondertekening van de overeenkomst werden, volgens Port Technology International, operationele planningen en risicobeoordelingen uitgevoerd om de uitvoering van de drooghaven te waarborgen.<\/p>\n<p><a href=\"https:\/\/www.maersk.com\/\" target=\"_blank\" rel=\"noopener noreferrer\">www.maersk.com<\/a><\/p>\n","protected":false},"excerpt":{"rendered":"<p>De samenwerking tussen East-West Intermodal Logistics Plc. en AP Moller \u2013 Maersk moet de intermodale logistiek in Oost-Hongarije versterken door de oprichting van een drooghaven.<\/p>\n","protected":false},"author":10,"featured_media":80849,"comment_status":"open","ping_status":"","sticky":false,"template":"","format":"standard","meta":{"_acf_changed":false,"footnotes":""},"categories":[1599,1593],"tags":[27163,27164,2207,27165,27166,27167,4019,2695,2696,27168,27169,5443,27170,27171,21401,1889,27172,2909,27173,3682,3683,27174,2912,2914,27175,3330,2133,1831,3335,2919,27176,5454,2717,27177,2925,27178,27179,3602,27180,2929,27181,2148,3345,27182,21421,3295,27183,2237,1857,5460,27184,2839,1837,27185,27186],"class_list":["post-80855","post","type-post","status-publish","format-standard","has-post-thumbnail","hentry","category-europa","category-expeditie-logistiek","tag-accord-a-long-terme","tag-binnenterminal","tag-chaine-dapprovisionnement","tag-container-depot","tag-containerdepot","tag-depot-de-conteneurs","tag-deutsch-maersk","tag-digitalisierung","tag-digitalization","tag-dry-port","tag-dry-port-services-francais-maersk","tag-durabilite","tag-east-west-intermodal","tag-eastern-hungary","tag-evaluations-des-risques","tag-fachkraeftemangel","tag-fenyeslitke","tag-hafenbetrieb","tag-hongrie-orientale","tag-infrastructure","tag-infrastruktur","tag-inland-terminal","tag-intermodal-logistics","tag-intermodale-logistik","tag-langfristige-vereinbarung","tag-logistics-network","tag-logistics-service-providers","tag-logistikdienstleister","tag-logistiknetzwerk","tag-logistique-intermodale","tag-long-term-agreement","tag-nachhaltigkeit","tag-numerisation","tag-operational-planning","tag-operations-portuaires","tag-operative-planungen","tag-ostungarn","tag-penurie-de-competences","tag-planification-operationnelle","tag-port-operations","tag-port-sec","tag-prestataires-de-services-logistiques","tag-reseau-logistique","tag-risikobewertungen","tag-risk-assessments","tag-secteur-du-transport","tag-services-de-port-sec","tag-skills-shortage","tag-supply-chain","tag-sustainability","tag-terminal-interieur","tag-transportation-industry","tag-transportwirtschaft","tag-trockenhafen","tag-trockenhafendienstleistungen-english-maersk"],"acf":[],"yoast_head":"<!-- This site is optimized with the Yoast SEO plugin v27.3 - https:\/\/yoast.com\/product\/yoast-seo-wordpress\/ -->\n<title>Samenwerking tussen Maersk en East-West Intermodal - ITJ | International Transport Journal<\/title>\n<meta name=\"robots\" content=\"index, follow, max-snippet:-1, max-image-preview:large, max-video-preview:-1\" \/>\n<link rel=\"canonical\" href=\"https:\/\/transportjournal.com\/nl\/2026\/03\/13\/samenwerking-tussen-maersk-en-east-west-intermodal\/\" \/>\n<meta property=\"og:locale\" content=\"nl_NL\" \/>\n<meta property=\"og:type\" content=\"article\" \/>\n<meta property=\"og:title\" content=\"Samenwerking tussen Maersk en East-West Intermodal - ITJ | International Transport Journal\" \/>\n<meta property=\"og:description\" content=\"De samenwerking tussen East-West Intermodal Logistics Plc. en AP Moller \u2013 Maersk moet de intermodale logistiek in Oost-Hongarije versterken door de oprichting van een drooghaven.\" \/>\n<meta property=\"og:url\" content=\"https:\/\/transportjournal.com\/nl\/2026\/03\/13\/samenwerking-tussen-maersk-en-east-west-intermodal\/\" \/>\n<meta property=\"og:site_name\" content=\"ITJ | International Transport Journal\" \/>\n<meta property=\"article:published_time\" content=\"2026-03-13T14:42:08+00:00\" \/>\n<meta property=\"article:modified_time\" content=\"2026-03-13T15:15:11+00:00\" \/>\n<meta property=\"og:image\" content=\"https:\/\/transportjournal.com\/wp-content\/uploads\/sites\/2\/2026\/03\/AdobeStock_196131517-1-scaled-aspect-ratio-1400-788.jpeg\" \/>\n\t<meta property=\"og:image:width\" content=\"1802\" \/>\n\t<meta property=\"og:image:height\" content=\"1014\" \/>\n\t<meta property=\"og:image:type\" content=\"image\/jpeg\" \/>\n<meta name=\"author\" content=\"Jeremy Soland\" \/>\n<meta name=\"twitter:card\" content=\"summary_large_image\" \/>\n<meta name=\"twitter:label1\" content=\"Geschreven door\" \/>\n\t<meta name=\"twitter:data1\" content=\"Jeremy Soland\" \/>\n\t<meta name=\"twitter:label2\" content=\"Geschatte leestijd\" \/>\n\t<meta name=\"twitter:data2\" content=\"1 minuut\" \/>\n<script type=\"application\/ld+json\" class=\"yoast-schema-graph\">{\"@context\":\"https:\\\/\\\/schema.org\",\"@graph\":[{\"@type\":\"Article\",\"@id\":\"https:\\\/\\\/transportjournal.com\\\/nl\\\/2026\\\/03\\\/13\\\/samenwerking-tussen-maersk-en-east-west-intermodal\\\/#article\",\"isPartOf\":{\"@id\":\"https:\\\/\\\/transportjournal.com\\\/nl\\\/2026\\\/03\\\/13\\\/samenwerking-tussen-maersk-en-east-west-intermodal\\\/\"},\"author\":{\"name\":\"Jeremy Soland\",\"@id\":\"https:\\\/\\\/transportjournal.com\\\/nl\\\/#\\\/schema\\\/person\\\/41d36b5474b623392fa613e97e2363fa\"},\"headline\":\"Samenwerking tussen Maersk en East-West Intermodal\",\"datePublished\":\"2026-03-13T14:42:08+00:00\",\"dateModified\":\"2026-03-13T15:15:11+00:00\",\"mainEntityOfPage\":{\"@id\":\"https:\\\/\\\/transportjournal.com\\\/nl\\\/2026\\\/03\\\/13\\\/samenwerking-tussen-maersk-en-east-west-intermodal\\\/\"},\"wordCount\":151,\"commentCount\":0,\"publisher\":{\"@id\":\"https:\\\/\\\/transportjournal.com\\\/nl\\\/#organization\"},\"image\":{\"@id\":\"https:\\\/\\\/transportjournal.com\\\/nl\\\/2026\\\/03\\\/13\\\/samenwerking-tussen-maersk-en-east-west-intermodal\\\/#primaryimage\"},\"thumbnailUrl\":\"https:\\\/\\\/transportjournal.com\\\/wp-content\\\/uploads\\\/sites\\\/2\\\/2026\\\/03\\\/AdobeStock_196131517-1-scaled-aspect-ratio-1400-788.jpeg\",\"keywords\":[\"accord \u00e0 long terme\",\"Binnenterminal\",\"cha\u00eene d'approvisionnement\",\"container depot\",\"Containerdepot\",\"d\u00e9p\u00f4t de conteneurs\",\"Deutsch Maersk\",\"Digitalisierung\",\"digitalization\",\"dry port\",\"dry port services Fran\u00e7ais Maersk\",\"durabilit\u00e9\",\"East-West Intermodal\",\"Eastern Hungary\",\"\u00e9valuations des risques\",\"Fachkr\u00e4ftemangel\",\"F\u00e9nyeslitke\",\"Hafenbetrieb\",\"Hongrie orientale\",\"infrastructure\",\"Infrastruktur\",\"inland terminal\",\"intermodal logistics\",\"intermodale Logistik\",\"langfristige Vereinbarung\",\"logistics network\",\"logistics service providers\",\"Logistikdienstleister\",\"Logistiknetzwerk\",\"logistique intermodale\",\"long-term agreement\",\"Nachhaltigkeit\",\"num\u00e9risation\",\"operational planning\",\"op\u00e9rations portuaires\",\"operative Planungen\",\"Ostungarn\",\"p\u00e9nurie de comp\u00e9tences\",\"planification op\u00e9rationnelle\",\"port operations\",\"port sec\",\"prestataires de services logistiques\",\"r\u00e9seau logistique\",\"Risikobewertungen\",\"risk assessments\",\"secteur du transport\",\"services de port sec\",\"skills shortage\",\"Supply Chain\",\"sustainability\",\"terminal int\u00e9rieur\",\"transportation industry\",\"Transportwirtschaft\",\"Trockenhafen\",\"Trockenhafendienstleistungen English Maersk\"],\"articleSection\":[\"Europa\",\"Expeditie &amp; Logistiek\"],\"inLanguage\":\"nl-NL\",\"potentialAction\":[{\"@type\":\"CommentAction\",\"name\":\"Comment\",\"target\":[\"https:\\\/\\\/transportjournal.com\\\/nl\\\/2026\\\/03\\\/13\\\/samenwerking-tussen-maersk-en-east-west-intermodal\\\/#respond\"]}]},{\"@type\":\"WebPage\",\"@id\":\"https:\\\/\\\/transportjournal.com\\\/nl\\\/2026\\\/03\\\/13\\\/samenwerking-tussen-maersk-en-east-west-intermodal\\\/\",\"url\":\"https:\\\/\\\/transportjournal.com\\\/nl\\\/2026\\\/03\\\/13\\\/samenwerking-tussen-maersk-en-east-west-intermodal\\\/\",\"name\":\"Samenwerking tussen Maersk en East-West Intermodal - ITJ | International Transport Journal\",\"isPartOf\":{\"@id\":\"https:\\\/\\\/transportjournal.com\\\/nl\\\/#website\"},\"primaryImageOfPage\":{\"@id\":\"https:\\\/\\\/transportjournal.com\\\/nl\\\/2026\\\/03\\\/13\\\/samenwerking-tussen-maersk-en-east-west-intermodal\\\/#primaryimage\"},\"image\":{\"@id\":\"https:\\\/\\\/transportjournal.com\\\/nl\\\/2026\\\/03\\\/13\\\/samenwerking-tussen-maersk-en-east-west-intermodal\\\/#primaryimage\"},\"thumbnailUrl\":\"https:\\\/\\\/transportjournal.com\\\/wp-content\\\/uploads\\\/sites\\\/2\\\/2026\\\/03\\\/AdobeStock_196131517-1-scaled-aspect-ratio-1400-788.jpeg\",\"datePublished\":\"2026-03-13T14:42:08+00:00\",\"dateModified\":\"2026-03-13T15:15:11+00:00\",\"breadcrumb\":{\"@id\":\"https:\\\/\\\/transportjournal.com\\\/nl\\\/2026\\\/03\\\/13\\\/samenwerking-tussen-maersk-en-east-west-intermodal\\\/#breadcrumb\"},\"inLanguage\":\"nl-NL\",\"potentialAction\":[{\"@type\":\"ReadAction\",\"target\":[\"https:\\\/\\\/transportjournal.com\\\/nl\\\/2026\\\/03\\\/13\\\/samenwerking-tussen-maersk-en-east-west-intermodal\\\/\"]}]},{\"@type\":\"ImageObject\",\"inLanguage\":\"nl-NL\",\"@id\":\"https:\\\/\\\/transportjournal.com\\\/nl\\\/2026\\\/03\\\/13\\\/samenwerking-tussen-maersk-en-east-west-intermodal\\\/#primaryimage\",\"url\":\"https:\\\/\\\/transportjournal.com\\\/wp-content\\\/uploads\\\/sites\\\/2\\\/2026\\\/03\\\/AdobeStock_196131517-1-scaled-aspect-ratio-1400-788.jpeg\",\"contentUrl\":\"https:\\\/\\\/transportjournal.com\\\/wp-content\\\/uploads\\\/sites\\\/2\\\/2026\\\/03\\\/AdobeStock_196131517-1-scaled-aspect-ratio-1400-788.jpeg\",\"width\":1802,\"height\":1014},{\"@type\":\"BreadcrumbList\",\"@id\":\"https:\\\/\\\/transportjournal.com\\\/nl\\\/2026\\\/03\\\/13\\\/samenwerking-tussen-maersk-en-east-west-intermodal\\\/#breadcrumb\",\"itemListElement\":[{\"@type\":\"ListItem\",\"position\":1,\"name\":\"Startseite\",\"item\":\"https:\\\/\\\/transportjournal.com\\\/nl\\\/\"},{\"@type\":\"ListItem\",\"position\":2,\"name\":\"Samenwerking tussen Maersk en East-West Intermodal\"}]},{\"@type\":\"WebSite\",\"@id\":\"https:\\\/\\\/transportjournal.com\\\/nl\\\/#website\",\"url\":\"https:\\\/\\\/transportjournal.com\\\/nl\\\/\",\"name\":\"ITJ | International Transport Journal\",\"description\":\"Stay informed with the latest global news from the transport, logistics, and supply chain industries. Transport Journal delivers expert insights, analysis, and updates across shipping, aviation, intermodal, and forwarding.\",\"publisher\":{\"@id\":\"https:\\\/\\\/transportjournal.com\\\/nl\\\/#organization\"},\"potentialAction\":[{\"@type\":\"SearchAction\",\"target\":{\"@type\":\"EntryPoint\",\"urlTemplate\":\"https:\\\/\\\/transportjournal.com\\\/nl\\\/?s={search_term_string}\"},\"query-input\":{\"@type\":\"PropertyValueSpecification\",\"valueRequired\":true,\"valueName\":\"search_term_string\"}}],\"inLanguage\":\"nl-NL\"},{\"@type\":\"Organization\",\"@id\":\"https:\\\/\\\/transportjournal.com\\\/nl\\\/#organization\",\"name\":\"Logismedia Groep AG\",\"alternateName\":\"Logismedia Group AG\",\"url\":\"https:\\\/\\\/transportjournal.com\\\/nl\\\/\",\"logo\":{\"@type\":\"ImageObject\",\"inLanguage\":\"nl-NL\",\"@id\":\"https:\\\/\\\/transportjournal.com\\\/nl\\\/#\\\/schema\\\/logo\\\/image\\\/\",\"url\":\"https:\\\/\\\/transportjournal.com\\\/wp-content\\\/uploads\\\/sites\\\/2\\\/2025\\\/09\\\/Logo_ITJ.png\",\"contentUrl\":\"https:\\\/\\\/transportjournal.com\\\/wp-content\\\/uploads\\\/sites\\\/2\\\/2025\\\/09\\\/Logo_ITJ.png\",\"width\":799,\"height\":326,\"caption\":\"Logismedia Groep AG\"},\"image\":{\"@id\":\"https:\\\/\\\/transportjournal.com\\\/nl\\\/#\\\/schema\\\/logo\\\/image\\\/\"},\"sameAs\":[\"https:\\\/\\\/www.linkedin.com\\\/company\\\/56456496\\\/admin\\\/dashboard\\\/\",\"https:\\\/\\\/www.instagram.com\\\/logismediagroup\\\/\",\"https:\\\/\\\/www.youtube.com\\\/@LogiamediaGroupAG\"]},{\"@type\":\"Person\",\"@id\":\"https:\\\/\\\/transportjournal.com\\\/nl\\\/#\\\/schema\\\/person\\\/41d36b5474b623392fa613e97e2363fa\",\"name\":\"Jeremy Soland\",\"url\":\"https:\\\/\\\/transportjournal.com\\\/nl\\\/author\\\/jeremy\\\/\"}]}<\/script>\n<!-- \/ Yoast SEO plugin. -->","yoast_head_json":{"title":"Samenwerking tussen Maersk en East-West Intermodal - ITJ | International Transport Journal","robots":{"index":"index","follow":"follow","max-snippet":"max-snippet:-1","max-image-preview":"max-image-preview:large","max-video-preview":"max-video-preview:-1"},"canonical":"https:\/\/transportjournal.com\/nl\/2026\/03\/13\/samenwerking-tussen-maersk-en-east-west-intermodal\/","og_locale":"nl_NL","og_type":"article","og_title":"Samenwerking tussen Maersk en East-West Intermodal - ITJ | International Transport Journal","og_description":"De samenwerking tussen East-West Intermodal Logistics Plc. en AP Moller \u2013 Maersk moet de intermodale logistiek in Oost-Hongarije versterken door de oprichting van een drooghaven.","og_url":"https:\/\/transportjournal.com\/nl\/2026\/03\/13\/samenwerking-tussen-maersk-en-east-west-intermodal\/","og_site_name":"ITJ | International Transport Journal","article_published_time":"2026-03-13T14:42:08+00:00","article_modified_time":"2026-03-13T15:15:11+00:00","og_image":[{"width":1802,"height":1014,"url":"https:\/\/transportjournal.com\/wp-content\/uploads\/sites\/2\/2026\/03\/AdobeStock_196131517-1-scaled-aspect-ratio-1400-788.jpeg","type":"image\/jpeg"}],"author":"Jeremy Soland","twitter_card":"summary_large_image","twitter_misc":{"Geschreven door":"Jeremy Soland","Geschatte leestijd":"1 minuut"},"schema":{"@context":"https:\/\/schema.org","@graph":[{"@type":"Article","@id":"https:\/\/transportjournal.com\/nl\/2026\/03\/13\/samenwerking-tussen-maersk-en-east-west-intermodal\/#article","isPartOf":{"@id":"https:\/\/transportjournal.com\/nl\/2026\/03\/13\/samenwerking-tussen-maersk-en-east-west-intermodal\/"},"author":{"name":"Jeremy Soland","@id":"https:\/\/transportjournal.com\/nl\/#\/schema\/person\/41d36b5474b623392fa613e97e2363fa"},"headline":"Samenwerking tussen Maersk en East-West Intermodal","datePublished":"2026-03-13T14:42:08+00:00","dateModified":"2026-03-13T15:15:11+00:00","mainEntityOfPage":{"@id":"https:\/\/transportjournal.com\/nl\/2026\/03\/13\/samenwerking-tussen-maersk-en-east-west-intermodal\/"},"wordCount":151,"commentCount":0,"publisher":{"@id":"https:\/\/transportjournal.com\/nl\/#organization"},"image":{"@id":"https:\/\/transportjournal.com\/nl\/2026\/03\/13\/samenwerking-tussen-maersk-en-east-west-intermodal\/#primaryimage"},"thumbnailUrl":"https:\/\/transportjournal.com\/wp-content\/uploads\/sites\/2\/2026\/03\/AdobeStock_196131517-1-scaled-aspect-ratio-1400-788.jpeg","keywords":["accord \u00e0 long terme","Binnenterminal","cha\u00eene d'approvisionnement","container depot","Containerdepot","d\u00e9p\u00f4t de conteneurs","Deutsch Maersk","Digitalisierung","digitalization","dry port","dry port services Fran\u00e7ais Maersk","durabilit\u00e9","East-West Intermodal","Eastern Hungary","\u00e9valuations des risques","Fachkr\u00e4ftemangel","F\u00e9nyeslitke","Hafenbetrieb","Hongrie orientale","infrastructure","Infrastruktur","inland terminal","intermodal logistics","intermodale Logistik","langfristige Vereinbarung","logistics network","logistics service providers","Logistikdienstleister","Logistiknetzwerk","logistique intermodale","long-term agreement","Nachhaltigkeit","num\u00e9risation","operational planning","op\u00e9rations portuaires","operative Planungen","Ostungarn","p\u00e9nurie de comp\u00e9tences","planification op\u00e9rationnelle","port operations","port sec","prestataires de services logistiques","r\u00e9seau logistique","Risikobewertungen","risk assessments","secteur du transport","services de port sec","skills shortage","Supply Chain","sustainability","terminal int\u00e9rieur","transportation industry","Transportwirtschaft","Trockenhafen","Trockenhafendienstleistungen English Maersk"],"articleSection":["Europa","Expeditie &amp; Logistiek"],"inLanguage":"nl-NL","potentialAction":[{"@type":"CommentAction","name":"Comment","target":["https:\/\/transportjournal.com\/nl\/2026\/03\/13\/samenwerking-tussen-maersk-en-east-west-intermodal\/#respond"]}]},{"@type":"WebPage","@id":"https:\/\/transportjournal.com\/nl\/2026\/03\/13\/samenwerking-tussen-maersk-en-east-west-intermodal\/","url":"https:\/\/transportjournal.com\/nl\/2026\/03\/13\/samenwerking-tussen-maersk-en-east-west-intermodal\/","name":"Samenwerking tussen Maersk en East-West Intermodal - ITJ | International Transport Journal","isPartOf":{"@id":"https:\/\/transportjournal.com\/nl\/#website"},"primaryImageOfPage":{"@id":"https:\/\/transportjournal.com\/nl\/2026\/03\/13\/samenwerking-tussen-maersk-en-east-west-intermodal\/#primaryimage"},"image":{"@id":"https:\/\/transportjournal.com\/nl\/2026\/03\/13\/samenwerking-tussen-maersk-en-east-west-intermodal\/#primaryimage"},"thumbnailUrl":"https:\/\/transportjournal.com\/wp-content\/uploads\/sites\/2\/2026\/03\/AdobeStock_196131517-1-scaled-aspect-ratio-1400-788.jpeg","datePublished":"2026-03-13T14:42:08+00:00","dateModified":"2026-03-13T15:15:11+00:00","breadcrumb":{"@id":"https:\/\/transportjournal.com\/nl\/2026\/03\/13\/samenwerking-tussen-maersk-en-east-west-intermodal\/#breadcrumb"},"inLanguage":"nl-NL","potentialAction":[{"@type":"ReadAction","target":["https:\/\/transportjournal.com\/nl\/2026\/03\/13\/samenwerking-tussen-maersk-en-east-west-intermodal\/"]}]},{"@type":"ImageObject","inLanguage":"nl-NL","@id":"https:\/\/transportjournal.com\/nl\/2026\/03\/13\/samenwerking-tussen-maersk-en-east-west-intermodal\/#primaryimage","url":"https:\/\/transportjournal.com\/wp-content\/uploads\/sites\/2\/2026\/03\/AdobeStock_196131517-1-scaled-aspect-ratio-1400-788.jpeg","contentUrl":"https:\/\/transportjournal.com\/wp-content\/uploads\/sites\/2\/2026\/03\/AdobeStock_196131517-1-scaled-aspect-ratio-1400-788.jpeg","width":1802,"height":1014},{"@type":"BreadcrumbList","@id":"https:\/\/transportjournal.com\/nl\/2026\/03\/13\/samenwerking-tussen-maersk-en-east-west-intermodal\/#breadcrumb","itemListElement":[{"@type":"ListItem","position":1,"name":"Startseite","item":"https:\/\/transportjournal.com\/nl\/"},{"@type":"ListItem","position":2,"name":"Samenwerking tussen Maersk en East-West Intermodal"}]},{"@type":"WebSite","@id":"https:\/\/transportjournal.com\/nl\/#website","url":"https:\/\/transportjournal.com\/nl\/","name":"ITJ | International Transport Journal","description":"Stay informed with the latest global news from the transport, logistics, and supply chain industries. Transport Journal delivers expert insights, analysis, and updates across shipping, aviation, intermodal, and forwarding.","publisher":{"@id":"https:\/\/transportjournal.com\/nl\/#organization"},"potentialAction":[{"@type":"SearchAction","target":{"@type":"EntryPoint","urlTemplate":"https:\/\/transportjournal.com\/nl\/?s={search_term_string}"},"query-input":{"@type":"PropertyValueSpecification","valueRequired":true,"valueName":"search_term_string"}}],"inLanguage":"nl-NL"},{"@type":"Organization","@id":"https:\/\/transportjournal.com\/nl\/#organization","name":"Logismedia Groep AG","alternateName":"Logismedia Group AG","url":"https:\/\/transportjournal.com\/nl\/","logo":{"@type":"ImageObject","inLanguage":"nl-NL","@id":"https:\/\/transportjournal.com\/nl\/#\/schema\/logo\/image\/","url":"https:\/\/transportjournal.com\/wp-content\/uploads\/sites\/2\/2025\/09\/Logo_ITJ.png","contentUrl":"https:\/\/transportjournal.com\/wp-content\/uploads\/sites\/2\/2025\/09\/Logo_ITJ.png","width":799,"height":326,"caption":"Logismedia Groep AG"},"image":{"@id":"https:\/\/transportjournal.com\/nl\/#\/schema\/logo\/image\/"},"sameAs":["https:\/\/www.linkedin.com\/company\/56456496\/admin\/dashboard\/","https:\/\/www.instagram.com\/logismediagroup\/","https:\/\/www.youtube.com\/@LogiamediaGroupAG"]},{"@type":"Person","@id":"https:\/\/transportjournal.com\/nl\/#\/schema\/person\/41d36b5474b623392fa613e97e2363fa","name":"Jeremy Soland","url":"https:\/\/transportjournal.com\/nl\/author\/jeremy\/"}]}},"_links":{"self":[{"href":"https:\/\/transportjournal.com\/nl\/wp-json\/wp\/v2\/posts\/80855","targetHints":{"allow":["GET"]}}],"collection":[{"href":"https:\/\/transportjournal.com\/nl\/wp-json\/wp\/v2\/posts"}],"about":[{"href":"https:\/\/transportjournal.com\/nl\/wp-json\/wp\/v2\/types\/post"}],"author":[{"embeddable":true,"href":"https:\/\/transportjournal.com\/nl\/wp-json\/wp\/v2\/users\/10"}],"replies":[{"embeddable":true,"href":"https:\/\/transportjournal.com\/nl\/wp-json\/wp\/v2\/comments?post=80855"}],"version-history":[{"count":1,"href":"https:\/\/transportjournal.com\/nl\/wp-json\/wp\/v2\/posts\/80855\/revisions"}],"predecessor-version":[{"id":80862,"href":"https:\/\/transportjournal.com\/nl\/wp-json\/wp\/v2\/posts\/80855\/revisions\/80862"}],"wp:featuredmedia":[{"embeddable":true,"href":"https:\/\/transportjournal.com\/nl\/wp-json\/wp\/v2\/media\/80849"}],"wp:attachment":[{"href":"https:\/\/transportjournal.com\/nl\/wp-json\/wp\/v2\/media?parent=80855"}],"wp:term":[{"taxonomy":"category","embeddable":true,"href":"https:\/\/transportjournal.com\/nl\/wp-json\/wp\/v2\/categories?post=80855"},{"taxonomy":"post_tag","embeddable":true,"href":"https:\/\/transportjournal.com\/nl\/wp-json\/wp\/v2\/tags?post=80855"}],"curies":[{"name":"wp","href":"https:\/\/api.w.org\/{rel}","templated":true}]}}