{"id":80832,"date":"2026-03-13T13:31:44","date_gmt":"2026-03-13T13:31:44","guid":{"rendered":"https:\/\/transportjournal.com\/2026\/03\/13\/ethiopian-cargo-geintegreerd-in-freightos\/"},"modified":"2026-03-13T15:20:17","modified_gmt":"2026-03-13T14:20:17","slug":"ethiopian-cargo-geintegreerd-in-freightos","status":"publish","type":"post","link":"https:\/\/transportjournal.com\/nl\/2026\/03\/13\/ethiopian-cargo-geintegreerd-in-freightos\/","title":{"rendered":"Ethiopian Cargo ge\u00efntegreerd in Freightos"},"content":{"rendered":"<p>Ethiopian Cargo, de grootste luchtvrachtaanbieder van Afrika, wordt eind maart ge\u00efntegreerd in het boekingsplatform van Freightos. De integratie omvat digitale tarieven, offertes en eBooking, evenals WebCargo Pay voor snelle digitale betalingen en interlining-functies.<\/p>\n<p>Ethiopian Cargo bedient meer dan 145 bestemmingen wereldwijd en maakt gebruik van een combinatie van eigen vrachtvliegtuigen en de vrachtcapaciteit van passagiersvliegtuigen. Het WebCargo-platform van Freightos stelt expediteurs in staat om luchtcapaciteiten in enkele seconden te zoeken, te quoteren en te boeken, wat de reactietijden op klantvragen aanzienlijk verkort. Door de directe integratie met toonaangevende tools voor het beheer van lucht- en zeevrachtprijzen kunnen expediteurs sneller reageren op marktveranderingen.<\/p>\n<h3>Groei van de Afrikaanse luchtvrachtmarkt<\/h3>\n<p>De Afrikaanse luchtvrachtmarkt groeit sneller dan het wereldwijde gemiddelde, toch wordt een aanzienlijk deel van de boekingen in de regio afgehandeld door niet-Afrikaanse luchtvaartmaatschappijen. De opname van Ethiopian Airlines in het WebCargo-platform van Freightos breidt het digitale aanbod van een van de toonaangevende luchtvaartmaatschappijen van het continent uit en verbetert de verbinding binnen Afrika. Expediteurs kunnen nu capaciteiten boeken naar belangrijke bestemmingen zoals Europa, de VS, China, India, Kenia en Zuid-Afrika, wat de verbindingen tussen de wereldmarkten en het uitgebreide intra-Afrikaanse netwerk van Ethiopian Cargo versterkt.<\/p>\n<p>Pablo Pinillos, CFO en interim-CEO van Freightos, sprak zich uit over de veranderingen in de wereldhandel: \u201eToegang tot snelheid en betrouwbaarheid is cruciaal geworden, aangezien capaciteiten, routes en kosten voortdurend veranderen. Met Ethiopian Cargo op ons platform kunnen expediteurs praktische tools gebruiken om vracht effici\u00ebnt te verplaatsen.\u201c<\/p>\n<h3>Digitale transformatie bij Ethiopian Cargo<\/h3>\n<p>Dereje Derero, algemeen directeur van Ethiopian Cargo &amp; Logistics Services, benadrukte het belang van digitale transformatie voor de groei van het bedrijf. \u201eWe integreren verschillende boekings- en betalingsoplossingen in onze diensten om onze klanten meer effici\u00ebntie te bieden. Door de samenwerking met Freightos verbeteren we onze vrachtservices voor klanten wereldwijd door digitale tarieven, offertes en eBooking-oplossingen aan te bieden.\u201c<\/p>\n<p>De integratie van Ethiopian Cargo in het Freightos-platform zal naar verwachting de effici\u00ebntie en flexibiliteit in het luchtvrachtverkeer verhogen en de positie van het bedrijf als toonaangevende vrachtaanbieder op het continent verder versterken. Expediteurs die Ethiopian Cargo via Freightos willen boeken, kunnen zich registreren op het platform en gebruikmaken van de nieuwe functies.<\/p>\n<p>&nbsp;<\/p>\n<p><a href=\"https:\/\/cargo.ethiopianairlines.com\/\" target=\"_blank\" rel=\"noopener noreferrer\">www.cargo.ethiopianairlines.com<\/a><\/p>\n<p>&nbsp;<\/p>\n<p><a href=\"https:\/\/www.freightos.com\/\" target=\"_blank\" rel=\"noopener noreferrer\">www.freightos.com<\/a><\/p>\n<p>&nbsp;<\/p>\n","protected":false},"excerpt":{"rendered":"<p>Ethiopian Cargo wordt aan het einde van de maand ge\u00efntegreerd in het Freightos-boekingplatform om digitale tarieven en eBooking aan te bieden voor een effici\u00ebntere luchtvrachtafhandeling.<\/p>\n","protected":false},"author":12,"featured_media":80826,"comment_status":"open","ping_status":"","sticky":false,"template":"","format":"standard","meta":{"_acf_changed":false,"footnotes":""},"categories":[1601,1602,1598,1599,1594],"tags":[27095,27096,27097,27098,27099,5507,27100,3402,27101,27102,27103,27104,2653,27105,1887,27106,27107,27108,27109,27110,27111,2032,27112,27113,27114,27115,27116,22502,27117,27118,27119,27120,27121,27122,27123,27124,27125,27126,27127,27128,27129,27130,27131,27132,2684,27133,27134],"class_list":["post-80832","post","type-post","status-publish","format-standard","has-post-thumbnail","hentry","category-afrika","category-amerika","category-azie-stille-oceaan","category-europa","category-luchtvracht","tag-africa-air-freight","tag-afrika-luftfracht","tag-air-and-sea-freight-rates","tag-air-freight-market-growth","tag-air-freight-provider-africa","tag-avions-cargo","tag-capacity-booking-africa","tag-cargo-aircraft","tag-connectivite-des-marches-mondiaux","tag-croissance-du-marche-du-fret-aerien","tag-deutsch-ethiopian-cargo","tag-digital-air-freight-rates","tag-digital-transformation-logistics","tag-digitale-tarife-luftfracht","tag-digitale-transformation-logistik","tag-ebooking-loesungen","tag-ebooking-solutions","tag-efficient-cargo-movement-francais-ethiopian-cargo","tag-effiziente-frachtbewegung-english-ethiopian-cargo","tag-fonctionnalites-dinterlining","tag-fournisseur-de-fret-aerien-afrique","tag-frachtflugzeuge","tag-frachtservices-digitalisierung","tag-freight-forwarders-africa","tag-freight-services-digitization","tag-freightos-booking-platform","tag-freightos-buchungsplattform","tag-fret-aerien-afrique","tag-global-market-connectivity","tag-globale-maerkte-anbindung","tag-interlining-features","tag-interlining-funktionen","tag-kapazitaeten-buchen-afrika","tag-luft-und-seefrachtpreise","tag-luftfrachtanbieter-afrika","tag-luftfrachtmarkt-wachstum","tag-mouvement-efficace-des-cargaisons","tag-numerisation-des-services-de-fret","tag-plateforme-de-reservation-freightos","tag-reservation-de-capacites-afrique","tag-solutions-ebooking","tag-spediteure-afrika","tag-tarifs-aeriens-numeriques","tag-tarifs-fret-aerien-et-maritime","tag-transformation-numerique-logistique","tag-transitaires-afrique","tag-webcargo-pay"],"acf":[],"yoast_head":"<!-- This site is optimized with the Yoast SEO plugin v27.3 - https:\/\/yoast.com\/product\/yoast-seo-wordpress\/ -->\n<title>Ethiopian Cargo ge\u00efntegreerd in Freightos - ITJ | International Transport Journal<\/title>\n<meta name=\"robots\" content=\"index, follow, max-snippet:-1, max-image-preview:large, max-video-preview:-1\" \/>\n<link rel=\"canonical\" href=\"https:\/\/transportjournal.com\/nl\/2026\/03\/13\/ethiopian-cargo-geintegreerd-in-freightos\/\" \/>\n<meta property=\"og:locale\" content=\"nl_NL\" \/>\n<meta property=\"og:type\" content=\"article\" \/>\n<meta property=\"og:title\" content=\"Ethiopian Cargo ge\u00efntegreerd in Freightos - ITJ | International Transport Journal\" \/>\n<meta property=\"og:description\" content=\"Ethiopian Cargo wordt aan het einde van de maand ge\u00efntegreerd in het Freightos-boekingplatform om digitale tarieven en eBooking aan te bieden voor een effici\u00ebntere luchtvrachtafhandeling.\" \/>\n<meta property=\"og:url\" content=\"https:\/\/transportjournal.com\/nl\/2026\/03\/13\/ethiopian-cargo-geintegreerd-in-freightos\/\" \/>\n<meta property=\"og:site_name\" content=\"ITJ | International Transport Journal\" \/>\n<meta property=\"article:published_time\" content=\"2026-03-13T13:31:44+00:00\" \/>\n<meta property=\"article:modified_time\" content=\"2026-03-13T14:20:17+00:00\" \/>\n<meta property=\"og:image\" content=\"https:\/\/transportjournal.com\/wp-content\/uploads\/sites\/2\/2026\/03\/Ethiopian-Cargo-1755868894884-aspect-ratio-1400-788.jpg\" \/>\n\t<meta property=\"og:image:width\" content=\"1920\" \/>\n\t<meta property=\"og:image:height\" content=\"1081\" \/>\n\t<meta property=\"og:image:type\" content=\"image\/jpeg\" \/>\n<meta name=\"author\" content=\"Andreas Haug\" \/>\n<meta name=\"twitter:card\" content=\"summary_large_image\" \/>\n<meta name=\"twitter:label1\" content=\"Geschreven door\" \/>\n\t<meta name=\"twitter:data1\" content=\"Andreas Haug\" \/>\n\t<meta name=\"twitter:label2\" content=\"Geschatte leestijd\" \/>\n\t<meta name=\"twitter:data2\" content=\"2 minuut\" \/>\n<script type=\"application\/ld+json\" class=\"yoast-schema-graph\">{\"@context\":\"https:\\\/\\\/schema.org\",\"@graph\":[{\"@type\":\"Article\",\"@id\":\"https:\\\/\\\/transportjournal.com\\\/nl\\\/2026\\\/03\\\/13\\\/ethiopian-cargo-geintegreerd-in-freightos\\\/#article\",\"isPartOf\":{\"@id\":\"https:\\\/\\\/transportjournal.com\\\/nl\\\/2026\\\/03\\\/13\\\/ethiopian-cargo-geintegreerd-in-freightos\\\/\"},\"author\":{\"name\":\"Andreas Haug\",\"@id\":\"https:\\\/\\\/transportjournal.com\\\/nl\\\/#\\\/schema\\\/person\\\/cf538b3157f15afd7589245a4b3dbd25\"},\"headline\":\"Ethiopian Cargo ge\u00efntegreerd in Freightos\",\"datePublished\":\"2026-03-13T13:31:44+00:00\",\"dateModified\":\"2026-03-13T14:20:17+00:00\",\"mainEntityOfPage\":{\"@id\":\"https:\\\/\\\/transportjournal.com\\\/nl\\\/2026\\\/03\\\/13\\\/ethiopian-cargo-geintegreerd-in-freightos\\\/\"},\"wordCount\":376,\"commentCount\":0,\"publisher\":{\"@id\":\"https:\\\/\\\/transportjournal.com\\\/nl\\\/#organization\"},\"image\":{\"@id\":\"https:\\\/\\\/transportjournal.com\\\/nl\\\/2026\\\/03\\\/13\\\/ethiopian-cargo-geintegreerd-in-freightos\\\/#primaryimage\"},\"thumbnailUrl\":\"https:\\\/\\\/transportjournal.com\\\/wp-content\\\/uploads\\\/sites\\\/2\\\/2026\\\/03\\\/Ethiopian-Cargo-1755868894884-aspect-ratio-1400-788.jpg\",\"keywords\":[\"Africa air freight\",\"Afrika Luftfracht\",\"air and sea freight rates\",\"air freight market growth\",\"air freight provider Africa\",\"avions cargo\",\"capacity booking Africa\",\"cargo aircraft\",\"connectivit\u00e9 des march\u00e9s mondiaux\",\"croissance du march\u00e9 du fret a\u00e9rien\",\"Deutsch Ethiopian Cargo\",\"digital air freight rates\",\"digital transformation logistics\",\"digitale Tarife Luftfracht\",\"digitale Transformation Logistik\",\"eBooking L\u00f6sungen\",\"eBooking solutions\",\"efficient cargo movement Fran\u00e7ais Ethiopian Cargo\",\"effiziente Frachtbewegung English Ethiopian Cargo\",\"fonctionnalit\u00e9s d'interlining\",\"fournisseur de fret a\u00e9rien Afrique\",\"Frachtflugzeuge\",\"Frachtservices Digitalisierung\",\"freight forwarders Africa\",\"freight services digitization\",\"Freightos booking platform\",\"Freightos Buchungsplattform\",\"fret a\u00e9rien Afrique\",\"global market connectivity\",\"globale M\u00e4rkte Anbindung\",\"interlining features\",\"Interlining Funktionen\",\"Kapazit\u00e4ten buchen Afrika\",\"Luft- und Seefrachtpreise\",\"Luftfrachtanbieter Afrika\",\"Luftfrachtmarkt Wachstum\",\"mouvement efficace des cargaisons\",\"num\u00e9risation des services de fret\",\"plateforme de r\u00e9servation Freightos\",\"r\u00e9servation de capacit\u00e9s Afrique\",\"solutions eBooking\",\"Spediteure Afrika\",\"tarifs a\u00e9riens num\u00e9riques\",\"tarifs fret a\u00e9rien et maritime\",\"transformation num\u00e9rique logistique\",\"transitaires Afrique\",\"WebCargo Pay\"],\"articleSection\":[\"Afrika\",\"Amerika\",\"Azi\u00eb\\\/Stille Oceaan\",\"Europa\",\"Luchtvracht\"],\"inLanguage\":\"nl-NL\",\"potentialAction\":[{\"@type\":\"CommentAction\",\"name\":\"Comment\",\"target\":[\"https:\\\/\\\/transportjournal.com\\\/nl\\\/2026\\\/03\\\/13\\\/ethiopian-cargo-geintegreerd-in-freightos\\\/#respond\"]}]},{\"@type\":\"WebPage\",\"@id\":\"https:\\\/\\\/transportjournal.com\\\/nl\\\/2026\\\/03\\\/13\\\/ethiopian-cargo-geintegreerd-in-freightos\\\/\",\"url\":\"https:\\\/\\\/transportjournal.com\\\/nl\\\/2026\\\/03\\\/13\\\/ethiopian-cargo-geintegreerd-in-freightos\\\/\",\"name\":\"Ethiopian Cargo ge\u00efntegreerd in Freightos - ITJ | International Transport Journal\",\"isPartOf\":{\"@id\":\"https:\\\/\\\/transportjournal.com\\\/nl\\\/#website\"},\"primaryImageOfPage\":{\"@id\":\"https:\\\/\\\/transportjournal.com\\\/nl\\\/2026\\\/03\\\/13\\\/ethiopian-cargo-geintegreerd-in-freightos\\\/#primaryimage\"},\"image\":{\"@id\":\"https:\\\/\\\/transportjournal.com\\\/nl\\\/2026\\\/03\\\/13\\\/ethiopian-cargo-geintegreerd-in-freightos\\\/#primaryimage\"},\"thumbnailUrl\":\"https:\\\/\\\/transportjournal.com\\\/wp-content\\\/uploads\\\/sites\\\/2\\\/2026\\\/03\\\/Ethiopian-Cargo-1755868894884-aspect-ratio-1400-788.jpg\",\"datePublished\":\"2026-03-13T13:31:44+00:00\",\"dateModified\":\"2026-03-13T14:20:17+00:00\",\"breadcrumb\":{\"@id\":\"https:\\\/\\\/transportjournal.com\\\/nl\\\/2026\\\/03\\\/13\\\/ethiopian-cargo-geintegreerd-in-freightos\\\/#breadcrumb\"},\"inLanguage\":\"nl-NL\",\"potentialAction\":[{\"@type\":\"ReadAction\",\"target\":[\"https:\\\/\\\/transportjournal.com\\\/nl\\\/2026\\\/03\\\/13\\\/ethiopian-cargo-geintegreerd-in-freightos\\\/\"]}]},{\"@type\":\"ImageObject\",\"inLanguage\":\"nl-NL\",\"@id\":\"https:\\\/\\\/transportjournal.com\\\/nl\\\/2026\\\/03\\\/13\\\/ethiopian-cargo-geintegreerd-in-freightos\\\/#primaryimage\",\"url\":\"https:\\\/\\\/transportjournal.com\\\/wp-content\\\/uploads\\\/sites\\\/2\\\/2026\\\/03\\\/Ethiopian-Cargo-1755868894884-aspect-ratio-1400-788.jpg\",\"contentUrl\":\"https:\\\/\\\/transportjournal.com\\\/wp-content\\\/uploads\\\/sites\\\/2\\\/2026\\\/03\\\/Ethiopian-Cargo-1755868894884-aspect-ratio-1400-788.jpg\",\"width\":1920,\"height\":1081},{\"@type\":\"BreadcrumbList\",\"@id\":\"https:\\\/\\\/transportjournal.com\\\/nl\\\/2026\\\/03\\\/13\\\/ethiopian-cargo-geintegreerd-in-freightos\\\/#breadcrumb\",\"itemListElement\":[{\"@type\":\"ListItem\",\"position\":1,\"name\":\"Startseite\",\"item\":\"https:\\\/\\\/transportjournal.com\\\/nl\\\/\"},{\"@type\":\"ListItem\",\"position\":2,\"name\":\"Ethiopian Cargo ge\u00efntegreerd in Freightos\"}]},{\"@type\":\"WebSite\",\"@id\":\"https:\\\/\\\/transportjournal.com\\\/nl\\\/#website\",\"url\":\"https:\\\/\\\/transportjournal.com\\\/nl\\\/\",\"name\":\"ITJ | International Transport Journal\",\"description\":\"Stay informed with the latest global news from the transport, logistics, and supply chain industries. Transport Journal delivers expert insights, analysis, and updates across shipping, aviation, intermodal, and forwarding.\",\"publisher\":{\"@id\":\"https:\\\/\\\/transportjournal.com\\\/nl\\\/#organization\"},\"potentialAction\":[{\"@type\":\"SearchAction\",\"target\":{\"@type\":\"EntryPoint\",\"urlTemplate\":\"https:\\\/\\\/transportjournal.com\\\/nl\\\/?s={search_term_string}\"},\"query-input\":{\"@type\":\"PropertyValueSpecification\",\"valueRequired\":true,\"valueName\":\"search_term_string\"}}],\"inLanguage\":\"nl-NL\"},{\"@type\":\"Organization\",\"@id\":\"https:\\\/\\\/transportjournal.com\\\/nl\\\/#organization\",\"name\":\"Logismedia Groep AG\",\"alternateName\":\"Logismedia Group AG\",\"url\":\"https:\\\/\\\/transportjournal.com\\\/nl\\\/\",\"logo\":{\"@type\":\"ImageObject\",\"inLanguage\":\"nl-NL\",\"@id\":\"https:\\\/\\\/transportjournal.com\\\/nl\\\/#\\\/schema\\\/logo\\\/image\\\/\",\"url\":\"https:\\\/\\\/transportjournal.com\\\/wp-content\\\/uploads\\\/sites\\\/2\\\/2025\\\/09\\\/Logo_ITJ.png\",\"contentUrl\":\"https:\\\/\\\/transportjournal.com\\\/wp-content\\\/uploads\\\/sites\\\/2\\\/2025\\\/09\\\/Logo_ITJ.png\",\"width\":799,\"height\":326,\"caption\":\"Logismedia Groep AG\"},\"image\":{\"@id\":\"https:\\\/\\\/transportjournal.com\\\/nl\\\/#\\\/schema\\\/logo\\\/image\\\/\"},\"sameAs\":[\"https:\\\/\\\/www.linkedin.com\\\/company\\\/56456496\\\/admin\\\/dashboard\\\/\",\"https:\\\/\\\/www.instagram.com\\\/logismediagroup\\\/\",\"https:\\\/\\\/www.youtube.com\\\/@LogiamediaGroupAG\"]},{\"@type\":\"Person\",\"@id\":\"https:\\\/\\\/transportjournal.com\\\/nl\\\/#\\\/schema\\\/person\\\/cf538b3157f15afd7589245a4b3dbd25\",\"name\":\"Andreas Haug\",\"url\":\"https:\\\/\\\/transportjournal.com\\\/nl\\\/author\\\/andreas\\\/\"}]}<\/script>\n<!-- \/ Yoast SEO plugin. -->","yoast_head_json":{"title":"Ethiopian Cargo ge\u00efntegreerd in Freightos - ITJ | International Transport Journal","robots":{"index":"index","follow":"follow","max-snippet":"max-snippet:-1","max-image-preview":"max-image-preview:large","max-video-preview":"max-video-preview:-1"},"canonical":"https:\/\/transportjournal.com\/nl\/2026\/03\/13\/ethiopian-cargo-geintegreerd-in-freightos\/","og_locale":"nl_NL","og_type":"article","og_title":"Ethiopian Cargo ge\u00efntegreerd in Freightos - ITJ | International Transport Journal","og_description":"Ethiopian Cargo wordt aan het einde van de maand ge\u00efntegreerd in het Freightos-boekingplatform om digitale tarieven en eBooking aan te bieden voor een effici\u00ebntere luchtvrachtafhandeling.","og_url":"https:\/\/transportjournal.com\/nl\/2026\/03\/13\/ethiopian-cargo-geintegreerd-in-freightos\/","og_site_name":"ITJ | International Transport Journal","article_published_time":"2026-03-13T13:31:44+00:00","article_modified_time":"2026-03-13T14:20:17+00:00","og_image":[{"width":1920,"height":1081,"url":"https:\/\/transportjournal.com\/wp-content\/uploads\/sites\/2\/2026\/03\/Ethiopian-Cargo-1755868894884-aspect-ratio-1400-788.jpg","type":"image\/jpeg"}],"author":"Andreas Haug","twitter_card":"summary_large_image","twitter_misc":{"Geschreven door":"Andreas Haug","Geschatte leestijd":"2 minuut"},"schema":{"@context":"https:\/\/schema.org","@graph":[{"@type":"Article","@id":"https:\/\/transportjournal.com\/nl\/2026\/03\/13\/ethiopian-cargo-geintegreerd-in-freightos\/#article","isPartOf":{"@id":"https:\/\/transportjournal.com\/nl\/2026\/03\/13\/ethiopian-cargo-geintegreerd-in-freightos\/"},"author":{"name":"Andreas Haug","@id":"https:\/\/transportjournal.com\/nl\/#\/schema\/person\/cf538b3157f15afd7589245a4b3dbd25"},"headline":"Ethiopian Cargo ge\u00efntegreerd in Freightos","datePublished":"2026-03-13T13:31:44+00:00","dateModified":"2026-03-13T14:20:17+00:00","mainEntityOfPage":{"@id":"https:\/\/transportjournal.com\/nl\/2026\/03\/13\/ethiopian-cargo-geintegreerd-in-freightos\/"},"wordCount":376,"commentCount":0,"publisher":{"@id":"https:\/\/transportjournal.com\/nl\/#organization"},"image":{"@id":"https:\/\/transportjournal.com\/nl\/2026\/03\/13\/ethiopian-cargo-geintegreerd-in-freightos\/#primaryimage"},"thumbnailUrl":"https:\/\/transportjournal.com\/wp-content\/uploads\/sites\/2\/2026\/03\/Ethiopian-Cargo-1755868894884-aspect-ratio-1400-788.jpg","keywords":["Africa air freight","Afrika Luftfracht","air and sea freight rates","air freight market growth","air freight provider Africa","avions cargo","capacity booking Africa","cargo aircraft","connectivit\u00e9 des march\u00e9s mondiaux","croissance du march\u00e9 du fret a\u00e9rien","Deutsch Ethiopian Cargo","digital air freight rates","digital transformation logistics","digitale Tarife Luftfracht","digitale Transformation Logistik","eBooking L\u00f6sungen","eBooking solutions","efficient cargo movement Fran\u00e7ais Ethiopian Cargo","effiziente Frachtbewegung English Ethiopian Cargo","fonctionnalit\u00e9s d'interlining","fournisseur de fret a\u00e9rien Afrique","Frachtflugzeuge","Frachtservices Digitalisierung","freight forwarders Africa","freight services digitization","Freightos booking platform","Freightos Buchungsplattform","fret a\u00e9rien Afrique","global market connectivity","globale M\u00e4rkte Anbindung","interlining features","Interlining Funktionen","Kapazit\u00e4ten buchen Afrika","Luft- und Seefrachtpreise","Luftfrachtanbieter Afrika","Luftfrachtmarkt Wachstum","mouvement efficace des cargaisons","num\u00e9risation des services de fret","plateforme de r\u00e9servation Freightos","r\u00e9servation de capacit\u00e9s Afrique","solutions eBooking","Spediteure Afrika","tarifs a\u00e9riens num\u00e9riques","tarifs fret a\u00e9rien et maritime","transformation num\u00e9rique logistique","transitaires Afrique","WebCargo Pay"],"articleSection":["Afrika","Amerika","Azi\u00eb\/Stille Oceaan","Europa","Luchtvracht"],"inLanguage":"nl-NL","potentialAction":[{"@type":"CommentAction","name":"Comment","target":["https:\/\/transportjournal.com\/nl\/2026\/03\/13\/ethiopian-cargo-geintegreerd-in-freightos\/#respond"]}]},{"@type":"WebPage","@id":"https:\/\/transportjournal.com\/nl\/2026\/03\/13\/ethiopian-cargo-geintegreerd-in-freightos\/","url":"https:\/\/transportjournal.com\/nl\/2026\/03\/13\/ethiopian-cargo-geintegreerd-in-freightos\/","name":"Ethiopian Cargo ge\u00efntegreerd in Freightos - ITJ | International Transport Journal","isPartOf":{"@id":"https:\/\/transportjournal.com\/nl\/#website"},"primaryImageOfPage":{"@id":"https:\/\/transportjournal.com\/nl\/2026\/03\/13\/ethiopian-cargo-geintegreerd-in-freightos\/#primaryimage"},"image":{"@id":"https:\/\/transportjournal.com\/nl\/2026\/03\/13\/ethiopian-cargo-geintegreerd-in-freightos\/#primaryimage"},"thumbnailUrl":"https:\/\/transportjournal.com\/wp-content\/uploads\/sites\/2\/2026\/03\/Ethiopian-Cargo-1755868894884-aspect-ratio-1400-788.jpg","datePublished":"2026-03-13T13:31:44+00:00","dateModified":"2026-03-13T14:20:17+00:00","breadcrumb":{"@id":"https:\/\/transportjournal.com\/nl\/2026\/03\/13\/ethiopian-cargo-geintegreerd-in-freightos\/#breadcrumb"},"inLanguage":"nl-NL","potentialAction":[{"@type":"ReadAction","target":["https:\/\/transportjournal.com\/nl\/2026\/03\/13\/ethiopian-cargo-geintegreerd-in-freightos\/"]}]},{"@type":"ImageObject","inLanguage":"nl-NL","@id":"https:\/\/transportjournal.com\/nl\/2026\/03\/13\/ethiopian-cargo-geintegreerd-in-freightos\/#primaryimage","url":"https:\/\/transportjournal.com\/wp-content\/uploads\/sites\/2\/2026\/03\/Ethiopian-Cargo-1755868894884-aspect-ratio-1400-788.jpg","contentUrl":"https:\/\/transportjournal.com\/wp-content\/uploads\/sites\/2\/2026\/03\/Ethiopian-Cargo-1755868894884-aspect-ratio-1400-788.jpg","width":1920,"height":1081},{"@type":"BreadcrumbList","@id":"https:\/\/transportjournal.com\/nl\/2026\/03\/13\/ethiopian-cargo-geintegreerd-in-freightos\/#breadcrumb","itemListElement":[{"@type":"ListItem","position":1,"name":"Startseite","item":"https:\/\/transportjournal.com\/nl\/"},{"@type":"ListItem","position":2,"name":"Ethiopian Cargo ge\u00efntegreerd in Freightos"}]},{"@type":"WebSite","@id":"https:\/\/transportjournal.com\/nl\/#website","url":"https:\/\/transportjournal.com\/nl\/","name":"ITJ | International Transport Journal","description":"Stay informed with the latest global news from the transport, logistics, and supply chain industries. Transport Journal delivers expert insights, analysis, and updates across shipping, aviation, intermodal, and forwarding.","publisher":{"@id":"https:\/\/transportjournal.com\/nl\/#organization"},"potentialAction":[{"@type":"SearchAction","target":{"@type":"EntryPoint","urlTemplate":"https:\/\/transportjournal.com\/nl\/?s={search_term_string}"},"query-input":{"@type":"PropertyValueSpecification","valueRequired":true,"valueName":"search_term_string"}}],"inLanguage":"nl-NL"},{"@type":"Organization","@id":"https:\/\/transportjournal.com\/nl\/#organization","name":"Logismedia Groep AG","alternateName":"Logismedia Group AG","url":"https:\/\/transportjournal.com\/nl\/","logo":{"@type":"ImageObject","inLanguage":"nl-NL","@id":"https:\/\/transportjournal.com\/nl\/#\/schema\/logo\/image\/","url":"https:\/\/transportjournal.com\/wp-content\/uploads\/sites\/2\/2025\/09\/Logo_ITJ.png","contentUrl":"https:\/\/transportjournal.com\/wp-content\/uploads\/sites\/2\/2025\/09\/Logo_ITJ.png","width":799,"height":326,"caption":"Logismedia Groep AG"},"image":{"@id":"https:\/\/transportjournal.com\/nl\/#\/schema\/logo\/image\/"},"sameAs":["https:\/\/www.linkedin.com\/company\/56456496\/admin\/dashboard\/","https:\/\/www.instagram.com\/logismediagroup\/","https:\/\/www.youtube.com\/@LogiamediaGroupAG"]},{"@type":"Person","@id":"https:\/\/transportjournal.com\/nl\/#\/schema\/person\/cf538b3157f15afd7589245a4b3dbd25","name":"Andreas Haug","url":"https:\/\/transportjournal.com\/nl\/author\/andreas\/"}]}},"_links":{"self":[{"href":"https:\/\/transportjournal.com\/nl\/wp-json\/wp\/v2\/posts\/80832","targetHints":{"allow":["GET"]}}],"collection":[{"href":"https:\/\/transportjournal.com\/nl\/wp-json\/wp\/v2\/posts"}],"about":[{"href":"https:\/\/transportjournal.com\/nl\/wp-json\/wp\/v2\/types\/post"}],"author":[{"embeddable":true,"href":"https:\/\/transportjournal.com\/nl\/wp-json\/wp\/v2\/users\/12"}],"replies":[{"embeddable":true,"href":"https:\/\/transportjournal.com\/nl\/wp-json\/wp\/v2\/comments?post=80832"}],"version-history":[{"count":1,"href":"https:\/\/transportjournal.com\/nl\/wp-json\/wp\/v2\/posts\/80832\/revisions"}],"predecessor-version":[{"id":80839,"href":"https:\/\/transportjournal.com\/nl\/wp-json\/wp\/v2\/posts\/80832\/revisions\/80839"}],"wp:featuredmedia":[{"embeddable":true,"href":"https:\/\/transportjournal.com\/nl\/wp-json\/wp\/v2\/media\/80826"}],"wp:attachment":[{"href":"https:\/\/transportjournal.com\/nl\/wp-json\/wp\/v2\/media?parent=80832"}],"wp:term":[{"taxonomy":"category","embeddable":true,"href":"https:\/\/transportjournal.com\/nl\/wp-json\/wp\/v2\/categories?post=80832"},{"taxonomy":"post_tag","embeddable":true,"href":"https:\/\/transportjournal.com\/nl\/wp-json\/wp\/v2\/tags?post=80832"}],"curies":[{"name":"wp","href":"https:\/\/api.w.org\/{rel}","templated":true}]}}