{"id":80809,"date":"2026-03-13T12:44:12","date_gmt":"2026-03-13T12:44:12","guid":{"rendered":"https:\/\/transportjournal.com\/2026\/03\/13\/bestelactiviteit-bij-bedrijfsvoertuigen-in-de-vs-stijgt\/"},"modified":"2026-03-13T12:44:12","modified_gmt":"2026-03-13T12:44:12","slug":"bestelactiviteit-bij-bedrijfsvoertuigen-in-de-vs-stijgt","status":"publish","type":"post","link":"https:\/\/transportjournal.com\/nl\/2026\/03\/13\/bestelactiviteit-bij-bedrijfsvoertuigen-in-de-vs-stijgt\/","title":{"rendered":"Bestelactiviteit bij bedrijfsvoertuigen in de VS stijgt"},"content":{"rendered":"<p>De bestelactiviteit in de zware vrachtwagensector vertoont tekenen van herstel, wat wijst op een groeiend optimisme voor het jaar 2026, aldus ACT Research. Volgens de nieuwste publicatie van de North American Commercial Vehicle OUTLOOK is de bestelpositie voor klasse 8 in januari 2026 verbeterd. De bestellingen bedroegen 30.800 eenheden, wat een stijging van 20% ten opzichte van het voorgaande jaar betekent. Voor februari zijn voorlopige bestellingen van 46.200 eenheden gerapporteerd, wat een stijging van 156% in vergelijking met het voorgaande jaar vertegenwoordigt.<\/p>\n<h3>Oorzaken van de stijging van de bestellingen<\/h3>\n<p>Ken Vieth, president en senior analist van ACT, wijst op verschillende factoren die de stijging van de bestellingen verklaren. Hij benadrukt dat de verhoging van de spotvracht tarieven het vertrouwen van goed gefinancierde vlootbedrijven heeft versterkt. Deze vlootbedrijven verwachten een verbetering van de marktomstandigheden in 2026, wat als een cruciale factor voor de toenemende bestelactiviteit wordt beschouwd. Vieth merkt op dat het herstel voornamelijk door aanbodfactoren en niet door een verhoogde vraag wordt veroorzaakt. Dit is te wijten aan de gevolgen van een capaciteitsreductie die meer dan drie jaar heeft geduurd.<\/p>\n<p>Daarnaast benadrukt Vieth het belang van de verduidelijking van de American Trucking Associations met betrekking tot de NOx-regelgeving van de EPA. Deze aankondiging heeft het vertrouwen in de markt versterkt en bijgedragen aan de herleving van de bestelactiviteiten.<\/p>\n<p><a href=\"https:\/\/www.actresearch.net\/\" target=\"_blank\" rel=\"noopener noreferrer\">www.actresearch.net<\/a><\/p>\n","protected":false},"excerpt":{"rendered":"<p>De bestelactiviteit in de sector van zware bedrijfsvoertuigen herstelt, wat wijst op optimistische marktomstandigheden en toenemende investeringen in technologie.<\/p>\n","protected":false},"author":10,"featured_media":80803,"comment_status":"open","ping_status":"","sticky":false,"template":"","format":"standard","meta":{"_acf_changed":false,"footnotes":""},"categories":[1602,1592],"tags":[1921,27057,27058,15209,27059,27060,27061,27062,17794,27063,27064,27065,27066,27067,27068,27069,27070,27071,27072,4598,4601,27073,4604,17800,15219,3776,4606,27074,3787,2381,27075,27076,27077,27078,27079,27080,27081,27082,27083,27084,3796,27085,27086,27087,27088,1930,27089,27090,27091,27092,5698,27093,3808,27094],"class_list":["post-80809","post","type-post","status-publish","format-standard","has-post-thumbnail","hentry","category-amerika","category-intermodaal-weg","tag-act-research","tag-activite-de-commande-vehicules-utilitaires","tag-american-trucking-associations","tag-automotive-industry","tag-bestellaktivitaet-nutzfahrzeuge","tag-bestellungen-nutzfahrzeuge","tag-bestellzahlen-februar-2026","tag-bestellzahlen-januar-2026","tag-camions-lourds","tag-capacity-reduction","tag-chiffres-de-commandes-fevrier-2026","tag-chiffres-de-commandes-janvier-2026","tag-commandes-de-vehicules","tag-conditions-du-marche-2026","tag-confiance-des-flottes","tag-deutsch-nutzfahrzeuge","tag-erholung-nutzfahrzeugmarkt","tag-fahrzeugindustrie","tag-fleet-confidence","tag-fleet-management","tag-flottenmanagement","tag-flottenvertrauen","tag-gestion-de-flotte","tag-heavy-duty-trucks","tag-industrie-automobile","tag-industrie-du-transport-usa","tag-infrastructure-de-transport","tag-kapazitaetsabbau","tag-logistics-providers-usa","tag-logistikdienstleister-usa","tag-market-conditions-2026","tag-market-optimism","tag-marktbedingungen-2026","tag-marktoptimismus","tag-nox-regulation","tag-nox-regelung","tag-optimisme-du-marche","tag-order-activity-commercial-vehicles","tag-order-numbers-february-2026","tag-order-numbers-january-2026","tag-prestataires-logistiques-usa","tag-recovery-commercial-vehicle-market","tag-reduction-de-capacite","tag-reglementation-nox","tag-reprise-du-marche-des-vehicules-utilitaires","tag-schwere-nutzfahrzeuge","tag-spot-freight-rates","tag-spotfrachttarife","tag-tarifs-de-fret-spot","tag-transport-infrastructure-francais-vehicules-utilitaires","tag-transportation-industry-usa","tag-transportinfrastruktur-english-commercial-vehicles","tag-transportwirtschaft-usa","tag-vehicle-orders"],"acf":[],"yoast_head":"<!-- This site is optimized with the Yoast SEO plugin v27.3 - https:\/\/yoast.com\/product\/yoast-seo-wordpress\/ -->\n<title>Bestelactiviteit bij bedrijfsvoertuigen in de VS stijgt - ITJ | International Transport Journal<\/title>\n<meta name=\"robots\" content=\"index, follow, max-snippet:-1, max-image-preview:large, max-video-preview:-1\" \/>\n<link rel=\"canonical\" href=\"https:\/\/transportjournal.com\/nl\/2026\/03\/13\/bestelactiviteit-bij-bedrijfsvoertuigen-in-de-vs-stijgt\/\" \/>\n<meta property=\"og:locale\" content=\"nl_NL\" \/>\n<meta property=\"og:type\" content=\"article\" \/>\n<meta property=\"og:title\" content=\"Bestelactiviteit bij bedrijfsvoertuigen in de VS stijgt - ITJ | International Transport Journal\" \/>\n<meta property=\"og:description\" content=\"De bestelactiviteit in de sector van zware bedrijfsvoertuigen herstelt, wat wijst op optimistische marktomstandigheden en toenemende investeringen in technologie.\" \/>\n<meta property=\"og:url\" content=\"https:\/\/transportjournal.com\/nl\/2026\/03\/13\/bestelactiviteit-bij-bedrijfsvoertuigen-in-de-vs-stijgt\/\" \/>\n<meta property=\"og:site_name\" content=\"ITJ | International Transport Journal\" \/>\n<meta property=\"article:published_time\" content=\"2026-03-13T12:44:12+00:00\" \/>\n<meta property=\"og:image\" content=\"https:\/\/transportjournal.com\/wp-content\/uploads\/sites\/2\/2026\/03\/AdobeStock_70565024-3-scaled-aspect-ratio-1400-788-scaled-1.jpeg\" \/>\n\t<meta property=\"og:image:width\" content=\"2560\" \/>\n\t<meta property=\"og:image:height\" content=\"1441\" \/>\n\t<meta property=\"og:image:type\" content=\"image\/jpeg\" \/>\n<meta name=\"author\" content=\"Jeremy Soland\" \/>\n<meta name=\"twitter:card\" content=\"summary_large_image\" \/>\n<meta name=\"twitter:label1\" content=\"Geschreven door\" \/>\n\t<meta name=\"twitter:data1\" content=\"Jeremy Soland\" \/>\n\t<meta name=\"twitter:label2\" content=\"Geschatte leestijd\" \/>\n\t<meta name=\"twitter:data2\" content=\"1 minuut\" \/>\n<script type=\"application\/ld+json\" class=\"yoast-schema-graph\">{\"@context\":\"https:\\\/\\\/schema.org\",\"@graph\":[{\"@type\":\"Article\",\"@id\":\"https:\\\/\\\/transportjournal.com\\\/nl\\\/2026\\\/03\\\/13\\\/bestelactiviteit-bij-bedrijfsvoertuigen-in-de-vs-stijgt\\\/#article\",\"isPartOf\":{\"@id\":\"https:\\\/\\\/transportjournal.com\\\/nl\\\/2026\\\/03\\\/13\\\/bestelactiviteit-bij-bedrijfsvoertuigen-in-de-vs-stijgt\\\/\"},\"author\":{\"name\":\"Jeremy Soland\",\"@id\":\"https:\\\/\\\/transportjournal.com\\\/nl\\\/#\\\/schema\\\/person\\\/41d36b5474b623392fa613e97e2363fa\"},\"headline\":\"Bestelactiviteit bij bedrijfsvoertuigen in de VS stijgt\",\"datePublished\":\"2026-03-13T12:44:12+00:00\",\"mainEntityOfPage\":{\"@id\":\"https:\\\/\\\/transportjournal.com\\\/nl\\\/2026\\\/03\\\/13\\\/bestelactiviteit-bij-bedrijfsvoertuigen-in-de-vs-stijgt\\\/\"},\"wordCount\":220,\"commentCount\":0,\"publisher\":{\"@id\":\"https:\\\/\\\/transportjournal.com\\\/nl\\\/#organization\"},\"image\":{\"@id\":\"https:\\\/\\\/transportjournal.com\\\/nl\\\/2026\\\/03\\\/13\\\/bestelactiviteit-bij-bedrijfsvoertuigen-in-de-vs-stijgt\\\/#primaryimage\"},\"thumbnailUrl\":\"https:\\\/\\\/transportjournal.com\\\/wp-content\\\/uploads\\\/sites\\\/2\\\/2026\\\/03\\\/AdobeStock_70565024-3-scaled-aspect-ratio-1400-788-scaled-1.jpeg\",\"keywords\":[\"ACT Research\",\"activit\u00e9 de commande v\u00e9hicules utilitaires\",\"American Trucking Associations\",\"automotive industry\",\"Bestellaktivit\u00e4t Nutzfahrzeuge\",\"Bestellungen Nutzfahrzeuge\",\"Bestellzahlen Februar 2026\",\"Bestellzahlen Januar 2026\",\"camions lourds\",\"capacity reduction\",\"chiffres de commandes f\u00e9vrier 2026\",\"chiffres de commandes janvier 2026\",\"commandes de v\u00e9hicules\",\"conditions du march\u00e9 2026\",\"confiance des flottes\",\"Deutsch Nutzfahrzeuge\",\"Erholung Nutzfahrzeugmarkt\",\"Fahrzeugindustrie\",\"fleet confidence\",\"fleet management\",\"Flottenmanagement\",\"Flottenvertrauen\",\"gestion de flotte\",\"heavy-duty trucks\",\"industrie automobile\",\"industrie du transport USA\",\"infrastructure de transport\",\"Kapazit\u00e4tsabbau\",\"logistics providers USA\",\"Logistikdienstleister USA\",\"market conditions 2026\",\"market optimism\",\"Marktbedingungen 2026\",\"Marktoptimismus\",\"NOx regulation\",\"NOx-Regelung\",\"optimisme du march\u00e9\",\"order activity commercial vehicles\",\"order numbers February 2026\",\"order numbers January 2026\",\"prestataires logistiques USA\",\"recovery commercial vehicle market\",\"r\u00e9duction de capacit\u00e9\",\"r\u00e9glementation NOx\",\"reprise du march\u00e9 des v\u00e9hicules utilitaires\",\"schwere Nutzfahrzeuge\",\"spot freight rates\",\"Spotfrachttarife\",\"tarifs de fret spot\",\"transport infrastructure Fran\u00e7ais v\u00e9hicules utilitaires\",\"transportation industry USA\",\"Transportinfrastruktur English commercial vehicles\",\"Transportwirtschaft USA\",\"vehicle orders\"],\"articleSection\":[\"Amerika\",\"Intermodaal \\\/ Weg\"],\"inLanguage\":\"nl-NL\",\"potentialAction\":[{\"@type\":\"CommentAction\",\"name\":\"Comment\",\"target\":[\"https:\\\/\\\/transportjournal.com\\\/nl\\\/2026\\\/03\\\/13\\\/bestelactiviteit-bij-bedrijfsvoertuigen-in-de-vs-stijgt\\\/#respond\"]}]},{\"@type\":\"WebPage\",\"@id\":\"https:\\\/\\\/transportjournal.com\\\/nl\\\/2026\\\/03\\\/13\\\/bestelactiviteit-bij-bedrijfsvoertuigen-in-de-vs-stijgt\\\/\",\"url\":\"https:\\\/\\\/transportjournal.com\\\/nl\\\/2026\\\/03\\\/13\\\/bestelactiviteit-bij-bedrijfsvoertuigen-in-de-vs-stijgt\\\/\",\"name\":\"Bestelactiviteit bij bedrijfsvoertuigen in de VS stijgt - ITJ | International Transport Journal\",\"isPartOf\":{\"@id\":\"https:\\\/\\\/transportjournal.com\\\/nl\\\/#website\"},\"primaryImageOfPage\":{\"@id\":\"https:\\\/\\\/transportjournal.com\\\/nl\\\/2026\\\/03\\\/13\\\/bestelactiviteit-bij-bedrijfsvoertuigen-in-de-vs-stijgt\\\/#primaryimage\"},\"image\":{\"@id\":\"https:\\\/\\\/transportjournal.com\\\/nl\\\/2026\\\/03\\\/13\\\/bestelactiviteit-bij-bedrijfsvoertuigen-in-de-vs-stijgt\\\/#primaryimage\"},\"thumbnailUrl\":\"https:\\\/\\\/transportjournal.com\\\/wp-content\\\/uploads\\\/sites\\\/2\\\/2026\\\/03\\\/AdobeStock_70565024-3-scaled-aspect-ratio-1400-788-scaled-1.jpeg\",\"datePublished\":\"2026-03-13T12:44:12+00:00\",\"breadcrumb\":{\"@id\":\"https:\\\/\\\/transportjournal.com\\\/nl\\\/2026\\\/03\\\/13\\\/bestelactiviteit-bij-bedrijfsvoertuigen-in-de-vs-stijgt\\\/#breadcrumb\"},\"inLanguage\":\"nl-NL\",\"potentialAction\":[{\"@type\":\"ReadAction\",\"target\":[\"https:\\\/\\\/transportjournal.com\\\/nl\\\/2026\\\/03\\\/13\\\/bestelactiviteit-bij-bedrijfsvoertuigen-in-de-vs-stijgt\\\/\"]}]},{\"@type\":\"ImageObject\",\"inLanguage\":\"nl-NL\",\"@id\":\"https:\\\/\\\/transportjournal.com\\\/nl\\\/2026\\\/03\\\/13\\\/bestelactiviteit-bij-bedrijfsvoertuigen-in-de-vs-stijgt\\\/#primaryimage\",\"url\":\"https:\\\/\\\/transportjournal.com\\\/wp-content\\\/uploads\\\/sites\\\/2\\\/2026\\\/03\\\/AdobeStock_70565024-3-scaled-aspect-ratio-1400-788-scaled-1.jpeg\",\"contentUrl\":\"https:\\\/\\\/transportjournal.com\\\/wp-content\\\/uploads\\\/sites\\\/2\\\/2026\\\/03\\\/AdobeStock_70565024-3-scaled-aspect-ratio-1400-788-scaled-1.jpeg\",\"width\":2560,\"height\":1441},{\"@type\":\"BreadcrumbList\",\"@id\":\"https:\\\/\\\/transportjournal.com\\\/nl\\\/2026\\\/03\\\/13\\\/bestelactiviteit-bij-bedrijfsvoertuigen-in-de-vs-stijgt\\\/#breadcrumb\",\"itemListElement\":[{\"@type\":\"ListItem\",\"position\":1,\"name\":\"Startseite\",\"item\":\"https:\\\/\\\/transportjournal.com\\\/nl\\\/\"},{\"@type\":\"ListItem\",\"position\":2,\"name\":\"Bestelactiviteit bij bedrijfsvoertuigen in de VS stijgt\"}]},{\"@type\":\"WebSite\",\"@id\":\"https:\\\/\\\/transportjournal.com\\\/nl\\\/#website\",\"url\":\"https:\\\/\\\/transportjournal.com\\\/nl\\\/\",\"name\":\"ITJ | International Transport Journal\",\"description\":\"Stay informed with the latest global news from the transport, logistics, and supply chain industries. Transport Journal delivers expert insights, analysis, and updates across shipping, aviation, intermodal, and forwarding.\",\"publisher\":{\"@id\":\"https:\\\/\\\/transportjournal.com\\\/nl\\\/#organization\"},\"potentialAction\":[{\"@type\":\"SearchAction\",\"target\":{\"@type\":\"EntryPoint\",\"urlTemplate\":\"https:\\\/\\\/transportjournal.com\\\/nl\\\/?s={search_term_string}\"},\"query-input\":{\"@type\":\"PropertyValueSpecification\",\"valueRequired\":true,\"valueName\":\"search_term_string\"}}],\"inLanguage\":\"nl-NL\"},{\"@type\":\"Organization\",\"@id\":\"https:\\\/\\\/transportjournal.com\\\/nl\\\/#organization\",\"name\":\"Logismedia Groep AG\",\"alternateName\":\"Logismedia Group AG\",\"url\":\"https:\\\/\\\/transportjournal.com\\\/nl\\\/\",\"logo\":{\"@type\":\"ImageObject\",\"inLanguage\":\"nl-NL\",\"@id\":\"https:\\\/\\\/transportjournal.com\\\/nl\\\/#\\\/schema\\\/logo\\\/image\\\/\",\"url\":\"https:\\\/\\\/transportjournal.com\\\/wp-content\\\/uploads\\\/sites\\\/2\\\/2025\\\/09\\\/Logo_ITJ.png\",\"contentUrl\":\"https:\\\/\\\/transportjournal.com\\\/wp-content\\\/uploads\\\/sites\\\/2\\\/2025\\\/09\\\/Logo_ITJ.png\",\"width\":799,\"height\":326,\"caption\":\"Logismedia Groep AG\"},\"image\":{\"@id\":\"https:\\\/\\\/transportjournal.com\\\/nl\\\/#\\\/schema\\\/logo\\\/image\\\/\"},\"sameAs\":[\"https:\\\/\\\/www.linkedin.com\\\/company\\\/56456496\\\/admin\\\/dashboard\\\/\",\"https:\\\/\\\/www.instagram.com\\\/logismediagroup\\\/\",\"https:\\\/\\\/www.youtube.com\\\/@LogiamediaGroupAG\"]},{\"@type\":\"Person\",\"@id\":\"https:\\\/\\\/transportjournal.com\\\/nl\\\/#\\\/schema\\\/person\\\/41d36b5474b623392fa613e97e2363fa\",\"name\":\"Jeremy Soland\",\"url\":\"https:\\\/\\\/transportjournal.com\\\/nl\\\/author\\\/jeremy\\\/\"}]}<\/script>\n<!-- \/ Yoast SEO plugin. -->","yoast_head_json":{"title":"Bestelactiviteit bij bedrijfsvoertuigen in de VS stijgt - ITJ | International Transport Journal","robots":{"index":"index","follow":"follow","max-snippet":"max-snippet:-1","max-image-preview":"max-image-preview:large","max-video-preview":"max-video-preview:-1"},"canonical":"https:\/\/transportjournal.com\/nl\/2026\/03\/13\/bestelactiviteit-bij-bedrijfsvoertuigen-in-de-vs-stijgt\/","og_locale":"nl_NL","og_type":"article","og_title":"Bestelactiviteit bij bedrijfsvoertuigen in de VS stijgt - ITJ | International Transport Journal","og_description":"De bestelactiviteit in de sector van zware bedrijfsvoertuigen herstelt, wat wijst op optimistische marktomstandigheden en toenemende investeringen in technologie.","og_url":"https:\/\/transportjournal.com\/nl\/2026\/03\/13\/bestelactiviteit-bij-bedrijfsvoertuigen-in-de-vs-stijgt\/","og_site_name":"ITJ | International Transport Journal","article_published_time":"2026-03-13T12:44:12+00:00","og_image":[{"width":2560,"height":1441,"url":"https:\/\/transportjournal.com\/wp-content\/uploads\/sites\/2\/2026\/03\/AdobeStock_70565024-3-scaled-aspect-ratio-1400-788-scaled-1.jpeg","type":"image\/jpeg"}],"author":"Jeremy Soland","twitter_card":"summary_large_image","twitter_misc":{"Geschreven door":"Jeremy Soland","Geschatte leestijd":"1 minuut"},"schema":{"@context":"https:\/\/schema.org","@graph":[{"@type":"Article","@id":"https:\/\/transportjournal.com\/nl\/2026\/03\/13\/bestelactiviteit-bij-bedrijfsvoertuigen-in-de-vs-stijgt\/#article","isPartOf":{"@id":"https:\/\/transportjournal.com\/nl\/2026\/03\/13\/bestelactiviteit-bij-bedrijfsvoertuigen-in-de-vs-stijgt\/"},"author":{"name":"Jeremy Soland","@id":"https:\/\/transportjournal.com\/nl\/#\/schema\/person\/41d36b5474b623392fa613e97e2363fa"},"headline":"Bestelactiviteit bij bedrijfsvoertuigen in de VS stijgt","datePublished":"2026-03-13T12:44:12+00:00","mainEntityOfPage":{"@id":"https:\/\/transportjournal.com\/nl\/2026\/03\/13\/bestelactiviteit-bij-bedrijfsvoertuigen-in-de-vs-stijgt\/"},"wordCount":220,"commentCount":0,"publisher":{"@id":"https:\/\/transportjournal.com\/nl\/#organization"},"image":{"@id":"https:\/\/transportjournal.com\/nl\/2026\/03\/13\/bestelactiviteit-bij-bedrijfsvoertuigen-in-de-vs-stijgt\/#primaryimage"},"thumbnailUrl":"https:\/\/transportjournal.com\/wp-content\/uploads\/sites\/2\/2026\/03\/AdobeStock_70565024-3-scaled-aspect-ratio-1400-788-scaled-1.jpeg","keywords":["ACT Research","activit\u00e9 de commande v\u00e9hicules utilitaires","American Trucking Associations","automotive industry","Bestellaktivit\u00e4t Nutzfahrzeuge","Bestellungen Nutzfahrzeuge","Bestellzahlen Februar 2026","Bestellzahlen Januar 2026","camions lourds","capacity reduction","chiffres de commandes f\u00e9vrier 2026","chiffres de commandes janvier 2026","commandes de v\u00e9hicules","conditions du march\u00e9 2026","confiance des flottes","Deutsch Nutzfahrzeuge","Erholung Nutzfahrzeugmarkt","Fahrzeugindustrie","fleet confidence","fleet management","Flottenmanagement","Flottenvertrauen","gestion de flotte","heavy-duty trucks","industrie automobile","industrie du transport USA","infrastructure de transport","Kapazit\u00e4tsabbau","logistics providers USA","Logistikdienstleister USA","market conditions 2026","market optimism","Marktbedingungen 2026","Marktoptimismus","NOx regulation","NOx-Regelung","optimisme du march\u00e9","order activity commercial vehicles","order numbers February 2026","order numbers January 2026","prestataires logistiques USA","recovery commercial vehicle market","r\u00e9duction de capacit\u00e9","r\u00e9glementation NOx","reprise du march\u00e9 des v\u00e9hicules utilitaires","schwere Nutzfahrzeuge","spot freight rates","Spotfrachttarife","tarifs de fret spot","transport infrastructure Fran\u00e7ais v\u00e9hicules utilitaires","transportation industry USA","Transportinfrastruktur English commercial vehicles","Transportwirtschaft USA","vehicle orders"],"articleSection":["Amerika","Intermodaal \/ Weg"],"inLanguage":"nl-NL","potentialAction":[{"@type":"CommentAction","name":"Comment","target":["https:\/\/transportjournal.com\/nl\/2026\/03\/13\/bestelactiviteit-bij-bedrijfsvoertuigen-in-de-vs-stijgt\/#respond"]}]},{"@type":"WebPage","@id":"https:\/\/transportjournal.com\/nl\/2026\/03\/13\/bestelactiviteit-bij-bedrijfsvoertuigen-in-de-vs-stijgt\/","url":"https:\/\/transportjournal.com\/nl\/2026\/03\/13\/bestelactiviteit-bij-bedrijfsvoertuigen-in-de-vs-stijgt\/","name":"Bestelactiviteit bij bedrijfsvoertuigen in de VS stijgt - ITJ | International Transport Journal","isPartOf":{"@id":"https:\/\/transportjournal.com\/nl\/#website"},"primaryImageOfPage":{"@id":"https:\/\/transportjournal.com\/nl\/2026\/03\/13\/bestelactiviteit-bij-bedrijfsvoertuigen-in-de-vs-stijgt\/#primaryimage"},"image":{"@id":"https:\/\/transportjournal.com\/nl\/2026\/03\/13\/bestelactiviteit-bij-bedrijfsvoertuigen-in-de-vs-stijgt\/#primaryimage"},"thumbnailUrl":"https:\/\/transportjournal.com\/wp-content\/uploads\/sites\/2\/2026\/03\/AdobeStock_70565024-3-scaled-aspect-ratio-1400-788-scaled-1.jpeg","datePublished":"2026-03-13T12:44:12+00:00","breadcrumb":{"@id":"https:\/\/transportjournal.com\/nl\/2026\/03\/13\/bestelactiviteit-bij-bedrijfsvoertuigen-in-de-vs-stijgt\/#breadcrumb"},"inLanguage":"nl-NL","potentialAction":[{"@type":"ReadAction","target":["https:\/\/transportjournal.com\/nl\/2026\/03\/13\/bestelactiviteit-bij-bedrijfsvoertuigen-in-de-vs-stijgt\/"]}]},{"@type":"ImageObject","inLanguage":"nl-NL","@id":"https:\/\/transportjournal.com\/nl\/2026\/03\/13\/bestelactiviteit-bij-bedrijfsvoertuigen-in-de-vs-stijgt\/#primaryimage","url":"https:\/\/transportjournal.com\/wp-content\/uploads\/sites\/2\/2026\/03\/AdobeStock_70565024-3-scaled-aspect-ratio-1400-788-scaled-1.jpeg","contentUrl":"https:\/\/transportjournal.com\/wp-content\/uploads\/sites\/2\/2026\/03\/AdobeStock_70565024-3-scaled-aspect-ratio-1400-788-scaled-1.jpeg","width":2560,"height":1441},{"@type":"BreadcrumbList","@id":"https:\/\/transportjournal.com\/nl\/2026\/03\/13\/bestelactiviteit-bij-bedrijfsvoertuigen-in-de-vs-stijgt\/#breadcrumb","itemListElement":[{"@type":"ListItem","position":1,"name":"Startseite","item":"https:\/\/transportjournal.com\/nl\/"},{"@type":"ListItem","position":2,"name":"Bestelactiviteit bij bedrijfsvoertuigen in de VS stijgt"}]},{"@type":"WebSite","@id":"https:\/\/transportjournal.com\/nl\/#website","url":"https:\/\/transportjournal.com\/nl\/","name":"ITJ | International Transport Journal","description":"Stay informed with the latest global news from the transport, logistics, and supply chain industries. Transport Journal delivers expert insights, analysis, and updates across shipping, aviation, intermodal, and forwarding.","publisher":{"@id":"https:\/\/transportjournal.com\/nl\/#organization"},"potentialAction":[{"@type":"SearchAction","target":{"@type":"EntryPoint","urlTemplate":"https:\/\/transportjournal.com\/nl\/?s={search_term_string}"},"query-input":{"@type":"PropertyValueSpecification","valueRequired":true,"valueName":"search_term_string"}}],"inLanguage":"nl-NL"},{"@type":"Organization","@id":"https:\/\/transportjournal.com\/nl\/#organization","name":"Logismedia Groep AG","alternateName":"Logismedia Group AG","url":"https:\/\/transportjournal.com\/nl\/","logo":{"@type":"ImageObject","inLanguage":"nl-NL","@id":"https:\/\/transportjournal.com\/nl\/#\/schema\/logo\/image\/","url":"https:\/\/transportjournal.com\/wp-content\/uploads\/sites\/2\/2025\/09\/Logo_ITJ.png","contentUrl":"https:\/\/transportjournal.com\/wp-content\/uploads\/sites\/2\/2025\/09\/Logo_ITJ.png","width":799,"height":326,"caption":"Logismedia Groep AG"},"image":{"@id":"https:\/\/transportjournal.com\/nl\/#\/schema\/logo\/image\/"},"sameAs":["https:\/\/www.linkedin.com\/company\/56456496\/admin\/dashboard\/","https:\/\/www.instagram.com\/logismediagroup\/","https:\/\/www.youtube.com\/@LogiamediaGroupAG"]},{"@type":"Person","@id":"https:\/\/transportjournal.com\/nl\/#\/schema\/person\/41d36b5474b623392fa613e97e2363fa","name":"Jeremy Soland","url":"https:\/\/transportjournal.com\/nl\/author\/jeremy\/"}]}},"_links":{"self":[{"href":"https:\/\/transportjournal.com\/nl\/wp-json\/wp\/v2\/posts\/80809","targetHints":{"allow":["GET"]}}],"collection":[{"href":"https:\/\/transportjournal.com\/nl\/wp-json\/wp\/v2\/posts"}],"about":[{"href":"https:\/\/transportjournal.com\/nl\/wp-json\/wp\/v2\/types\/post"}],"author":[{"embeddable":true,"href":"https:\/\/transportjournal.com\/nl\/wp-json\/wp\/v2\/users\/10"}],"replies":[{"embeddable":true,"href":"https:\/\/transportjournal.com\/nl\/wp-json\/wp\/v2\/comments?post=80809"}],"version-history":[{"count":0,"href":"https:\/\/transportjournal.com\/nl\/wp-json\/wp\/v2\/posts\/80809\/revisions"}],"wp:featuredmedia":[{"embeddable":true,"href":"https:\/\/transportjournal.com\/nl\/wp-json\/wp\/v2\/media\/80803"}],"wp:attachment":[{"href":"https:\/\/transportjournal.com\/nl\/wp-json\/wp\/v2\/media?parent=80809"}],"wp:term":[{"taxonomy":"category","embeddable":true,"href":"https:\/\/transportjournal.com\/nl\/wp-json\/wp\/v2\/categories?post=80809"},{"taxonomy":"post_tag","embeddable":true,"href":"https:\/\/transportjournal.com\/nl\/wp-json\/wp\/v2\/tags?post=80809"}],"curies":[{"name":"wp","href":"https:\/\/api.w.org\/{rel}","templated":true}]}}