{"id":80770,"date":"2026-03-13T11:02:19","date_gmt":"2026-03-13T11:02:19","guid":{"rendered":"https:\/\/transportjournal.com\/2026\/03\/13\/logistec-verwerft-logistics-park-dubuque\/"},"modified":"2026-03-13T11:02:19","modified_gmt":"2026-03-13T11:02:19","slug":"logistec-verwerft-logistics-park-dubuque","status":"publish","type":"post","link":"https:\/\/transportjournal.com\/nl\/2026\/03\/13\/logistec-verwerft-logistics-park-dubuque\/","title":{"rendered":"Logistec verwerft Logistics Park Dubuque"},"content":{"rendered":"<p>Logistec heeft de overname van de Logistics Park Dubuque (LPD) van Travero aangekondigd om zijn netwerk voor binnenwateren in de VS uit te breiden en nieuwe marktverbindingen te cre\u00ebren. De locatie bevindt zich in East Dubuque, Illinois, aan de bovenloop van de Mississippi en biedt een scala aan diensten aan.<\/p>\n<p>De acquisitie van LPD stelt Logistec in staat zijn bereik in het industri\u00eble en agrarische hart van de VS uit te breiden. Het bedrijf, met hoofdkantoor in Montr\u00e9al, biedt gespecialiseerde diensten voor de handling van bulkgoederen, stukgoederen en containers, evenals logistieke oplossingen, waaronder transport en opslag, in zijn Noord-Amerikaanse netwerk van 63 havens en 86 terminals. CEO Sean Pierce benadrukt dat de verbinding van de terminal met het bestaande netwerk de effici\u00ebntie en toegang tot opkomende markten voor klanten in de Midwest-regio verbetert.<\/p>\n<p>LPD is een 100 ha groot multimodaal terminal dat zich richt op de handling, opslag en belading van bulkgoederen en stukgoederen. De locatie biedt directe toegang tot spoorvervoer via CN Rail en binnenvaart op de bovenloop van de Mississippi. Tot de klanten van LPD behoren toonaangevende Amerikaanse fabrikanten uit de sectoren landbouw, staal, productie en energie.<\/p>\n<p>Lisha Coffey, president van Travero, benadrukt het belang van de terminal voor de regionale toeleveringsketens en de gemeenschap. &#8222;LPD heeft een sterke staat van dienst en een toegewijd team. We zijn trots op de rol die de faciliteit heeft gespeeld in de ondersteuning van onze klanten,&#8220; legt Coffey uit. Ze benadrukt dat de overdracht aan Logistec een strategische beslissing is, aangezien het bedrijf over de nodige expertise beschikt om logistieke terminals te beheren en uit te breiden.<\/p>\n<p>Deze overname volgt op een recente overeenkomst van Logistec voor de acquisitie van de IPA Terminal in Altamira, Mexico.<\/p>\n<p>&nbsp;<\/p>\n<p><a href=\"https:\/\/www.logistec.com\/\" target=\"_blank\" rel=\"noopener noreferrer\">www.logistec.com<\/a><\/p>\n<p>&nbsp;<\/p>\n<p><a href=\"https:\/\/www.travero.com\/\" target=\"_blank\" rel=\"noopener noreferrer\">www.travero.com<\/a><\/p>\n<p>&nbsp;<\/p>\n","protected":false},"excerpt":{"rendered":"<p>Logistec heeft de Logistics Park Dubuque overgenomen om zijn netwerk in de VS uit te breiden en de effici\u00ebntie voor klanten in de Midwest-regio te verhogen.<\/p>\n","protected":false},"author":12,"featured_media":80764,"comment_status":"open","ping_status":"","sticky":false,"template":"","format":"standard","meta":{"_acf_changed":false,"footnotes":""},"categories":[1602,1593,1592,1595],"tags":[26921,26922,26923,26924,26925,26926,26927,11555,26928,26263,3739,2115,2116,26929,2122,26930,26931,3745,2075,26932,26933,2373,26934,26935,26936,26937,16399,26938,26939,26940,26941,26942,26943,26944,26945,26946,3157,2145,26947,26948,11585,11586,26949,26950,26951,5119,26952,26953,26954,26955,18446,26956,18447,26957,26958,26287,26959,26960,26961],"class_list":["post-80770","post","type-post","status-publish","format-standard","has-post-thumbnail","hentry","category-amerika","category-expeditie-logistiek","category-intermodaal-weg","category-scheepvaart-en-havens","tag-acquisition-lpd","tag-agriculture-logistics","tag-akquisition-lpd","tag-binnenschifffahrt-oberer-mississippi","tag-binnenwasserstrassen-usa","tag-breakbulk-loading","tag-bulk-handling-services","tag-chaines-dapprovisionnement-regionales","tag-chargement-de-marchandises","tag-deutsch-logistec","tag-developpement-des-infrastructures","tag-digitalisierung-in-der-logistik","tag-digitalization-in-logistics","tag-expansion-de-terminal","tag-fachkraeftemangel-logistik","tag-industrial-markets-usa","tag-industrielle-maerkte-usa","tag-infrastructure-development","tag-infrastrukturentwicklung","tag-inland-shipping-upper-mississippi","tag-inland-waterways-usa","tag-labor-shortage-logistics","tag-landwirtschaft-logistik","tag-logistics-park-dubuque","tag-logistics-service-providers-north-america","tag-logistikdienstleister-nordamerika","tag-logistique-agricole","tag-logistique-region-midwest","tag-lpd-acquisition","tag-marches-industriels-usa","tag-midwest-region-logistics","tag-midwest-region-logistik","tag-multimodal-terminal","tag-multimodaler-terminal","tag-nachhaltige-logistikloesungen-english-logistec","tag-navigation-interieure-mississippi-superieur","tag-numerisation-dans-la-logistique","tag-penurie-de-main-doeuvre-logistique","tag-prestataires-de-services-logistiques-amerique-du-nord","tag-rail-transport-cn-rail","tag-regional-supply-chains","tag-regionale-lieferketten","tag-schienenverkehr-cn-rail","tag-schuettgut-handhabung","tag-services-de-manutention-en-vrac","tag-solutions-logistiques-durables","tag-stahlindustrie-transport","tag-steel-industry-transport","tag-stueckgut-verladung","tag-sustainable-logistics-solutions-francais-logistec","tag-terminal-expansion","tag-terminal-multimodal","tag-terminalerweiterung","tag-transport-et-stockage","tag-transport-ferroviaire-cn-rail","tag-transport-industrie-de-lacier","tag-transport-und-lagerung","tag-transportation-and-storage","tag-voies-navigables-interieures-usa"],"acf":[],"yoast_head":"<!-- This site is optimized with the Yoast SEO plugin v27.3 - https:\/\/yoast.com\/product\/yoast-seo-wordpress\/ -->\n<title>Logistec verwerft Logistics Park Dubuque - ITJ | International Transport Journal<\/title>\n<meta name=\"robots\" content=\"index, follow, max-snippet:-1, max-image-preview:large, max-video-preview:-1\" \/>\n<link rel=\"canonical\" href=\"https:\/\/transportjournal.com\/nl\/2026\/03\/13\/logistec-verwerft-logistics-park-dubuque\/\" \/>\n<meta property=\"og:locale\" content=\"nl_NL\" \/>\n<meta property=\"og:type\" content=\"article\" \/>\n<meta property=\"og:title\" content=\"Logistec verwerft Logistics Park Dubuque - ITJ | International Transport Journal\" \/>\n<meta property=\"og:description\" content=\"Logistec heeft de Logistics Park Dubuque overgenomen om zijn netwerk in de VS uit te breiden en de effici\u00ebntie voor klanten in de Midwest-regio te verhogen.\" \/>\n<meta property=\"og:url\" content=\"https:\/\/transportjournal.com\/nl\/2026\/03\/13\/logistec-verwerft-logistics-park-dubuque\/\" \/>\n<meta property=\"og:site_name\" content=\"ITJ | International Transport Journal\" \/>\n<meta property=\"article:published_time\" content=\"2026-03-13T11:02:19+00:00\" \/>\n<meta property=\"og:image\" content=\"https:\/\/transportjournal.com\/wp-content\/uploads\/sites\/2\/2026\/03\/Logistec-lpd-aerial-20240623-3179-980x551-1.jpg\" \/>\n\t<meta property=\"og:image:width\" content=\"980\" \/>\n\t<meta property=\"og:image:height\" content=\"551\" \/>\n\t<meta property=\"og:image:type\" content=\"image\/jpeg\" \/>\n<meta name=\"author\" content=\"Andreas Haug\" \/>\n<meta name=\"twitter:card\" content=\"summary_large_image\" \/>\n<meta name=\"twitter:label1\" content=\"Geschreven door\" \/>\n\t<meta name=\"twitter:data1\" content=\"Andreas Haug\" \/>\n\t<meta name=\"twitter:label2\" content=\"Geschatte leestijd\" \/>\n\t<meta name=\"twitter:data2\" content=\"1 minuut\" \/>\n<script type=\"application\/ld+json\" class=\"yoast-schema-graph\">{\"@context\":\"https:\\\/\\\/schema.org\",\"@graph\":[{\"@type\":\"Article\",\"@id\":\"https:\\\/\\\/transportjournal.com\\\/nl\\\/2026\\\/03\\\/13\\\/logistec-verwerft-logistics-park-dubuque\\\/#article\",\"isPartOf\":{\"@id\":\"https:\\\/\\\/transportjournal.com\\\/nl\\\/2026\\\/03\\\/13\\\/logistec-verwerft-logistics-park-dubuque\\\/\"},\"author\":{\"name\":\"Andreas Haug\",\"@id\":\"https:\\\/\\\/transportjournal.com\\\/nl\\\/#\\\/schema\\\/person\\\/cf538b3157f15afd7589245a4b3dbd25\"},\"headline\":\"Logistec verwerft Logistics Park Dubuque\",\"datePublished\":\"2026-03-13T11:02:19+00:00\",\"mainEntityOfPage\":{\"@id\":\"https:\\\/\\\/transportjournal.com\\\/nl\\\/2026\\\/03\\\/13\\\/logistec-verwerft-logistics-park-dubuque\\\/\"},\"wordCount\":300,\"commentCount\":0,\"publisher\":{\"@id\":\"https:\\\/\\\/transportjournal.com\\\/nl\\\/#organization\"},\"image\":{\"@id\":\"https:\\\/\\\/transportjournal.com\\\/nl\\\/2026\\\/03\\\/13\\\/logistec-verwerft-logistics-park-dubuque\\\/#primaryimage\"},\"thumbnailUrl\":\"https:\\\/\\\/transportjournal.com\\\/wp-content\\\/uploads\\\/sites\\\/2\\\/2026\\\/03\\\/Logistec-lpd-aerial-20240623-3179-980x551-1.jpg\",\"keywords\":[\"acquisition LPD\",\"agriculture logistics\",\"Akquisition LPD\",\"Binnenschifffahrt Oberer Mississippi\",\"Binnenwasserstra\u00dfen USA\",\"breakbulk loading\",\"bulk handling services\",\"cha\u00eenes d'approvisionnement r\u00e9gionales\",\"chargement de marchandises\",\"Deutsch LOGISTEC\",\"d\u00e9veloppement des infrastructures\",\"Digitalisierung in der Logistik\",\"digitalization in logistics\",\"expansion de terminal\",\"Fachkr\u00e4ftemangel Logistik\",\"industrial markets USA\",\"industrielle M\u00e4rkte USA\",\"infrastructure development\",\"Infrastrukturentwicklung\",\"inland shipping Upper Mississippi\",\"inland waterways USA\",\"labor shortage logistics\",\"Landwirtschaft Logistik\",\"Logistics Park Dubuque\",\"logistics service providers North America\",\"Logistikdienstleister Nordamerika\",\"logistique agricole\",\"logistique r\u00e9gion Midwest\",\"LPD acquisition\",\"march\u00e9s industriels USA\",\"Midwest region logistics\",\"Midwest-Region Logistik\",\"multimodal terminal\",\"multimodaler Terminal\",\"nachhaltige Logistikl\u00f6sungen English LOGISTEC\",\"navigation int\u00e9rieure Mississippi sup\u00e9rieur\",\"num\u00e9risation dans la logistique\",\"p\u00e9nurie de main-d'\u0153uvre logistique\",\"prestataires de services logistiques Am\u00e9rique du Nord\",\"rail transport CN Rail\",\"regional supply chains\",\"regionale Lieferketten\",\"Schienenverkehr CN Rail\",\"Sch\u00fcttgut Handhabung\",\"services de manutention en vrac\",\"solutions logistiques durables\",\"Stahlindustrie Transport\",\"steel industry transport\",\"St\u00fcckgut Verladung\",\"sustainable logistics solutions Fran\u00e7ais LOGISTEC\",\"terminal expansion\",\"terminal multimodal\",\"Terminalerweiterung\",\"transport et stockage\",\"transport ferroviaire CN Rail\",\"transport industrie de l'acier\",\"Transport und Lagerung\",\"transportation and storage\",\"voies navigables int\u00e9rieures USA\"],\"articleSection\":[\"Amerika\",\"Expeditie &amp; Logistiek\",\"Intermodaal \\\/ Weg\",\"Scheepvaart en havens\"],\"inLanguage\":\"nl-NL\",\"potentialAction\":[{\"@type\":\"CommentAction\",\"name\":\"Comment\",\"target\":[\"https:\\\/\\\/transportjournal.com\\\/nl\\\/2026\\\/03\\\/13\\\/logistec-verwerft-logistics-park-dubuque\\\/#respond\"]}]},{\"@type\":\"WebPage\",\"@id\":\"https:\\\/\\\/transportjournal.com\\\/nl\\\/2026\\\/03\\\/13\\\/logistec-verwerft-logistics-park-dubuque\\\/\",\"url\":\"https:\\\/\\\/transportjournal.com\\\/nl\\\/2026\\\/03\\\/13\\\/logistec-verwerft-logistics-park-dubuque\\\/\",\"name\":\"Logistec verwerft Logistics Park Dubuque - ITJ | International Transport Journal\",\"isPartOf\":{\"@id\":\"https:\\\/\\\/transportjournal.com\\\/nl\\\/#website\"},\"primaryImageOfPage\":{\"@id\":\"https:\\\/\\\/transportjournal.com\\\/nl\\\/2026\\\/03\\\/13\\\/logistec-verwerft-logistics-park-dubuque\\\/#primaryimage\"},\"image\":{\"@id\":\"https:\\\/\\\/transportjournal.com\\\/nl\\\/2026\\\/03\\\/13\\\/logistec-verwerft-logistics-park-dubuque\\\/#primaryimage\"},\"thumbnailUrl\":\"https:\\\/\\\/transportjournal.com\\\/wp-content\\\/uploads\\\/sites\\\/2\\\/2026\\\/03\\\/Logistec-lpd-aerial-20240623-3179-980x551-1.jpg\",\"datePublished\":\"2026-03-13T11:02:19+00:00\",\"breadcrumb\":{\"@id\":\"https:\\\/\\\/transportjournal.com\\\/nl\\\/2026\\\/03\\\/13\\\/logistec-verwerft-logistics-park-dubuque\\\/#breadcrumb\"},\"inLanguage\":\"nl-NL\",\"potentialAction\":[{\"@type\":\"ReadAction\",\"target\":[\"https:\\\/\\\/transportjournal.com\\\/nl\\\/2026\\\/03\\\/13\\\/logistec-verwerft-logistics-park-dubuque\\\/\"]}]},{\"@type\":\"ImageObject\",\"inLanguage\":\"nl-NL\",\"@id\":\"https:\\\/\\\/transportjournal.com\\\/nl\\\/2026\\\/03\\\/13\\\/logistec-verwerft-logistics-park-dubuque\\\/#primaryimage\",\"url\":\"https:\\\/\\\/transportjournal.com\\\/wp-content\\\/uploads\\\/sites\\\/2\\\/2026\\\/03\\\/Logistec-lpd-aerial-20240623-3179-980x551-1.jpg\",\"contentUrl\":\"https:\\\/\\\/transportjournal.com\\\/wp-content\\\/uploads\\\/sites\\\/2\\\/2026\\\/03\\\/Logistec-lpd-aerial-20240623-3179-980x551-1.jpg\",\"width\":980,\"height\":551},{\"@type\":\"BreadcrumbList\",\"@id\":\"https:\\\/\\\/transportjournal.com\\\/nl\\\/2026\\\/03\\\/13\\\/logistec-verwerft-logistics-park-dubuque\\\/#breadcrumb\",\"itemListElement\":[{\"@type\":\"ListItem\",\"position\":1,\"name\":\"Startseite\",\"item\":\"https:\\\/\\\/transportjournal.com\\\/nl\\\/\"},{\"@type\":\"ListItem\",\"position\":2,\"name\":\"Logistec verwerft Logistics Park Dubuque\"}]},{\"@type\":\"WebSite\",\"@id\":\"https:\\\/\\\/transportjournal.com\\\/nl\\\/#website\",\"url\":\"https:\\\/\\\/transportjournal.com\\\/nl\\\/\",\"name\":\"ITJ | International Transport Journal\",\"description\":\"Stay informed with the latest global news from the transport, logistics, and supply chain industries. Transport Journal delivers expert insights, analysis, and updates across shipping, aviation, intermodal, and forwarding.\",\"publisher\":{\"@id\":\"https:\\\/\\\/transportjournal.com\\\/nl\\\/#organization\"},\"potentialAction\":[{\"@type\":\"SearchAction\",\"target\":{\"@type\":\"EntryPoint\",\"urlTemplate\":\"https:\\\/\\\/transportjournal.com\\\/nl\\\/?s={search_term_string}\"},\"query-input\":{\"@type\":\"PropertyValueSpecification\",\"valueRequired\":true,\"valueName\":\"search_term_string\"}}],\"inLanguage\":\"nl-NL\"},{\"@type\":\"Organization\",\"@id\":\"https:\\\/\\\/transportjournal.com\\\/nl\\\/#organization\",\"name\":\"Logismedia Groep AG\",\"alternateName\":\"Logismedia Group AG\",\"url\":\"https:\\\/\\\/transportjournal.com\\\/nl\\\/\",\"logo\":{\"@type\":\"ImageObject\",\"inLanguage\":\"nl-NL\",\"@id\":\"https:\\\/\\\/transportjournal.com\\\/nl\\\/#\\\/schema\\\/logo\\\/image\\\/\",\"url\":\"https:\\\/\\\/transportjournal.com\\\/wp-content\\\/uploads\\\/sites\\\/2\\\/2025\\\/09\\\/Logo_ITJ.png\",\"contentUrl\":\"https:\\\/\\\/transportjournal.com\\\/wp-content\\\/uploads\\\/sites\\\/2\\\/2025\\\/09\\\/Logo_ITJ.png\",\"width\":799,\"height\":326,\"caption\":\"Logismedia Groep AG\"},\"image\":{\"@id\":\"https:\\\/\\\/transportjournal.com\\\/nl\\\/#\\\/schema\\\/logo\\\/image\\\/\"},\"sameAs\":[\"https:\\\/\\\/www.linkedin.com\\\/company\\\/56456496\\\/admin\\\/dashboard\\\/\",\"https:\\\/\\\/www.instagram.com\\\/logismediagroup\\\/\",\"https:\\\/\\\/www.youtube.com\\\/@LogiamediaGroupAG\"]},{\"@type\":\"Person\",\"@id\":\"https:\\\/\\\/transportjournal.com\\\/nl\\\/#\\\/schema\\\/person\\\/cf538b3157f15afd7589245a4b3dbd25\",\"name\":\"Andreas Haug\",\"url\":\"https:\\\/\\\/transportjournal.com\\\/nl\\\/author\\\/andreas\\\/\"}]}<\/script>\n<!-- \/ Yoast SEO plugin. -->","yoast_head_json":{"title":"Logistec verwerft Logistics Park Dubuque - ITJ | International Transport Journal","robots":{"index":"index","follow":"follow","max-snippet":"max-snippet:-1","max-image-preview":"max-image-preview:large","max-video-preview":"max-video-preview:-1"},"canonical":"https:\/\/transportjournal.com\/nl\/2026\/03\/13\/logistec-verwerft-logistics-park-dubuque\/","og_locale":"nl_NL","og_type":"article","og_title":"Logistec verwerft Logistics Park Dubuque - ITJ | International Transport Journal","og_description":"Logistec heeft de Logistics Park Dubuque overgenomen om zijn netwerk in de VS uit te breiden en de effici\u00ebntie voor klanten in de Midwest-regio te verhogen.","og_url":"https:\/\/transportjournal.com\/nl\/2026\/03\/13\/logistec-verwerft-logistics-park-dubuque\/","og_site_name":"ITJ | International Transport Journal","article_published_time":"2026-03-13T11:02:19+00:00","og_image":[{"width":980,"height":551,"url":"https:\/\/transportjournal.com\/wp-content\/uploads\/sites\/2\/2026\/03\/Logistec-lpd-aerial-20240623-3179-980x551-1.jpg","type":"image\/jpeg"}],"author":"Andreas Haug","twitter_card":"summary_large_image","twitter_misc":{"Geschreven door":"Andreas Haug","Geschatte leestijd":"1 minuut"},"schema":{"@context":"https:\/\/schema.org","@graph":[{"@type":"Article","@id":"https:\/\/transportjournal.com\/nl\/2026\/03\/13\/logistec-verwerft-logistics-park-dubuque\/#article","isPartOf":{"@id":"https:\/\/transportjournal.com\/nl\/2026\/03\/13\/logistec-verwerft-logistics-park-dubuque\/"},"author":{"name":"Andreas Haug","@id":"https:\/\/transportjournal.com\/nl\/#\/schema\/person\/cf538b3157f15afd7589245a4b3dbd25"},"headline":"Logistec verwerft Logistics Park Dubuque","datePublished":"2026-03-13T11:02:19+00:00","mainEntityOfPage":{"@id":"https:\/\/transportjournal.com\/nl\/2026\/03\/13\/logistec-verwerft-logistics-park-dubuque\/"},"wordCount":300,"commentCount":0,"publisher":{"@id":"https:\/\/transportjournal.com\/nl\/#organization"},"image":{"@id":"https:\/\/transportjournal.com\/nl\/2026\/03\/13\/logistec-verwerft-logistics-park-dubuque\/#primaryimage"},"thumbnailUrl":"https:\/\/transportjournal.com\/wp-content\/uploads\/sites\/2\/2026\/03\/Logistec-lpd-aerial-20240623-3179-980x551-1.jpg","keywords":["acquisition LPD","agriculture logistics","Akquisition LPD","Binnenschifffahrt Oberer Mississippi","Binnenwasserstra\u00dfen USA","breakbulk loading","bulk handling services","cha\u00eenes d'approvisionnement r\u00e9gionales","chargement de marchandises","Deutsch LOGISTEC","d\u00e9veloppement des infrastructures","Digitalisierung in der Logistik","digitalization in logistics","expansion de terminal","Fachkr\u00e4ftemangel Logistik","industrial markets USA","industrielle M\u00e4rkte USA","infrastructure development","Infrastrukturentwicklung","inland shipping Upper Mississippi","inland waterways USA","labor shortage logistics","Landwirtschaft Logistik","Logistics Park Dubuque","logistics service providers North America","Logistikdienstleister Nordamerika","logistique agricole","logistique r\u00e9gion Midwest","LPD acquisition","march\u00e9s industriels USA","Midwest region logistics","Midwest-Region Logistik","multimodal terminal","multimodaler Terminal","nachhaltige Logistikl\u00f6sungen English LOGISTEC","navigation int\u00e9rieure Mississippi sup\u00e9rieur","num\u00e9risation dans la logistique","p\u00e9nurie de main-d'\u0153uvre logistique","prestataires de services logistiques Am\u00e9rique du Nord","rail transport CN Rail","regional supply chains","regionale Lieferketten","Schienenverkehr CN Rail","Sch\u00fcttgut Handhabung","services de manutention en vrac","solutions logistiques durables","Stahlindustrie Transport","steel industry transport","St\u00fcckgut Verladung","sustainable logistics solutions Fran\u00e7ais LOGISTEC","terminal expansion","terminal multimodal","Terminalerweiterung","transport et stockage","transport ferroviaire CN Rail","transport industrie de l'acier","Transport und Lagerung","transportation and storage","voies navigables int\u00e9rieures USA"],"articleSection":["Amerika","Expeditie &amp; Logistiek","Intermodaal \/ Weg","Scheepvaart en havens"],"inLanguage":"nl-NL","potentialAction":[{"@type":"CommentAction","name":"Comment","target":["https:\/\/transportjournal.com\/nl\/2026\/03\/13\/logistec-verwerft-logistics-park-dubuque\/#respond"]}]},{"@type":"WebPage","@id":"https:\/\/transportjournal.com\/nl\/2026\/03\/13\/logistec-verwerft-logistics-park-dubuque\/","url":"https:\/\/transportjournal.com\/nl\/2026\/03\/13\/logistec-verwerft-logistics-park-dubuque\/","name":"Logistec verwerft Logistics Park Dubuque - ITJ | International Transport Journal","isPartOf":{"@id":"https:\/\/transportjournal.com\/nl\/#website"},"primaryImageOfPage":{"@id":"https:\/\/transportjournal.com\/nl\/2026\/03\/13\/logistec-verwerft-logistics-park-dubuque\/#primaryimage"},"image":{"@id":"https:\/\/transportjournal.com\/nl\/2026\/03\/13\/logistec-verwerft-logistics-park-dubuque\/#primaryimage"},"thumbnailUrl":"https:\/\/transportjournal.com\/wp-content\/uploads\/sites\/2\/2026\/03\/Logistec-lpd-aerial-20240623-3179-980x551-1.jpg","datePublished":"2026-03-13T11:02:19+00:00","breadcrumb":{"@id":"https:\/\/transportjournal.com\/nl\/2026\/03\/13\/logistec-verwerft-logistics-park-dubuque\/#breadcrumb"},"inLanguage":"nl-NL","potentialAction":[{"@type":"ReadAction","target":["https:\/\/transportjournal.com\/nl\/2026\/03\/13\/logistec-verwerft-logistics-park-dubuque\/"]}]},{"@type":"ImageObject","inLanguage":"nl-NL","@id":"https:\/\/transportjournal.com\/nl\/2026\/03\/13\/logistec-verwerft-logistics-park-dubuque\/#primaryimage","url":"https:\/\/transportjournal.com\/wp-content\/uploads\/sites\/2\/2026\/03\/Logistec-lpd-aerial-20240623-3179-980x551-1.jpg","contentUrl":"https:\/\/transportjournal.com\/wp-content\/uploads\/sites\/2\/2026\/03\/Logistec-lpd-aerial-20240623-3179-980x551-1.jpg","width":980,"height":551},{"@type":"BreadcrumbList","@id":"https:\/\/transportjournal.com\/nl\/2026\/03\/13\/logistec-verwerft-logistics-park-dubuque\/#breadcrumb","itemListElement":[{"@type":"ListItem","position":1,"name":"Startseite","item":"https:\/\/transportjournal.com\/nl\/"},{"@type":"ListItem","position":2,"name":"Logistec verwerft Logistics Park Dubuque"}]},{"@type":"WebSite","@id":"https:\/\/transportjournal.com\/nl\/#website","url":"https:\/\/transportjournal.com\/nl\/","name":"ITJ | International Transport Journal","description":"Stay informed with the latest global news from the transport, logistics, and supply chain industries. Transport Journal delivers expert insights, analysis, and updates across shipping, aviation, intermodal, and forwarding.","publisher":{"@id":"https:\/\/transportjournal.com\/nl\/#organization"},"potentialAction":[{"@type":"SearchAction","target":{"@type":"EntryPoint","urlTemplate":"https:\/\/transportjournal.com\/nl\/?s={search_term_string}"},"query-input":{"@type":"PropertyValueSpecification","valueRequired":true,"valueName":"search_term_string"}}],"inLanguage":"nl-NL"},{"@type":"Organization","@id":"https:\/\/transportjournal.com\/nl\/#organization","name":"Logismedia Groep AG","alternateName":"Logismedia Group AG","url":"https:\/\/transportjournal.com\/nl\/","logo":{"@type":"ImageObject","inLanguage":"nl-NL","@id":"https:\/\/transportjournal.com\/nl\/#\/schema\/logo\/image\/","url":"https:\/\/transportjournal.com\/wp-content\/uploads\/sites\/2\/2025\/09\/Logo_ITJ.png","contentUrl":"https:\/\/transportjournal.com\/wp-content\/uploads\/sites\/2\/2025\/09\/Logo_ITJ.png","width":799,"height":326,"caption":"Logismedia Groep AG"},"image":{"@id":"https:\/\/transportjournal.com\/nl\/#\/schema\/logo\/image\/"},"sameAs":["https:\/\/www.linkedin.com\/company\/56456496\/admin\/dashboard\/","https:\/\/www.instagram.com\/logismediagroup\/","https:\/\/www.youtube.com\/@LogiamediaGroupAG"]},{"@type":"Person","@id":"https:\/\/transportjournal.com\/nl\/#\/schema\/person\/cf538b3157f15afd7589245a4b3dbd25","name":"Andreas Haug","url":"https:\/\/transportjournal.com\/nl\/author\/andreas\/"}]}},"_links":{"self":[{"href":"https:\/\/transportjournal.com\/nl\/wp-json\/wp\/v2\/posts\/80770","targetHints":{"allow":["GET"]}}],"collection":[{"href":"https:\/\/transportjournal.com\/nl\/wp-json\/wp\/v2\/posts"}],"about":[{"href":"https:\/\/transportjournal.com\/nl\/wp-json\/wp\/v2\/types\/post"}],"author":[{"embeddable":true,"href":"https:\/\/transportjournal.com\/nl\/wp-json\/wp\/v2\/users\/12"}],"replies":[{"embeddable":true,"href":"https:\/\/transportjournal.com\/nl\/wp-json\/wp\/v2\/comments?post=80770"}],"version-history":[{"count":0,"href":"https:\/\/transportjournal.com\/nl\/wp-json\/wp\/v2\/posts\/80770\/revisions"}],"wp:featuredmedia":[{"embeddable":true,"href":"https:\/\/transportjournal.com\/nl\/wp-json\/wp\/v2\/media\/80764"}],"wp:attachment":[{"href":"https:\/\/transportjournal.com\/nl\/wp-json\/wp\/v2\/media?parent=80770"}],"wp:term":[{"taxonomy":"category","embeddable":true,"href":"https:\/\/transportjournal.com\/nl\/wp-json\/wp\/v2\/categories?post=80770"},{"taxonomy":"post_tag","embeddable":true,"href":"https:\/\/transportjournal.com\/nl\/wp-json\/wp\/v2\/tags?post=80770"}],"curies":[{"name":"wp","href":"https:\/\/api.w.org\/{rel}","templated":true}]}}