{"id":80746,"date":"2026-03-13T10:10:27","date_gmt":"2026-03-13T10:10:27","guid":{"rendered":"https:\/\/transportjournal.com\/2026\/03\/13\/mitsubishi-logisnext-americas-wordt-omgedoopt\/"},"modified":"2026-03-13T10:10:27","modified_gmt":"2026-03-13T10:10:27","slug":"mitsubishi-logisnext-americas-wordt-omgedoopt","status":"publish","type":"post","link":"https:\/\/transportjournal.com\/nl\/2026\/03\/13\/mitsubishi-logisnext-americas-wordt-omgedoopt\/","title":{"rendered":"Mitsubishi Logisnext Americas wordt omgedoopt"},"content":{"rendered":"<p>Mitsubishi Logisnext Americas zal worden omgedoopt tot Logisnext Americas om een uniforme visie voor materiaalhandling te bevorderen. Deze naamsverandering, die op 30 april 2026 van kracht wordt, maakt deel uit van een uitgebreide transformatie van het bedrijf, dat onder het motto &#8222;Logisnext Vision 2035&#8220; staat. De naamswijziging is bedoeld om de wereldwijde focus van het bedrijf te versterken en in te spelen op de veranderende behoeften van de klanten.<\/p>\n<p>In het kader van deze transitie heeft Mitsubishi Logisnext Americas een partnerschap gesloten met Japan Industrial Partners (JIP) om duurzaam groei en langdurige waardecreatie te ondersteunen. Berry Mansfield, president van Mitsubishi Logisnext Americas, benadrukt dat de aankondiging de voortgang van het bedrijf weerspiegelt, maar dat de fundamentele waarden en de betrouwbaarheid waarop klanten al tientallen jaren vertrouwen, onveranderd blijven.<\/p>\n<p>De bestaande productlijn van Mitsubishi heftrucks zal onder de nieuwe naam Logisnext Forklifts worden gevoerd. Deze naamsverandering is bedoeld om de betrouwbaarheid van de producten en de naleving van wereldwijde prestatienormen te onderstrepen. Bovendien zal het aanbod van oplossingen worden uitgebreid om te voldoen aan de huidige eisen van materiaalhandling.<\/p>\n<p>De organisatie hecht tijdens de overgang veel waarde aan stabiliteit en continu\u00efteit voor haar dealers en klanten. Alle bestaande ondersteunings- en service-structuren blijven behouden om een soepele werking te waarborgen. Klanten en partners kunnen een naadloze ervaring verwachten, aangezien Logisnext Americas de vertrouwde producten en diensten blijft aanbieden.<\/p>\n<p>Mitsubishi Logisnext Americas heeft meer dan 100 jaar ervaring in materiaalhandling en biedt technologiegedreven oplossingen, vari\u00ebrend van automatisering tot uitgebreide vlootondersteuning. Het bedrijf heeft zijn hoofdkantoor in Houston, Texas, en verkoopt producten onder vijf toonaangevende merken, waaronder Mitsubishi heftrucks en Jungheinrich automatiseringsproducten.<\/p>\n<p>&nbsp;<\/p>\n<p><a href=\"https:\/\/www.logisnextamericas.com\/\" target=\"_blank\" rel=\"noopener noreferrer\">www.logisnextamericas.com<\/a><\/p>\n<p>&nbsp;<\/p>\n","protected":false},"excerpt":{"rendered":"<p>Mitsubishi Logisnext Americas wordt op 30 april 2026 omgedoopt om een uniforme visie voor materiaalhandling te bevorderen onder het motto &#8220;Logisnext Vision 2035&#8221;.<\/p>\n","protected":false},"author":12,"featured_media":80740,"comment_status":"open","ping_status":"","sticky":false,"template":"","format":"standard","meta":{"_acf_changed":false,"footnotes":""},"categories":[1602,1596,1591],"tags":[3668,3669,3670,26831,4041,2995,8440,26832,2695,2696,1889,26833,26834,26835,6786,6788,26836,26837,26838,26839,2125,3682,3683,26840,8452,26841,26842,2133,1831,6792,6795,22399,3015,26843,2717,3602,2148,26844,26845,26846,26847,8462,2237,26848,26849,26850,26851,3029,26852,26853,26854,26855],"class_list":["post-80746","post","type-post","status-publish","format-standard","has-post-thumbnail","hentry","category-amerika","category-intralogistiek","category-mensen-bedrijven","tag-automation","tag-automatisation","tag-automatisierung","tag-changement-de-nom","tag-chariots-elevateurs","tag-croissance-durable","tag-customer-service","tag-deutsch-mitsubishi-logisnext","tag-digitalisierung","tag-digitalization","tag-fachkraeftemangel","tag-fiabilite","tag-fleet-support","tag-flottenunterstuetzung","tag-forklifts","tag-gabelstapler","tag-gamme-de-produits","tag-global-performance-standards","tag-globale-leistungsstandards","tag-houston-texas","tag-industrie-du-transport","tag-infrastructure","tag-infrastruktur","tag-japan-industrial-partners","tag-kundenservice","tag-logisnext-americas","tag-logisnext-vision-2035","tag-logistics-service-providers","tag-logistikdienstleister","tag-manutention-de-materiel","tag-material-handling","tag-materialhandhabung","tag-nachhaltiges-wachstum","tag-normes-de-performance-mondiales","tag-numerisation","tag-penurie-de-competences","tag-prestataires-de-services-logistiques","tag-product-line","tag-produktlinie","tag-rebranding","tag-reliability","tag-service-client","tag-skills-shortage","tag-stabilitaet","tag-stabilite","tag-stability","tag-support-de-flotte","tag-sustainable-growth","tag-transport-industry-francais-mitsubishi-logisnext","tag-transportwirtschaft-english-mitsubishi-logisnext","tag-umbenennung","tag-zuverlaessigkeit"],"acf":[],"yoast_head":"<!-- This site is optimized with the Yoast SEO plugin v27.3 - https:\/\/yoast.com\/product\/yoast-seo-wordpress\/ -->\n<title>Mitsubishi Logisnext Americas wordt omgedoopt - ITJ | International Transport Journal<\/title>\n<meta name=\"robots\" content=\"index, follow, max-snippet:-1, max-image-preview:large, max-video-preview:-1\" \/>\n<link rel=\"canonical\" href=\"https:\/\/transportjournal.com\/nl\/2026\/03\/13\/mitsubishi-logisnext-americas-wordt-omgedoopt\/\" \/>\n<meta property=\"og:locale\" content=\"nl_NL\" \/>\n<meta property=\"og:type\" content=\"article\" \/>\n<meta property=\"og:title\" content=\"Mitsubishi Logisnext Americas wordt omgedoopt - ITJ | International Transport Journal\" \/>\n<meta property=\"og:description\" content=\"Mitsubishi Logisnext Americas wordt op 30 april 2026 omgedoopt om een uniforme visie voor materiaalhandling te bevorderen onder het motto &quot;Logisnext Vision 2035&quot;.\" \/>\n<meta property=\"og:url\" content=\"https:\/\/transportjournal.com\/nl\/2026\/03\/13\/mitsubishi-logisnext-americas-wordt-omgedoopt\/\" \/>\n<meta property=\"og:site_name\" content=\"ITJ | International Transport Journal\" \/>\n<meta property=\"article:published_time\" content=\"2026-03-13T10:10:27+00:00\" \/>\n<meta property=\"og:image\" content=\"https:\/\/transportjournal.com\/wp-content\/uploads\/sites\/2\/2026\/03\/Logisnext-hbj172-1050x350-1-aspect-ratio-1400-788.webp\" \/>\n\t<meta property=\"og:image:width\" content=\"705\" \/>\n\t<meta property=\"og:image:height\" content=\"397\" \/>\n\t<meta property=\"og:image:type\" content=\"image\/webp\" \/>\n<meta name=\"author\" content=\"Andreas Haug\" \/>\n<meta name=\"twitter:card\" content=\"summary_large_image\" \/>\n<meta name=\"twitter:label1\" content=\"Geschreven door\" \/>\n\t<meta name=\"twitter:data1\" content=\"Andreas Haug\" \/>\n\t<meta name=\"twitter:label2\" content=\"Geschatte leestijd\" \/>\n\t<meta name=\"twitter:data2\" content=\"1 minuut\" \/>\n<script type=\"application\/ld+json\" class=\"yoast-schema-graph\">{\"@context\":\"https:\\\/\\\/schema.org\",\"@graph\":[{\"@type\":\"Article\",\"@id\":\"https:\\\/\\\/transportjournal.com\\\/nl\\\/2026\\\/03\\\/13\\\/mitsubishi-logisnext-americas-wordt-omgedoopt\\\/#article\",\"isPartOf\":{\"@id\":\"https:\\\/\\\/transportjournal.com\\\/nl\\\/2026\\\/03\\\/13\\\/mitsubishi-logisnext-americas-wordt-omgedoopt\\\/\"},\"author\":{\"name\":\"Andreas Haug\",\"@id\":\"https:\\\/\\\/transportjournal.com\\\/nl\\\/#\\\/schema\\\/person\\\/cf538b3157f15afd7589245a4b3dbd25\"},\"headline\":\"Mitsubishi Logisnext Americas wordt omgedoopt\",\"datePublished\":\"2026-03-13T10:10:27+00:00\",\"mainEntityOfPage\":{\"@id\":\"https:\\\/\\\/transportjournal.com\\\/nl\\\/2026\\\/03\\\/13\\\/mitsubishi-logisnext-americas-wordt-omgedoopt\\\/\"},\"wordCount\":276,\"commentCount\":0,\"publisher\":{\"@id\":\"https:\\\/\\\/transportjournal.com\\\/nl\\\/#organization\"},\"image\":{\"@id\":\"https:\\\/\\\/transportjournal.com\\\/nl\\\/2026\\\/03\\\/13\\\/mitsubishi-logisnext-americas-wordt-omgedoopt\\\/#primaryimage\"},\"thumbnailUrl\":\"https:\\\/\\\/transportjournal.com\\\/wp-content\\\/uploads\\\/sites\\\/2\\\/2026\\\/03\\\/Logisnext-hbj172-1050x350-1-aspect-ratio-1400-788.webp\",\"keywords\":[\"automation\",\"automatisation\",\"Automatisierung\",\"changement de nom\",\"chariots \u00e9l\u00e9vateurs\",\"croissance durable\",\"customer service\",\"Deutsch Mitsubishi Logisnext\",\"Digitalisierung\",\"digitalization\",\"Fachkr\u00e4ftemangel\",\"fiabilit\u00e9\",\"fleet support\",\"Flottenunterst\u00fctzung\",\"forklifts\",\"Gabelstapler\",\"gamme de produits\",\"global performance standards\",\"globale Leistungsstandards\",\"Houston Texas\",\"industrie du transport\",\"infrastructure\",\"Infrastruktur\",\"Japan Industrial Partners\",\"Kundenservice\",\"Logisnext Americas\",\"Logisnext Vision 2035\",\"logistics service providers\",\"Logistikdienstleister\",\"manutention de mat\u00e9riel\",\"material handling\",\"Materialhandhabung\",\"nachhaltiges Wachstum\",\"normes de performance mondiales\",\"num\u00e9risation\",\"p\u00e9nurie de comp\u00e9tences\",\"prestataires de services logistiques\",\"product line\",\"Produktlinie\",\"rebranding\",\"reliability\",\"service client\",\"skills shortage\",\"Stabilit\u00e4t\",\"stabilit\u00e9\",\"stability\",\"support de flotte\",\"sustainable growth\",\"transport industry Fran\u00e7ais Mitsubishi Logisnext\",\"Transportwirtschaft English Mitsubishi Logisnext\",\"Umbenennung\",\"Zuverl\u00e4ssigkeit\"],\"articleSection\":[\"Amerika\",\"Intralogistiek\",\"Mensen &amp; Bedrijven\"],\"inLanguage\":\"nl-NL\",\"potentialAction\":[{\"@type\":\"CommentAction\",\"name\":\"Comment\",\"target\":[\"https:\\\/\\\/transportjournal.com\\\/nl\\\/2026\\\/03\\\/13\\\/mitsubishi-logisnext-americas-wordt-omgedoopt\\\/#respond\"]}]},{\"@type\":\"WebPage\",\"@id\":\"https:\\\/\\\/transportjournal.com\\\/nl\\\/2026\\\/03\\\/13\\\/mitsubishi-logisnext-americas-wordt-omgedoopt\\\/\",\"url\":\"https:\\\/\\\/transportjournal.com\\\/nl\\\/2026\\\/03\\\/13\\\/mitsubishi-logisnext-americas-wordt-omgedoopt\\\/\",\"name\":\"Mitsubishi Logisnext Americas wordt omgedoopt - ITJ | International Transport Journal\",\"isPartOf\":{\"@id\":\"https:\\\/\\\/transportjournal.com\\\/nl\\\/#website\"},\"primaryImageOfPage\":{\"@id\":\"https:\\\/\\\/transportjournal.com\\\/nl\\\/2026\\\/03\\\/13\\\/mitsubishi-logisnext-americas-wordt-omgedoopt\\\/#primaryimage\"},\"image\":{\"@id\":\"https:\\\/\\\/transportjournal.com\\\/nl\\\/2026\\\/03\\\/13\\\/mitsubishi-logisnext-americas-wordt-omgedoopt\\\/#primaryimage\"},\"thumbnailUrl\":\"https:\\\/\\\/transportjournal.com\\\/wp-content\\\/uploads\\\/sites\\\/2\\\/2026\\\/03\\\/Logisnext-hbj172-1050x350-1-aspect-ratio-1400-788.webp\",\"datePublished\":\"2026-03-13T10:10:27+00:00\",\"breadcrumb\":{\"@id\":\"https:\\\/\\\/transportjournal.com\\\/nl\\\/2026\\\/03\\\/13\\\/mitsubishi-logisnext-americas-wordt-omgedoopt\\\/#breadcrumb\"},\"inLanguage\":\"nl-NL\",\"potentialAction\":[{\"@type\":\"ReadAction\",\"target\":[\"https:\\\/\\\/transportjournal.com\\\/nl\\\/2026\\\/03\\\/13\\\/mitsubishi-logisnext-americas-wordt-omgedoopt\\\/\"]}]},{\"@type\":\"ImageObject\",\"inLanguage\":\"nl-NL\",\"@id\":\"https:\\\/\\\/transportjournal.com\\\/nl\\\/2026\\\/03\\\/13\\\/mitsubishi-logisnext-americas-wordt-omgedoopt\\\/#primaryimage\",\"url\":\"https:\\\/\\\/transportjournal.com\\\/wp-content\\\/uploads\\\/sites\\\/2\\\/2026\\\/03\\\/Logisnext-hbj172-1050x350-1-aspect-ratio-1400-788.webp\",\"contentUrl\":\"https:\\\/\\\/transportjournal.com\\\/wp-content\\\/uploads\\\/sites\\\/2\\\/2026\\\/03\\\/Logisnext-hbj172-1050x350-1-aspect-ratio-1400-788.webp\",\"width\":705,\"height\":397},{\"@type\":\"BreadcrumbList\",\"@id\":\"https:\\\/\\\/transportjournal.com\\\/nl\\\/2026\\\/03\\\/13\\\/mitsubishi-logisnext-americas-wordt-omgedoopt\\\/#breadcrumb\",\"itemListElement\":[{\"@type\":\"ListItem\",\"position\":1,\"name\":\"Startseite\",\"item\":\"https:\\\/\\\/transportjournal.com\\\/nl\\\/\"},{\"@type\":\"ListItem\",\"position\":2,\"name\":\"Mitsubishi Logisnext Americas wordt omgedoopt\"}]},{\"@type\":\"WebSite\",\"@id\":\"https:\\\/\\\/transportjournal.com\\\/nl\\\/#website\",\"url\":\"https:\\\/\\\/transportjournal.com\\\/nl\\\/\",\"name\":\"ITJ | International Transport Journal\",\"description\":\"Stay informed with the latest global news from the transport, logistics, and supply chain industries. Transport Journal delivers expert insights, analysis, and updates across shipping, aviation, intermodal, and forwarding.\",\"publisher\":{\"@id\":\"https:\\\/\\\/transportjournal.com\\\/nl\\\/#organization\"},\"potentialAction\":[{\"@type\":\"SearchAction\",\"target\":{\"@type\":\"EntryPoint\",\"urlTemplate\":\"https:\\\/\\\/transportjournal.com\\\/nl\\\/?s={search_term_string}\"},\"query-input\":{\"@type\":\"PropertyValueSpecification\",\"valueRequired\":true,\"valueName\":\"search_term_string\"}}],\"inLanguage\":\"nl-NL\"},{\"@type\":\"Organization\",\"@id\":\"https:\\\/\\\/transportjournal.com\\\/nl\\\/#organization\",\"name\":\"Logismedia Groep AG\",\"alternateName\":\"Logismedia Group AG\",\"url\":\"https:\\\/\\\/transportjournal.com\\\/nl\\\/\",\"logo\":{\"@type\":\"ImageObject\",\"inLanguage\":\"nl-NL\",\"@id\":\"https:\\\/\\\/transportjournal.com\\\/nl\\\/#\\\/schema\\\/logo\\\/image\\\/\",\"url\":\"https:\\\/\\\/transportjournal.com\\\/wp-content\\\/uploads\\\/sites\\\/2\\\/2025\\\/09\\\/Logo_ITJ.png\",\"contentUrl\":\"https:\\\/\\\/transportjournal.com\\\/wp-content\\\/uploads\\\/sites\\\/2\\\/2025\\\/09\\\/Logo_ITJ.png\",\"width\":799,\"height\":326,\"caption\":\"Logismedia Groep AG\"},\"image\":{\"@id\":\"https:\\\/\\\/transportjournal.com\\\/nl\\\/#\\\/schema\\\/logo\\\/image\\\/\"},\"sameAs\":[\"https:\\\/\\\/www.linkedin.com\\\/company\\\/56456496\\\/admin\\\/dashboard\\\/\",\"https:\\\/\\\/www.instagram.com\\\/logismediagroup\\\/\",\"https:\\\/\\\/www.youtube.com\\\/@LogiamediaGroupAG\"]},{\"@type\":\"Person\",\"@id\":\"https:\\\/\\\/transportjournal.com\\\/nl\\\/#\\\/schema\\\/person\\\/cf538b3157f15afd7589245a4b3dbd25\",\"name\":\"Andreas Haug\",\"url\":\"https:\\\/\\\/transportjournal.com\\\/nl\\\/author\\\/andreas\\\/\"}]}<\/script>\n<!-- \/ Yoast SEO plugin. -->","yoast_head_json":{"title":"Mitsubishi Logisnext Americas wordt omgedoopt - ITJ | International Transport Journal","robots":{"index":"index","follow":"follow","max-snippet":"max-snippet:-1","max-image-preview":"max-image-preview:large","max-video-preview":"max-video-preview:-1"},"canonical":"https:\/\/transportjournal.com\/nl\/2026\/03\/13\/mitsubishi-logisnext-americas-wordt-omgedoopt\/","og_locale":"nl_NL","og_type":"article","og_title":"Mitsubishi Logisnext Americas wordt omgedoopt - ITJ | International Transport Journal","og_description":"Mitsubishi Logisnext Americas wordt op 30 april 2026 omgedoopt om een uniforme visie voor materiaalhandling te bevorderen onder het motto \"Logisnext Vision 2035\".","og_url":"https:\/\/transportjournal.com\/nl\/2026\/03\/13\/mitsubishi-logisnext-americas-wordt-omgedoopt\/","og_site_name":"ITJ | International Transport Journal","article_published_time":"2026-03-13T10:10:27+00:00","og_image":[{"width":705,"height":397,"url":"https:\/\/transportjournal.com\/wp-content\/uploads\/sites\/2\/2026\/03\/Logisnext-hbj172-1050x350-1-aspect-ratio-1400-788.webp","type":"image\/webp"}],"author":"Andreas Haug","twitter_card":"summary_large_image","twitter_misc":{"Geschreven door":"Andreas Haug","Geschatte leestijd":"1 minuut"},"schema":{"@context":"https:\/\/schema.org","@graph":[{"@type":"Article","@id":"https:\/\/transportjournal.com\/nl\/2026\/03\/13\/mitsubishi-logisnext-americas-wordt-omgedoopt\/#article","isPartOf":{"@id":"https:\/\/transportjournal.com\/nl\/2026\/03\/13\/mitsubishi-logisnext-americas-wordt-omgedoopt\/"},"author":{"name":"Andreas Haug","@id":"https:\/\/transportjournal.com\/nl\/#\/schema\/person\/cf538b3157f15afd7589245a4b3dbd25"},"headline":"Mitsubishi Logisnext Americas wordt omgedoopt","datePublished":"2026-03-13T10:10:27+00:00","mainEntityOfPage":{"@id":"https:\/\/transportjournal.com\/nl\/2026\/03\/13\/mitsubishi-logisnext-americas-wordt-omgedoopt\/"},"wordCount":276,"commentCount":0,"publisher":{"@id":"https:\/\/transportjournal.com\/nl\/#organization"},"image":{"@id":"https:\/\/transportjournal.com\/nl\/2026\/03\/13\/mitsubishi-logisnext-americas-wordt-omgedoopt\/#primaryimage"},"thumbnailUrl":"https:\/\/transportjournal.com\/wp-content\/uploads\/sites\/2\/2026\/03\/Logisnext-hbj172-1050x350-1-aspect-ratio-1400-788.webp","keywords":["automation","automatisation","Automatisierung","changement de nom","chariots \u00e9l\u00e9vateurs","croissance durable","customer service","Deutsch Mitsubishi Logisnext","Digitalisierung","digitalization","Fachkr\u00e4ftemangel","fiabilit\u00e9","fleet support","Flottenunterst\u00fctzung","forklifts","Gabelstapler","gamme de produits","global performance standards","globale Leistungsstandards","Houston Texas","industrie du transport","infrastructure","Infrastruktur","Japan Industrial Partners","Kundenservice","Logisnext Americas","Logisnext Vision 2035","logistics service providers","Logistikdienstleister","manutention de mat\u00e9riel","material handling","Materialhandhabung","nachhaltiges Wachstum","normes de performance mondiales","num\u00e9risation","p\u00e9nurie de comp\u00e9tences","prestataires de services logistiques","product line","Produktlinie","rebranding","reliability","service client","skills shortage","Stabilit\u00e4t","stabilit\u00e9","stability","support de flotte","sustainable growth","transport industry Fran\u00e7ais Mitsubishi Logisnext","Transportwirtschaft English Mitsubishi Logisnext","Umbenennung","Zuverl\u00e4ssigkeit"],"articleSection":["Amerika","Intralogistiek","Mensen &amp; Bedrijven"],"inLanguage":"nl-NL","potentialAction":[{"@type":"CommentAction","name":"Comment","target":["https:\/\/transportjournal.com\/nl\/2026\/03\/13\/mitsubishi-logisnext-americas-wordt-omgedoopt\/#respond"]}]},{"@type":"WebPage","@id":"https:\/\/transportjournal.com\/nl\/2026\/03\/13\/mitsubishi-logisnext-americas-wordt-omgedoopt\/","url":"https:\/\/transportjournal.com\/nl\/2026\/03\/13\/mitsubishi-logisnext-americas-wordt-omgedoopt\/","name":"Mitsubishi Logisnext Americas wordt omgedoopt - ITJ | International Transport Journal","isPartOf":{"@id":"https:\/\/transportjournal.com\/nl\/#website"},"primaryImageOfPage":{"@id":"https:\/\/transportjournal.com\/nl\/2026\/03\/13\/mitsubishi-logisnext-americas-wordt-omgedoopt\/#primaryimage"},"image":{"@id":"https:\/\/transportjournal.com\/nl\/2026\/03\/13\/mitsubishi-logisnext-americas-wordt-omgedoopt\/#primaryimage"},"thumbnailUrl":"https:\/\/transportjournal.com\/wp-content\/uploads\/sites\/2\/2026\/03\/Logisnext-hbj172-1050x350-1-aspect-ratio-1400-788.webp","datePublished":"2026-03-13T10:10:27+00:00","breadcrumb":{"@id":"https:\/\/transportjournal.com\/nl\/2026\/03\/13\/mitsubishi-logisnext-americas-wordt-omgedoopt\/#breadcrumb"},"inLanguage":"nl-NL","potentialAction":[{"@type":"ReadAction","target":["https:\/\/transportjournal.com\/nl\/2026\/03\/13\/mitsubishi-logisnext-americas-wordt-omgedoopt\/"]}]},{"@type":"ImageObject","inLanguage":"nl-NL","@id":"https:\/\/transportjournal.com\/nl\/2026\/03\/13\/mitsubishi-logisnext-americas-wordt-omgedoopt\/#primaryimage","url":"https:\/\/transportjournal.com\/wp-content\/uploads\/sites\/2\/2026\/03\/Logisnext-hbj172-1050x350-1-aspect-ratio-1400-788.webp","contentUrl":"https:\/\/transportjournal.com\/wp-content\/uploads\/sites\/2\/2026\/03\/Logisnext-hbj172-1050x350-1-aspect-ratio-1400-788.webp","width":705,"height":397},{"@type":"BreadcrumbList","@id":"https:\/\/transportjournal.com\/nl\/2026\/03\/13\/mitsubishi-logisnext-americas-wordt-omgedoopt\/#breadcrumb","itemListElement":[{"@type":"ListItem","position":1,"name":"Startseite","item":"https:\/\/transportjournal.com\/nl\/"},{"@type":"ListItem","position":2,"name":"Mitsubishi Logisnext Americas wordt omgedoopt"}]},{"@type":"WebSite","@id":"https:\/\/transportjournal.com\/nl\/#website","url":"https:\/\/transportjournal.com\/nl\/","name":"ITJ | International Transport Journal","description":"Stay informed with the latest global news from the transport, logistics, and supply chain industries. Transport Journal delivers expert insights, analysis, and updates across shipping, aviation, intermodal, and forwarding.","publisher":{"@id":"https:\/\/transportjournal.com\/nl\/#organization"},"potentialAction":[{"@type":"SearchAction","target":{"@type":"EntryPoint","urlTemplate":"https:\/\/transportjournal.com\/nl\/?s={search_term_string}"},"query-input":{"@type":"PropertyValueSpecification","valueRequired":true,"valueName":"search_term_string"}}],"inLanguage":"nl-NL"},{"@type":"Organization","@id":"https:\/\/transportjournal.com\/nl\/#organization","name":"Logismedia Groep AG","alternateName":"Logismedia Group AG","url":"https:\/\/transportjournal.com\/nl\/","logo":{"@type":"ImageObject","inLanguage":"nl-NL","@id":"https:\/\/transportjournal.com\/nl\/#\/schema\/logo\/image\/","url":"https:\/\/transportjournal.com\/wp-content\/uploads\/sites\/2\/2025\/09\/Logo_ITJ.png","contentUrl":"https:\/\/transportjournal.com\/wp-content\/uploads\/sites\/2\/2025\/09\/Logo_ITJ.png","width":799,"height":326,"caption":"Logismedia Groep AG"},"image":{"@id":"https:\/\/transportjournal.com\/nl\/#\/schema\/logo\/image\/"},"sameAs":["https:\/\/www.linkedin.com\/company\/56456496\/admin\/dashboard\/","https:\/\/www.instagram.com\/logismediagroup\/","https:\/\/www.youtube.com\/@LogiamediaGroupAG"]},{"@type":"Person","@id":"https:\/\/transportjournal.com\/nl\/#\/schema\/person\/cf538b3157f15afd7589245a4b3dbd25","name":"Andreas Haug","url":"https:\/\/transportjournal.com\/nl\/author\/andreas\/"}]}},"_links":{"self":[{"href":"https:\/\/transportjournal.com\/nl\/wp-json\/wp\/v2\/posts\/80746","targetHints":{"allow":["GET"]}}],"collection":[{"href":"https:\/\/transportjournal.com\/nl\/wp-json\/wp\/v2\/posts"}],"about":[{"href":"https:\/\/transportjournal.com\/nl\/wp-json\/wp\/v2\/types\/post"}],"author":[{"embeddable":true,"href":"https:\/\/transportjournal.com\/nl\/wp-json\/wp\/v2\/users\/12"}],"replies":[{"embeddable":true,"href":"https:\/\/transportjournal.com\/nl\/wp-json\/wp\/v2\/comments?post=80746"}],"version-history":[{"count":0,"href":"https:\/\/transportjournal.com\/nl\/wp-json\/wp\/v2\/posts\/80746\/revisions"}],"wp:featuredmedia":[{"embeddable":true,"href":"https:\/\/transportjournal.com\/nl\/wp-json\/wp\/v2\/media\/80740"}],"wp:attachment":[{"href":"https:\/\/transportjournal.com\/nl\/wp-json\/wp\/v2\/media?parent=80746"}],"wp:term":[{"taxonomy":"category","embeddable":true,"href":"https:\/\/transportjournal.com\/nl\/wp-json\/wp\/v2\/categories?post=80746"},{"taxonomy":"post_tag","embeddable":true,"href":"https:\/\/transportjournal.com\/nl\/wp-json\/wp\/v2\/tags?post=80746"}],"curies":[{"name":"wp","href":"https:\/\/api.w.org\/{rel}","templated":true}]}}