{"id":80699,"date":"2026-03-13T08:09:49","date_gmt":"2026-03-13T08:09:49","guid":{"rendered":"https:\/\/transportjournal.com\/2026\/03\/13\/oprichter-van-amerijet-overleden\/"},"modified":"2026-03-13T08:09:49","modified_gmt":"2026-03-13T08:09:49","slug":"oprichter-van-amerijet-overleden","status":"publish","type":"post","link":"https:\/\/transportjournal.com\/nl\/2026\/03\/13\/oprichter-van-amerijet-overleden\/","title":{"rendered":"Oprichter van Amerijet overleden"},"content":{"rendered":"<p>David Bassett, de oprichter van Amerijet International Airlines met hoofdkantoor in Miami, is overleden. Bassett, die het bedrijf in 1974 oprichtte, leidde het meer dan vier decennia en ontwikkelde het van een kleine lucht taxi-operatie tot een belangrijke internationale vrachtluchtvaartmaatschappij die de markten in het Caribisch gebied en Midden- en Zuid-Amerika bedient.<\/p>\n<p>In de beginjaren was Bassett niet alleen de oprichter, maar ook de piloot die zelf de vliegtuigen bestuurde en het bedrijf door elke vlucht opbouwde. Door zijn visie en vasthoudendheid cre\u00eberde hij een bedrijf dat in de VS en de Amerika&#8217;s als een vertrouwde naam werd erkend. Zijn passie voor de luchtvaart begon al in zijn jeugd in Guyana, waar zijn familie als missionarissen actief was. Daar leerde hij vliegen en hielp hij bij het repareren van vliegtuigen op afgelegen landingsbanen.<\/p>\n<p>Na zijn tijd bij de US Air Force keerde Bassett terug naar Zuid-Florida om zijn ondernemersambities in de luchtvaart na te jagen. In de jaren &#8217;70, toen Amerijet werd opgericht, werd het merendeel van de vracht nog vervoerd in de vrachtcompartimenten van passagiersvliegtuigen. Bassett erkende vroeg de behoefte aan betrouwbare vrachtservice en bouwde Amerijet op om gespecialiseerde regionale markten te bedienen.<\/p>\n<p>Wat begon als Professional Charter Services, ontwikkelde zich onder Bassetts leiding snel verder. In 1976 transformeerde het bedrijf naar een pure vrachtleverancier en ondersteunde het de groei van overnight-koeriersdiensten. In de late jaren &#8217;70 en vroege jaren &#8217;80 breidde Amerijet zijn operaties uit en begon het contracten te sluiten met grote koeriersbedrijven zoals Purolator, FedEx, UPS, DHL en Airborne Express.<\/p>\n<p>In 1982 verwierf Bassett de volledige controle over het bedrijf, dat zijn vloot en logistieke capaciteiten bleef uitbreiden. In 1987 werd het hoofdkantoor gevestigd op Miami International Airport, van waaruit Amerijet een sterk vracht netwerk opbouwde dat het Caribisch gebied, Mexico, Midden-Amerika en Zuid-Amerika verbindt.<\/p>\n<p>Bassetts leiderschapsstijl werd gekenmerkt door mentorschap en het cre\u00ebren van kansen. Hij investeerde in zijn medewerkers en stimuleerde hun professionele ontwikkeling. Velen die vroeg in hun carri\u00e8re bij Amerijet kwamen, konden onder zijn begeleiding langdurige carri\u00e8res opbouwen. Samen met zijn vrouw Kandee cre\u00eberde hij een bedrijfscultuur die werd gekenmerkt door loyaliteit, respect en oprechte interesse in de medewerkers.<\/p>\n<p>Bassetts bijdragen aan de luchtvaart zijn meerdere keren erkend. In 2013 ontving hij de Wright Brothers Memorial Award voor zijn levenslange bijdragen aan de veiligheid in de commerci\u00eble luchtvaart. Eerder werd hij in 2007 onderscheiden met de Juan Trippe Award, die zijn significante bijdragen aan de ontwikkeling van de internationale luchtvaart eerde.<\/p>\n<p>&nbsp;<\/p>\n<p><a href=\"https:\/\/amerijet.com\/\" target=\"_blank\" rel=\"noopener noreferrer\">www.amerijet.com<\/a><\/p>\n<p>&nbsp;<\/p>\n","protected":false},"excerpt":{"rendered":"<p>David Bassett, oprichter van Amerijet International Airlines, is overleden en laat een belangrijke erfenis in de luchtvaart achter.<\/p>\n","protected":false},"author":12,"featured_media":80693,"comment_status":"open","ping_status":"","sticky":false,"template":"","format":"standard","meta":{"_acf_changed":false,"footnotes":""},"categories":[1602,1594,1591],"tags":[6016,26648,11219,26649,4363,26650,23810,13850,9819,13851,4376,9822,26651,26652,26653,23812,1996,26654,9832,26655,26656,2125,26657,26658,26659,13865,26660,2131,2134,2136,26661,4387,26662,26663,26664,26665,6034,26666,23823,26667,26668,26669,11241,11243,2155,1837,26670,26671],"class_list":["post-80699","post","type-post","status-publish","format-standard","has-post-thumbnail","hentry","category-amerika","category-luchtvracht","category-mensen-bedrijven","tag-aeroport-international-de-miami","tag-air-taxi-service","tag-amerique-du-sud","tag-aviation","tag-aviation-community","tag-aviation-pioneer","tag-berufliche-entwicklung","tag-caraibes","tag-cargo-airline","tag-caribbean","tag-communaute-aeronautique","tag-compagnie-aerienne-de-fret","tag-courier-services","tag-david-bassett","tag-deutsch-amerijet","tag-developpement-professionnel","tag-dhl","tag-fedex","tag-frachtfluggesellschaft","tag-frachtservice","tag-freight-service","tag-industrie-du-transport","tag-juan-trippe-award","tag-juan-trippe-award-english-amerijet","tag-juan-trippe-award-francais-amerijet","tag-karibik","tag-kurierdienste","tag-logistics","tag-logistik","tag-logistique","tag-luftfahrt","tag-luftfahrtgemeinschaft","tag-luftfahrtpionier","tag-lufttaxi-betrieb","tag-mentorat","tag-mentorship","tag-miami-international-airport","tag-pionnier-de-laviation","tag-professional-development","tag-service-de-fret","tag-service-de-taxi-aerien","tag-services-de-messagerie","tag-south-america","tag-suedamerika","tag-transport-industry","tag-transportwirtschaft","tag-ups","tag-wright-brothers-memorial-award"],"acf":[],"yoast_head":"<!-- This site is optimized with the Yoast SEO plugin v27.3 - https:\/\/yoast.com\/product\/yoast-seo-wordpress\/ -->\n<title>Oprichter van Amerijet overleden - ITJ | International Transport Journal<\/title>\n<meta name=\"robots\" content=\"index, follow, max-snippet:-1, max-image-preview:large, max-video-preview:-1\" \/>\n<link rel=\"canonical\" href=\"https:\/\/transportjournal.com\/nl\/2026\/03\/13\/oprichter-van-amerijet-overleden\/\" \/>\n<meta property=\"og:locale\" content=\"nl_NL\" \/>\n<meta property=\"og:type\" content=\"article\" \/>\n<meta property=\"og:title\" content=\"Oprichter van Amerijet overleden - ITJ | International Transport Journal\" \/>\n<meta property=\"og:description\" content=\"David Bassett, oprichter van Amerijet International Airlines, is overleden en laat een belangrijke erfenis in de luchtvaart achter.\" \/>\n<meta property=\"og:url\" content=\"https:\/\/transportjournal.com\/nl\/2026\/03\/13\/oprichter-van-amerijet-overleden\/\" \/>\n<meta property=\"og:site_name\" content=\"ITJ | International Transport Journal\" \/>\n<meta property=\"article:published_time\" content=\"2026-03-13T08:09:49+00:00\" \/>\n<meta property=\"og:image\" content=\"https:\/\/transportjournal.com\/wp-content\/uploads\/sites\/2\/2026\/03\/Amerijet-dave-aspect-ratio-1400-788.webp\" \/>\n\t<meta property=\"og:image:width\" content=\"889\" \/>\n\t<meta property=\"og:image:height\" content=\"500\" \/>\n\t<meta property=\"og:image:type\" content=\"image\/webp\" \/>\n<meta name=\"author\" content=\"Andreas Haug\" \/>\n<meta name=\"twitter:card\" content=\"summary_large_image\" \/>\n<meta name=\"twitter:label1\" content=\"Geschreven door\" \/>\n\t<meta name=\"twitter:data1\" content=\"Andreas Haug\" \/>\n\t<meta name=\"twitter:label2\" content=\"Geschatte leestijd\" \/>\n\t<meta name=\"twitter:data2\" content=\"2 minuut\" \/>\n<script type=\"application\/ld+json\" class=\"yoast-schema-graph\">{\"@context\":\"https:\\\/\\\/schema.org\",\"@graph\":[{\"@type\":\"Article\",\"@id\":\"https:\\\/\\\/transportjournal.com\\\/nl\\\/2026\\\/03\\\/13\\\/oprichter-van-amerijet-overleden\\\/#article\",\"isPartOf\":{\"@id\":\"https:\\\/\\\/transportjournal.com\\\/nl\\\/2026\\\/03\\\/13\\\/oprichter-van-amerijet-overleden\\\/\"},\"author\":{\"name\":\"Andreas Haug\",\"@id\":\"https:\\\/\\\/transportjournal.com\\\/nl\\\/#\\\/schema\\\/person\\\/cf538b3157f15afd7589245a4b3dbd25\"},\"headline\":\"Oprichter van Amerijet overleden\",\"datePublished\":\"2026-03-13T08:09:49+00:00\",\"mainEntityOfPage\":{\"@id\":\"https:\\\/\\\/transportjournal.com\\\/nl\\\/2026\\\/03\\\/13\\\/oprichter-van-amerijet-overleden\\\/\"},\"wordCount\":416,\"commentCount\":0,\"publisher\":{\"@id\":\"https:\\\/\\\/transportjournal.com\\\/nl\\\/#organization\"},\"image\":{\"@id\":\"https:\\\/\\\/transportjournal.com\\\/nl\\\/2026\\\/03\\\/13\\\/oprichter-van-amerijet-overleden\\\/#primaryimage\"},\"thumbnailUrl\":\"https:\\\/\\\/transportjournal.com\\\/wp-content\\\/uploads\\\/sites\\\/2\\\/2026\\\/03\\\/Amerijet-dave-aspect-ratio-1400-788.webp\",\"keywords\":[\"a\u00e9roport international de Miami\",\"air taxi service\",\"Am\u00e9rique du Sud\",\"aviation\",\"aviation community\",\"aviation pioneer\",\"berufliche Entwicklung\",\"Cara\u00efbes\",\"cargo airline\",\"Caribbean\",\"communaut\u00e9 a\u00e9ronautique\",\"compagnie a\u00e9rienne de fret\",\"courier services\",\"David Bassett\",\"Deutsch Amerijet\",\"d\u00e9veloppement professionnel\",\"DHL\",\"FedEx\",\"Frachtfluggesellschaft\",\"Frachtservice\",\"freight service\",\"industrie du transport\",\"Juan Trippe Award\",\"Juan Trippe Award English Amerijet\",\"Juan Trippe Award Fran\u00e7ais Amerijet\",\"Karibik\",\"Kurierdienste\",\"logistics\",\"Logistik\",\"logistique\",\"Luftfahrt\",\"Luftfahrtgemeinschaft\",\"Luftfahrtpionier\",\"Lufttaxi-Betrieb\",\"mentorat\",\"Mentorship\",\"Miami International Airport\",\"pionnier de l'aviation\",\"professional development\",\"service de fret\",\"service de taxi a\u00e9rien\",\"services de messagerie\",\"South America\",\"S\u00fcdamerika\",\"transport industry\",\"Transportwirtschaft\",\"UPS\",\"Wright Brothers Memorial Award\"],\"articleSection\":[\"Amerika\",\"Luchtvracht\",\"Mensen &amp; Bedrijven\"],\"inLanguage\":\"nl-NL\",\"potentialAction\":[{\"@type\":\"CommentAction\",\"name\":\"Comment\",\"target\":[\"https:\\\/\\\/transportjournal.com\\\/nl\\\/2026\\\/03\\\/13\\\/oprichter-van-amerijet-overleden\\\/#respond\"]}]},{\"@type\":\"WebPage\",\"@id\":\"https:\\\/\\\/transportjournal.com\\\/nl\\\/2026\\\/03\\\/13\\\/oprichter-van-amerijet-overleden\\\/\",\"url\":\"https:\\\/\\\/transportjournal.com\\\/nl\\\/2026\\\/03\\\/13\\\/oprichter-van-amerijet-overleden\\\/\",\"name\":\"Oprichter van Amerijet overleden - ITJ | International Transport Journal\",\"isPartOf\":{\"@id\":\"https:\\\/\\\/transportjournal.com\\\/nl\\\/#website\"},\"primaryImageOfPage\":{\"@id\":\"https:\\\/\\\/transportjournal.com\\\/nl\\\/2026\\\/03\\\/13\\\/oprichter-van-amerijet-overleden\\\/#primaryimage\"},\"image\":{\"@id\":\"https:\\\/\\\/transportjournal.com\\\/nl\\\/2026\\\/03\\\/13\\\/oprichter-van-amerijet-overleden\\\/#primaryimage\"},\"thumbnailUrl\":\"https:\\\/\\\/transportjournal.com\\\/wp-content\\\/uploads\\\/sites\\\/2\\\/2026\\\/03\\\/Amerijet-dave-aspect-ratio-1400-788.webp\",\"datePublished\":\"2026-03-13T08:09:49+00:00\",\"breadcrumb\":{\"@id\":\"https:\\\/\\\/transportjournal.com\\\/nl\\\/2026\\\/03\\\/13\\\/oprichter-van-amerijet-overleden\\\/#breadcrumb\"},\"inLanguage\":\"nl-NL\",\"potentialAction\":[{\"@type\":\"ReadAction\",\"target\":[\"https:\\\/\\\/transportjournal.com\\\/nl\\\/2026\\\/03\\\/13\\\/oprichter-van-amerijet-overleden\\\/\"]}]},{\"@type\":\"ImageObject\",\"inLanguage\":\"nl-NL\",\"@id\":\"https:\\\/\\\/transportjournal.com\\\/nl\\\/2026\\\/03\\\/13\\\/oprichter-van-amerijet-overleden\\\/#primaryimage\",\"url\":\"https:\\\/\\\/transportjournal.com\\\/wp-content\\\/uploads\\\/sites\\\/2\\\/2026\\\/03\\\/Amerijet-dave-aspect-ratio-1400-788.webp\",\"contentUrl\":\"https:\\\/\\\/transportjournal.com\\\/wp-content\\\/uploads\\\/sites\\\/2\\\/2026\\\/03\\\/Amerijet-dave-aspect-ratio-1400-788.webp\",\"width\":889,\"height\":500},{\"@type\":\"BreadcrumbList\",\"@id\":\"https:\\\/\\\/transportjournal.com\\\/nl\\\/2026\\\/03\\\/13\\\/oprichter-van-amerijet-overleden\\\/#breadcrumb\",\"itemListElement\":[{\"@type\":\"ListItem\",\"position\":1,\"name\":\"Startseite\",\"item\":\"https:\\\/\\\/transportjournal.com\\\/nl\\\/\"},{\"@type\":\"ListItem\",\"position\":2,\"name\":\"Oprichter van Amerijet overleden\"}]},{\"@type\":\"WebSite\",\"@id\":\"https:\\\/\\\/transportjournal.com\\\/nl\\\/#website\",\"url\":\"https:\\\/\\\/transportjournal.com\\\/nl\\\/\",\"name\":\"ITJ | International Transport Journal\",\"description\":\"Stay informed with the latest global news from the transport, logistics, and supply chain industries. Transport Journal delivers expert insights, analysis, and updates across shipping, aviation, intermodal, and forwarding.\",\"publisher\":{\"@id\":\"https:\\\/\\\/transportjournal.com\\\/nl\\\/#organization\"},\"potentialAction\":[{\"@type\":\"SearchAction\",\"target\":{\"@type\":\"EntryPoint\",\"urlTemplate\":\"https:\\\/\\\/transportjournal.com\\\/nl\\\/?s={search_term_string}\"},\"query-input\":{\"@type\":\"PropertyValueSpecification\",\"valueRequired\":true,\"valueName\":\"search_term_string\"}}],\"inLanguage\":\"nl-NL\"},{\"@type\":\"Organization\",\"@id\":\"https:\\\/\\\/transportjournal.com\\\/nl\\\/#organization\",\"name\":\"Logismedia Groep AG\",\"alternateName\":\"Logismedia Group AG\",\"url\":\"https:\\\/\\\/transportjournal.com\\\/nl\\\/\",\"logo\":{\"@type\":\"ImageObject\",\"inLanguage\":\"nl-NL\",\"@id\":\"https:\\\/\\\/transportjournal.com\\\/nl\\\/#\\\/schema\\\/logo\\\/image\\\/\",\"url\":\"https:\\\/\\\/transportjournal.com\\\/wp-content\\\/uploads\\\/sites\\\/2\\\/2025\\\/09\\\/Logo_ITJ.png\",\"contentUrl\":\"https:\\\/\\\/transportjournal.com\\\/wp-content\\\/uploads\\\/sites\\\/2\\\/2025\\\/09\\\/Logo_ITJ.png\",\"width\":799,\"height\":326,\"caption\":\"Logismedia Groep AG\"},\"image\":{\"@id\":\"https:\\\/\\\/transportjournal.com\\\/nl\\\/#\\\/schema\\\/logo\\\/image\\\/\"},\"sameAs\":[\"https:\\\/\\\/www.linkedin.com\\\/company\\\/56456496\\\/admin\\\/dashboard\\\/\",\"https:\\\/\\\/www.instagram.com\\\/logismediagroup\\\/\",\"https:\\\/\\\/www.youtube.com\\\/@LogiamediaGroupAG\"]},{\"@type\":\"Person\",\"@id\":\"https:\\\/\\\/transportjournal.com\\\/nl\\\/#\\\/schema\\\/person\\\/cf538b3157f15afd7589245a4b3dbd25\",\"name\":\"Andreas Haug\",\"url\":\"https:\\\/\\\/transportjournal.com\\\/nl\\\/author\\\/andreas\\\/\"}]}<\/script>\n<!-- \/ Yoast SEO plugin. -->","yoast_head_json":{"title":"Oprichter van Amerijet overleden - ITJ | International Transport Journal","robots":{"index":"index","follow":"follow","max-snippet":"max-snippet:-1","max-image-preview":"max-image-preview:large","max-video-preview":"max-video-preview:-1"},"canonical":"https:\/\/transportjournal.com\/nl\/2026\/03\/13\/oprichter-van-amerijet-overleden\/","og_locale":"nl_NL","og_type":"article","og_title":"Oprichter van Amerijet overleden - ITJ | International Transport Journal","og_description":"David Bassett, oprichter van Amerijet International Airlines, is overleden en laat een belangrijke erfenis in de luchtvaart achter.","og_url":"https:\/\/transportjournal.com\/nl\/2026\/03\/13\/oprichter-van-amerijet-overleden\/","og_site_name":"ITJ | International Transport Journal","article_published_time":"2026-03-13T08:09:49+00:00","og_image":[{"width":889,"height":500,"url":"https:\/\/transportjournal.com\/wp-content\/uploads\/sites\/2\/2026\/03\/Amerijet-dave-aspect-ratio-1400-788.webp","type":"image\/webp"}],"author":"Andreas Haug","twitter_card":"summary_large_image","twitter_misc":{"Geschreven door":"Andreas Haug","Geschatte leestijd":"2 minuut"},"schema":{"@context":"https:\/\/schema.org","@graph":[{"@type":"Article","@id":"https:\/\/transportjournal.com\/nl\/2026\/03\/13\/oprichter-van-amerijet-overleden\/#article","isPartOf":{"@id":"https:\/\/transportjournal.com\/nl\/2026\/03\/13\/oprichter-van-amerijet-overleden\/"},"author":{"name":"Andreas Haug","@id":"https:\/\/transportjournal.com\/nl\/#\/schema\/person\/cf538b3157f15afd7589245a4b3dbd25"},"headline":"Oprichter van Amerijet overleden","datePublished":"2026-03-13T08:09:49+00:00","mainEntityOfPage":{"@id":"https:\/\/transportjournal.com\/nl\/2026\/03\/13\/oprichter-van-amerijet-overleden\/"},"wordCount":416,"commentCount":0,"publisher":{"@id":"https:\/\/transportjournal.com\/nl\/#organization"},"image":{"@id":"https:\/\/transportjournal.com\/nl\/2026\/03\/13\/oprichter-van-amerijet-overleden\/#primaryimage"},"thumbnailUrl":"https:\/\/transportjournal.com\/wp-content\/uploads\/sites\/2\/2026\/03\/Amerijet-dave-aspect-ratio-1400-788.webp","keywords":["a\u00e9roport international de Miami","air taxi service","Am\u00e9rique du Sud","aviation","aviation community","aviation pioneer","berufliche Entwicklung","Cara\u00efbes","cargo airline","Caribbean","communaut\u00e9 a\u00e9ronautique","compagnie a\u00e9rienne de fret","courier services","David Bassett","Deutsch Amerijet","d\u00e9veloppement professionnel","DHL","FedEx","Frachtfluggesellschaft","Frachtservice","freight service","industrie du transport","Juan Trippe Award","Juan Trippe Award English Amerijet","Juan Trippe Award Fran\u00e7ais Amerijet","Karibik","Kurierdienste","logistics","Logistik","logistique","Luftfahrt","Luftfahrtgemeinschaft","Luftfahrtpionier","Lufttaxi-Betrieb","mentorat","Mentorship","Miami International Airport","pionnier de l'aviation","professional development","service de fret","service de taxi a\u00e9rien","services de messagerie","South America","S\u00fcdamerika","transport industry","Transportwirtschaft","UPS","Wright Brothers Memorial Award"],"articleSection":["Amerika","Luchtvracht","Mensen &amp; Bedrijven"],"inLanguage":"nl-NL","potentialAction":[{"@type":"CommentAction","name":"Comment","target":["https:\/\/transportjournal.com\/nl\/2026\/03\/13\/oprichter-van-amerijet-overleden\/#respond"]}]},{"@type":"WebPage","@id":"https:\/\/transportjournal.com\/nl\/2026\/03\/13\/oprichter-van-amerijet-overleden\/","url":"https:\/\/transportjournal.com\/nl\/2026\/03\/13\/oprichter-van-amerijet-overleden\/","name":"Oprichter van Amerijet overleden - ITJ | International Transport Journal","isPartOf":{"@id":"https:\/\/transportjournal.com\/nl\/#website"},"primaryImageOfPage":{"@id":"https:\/\/transportjournal.com\/nl\/2026\/03\/13\/oprichter-van-amerijet-overleden\/#primaryimage"},"image":{"@id":"https:\/\/transportjournal.com\/nl\/2026\/03\/13\/oprichter-van-amerijet-overleden\/#primaryimage"},"thumbnailUrl":"https:\/\/transportjournal.com\/wp-content\/uploads\/sites\/2\/2026\/03\/Amerijet-dave-aspect-ratio-1400-788.webp","datePublished":"2026-03-13T08:09:49+00:00","breadcrumb":{"@id":"https:\/\/transportjournal.com\/nl\/2026\/03\/13\/oprichter-van-amerijet-overleden\/#breadcrumb"},"inLanguage":"nl-NL","potentialAction":[{"@type":"ReadAction","target":["https:\/\/transportjournal.com\/nl\/2026\/03\/13\/oprichter-van-amerijet-overleden\/"]}]},{"@type":"ImageObject","inLanguage":"nl-NL","@id":"https:\/\/transportjournal.com\/nl\/2026\/03\/13\/oprichter-van-amerijet-overleden\/#primaryimage","url":"https:\/\/transportjournal.com\/wp-content\/uploads\/sites\/2\/2026\/03\/Amerijet-dave-aspect-ratio-1400-788.webp","contentUrl":"https:\/\/transportjournal.com\/wp-content\/uploads\/sites\/2\/2026\/03\/Amerijet-dave-aspect-ratio-1400-788.webp","width":889,"height":500},{"@type":"BreadcrumbList","@id":"https:\/\/transportjournal.com\/nl\/2026\/03\/13\/oprichter-van-amerijet-overleden\/#breadcrumb","itemListElement":[{"@type":"ListItem","position":1,"name":"Startseite","item":"https:\/\/transportjournal.com\/nl\/"},{"@type":"ListItem","position":2,"name":"Oprichter van Amerijet overleden"}]},{"@type":"WebSite","@id":"https:\/\/transportjournal.com\/nl\/#website","url":"https:\/\/transportjournal.com\/nl\/","name":"ITJ | International Transport Journal","description":"Stay informed with the latest global news from the transport, logistics, and supply chain industries. Transport Journal delivers expert insights, analysis, and updates across shipping, aviation, intermodal, and forwarding.","publisher":{"@id":"https:\/\/transportjournal.com\/nl\/#organization"},"potentialAction":[{"@type":"SearchAction","target":{"@type":"EntryPoint","urlTemplate":"https:\/\/transportjournal.com\/nl\/?s={search_term_string}"},"query-input":{"@type":"PropertyValueSpecification","valueRequired":true,"valueName":"search_term_string"}}],"inLanguage":"nl-NL"},{"@type":"Organization","@id":"https:\/\/transportjournal.com\/nl\/#organization","name":"Logismedia Groep AG","alternateName":"Logismedia Group AG","url":"https:\/\/transportjournal.com\/nl\/","logo":{"@type":"ImageObject","inLanguage":"nl-NL","@id":"https:\/\/transportjournal.com\/nl\/#\/schema\/logo\/image\/","url":"https:\/\/transportjournal.com\/wp-content\/uploads\/sites\/2\/2025\/09\/Logo_ITJ.png","contentUrl":"https:\/\/transportjournal.com\/wp-content\/uploads\/sites\/2\/2025\/09\/Logo_ITJ.png","width":799,"height":326,"caption":"Logismedia Groep AG"},"image":{"@id":"https:\/\/transportjournal.com\/nl\/#\/schema\/logo\/image\/"},"sameAs":["https:\/\/www.linkedin.com\/company\/56456496\/admin\/dashboard\/","https:\/\/www.instagram.com\/logismediagroup\/","https:\/\/www.youtube.com\/@LogiamediaGroupAG"]},{"@type":"Person","@id":"https:\/\/transportjournal.com\/nl\/#\/schema\/person\/cf538b3157f15afd7589245a4b3dbd25","name":"Andreas Haug","url":"https:\/\/transportjournal.com\/nl\/author\/andreas\/"}]}},"_links":{"self":[{"href":"https:\/\/transportjournal.com\/nl\/wp-json\/wp\/v2\/posts\/80699","targetHints":{"allow":["GET"]}}],"collection":[{"href":"https:\/\/transportjournal.com\/nl\/wp-json\/wp\/v2\/posts"}],"about":[{"href":"https:\/\/transportjournal.com\/nl\/wp-json\/wp\/v2\/types\/post"}],"author":[{"embeddable":true,"href":"https:\/\/transportjournal.com\/nl\/wp-json\/wp\/v2\/users\/12"}],"replies":[{"embeddable":true,"href":"https:\/\/transportjournal.com\/nl\/wp-json\/wp\/v2\/comments?post=80699"}],"version-history":[{"count":0,"href":"https:\/\/transportjournal.com\/nl\/wp-json\/wp\/v2\/posts\/80699\/revisions"}],"wp:featuredmedia":[{"embeddable":true,"href":"https:\/\/transportjournal.com\/nl\/wp-json\/wp\/v2\/media\/80693"}],"wp:attachment":[{"href":"https:\/\/transportjournal.com\/nl\/wp-json\/wp\/v2\/media?parent=80699"}],"wp:term":[{"taxonomy":"category","embeddable":true,"href":"https:\/\/transportjournal.com\/nl\/wp-json\/wp\/v2\/categories?post=80699"},{"taxonomy":"post_tag","embeddable":true,"href":"https:\/\/transportjournal.com\/nl\/wp-json\/wp\/v2\/tags?post=80699"}],"curies":[{"name":"wp","href":"https:\/\/api.w.org\/{rel}","templated":true}]}}