{"id":80667,"date":"2026-03-12T15:03:00","date_gmt":"2026-03-12T15:03:00","guid":{"rendered":"https:\/\/transportjournal.com\/2026\/03\/12\/transnatur-wisselt-partner-in-de-regio-stuttgart\/"},"modified":"2026-03-12T15:03:00","modified_gmt":"2026-03-12T15:03:00","slug":"transnatur-wisselt-partner-in-de-regio-stuttgart","status":"publish","type":"post","link":"https:\/\/transportjournal.com\/nl\/2026\/03\/12\/transnatur-wisselt-partner-in-de-regio-stuttgart\/","title":{"rendered":"Transnatur wisselt partner in de regio Stuttgart"},"content":{"rendered":"<p>De Transnatur Group heeft onlangs een nieuwe samenwerking aangegaan met het expediteur- en logistiekbedrijf L. Wackler Wwe. Nachf. GmbH. De samenwerking bestrijkt het gebied Stuttgart in het westen van Duitsland.<\/p>\n<p>Wackler werd meer dan 100 jaar geleden opgericht en wordt vandaag de dag in de vijfde generatie geleid door de ondernemersfamilie. Het hoofdkantoor van het bedrijf bevindt zich in G\u00f6ppingen, ongeveer 50 km van Stuttgart. Wackler beschikt over ongeveer 100.000 m<sup>2<\/sup> aan opslagruimte en heeft 270 medewerkers in dienst.<\/p>\n<p>Met de nieuwe samenwerking wil de Transnatur Group haar bestaande transporten in deze sterk ge\u00efndustrialiseerde en economisch dynamische regio veiligstellen en verder uitbreiden. De regio Stuttgart is een belangrijke locatie voor de Europese auto- en technologie-industrie. Talrijke bedrijven uit de auto- en IT-sector zijn daar gevestigd, waardoor een krachtige logistieke structuur van bijzonder belang is.<\/p>\n<p>De dagelijkse export- en importservice moet worden gehandhaafd met optimale transittijden. De Transnatur Group is ervan overtuigd dat de samenwerking beide bedrijven in staat stelt een hoog serviceniveau te waarborgen en tegelijkertijd nieuwe zakelijke mogelijkheden in de regio te ontsluiten.<\/p>\n<p><a href=\"http:\/\/www.transnatur.com\" target=\"_blank\" rel=\"noopener noreferrer\">www.transnatur.com<\/a><\/p>\n<p><a href=\"https:\/\/www.wackler.de\" target=\"_blank\" rel=\"noopener noreferrer\">www.wackler.de<\/a><\/p>\n","protected":false},"excerpt":{"rendered":"<p>De Transnatur Group heeft een samenwerking gestart met L. Wackler Wwe. Nachf. GmbH om logistieke diensten in de regio Stuttgart te optimaliseren en uit te breiden.<\/p>\n","protected":false},"author":14,"featured_media":80661,"comment_status":"open","ping_status":"","sticky":false,"template":"","format":"standard","meta":{"_acf_changed":false,"footnotes":""},"categories":[1599,1593,1592],"tags":[26511,26512,5246,26513,3353,3354,26514,26515,26516,26517,2122,26518,2123,26519,26520,3328,3994,26521,26522,26523,5256,4000,2821,26524,26525,1831,26526,3336,26527,3379,3339,3340,2479,26528,26529,26530,26531,26532,13807,26533,2339,26534,2106,26535,26536,26537,26538,26539,26540,26541,26542,26543,26544],"class_list":["post-80667","post","type-post","status-publish","format-standard","has-post-thumbnail","hentry","category-europa","category-expeditie-logistiek","category-intermodaal-weg","tag-automobilindustrie-stuttgart","tag-automotive-industry-stuttgart","tag-cooperation-logistique","tag-deutsch-transnatur","tag-digitalisierung-logistik","tag-digitalization-logistics","tag-dynamique-economique-stuttgart","tag-economic-dynamics-stuttgart","tag-entreprises-de-logistique-allemagne","tag-espace-dentreposage-goeppingen","tag-fachkraeftemangel-logistik","tag-fournisseurs-de-logistique","tag-gestion-de-la-chaine-dapprovisionnement","tag-import-export-stuttgart","tag-industrie-automobile-stuttgart","tag-infrastructure-logistique","tag-infrastruktur-logistik","tag-kooperation-logistik","tag-lagerflaeche-goeppingen","tag-logistics-companies-germany","tag-logistics-cooperation","tag-logistics-infrastructure","tag-logistics-providers","tag-logistics-stuttgart","tag-logistik-stuttgart","tag-logistikdienstleister","tag-logistikunternehmen-deutschland","tag-logistique-de-colis-allemagne","tag-logistique-stuttgart","tag-numerisation-logistique","tag-paketlogistik-deutschland","tag-parcel-logistics-germany","tag-penurie-de-competences-logistique","tag-prestataires-de-services-de-transport-stuttgart","tag-rail-freight-stuttgart","tag-regional-logistics-solutions","tag-regionale-logistikloesungen","tag-schienengueterverkehr-stuttgart","tag-secteur-du-transport-allemagne","tag-secteur-technologique-stuttgart","tag-skills-shortage-logistics","tag-solutions-logistiques-regionales","tag-supply-chain-management","tag-technologiebranche-stuttgart","tag-technology-sector-stuttgart","tag-transport-ferroviaire-stuttgart","tag-transport-industry-germany-francais-transnatur","tag-transport-service-providers-stuttgart","tag-transportdienstleister-stuttgart","tag-transportwirtschaft-deutschland-english-transnatur","tag-wackler","tag-warehouse-space-goeppingen","tag-wirtschaftliche-dynamik-stuttgart"],"acf":[],"yoast_head":"<!-- This site is optimized with the Yoast SEO plugin v27.3 - https:\/\/yoast.com\/product\/yoast-seo-wordpress\/ -->\n<title>Transnatur wisselt partner in de regio Stuttgart - ITJ | International Transport Journal<\/title>\n<meta name=\"robots\" content=\"index, follow, max-snippet:-1, max-image-preview:large, max-video-preview:-1\" \/>\n<link rel=\"canonical\" href=\"https:\/\/transportjournal.com\/nl\/2026\/03\/12\/transnatur-wisselt-partner-in-de-regio-stuttgart\/\" \/>\n<meta property=\"og:locale\" content=\"nl_NL\" \/>\n<meta property=\"og:type\" content=\"article\" \/>\n<meta property=\"og:title\" content=\"Transnatur wisselt partner in de regio Stuttgart - ITJ | International Transport Journal\" \/>\n<meta property=\"og:description\" content=\"De Transnatur Group heeft een samenwerking gestart met L. Wackler Wwe. Nachf. GmbH om logistieke diensten in de regio Stuttgart te optimaliseren en uit te breiden.\" \/>\n<meta property=\"og:url\" content=\"https:\/\/transportjournal.com\/nl\/2026\/03\/12\/transnatur-wisselt-partner-in-de-regio-stuttgart\/\" \/>\n<meta property=\"og:site_name\" content=\"ITJ | International Transport Journal\" \/>\n<meta property=\"article:published_time\" content=\"2026-03-12T15:03:00+00:00\" \/>\n<meta property=\"og:image\" content=\"https:\/\/transportjournal.com\/wp-content\/uploads\/sites\/2\/2026\/03\/transnatur-expertos-aduanas-1024x576-1.jpeg\" \/>\n\t<meta property=\"og:image:width\" content=\"1024\" \/>\n\t<meta property=\"og:image:height\" content=\"576\" \/>\n\t<meta property=\"og:image:type\" content=\"image\/jpeg\" \/>\n<meta name=\"author\" content=\"Gyan Sharan\" \/>\n<meta name=\"twitter:card\" content=\"summary_large_image\" \/>\n<meta name=\"twitter:label1\" content=\"Geschreven door\" \/>\n\t<meta name=\"twitter:data1\" content=\"Gyan Sharan\" \/>\n\t<meta name=\"twitter:label2\" content=\"Geschatte leestijd\" \/>\n\t<meta name=\"twitter:data2\" content=\"1 minuut\" \/>\n<script type=\"application\/ld+json\" class=\"yoast-schema-graph\">{\"@context\":\"https:\\\/\\\/schema.org\",\"@graph\":[{\"@type\":\"Article\",\"@id\":\"https:\\\/\\\/transportjournal.com\\\/nl\\\/2026\\\/03\\\/12\\\/transnatur-wisselt-partner-in-de-regio-stuttgart\\\/#article\",\"isPartOf\":{\"@id\":\"https:\\\/\\\/transportjournal.com\\\/nl\\\/2026\\\/03\\\/12\\\/transnatur-wisselt-partner-in-de-regio-stuttgart\\\/\"},\"author\":{\"name\":\"Gyan Sharan\",\"@id\":\"https:\\\/\\\/transportjournal.com\\\/nl\\\/#\\\/schema\\\/person\\\/13a9fc605c753db60ef7750a229cd042\"},\"headline\":\"Transnatur wisselt partner in de regio Stuttgart\",\"datePublished\":\"2026-03-12T15:03:00+00:00\",\"mainEntityOfPage\":{\"@id\":\"https:\\\/\\\/transportjournal.com\\\/nl\\\/2026\\\/03\\\/12\\\/transnatur-wisselt-partner-in-de-regio-stuttgart\\\/\"},\"wordCount\":185,\"commentCount\":0,\"publisher\":{\"@id\":\"https:\\\/\\\/transportjournal.com\\\/nl\\\/#organization\"},\"image\":{\"@id\":\"https:\\\/\\\/transportjournal.com\\\/nl\\\/2026\\\/03\\\/12\\\/transnatur-wisselt-partner-in-de-regio-stuttgart\\\/#primaryimage\"},\"thumbnailUrl\":\"https:\\\/\\\/transportjournal.com\\\/wp-content\\\/uploads\\\/sites\\\/2\\\/2026\\\/03\\\/transnatur-expertos-aduanas-1024x576-1.jpeg\",\"keywords\":[\"Automobilindustrie Stuttgart\",\"automotive industry Stuttgart\",\"coop\u00e9ration logistique\",\"Deutsch Transnatur\",\"Digitalisierung Logistik\",\"digitalization logistics\",\"dynamique \u00e9conomique Stuttgart\",\"economic dynamics Stuttgart\",\"entreprises de logistique Allemagne\",\"espace d'entreposage G\u00f6ppingen\",\"Fachkr\u00e4ftemangel Logistik\",\"fournisseurs de logistique\",\"gestion de la cha\u00eene d'approvisionnement\",\"Import Export Stuttgart\",\"industrie automobile Stuttgart\",\"infrastructure logistique\",\"Infrastruktur Logistik\",\"Kooperation Logistik\",\"Lagerfl\u00e4che G\u00f6ppingen\",\"logistics companies Germany\",\"logistics cooperation\",\"logistics infrastructure\",\"logistics providers\",\"logistics Stuttgart\",\"Logistik Stuttgart\",\"Logistikdienstleister\",\"Logistikunternehmen Deutschland\",\"logistique de colis Allemagne\",\"logistique Stuttgart\",\"num\u00e9risation logistique\",\"Paketlogistik Deutschland\",\"parcel logistics Germany\",\"p\u00e9nurie de comp\u00e9tences logistique\",\"prestataires de services de transport Stuttgart\",\"rail freight Stuttgart\",\"regional logistics solutions\",\"regionale Logistikl\u00f6sungen\",\"Schieneng\u00fcterverkehr Stuttgart\",\"secteur du transport Allemagne\",\"secteur technologique Stuttgart\",\"skills shortage logistics\",\"solutions logistiques r\u00e9gionales\",\"Supply Chain Management\",\"Technologiebranche Stuttgart\",\"technology sector Stuttgart\",\"transport ferroviaire Stuttgart\",\"transport industry Germany Fran\u00e7ais Transnatur\",\"transport service providers Stuttgart\",\"Transportdienstleister Stuttgart\",\"Transportwirtschaft Deutschland English Transnatur\",\"Wackler\",\"warehouse space G\u00f6ppingen\",\"wirtschaftliche Dynamik Stuttgart\"],\"articleSection\":[\"Europa\",\"Expeditie &amp; Logistiek\",\"Intermodaal \\\/ Weg\"],\"inLanguage\":\"nl-NL\",\"potentialAction\":[{\"@type\":\"CommentAction\",\"name\":\"Comment\",\"target\":[\"https:\\\/\\\/transportjournal.com\\\/nl\\\/2026\\\/03\\\/12\\\/transnatur-wisselt-partner-in-de-regio-stuttgart\\\/#respond\"]}]},{\"@type\":\"WebPage\",\"@id\":\"https:\\\/\\\/transportjournal.com\\\/nl\\\/2026\\\/03\\\/12\\\/transnatur-wisselt-partner-in-de-regio-stuttgart\\\/\",\"url\":\"https:\\\/\\\/transportjournal.com\\\/nl\\\/2026\\\/03\\\/12\\\/transnatur-wisselt-partner-in-de-regio-stuttgart\\\/\",\"name\":\"Transnatur wisselt partner in de regio Stuttgart - ITJ | International Transport Journal\",\"isPartOf\":{\"@id\":\"https:\\\/\\\/transportjournal.com\\\/nl\\\/#website\"},\"primaryImageOfPage\":{\"@id\":\"https:\\\/\\\/transportjournal.com\\\/nl\\\/2026\\\/03\\\/12\\\/transnatur-wisselt-partner-in-de-regio-stuttgart\\\/#primaryimage\"},\"image\":{\"@id\":\"https:\\\/\\\/transportjournal.com\\\/nl\\\/2026\\\/03\\\/12\\\/transnatur-wisselt-partner-in-de-regio-stuttgart\\\/#primaryimage\"},\"thumbnailUrl\":\"https:\\\/\\\/transportjournal.com\\\/wp-content\\\/uploads\\\/sites\\\/2\\\/2026\\\/03\\\/transnatur-expertos-aduanas-1024x576-1.jpeg\",\"datePublished\":\"2026-03-12T15:03:00+00:00\",\"breadcrumb\":{\"@id\":\"https:\\\/\\\/transportjournal.com\\\/nl\\\/2026\\\/03\\\/12\\\/transnatur-wisselt-partner-in-de-regio-stuttgart\\\/#breadcrumb\"},\"inLanguage\":\"nl-NL\",\"potentialAction\":[{\"@type\":\"ReadAction\",\"target\":[\"https:\\\/\\\/transportjournal.com\\\/nl\\\/2026\\\/03\\\/12\\\/transnatur-wisselt-partner-in-de-regio-stuttgart\\\/\"]}]},{\"@type\":\"ImageObject\",\"inLanguage\":\"nl-NL\",\"@id\":\"https:\\\/\\\/transportjournal.com\\\/nl\\\/2026\\\/03\\\/12\\\/transnatur-wisselt-partner-in-de-regio-stuttgart\\\/#primaryimage\",\"url\":\"https:\\\/\\\/transportjournal.com\\\/wp-content\\\/uploads\\\/sites\\\/2\\\/2026\\\/03\\\/transnatur-expertos-aduanas-1024x576-1.jpeg\",\"contentUrl\":\"https:\\\/\\\/transportjournal.com\\\/wp-content\\\/uploads\\\/sites\\\/2\\\/2026\\\/03\\\/transnatur-expertos-aduanas-1024x576-1.jpeg\",\"width\":1024,\"height\":576},{\"@type\":\"BreadcrumbList\",\"@id\":\"https:\\\/\\\/transportjournal.com\\\/nl\\\/2026\\\/03\\\/12\\\/transnatur-wisselt-partner-in-de-regio-stuttgart\\\/#breadcrumb\",\"itemListElement\":[{\"@type\":\"ListItem\",\"position\":1,\"name\":\"Startseite\",\"item\":\"https:\\\/\\\/transportjournal.com\\\/nl\\\/\"},{\"@type\":\"ListItem\",\"position\":2,\"name\":\"Transnatur wisselt partner in de regio Stuttgart\"}]},{\"@type\":\"WebSite\",\"@id\":\"https:\\\/\\\/transportjournal.com\\\/nl\\\/#website\",\"url\":\"https:\\\/\\\/transportjournal.com\\\/nl\\\/\",\"name\":\"ITJ | International Transport Journal\",\"description\":\"Stay informed with the latest global news from the transport, logistics, and supply chain industries. Transport Journal delivers expert insights, analysis, and updates across shipping, aviation, intermodal, and forwarding.\",\"publisher\":{\"@id\":\"https:\\\/\\\/transportjournal.com\\\/nl\\\/#organization\"},\"potentialAction\":[{\"@type\":\"SearchAction\",\"target\":{\"@type\":\"EntryPoint\",\"urlTemplate\":\"https:\\\/\\\/transportjournal.com\\\/nl\\\/?s={search_term_string}\"},\"query-input\":{\"@type\":\"PropertyValueSpecification\",\"valueRequired\":true,\"valueName\":\"search_term_string\"}}],\"inLanguage\":\"nl-NL\"},{\"@type\":\"Organization\",\"@id\":\"https:\\\/\\\/transportjournal.com\\\/nl\\\/#organization\",\"name\":\"Logismedia Groep AG\",\"alternateName\":\"Logismedia Group AG\",\"url\":\"https:\\\/\\\/transportjournal.com\\\/nl\\\/\",\"logo\":{\"@type\":\"ImageObject\",\"inLanguage\":\"nl-NL\",\"@id\":\"https:\\\/\\\/transportjournal.com\\\/nl\\\/#\\\/schema\\\/logo\\\/image\\\/\",\"url\":\"https:\\\/\\\/transportjournal.com\\\/wp-content\\\/uploads\\\/sites\\\/2\\\/2025\\\/09\\\/Logo_ITJ.png\",\"contentUrl\":\"https:\\\/\\\/transportjournal.com\\\/wp-content\\\/uploads\\\/sites\\\/2\\\/2025\\\/09\\\/Logo_ITJ.png\",\"width\":799,\"height\":326,\"caption\":\"Logismedia Groep AG\"},\"image\":{\"@id\":\"https:\\\/\\\/transportjournal.com\\\/nl\\\/#\\\/schema\\\/logo\\\/image\\\/\"},\"sameAs\":[\"https:\\\/\\\/www.linkedin.com\\\/company\\\/56456496\\\/admin\\\/dashboard\\\/\",\"https:\\\/\\\/www.instagram.com\\\/logismediagroup\\\/\",\"https:\\\/\\\/www.youtube.com\\\/@LogiamediaGroupAG\"]},{\"@type\":\"Person\",\"@id\":\"https:\\\/\\\/transportjournal.com\\\/nl\\\/#\\\/schema\\\/person\\\/13a9fc605c753db60ef7750a229cd042\",\"name\":\"Gyan Sharan\",\"url\":\"https:\\\/\\\/transportjournal.com\\\/nl\\\/author\\\/gyan\\\/\"}]}<\/script>\n<!-- \/ Yoast SEO plugin. -->","yoast_head_json":{"title":"Transnatur wisselt partner in de regio Stuttgart - ITJ | International Transport Journal","robots":{"index":"index","follow":"follow","max-snippet":"max-snippet:-1","max-image-preview":"max-image-preview:large","max-video-preview":"max-video-preview:-1"},"canonical":"https:\/\/transportjournal.com\/nl\/2026\/03\/12\/transnatur-wisselt-partner-in-de-regio-stuttgart\/","og_locale":"nl_NL","og_type":"article","og_title":"Transnatur wisselt partner in de regio Stuttgart - ITJ | International Transport Journal","og_description":"De Transnatur Group heeft een samenwerking gestart met L. Wackler Wwe. Nachf. GmbH om logistieke diensten in de regio Stuttgart te optimaliseren en uit te breiden.","og_url":"https:\/\/transportjournal.com\/nl\/2026\/03\/12\/transnatur-wisselt-partner-in-de-regio-stuttgart\/","og_site_name":"ITJ | International Transport Journal","article_published_time":"2026-03-12T15:03:00+00:00","og_image":[{"width":1024,"height":576,"url":"https:\/\/transportjournal.com\/wp-content\/uploads\/sites\/2\/2026\/03\/transnatur-expertos-aduanas-1024x576-1.jpeg","type":"image\/jpeg"}],"author":"Gyan Sharan","twitter_card":"summary_large_image","twitter_misc":{"Geschreven door":"Gyan Sharan","Geschatte leestijd":"1 minuut"},"schema":{"@context":"https:\/\/schema.org","@graph":[{"@type":"Article","@id":"https:\/\/transportjournal.com\/nl\/2026\/03\/12\/transnatur-wisselt-partner-in-de-regio-stuttgart\/#article","isPartOf":{"@id":"https:\/\/transportjournal.com\/nl\/2026\/03\/12\/transnatur-wisselt-partner-in-de-regio-stuttgart\/"},"author":{"name":"Gyan Sharan","@id":"https:\/\/transportjournal.com\/nl\/#\/schema\/person\/13a9fc605c753db60ef7750a229cd042"},"headline":"Transnatur wisselt partner in de regio Stuttgart","datePublished":"2026-03-12T15:03:00+00:00","mainEntityOfPage":{"@id":"https:\/\/transportjournal.com\/nl\/2026\/03\/12\/transnatur-wisselt-partner-in-de-regio-stuttgart\/"},"wordCount":185,"commentCount":0,"publisher":{"@id":"https:\/\/transportjournal.com\/nl\/#organization"},"image":{"@id":"https:\/\/transportjournal.com\/nl\/2026\/03\/12\/transnatur-wisselt-partner-in-de-regio-stuttgart\/#primaryimage"},"thumbnailUrl":"https:\/\/transportjournal.com\/wp-content\/uploads\/sites\/2\/2026\/03\/transnatur-expertos-aduanas-1024x576-1.jpeg","keywords":["Automobilindustrie Stuttgart","automotive industry Stuttgart","coop\u00e9ration logistique","Deutsch Transnatur","Digitalisierung Logistik","digitalization logistics","dynamique \u00e9conomique Stuttgart","economic dynamics Stuttgart","entreprises de logistique Allemagne","espace d'entreposage G\u00f6ppingen","Fachkr\u00e4ftemangel Logistik","fournisseurs de logistique","gestion de la cha\u00eene d'approvisionnement","Import Export Stuttgart","industrie automobile Stuttgart","infrastructure logistique","Infrastruktur Logistik","Kooperation Logistik","Lagerfl\u00e4che G\u00f6ppingen","logistics companies Germany","logistics cooperation","logistics infrastructure","logistics providers","logistics Stuttgart","Logistik Stuttgart","Logistikdienstleister","Logistikunternehmen Deutschland","logistique de colis Allemagne","logistique Stuttgart","num\u00e9risation logistique","Paketlogistik Deutschland","parcel logistics Germany","p\u00e9nurie de comp\u00e9tences logistique","prestataires de services de transport Stuttgart","rail freight Stuttgart","regional logistics solutions","regionale Logistikl\u00f6sungen","Schieneng\u00fcterverkehr Stuttgart","secteur du transport Allemagne","secteur technologique Stuttgart","skills shortage logistics","solutions logistiques r\u00e9gionales","Supply Chain Management","Technologiebranche Stuttgart","technology sector Stuttgart","transport ferroviaire Stuttgart","transport industry Germany Fran\u00e7ais Transnatur","transport service providers Stuttgart","Transportdienstleister Stuttgart","Transportwirtschaft Deutschland English Transnatur","Wackler","warehouse space G\u00f6ppingen","wirtschaftliche Dynamik Stuttgart"],"articleSection":["Europa","Expeditie &amp; Logistiek","Intermodaal \/ Weg"],"inLanguage":"nl-NL","potentialAction":[{"@type":"CommentAction","name":"Comment","target":["https:\/\/transportjournal.com\/nl\/2026\/03\/12\/transnatur-wisselt-partner-in-de-regio-stuttgart\/#respond"]}]},{"@type":"WebPage","@id":"https:\/\/transportjournal.com\/nl\/2026\/03\/12\/transnatur-wisselt-partner-in-de-regio-stuttgart\/","url":"https:\/\/transportjournal.com\/nl\/2026\/03\/12\/transnatur-wisselt-partner-in-de-regio-stuttgart\/","name":"Transnatur wisselt partner in de regio Stuttgart - ITJ | International Transport Journal","isPartOf":{"@id":"https:\/\/transportjournal.com\/nl\/#website"},"primaryImageOfPage":{"@id":"https:\/\/transportjournal.com\/nl\/2026\/03\/12\/transnatur-wisselt-partner-in-de-regio-stuttgart\/#primaryimage"},"image":{"@id":"https:\/\/transportjournal.com\/nl\/2026\/03\/12\/transnatur-wisselt-partner-in-de-regio-stuttgart\/#primaryimage"},"thumbnailUrl":"https:\/\/transportjournal.com\/wp-content\/uploads\/sites\/2\/2026\/03\/transnatur-expertos-aduanas-1024x576-1.jpeg","datePublished":"2026-03-12T15:03:00+00:00","breadcrumb":{"@id":"https:\/\/transportjournal.com\/nl\/2026\/03\/12\/transnatur-wisselt-partner-in-de-regio-stuttgart\/#breadcrumb"},"inLanguage":"nl-NL","potentialAction":[{"@type":"ReadAction","target":["https:\/\/transportjournal.com\/nl\/2026\/03\/12\/transnatur-wisselt-partner-in-de-regio-stuttgart\/"]}]},{"@type":"ImageObject","inLanguage":"nl-NL","@id":"https:\/\/transportjournal.com\/nl\/2026\/03\/12\/transnatur-wisselt-partner-in-de-regio-stuttgart\/#primaryimage","url":"https:\/\/transportjournal.com\/wp-content\/uploads\/sites\/2\/2026\/03\/transnatur-expertos-aduanas-1024x576-1.jpeg","contentUrl":"https:\/\/transportjournal.com\/wp-content\/uploads\/sites\/2\/2026\/03\/transnatur-expertos-aduanas-1024x576-1.jpeg","width":1024,"height":576},{"@type":"BreadcrumbList","@id":"https:\/\/transportjournal.com\/nl\/2026\/03\/12\/transnatur-wisselt-partner-in-de-regio-stuttgart\/#breadcrumb","itemListElement":[{"@type":"ListItem","position":1,"name":"Startseite","item":"https:\/\/transportjournal.com\/nl\/"},{"@type":"ListItem","position":2,"name":"Transnatur wisselt partner in de regio Stuttgart"}]},{"@type":"WebSite","@id":"https:\/\/transportjournal.com\/nl\/#website","url":"https:\/\/transportjournal.com\/nl\/","name":"ITJ | International Transport Journal","description":"Stay informed with the latest global news from the transport, logistics, and supply chain industries. Transport Journal delivers expert insights, analysis, and updates across shipping, aviation, intermodal, and forwarding.","publisher":{"@id":"https:\/\/transportjournal.com\/nl\/#organization"},"potentialAction":[{"@type":"SearchAction","target":{"@type":"EntryPoint","urlTemplate":"https:\/\/transportjournal.com\/nl\/?s={search_term_string}"},"query-input":{"@type":"PropertyValueSpecification","valueRequired":true,"valueName":"search_term_string"}}],"inLanguage":"nl-NL"},{"@type":"Organization","@id":"https:\/\/transportjournal.com\/nl\/#organization","name":"Logismedia Groep AG","alternateName":"Logismedia Group AG","url":"https:\/\/transportjournal.com\/nl\/","logo":{"@type":"ImageObject","inLanguage":"nl-NL","@id":"https:\/\/transportjournal.com\/nl\/#\/schema\/logo\/image\/","url":"https:\/\/transportjournal.com\/wp-content\/uploads\/sites\/2\/2025\/09\/Logo_ITJ.png","contentUrl":"https:\/\/transportjournal.com\/wp-content\/uploads\/sites\/2\/2025\/09\/Logo_ITJ.png","width":799,"height":326,"caption":"Logismedia Groep AG"},"image":{"@id":"https:\/\/transportjournal.com\/nl\/#\/schema\/logo\/image\/"},"sameAs":["https:\/\/www.linkedin.com\/company\/56456496\/admin\/dashboard\/","https:\/\/www.instagram.com\/logismediagroup\/","https:\/\/www.youtube.com\/@LogiamediaGroupAG"]},{"@type":"Person","@id":"https:\/\/transportjournal.com\/nl\/#\/schema\/person\/13a9fc605c753db60ef7750a229cd042","name":"Gyan Sharan","url":"https:\/\/transportjournal.com\/nl\/author\/gyan\/"}]}},"_links":{"self":[{"href":"https:\/\/transportjournal.com\/nl\/wp-json\/wp\/v2\/posts\/80667","targetHints":{"allow":["GET"]}}],"collection":[{"href":"https:\/\/transportjournal.com\/nl\/wp-json\/wp\/v2\/posts"}],"about":[{"href":"https:\/\/transportjournal.com\/nl\/wp-json\/wp\/v2\/types\/post"}],"author":[{"embeddable":true,"href":"https:\/\/transportjournal.com\/nl\/wp-json\/wp\/v2\/users\/14"}],"replies":[{"embeddable":true,"href":"https:\/\/transportjournal.com\/nl\/wp-json\/wp\/v2\/comments?post=80667"}],"version-history":[{"count":0,"href":"https:\/\/transportjournal.com\/nl\/wp-json\/wp\/v2\/posts\/80667\/revisions"}],"wp:featuredmedia":[{"embeddable":true,"href":"https:\/\/transportjournal.com\/nl\/wp-json\/wp\/v2\/media\/80661"}],"wp:attachment":[{"href":"https:\/\/transportjournal.com\/nl\/wp-json\/wp\/v2\/media?parent=80667"}],"wp:term":[{"taxonomy":"category","embeddable":true,"href":"https:\/\/transportjournal.com\/nl\/wp-json\/wp\/v2\/categories?post=80667"},{"taxonomy":"post_tag","embeddable":true,"href":"https:\/\/transportjournal.com\/nl\/wp-json\/wp\/v2\/tags?post=80667"}],"curies":[{"name":"wp","href":"https:\/\/api.w.org\/{rel}","templated":true}]}}