{"id":80612,"date":"2026-03-12T10:55:59","date_gmt":"2026-03-12T10:55:59","guid":{"rendered":"https:\/\/transportjournal.com\/2026\/03\/12\/ecs-bevordert-intern-leidinggevenden-in-de-noordse-luchtvrachtsector-2\/"},"modified":"2026-03-12T10:55:59","modified_gmt":"2026-03-12T10:55:59","slug":"ecs-bevordert-intern-leidinggevenden-in-de-noordse-luchtvrachtsector-2","status":"publish","type":"post","link":"https:\/\/transportjournal.com\/nl\/2026\/03\/12\/ecs-bevordert-intern-leidinggevenden-in-de-noordse-luchtvrachtsector-2\/","title":{"rendered":"ECS bevordert intern leidinggevenden in de Noordse luchtvrachtsector"},"content":{"rendered":"<p>De ECS Group bevordert een nieuwe generatie leiders in haar Noordse luchtvrachtactiviteiten als onderdeel van een breder leiderschapsverandering. De strategie richt zich op het ontwikkelen van interne talenten die operationele ervaring, commerci\u00eble vaardigheden en digitale capaciteiten combineren.<\/p>\n<p>Recente benoemingen benadrukken deze aanpak. Mathias Henriksson, Managing Director van Nordic GSA Zweden, en Marcus M\u00f3ran, Country Manager voor Denemarken bij Universal GSA, zijn beide uit eigen gelederen gepromoveerd. Hun ontwikkeling weerspiegelt de focus van ECS op interne bevordering en continu\u00efteit in de regionale activiteiten.<\/p>\n<p>De recente promotie in dit verband betreft Thomas Olesen, die is benoemd tot Country Manager voor Denemarken bij Skylog Denmark. Hij heeft zijn carri\u00e8re bij Skylog en in de ECS Group opgebouwd en staat voor de langdurige talentontwikkeling van het bedrijf.<\/p>\n<p>ECS-Group-CEO Jean Ceccaldi benadrukte dat &#8222;we een nieuwe generatie leiders in de Noordse regio bevorderen die operationele geloofwaardigheid combineren met commerci\u00eble drijfveren en digitale vaardigheden.&#8220; Het bedrijf blijft investeren in digitale luchtvrachttools en dataplatforms om luchtvaartmaatschappijpartners te ondersteunen en de operationele prestaties te verbeteren.<\/p>\n<p><a href=\"http:\/\/www.ecsgroup.aero\" target=\"_blank\" rel=\"noopener noreferrer\">www.ecsgroup.aero<\/a><\/p>\n","protected":false},"excerpt":{"rendered":"<p>De ECS Group ondersteunt een nieuwe generatie leidinggevenden in de Noordse luchtvracht om interne talenten met operationele ervaring en digitale vaardigheden te ontwikkelen.<\/p>\n","protected":false},"author":14,"featured_media":80126,"comment_status":"open","ping_status":"","sticky":false,"template":"","format":"standard","meta":{"_acf_changed":false,"footnotes":""},"categories":[1599,1591],"tags":[2648,25473,3447,25474,25475,25476,6445,6446,14214,25477,4113,25478,25479,25333,25480,25481,25482,25483,2655,25484,25485,5096,2123,19060,3328,11512,25486,25487,5105,4000,2133,1831,1962,25488,3472,3475,25489,25490,25491,7043,25492,25493,25494,2148,5375,25495,25496,2106,4146,5388,4147,5389,25497],"class_list":["post-80612","post","type-post","status-publish","format-standard","has-post-thumbnail","hentry","category-europa","category-mensen-bedrijven","tag-air-freight","tag-air-freight-management","tag-air-freight-market","tag-commercial-competence","tag-competence-commerciale","tag-competences-numeriques","tag-daenemark","tag-denmark","tag-deutsch-ecs-group","tag-developpement-des-leaders","tag-developpement-des-talents","tag-digital-air-freight-tools","tag-digital-skills","tag-digitale-faehigkeiten","tag-digitale-luftfrachttools","tag-digitalisierung-in-der-luftfracht-english-ecs-group","tag-digitization-in-air-freight-francais-ecs-group","tag-experience-operationnelle","tag-fret-aerien","tag-fret-aerien-nordique","tag-fuehrungskraefte-im-transport","tag-fuehrungskraefteentwicklung","tag-gestion-de-la-chaine-dapprovisionnement","tag-gestion-du-fret-aerien","tag-infrastructure-logistique","tag-infrastruktur-in-der-logistik","tag-kommerzielle-kompetenz","tag-leadership-dans-le-transport","tag-leadership-development","tag-logistics-infrastructure","tag-logistics-service-providers","tag-logistikdienstleister","tag-luftfracht","tag-luftfrachtmanagement","tag-luftfrachtmarkt","tag-marche-du-fret-aerien","tag-nordic-air-freight","tag-nordic-gsa","tag-nordische-luftfracht","tag-numerisation-dans-le-fret-aerien","tag-operational-experience","tag-operative-erfahrung","tag-outils-de-fret-aerien-numeriques","tag-prestataires-de-services-logistiques","tag-promotion-des-talents","tag-skylog-danemark","tag-skylog-denmark","tag-supply-chain-management","tag-talent-development","tag-talent-promotion","tag-talententwicklung","tag-talentfoerderung","tag-transport-leadership"],"acf":[],"yoast_head":"<!-- This site is optimized with the Yoast SEO plugin v27.3 - https:\/\/yoast.com\/product\/yoast-seo-wordpress\/ -->\n<title>ECS bevordert intern leidinggevenden in de Noordse luchtvrachtsector - ITJ | International Transport Journal<\/title>\n<meta name=\"robots\" content=\"index, follow, max-snippet:-1, max-image-preview:large, max-video-preview:-1\" \/>\n<link rel=\"canonical\" href=\"https:\/\/transportjournal.com\/nl\/2026\/03\/12\/ecs-bevordert-intern-leidinggevenden-in-de-noordse-luchtvrachtsector-2\/\" \/>\n<meta property=\"og:locale\" content=\"nl_NL\" \/>\n<meta property=\"og:type\" content=\"article\" \/>\n<meta property=\"og:title\" content=\"ECS bevordert intern leidinggevenden in de Noordse luchtvrachtsector - ITJ | International Transport Journal\" \/>\n<meta property=\"og:description\" content=\"De ECS Group ondersteunt een nieuwe generatie leidinggevenden in de Noordse luchtvracht om interne talenten met operationele ervaring en digitale vaardigheden te ontwikkelen.\" \/>\n<meta property=\"og:url\" content=\"https:\/\/transportjournal.com\/nl\/2026\/03\/12\/ecs-bevordert-intern-leidinggevenden-in-de-noordse-luchtvrachtsector-2\/\" \/>\n<meta property=\"og:site_name\" content=\"ITJ | International Transport Journal\" \/>\n<meta property=\"article:published_time\" content=\"2026-03-12T10:55:59+00:00\" \/>\n<meta property=\"og:image\" content=\"https:\/\/transportjournal.com\/wp-content\/uploads\/sites\/2\/2026\/03\/A-New-Generation-of-Nordic-Air-Cargo-Leaders-Emerges-Within-ECS-Group-scaled-aspect-ratio-1400-788-scaled-1.jpg\" \/>\n\t<meta property=\"og:image:width\" content=\"2560\" \/>\n\t<meta property=\"og:image:height\" content=\"1441\" \/>\n\t<meta property=\"og:image:type\" content=\"image\/jpeg\" \/>\n<meta name=\"author\" content=\"Gyan Sharan\" \/>\n<meta name=\"twitter:card\" content=\"summary_large_image\" \/>\n<meta name=\"twitter:label1\" content=\"Geschreven door\" \/>\n\t<meta name=\"twitter:data1\" content=\"Gyan Sharan\" \/>\n\t<meta name=\"twitter:label2\" content=\"Geschatte leestijd\" \/>\n\t<meta name=\"twitter:data2\" content=\"1 minuut\" \/>\n<script type=\"application\/ld+json\" class=\"yoast-schema-graph\">{\"@context\":\"https:\\\/\\\/schema.org\",\"@graph\":[{\"@type\":\"Article\",\"@id\":\"https:\\\/\\\/transportjournal.com\\\/nl\\\/2026\\\/03\\\/12\\\/ecs-bevordert-intern-leidinggevenden-in-de-noordse-luchtvrachtsector-2\\\/#article\",\"isPartOf\":{\"@id\":\"https:\\\/\\\/transportjournal.com\\\/nl\\\/2026\\\/03\\\/12\\\/ecs-bevordert-intern-leidinggevenden-in-de-noordse-luchtvrachtsector-2\\\/\"},\"author\":{\"name\":\"Gyan Sharan\",\"@id\":\"https:\\\/\\\/transportjournal.com\\\/nl\\\/#\\\/schema\\\/person\\\/13a9fc605c753db60ef7750a229cd042\"},\"headline\":\"ECS bevordert intern leidinggevenden in de Noordse luchtvrachtsector\",\"datePublished\":\"2026-03-12T10:55:59+00:00\",\"mainEntityOfPage\":{\"@id\":\"https:\\\/\\\/transportjournal.com\\\/nl\\\/2026\\\/03\\\/12\\\/ecs-bevordert-intern-leidinggevenden-in-de-noordse-luchtvrachtsector-2\\\/\"},\"wordCount\":183,\"commentCount\":0,\"publisher\":{\"@id\":\"https:\\\/\\\/transportjournal.com\\\/nl\\\/#organization\"},\"image\":{\"@id\":\"https:\\\/\\\/transportjournal.com\\\/nl\\\/2026\\\/03\\\/12\\\/ecs-bevordert-intern-leidinggevenden-in-de-noordse-luchtvrachtsector-2\\\/#primaryimage\"},\"thumbnailUrl\":\"https:\\\/\\\/transportjournal.com\\\/wp-content\\\/uploads\\\/sites\\\/2\\\/2026\\\/03\\\/A-New-Generation-of-Nordic-Air-Cargo-Leaders-Emerges-Within-ECS-Group-scaled-aspect-ratio-1400-788-scaled-1.jpg\",\"keywords\":[\"air freight\",\"air freight management\",\"air freight market\",\"commercial competence\",\"comp\u00e9tence commerciale\",\"comp\u00e9tences num\u00e9riques\",\"D\u00e4nemark\",\"Denmark\",\"Deutsch ECS Group\",\"d\u00e9veloppement des leaders\",\"d\u00e9veloppement des talents\",\"digital air freight tools\",\"digital skills\",\"digitale F\u00e4higkeiten\",\"digitale Luftfrachttools\",\"Digitalisierung in der Luftfracht English ECS Group\",\"digitization in air freight Fran\u00e7ais ECS Group\",\"exp\u00e9rience op\u00e9rationnelle\",\"fret a\u00e9rien\",\"fret a\u00e9rien nordique\",\"F\u00fchrungskr\u00e4fte im Transport\",\"F\u00fchrungskr\u00e4fteentwicklung\",\"gestion de la cha\u00eene d'approvisionnement\",\"gestion du fret a\u00e9rien\",\"infrastructure logistique\",\"Infrastruktur in der Logistik\",\"kommerzielle Kompetenz\",\"leadership dans le transport\",\"leadership development\",\"logistics infrastructure\",\"logistics service providers\",\"Logistikdienstleister\",\"Luftfracht\",\"Luftfrachtmanagement\",\"Luftfrachtmarkt\",\"march\u00e9 du fret a\u00e9rien\",\"Nordic air freight\",\"Nordic GSA\",\"nordische Luftfracht\",\"num\u00e9risation dans le fret a\u00e9rien\",\"operational experience\",\"operative Erfahrung\",\"outils de fret a\u00e9rien num\u00e9riques\",\"prestataires de services logistiques\",\"promotion des talents\",\"Skylog Danemark\",\"Skylog Denmark\",\"Supply Chain Management\",\"talent development\",\"talent promotion\",\"Talententwicklung\",\"Talentf\u00f6rderung\",\"transport leadership\"],\"articleSection\":[\"Europa\",\"Mensen &amp; Bedrijven\"],\"inLanguage\":\"nl-NL\",\"potentialAction\":[{\"@type\":\"CommentAction\",\"name\":\"Comment\",\"target\":[\"https:\\\/\\\/transportjournal.com\\\/nl\\\/2026\\\/03\\\/12\\\/ecs-bevordert-intern-leidinggevenden-in-de-noordse-luchtvrachtsector-2\\\/#respond\"]}]},{\"@type\":\"WebPage\",\"@id\":\"https:\\\/\\\/transportjournal.com\\\/nl\\\/2026\\\/03\\\/12\\\/ecs-bevordert-intern-leidinggevenden-in-de-noordse-luchtvrachtsector-2\\\/\",\"url\":\"https:\\\/\\\/transportjournal.com\\\/nl\\\/2026\\\/03\\\/12\\\/ecs-bevordert-intern-leidinggevenden-in-de-noordse-luchtvrachtsector-2\\\/\",\"name\":\"ECS bevordert intern leidinggevenden in de Noordse luchtvrachtsector - ITJ | International Transport Journal\",\"isPartOf\":{\"@id\":\"https:\\\/\\\/transportjournal.com\\\/nl\\\/#website\"},\"primaryImageOfPage\":{\"@id\":\"https:\\\/\\\/transportjournal.com\\\/nl\\\/2026\\\/03\\\/12\\\/ecs-bevordert-intern-leidinggevenden-in-de-noordse-luchtvrachtsector-2\\\/#primaryimage\"},\"image\":{\"@id\":\"https:\\\/\\\/transportjournal.com\\\/nl\\\/2026\\\/03\\\/12\\\/ecs-bevordert-intern-leidinggevenden-in-de-noordse-luchtvrachtsector-2\\\/#primaryimage\"},\"thumbnailUrl\":\"https:\\\/\\\/transportjournal.com\\\/wp-content\\\/uploads\\\/sites\\\/2\\\/2026\\\/03\\\/A-New-Generation-of-Nordic-Air-Cargo-Leaders-Emerges-Within-ECS-Group-scaled-aspect-ratio-1400-788-scaled-1.jpg\",\"datePublished\":\"2026-03-12T10:55:59+00:00\",\"breadcrumb\":{\"@id\":\"https:\\\/\\\/transportjournal.com\\\/nl\\\/2026\\\/03\\\/12\\\/ecs-bevordert-intern-leidinggevenden-in-de-noordse-luchtvrachtsector-2\\\/#breadcrumb\"},\"inLanguage\":\"nl-NL\",\"potentialAction\":[{\"@type\":\"ReadAction\",\"target\":[\"https:\\\/\\\/transportjournal.com\\\/nl\\\/2026\\\/03\\\/12\\\/ecs-bevordert-intern-leidinggevenden-in-de-noordse-luchtvrachtsector-2\\\/\"]}]},{\"@type\":\"ImageObject\",\"inLanguage\":\"nl-NL\",\"@id\":\"https:\\\/\\\/transportjournal.com\\\/nl\\\/2026\\\/03\\\/12\\\/ecs-bevordert-intern-leidinggevenden-in-de-noordse-luchtvrachtsector-2\\\/#primaryimage\",\"url\":\"https:\\\/\\\/transportjournal.com\\\/wp-content\\\/uploads\\\/sites\\\/2\\\/2026\\\/03\\\/A-New-Generation-of-Nordic-Air-Cargo-Leaders-Emerges-Within-ECS-Group-scaled-aspect-ratio-1400-788-scaled-1.jpg\",\"contentUrl\":\"https:\\\/\\\/transportjournal.com\\\/wp-content\\\/uploads\\\/sites\\\/2\\\/2026\\\/03\\\/A-New-Generation-of-Nordic-Air-Cargo-Leaders-Emerges-Within-ECS-Group-scaled-aspect-ratio-1400-788-scaled-1.jpg\",\"width\":2560,\"height\":1441},{\"@type\":\"BreadcrumbList\",\"@id\":\"https:\\\/\\\/transportjournal.com\\\/nl\\\/2026\\\/03\\\/12\\\/ecs-bevordert-intern-leidinggevenden-in-de-noordse-luchtvrachtsector-2\\\/#breadcrumb\",\"itemListElement\":[{\"@type\":\"ListItem\",\"position\":1,\"name\":\"Startseite\",\"item\":\"https:\\\/\\\/transportjournal.com\\\/nl\\\/\"},{\"@type\":\"ListItem\",\"position\":2,\"name\":\"ECS bevordert intern leidinggevenden in de Noordse luchtvrachtsector\"}]},{\"@type\":\"WebSite\",\"@id\":\"https:\\\/\\\/transportjournal.com\\\/nl\\\/#website\",\"url\":\"https:\\\/\\\/transportjournal.com\\\/nl\\\/\",\"name\":\"ITJ | International Transport Journal\",\"description\":\"Stay informed with the latest global news from the transport, logistics, and supply chain industries. Transport Journal delivers expert insights, analysis, and updates across shipping, aviation, intermodal, and forwarding.\",\"publisher\":{\"@id\":\"https:\\\/\\\/transportjournal.com\\\/nl\\\/#organization\"},\"potentialAction\":[{\"@type\":\"SearchAction\",\"target\":{\"@type\":\"EntryPoint\",\"urlTemplate\":\"https:\\\/\\\/transportjournal.com\\\/nl\\\/?s={search_term_string}\"},\"query-input\":{\"@type\":\"PropertyValueSpecification\",\"valueRequired\":true,\"valueName\":\"search_term_string\"}}],\"inLanguage\":\"nl-NL\"},{\"@type\":\"Organization\",\"@id\":\"https:\\\/\\\/transportjournal.com\\\/nl\\\/#organization\",\"name\":\"Logismedia Groep AG\",\"alternateName\":\"Logismedia Group AG\",\"url\":\"https:\\\/\\\/transportjournal.com\\\/nl\\\/\",\"logo\":{\"@type\":\"ImageObject\",\"inLanguage\":\"nl-NL\",\"@id\":\"https:\\\/\\\/transportjournal.com\\\/nl\\\/#\\\/schema\\\/logo\\\/image\\\/\",\"url\":\"https:\\\/\\\/transportjournal.com\\\/wp-content\\\/uploads\\\/sites\\\/2\\\/2025\\\/09\\\/Logo_ITJ.png\",\"contentUrl\":\"https:\\\/\\\/transportjournal.com\\\/wp-content\\\/uploads\\\/sites\\\/2\\\/2025\\\/09\\\/Logo_ITJ.png\",\"width\":799,\"height\":326,\"caption\":\"Logismedia Groep AG\"},\"image\":{\"@id\":\"https:\\\/\\\/transportjournal.com\\\/nl\\\/#\\\/schema\\\/logo\\\/image\\\/\"},\"sameAs\":[\"https:\\\/\\\/www.linkedin.com\\\/company\\\/56456496\\\/admin\\\/dashboard\\\/\",\"https:\\\/\\\/www.instagram.com\\\/logismediagroup\\\/\",\"https:\\\/\\\/www.youtube.com\\\/@LogiamediaGroupAG\"]},{\"@type\":\"Person\",\"@id\":\"https:\\\/\\\/transportjournal.com\\\/nl\\\/#\\\/schema\\\/person\\\/13a9fc605c753db60ef7750a229cd042\",\"name\":\"Gyan Sharan\",\"url\":\"https:\\\/\\\/transportjournal.com\\\/nl\\\/author\\\/gyan\\\/\"}]}<\/script>\n<!-- \/ Yoast SEO plugin. -->","yoast_head_json":{"title":"ECS bevordert intern leidinggevenden in de Noordse luchtvrachtsector - ITJ | International Transport Journal","robots":{"index":"index","follow":"follow","max-snippet":"max-snippet:-1","max-image-preview":"max-image-preview:large","max-video-preview":"max-video-preview:-1"},"canonical":"https:\/\/transportjournal.com\/nl\/2026\/03\/12\/ecs-bevordert-intern-leidinggevenden-in-de-noordse-luchtvrachtsector-2\/","og_locale":"nl_NL","og_type":"article","og_title":"ECS bevordert intern leidinggevenden in de Noordse luchtvrachtsector - ITJ | International Transport Journal","og_description":"De ECS Group ondersteunt een nieuwe generatie leidinggevenden in de Noordse luchtvracht om interne talenten met operationele ervaring en digitale vaardigheden te ontwikkelen.","og_url":"https:\/\/transportjournal.com\/nl\/2026\/03\/12\/ecs-bevordert-intern-leidinggevenden-in-de-noordse-luchtvrachtsector-2\/","og_site_name":"ITJ | International Transport Journal","article_published_time":"2026-03-12T10:55:59+00:00","og_image":[{"width":2560,"height":1441,"url":"https:\/\/transportjournal.com\/wp-content\/uploads\/sites\/2\/2026\/03\/A-New-Generation-of-Nordic-Air-Cargo-Leaders-Emerges-Within-ECS-Group-scaled-aspect-ratio-1400-788-scaled-1.jpg","type":"image\/jpeg"}],"author":"Gyan Sharan","twitter_card":"summary_large_image","twitter_misc":{"Geschreven door":"Gyan Sharan","Geschatte leestijd":"1 minuut"},"schema":{"@context":"https:\/\/schema.org","@graph":[{"@type":"Article","@id":"https:\/\/transportjournal.com\/nl\/2026\/03\/12\/ecs-bevordert-intern-leidinggevenden-in-de-noordse-luchtvrachtsector-2\/#article","isPartOf":{"@id":"https:\/\/transportjournal.com\/nl\/2026\/03\/12\/ecs-bevordert-intern-leidinggevenden-in-de-noordse-luchtvrachtsector-2\/"},"author":{"name":"Gyan Sharan","@id":"https:\/\/transportjournal.com\/nl\/#\/schema\/person\/13a9fc605c753db60ef7750a229cd042"},"headline":"ECS bevordert intern leidinggevenden in de Noordse luchtvrachtsector","datePublished":"2026-03-12T10:55:59+00:00","mainEntityOfPage":{"@id":"https:\/\/transportjournal.com\/nl\/2026\/03\/12\/ecs-bevordert-intern-leidinggevenden-in-de-noordse-luchtvrachtsector-2\/"},"wordCount":183,"commentCount":0,"publisher":{"@id":"https:\/\/transportjournal.com\/nl\/#organization"},"image":{"@id":"https:\/\/transportjournal.com\/nl\/2026\/03\/12\/ecs-bevordert-intern-leidinggevenden-in-de-noordse-luchtvrachtsector-2\/#primaryimage"},"thumbnailUrl":"https:\/\/transportjournal.com\/wp-content\/uploads\/sites\/2\/2026\/03\/A-New-Generation-of-Nordic-Air-Cargo-Leaders-Emerges-Within-ECS-Group-scaled-aspect-ratio-1400-788-scaled-1.jpg","keywords":["air freight","air freight management","air freight market","commercial competence","comp\u00e9tence commerciale","comp\u00e9tences num\u00e9riques","D\u00e4nemark","Denmark","Deutsch ECS Group","d\u00e9veloppement des leaders","d\u00e9veloppement des talents","digital air freight tools","digital skills","digitale F\u00e4higkeiten","digitale Luftfrachttools","Digitalisierung in der Luftfracht English ECS Group","digitization in air freight Fran\u00e7ais ECS Group","exp\u00e9rience op\u00e9rationnelle","fret a\u00e9rien","fret a\u00e9rien nordique","F\u00fchrungskr\u00e4fte im Transport","F\u00fchrungskr\u00e4fteentwicklung","gestion de la cha\u00eene d'approvisionnement","gestion du fret a\u00e9rien","infrastructure logistique","Infrastruktur in der Logistik","kommerzielle Kompetenz","leadership dans le transport","leadership development","logistics infrastructure","logistics service providers","Logistikdienstleister","Luftfracht","Luftfrachtmanagement","Luftfrachtmarkt","march\u00e9 du fret a\u00e9rien","Nordic air freight","Nordic GSA","nordische Luftfracht","num\u00e9risation dans le fret a\u00e9rien","operational experience","operative Erfahrung","outils de fret a\u00e9rien num\u00e9riques","prestataires de services logistiques","promotion des talents","Skylog Danemark","Skylog Denmark","Supply Chain Management","talent development","talent promotion","Talententwicklung","Talentf\u00f6rderung","transport leadership"],"articleSection":["Europa","Mensen &amp; Bedrijven"],"inLanguage":"nl-NL","potentialAction":[{"@type":"CommentAction","name":"Comment","target":["https:\/\/transportjournal.com\/nl\/2026\/03\/12\/ecs-bevordert-intern-leidinggevenden-in-de-noordse-luchtvrachtsector-2\/#respond"]}]},{"@type":"WebPage","@id":"https:\/\/transportjournal.com\/nl\/2026\/03\/12\/ecs-bevordert-intern-leidinggevenden-in-de-noordse-luchtvrachtsector-2\/","url":"https:\/\/transportjournal.com\/nl\/2026\/03\/12\/ecs-bevordert-intern-leidinggevenden-in-de-noordse-luchtvrachtsector-2\/","name":"ECS bevordert intern leidinggevenden in de Noordse luchtvrachtsector - ITJ | International Transport Journal","isPartOf":{"@id":"https:\/\/transportjournal.com\/nl\/#website"},"primaryImageOfPage":{"@id":"https:\/\/transportjournal.com\/nl\/2026\/03\/12\/ecs-bevordert-intern-leidinggevenden-in-de-noordse-luchtvrachtsector-2\/#primaryimage"},"image":{"@id":"https:\/\/transportjournal.com\/nl\/2026\/03\/12\/ecs-bevordert-intern-leidinggevenden-in-de-noordse-luchtvrachtsector-2\/#primaryimage"},"thumbnailUrl":"https:\/\/transportjournal.com\/wp-content\/uploads\/sites\/2\/2026\/03\/A-New-Generation-of-Nordic-Air-Cargo-Leaders-Emerges-Within-ECS-Group-scaled-aspect-ratio-1400-788-scaled-1.jpg","datePublished":"2026-03-12T10:55:59+00:00","breadcrumb":{"@id":"https:\/\/transportjournal.com\/nl\/2026\/03\/12\/ecs-bevordert-intern-leidinggevenden-in-de-noordse-luchtvrachtsector-2\/#breadcrumb"},"inLanguage":"nl-NL","potentialAction":[{"@type":"ReadAction","target":["https:\/\/transportjournal.com\/nl\/2026\/03\/12\/ecs-bevordert-intern-leidinggevenden-in-de-noordse-luchtvrachtsector-2\/"]}]},{"@type":"ImageObject","inLanguage":"nl-NL","@id":"https:\/\/transportjournal.com\/nl\/2026\/03\/12\/ecs-bevordert-intern-leidinggevenden-in-de-noordse-luchtvrachtsector-2\/#primaryimage","url":"https:\/\/transportjournal.com\/wp-content\/uploads\/sites\/2\/2026\/03\/A-New-Generation-of-Nordic-Air-Cargo-Leaders-Emerges-Within-ECS-Group-scaled-aspect-ratio-1400-788-scaled-1.jpg","contentUrl":"https:\/\/transportjournal.com\/wp-content\/uploads\/sites\/2\/2026\/03\/A-New-Generation-of-Nordic-Air-Cargo-Leaders-Emerges-Within-ECS-Group-scaled-aspect-ratio-1400-788-scaled-1.jpg","width":2560,"height":1441},{"@type":"BreadcrumbList","@id":"https:\/\/transportjournal.com\/nl\/2026\/03\/12\/ecs-bevordert-intern-leidinggevenden-in-de-noordse-luchtvrachtsector-2\/#breadcrumb","itemListElement":[{"@type":"ListItem","position":1,"name":"Startseite","item":"https:\/\/transportjournal.com\/nl\/"},{"@type":"ListItem","position":2,"name":"ECS bevordert intern leidinggevenden in de Noordse luchtvrachtsector"}]},{"@type":"WebSite","@id":"https:\/\/transportjournal.com\/nl\/#website","url":"https:\/\/transportjournal.com\/nl\/","name":"ITJ | International Transport Journal","description":"Stay informed with the latest global news from the transport, logistics, and supply chain industries. Transport Journal delivers expert insights, analysis, and updates across shipping, aviation, intermodal, and forwarding.","publisher":{"@id":"https:\/\/transportjournal.com\/nl\/#organization"},"potentialAction":[{"@type":"SearchAction","target":{"@type":"EntryPoint","urlTemplate":"https:\/\/transportjournal.com\/nl\/?s={search_term_string}"},"query-input":{"@type":"PropertyValueSpecification","valueRequired":true,"valueName":"search_term_string"}}],"inLanguage":"nl-NL"},{"@type":"Organization","@id":"https:\/\/transportjournal.com\/nl\/#organization","name":"Logismedia Groep AG","alternateName":"Logismedia Group AG","url":"https:\/\/transportjournal.com\/nl\/","logo":{"@type":"ImageObject","inLanguage":"nl-NL","@id":"https:\/\/transportjournal.com\/nl\/#\/schema\/logo\/image\/","url":"https:\/\/transportjournal.com\/wp-content\/uploads\/sites\/2\/2025\/09\/Logo_ITJ.png","contentUrl":"https:\/\/transportjournal.com\/wp-content\/uploads\/sites\/2\/2025\/09\/Logo_ITJ.png","width":799,"height":326,"caption":"Logismedia Groep AG"},"image":{"@id":"https:\/\/transportjournal.com\/nl\/#\/schema\/logo\/image\/"},"sameAs":["https:\/\/www.linkedin.com\/company\/56456496\/admin\/dashboard\/","https:\/\/www.instagram.com\/logismediagroup\/","https:\/\/www.youtube.com\/@LogiamediaGroupAG"]},{"@type":"Person","@id":"https:\/\/transportjournal.com\/nl\/#\/schema\/person\/13a9fc605c753db60ef7750a229cd042","name":"Gyan Sharan","url":"https:\/\/transportjournal.com\/nl\/author\/gyan\/"}]}},"_links":{"self":[{"href":"https:\/\/transportjournal.com\/nl\/wp-json\/wp\/v2\/posts\/80612","targetHints":{"allow":["GET"]}}],"collection":[{"href":"https:\/\/transportjournal.com\/nl\/wp-json\/wp\/v2\/posts"}],"about":[{"href":"https:\/\/transportjournal.com\/nl\/wp-json\/wp\/v2\/types\/post"}],"author":[{"embeddable":true,"href":"https:\/\/transportjournal.com\/nl\/wp-json\/wp\/v2\/users\/14"}],"replies":[{"embeddable":true,"href":"https:\/\/transportjournal.com\/nl\/wp-json\/wp\/v2\/comments?post=80612"}],"version-history":[{"count":0,"href":"https:\/\/transportjournal.com\/nl\/wp-json\/wp\/v2\/posts\/80612\/revisions"}],"wp:featuredmedia":[{"embeddable":true,"href":"https:\/\/transportjournal.com\/nl\/wp-json\/wp\/v2\/media\/80126"}],"wp:attachment":[{"href":"https:\/\/transportjournal.com\/nl\/wp-json\/wp\/v2\/media?parent=80612"}],"wp:term":[{"taxonomy":"category","embeddable":true,"href":"https:\/\/transportjournal.com\/nl\/wp-json\/wp\/v2\/categories?post=80612"},{"taxonomy":"post_tag","embeddable":true,"href":"https:\/\/transportjournal.com\/nl\/wp-json\/wp\/v2\/tags?post=80612"}],"curies":[{"name":"wp","href":"https:\/\/api.w.org\/{rel}","templated":true}]}}