{"id":80569,"date":"2026-03-12T09:19:07","date_gmt":"2026-03-12T09:19:07","guid":{"rendered":"https:\/\/transportjournal.com\/2026\/03\/12\/logistec-neemt-travero-logistics-park-over\/"},"modified":"2026-03-12T10:42:56","modified_gmt":"2026-03-12T09:42:56","slug":"logistec-neemt-travero-logistics-park-over","status":"publish","type":"post","link":"https:\/\/transportjournal.com\/nl\/2026\/03\/12\/logistec-neemt-travero-logistics-park-over\/","title":{"rendered":"Logistec neemt Travero Logistics Park over"},"content":{"rendered":"<p>LOGISTEC heeft de overname van het Travero Logistics Park Dubuque (LPD) aangekondigd om zijn binnenvaartnetwerk in de VS uit te breiden. Met deze acquisitie wil het bedrijf nieuwe marktverbindingen ontsluiten, zo meldt het.<\/p>\n<p>Het Travero Logistics Park Dubuque bevindt zich in East Dubuque, Illinois, aan de bovenloop van de Mississippi. Met een oppervlakte van 40 hectare biedt de terminal multimodale diensten die zich richten op de overslag, opslag en het laden van bulk- en stukgoed. De aansluiting op de terminal gebeurt zowel via binnenvaartschepen als via spoor en vrachtwagen, wat een logistieke oplossing voor verschillende sectoren biedt. LPD levert onder andere aan producenten in de landbouw, staal, productie en energie.<\/p>\n<p>De overname van LPD volgt op een recent afgeronde overeenkomst van LOGISTEC met IPA Terminal in Altamira, Mexico. Berenson &amp; Company, LLC, fungeerde als financieel adviseur voor LOGISTEC, terwijl King &amp; Spalding de juridische aspecten van de transactie beheerde. RJM &amp; Company, LLC, fungeerde als financieel adviseur voor Travero, en Chapman &amp; Cutler verzorgde de juridische advisering voor deze zijde.<\/p>\n<p><a href=\"https:\/\/www.logistec.com\/\" target=\"_blank\" rel=\"noopener noreferrer\">www.logistec.com<\/a><\/p>\n","protected":false},"excerpt":{"rendered":"<p>Logistec heeft het Travero Logistics Park in Dubuque overgenomen om zijn logistieke capaciteiten in de VS uit te breiden en nieuwe marktverbindingen te cre\u00ebren.<\/p>\n","protected":false},"author":10,"featured_media":80563,"comment_status":"open","ping_status":"","sticky":false,"template":"","format":"standard","meta":{"_acf_changed":false,"footnotes":""},"categories":[1602,1592],"tags":[26256,26257,26258,26259,26260,22805,26261,26262,26263,3353,3354,24142,24143,26264,2122,26265,2125,5546,3328,3994,26266,2373,26267,26268,26269,26270,26271,26272,26273,24151,26274,22813,26275,26276,26277,11310,2076,3379,2145,2386,26278,26279,26280,11322,26281,26282,26283,26284,26285,26286,26287,26288,2839,1837,26289,26290],"class_list":["post-80569","post","type-post","status-publish","format-standard","has-post-thumbnail","hentry","category-amerika","category-intermodaal-weg","tag-acquisition-entreprise-logistique","tag-acquisition-travero","tag-akquisition-travero","tag-binnenwasserstrassennetz","tag-breakbulk-storage","tag-bulk-cargo-handling","tag-connectivite-ferroviaire-et-routiere","tag-connexions-de-marche-usa","tag-deutsch-logistec","tag-digitalisierung-logistik","tag-digitalization-logistics","tag-energie-logistik","tag-energy-logistics","tag-expansion-des-connexions-de-marche","tag-fachkraeftemangel-logistik","tag-fertigungslogistik-english-logistec","tag-industrie-du-transport","tag-infrastructure-logistics","tag-infrastructure-logistique","tag-infrastruktur-logistik","tag-inland-waterway-network-usa","tag-labor-shortage-logistics","tag-logistics-providers-illinois","tag-logistics-solutions-agriculture","tag-logistikdienstleister-illinois","tag-logistikloesungen-landwirtschaft","tag-logistique-approvisionnement-energetique","tag-logistique-de-fabrication","tag-logistique-de-lindustrie-siderurgique","tag-logistique-energetique","tag-manufacturing-logistics-francais-logistec","tag-manutention-de-marchandises-en-vrac","tag-market-connections-usa","tag-marktverbindungen-usa","tag-mississippi-transport","tag-multimodal-services","tag-multimodale-dienstleistungen","tag-numerisation-logistique","tag-penurie-de-main-doeuvre-logistique","tag-prestataires-de-services-logistiques-usa","tag-prestataires-logistiques-illinois","tag-reseau-de-voies-navigables-interieures-usa","tag-schuettgut-umschlag","tag-services-multimodaux","tag-solutions-logistiques-agriculture","tag-stahlindustrie-logistik","tag-steel-industry-logistics","tag-stockage-de-marchandises","tag-stueckgut-lagerung","tag-terminal-east-dubuque","tag-transport-industrie-de-lacier","tag-transport-mississippi","tag-transportation-industry","tag-transportwirtschaft","tag-travero-logistics-park","tag-wasserstrassennetz-usa"],"acf":[],"yoast_head":"<!-- This site is optimized with the Yoast SEO plugin v27.3 - https:\/\/yoast.com\/product\/yoast-seo-wordpress\/ -->\n<title>LOGISTEC neemt Travero Logistics Park over - ITJ | International Transport Journal<\/title>\n<meta name=\"robots\" content=\"index, follow, max-snippet:-1, max-image-preview:large, max-video-preview:-1\" \/>\n<link rel=\"canonical\" href=\"https:\/\/transportjournal.com\/nl\/2026\/03\/12\/logistec-neemt-travero-logistics-park-over\/\" \/>\n<meta property=\"og:locale\" content=\"nl_NL\" \/>\n<meta property=\"og:type\" content=\"article\" \/>\n<meta property=\"og:title\" content=\"LOGISTEC neemt Travero Logistics Park over - ITJ | International Transport Journal\" \/>\n<meta property=\"og:description\" content=\"Logistec heeft het Travero Logistics Park in Dubuque overgenomen om zijn logistieke capaciteiten in de VS uit te breiden en nieuwe marktverbindingen te cre\u00ebren.\" \/>\n<meta property=\"og:url\" content=\"https:\/\/transportjournal.com\/nl\/2026\/03\/12\/logistec-neemt-travero-logistics-park-over\/\" \/>\n<meta property=\"og:site_name\" content=\"ITJ | International Transport Journal\" \/>\n<meta property=\"article:published_time\" content=\"2026-03-12T09:19:07+00:00\" \/>\n<meta property=\"article:modified_time\" content=\"2026-03-12T09:42:56+00:00\" \/>\n<meta property=\"og:image\" content=\"https:\/\/transportjournal.com\/wp-content\/uploads\/sites\/2\/2026\/03\/LOGISTEC_LOGISTEC_Announces_Acquisition_of_Logistics_Park_Dubuqu-scaled-1.jpg\" \/>\n\t<meta property=\"og:image:width\" content=\"2560\" \/>\n\t<meta property=\"og:image:height\" content=\"1440\" \/>\n\t<meta property=\"og:image:type\" content=\"image\/jpeg\" \/>\n<meta name=\"author\" content=\"Jeremy Soland\" \/>\n<meta name=\"twitter:card\" content=\"summary_large_image\" \/>\n<meta name=\"twitter:label1\" content=\"Geschreven door\" \/>\n\t<meta name=\"twitter:data1\" content=\"Jeremy Soland\" \/>\n\t<meta name=\"twitter:label2\" content=\"Geschatte leestijd\" \/>\n\t<meta name=\"twitter:data2\" content=\"1 minuut\" \/>\n<script type=\"application\/ld+json\" class=\"yoast-schema-graph\">{\"@context\":\"https:\\\/\\\/schema.org\",\"@graph\":[{\"@type\":\"Article\",\"@id\":\"https:\\\/\\\/transportjournal.com\\\/nl\\\/2026\\\/03\\\/12\\\/logistec-neemt-travero-logistics-park-over\\\/#article\",\"isPartOf\":{\"@id\":\"https:\\\/\\\/transportjournal.com\\\/nl\\\/2026\\\/03\\\/12\\\/logistec-neemt-travero-logistics-park-over\\\/\"},\"author\":{\"name\":\"Jeremy Soland\",\"@id\":\"https:\\\/\\\/transportjournal.com\\\/nl\\\/#\\\/schema\\\/person\\\/41d36b5474b623392fa613e97e2363fa\"},\"headline\":\"Logistec neemt Travero Logistics Park over\",\"datePublished\":\"2026-03-12T09:19:07+00:00\",\"dateModified\":\"2026-03-12T09:42:56+00:00\",\"mainEntityOfPage\":{\"@id\":\"https:\\\/\\\/transportjournal.com\\\/nl\\\/2026\\\/03\\\/12\\\/logistec-neemt-travero-logistics-park-over\\\/\"},\"wordCount\":178,\"commentCount\":0,\"publisher\":{\"@id\":\"https:\\\/\\\/transportjournal.com\\\/nl\\\/#organization\"},\"image\":{\"@id\":\"https:\\\/\\\/transportjournal.com\\\/nl\\\/2026\\\/03\\\/12\\\/logistec-neemt-travero-logistics-park-over\\\/#primaryimage\"},\"thumbnailUrl\":\"https:\\\/\\\/transportjournal.com\\\/wp-content\\\/uploads\\\/sites\\\/2\\\/2026\\\/03\\\/LOGISTEC_LOGISTEC_Announces_Acquisition_of_Logistics_Park_Dubuqu-scaled-1.jpg\",\"keywords\":[\"acquisition entreprise logistique\",\"acquisition Travero\",\"Akquisition Travero\",\"Binnenwasserstrassennetz\",\"breakbulk storage\",\"bulk cargo handling\",\"connectivit\u00e9 ferroviaire et routi\u00e8re\",\"connexions de march\u00e9 USA\",\"Deutsch LOGISTEC\",\"Digitalisierung Logistik\",\"digitalization logistics\",\"Energie-Logistik\",\"energy logistics\",\"expansion des connexions de march\u00e9\",\"Fachkr\u00e4ftemangel Logistik\",\"Fertigungslogistik English LOGISTEC\",\"industrie du transport\",\"infrastructure logistics\",\"infrastructure logistique\",\"Infrastruktur Logistik\",\"inland waterway network USA\",\"labor shortage logistics\",\"logistics providers Illinois\",\"logistics solutions agriculture\",\"Logistikdienstleister Illinois\",\"Logistikl\u00f6sungen Landwirtschaft\",\"logistique approvisionnement \u00e9nerg\u00e9tique\",\"logistique de fabrication\",\"logistique de l'industrie sid\u00e9rurgique\",\"logistique \u00e9nerg\u00e9tique\",\"manufacturing logistics Fran\u00e7ais LOGISTEC\",\"manutention de marchandises en vrac\",\"market connections USA\",\"Marktverbindungen USA\",\"Mississippi Transport\",\"multimodal services\",\"multimodale Dienstleistungen\",\"num\u00e9risation logistique\",\"p\u00e9nurie de main-d'\u0153uvre logistique\",\"prestataires de services logistiques USA\",\"prestataires logistiques Illinois\",\"r\u00e9seau de voies navigables int\u00e9rieures USA\",\"Sch\u00fcttgut Umschlag\",\"services multimodaux\",\"solutions logistiques agriculture\",\"Stahlindustrie Logistik\",\"steel industry logistics\",\"stockage de marchandises\",\"St\u00fcckgut Lagerung\",\"Terminal East Dubuque\",\"transport industrie de l'acier\",\"transport Mississippi\",\"transportation industry\",\"Transportwirtschaft\",\"Travero Logistics Park\",\"Wasserstrassennetz USA\"],\"articleSection\":[\"Amerika\",\"Intermodaal \\\/ Weg\"],\"inLanguage\":\"nl-NL\",\"potentialAction\":[{\"@type\":\"CommentAction\",\"name\":\"Comment\",\"target\":[\"https:\\\/\\\/transportjournal.com\\\/nl\\\/2026\\\/03\\\/12\\\/logistec-neemt-travero-logistics-park-over\\\/#respond\"]}]},{\"@type\":\"WebPage\",\"@id\":\"https:\\\/\\\/transportjournal.com\\\/nl\\\/2026\\\/03\\\/12\\\/logistec-neemt-travero-logistics-park-over\\\/\",\"url\":\"https:\\\/\\\/transportjournal.com\\\/nl\\\/2026\\\/03\\\/12\\\/logistec-neemt-travero-logistics-park-over\\\/\",\"name\":\"LOGISTEC neemt Travero Logistics Park over - ITJ | International Transport Journal\",\"isPartOf\":{\"@id\":\"https:\\\/\\\/transportjournal.com\\\/nl\\\/#website\"},\"primaryImageOfPage\":{\"@id\":\"https:\\\/\\\/transportjournal.com\\\/nl\\\/2026\\\/03\\\/12\\\/logistec-neemt-travero-logistics-park-over\\\/#primaryimage\"},\"image\":{\"@id\":\"https:\\\/\\\/transportjournal.com\\\/nl\\\/2026\\\/03\\\/12\\\/logistec-neemt-travero-logistics-park-over\\\/#primaryimage\"},\"thumbnailUrl\":\"https:\\\/\\\/transportjournal.com\\\/wp-content\\\/uploads\\\/sites\\\/2\\\/2026\\\/03\\\/LOGISTEC_LOGISTEC_Announces_Acquisition_of_Logistics_Park_Dubuqu-scaled-1.jpg\",\"datePublished\":\"2026-03-12T09:19:07+00:00\",\"dateModified\":\"2026-03-12T09:42:56+00:00\",\"breadcrumb\":{\"@id\":\"https:\\\/\\\/transportjournal.com\\\/nl\\\/2026\\\/03\\\/12\\\/logistec-neemt-travero-logistics-park-over\\\/#breadcrumb\"},\"inLanguage\":\"nl-NL\",\"potentialAction\":[{\"@type\":\"ReadAction\",\"target\":[\"https:\\\/\\\/transportjournal.com\\\/nl\\\/2026\\\/03\\\/12\\\/logistec-neemt-travero-logistics-park-over\\\/\"]}]},{\"@type\":\"ImageObject\",\"inLanguage\":\"nl-NL\",\"@id\":\"https:\\\/\\\/transportjournal.com\\\/nl\\\/2026\\\/03\\\/12\\\/logistec-neemt-travero-logistics-park-over\\\/#primaryimage\",\"url\":\"https:\\\/\\\/transportjournal.com\\\/wp-content\\\/uploads\\\/sites\\\/2\\\/2026\\\/03\\\/LOGISTEC_LOGISTEC_Announces_Acquisition_of_Logistics_Park_Dubuqu-scaled-1.jpg\",\"contentUrl\":\"https:\\\/\\\/transportjournal.com\\\/wp-content\\\/uploads\\\/sites\\\/2\\\/2026\\\/03\\\/LOGISTEC_LOGISTEC_Announces_Acquisition_of_Logistics_Park_Dubuqu-scaled-1.jpg\",\"width\":2560,\"height\":1440,\"caption\":\"LPD Terminal, East Dubuque, Illinois\"},{\"@type\":\"BreadcrumbList\",\"@id\":\"https:\\\/\\\/transportjournal.com\\\/nl\\\/2026\\\/03\\\/12\\\/logistec-neemt-travero-logistics-park-over\\\/#breadcrumb\",\"itemListElement\":[{\"@type\":\"ListItem\",\"position\":1,\"name\":\"Startseite\",\"item\":\"https:\\\/\\\/transportjournal.com\\\/nl\\\/\"},{\"@type\":\"ListItem\",\"position\":2,\"name\":\"LOGISTEC neemt Travero Logistics Park over\"}]},{\"@type\":\"WebSite\",\"@id\":\"https:\\\/\\\/transportjournal.com\\\/nl\\\/#website\",\"url\":\"https:\\\/\\\/transportjournal.com\\\/nl\\\/\",\"name\":\"ITJ | International Transport Journal\",\"description\":\"Stay informed with the latest global news from the transport, logistics, and supply chain industries. Transport Journal delivers expert insights, analysis, and updates across shipping, aviation, intermodal, and forwarding.\",\"publisher\":{\"@id\":\"https:\\\/\\\/transportjournal.com\\\/nl\\\/#organization\"},\"potentialAction\":[{\"@type\":\"SearchAction\",\"target\":{\"@type\":\"EntryPoint\",\"urlTemplate\":\"https:\\\/\\\/transportjournal.com\\\/nl\\\/?s={search_term_string}\"},\"query-input\":{\"@type\":\"PropertyValueSpecification\",\"valueRequired\":true,\"valueName\":\"search_term_string\"}}],\"inLanguage\":\"nl-NL\"},{\"@type\":\"Organization\",\"@id\":\"https:\\\/\\\/transportjournal.com\\\/nl\\\/#organization\",\"name\":\"Logismedia Groep AG\",\"alternateName\":\"Logismedia Group AG\",\"url\":\"https:\\\/\\\/transportjournal.com\\\/nl\\\/\",\"logo\":{\"@type\":\"ImageObject\",\"inLanguage\":\"nl-NL\",\"@id\":\"https:\\\/\\\/transportjournal.com\\\/nl\\\/#\\\/schema\\\/logo\\\/image\\\/\",\"url\":\"https:\\\/\\\/transportjournal.com\\\/wp-content\\\/uploads\\\/sites\\\/2\\\/2025\\\/09\\\/Logo_ITJ.png\",\"contentUrl\":\"https:\\\/\\\/transportjournal.com\\\/wp-content\\\/uploads\\\/sites\\\/2\\\/2025\\\/09\\\/Logo_ITJ.png\",\"width\":799,\"height\":326,\"caption\":\"Logismedia Groep AG\"},\"image\":{\"@id\":\"https:\\\/\\\/transportjournal.com\\\/nl\\\/#\\\/schema\\\/logo\\\/image\\\/\"},\"sameAs\":[\"https:\\\/\\\/www.linkedin.com\\\/company\\\/56456496\\\/admin\\\/dashboard\\\/\",\"https:\\\/\\\/www.instagram.com\\\/logismediagroup\\\/\",\"https:\\\/\\\/www.youtube.com\\\/@LogiamediaGroupAG\"]},{\"@type\":\"Person\",\"@id\":\"https:\\\/\\\/transportjournal.com\\\/nl\\\/#\\\/schema\\\/person\\\/41d36b5474b623392fa613e97e2363fa\",\"name\":\"Jeremy Soland\",\"url\":\"https:\\\/\\\/transportjournal.com\\\/nl\\\/author\\\/jeremy\\\/\"}]}<\/script>\n<!-- \/ Yoast SEO plugin. -->","yoast_head_json":{"title":"LOGISTEC neemt Travero Logistics Park over - ITJ | International Transport Journal","robots":{"index":"index","follow":"follow","max-snippet":"max-snippet:-1","max-image-preview":"max-image-preview:large","max-video-preview":"max-video-preview:-1"},"canonical":"https:\/\/transportjournal.com\/nl\/2026\/03\/12\/logistec-neemt-travero-logistics-park-over\/","og_locale":"nl_NL","og_type":"article","og_title":"LOGISTEC neemt Travero Logistics Park over - ITJ | International Transport Journal","og_description":"Logistec heeft het Travero Logistics Park in Dubuque overgenomen om zijn logistieke capaciteiten in de VS uit te breiden en nieuwe marktverbindingen te cre\u00ebren.","og_url":"https:\/\/transportjournal.com\/nl\/2026\/03\/12\/logistec-neemt-travero-logistics-park-over\/","og_site_name":"ITJ | International Transport Journal","article_published_time":"2026-03-12T09:19:07+00:00","article_modified_time":"2026-03-12T09:42:56+00:00","og_image":[{"width":2560,"height":1440,"url":"https:\/\/transportjournal.com\/wp-content\/uploads\/sites\/2\/2026\/03\/LOGISTEC_LOGISTEC_Announces_Acquisition_of_Logistics_Park_Dubuqu-scaled-1.jpg","type":"image\/jpeg"}],"author":"Jeremy Soland","twitter_card":"summary_large_image","twitter_misc":{"Geschreven door":"Jeremy Soland","Geschatte leestijd":"1 minuut"},"schema":{"@context":"https:\/\/schema.org","@graph":[{"@type":"Article","@id":"https:\/\/transportjournal.com\/nl\/2026\/03\/12\/logistec-neemt-travero-logistics-park-over\/#article","isPartOf":{"@id":"https:\/\/transportjournal.com\/nl\/2026\/03\/12\/logistec-neemt-travero-logistics-park-over\/"},"author":{"name":"Jeremy Soland","@id":"https:\/\/transportjournal.com\/nl\/#\/schema\/person\/41d36b5474b623392fa613e97e2363fa"},"headline":"Logistec neemt Travero Logistics Park over","datePublished":"2026-03-12T09:19:07+00:00","dateModified":"2026-03-12T09:42:56+00:00","mainEntityOfPage":{"@id":"https:\/\/transportjournal.com\/nl\/2026\/03\/12\/logistec-neemt-travero-logistics-park-over\/"},"wordCount":178,"commentCount":0,"publisher":{"@id":"https:\/\/transportjournal.com\/nl\/#organization"},"image":{"@id":"https:\/\/transportjournal.com\/nl\/2026\/03\/12\/logistec-neemt-travero-logistics-park-over\/#primaryimage"},"thumbnailUrl":"https:\/\/transportjournal.com\/wp-content\/uploads\/sites\/2\/2026\/03\/LOGISTEC_LOGISTEC_Announces_Acquisition_of_Logistics_Park_Dubuqu-scaled-1.jpg","keywords":["acquisition entreprise logistique","acquisition Travero","Akquisition Travero","Binnenwasserstrassennetz","breakbulk storage","bulk cargo handling","connectivit\u00e9 ferroviaire et routi\u00e8re","connexions de march\u00e9 USA","Deutsch LOGISTEC","Digitalisierung Logistik","digitalization logistics","Energie-Logistik","energy logistics","expansion des connexions de march\u00e9","Fachkr\u00e4ftemangel Logistik","Fertigungslogistik English LOGISTEC","industrie du transport","infrastructure logistics","infrastructure logistique","Infrastruktur Logistik","inland waterway network USA","labor shortage logistics","logistics providers Illinois","logistics solutions agriculture","Logistikdienstleister Illinois","Logistikl\u00f6sungen Landwirtschaft","logistique approvisionnement \u00e9nerg\u00e9tique","logistique de fabrication","logistique de l'industrie sid\u00e9rurgique","logistique \u00e9nerg\u00e9tique","manufacturing logistics Fran\u00e7ais LOGISTEC","manutention de marchandises en vrac","market connections USA","Marktverbindungen USA","Mississippi Transport","multimodal services","multimodale Dienstleistungen","num\u00e9risation logistique","p\u00e9nurie de main-d'\u0153uvre logistique","prestataires de services logistiques USA","prestataires logistiques Illinois","r\u00e9seau de voies navigables int\u00e9rieures USA","Sch\u00fcttgut Umschlag","services multimodaux","solutions logistiques agriculture","Stahlindustrie Logistik","steel industry logistics","stockage de marchandises","St\u00fcckgut Lagerung","Terminal East Dubuque","transport industrie de l'acier","transport Mississippi","transportation industry","Transportwirtschaft","Travero Logistics Park","Wasserstrassennetz USA"],"articleSection":["Amerika","Intermodaal \/ Weg"],"inLanguage":"nl-NL","potentialAction":[{"@type":"CommentAction","name":"Comment","target":["https:\/\/transportjournal.com\/nl\/2026\/03\/12\/logistec-neemt-travero-logistics-park-over\/#respond"]}]},{"@type":"WebPage","@id":"https:\/\/transportjournal.com\/nl\/2026\/03\/12\/logistec-neemt-travero-logistics-park-over\/","url":"https:\/\/transportjournal.com\/nl\/2026\/03\/12\/logistec-neemt-travero-logistics-park-over\/","name":"LOGISTEC neemt Travero Logistics Park over - ITJ | International Transport Journal","isPartOf":{"@id":"https:\/\/transportjournal.com\/nl\/#website"},"primaryImageOfPage":{"@id":"https:\/\/transportjournal.com\/nl\/2026\/03\/12\/logistec-neemt-travero-logistics-park-over\/#primaryimage"},"image":{"@id":"https:\/\/transportjournal.com\/nl\/2026\/03\/12\/logistec-neemt-travero-logistics-park-over\/#primaryimage"},"thumbnailUrl":"https:\/\/transportjournal.com\/wp-content\/uploads\/sites\/2\/2026\/03\/LOGISTEC_LOGISTEC_Announces_Acquisition_of_Logistics_Park_Dubuqu-scaled-1.jpg","datePublished":"2026-03-12T09:19:07+00:00","dateModified":"2026-03-12T09:42:56+00:00","breadcrumb":{"@id":"https:\/\/transportjournal.com\/nl\/2026\/03\/12\/logistec-neemt-travero-logistics-park-over\/#breadcrumb"},"inLanguage":"nl-NL","potentialAction":[{"@type":"ReadAction","target":["https:\/\/transportjournal.com\/nl\/2026\/03\/12\/logistec-neemt-travero-logistics-park-over\/"]}]},{"@type":"ImageObject","inLanguage":"nl-NL","@id":"https:\/\/transportjournal.com\/nl\/2026\/03\/12\/logistec-neemt-travero-logistics-park-over\/#primaryimage","url":"https:\/\/transportjournal.com\/wp-content\/uploads\/sites\/2\/2026\/03\/LOGISTEC_LOGISTEC_Announces_Acquisition_of_Logistics_Park_Dubuqu-scaled-1.jpg","contentUrl":"https:\/\/transportjournal.com\/wp-content\/uploads\/sites\/2\/2026\/03\/LOGISTEC_LOGISTEC_Announces_Acquisition_of_Logistics_Park_Dubuqu-scaled-1.jpg","width":2560,"height":1440,"caption":"LPD Terminal, East Dubuque, Illinois"},{"@type":"BreadcrumbList","@id":"https:\/\/transportjournal.com\/nl\/2026\/03\/12\/logistec-neemt-travero-logistics-park-over\/#breadcrumb","itemListElement":[{"@type":"ListItem","position":1,"name":"Startseite","item":"https:\/\/transportjournal.com\/nl\/"},{"@type":"ListItem","position":2,"name":"LOGISTEC neemt Travero Logistics Park over"}]},{"@type":"WebSite","@id":"https:\/\/transportjournal.com\/nl\/#website","url":"https:\/\/transportjournal.com\/nl\/","name":"ITJ | International Transport Journal","description":"Stay informed with the latest global news from the transport, logistics, and supply chain industries. Transport Journal delivers expert insights, analysis, and updates across shipping, aviation, intermodal, and forwarding.","publisher":{"@id":"https:\/\/transportjournal.com\/nl\/#organization"},"potentialAction":[{"@type":"SearchAction","target":{"@type":"EntryPoint","urlTemplate":"https:\/\/transportjournal.com\/nl\/?s={search_term_string}"},"query-input":{"@type":"PropertyValueSpecification","valueRequired":true,"valueName":"search_term_string"}}],"inLanguage":"nl-NL"},{"@type":"Organization","@id":"https:\/\/transportjournal.com\/nl\/#organization","name":"Logismedia Groep AG","alternateName":"Logismedia Group AG","url":"https:\/\/transportjournal.com\/nl\/","logo":{"@type":"ImageObject","inLanguage":"nl-NL","@id":"https:\/\/transportjournal.com\/nl\/#\/schema\/logo\/image\/","url":"https:\/\/transportjournal.com\/wp-content\/uploads\/sites\/2\/2025\/09\/Logo_ITJ.png","contentUrl":"https:\/\/transportjournal.com\/wp-content\/uploads\/sites\/2\/2025\/09\/Logo_ITJ.png","width":799,"height":326,"caption":"Logismedia Groep AG"},"image":{"@id":"https:\/\/transportjournal.com\/nl\/#\/schema\/logo\/image\/"},"sameAs":["https:\/\/www.linkedin.com\/company\/56456496\/admin\/dashboard\/","https:\/\/www.instagram.com\/logismediagroup\/","https:\/\/www.youtube.com\/@LogiamediaGroupAG"]},{"@type":"Person","@id":"https:\/\/transportjournal.com\/nl\/#\/schema\/person\/41d36b5474b623392fa613e97e2363fa","name":"Jeremy Soland","url":"https:\/\/transportjournal.com\/nl\/author\/jeremy\/"}]}},"_links":{"self":[{"href":"https:\/\/transportjournal.com\/nl\/wp-json\/wp\/v2\/posts\/80569","targetHints":{"allow":["GET"]}}],"collection":[{"href":"https:\/\/transportjournal.com\/nl\/wp-json\/wp\/v2\/posts"}],"about":[{"href":"https:\/\/transportjournal.com\/nl\/wp-json\/wp\/v2\/types\/post"}],"author":[{"embeddable":true,"href":"https:\/\/transportjournal.com\/nl\/wp-json\/wp\/v2\/users\/10"}],"replies":[{"embeddable":true,"href":"https:\/\/transportjournal.com\/nl\/wp-json\/wp\/v2\/comments?post=80569"}],"version-history":[{"count":2,"href":"https:\/\/transportjournal.com\/nl\/wp-json\/wp\/v2\/posts\/80569\/revisions"}],"predecessor-version":[{"id":80583,"href":"https:\/\/transportjournal.com\/nl\/wp-json\/wp\/v2\/posts\/80569\/revisions\/80583"}],"wp:featuredmedia":[{"embeddable":true,"href":"https:\/\/transportjournal.com\/nl\/wp-json\/wp\/v2\/media\/80563"}],"wp:attachment":[{"href":"https:\/\/transportjournal.com\/nl\/wp-json\/wp\/v2\/media?parent=80569"}],"wp:term":[{"taxonomy":"category","embeddable":true,"href":"https:\/\/transportjournal.com\/nl\/wp-json\/wp\/v2\/categories?post=80569"},{"taxonomy":"post_tag","embeddable":true,"href":"https:\/\/transportjournal.com\/nl\/wp-json\/wp\/v2\/tags?post=80569"}],"curies":[{"name":"wp","href":"https:\/\/api.w.org\/{rel}","templated":true}]}}