{"id":80474,"date":"2026-03-11T14:01:52","date_gmt":"2026-03-11T14:01:52","guid":{"rendered":"https:\/\/transportjournal.com\/2026\/03\/11\/daarom-groep-voor-nieuwe-leiding\/"},"modified":"2026-03-20T14:25:31","modified_gmt":"2026-03-20T13:25:31","slug":"daarom-groep-voor-nieuwe-leiding","status":"publish","type":"post","link":"https:\/\/transportjournal.com\/nl\/2026\/03\/11\/daarom-groep-voor-nieuwe-leiding\/","title":{"rendered":"Daher Group voor nieuwe leiding"},"content":{"rendered":"<p>Thibault Scaramanga (links) wordt de nieuwe voorzitter van de raad van bestuur van de Daher-groep. De huidige vicevoorzitter, die de familie Daher in het bestuur vertegenwoordigt, neemt de functie over op 31 maart 2026. Tegelijkertijd wordt Aymeric Daher (rechts) gedelegeerd tot algemeen directeur. Deze veranderingen maken deel uit van een uitgebreide herstructurering die in oktober 2025 is goedgekeurd om de volgende generatie van het bedrijf voor te bereiden en het komende strategische plan te ontwikkelen.<\/p>\n<h3>Herori\u00ebntatie van het bedrijfsbestuur<\/h3>\n<p>In het kader van de nieuwe organisatie heeft de raad van bestuur besloten een versterkte directie in te voeren, bestaande uit een algemeen directeur en een gedelegeerd algemeen directeur. Deze structuur moet de continu\u00efteit en complementariteit in het bedrijfsbestuur bevorderen. De nieuwe algemeen directeur, wiens werving momenteel plaatsvindt, moet frisse perspectieven en ervaringen in het bedrijf brengen. Aymeric Daher, die eerder als adjunct-algemeen directeur werkzaam was, zal op 31 maart 2026 de rol van gedelegeerd algemeen directeur overnemen.<\/p>\n<p>Op deze datum zal Thibault Scaramanga ook de interim-leiding van het bedrijf op zich nemen. Samen met Aymeric Daher zal hij de zaken leiden tot de komst van de nieuwe algemeen directeur, waarbij hij kan rekenen op de ondersteuning van het gehele uitvoerend comit\u00e9.<\/p>\n<p>Didier Kayat, die twintig jaar deel uitmaakt van de Daher-groep en de afgelopen tien jaar als CEO heeft gefunctioneerd, heeft besloten zich te wijden aan nieuwe persoonlijke projecten. In overeenstemming met de raad van bestuur zal hij zijn functies als voorzitter en algemeen directeur per 31 maart 2026 neerleggen. De raad van bestuur bedankt hem voor zijn inzet en bijdragen aan de ontwikkeling van Daher, die onder zijn leiding een uitgebreide transformatie heeft ondergaan. Dit omvatte een versterking van de internationale aanwezigheid, met name door de uitbreiding van alle activiteiten op het Amerikaanse continent, evenals een continue groei met een omzet van 1,9 miljard EUR in 2025. Onder zijn leiding heeft de groep zich succesvol gepositioneerd en behoort nu tot de 50 grootste bedrijven in de luchtvaartsector wereldwijd.<\/p>\n<p>&nbsp;<\/p>\n<p><a href=\"https:\/\/www.daher.com\/\" target=\"_blank\" rel=\"noopener noreferrer\">www.daher.com<\/a><\/p>\n<p>&nbsp;<\/p>\n","protected":false},"excerpt":{"rendered":"<p>Thibault Scaramanga wordt op 31 maart 2026 voorzitter van de raad van bestuur van de Daher Group, terwijl Aymeric Daher wordt gedelegeerd als algemeen directeur.<\/p>\n","protected":false},"author":12,"featured_media":80468,"comment_status":"open","ping_status":"","sticky":false,"template":"","format":"standard","meta":{"_acf_changed":false,"footnotes":""},"categories":[1599,1593,1591],"tags":[12561,26086,3397,26087,26088,26089,2207,26090,26091,12566,4441,2548,5586,26092,4443,2695,2696,26093,26094,26095,1889,26096,2562,3418,3682,26097,26098,26099,26100,2133,1831,2035,6729,2717,3602,26101,26102,2148,6734,6735,5611,2237,26103,26104,1857,26105,5620,15158,7324,2157,26106],"class_list":["post-80474","post","type-post","status-publish","format-standard","has-post-thumbnail","hentry","category-europa","category-expeditie-logistiek","category-mensen-bedrijven","tag-american-continent","tag-amerikanischer-kontinent","tag-aviation-industry","tag-aymeric-daher","tag-board-of-directors","tag-ceo","tag-chaine-dapprovisionnement","tag-comite-executif","tag-conseil-dadministration","tag-continent-americain","tag-corporate-development","tag-corporate-governance","tag-croissance-des-revenus","tag-deutsch-daher-gruppe","tag-developpement-dentreprise","tag-digitalisierung","tag-digitalization","tag-directeur-general","tag-executive-committee","tag-exekutivkomitee","tag-fachkraeftemangel","tag-generaldirektor","tag-gouvernance-dentreprise","tag-industrie-aeronautique","tag-infrastructure","tag-infrastructure-francais-groupe-daher","tag-infrastruktur-english-daher-group","tag-international-presence","tag-internationale-praesenz","tag-logistics-service-providers","tag-logistikdienstleister","tag-luftfahrtbranche","tag-neustrukturierung","tag-numerisation","tag-penurie-de-competences","tag-plan-strategique","tag-presence-internationale","tag-prestataires-de-services-logistiques","tag-restructuration","tag-restructuring","tag-revenue-growth","tag-skills-shortage","tag-strategic-plan","tag-strategischer-plan","tag-supply-chain","tag-thibault-scaramanga","tag-transformation","tag-umsatzwachstum","tag-unternehmensentwicklung","tag-unternehmensfuehrung","tag-verwaltungsrat"],"acf":[],"yoast_head":"<!-- This site is optimized with the Yoast SEO plugin v27.3 - https:\/\/yoast.com\/product\/yoast-seo-wordpress\/ -->\n<title>Daarom-groep voor nieuwe leiding - ITJ | International Transport Journal<\/title>\n<meta name=\"robots\" content=\"index, follow, max-snippet:-1, max-image-preview:large, max-video-preview:-1\" \/>\n<link rel=\"canonical\" href=\"https:\/\/transportjournal.com\/nl\/2026\/03\/11\/daarom-groep-voor-nieuwe-leiding\/\" \/>\n<meta property=\"og:locale\" content=\"nl_NL\" \/>\n<meta property=\"og:type\" content=\"article\" \/>\n<meta property=\"og:title\" content=\"Daarom-groep voor nieuwe leiding - ITJ | International Transport Journal\" \/>\n<meta property=\"og:description\" content=\"Thibault Scaramanga wordt op 31 maart 2026 voorzitter van de raad van bestuur van de Daher Group, terwijl Aymeric Daher wordt gedelegeerd als algemeen directeur.\" \/>\n<meta property=\"og:url\" content=\"https:\/\/transportjournal.com\/nl\/2026\/03\/11\/daarom-groep-voor-nieuwe-leiding\/\" \/>\n<meta property=\"og:site_name\" content=\"ITJ | International Transport Journal\" \/>\n<meta property=\"article:published_time\" content=\"2026-03-11T14:01:52+00:00\" \/>\n<meta property=\"article:modified_time\" content=\"2026-03-20T13:25:31+00:00\" \/>\n<meta property=\"og:image\" content=\"https:\/\/transportjournal.com\/wp-content\/uploads\/sites\/2\/2026\/03\/Daher-XoLy0Q-e2O-1200-aspect-ratio-1400-788.webp\" \/>\n\t<meta property=\"og:image:width\" content=\"1142\" \/>\n\t<meta property=\"og:image:height\" content=\"643\" \/>\n\t<meta property=\"og:image:type\" content=\"image\/webp\" \/>\n<meta name=\"author\" content=\"Andreas Haug\" \/>\n<meta name=\"twitter:card\" content=\"summary_large_image\" \/>\n<meta name=\"twitter:label1\" content=\"Geschreven door\" \/>\n\t<meta name=\"twitter:data1\" content=\"Andreas Haug\" \/>\n\t<meta name=\"twitter:label2\" content=\"Geschatte leestijd\" \/>\n\t<meta name=\"twitter:data2\" content=\"2 minuut\" \/>\n<script type=\"application\/ld+json\" class=\"yoast-schema-graph\">{\"@context\":\"https:\\\/\\\/schema.org\",\"@graph\":[{\"@type\":\"Article\",\"@id\":\"https:\\\/\\\/transportjournal.com\\\/nl\\\/2026\\\/03\\\/11\\\/daarom-groep-voor-nieuwe-leiding\\\/#article\",\"isPartOf\":{\"@id\":\"https:\\\/\\\/transportjournal.com\\\/nl\\\/2026\\\/03\\\/11\\\/daarom-groep-voor-nieuwe-leiding\\\/\"},\"author\":{\"name\":\"Andreas Haug\",\"@id\":\"https:\\\/\\\/transportjournal.com\\\/nl\\\/#\\\/schema\\\/person\\\/cf538b3157f15afd7589245a4b3dbd25\"},\"headline\":\"Daher Group voor nieuwe leiding\",\"datePublished\":\"2026-03-11T14:01:52+00:00\",\"dateModified\":\"2026-03-20T13:25:31+00:00\",\"mainEntityOfPage\":{\"@id\":\"https:\\\/\\\/transportjournal.com\\\/nl\\\/2026\\\/03\\\/11\\\/daarom-groep-voor-nieuwe-leiding\\\/\"},\"wordCount\":331,\"commentCount\":0,\"publisher\":{\"@id\":\"https:\\\/\\\/transportjournal.com\\\/nl\\\/#organization\"},\"image\":{\"@id\":\"https:\\\/\\\/transportjournal.com\\\/nl\\\/2026\\\/03\\\/11\\\/daarom-groep-voor-nieuwe-leiding\\\/#primaryimage\"},\"thumbnailUrl\":\"https:\\\/\\\/transportjournal.com\\\/wp-content\\\/uploads\\\/sites\\\/2\\\/2026\\\/03\\\/Daher-XoLy0Q-e2O-1200-aspect-ratio-1400-788.webp\",\"keywords\":[\"American continent\",\"amerikanischer Kontinent\",\"aviation industry\",\"Aymeric Daher\",\"board of directors\",\"CEO\",\"cha\u00eene d'approvisionnement\",\"comit\u00e9 ex\u00e9cutif\",\"conseil d'administration\",\"continent am\u00e9ricain\",\"Corporate Development\",\"corporate governance\",\"croissance des revenus\",\"Deutsch Daher-Gruppe\",\"d\u00e9veloppement d'entreprise\",\"Digitalisierung\",\"digitalization\",\"directeur g\u00e9n\u00e9ral\",\"executive committee\",\"Exekutivkomitee\",\"Fachkr\u00e4ftemangel\",\"Generaldirektor\",\"gouvernance d'entreprise\",\"industrie a\u00e9ronautique\",\"infrastructure\",\"infrastructure Fran\u00e7ais Groupe Daher\",\"Infrastruktur English Daher Group\",\"international presence\",\"internationale Pr\u00e4senz\",\"logistics service providers\",\"Logistikdienstleister\",\"Luftfahrtbranche\",\"Neustrukturierung\",\"num\u00e9risation\",\"p\u00e9nurie de comp\u00e9tences\",\"plan strat\u00e9gique\",\"pr\u00e9sence internationale\",\"prestataires de services logistiques\",\"restructuration\",\"restructuring\",\"revenue growth\",\"skills shortage\",\"strategic plan\",\"strategischer Plan\",\"Supply Chain\",\"Thibault Scaramanga\",\"Transformation\",\"Umsatzwachstum\",\"Unternehmensentwicklung\",\"Unternehmensf\u00fchrung\",\"Verwaltungsrat\"],\"articleSection\":[\"Europa\",\"Expeditie &amp; Logistiek\",\"Mensen &amp; Bedrijven\"],\"inLanguage\":\"nl-NL\",\"potentialAction\":[{\"@type\":\"CommentAction\",\"name\":\"Comment\",\"target\":[\"https:\\\/\\\/transportjournal.com\\\/nl\\\/2026\\\/03\\\/11\\\/daarom-groep-voor-nieuwe-leiding\\\/#respond\"]}]},{\"@type\":\"WebPage\",\"@id\":\"https:\\\/\\\/transportjournal.com\\\/nl\\\/2026\\\/03\\\/11\\\/daarom-groep-voor-nieuwe-leiding\\\/\",\"url\":\"https:\\\/\\\/transportjournal.com\\\/nl\\\/2026\\\/03\\\/11\\\/daarom-groep-voor-nieuwe-leiding\\\/\",\"name\":\"Daarom-groep voor nieuwe leiding - ITJ | International Transport Journal\",\"isPartOf\":{\"@id\":\"https:\\\/\\\/transportjournal.com\\\/nl\\\/#website\"},\"primaryImageOfPage\":{\"@id\":\"https:\\\/\\\/transportjournal.com\\\/nl\\\/2026\\\/03\\\/11\\\/daarom-groep-voor-nieuwe-leiding\\\/#primaryimage\"},\"image\":{\"@id\":\"https:\\\/\\\/transportjournal.com\\\/nl\\\/2026\\\/03\\\/11\\\/daarom-groep-voor-nieuwe-leiding\\\/#primaryimage\"},\"thumbnailUrl\":\"https:\\\/\\\/transportjournal.com\\\/wp-content\\\/uploads\\\/sites\\\/2\\\/2026\\\/03\\\/Daher-XoLy0Q-e2O-1200-aspect-ratio-1400-788.webp\",\"datePublished\":\"2026-03-11T14:01:52+00:00\",\"dateModified\":\"2026-03-20T13:25:31+00:00\",\"breadcrumb\":{\"@id\":\"https:\\\/\\\/transportjournal.com\\\/nl\\\/2026\\\/03\\\/11\\\/daarom-groep-voor-nieuwe-leiding\\\/#breadcrumb\"},\"inLanguage\":\"nl-NL\",\"potentialAction\":[{\"@type\":\"ReadAction\",\"target\":[\"https:\\\/\\\/transportjournal.com\\\/nl\\\/2026\\\/03\\\/11\\\/daarom-groep-voor-nieuwe-leiding\\\/\"]}]},{\"@type\":\"ImageObject\",\"inLanguage\":\"nl-NL\",\"@id\":\"https:\\\/\\\/transportjournal.com\\\/nl\\\/2026\\\/03\\\/11\\\/daarom-groep-voor-nieuwe-leiding\\\/#primaryimage\",\"url\":\"https:\\\/\\\/transportjournal.com\\\/wp-content\\\/uploads\\\/sites\\\/2\\\/2026\\\/03\\\/Daher-XoLy0Q-e2O-1200-aspect-ratio-1400-788.webp\",\"contentUrl\":\"https:\\\/\\\/transportjournal.com\\\/wp-content\\\/uploads\\\/sites\\\/2\\\/2026\\\/03\\\/Daher-XoLy0Q-e2O-1200-aspect-ratio-1400-788.webp\",\"width\":1142,\"height\":643},{\"@type\":\"BreadcrumbList\",\"@id\":\"https:\\\/\\\/transportjournal.com\\\/nl\\\/2026\\\/03\\\/11\\\/daarom-groep-voor-nieuwe-leiding\\\/#breadcrumb\",\"itemListElement\":[{\"@type\":\"ListItem\",\"position\":1,\"name\":\"Startseite\",\"item\":\"https:\\\/\\\/transportjournal.com\\\/nl\\\/\"},{\"@type\":\"ListItem\",\"position\":2,\"name\":\"Daarom-groep voor nieuwe leiding\"}]},{\"@type\":\"WebSite\",\"@id\":\"https:\\\/\\\/transportjournal.com\\\/nl\\\/#website\",\"url\":\"https:\\\/\\\/transportjournal.com\\\/nl\\\/\",\"name\":\"ITJ | International Transport Journal\",\"description\":\"Stay informed with the latest global news from the transport, logistics, and supply chain industries. Transport Journal delivers expert insights, analysis, and updates across shipping, aviation, intermodal, and forwarding.\",\"publisher\":{\"@id\":\"https:\\\/\\\/transportjournal.com\\\/nl\\\/#organization\"},\"potentialAction\":[{\"@type\":\"SearchAction\",\"target\":{\"@type\":\"EntryPoint\",\"urlTemplate\":\"https:\\\/\\\/transportjournal.com\\\/nl\\\/?s={search_term_string}\"},\"query-input\":{\"@type\":\"PropertyValueSpecification\",\"valueRequired\":true,\"valueName\":\"search_term_string\"}}],\"inLanguage\":\"nl-NL\"},{\"@type\":\"Organization\",\"@id\":\"https:\\\/\\\/transportjournal.com\\\/nl\\\/#organization\",\"name\":\"Logismedia Groep AG\",\"alternateName\":\"Logismedia Group AG\",\"url\":\"https:\\\/\\\/transportjournal.com\\\/nl\\\/\",\"logo\":{\"@type\":\"ImageObject\",\"inLanguage\":\"nl-NL\",\"@id\":\"https:\\\/\\\/transportjournal.com\\\/nl\\\/#\\\/schema\\\/logo\\\/image\\\/\",\"url\":\"https:\\\/\\\/transportjournal.com\\\/wp-content\\\/uploads\\\/sites\\\/2\\\/2025\\\/09\\\/Logo_ITJ.png\",\"contentUrl\":\"https:\\\/\\\/transportjournal.com\\\/wp-content\\\/uploads\\\/sites\\\/2\\\/2025\\\/09\\\/Logo_ITJ.png\",\"width\":799,\"height\":326,\"caption\":\"Logismedia Groep AG\"},\"image\":{\"@id\":\"https:\\\/\\\/transportjournal.com\\\/nl\\\/#\\\/schema\\\/logo\\\/image\\\/\"},\"sameAs\":[\"https:\\\/\\\/www.linkedin.com\\\/company\\\/56456496\\\/admin\\\/dashboard\\\/\",\"https:\\\/\\\/www.instagram.com\\\/logismediagroup\\\/\",\"https:\\\/\\\/www.youtube.com\\\/@LogiamediaGroupAG\"]},{\"@type\":\"Person\",\"@id\":\"https:\\\/\\\/transportjournal.com\\\/nl\\\/#\\\/schema\\\/person\\\/cf538b3157f15afd7589245a4b3dbd25\",\"name\":\"Andreas Haug\",\"url\":\"https:\\\/\\\/transportjournal.com\\\/nl\\\/author\\\/andreas\\\/\"}]}<\/script>\n<!-- \/ Yoast SEO plugin. -->","yoast_head_json":{"title":"Daarom-groep voor nieuwe leiding - ITJ | International Transport Journal","robots":{"index":"index","follow":"follow","max-snippet":"max-snippet:-1","max-image-preview":"max-image-preview:large","max-video-preview":"max-video-preview:-1"},"canonical":"https:\/\/transportjournal.com\/nl\/2026\/03\/11\/daarom-groep-voor-nieuwe-leiding\/","og_locale":"nl_NL","og_type":"article","og_title":"Daarom-groep voor nieuwe leiding - ITJ | International Transport Journal","og_description":"Thibault Scaramanga wordt op 31 maart 2026 voorzitter van de raad van bestuur van de Daher Group, terwijl Aymeric Daher wordt gedelegeerd als algemeen directeur.","og_url":"https:\/\/transportjournal.com\/nl\/2026\/03\/11\/daarom-groep-voor-nieuwe-leiding\/","og_site_name":"ITJ | International Transport Journal","article_published_time":"2026-03-11T14:01:52+00:00","article_modified_time":"2026-03-20T13:25:31+00:00","og_image":[{"width":1142,"height":643,"url":"https:\/\/transportjournal.com\/wp-content\/uploads\/sites\/2\/2026\/03\/Daher-XoLy0Q-e2O-1200-aspect-ratio-1400-788.webp","type":"image\/webp"}],"author":"Andreas Haug","twitter_card":"summary_large_image","twitter_misc":{"Geschreven door":"Andreas Haug","Geschatte leestijd":"2 minuut"},"schema":{"@context":"https:\/\/schema.org","@graph":[{"@type":"Article","@id":"https:\/\/transportjournal.com\/nl\/2026\/03\/11\/daarom-groep-voor-nieuwe-leiding\/#article","isPartOf":{"@id":"https:\/\/transportjournal.com\/nl\/2026\/03\/11\/daarom-groep-voor-nieuwe-leiding\/"},"author":{"name":"Andreas Haug","@id":"https:\/\/transportjournal.com\/nl\/#\/schema\/person\/cf538b3157f15afd7589245a4b3dbd25"},"headline":"Daher Group voor nieuwe leiding","datePublished":"2026-03-11T14:01:52+00:00","dateModified":"2026-03-20T13:25:31+00:00","mainEntityOfPage":{"@id":"https:\/\/transportjournal.com\/nl\/2026\/03\/11\/daarom-groep-voor-nieuwe-leiding\/"},"wordCount":331,"commentCount":0,"publisher":{"@id":"https:\/\/transportjournal.com\/nl\/#organization"},"image":{"@id":"https:\/\/transportjournal.com\/nl\/2026\/03\/11\/daarom-groep-voor-nieuwe-leiding\/#primaryimage"},"thumbnailUrl":"https:\/\/transportjournal.com\/wp-content\/uploads\/sites\/2\/2026\/03\/Daher-XoLy0Q-e2O-1200-aspect-ratio-1400-788.webp","keywords":["American continent","amerikanischer Kontinent","aviation industry","Aymeric Daher","board of directors","CEO","cha\u00eene d'approvisionnement","comit\u00e9 ex\u00e9cutif","conseil d'administration","continent am\u00e9ricain","Corporate Development","corporate governance","croissance des revenus","Deutsch Daher-Gruppe","d\u00e9veloppement d'entreprise","Digitalisierung","digitalization","directeur g\u00e9n\u00e9ral","executive committee","Exekutivkomitee","Fachkr\u00e4ftemangel","Generaldirektor","gouvernance d'entreprise","industrie a\u00e9ronautique","infrastructure","infrastructure Fran\u00e7ais Groupe Daher","Infrastruktur English Daher Group","international presence","internationale Pr\u00e4senz","logistics service providers","Logistikdienstleister","Luftfahrtbranche","Neustrukturierung","num\u00e9risation","p\u00e9nurie de comp\u00e9tences","plan strat\u00e9gique","pr\u00e9sence internationale","prestataires de services logistiques","restructuration","restructuring","revenue growth","skills shortage","strategic plan","strategischer Plan","Supply Chain","Thibault Scaramanga","Transformation","Umsatzwachstum","Unternehmensentwicklung","Unternehmensf\u00fchrung","Verwaltungsrat"],"articleSection":["Europa","Expeditie &amp; Logistiek","Mensen &amp; Bedrijven"],"inLanguage":"nl-NL","potentialAction":[{"@type":"CommentAction","name":"Comment","target":["https:\/\/transportjournal.com\/nl\/2026\/03\/11\/daarom-groep-voor-nieuwe-leiding\/#respond"]}]},{"@type":"WebPage","@id":"https:\/\/transportjournal.com\/nl\/2026\/03\/11\/daarom-groep-voor-nieuwe-leiding\/","url":"https:\/\/transportjournal.com\/nl\/2026\/03\/11\/daarom-groep-voor-nieuwe-leiding\/","name":"Daarom-groep voor nieuwe leiding - ITJ | International Transport Journal","isPartOf":{"@id":"https:\/\/transportjournal.com\/nl\/#website"},"primaryImageOfPage":{"@id":"https:\/\/transportjournal.com\/nl\/2026\/03\/11\/daarom-groep-voor-nieuwe-leiding\/#primaryimage"},"image":{"@id":"https:\/\/transportjournal.com\/nl\/2026\/03\/11\/daarom-groep-voor-nieuwe-leiding\/#primaryimage"},"thumbnailUrl":"https:\/\/transportjournal.com\/wp-content\/uploads\/sites\/2\/2026\/03\/Daher-XoLy0Q-e2O-1200-aspect-ratio-1400-788.webp","datePublished":"2026-03-11T14:01:52+00:00","dateModified":"2026-03-20T13:25:31+00:00","breadcrumb":{"@id":"https:\/\/transportjournal.com\/nl\/2026\/03\/11\/daarom-groep-voor-nieuwe-leiding\/#breadcrumb"},"inLanguage":"nl-NL","potentialAction":[{"@type":"ReadAction","target":["https:\/\/transportjournal.com\/nl\/2026\/03\/11\/daarom-groep-voor-nieuwe-leiding\/"]}]},{"@type":"ImageObject","inLanguage":"nl-NL","@id":"https:\/\/transportjournal.com\/nl\/2026\/03\/11\/daarom-groep-voor-nieuwe-leiding\/#primaryimage","url":"https:\/\/transportjournal.com\/wp-content\/uploads\/sites\/2\/2026\/03\/Daher-XoLy0Q-e2O-1200-aspect-ratio-1400-788.webp","contentUrl":"https:\/\/transportjournal.com\/wp-content\/uploads\/sites\/2\/2026\/03\/Daher-XoLy0Q-e2O-1200-aspect-ratio-1400-788.webp","width":1142,"height":643},{"@type":"BreadcrumbList","@id":"https:\/\/transportjournal.com\/nl\/2026\/03\/11\/daarom-groep-voor-nieuwe-leiding\/#breadcrumb","itemListElement":[{"@type":"ListItem","position":1,"name":"Startseite","item":"https:\/\/transportjournal.com\/nl\/"},{"@type":"ListItem","position":2,"name":"Daarom-groep voor nieuwe leiding"}]},{"@type":"WebSite","@id":"https:\/\/transportjournal.com\/nl\/#website","url":"https:\/\/transportjournal.com\/nl\/","name":"ITJ | International Transport Journal","description":"Stay informed with the latest global news from the transport, logistics, and supply chain industries. Transport Journal delivers expert insights, analysis, and updates across shipping, aviation, intermodal, and forwarding.","publisher":{"@id":"https:\/\/transportjournal.com\/nl\/#organization"},"potentialAction":[{"@type":"SearchAction","target":{"@type":"EntryPoint","urlTemplate":"https:\/\/transportjournal.com\/nl\/?s={search_term_string}"},"query-input":{"@type":"PropertyValueSpecification","valueRequired":true,"valueName":"search_term_string"}}],"inLanguage":"nl-NL"},{"@type":"Organization","@id":"https:\/\/transportjournal.com\/nl\/#organization","name":"Logismedia Groep AG","alternateName":"Logismedia Group AG","url":"https:\/\/transportjournal.com\/nl\/","logo":{"@type":"ImageObject","inLanguage":"nl-NL","@id":"https:\/\/transportjournal.com\/nl\/#\/schema\/logo\/image\/","url":"https:\/\/transportjournal.com\/wp-content\/uploads\/sites\/2\/2025\/09\/Logo_ITJ.png","contentUrl":"https:\/\/transportjournal.com\/wp-content\/uploads\/sites\/2\/2025\/09\/Logo_ITJ.png","width":799,"height":326,"caption":"Logismedia Groep AG"},"image":{"@id":"https:\/\/transportjournal.com\/nl\/#\/schema\/logo\/image\/"},"sameAs":["https:\/\/www.linkedin.com\/company\/56456496\/admin\/dashboard\/","https:\/\/www.instagram.com\/logismediagroup\/","https:\/\/www.youtube.com\/@LogiamediaGroupAG"]},{"@type":"Person","@id":"https:\/\/transportjournal.com\/nl\/#\/schema\/person\/cf538b3157f15afd7589245a4b3dbd25","name":"Andreas Haug","url":"https:\/\/transportjournal.com\/nl\/author\/andreas\/"}]}},"_links":{"self":[{"href":"https:\/\/transportjournal.com\/nl\/wp-json\/wp\/v2\/posts\/80474","targetHints":{"allow":["GET"]}}],"collection":[{"href":"https:\/\/transportjournal.com\/nl\/wp-json\/wp\/v2\/posts"}],"about":[{"href":"https:\/\/transportjournal.com\/nl\/wp-json\/wp\/v2\/types\/post"}],"author":[{"embeddable":true,"href":"https:\/\/transportjournal.com\/nl\/wp-json\/wp\/v2\/users\/12"}],"replies":[{"embeddable":true,"href":"https:\/\/transportjournal.com\/nl\/wp-json\/wp\/v2\/comments?post=80474"}],"version-history":[{"count":1,"href":"https:\/\/transportjournal.com\/nl\/wp-json\/wp\/v2\/posts\/80474\/revisions"}],"predecessor-version":[{"id":81953,"href":"https:\/\/transportjournal.com\/nl\/wp-json\/wp\/v2\/posts\/80474\/revisions\/81953"}],"wp:featuredmedia":[{"embeddable":true,"href":"https:\/\/transportjournal.com\/nl\/wp-json\/wp\/v2\/media\/80468"}],"wp:attachment":[{"href":"https:\/\/transportjournal.com\/nl\/wp-json\/wp\/v2\/media?parent=80474"}],"wp:term":[{"taxonomy":"category","embeddable":true,"href":"https:\/\/transportjournal.com\/nl\/wp-json\/wp\/v2\/categories?post=80474"},{"taxonomy":"post_tag","embeddable":true,"href":"https:\/\/transportjournal.com\/nl\/wp-json\/wp\/v2\/tags?post=80474"}],"curies":[{"name":"wp","href":"https:\/\/api.w.org\/{rel}","templated":true}]}}