{"id":80451,"date":"2026-03-11T13:29:34","date_gmt":"2026-03-11T13:29:34","guid":{"rendered":"https:\/\/transportjournal.com\/2026\/03\/11\/nagel-group-opent-logistiekcentrum-in-poznan\/"},"modified":"2026-03-12T10:21:52","modified_gmt":"2026-03-12T09:21:52","slug":"nagel-group-opent-logistiekcentrum-in-poznan","status":"publish","type":"post","link":"https:\/\/transportjournal.com\/nl\/2026\/03\/11\/nagel-group-opent-logistiekcentrum-in-poznan\/","title":{"rendered":"Nagel-Group opent logistiekcentrum in Pozna\u0144"},"content":{"rendered":"<p>De levensmiddelenlogistiekbedrijf Nagel-Group plant de opening van een nieuwe centrale logistieke locatie nabij Pozna\u0144, Polen. De bouw van het op maat gemaakte logistieke centrum maakt deel uit van een uitgebreide strategie voor consolidatie en effici\u00ebntieverbetering, die voor de eerste helft van 2027 is voorzien. In het kader van dit project worden vier bestaande locaties samengevoegd om een centraal operationeel knooppunt te cre\u00ebren.<\/p>\n<h3>Consolidatie voor effici\u00ebntieverbetering<\/h3>\n<p>Het nieuwe logistieke centrum zal worden gebouwd in het Panattoni Park Pozna\u0144 East III. De ontwikkelaar Panattoni realiseert een moderne vastgoedontwikkeling met een totale oppervlakte van ongeveer 46.000 m\u00b2. Deze nieuwe faciliteit zal in de toekomst fungeren als de centrale operationele locatie van de Nagel-Group in Polen. De samenvoeging van de huidige magazijnen in Diamentowa, Kolumba, Robakowo en Wi\u015bniowa op \u00e9\u00e9n nieuwe locatie moet de operationele effici\u00ebntie verhogen en tegelijkertijd korte afstanden en een moderne werkomgeving voor de medewerkers bieden.<\/p>\n<p>De nieuwe vestiging kenmerkt zich door een uitstekende verbinding met de snelwegen A2 en S5. Marek Dobrzycki, partner bij Panattoni, benadrukt: \u201eHet Nagel-Group BTS-project in Pozna\u0144 vormt het volgende hoofdstuk in onze langdurige samenwerking, die parallel is gegroeid met de toenemende activiteiten van onze partner in Polen.\u201d<\/p>\n<h3>Moderne logistieke ruimtes voor verschillende temperatuurgebieden<\/h3>\n<p>Het nieuwe logistieke centrum zal beschikken over bijna 42.000 m\u00b2 opslagruimte en ongeveer 4.500 m\u00b2 kantoorruimte, en zal voldoen aan alle temperatuurgecontroleerde eisen van de levensmiddelenlogistiek. Dit omvat gebieden voor ultravers (0-2\/0-4 \u00b0C), vers (4-7 \u00b0C) en kamertemperatuur (16-18 \u00b0C) producten, ondersteund door moderne temperatuurcontrolesystemen. Daarnaast zal de faciliteit over een cross-dock-oppervlakte van ongeveer 11.000 m\u00b2 en 66 laadperrons beschikken. In totaal zijn er 300 parkeerplaatsen voor personenauto&#8217;s en 120 voor vrachtwagens beschikbaar.<\/p>\n<p>Het project voldoet aan hoge duurzaamheidsvereisten en is gecertificeerd volgens de BREEAM-norm op het niveau \u201eExcellent\u201d.<\/p>\n<h3>Strategische betekenis van Pozna\u0144<\/h3>\n<p>Andr\u00e9 Pleines, Executive Director Real Estate van de Nagel-Group, benadrukt: \u201eMet de nieuwe locatie in Pozna\u0144 leggen we de basis voor verdere duurzame groei in Polen. De consolidatie van vier bestaande vestigingen in \u00e9\u00e9n moderne, optimaal verbonden logistieke faciliteit verhoogt onze effici\u00ebntie en versterkt onze operationele prestaties.\u201d Pozna\u0144 wordt daarmee een centraal onderdeel van het nationale en Europese netwerk van de Nagel-Group.<\/p>\n<p>De logistieke markt in Pozna\u0144 behoort al jaren tot de meest dynamische in Polen. De uitstekende infrastructuur, de nabijheid van belangrijke verkeersaders en de toegang tot gekwalificeerd personeel maken de regio tot een strategisch belangrijke locatie op de Europese logistieke kaart.<\/p>\n<p>&nbsp;<\/p>\n<p><a href=\"https:\/\/www.nagel-group.com\/\" target=\"_blank\" rel=\"noopener noreferrer\">www.nagel-group.com<\/a><\/p>\n<p>&nbsp;<\/p>\n","protected":false},"excerpt":{"rendered":"<p>De Nagel-Group opent tot 2027 een modern logistiekcentrum in Pozna\u0144 om vier locaties te consolideren en de operationele effici\u00ebntie te verhogen.<\/p>\n","protected":false},"author":12,"featured_media":80445,"comment_status":"open","ping_status":"","sticky":false,"template":"","format":"standard","meta":{"_acf_changed":false,"footnotes":""},"categories":[9092,1599,1593],"tags":[3268,26016,26017,26018,26019,26020,17947,17948,26021,26022,17950,26023,26024,26025,26026,10082,4232,3274,3275,26027,26028,26029,26030,26031,26032,26033,26034,26035,26036,26037,26038,26039,26040,26041,26042,26043,26044,26045,26046,5112,4257,5738,26047,26048,26049,26050,26051,5119,26052,26053,5120,26054,26055,26056,26057,11880],"class_list":["post-80451","post","type-post","status-publish","format-standard","has-post-thumbnail","hentry","category-deutschland","category-europa","category-expeditie-logistiek","tag-amelioration-de-lefficacite-logistique","tag-autobahn-a2","tag-autobahn-s5","tag-autoroute-a2","tag-autoroute-s5","tag-bien-etre-des-employes-logistique","tag-breeam-certified","tag-breeam-zertifiziert","tag-central-logistics-locations","tag-centre-logistique-poznan","tag-certifie-breeam","tag-consolidation-de-sites","tag-consolidation-of-sites","tag-cross-dock-area","tag-cross-dock-flaeche","tag-deutsch-nagel-group","tag-efficacite-operationnelle","tag-efficiency-improvement-logistics","tag-effizienzsteigerung-logistik","tag-emplacements-logistiques-centraux","tag-emplacements-logistiques-strategiques","tag-employee-well-being-logistics","tag-food-logistics-europe","tag-highway-a2","tag-highway-s5","tag-konsolidierung-von-standorten","tag-lebensmittellogistik-europa","tag-logistics-center-poznan","tag-logistics-market-poznan","tag-logistics-service-providers-poland","tag-logistikdienstleister-polen","tag-logistikmarkt-poznan","tag-logistikzentrum-poznan","tag-logistique-alimentaire-europe","tag-main-doeuvre-qualifiee","tag-marche-logistique-poznan","tag-mitarbeiterwohlbefinden-logistik","tag-modern-logistics-properties","tag-moderne-logistikimmobilien","tag-nachhaltige-logistikloesungen","tag-operational-efficiency","tag-operative-effizienz","tag-panattoni-park-poznan","tag-prestataires-logistiques-pologne","tag-proprietes-logistiques-modernes","tag-qualified-workforce-francais-nagel-group","tag-qualifizierte-arbeitskraefte-english-nagel-group","tag-solutions-logistiques-durables","tag-strategic-logistics-locations","tag-strategische-logistikstandorte","tag-sustainable-logistics-solutions","tag-temperature-controlled-storage-areas","tag-temperaturkontrollierte-lagerflaechen","tag-zentrale-logistikstandorte","tag-zone-de-cross-dock","tag-zones-de-stockage-a-temperature-controlee"],"acf":[],"yoast_head":"<!-- This site is optimized with the Yoast SEO plugin v27.3 - https:\/\/yoast.com\/product\/yoast-seo-wordpress\/ -->\n<title>Nagel-Group opent logistiekcentrum in Pozna\u0144 - ITJ | International Transport Journal<\/title>\n<meta name=\"robots\" content=\"index, follow, max-snippet:-1, max-image-preview:large, max-video-preview:-1\" \/>\n<link rel=\"canonical\" href=\"https:\/\/transportjournal.com\/nl\/2026\/03\/11\/nagel-group-opent-logistiekcentrum-in-poznan\/\" \/>\n<meta property=\"og:locale\" content=\"nl_NL\" \/>\n<meta property=\"og:type\" content=\"article\" \/>\n<meta property=\"og:title\" content=\"Nagel-Group opent logistiekcentrum in Pozna\u0144 - ITJ | International Transport Journal\" \/>\n<meta property=\"og:description\" content=\"De Nagel-Group opent tot 2027 een modern logistiekcentrum in Pozna\u0144 om vier locaties te consolideren en de operationele effici\u00ebntie te verhogen.\" \/>\n<meta property=\"og:url\" content=\"https:\/\/transportjournal.com\/nl\/2026\/03\/11\/nagel-group-opent-logistiekcentrum-in-poznan\/\" \/>\n<meta property=\"og:site_name\" content=\"ITJ | International Transport Journal\" \/>\n<meta property=\"article:published_time\" content=\"2026-03-11T13:29:34+00:00\" \/>\n<meta property=\"article:modified_time\" content=\"2026-03-12T09:21:52+00:00\" \/>\n<meta property=\"og:image\" content=\"https:\/\/transportjournal.com\/wp-content\/uploads\/sites\/2\/2026\/03\/PM_Nagel-Group_-Logistik-Hub-in-Poznan-1536x926-1-aspect-ratio-1400-788.jpg\" \/>\n\t<meta property=\"og:image:width\" content=\"1391\" \/>\n\t<meta property=\"og:image:height\" content=\"783\" \/>\n\t<meta property=\"og:image:type\" content=\"image\/jpeg\" \/>\n<meta name=\"author\" content=\"Andreas Haug\" \/>\n<meta name=\"twitter:card\" content=\"summary_large_image\" \/>\n<meta name=\"twitter:label1\" content=\"Geschreven door\" \/>\n\t<meta name=\"twitter:data1\" content=\"Andreas Haug\" \/>\n\t<meta name=\"twitter:label2\" content=\"Geschatte leestijd\" \/>\n\t<meta name=\"twitter:data2\" content=\"2 minuut\" \/>\n<script type=\"application\/ld+json\" class=\"yoast-schema-graph\">{\"@context\":\"https:\\\/\\\/schema.org\",\"@graph\":[{\"@type\":\"Article\",\"@id\":\"https:\\\/\\\/transportjournal.com\\\/nl\\\/2026\\\/03\\\/11\\\/nagel-group-opent-logistiekcentrum-in-poznan\\\/#article\",\"isPartOf\":{\"@id\":\"https:\\\/\\\/transportjournal.com\\\/nl\\\/2026\\\/03\\\/11\\\/nagel-group-opent-logistiekcentrum-in-poznan\\\/\"},\"author\":{\"name\":\"Andreas Haug\",\"@id\":\"https:\\\/\\\/transportjournal.com\\\/nl\\\/#\\\/schema\\\/person\\\/cf538b3157f15afd7589245a4b3dbd25\"},\"headline\":\"Nagel-Group opent logistiekcentrum in Pozna\u0144\",\"datePublished\":\"2026-03-11T13:29:34+00:00\",\"dateModified\":\"2026-03-12T09:21:52+00:00\",\"mainEntityOfPage\":{\"@id\":\"https:\\\/\\\/transportjournal.com\\\/nl\\\/2026\\\/03\\\/11\\\/nagel-group-opent-logistiekcentrum-in-poznan\\\/\"},\"wordCount\":404,\"commentCount\":0,\"publisher\":{\"@id\":\"https:\\\/\\\/transportjournal.com\\\/nl\\\/#organization\"},\"image\":{\"@id\":\"https:\\\/\\\/transportjournal.com\\\/nl\\\/2026\\\/03\\\/11\\\/nagel-group-opent-logistiekcentrum-in-poznan\\\/#primaryimage\"},\"thumbnailUrl\":\"https:\\\/\\\/transportjournal.com\\\/wp-content\\\/uploads\\\/sites\\\/2\\\/2026\\\/03\\\/PM_Nagel-Group_-Logistik-Hub-in-Poznan-1536x926-1-aspect-ratio-1400-788.jpg\",\"keywords\":[\"am\u00e9lioration de l'efficacit\u00e9 logistique\",\"Autobahn A2\",\"Autobahn S5\",\"autoroute A2\",\"autoroute S5\",\"bien-\u00eatre des employ\u00e9s logistique\",\"BREEAM certified\",\"BREEAM zertifiziert\",\"central logistics locations\",\"centre logistique Pozna\u0144\",\"certifi\u00e9 BREEAM\",\"consolidation de sites\",\"consolidation of sites\",\"cross-dock area\",\"Cross-Dock-Fl\u00e4che\",\"Deutsch Nagel-Group\",\"efficacit\u00e9 op\u00e9rationnelle\",\"efficiency improvement logistics\",\"Effizienzsteigerung Logistik\",\"emplacements logistiques centraux\",\"emplacements logistiques strat\u00e9giques\",\"employee well-being logistics\",\"food logistics Europe\",\"highway A2\",\"highway S5\",\"Konsolidierung von Standorten\",\"Lebensmittellogistik Europa\",\"logistics center Pozna\u0144\",\"logistics market Pozna\u0144\",\"logistics service providers Poland\",\"Logistikdienstleister Polen\",\"Logistikmarkt Pozna\u0144\",\"Logistikzentrum Pozna\u0144\",\"logistique alimentaire Europe\",\"main-d'\u0153uvre qualifi\u00e9e\",\"march\u00e9 logistique Pozna\u0144\",\"Mitarbeiterwohlbefinden Logistik\",\"modern logistics properties\",\"moderne Logistikimmobilien\",\"nachhaltige Logistikl\u00f6sungen\",\"operational efficiency\",\"operative Effizienz\",\"Panattoni Park Pozna\u0144\",\"prestataires logistiques Pologne\",\"propri\u00e9t\u00e9s logistiques modernes\",\"qualified workforce Fran\u00e7ais Nagel-Group\",\"qualifizierte Arbeitskr\u00e4fte English Nagel-Group\",\"solutions logistiques durables\",\"strategic logistics locations\",\"strategische Logistikstandorte\",\"sustainable logistics solutions\",\"temperature-controlled storage areas\",\"temperaturkontrollierte Lagerfl\u00e4chen\",\"zentrale Logistikstandorte\",\"zone de cross-dock\",\"zones de stockage \u00e0 temp\u00e9rature contr\u00f4l\u00e9e\"],\"articleSection\":[\"Deutschland\",\"Europa\",\"Expeditie &amp; Logistiek\"],\"inLanguage\":\"nl-NL\",\"potentialAction\":[{\"@type\":\"CommentAction\",\"name\":\"Comment\",\"target\":[\"https:\\\/\\\/transportjournal.com\\\/nl\\\/2026\\\/03\\\/11\\\/nagel-group-opent-logistiekcentrum-in-poznan\\\/#respond\"]}]},{\"@type\":\"WebPage\",\"@id\":\"https:\\\/\\\/transportjournal.com\\\/nl\\\/2026\\\/03\\\/11\\\/nagel-group-opent-logistiekcentrum-in-poznan\\\/\",\"url\":\"https:\\\/\\\/transportjournal.com\\\/nl\\\/2026\\\/03\\\/11\\\/nagel-group-opent-logistiekcentrum-in-poznan\\\/\",\"name\":\"Nagel-Group opent logistiekcentrum in Pozna\u0144 - ITJ | International Transport Journal\",\"isPartOf\":{\"@id\":\"https:\\\/\\\/transportjournal.com\\\/nl\\\/#website\"},\"primaryImageOfPage\":{\"@id\":\"https:\\\/\\\/transportjournal.com\\\/nl\\\/2026\\\/03\\\/11\\\/nagel-group-opent-logistiekcentrum-in-poznan\\\/#primaryimage\"},\"image\":{\"@id\":\"https:\\\/\\\/transportjournal.com\\\/nl\\\/2026\\\/03\\\/11\\\/nagel-group-opent-logistiekcentrum-in-poznan\\\/#primaryimage\"},\"thumbnailUrl\":\"https:\\\/\\\/transportjournal.com\\\/wp-content\\\/uploads\\\/sites\\\/2\\\/2026\\\/03\\\/PM_Nagel-Group_-Logistik-Hub-in-Poznan-1536x926-1-aspect-ratio-1400-788.jpg\",\"datePublished\":\"2026-03-11T13:29:34+00:00\",\"dateModified\":\"2026-03-12T09:21:52+00:00\",\"breadcrumb\":{\"@id\":\"https:\\\/\\\/transportjournal.com\\\/nl\\\/2026\\\/03\\\/11\\\/nagel-group-opent-logistiekcentrum-in-poznan\\\/#breadcrumb\"},\"inLanguage\":\"nl-NL\",\"potentialAction\":[{\"@type\":\"ReadAction\",\"target\":[\"https:\\\/\\\/transportjournal.com\\\/nl\\\/2026\\\/03\\\/11\\\/nagel-group-opent-logistiekcentrum-in-poznan\\\/\"]}]},{\"@type\":\"ImageObject\",\"inLanguage\":\"nl-NL\",\"@id\":\"https:\\\/\\\/transportjournal.com\\\/nl\\\/2026\\\/03\\\/11\\\/nagel-group-opent-logistiekcentrum-in-poznan\\\/#primaryimage\",\"url\":\"https:\\\/\\\/transportjournal.com\\\/wp-content\\\/uploads\\\/sites\\\/2\\\/2026\\\/03\\\/PM_Nagel-Group_-Logistik-Hub-in-Poznan-1536x926-1-aspect-ratio-1400-788.jpg\",\"contentUrl\":\"https:\\\/\\\/transportjournal.com\\\/wp-content\\\/uploads\\\/sites\\\/2\\\/2026\\\/03\\\/PM_Nagel-Group_-Logistik-Hub-in-Poznan-1536x926-1-aspect-ratio-1400-788.jpg\",\"width\":1391,\"height\":783},{\"@type\":\"BreadcrumbList\",\"@id\":\"https:\\\/\\\/transportjournal.com\\\/nl\\\/2026\\\/03\\\/11\\\/nagel-group-opent-logistiekcentrum-in-poznan\\\/#breadcrumb\",\"itemListElement\":[{\"@type\":\"ListItem\",\"position\":1,\"name\":\"Startseite\",\"item\":\"https:\\\/\\\/transportjournal.com\\\/nl\\\/\"},{\"@type\":\"ListItem\",\"position\":2,\"name\":\"Nagel-Group opent logistiekcentrum in Pozna\u0144\"}]},{\"@type\":\"WebSite\",\"@id\":\"https:\\\/\\\/transportjournal.com\\\/nl\\\/#website\",\"url\":\"https:\\\/\\\/transportjournal.com\\\/nl\\\/\",\"name\":\"ITJ | International Transport Journal\",\"description\":\"Stay informed with the latest global news from the transport, logistics, and supply chain industries. Transport Journal delivers expert insights, analysis, and updates across shipping, aviation, intermodal, and forwarding.\",\"publisher\":{\"@id\":\"https:\\\/\\\/transportjournal.com\\\/nl\\\/#organization\"},\"potentialAction\":[{\"@type\":\"SearchAction\",\"target\":{\"@type\":\"EntryPoint\",\"urlTemplate\":\"https:\\\/\\\/transportjournal.com\\\/nl\\\/?s={search_term_string}\"},\"query-input\":{\"@type\":\"PropertyValueSpecification\",\"valueRequired\":true,\"valueName\":\"search_term_string\"}}],\"inLanguage\":\"nl-NL\"},{\"@type\":\"Organization\",\"@id\":\"https:\\\/\\\/transportjournal.com\\\/nl\\\/#organization\",\"name\":\"Logismedia Groep AG\",\"alternateName\":\"Logismedia Group AG\",\"url\":\"https:\\\/\\\/transportjournal.com\\\/nl\\\/\",\"logo\":{\"@type\":\"ImageObject\",\"inLanguage\":\"nl-NL\",\"@id\":\"https:\\\/\\\/transportjournal.com\\\/nl\\\/#\\\/schema\\\/logo\\\/image\\\/\",\"url\":\"https:\\\/\\\/transportjournal.com\\\/wp-content\\\/uploads\\\/sites\\\/2\\\/2025\\\/09\\\/Logo_ITJ.png\",\"contentUrl\":\"https:\\\/\\\/transportjournal.com\\\/wp-content\\\/uploads\\\/sites\\\/2\\\/2025\\\/09\\\/Logo_ITJ.png\",\"width\":799,\"height\":326,\"caption\":\"Logismedia Groep AG\"},\"image\":{\"@id\":\"https:\\\/\\\/transportjournal.com\\\/nl\\\/#\\\/schema\\\/logo\\\/image\\\/\"},\"sameAs\":[\"https:\\\/\\\/www.linkedin.com\\\/company\\\/56456496\\\/admin\\\/dashboard\\\/\",\"https:\\\/\\\/www.instagram.com\\\/logismediagroup\\\/\",\"https:\\\/\\\/www.youtube.com\\\/@LogiamediaGroupAG\"]},{\"@type\":\"Person\",\"@id\":\"https:\\\/\\\/transportjournal.com\\\/nl\\\/#\\\/schema\\\/person\\\/cf538b3157f15afd7589245a4b3dbd25\",\"name\":\"Andreas Haug\",\"url\":\"https:\\\/\\\/transportjournal.com\\\/nl\\\/author\\\/andreas\\\/\"}]}<\/script>\n<!-- \/ Yoast SEO plugin. -->","yoast_head_json":{"title":"Nagel-Group opent logistiekcentrum in Pozna\u0144 - ITJ | International Transport Journal","robots":{"index":"index","follow":"follow","max-snippet":"max-snippet:-1","max-image-preview":"max-image-preview:large","max-video-preview":"max-video-preview:-1"},"canonical":"https:\/\/transportjournal.com\/nl\/2026\/03\/11\/nagel-group-opent-logistiekcentrum-in-poznan\/","og_locale":"nl_NL","og_type":"article","og_title":"Nagel-Group opent logistiekcentrum in Pozna\u0144 - ITJ | International Transport Journal","og_description":"De Nagel-Group opent tot 2027 een modern logistiekcentrum in Pozna\u0144 om vier locaties te consolideren en de operationele effici\u00ebntie te verhogen.","og_url":"https:\/\/transportjournal.com\/nl\/2026\/03\/11\/nagel-group-opent-logistiekcentrum-in-poznan\/","og_site_name":"ITJ | International Transport Journal","article_published_time":"2026-03-11T13:29:34+00:00","article_modified_time":"2026-03-12T09:21:52+00:00","og_image":[{"width":1391,"height":783,"url":"https:\/\/transportjournal.com\/wp-content\/uploads\/sites\/2\/2026\/03\/PM_Nagel-Group_-Logistik-Hub-in-Poznan-1536x926-1-aspect-ratio-1400-788.jpg","type":"image\/jpeg"}],"author":"Andreas Haug","twitter_card":"summary_large_image","twitter_misc":{"Geschreven door":"Andreas Haug","Geschatte leestijd":"2 minuut"},"schema":{"@context":"https:\/\/schema.org","@graph":[{"@type":"Article","@id":"https:\/\/transportjournal.com\/nl\/2026\/03\/11\/nagel-group-opent-logistiekcentrum-in-poznan\/#article","isPartOf":{"@id":"https:\/\/transportjournal.com\/nl\/2026\/03\/11\/nagel-group-opent-logistiekcentrum-in-poznan\/"},"author":{"name":"Andreas Haug","@id":"https:\/\/transportjournal.com\/nl\/#\/schema\/person\/cf538b3157f15afd7589245a4b3dbd25"},"headline":"Nagel-Group opent logistiekcentrum in Pozna\u0144","datePublished":"2026-03-11T13:29:34+00:00","dateModified":"2026-03-12T09:21:52+00:00","mainEntityOfPage":{"@id":"https:\/\/transportjournal.com\/nl\/2026\/03\/11\/nagel-group-opent-logistiekcentrum-in-poznan\/"},"wordCount":404,"commentCount":0,"publisher":{"@id":"https:\/\/transportjournal.com\/nl\/#organization"},"image":{"@id":"https:\/\/transportjournal.com\/nl\/2026\/03\/11\/nagel-group-opent-logistiekcentrum-in-poznan\/#primaryimage"},"thumbnailUrl":"https:\/\/transportjournal.com\/wp-content\/uploads\/sites\/2\/2026\/03\/PM_Nagel-Group_-Logistik-Hub-in-Poznan-1536x926-1-aspect-ratio-1400-788.jpg","keywords":["am\u00e9lioration de l'efficacit\u00e9 logistique","Autobahn A2","Autobahn S5","autoroute A2","autoroute S5","bien-\u00eatre des employ\u00e9s logistique","BREEAM certified","BREEAM zertifiziert","central logistics locations","centre logistique Pozna\u0144","certifi\u00e9 BREEAM","consolidation de sites","consolidation of sites","cross-dock area","Cross-Dock-Fl\u00e4che","Deutsch Nagel-Group","efficacit\u00e9 op\u00e9rationnelle","efficiency improvement logistics","Effizienzsteigerung Logistik","emplacements logistiques centraux","emplacements logistiques strat\u00e9giques","employee well-being logistics","food logistics Europe","highway A2","highway S5","Konsolidierung von Standorten","Lebensmittellogistik Europa","logistics center Pozna\u0144","logistics market Pozna\u0144","logistics service providers Poland","Logistikdienstleister Polen","Logistikmarkt Pozna\u0144","Logistikzentrum Pozna\u0144","logistique alimentaire Europe","main-d'\u0153uvre qualifi\u00e9e","march\u00e9 logistique Pozna\u0144","Mitarbeiterwohlbefinden Logistik","modern logistics properties","moderne Logistikimmobilien","nachhaltige Logistikl\u00f6sungen","operational efficiency","operative Effizienz","Panattoni Park Pozna\u0144","prestataires logistiques Pologne","propri\u00e9t\u00e9s logistiques modernes","qualified workforce Fran\u00e7ais Nagel-Group","qualifizierte Arbeitskr\u00e4fte English Nagel-Group","solutions logistiques durables","strategic logistics locations","strategische Logistikstandorte","sustainable logistics solutions","temperature-controlled storage areas","temperaturkontrollierte Lagerfl\u00e4chen","zentrale Logistikstandorte","zone de cross-dock","zones de stockage \u00e0 temp\u00e9rature contr\u00f4l\u00e9e"],"articleSection":["Deutschland","Europa","Expeditie &amp; Logistiek"],"inLanguage":"nl-NL","potentialAction":[{"@type":"CommentAction","name":"Comment","target":["https:\/\/transportjournal.com\/nl\/2026\/03\/11\/nagel-group-opent-logistiekcentrum-in-poznan\/#respond"]}]},{"@type":"WebPage","@id":"https:\/\/transportjournal.com\/nl\/2026\/03\/11\/nagel-group-opent-logistiekcentrum-in-poznan\/","url":"https:\/\/transportjournal.com\/nl\/2026\/03\/11\/nagel-group-opent-logistiekcentrum-in-poznan\/","name":"Nagel-Group opent logistiekcentrum in Pozna\u0144 - ITJ | International Transport Journal","isPartOf":{"@id":"https:\/\/transportjournal.com\/nl\/#website"},"primaryImageOfPage":{"@id":"https:\/\/transportjournal.com\/nl\/2026\/03\/11\/nagel-group-opent-logistiekcentrum-in-poznan\/#primaryimage"},"image":{"@id":"https:\/\/transportjournal.com\/nl\/2026\/03\/11\/nagel-group-opent-logistiekcentrum-in-poznan\/#primaryimage"},"thumbnailUrl":"https:\/\/transportjournal.com\/wp-content\/uploads\/sites\/2\/2026\/03\/PM_Nagel-Group_-Logistik-Hub-in-Poznan-1536x926-1-aspect-ratio-1400-788.jpg","datePublished":"2026-03-11T13:29:34+00:00","dateModified":"2026-03-12T09:21:52+00:00","breadcrumb":{"@id":"https:\/\/transportjournal.com\/nl\/2026\/03\/11\/nagel-group-opent-logistiekcentrum-in-poznan\/#breadcrumb"},"inLanguage":"nl-NL","potentialAction":[{"@type":"ReadAction","target":["https:\/\/transportjournal.com\/nl\/2026\/03\/11\/nagel-group-opent-logistiekcentrum-in-poznan\/"]}]},{"@type":"ImageObject","inLanguage":"nl-NL","@id":"https:\/\/transportjournal.com\/nl\/2026\/03\/11\/nagel-group-opent-logistiekcentrum-in-poznan\/#primaryimage","url":"https:\/\/transportjournal.com\/wp-content\/uploads\/sites\/2\/2026\/03\/PM_Nagel-Group_-Logistik-Hub-in-Poznan-1536x926-1-aspect-ratio-1400-788.jpg","contentUrl":"https:\/\/transportjournal.com\/wp-content\/uploads\/sites\/2\/2026\/03\/PM_Nagel-Group_-Logistik-Hub-in-Poznan-1536x926-1-aspect-ratio-1400-788.jpg","width":1391,"height":783},{"@type":"BreadcrumbList","@id":"https:\/\/transportjournal.com\/nl\/2026\/03\/11\/nagel-group-opent-logistiekcentrum-in-poznan\/#breadcrumb","itemListElement":[{"@type":"ListItem","position":1,"name":"Startseite","item":"https:\/\/transportjournal.com\/nl\/"},{"@type":"ListItem","position":2,"name":"Nagel-Group opent logistiekcentrum in Pozna\u0144"}]},{"@type":"WebSite","@id":"https:\/\/transportjournal.com\/nl\/#website","url":"https:\/\/transportjournal.com\/nl\/","name":"ITJ | International Transport Journal","description":"Stay informed with the latest global news from the transport, logistics, and supply chain industries. Transport Journal delivers expert insights, analysis, and updates across shipping, aviation, intermodal, and forwarding.","publisher":{"@id":"https:\/\/transportjournal.com\/nl\/#organization"},"potentialAction":[{"@type":"SearchAction","target":{"@type":"EntryPoint","urlTemplate":"https:\/\/transportjournal.com\/nl\/?s={search_term_string}"},"query-input":{"@type":"PropertyValueSpecification","valueRequired":true,"valueName":"search_term_string"}}],"inLanguage":"nl-NL"},{"@type":"Organization","@id":"https:\/\/transportjournal.com\/nl\/#organization","name":"Logismedia Groep AG","alternateName":"Logismedia Group AG","url":"https:\/\/transportjournal.com\/nl\/","logo":{"@type":"ImageObject","inLanguage":"nl-NL","@id":"https:\/\/transportjournal.com\/nl\/#\/schema\/logo\/image\/","url":"https:\/\/transportjournal.com\/wp-content\/uploads\/sites\/2\/2025\/09\/Logo_ITJ.png","contentUrl":"https:\/\/transportjournal.com\/wp-content\/uploads\/sites\/2\/2025\/09\/Logo_ITJ.png","width":799,"height":326,"caption":"Logismedia Groep AG"},"image":{"@id":"https:\/\/transportjournal.com\/nl\/#\/schema\/logo\/image\/"},"sameAs":["https:\/\/www.linkedin.com\/company\/56456496\/admin\/dashboard\/","https:\/\/www.instagram.com\/logismediagroup\/","https:\/\/www.youtube.com\/@LogiamediaGroupAG"]},{"@type":"Person","@id":"https:\/\/transportjournal.com\/nl\/#\/schema\/person\/cf538b3157f15afd7589245a4b3dbd25","name":"Andreas Haug","url":"https:\/\/transportjournal.com\/nl\/author\/andreas\/"}]}},"_links":{"self":[{"href":"https:\/\/transportjournal.com\/nl\/wp-json\/wp\/v2\/posts\/80451","targetHints":{"allow":["GET"]}}],"collection":[{"href":"https:\/\/transportjournal.com\/nl\/wp-json\/wp\/v2\/posts"}],"about":[{"href":"https:\/\/transportjournal.com\/nl\/wp-json\/wp\/v2\/types\/post"}],"author":[{"embeddable":true,"href":"https:\/\/transportjournal.com\/nl\/wp-json\/wp\/v2\/users\/12"}],"replies":[{"embeddable":true,"href":"https:\/\/transportjournal.com\/nl\/wp-json\/wp\/v2\/comments?post=80451"}],"version-history":[{"count":2,"href":"https:\/\/transportjournal.com\/nl\/wp-json\/wp\/v2\/posts\/80451\/revisions"}],"predecessor-version":[{"id":80561,"href":"https:\/\/transportjournal.com\/nl\/wp-json\/wp\/v2\/posts\/80451\/revisions\/80561"}],"wp:featuredmedia":[{"embeddable":true,"href":"https:\/\/transportjournal.com\/nl\/wp-json\/wp\/v2\/media\/80445"}],"wp:attachment":[{"href":"https:\/\/transportjournal.com\/nl\/wp-json\/wp\/v2\/media?parent=80451"}],"wp:term":[{"taxonomy":"category","embeddable":true,"href":"https:\/\/transportjournal.com\/nl\/wp-json\/wp\/v2\/categories?post=80451"},{"taxonomy":"post_tag","embeddable":true,"href":"https:\/\/transportjournal.com\/nl\/wp-json\/wp\/v2\/tags?post=80451"}],"curies":[{"name":"wp","href":"https:\/\/api.w.org\/{rel}","templated":true}]}}