{"id":80413,"date":"2026-03-11T12:29:11","date_gmt":"2026-03-11T12:29:11","guid":{"rendered":"https:\/\/transportjournal.com\/2026\/03\/11\/al-hassan-leidt-gcc-regio-van-dp-world\/"},"modified":"2026-03-11T13:44:06","modified_gmt":"2026-03-11T12:44:06","slug":"al-hassan-leidt-gcc-regio-van-dp-world","status":"publish","type":"post","link":"https:\/\/transportjournal.com\/nl\/2026\/03\/11\/al-hassan-leidt-gcc-regio-van-dp-world\/","title":{"rendered":"Al-Hassan leidt GCC-regio van DP World"},"content":{"rendered":"<p>DP World, een wereldwijde logistieke dienstverlener en exploitant van supply chain-infrastructuur met activiteiten in 69 landen op alle continenten, heeft Ahmad Yousef Al-Hassan benoemd tot nieuwe CEO en MD van zijn GCC-regionale organisatie. In deze functie is hij verantwoordelijk voor havens, logistiek en supply chain-activiteiten in verschillende markten aan de Perzische Golf. Het bedrijf beheert een ge\u00efntegreerd portfolio in de Verenigde Arabische Emiraten, Saoedi-Arabi\u00eb en Oman.<\/p>\n<p>Focus op regionale handel en logistiek<\/p>\n<p>De nieuwe CEO moet doorlopende supply chains versterken en logistieke diensten ontwikkelen die handelsstromen vereenvoudigen. Hij verklaarde dat \u00abde handel meer verbonden en complexer is dan ooit tevoren, en onze prioriteit is om de vracht voor onze klanten veilig en effici\u00ebnt te vervoeren.\u00bb Het bedrijf houdt de ontwikkelingen in de Perzische Golf en de Straat van Hormuz nauwlettend in de gaten, terwijl de operatie in de faciliteiten in Dubai (VAE) wordt voortgezet.<\/p>\n<p>De container- en stukgoedterminals in de haven van Jebel Ali blijven volledig operationeel. Het bedrijf werkt nauw samen met de autoriteiten van de VAE, rederijen en logistieke partners om stabiele goederenstromen te waarborgen.<\/p>\n<p>Al-Hassan is sinds 2010 werkzaam bij DP World en was van 2021 tot 2026 CFO van DP World GCC. Met meer dan 23 jaar ervaring in de sector heeft hij in Dubai, Washington DC, Londen en Hongkong gewerkt op het gebied van logistiek, treasury en bankwezen.<\/p>\n<p><a href=\"https:\/\/www.dpworld.com\" target=\"_blank\" rel=\"noopener noreferrer\">www.dpworld.com<\/a><\/p>\n","protected":false},"excerpt":{"rendered":"<p>DP World heeft Ahmad Yousef Al-Hassan benoemd tot nieuwe CEO van de GCC-regionale organisatie om de toeleveringsketens en logistieke diensten in de Perzische Golf te optimaliseren.<\/p>\n","protected":false},"author":14,"featured_media":80407,"comment_status":"open","ping_status":"","sticky":false,"template":"","format":"standard","meta":{"_acf_changed":false,"footnotes":""},"categories":[1593,1591,1600,1595],"tags":[25947,25948,7947,25949,25950,16524,16526,16846,2115,2116,9628,2700,25951,25952,1958,4091,25953,25954,25955,2909,25956,25957,25958,4128,2664,1831,1847,3157,24395,2925,4923,25959,25960,2929,2481,25961,25962,25963,7962,7963,2682,2731,25964,25965,25397,25966,16547,25967,25968,4105,25969],"class_list":["post-80413","post","type-post","status-publish","format-standard","has-post-thumbnail","hentry","category-expeditie-logistiek","category-mensen-bedrijven","category-midden-oosten","category-scheepvaart-en-havens","tag-activites-de-chaine-dapprovisionnement","tag-ahmad-yousef-al-hassan","tag-arabie-saoudite","tag-breakbulk-terminals","tag-connectivite-commerciale","tag-container-terminals","tag-containerterminals","tag-deutsch-dp-world","tag-digitalisierung-in-der-logistik","tag-digitalization-in-logistics","tag-dubai","tag-fachkraeftemangel-in-der-logistik","tag-flux-commerciaux-regionaux","tag-flux-de-marchandises","tag-frachttransport","tag-freight-transport","tag-gcc-region","tag-golfe-persique","tag-goods-flows-francais-dp-world","tag-hafenbetrieb","tag-handelsvernetzung","tag-infrastructure-de-chaine-dapprovisionnement","tag-lieferkettenaktivitaeten","tag-logistics-provider","tag-logistics-services","tag-logistikdienstleister","tag-logistikdienstleistungen","tag-numerisation-dans-la-logistique","tag-oman","tag-operations-portuaires","tag-penurie-de-competences-dans-la-logistique","tag-persian-gulf","tag-persischer-golf","tag-port-operations","tag-prestataire-logistique","tag-region-gcc","tag-regional-trade-flows","tag-regionale-handelsstroeme","tag-saudi-arabia","tag-saudi-arabien","tag-services-logistiques","tag-skills-shortage-in-logistics","tag-stueckgutterminals","tag-supply-chain-activities","tag-supply-chain-infrastructure","tag-supply-chain-infrastruktur","tag-terminaux-a-conteneurs","tag-terminaux-de-marchandises","tag-trade-connectivity","tag-transport-de-fret","tag-warenstroeme-english-dp-world"],"acf":[],"yoast_head":"<!-- This site is optimized with the Yoast SEO plugin v27.3 - https:\/\/yoast.com\/product\/yoast-seo-wordpress\/ -->\n<title>Al-Hassan leidt GCC-regio van DP World - ITJ | International Transport Journal<\/title>\n<meta name=\"robots\" content=\"index, follow, max-snippet:-1, max-image-preview:large, max-video-preview:-1\" \/>\n<link rel=\"canonical\" href=\"https:\/\/transportjournal.com\/nl\/2026\/03\/11\/al-hassan-leidt-gcc-regio-van-dp-world\/\" \/>\n<meta property=\"og:locale\" content=\"nl_NL\" \/>\n<meta property=\"og:type\" content=\"article\" \/>\n<meta property=\"og:title\" content=\"Al-Hassan leidt GCC-regio van DP World - ITJ | International Transport Journal\" \/>\n<meta property=\"og:description\" content=\"DP World heeft Ahmad Yousef Al-Hassan benoemd tot nieuwe CEO van de GCC-regionale organisatie om de toeleveringsketens en logistieke diensten in de Perzische Golf te optimaliseren.\" \/>\n<meta property=\"og:url\" content=\"https:\/\/transportjournal.com\/nl\/2026\/03\/11\/al-hassan-leidt-gcc-regio-van-dp-world\/\" \/>\n<meta property=\"og:site_name\" content=\"ITJ | International Transport Journal\" \/>\n<meta property=\"article:published_time\" content=\"2026-03-11T12:29:11+00:00\" \/>\n<meta property=\"article:modified_time\" content=\"2026-03-11T12:44:06+00:00\" \/>\n<meta property=\"og:image\" content=\"https:\/\/transportjournal.com\/wp-content\/uploads\/sites\/2\/2026\/03\/DP-World-Al-Hassan-CEO-GCC-150_74584-aspect-ratio-1400-788.jpg\" \/>\n\t<meta property=\"og:image:width\" content=\"600\" \/>\n\t<meta property=\"og:image:height\" content=\"337\" \/>\n\t<meta property=\"og:image:type\" content=\"image\/jpeg\" \/>\n<meta name=\"author\" content=\"Gyan Sharan\" \/>\n<meta name=\"twitter:card\" content=\"summary_large_image\" \/>\n<meta name=\"twitter:label1\" content=\"Geschreven door\" \/>\n\t<meta name=\"twitter:data1\" content=\"Gyan Sharan\" \/>\n\t<meta name=\"twitter:label2\" content=\"Geschatte leestijd\" \/>\n\t<meta name=\"twitter:data2\" content=\"1 minuut\" \/>\n<script type=\"application\/ld+json\" class=\"yoast-schema-graph\">{\"@context\":\"https:\\\/\\\/schema.org\",\"@graph\":[{\"@type\":\"Article\",\"@id\":\"https:\\\/\\\/transportjournal.com\\\/nl\\\/2026\\\/03\\\/11\\\/al-hassan-leidt-gcc-regio-van-dp-world\\\/#article\",\"isPartOf\":{\"@id\":\"https:\\\/\\\/transportjournal.com\\\/nl\\\/2026\\\/03\\\/11\\\/al-hassan-leidt-gcc-regio-van-dp-world\\\/\"},\"author\":{\"name\":\"Gyan Sharan\",\"@id\":\"https:\\\/\\\/transportjournal.com\\\/nl\\\/#\\\/schema\\\/person\\\/13a9fc605c753db60ef7750a229cd042\"},\"headline\":\"Al-Hassan leidt GCC-regio van DP World\",\"datePublished\":\"2026-03-11T12:29:11+00:00\",\"dateModified\":\"2026-03-11T12:44:06+00:00\",\"mainEntityOfPage\":{\"@id\":\"https:\\\/\\\/transportjournal.com\\\/nl\\\/2026\\\/03\\\/11\\\/al-hassan-leidt-gcc-regio-van-dp-world\\\/\"},\"wordCount\":229,\"commentCount\":0,\"publisher\":{\"@id\":\"https:\\\/\\\/transportjournal.com\\\/nl\\\/#organization\"},\"image\":{\"@id\":\"https:\\\/\\\/transportjournal.com\\\/nl\\\/2026\\\/03\\\/11\\\/al-hassan-leidt-gcc-regio-van-dp-world\\\/#primaryimage\"},\"thumbnailUrl\":\"https:\\\/\\\/transportjournal.com\\\/wp-content\\\/uploads\\\/sites\\\/2\\\/2026\\\/03\\\/DP-World-Al-Hassan-CEO-GCC-150_74584-aspect-ratio-1400-788.jpg\",\"keywords\":[\"activit\u00e9s de cha\u00eene d'approvisionnement\",\"Ahmad Yousef Al-Hassan\",\"Arabie Saoudite\",\"breakbulk terminals\",\"connectivit\u00e9 commerciale\",\"container terminals\",\"Containerterminals\",\"Deutsch DP World\",\"Digitalisierung in der Logistik\",\"digitalization in logistics\",\"Dubai\",\"Fachkr\u00e4ftemangel in der Logistik\",\"flux commerciaux r\u00e9gionaux\",\"flux de marchandises\",\"Frachttransport\",\"freight transport\",\"GCC-Region\",\"Golfe Persique\",\"goods flows Fran\u00e7ais DP World\",\"Hafenbetrieb\",\"Handelsvernetzung\",\"infrastructure de cha\u00eene d'approvisionnement\",\"Lieferkettenaktivit\u00e4ten\",\"logistics provider\",\"logistics services\",\"Logistikdienstleister\",\"Logistikdienstleistungen\",\"num\u00e9risation dans la logistique\",\"Oman\",\"op\u00e9rations portuaires\",\"p\u00e9nurie de comp\u00e9tences dans la logistique\",\"Persian Gulf\",\"Persischer Golf\",\"port operations\",\"prestataire logistique\",\"r\u00e9gion GCC\",\"regional trade flows\",\"regionale Handelsstr\u00f6me\",\"Saudi Arabia\",\"Saudi Arabien\",\"services logistiques\",\"skills shortage in logistics\",\"St\u00fcckgutterminals\",\"supply chain activities\",\"supply chain infrastructure\",\"Supply Chain Infrastruktur\",\"terminaux \u00e0 conteneurs\",\"terminaux de marchandises\",\"trade connectivity\",\"transport de fret\",\"Warenstr\u00f6me English DP World\"],\"articleSection\":[\"Expeditie &amp; Logistiek\",\"Mensen &amp; Bedrijven\",\"Midden-Oosten\",\"Scheepvaart en havens\"],\"inLanguage\":\"nl-NL\",\"potentialAction\":[{\"@type\":\"CommentAction\",\"name\":\"Comment\",\"target\":[\"https:\\\/\\\/transportjournal.com\\\/nl\\\/2026\\\/03\\\/11\\\/al-hassan-leidt-gcc-regio-van-dp-world\\\/#respond\"]}]},{\"@type\":\"WebPage\",\"@id\":\"https:\\\/\\\/transportjournal.com\\\/nl\\\/2026\\\/03\\\/11\\\/al-hassan-leidt-gcc-regio-van-dp-world\\\/\",\"url\":\"https:\\\/\\\/transportjournal.com\\\/nl\\\/2026\\\/03\\\/11\\\/al-hassan-leidt-gcc-regio-van-dp-world\\\/\",\"name\":\"Al-Hassan leidt GCC-regio van DP World - ITJ | International Transport Journal\",\"isPartOf\":{\"@id\":\"https:\\\/\\\/transportjournal.com\\\/nl\\\/#website\"},\"primaryImageOfPage\":{\"@id\":\"https:\\\/\\\/transportjournal.com\\\/nl\\\/2026\\\/03\\\/11\\\/al-hassan-leidt-gcc-regio-van-dp-world\\\/#primaryimage\"},\"image\":{\"@id\":\"https:\\\/\\\/transportjournal.com\\\/nl\\\/2026\\\/03\\\/11\\\/al-hassan-leidt-gcc-regio-van-dp-world\\\/#primaryimage\"},\"thumbnailUrl\":\"https:\\\/\\\/transportjournal.com\\\/wp-content\\\/uploads\\\/sites\\\/2\\\/2026\\\/03\\\/DP-World-Al-Hassan-CEO-GCC-150_74584-aspect-ratio-1400-788.jpg\",\"datePublished\":\"2026-03-11T12:29:11+00:00\",\"dateModified\":\"2026-03-11T12:44:06+00:00\",\"breadcrumb\":{\"@id\":\"https:\\\/\\\/transportjournal.com\\\/nl\\\/2026\\\/03\\\/11\\\/al-hassan-leidt-gcc-regio-van-dp-world\\\/#breadcrumb\"},\"inLanguage\":\"nl-NL\",\"potentialAction\":[{\"@type\":\"ReadAction\",\"target\":[\"https:\\\/\\\/transportjournal.com\\\/nl\\\/2026\\\/03\\\/11\\\/al-hassan-leidt-gcc-regio-van-dp-world\\\/\"]}]},{\"@type\":\"ImageObject\",\"inLanguage\":\"nl-NL\",\"@id\":\"https:\\\/\\\/transportjournal.com\\\/nl\\\/2026\\\/03\\\/11\\\/al-hassan-leidt-gcc-regio-van-dp-world\\\/#primaryimage\",\"url\":\"https:\\\/\\\/transportjournal.com\\\/wp-content\\\/uploads\\\/sites\\\/2\\\/2026\\\/03\\\/DP-World-Al-Hassan-CEO-GCC-150_74584-aspect-ratio-1400-788.jpg\",\"contentUrl\":\"https:\\\/\\\/transportjournal.com\\\/wp-content\\\/uploads\\\/sites\\\/2\\\/2026\\\/03\\\/DP-World-Al-Hassan-CEO-GCC-150_74584-aspect-ratio-1400-788.jpg\",\"width\":600,\"height\":337},{\"@type\":\"BreadcrumbList\",\"@id\":\"https:\\\/\\\/transportjournal.com\\\/nl\\\/2026\\\/03\\\/11\\\/al-hassan-leidt-gcc-regio-van-dp-world\\\/#breadcrumb\",\"itemListElement\":[{\"@type\":\"ListItem\",\"position\":1,\"name\":\"Startseite\",\"item\":\"https:\\\/\\\/transportjournal.com\\\/nl\\\/\"},{\"@type\":\"ListItem\",\"position\":2,\"name\":\"Al-Hassan leidt GCC-regio van DP World\"}]},{\"@type\":\"WebSite\",\"@id\":\"https:\\\/\\\/transportjournal.com\\\/nl\\\/#website\",\"url\":\"https:\\\/\\\/transportjournal.com\\\/nl\\\/\",\"name\":\"ITJ | International Transport Journal\",\"description\":\"Stay informed with the latest global news from the transport, logistics, and supply chain industries. Transport Journal delivers expert insights, analysis, and updates across shipping, aviation, intermodal, and forwarding.\",\"publisher\":{\"@id\":\"https:\\\/\\\/transportjournal.com\\\/nl\\\/#organization\"},\"potentialAction\":[{\"@type\":\"SearchAction\",\"target\":{\"@type\":\"EntryPoint\",\"urlTemplate\":\"https:\\\/\\\/transportjournal.com\\\/nl\\\/?s={search_term_string}\"},\"query-input\":{\"@type\":\"PropertyValueSpecification\",\"valueRequired\":true,\"valueName\":\"search_term_string\"}}],\"inLanguage\":\"nl-NL\"},{\"@type\":\"Organization\",\"@id\":\"https:\\\/\\\/transportjournal.com\\\/nl\\\/#organization\",\"name\":\"Logismedia Groep AG\",\"alternateName\":\"Logismedia Group AG\",\"url\":\"https:\\\/\\\/transportjournal.com\\\/nl\\\/\",\"logo\":{\"@type\":\"ImageObject\",\"inLanguage\":\"nl-NL\",\"@id\":\"https:\\\/\\\/transportjournal.com\\\/nl\\\/#\\\/schema\\\/logo\\\/image\\\/\",\"url\":\"https:\\\/\\\/transportjournal.com\\\/wp-content\\\/uploads\\\/sites\\\/2\\\/2025\\\/09\\\/Logo_ITJ.png\",\"contentUrl\":\"https:\\\/\\\/transportjournal.com\\\/wp-content\\\/uploads\\\/sites\\\/2\\\/2025\\\/09\\\/Logo_ITJ.png\",\"width\":799,\"height\":326,\"caption\":\"Logismedia Groep AG\"},\"image\":{\"@id\":\"https:\\\/\\\/transportjournal.com\\\/nl\\\/#\\\/schema\\\/logo\\\/image\\\/\"},\"sameAs\":[\"https:\\\/\\\/www.linkedin.com\\\/company\\\/56456496\\\/admin\\\/dashboard\\\/\",\"https:\\\/\\\/www.instagram.com\\\/logismediagroup\\\/\",\"https:\\\/\\\/www.youtube.com\\\/@LogiamediaGroupAG\"]},{\"@type\":\"Person\",\"@id\":\"https:\\\/\\\/transportjournal.com\\\/nl\\\/#\\\/schema\\\/person\\\/13a9fc605c753db60ef7750a229cd042\",\"name\":\"Gyan Sharan\",\"url\":\"https:\\\/\\\/transportjournal.com\\\/nl\\\/author\\\/gyan\\\/\"}]}<\/script>\n<!-- \/ Yoast SEO plugin. -->","yoast_head_json":{"title":"Al-Hassan leidt GCC-regio van DP World - ITJ | International Transport Journal","robots":{"index":"index","follow":"follow","max-snippet":"max-snippet:-1","max-image-preview":"max-image-preview:large","max-video-preview":"max-video-preview:-1"},"canonical":"https:\/\/transportjournal.com\/nl\/2026\/03\/11\/al-hassan-leidt-gcc-regio-van-dp-world\/","og_locale":"nl_NL","og_type":"article","og_title":"Al-Hassan leidt GCC-regio van DP World - ITJ | International Transport Journal","og_description":"DP World heeft Ahmad Yousef Al-Hassan benoemd tot nieuwe CEO van de GCC-regionale organisatie om de toeleveringsketens en logistieke diensten in de Perzische Golf te optimaliseren.","og_url":"https:\/\/transportjournal.com\/nl\/2026\/03\/11\/al-hassan-leidt-gcc-regio-van-dp-world\/","og_site_name":"ITJ | International Transport Journal","article_published_time":"2026-03-11T12:29:11+00:00","article_modified_time":"2026-03-11T12:44:06+00:00","og_image":[{"width":600,"height":337,"url":"https:\/\/transportjournal.com\/wp-content\/uploads\/sites\/2\/2026\/03\/DP-World-Al-Hassan-CEO-GCC-150_74584-aspect-ratio-1400-788.jpg","type":"image\/jpeg"}],"author":"Gyan Sharan","twitter_card":"summary_large_image","twitter_misc":{"Geschreven door":"Gyan Sharan","Geschatte leestijd":"1 minuut"},"schema":{"@context":"https:\/\/schema.org","@graph":[{"@type":"Article","@id":"https:\/\/transportjournal.com\/nl\/2026\/03\/11\/al-hassan-leidt-gcc-regio-van-dp-world\/#article","isPartOf":{"@id":"https:\/\/transportjournal.com\/nl\/2026\/03\/11\/al-hassan-leidt-gcc-regio-van-dp-world\/"},"author":{"name":"Gyan Sharan","@id":"https:\/\/transportjournal.com\/nl\/#\/schema\/person\/13a9fc605c753db60ef7750a229cd042"},"headline":"Al-Hassan leidt GCC-regio van DP World","datePublished":"2026-03-11T12:29:11+00:00","dateModified":"2026-03-11T12:44:06+00:00","mainEntityOfPage":{"@id":"https:\/\/transportjournal.com\/nl\/2026\/03\/11\/al-hassan-leidt-gcc-regio-van-dp-world\/"},"wordCount":229,"commentCount":0,"publisher":{"@id":"https:\/\/transportjournal.com\/nl\/#organization"},"image":{"@id":"https:\/\/transportjournal.com\/nl\/2026\/03\/11\/al-hassan-leidt-gcc-regio-van-dp-world\/#primaryimage"},"thumbnailUrl":"https:\/\/transportjournal.com\/wp-content\/uploads\/sites\/2\/2026\/03\/DP-World-Al-Hassan-CEO-GCC-150_74584-aspect-ratio-1400-788.jpg","keywords":["activit\u00e9s de cha\u00eene d'approvisionnement","Ahmad Yousef Al-Hassan","Arabie Saoudite","breakbulk terminals","connectivit\u00e9 commerciale","container terminals","Containerterminals","Deutsch DP World","Digitalisierung in der Logistik","digitalization in logistics","Dubai","Fachkr\u00e4ftemangel in der Logistik","flux commerciaux r\u00e9gionaux","flux de marchandises","Frachttransport","freight transport","GCC-Region","Golfe Persique","goods flows Fran\u00e7ais DP World","Hafenbetrieb","Handelsvernetzung","infrastructure de cha\u00eene d'approvisionnement","Lieferkettenaktivit\u00e4ten","logistics provider","logistics services","Logistikdienstleister","Logistikdienstleistungen","num\u00e9risation dans la logistique","Oman","op\u00e9rations portuaires","p\u00e9nurie de comp\u00e9tences dans la logistique","Persian Gulf","Persischer Golf","port operations","prestataire logistique","r\u00e9gion GCC","regional trade flows","regionale Handelsstr\u00f6me","Saudi Arabia","Saudi Arabien","services logistiques","skills shortage in logistics","St\u00fcckgutterminals","supply chain activities","supply chain infrastructure","Supply Chain Infrastruktur","terminaux \u00e0 conteneurs","terminaux de marchandises","trade connectivity","transport de fret","Warenstr\u00f6me English DP World"],"articleSection":["Expeditie &amp; Logistiek","Mensen &amp; Bedrijven","Midden-Oosten","Scheepvaart en havens"],"inLanguage":"nl-NL","potentialAction":[{"@type":"CommentAction","name":"Comment","target":["https:\/\/transportjournal.com\/nl\/2026\/03\/11\/al-hassan-leidt-gcc-regio-van-dp-world\/#respond"]}]},{"@type":"WebPage","@id":"https:\/\/transportjournal.com\/nl\/2026\/03\/11\/al-hassan-leidt-gcc-regio-van-dp-world\/","url":"https:\/\/transportjournal.com\/nl\/2026\/03\/11\/al-hassan-leidt-gcc-regio-van-dp-world\/","name":"Al-Hassan leidt GCC-regio van DP World - ITJ | International Transport Journal","isPartOf":{"@id":"https:\/\/transportjournal.com\/nl\/#website"},"primaryImageOfPage":{"@id":"https:\/\/transportjournal.com\/nl\/2026\/03\/11\/al-hassan-leidt-gcc-regio-van-dp-world\/#primaryimage"},"image":{"@id":"https:\/\/transportjournal.com\/nl\/2026\/03\/11\/al-hassan-leidt-gcc-regio-van-dp-world\/#primaryimage"},"thumbnailUrl":"https:\/\/transportjournal.com\/wp-content\/uploads\/sites\/2\/2026\/03\/DP-World-Al-Hassan-CEO-GCC-150_74584-aspect-ratio-1400-788.jpg","datePublished":"2026-03-11T12:29:11+00:00","dateModified":"2026-03-11T12:44:06+00:00","breadcrumb":{"@id":"https:\/\/transportjournal.com\/nl\/2026\/03\/11\/al-hassan-leidt-gcc-regio-van-dp-world\/#breadcrumb"},"inLanguage":"nl-NL","potentialAction":[{"@type":"ReadAction","target":["https:\/\/transportjournal.com\/nl\/2026\/03\/11\/al-hassan-leidt-gcc-regio-van-dp-world\/"]}]},{"@type":"ImageObject","inLanguage":"nl-NL","@id":"https:\/\/transportjournal.com\/nl\/2026\/03\/11\/al-hassan-leidt-gcc-regio-van-dp-world\/#primaryimage","url":"https:\/\/transportjournal.com\/wp-content\/uploads\/sites\/2\/2026\/03\/DP-World-Al-Hassan-CEO-GCC-150_74584-aspect-ratio-1400-788.jpg","contentUrl":"https:\/\/transportjournal.com\/wp-content\/uploads\/sites\/2\/2026\/03\/DP-World-Al-Hassan-CEO-GCC-150_74584-aspect-ratio-1400-788.jpg","width":600,"height":337},{"@type":"BreadcrumbList","@id":"https:\/\/transportjournal.com\/nl\/2026\/03\/11\/al-hassan-leidt-gcc-regio-van-dp-world\/#breadcrumb","itemListElement":[{"@type":"ListItem","position":1,"name":"Startseite","item":"https:\/\/transportjournal.com\/nl\/"},{"@type":"ListItem","position":2,"name":"Al-Hassan leidt GCC-regio van DP World"}]},{"@type":"WebSite","@id":"https:\/\/transportjournal.com\/nl\/#website","url":"https:\/\/transportjournal.com\/nl\/","name":"ITJ | International Transport Journal","description":"Stay informed with the latest global news from the transport, logistics, and supply chain industries. Transport Journal delivers expert insights, analysis, and updates across shipping, aviation, intermodal, and forwarding.","publisher":{"@id":"https:\/\/transportjournal.com\/nl\/#organization"},"potentialAction":[{"@type":"SearchAction","target":{"@type":"EntryPoint","urlTemplate":"https:\/\/transportjournal.com\/nl\/?s={search_term_string}"},"query-input":{"@type":"PropertyValueSpecification","valueRequired":true,"valueName":"search_term_string"}}],"inLanguage":"nl-NL"},{"@type":"Organization","@id":"https:\/\/transportjournal.com\/nl\/#organization","name":"Logismedia Groep AG","alternateName":"Logismedia Group AG","url":"https:\/\/transportjournal.com\/nl\/","logo":{"@type":"ImageObject","inLanguage":"nl-NL","@id":"https:\/\/transportjournal.com\/nl\/#\/schema\/logo\/image\/","url":"https:\/\/transportjournal.com\/wp-content\/uploads\/sites\/2\/2025\/09\/Logo_ITJ.png","contentUrl":"https:\/\/transportjournal.com\/wp-content\/uploads\/sites\/2\/2025\/09\/Logo_ITJ.png","width":799,"height":326,"caption":"Logismedia Groep AG"},"image":{"@id":"https:\/\/transportjournal.com\/nl\/#\/schema\/logo\/image\/"},"sameAs":["https:\/\/www.linkedin.com\/company\/56456496\/admin\/dashboard\/","https:\/\/www.instagram.com\/logismediagroup\/","https:\/\/www.youtube.com\/@LogiamediaGroupAG"]},{"@type":"Person","@id":"https:\/\/transportjournal.com\/nl\/#\/schema\/person\/13a9fc605c753db60ef7750a229cd042","name":"Gyan Sharan","url":"https:\/\/transportjournal.com\/nl\/author\/gyan\/"}]}},"_links":{"self":[{"href":"https:\/\/transportjournal.com\/nl\/wp-json\/wp\/v2\/posts\/80413","targetHints":{"allow":["GET"]}}],"collection":[{"href":"https:\/\/transportjournal.com\/nl\/wp-json\/wp\/v2\/posts"}],"about":[{"href":"https:\/\/transportjournal.com\/nl\/wp-json\/wp\/v2\/types\/post"}],"author":[{"embeddable":true,"href":"https:\/\/transportjournal.com\/nl\/wp-json\/wp\/v2\/users\/14"}],"replies":[{"embeddable":true,"href":"https:\/\/transportjournal.com\/nl\/wp-json\/wp\/v2\/comments?post=80413"}],"version-history":[{"count":2,"href":"https:\/\/transportjournal.com\/nl\/wp-json\/wp\/v2\/posts\/80413\/revisions"}],"predecessor-version":[{"id":80427,"href":"https:\/\/transportjournal.com\/nl\/wp-json\/wp\/v2\/posts\/80413\/revisions\/80427"}],"wp:featuredmedia":[{"embeddable":true,"href":"https:\/\/transportjournal.com\/nl\/wp-json\/wp\/v2\/media\/80407"}],"wp:attachment":[{"href":"https:\/\/transportjournal.com\/nl\/wp-json\/wp\/v2\/media?parent=80413"}],"wp:term":[{"taxonomy":"category","embeddable":true,"href":"https:\/\/transportjournal.com\/nl\/wp-json\/wp\/v2\/categories?post=80413"},{"taxonomy":"post_tag","embeddable":true,"href":"https:\/\/transportjournal.com\/nl\/wp-json\/wp\/v2\/tags?post=80413"}],"curies":[{"name":"wp","href":"https:\/\/api.w.org\/{rel}","templated":true}]}}