{"id":80337,"date":"2026-03-11T10:04:55","date_gmt":"2026-03-11T10:04:55","guid":{"rendered":"https:\/\/transportjournal.com\/2026\/03\/11\/luchtvracht-versterkt-handelsresilience-iata\/"},"modified":"2026-03-11T11:18:50","modified_gmt":"2026-03-11T10:18:50","slug":"luchtvracht-versterkt-handelsresilience-iata","status":"publish","type":"post","link":"https:\/\/transportjournal.com\/nl\/2026\/03\/11\/luchtvracht-versterkt-handelsresilience-iata\/","title":{"rendered":"Luchtvracht versterkt handelsresilience \u2013 Iata"},"content":{"rendered":"<p>De luchtvracht heeft in 2025, ondanks stijgende invoertarieven en politieke onzekerheden, de wereldhandel ondersteund. Volgens Iata maakte het versnelde leveringen ter waarde van USD 157 miljard naar de VS mogelijk en vervoerde het merendeel van de wereldwijd verhandelde AI-goederen.<\/p>\n<p>De luchtvracht speelde in 2025 een centrale rol in de wereldwijde goederenverkeer. Een rapport van Iata toont aan dat bedrijven snelle luchtvrachtverbindingen gebruikten om te reageren op douanewijzigingen, toeleveringsketens aan te passen en hoogwaardige technologieproducten te vervoeren. De sector droeg bij aan een groei van de wereldhandel van 2,4% en de wereldeconomie breidde zich uit ondanks toenemende handelsspanningen.<\/p>\n<p>Douanedruk verandert toeleveringsketens<\/p>\n<p>Bedrijven versnelden zendingen per luchtvracht om nieuwe invoertarieven voor te zijn. In het eerste kwartaal van 2025 stegen de Amerikaanse importen jaar-op-jaar met USD 193 miljard. Goederen ter waarde van USD 157 miljard van deze stijging werden per luchtvracht vervoerd. Dit komt overeen met 82% van de totale importgroei in deze periode.<\/p>\n<p>Bedrijven pasten ook hun inkoopstrategie\u00ebn aan om douanerisico&#8217;s te verminderen. Importeurs verlegden hun aankopen van zwaar belaste handelspartners, terwijl exporteurs zendingen steeds meer naar alternatieve markten, met name naar Europa, omleidden. Luchtvracht maakte deze snelle aanpassingen mogelijk, aangezien hoogwaardige goederen snel tussen regio&#8217;s kunnen worden vervoerd.<\/p>\n<p>De sector ondersteunde ook de sterke groei van Kunstmatige Intelligentie. Meer dan twee derde van de wereldwijde handelswaarde van AI-gerelateerde goederen werd in 2025 per lucht vervoerd. Zendingen van servers, opslagchips en datopslagsystemen namen ten opzichte van het voorgaande jaar met 20% toe. Deze producten maakten 54% van de totale waarde van de per lucht vervoerde goederen uit, hoewel hun volume slechts 7% bedroeg \u2013 een aanwijzing voor hun hoge waardedichtheid.<\/p>\n<p>www.iata.org<\/p>\n","protected":false},"excerpt":{"rendered":"<p>De luchtvracht was in 2025 cruciaal voor de wereldhandel door snelle leveringen van AI-goederen en aanpassingen aan douanewijzigingen mogelijk te maken.<\/p>\n","protected":false},"author":14,"featured_media":80331,"comment_status":"open","ping_status":"","sticky":false,"template":"","format":"standard","meta":{"_acf_changed":false,"footnotes":""},"categories":[1594],"tags":[11528,2600,3447,25754,5396,12662,25755,5128,16110,25756,25757,25758,2265,2115,15828,10460,10461,5139,25759,25760,25761,25762,25763,7453,25764,25765,2125,23792,25766,5408,3561,12674,9116,2133,1831,3472,11545,3475,25767,25768,5867,2148,25769,25770,25771,25772,12681,25773,25774,2837,2155,1837,22031,25775,25776,25777,25778],"class_list":["post-80337","post","type-post","status-publish","format-standard","has-post-thumbnail","hentry","category-luchtvracht","tag-air-freight-connections","tag-air-freight-infrastructure","tag-air-freight-market","tag-ajustements-de-marche","tag-artificial-intelligence","tag-chaines-dapprovisionnement","tag-changements-douaniers","tag-commerce-mondial","tag-connexions-de-fret-aerien","tag-croissance-des-importations","tag-customs-changes","tag-customs-risks","tag-deutsch-luftfracht","tag-digitalisierung-in-der-logistik","tag-etats-unis","tag-europa","tag-europe","tag-global-trade","tag-goods-transport","tag-handelsresilienz","tag-handelsstrategien","tag-high-value-technology-products","tag-hochwertige-technologieprodukte","tag-iata","tag-import-growth","tag-importwachstum","tag-industrie-du-transport","tag-infrastructure-du-fret-aerien","tag-infrastruktur-der-luftfracht","tag-intelligence-artificielle","tag-kuenstliche-intelligenz","tag-lieferketten","tag-logistics-digitization","tag-logistics-service-providers","tag-logistikdienstleister","tag-luftfrachtmarkt","tag-luftfrachtverbindungen","tag-marche-du-fret-aerien","tag-market-adjustments-francais-fret-aerien","tag-marktanpassungen-english-air-freight","tag-numerisation-de-la-logistique","tag-prestataires-de-services-logistiques","tag-produits-technologiques-de-haute-valeur","tag-resilience-commerciale","tag-risques-douaniers","tag-strategies-commerciales","tag-supply-chains","tag-trade-resilience","tag-trade-strategies","tag-transport-de-marchandises","tag-transport-industry","tag-transportwirtschaft","tag-usa","tag-warenverkehr","tag-welthandel","tag-zollaenderungen","tag-zollrisiken"],"acf":[],"yoast_head":"<!-- This site is optimized with the Yoast SEO plugin v27.3 - https:\/\/yoast.com\/product\/yoast-seo-wordpress\/ -->\n<title>Luchtvracht versterkt handelsresilience \u2013 Iata - ITJ | International Transport Journal<\/title>\n<meta name=\"robots\" content=\"index, follow, max-snippet:-1, max-image-preview:large, max-video-preview:-1\" \/>\n<link rel=\"canonical\" href=\"https:\/\/transportjournal.com\/nl\/2026\/03\/11\/luchtvracht-versterkt-handelsresilience-iata\/\" \/>\n<meta property=\"og:locale\" content=\"nl_NL\" \/>\n<meta property=\"og:type\" content=\"article\" \/>\n<meta property=\"og:title\" content=\"Luchtvracht versterkt handelsresilience \u2013 Iata - ITJ | International Transport Journal\" \/>\n<meta property=\"og:description\" content=\"De luchtvracht was in 2025 cruciaal voor de wereldhandel door snelle leveringen van AI-goederen en aanpassingen aan douanewijzigingen mogelijk te maken.\" \/>\n<meta property=\"og:url\" content=\"https:\/\/transportjournal.com\/nl\/2026\/03\/11\/luchtvracht-versterkt-handelsresilience-iata\/\" \/>\n<meta property=\"og:site_name\" content=\"ITJ | International Transport Journal\" \/>\n<meta property=\"article:published_time\" content=\"2026-03-11T10:04:55+00:00\" \/>\n<meta property=\"article:modified_time\" content=\"2026-03-11T10:18:50+00:00\" \/>\n<meta property=\"og:image\" content=\"https:\/\/transportjournal.com\/wp-content\/uploads\/sites\/2\/2026\/03\/Luftfracht_allgemein_AdobeStock_215225362_PhotoCandy1812-scaled-aspect-ratio-1400-788-scaled-1.jpeg\" \/>\n\t<meta property=\"og:image:width\" content=\"2560\" \/>\n\t<meta property=\"og:image:height\" content=\"1441\" \/>\n\t<meta property=\"og:image:type\" content=\"image\/jpeg\" \/>\n<meta name=\"author\" content=\"Gyan Sharan\" \/>\n<meta name=\"twitter:card\" content=\"summary_large_image\" \/>\n<meta name=\"twitter:label1\" content=\"Geschreven door\" \/>\n\t<meta name=\"twitter:data1\" content=\"Gyan Sharan\" \/>\n\t<meta name=\"twitter:label2\" content=\"Geschatte leestijd\" \/>\n\t<meta name=\"twitter:data2\" content=\"1 minuut\" \/>\n<script type=\"application\/ld+json\" class=\"yoast-schema-graph\">{\"@context\":\"https:\\\/\\\/schema.org\",\"@graph\":[{\"@type\":\"Article\",\"@id\":\"https:\\\/\\\/transportjournal.com\\\/nl\\\/2026\\\/03\\\/11\\\/luchtvracht-versterkt-handelsresilience-iata\\\/#article\",\"isPartOf\":{\"@id\":\"https:\\\/\\\/transportjournal.com\\\/nl\\\/2026\\\/03\\\/11\\\/luchtvracht-versterkt-handelsresilience-iata\\\/\"},\"author\":{\"name\":\"Gyan Sharan\",\"@id\":\"https:\\\/\\\/transportjournal.com\\\/nl\\\/#\\\/schema\\\/person\\\/13a9fc605c753db60ef7750a229cd042\"},\"headline\":\"Luchtvracht versterkt handelsresilience \u2013 Iata\",\"datePublished\":\"2026-03-11T10:04:55+00:00\",\"dateModified\":\"2026-03-11T10:18:50+00:00\",\"mainEntityOfPage\":{\"@id\":\"https:\\\/\\\/transportjournal.com\\\/nl\\\/2026\\\/03\\\/11\\\/luchtvracht-versterkt-handelsresilience-iata\\\/\"},\"wordCount\":266,\"commentCount\":0,\"publisher\":{\"@id\":\"https:\\\/\\\/transportjournal.com\\\/nl\\\/#organization\"},\"image\":{\"@id\":\"https:\\\/\\\/transportjournal.com\\\/nl\\\/2026\\\/03\\\/11\\\/luchtvracht-versterkt-handelsresilience-iata\\\/#primaryimage\"},\"thumbnailUrl\":\"https:\\\/\\\/transportjournal.com\\\/wp-content\\\/uploads\\\/sites\\\/2\\\/2026\\\/03\\\/Luftfracht_allgemein_AdobeStock_215225362_PhotoCandy1812-scaled-aspect-ratio-1400-788-scaled-1.jpeg\",\"keywords\":[\"air freight connections\",\"air freight infrastructure\",\"air freight market\",\"ajustements de march\u00e9\",\"artificial intelligence\",\"cha\u00eenes d'approvisionnement\",\"changements douaniers\",\"commerce mondial\",\"connexions de fret a\u00e9rien\",\"croissance des importations\",\"customs changes\",\"customs risks\",\"Deutsch Luftfracht\",\"Digitalisierung in der Logistik\",\"\u00c9tats-Unis\",\"Europa\",\"Europe\",\"global trade\",\"goods transport\",\"Handelsresilienz\",\"Handelsstrategien\",\"high-value technology products\",\"Hochwertige Technologieprodukte\",\"IATA\",\"import growth\",\"Importwachstum\",\"industrie du transport\",\"infrastructure du fret a\u00e9rien\",\"Infrastruktur der Luftfracht\",\"intelligence artificielle\",\"K\u00fcnstliche Intelligenz\",\"Lieferketten\",\"logistics digitization\",\"logistics service providers\",\"Logistikdienstleister\",\"Luftfrachtmarkt\",\"Luftfrachtverbindungen\",\"march\u00e9 du fret a\u00e9rien\",\"market adjustments Fran\u00e7ais Fret a\u00e9rien\",\"Marktanpassungen English Air freight\",\"num\u00e9risation de la logistique\",\"prestataires de services logistiques\",\"produits technologiques de haute valeur\",\"r\u00e9silience commerciale\",\"risques douaniers\",\"strat\u00e9gies commerciales\",\"supply chains\",\"trade resilience\",\"trade strategies\",\"transport de marchandises\",\"transport industry\",\"Transportwirtschaft\",\"USA\",\"Warenverkehr\",\"Welthandel\",\"Zoll\u00e4nderungen\",\"Zollrisiken\"],\"articleSection\":[\"Luchtvracht\"],\"inLanguage\":\"nl-NL\",\"potentialAction\":[{\"@type\":\"CommentAction\",\"name\":\"Comment\",\"target\":[\"https:\\\/\\\/transportjournal.com\\\/nl\\\/2026\\\/03\\\/11\\\/luchtvracht-versterkt-handelsresilience-iata\\\/#respond\"]}]},{\"@type\":\"WebPage\",\"@id\":\"https:\\\/\\\/transportjournal.com\\\/nl\\\/2026\\\/03\\\/11\\\/luchtvracht-versterkt-handelsresilience-iata\\\/\",\"url\":\"https:\\\/\\\/transportjournal.com\\\/nl\\\/2026\\\/03\\\/11\\\/luchtvracht-versterkt-handelsresilience-iata\\\/\",\"name\":\"Luchtvracht versterkt handelsresilience \u2013 Iata - ITJ | International Transport Journal\",\"isPartOf\":{\"@id\":\"https:\\\/\\\/transportjournal.com\\\/nl\\\/#website\"},\"primaryImageOfPage\":{\"@id\":\"https:\\\/\\\/transportjournal.com\\\/nl\\\/2026\\\/03\\\/11\\\/luchtvracht-versterkt-handelsresilience-iata\\\/#primaryimage\"},\"image\":{\"@id\":\"https:\\\/\\\/transportjournal.com\\\/nl\\\/2026\\\/03\\\/11\\\/luchtvracht-versterkt-handelsresilience-iata\\\/#primaryimage\"},\"thumbnailUrl\":\"https:\\\/\\\/transportjournal.com\\\/wp-content\\\/uploads\\\/sites\\\/2\\\/2026\\\/03\\\/Luftfracht_allgemein_AdobeStock_215225362_PhotoCandy1812-scaled-aspect-ratio-1400-788-scaled-1.jpeg\",\"datePublished\":\"2026-03-11T10:04:55+00:00\",\"dateModified\":\"2026-03-11T10:18:50+00:00\",\"breadcrumb\":{\"@id\":\"https:\\\/\\\/transportjournal.com\\\/nl\\\/2026\\\/03\\\/11\\\/luchtvracht-versterkt-handelsresilience-iata\\\/#breadcrumb\"},\"inLanguage\":\"nl-NL\",\"potentialAction\":[{\"@type\":\"ReadAction\",\"target\":[\"https:\\\/\\\/transportjournal.com\\\/nl\\\/2026\\\/03\\\/11\\\/luchtvracht-versterkt-handelsresilience-iata\\\/\"]}]},{\"@type\":\"ImageObject\",\"inLanguage\":\"nl-NL\",\"@id\":\"https:\\\/\\\/transportjournal.com\\\/nl\\\/2026\\\/03\\\/11\\\/luchtvracht-versterkt-handelsresilience-iata\\\/#primaryimage\",\"url\":\"https:\\\/\\\/transportjournal.com\\\/wp-content\\\/uploads\\\/sites\\\/2\\\/2026\\\/03\\\/Luftfracht_allgemein_AdobeStock_215225362_PhotoCandy1812-scaled-aspect-ratio-1400-788-scaled-1.jpeg\",\"contentUrl\":\"https:\\\/\\\/transportjournal.com\\\/wp-content\\\/uploads\\\/sites\\\/2\\\/2026\\\/03\\\/Luftfracht_allgemein_AdobeStock_215225362_PhotoCandy1812-scaled-aspect-ratio-1400-788-scaled-1.jpeg\",\"width\":2560,\"height\":1441},{\"@type\":\"BreadcrumbList\",\"@id\":\"https:\\\/\\\/transportjournal.com\\\/nl\\\/2026\\\/03\\\/11\\\/luchtvracht-versterkt-handelsresilience-iata\\\/#breadcrumb\",\"itemListElement\":[{\"@type\":\"ListItem\",\"position\":1,\"name\":\"Startseite\",\"item\":\"https:\\\/\\\/transportjournal.com\\\/nl\\\/\"},{\"@type\":\"ListItem\",\"position\":2,\"name\":\"Luchtvracht versterkt handelsresilience \u2013 Iata\"}]},{\"@type\":\"WebSite\",\"@id\":\"https:\\\/\\\/transportjournal.com\\\/nl\\\/#website\",\"url\":\"https:\\\/\\\/transportjournal.com\\\/nl\\\/\",\"name\":\"ITJ | International Transport Journal\",\"description\":\"Stay informed with the latest global news from the transport, logistics, and supply chain industries. Transport Journal delivers expert insights, analysis, and updates across shipping, aviation, intermodal, and forwarding.\",\"publisher\":{\"@id\":\"https:\\\/\\\/transportjournal.com\\\/nl\\\/#organization\"},\"potentialAction\":[{\"@type\":\"SearchAction\",\"target\":{\"@type\":\"EntryPoint\",\"urlTemplate\":\"https:\\\/\\\/transportjournal.com\\\/nl\\\/?s={search_term_string}\"},\"query-input\":{\"@type\":\"PropertyValueSpecification\",\"valueRequired\":true,\"valueName\":\"search_term_string\"}}],\"inLanguage\":\"nl-NL\"},{\"@type\":\"Organization\",\"@id\":\"https:\\\/\\\/transportjournal.com\\\/nl\\\/#organization\",\"name\":\"Logismedia Groep AG\",\"alternateName\":\"Logismedia Group AG\",\"url\":\"https:\\\/\\\/transportjournal.com\\\/nl\\\/\",\"logo\":{\"@type\":\"ImageObject\",\"inLanguage\":\"nl-NL\",\"@id\":\"https:\\\/\\\/transportjournal.com\\\/nl\\\/#\\\/schema\\\/logo\\\/image\\\/\",\"url\":\"https:\\\/\\\/transportjournal.com\\\/wp-content\\\/uploads\\\/sites\\\/2\\\/2025\\\/09\\\/Logo_ITJ.png\",\"contentUrl\":\"https:\\\/\\\/transportjournal.com\\\/wp-content\\\/uploads\\\/sites\\\/2\\\/2025\\\/09\\\/Logo_ITJ.png\",\"width\":799,\"height\":326,\"caption\":\"Logismedia Groep AG\"},\"image\":{\"@id\":\"https:\\\/\\\/transportjournal.com\\\/nl\\\/#\\\/schema\\\/logo\\\/image\\\/\"},\"sameAs\":[\"https:\\\/\\\/www.linkedin.com\\\/company\\\/56456496\\\/admin\\\/dashboard\\\/\",\"https:\\\/\\\/www.instagram.com\\\/logismediagroup\\\/\",\"https:\\\/\\\/www.youtube.com\\\/@LogiamediaGroupAG\"]},{\"@type\":\"Person\",\"@id\":\"https:\\\/\\\/transportjournal.com\\\/nl\\\/#\\\/schema\\\/person\\\/13a9fc605c753db60ef7750a229cd042\",\"name\":\"Gyan Sharan\",\"url\":\"https:\\\/\\\/transportjournal.com\\\/nl\\\/author\\\/gyan\\\/\"}]}<\/script>\n<!-- \/ Yoast SEO plugin. -->","yoast_head_json":{"title":"Luchtvracht versterkt handelsresilience \u2013 Iata - ITJ | International Transport Journal","robots":{"index":"index","follow":"follow","max-snippet":"max-snippet:-1","max-image-preview":"max-image-preview:large","max-video-preview":"max-video-preview:-1"},"canonical":"https:\/\/transportjournal.com\/nl\/2026\/03\/11\/luchtvracht-versterkt-handelsresilience-iata\/","og_locale":"nl_NL","og_type":"article","og_title":"Luchtvracht versterkt handelsresilience \u2013 Iata - ITJ | International Transport Journal","og_description":"De luchtvracht was in 2025 cruciaal voor de wereldhandel door snelle leveringen van AI-goederen en aanpassingen aan douanewijzigingen mogelijk te maken.","og_url":"https:\/\/transportjournal.com\/nl\/2026\/03\/11\/luchtvracht-versterkt-handelsresilience-iata\/","og_site_name":"ITJ | International Transport Journal","article_published_time":"2026-03-11T10:04:55+00:00","article_modified_time":"2026-03-11T10:18:50+00:00","og_image":[{"width":2560,"height":1441,"url":"https:\/\/transportjournal.com\/wp-content\/uploads\/sites\/2\/2026\/03\/Luftfracht_allgemein_AdobeStock_215225362_PhotoCandy1812-scaled-aspect-ratio-1400-788-scaled-1.jpeg","type":"image\/jpeg"}],"author":"Gyan Sharan","twitter_card":"summary_large_image","twitter_misc":{"Geschreven door":"Gyan Sharan","Geschatte leestijd":"1 minuut"},"schema":{"@context":"https:\/\/schema.org","@graph":[{"@type":"Article","@id":"https:\/\/transportjournal.com\/nl\/2026\/03\/11\/luchtvracht-versterkt-handelsresilience-iata\/#article","isPartOf":{"@id":"https:\/\/transportjournal.com\/nl\/2026\/03\/11\/luchtvracht-versterkt-handelsresilience-iata\/"},"author":{"name":"Gyan Sharan","@id":"https:\/\/transportjournal.com\/nl\/#\/schema\/person\/13a9fc605c753db60ef7750a229cd042"},"headline":"Luchtvracht versterkt handelsresilience \u2013 Iata","datePublished":"2026-03-11T10:04:55+00:00","dateModified":"2026-03-11T10:18:50+00:00","mainEntityOfPage":{"@id":"https:\/\/transportjournal.com\/nl\/2026\/03\/11\/luchtvracht-versterkt-handelsresilience-iata\/"},"wordCount":266,"commentCount":0,"publisher":{"@id":"https:\/\/transportjournal.com\/nl\/#organization"},"image":{"@id":"https:\/\/transportjournal.com\/nl\/2026\/03\/11\/luchtvracht-versterkt-handelsresilience-iata\/#primaryimage"},"thumbnailUrl":"https:\/\/transportjournal.com\/wp-content\/uploads\/sites\/2\/2026\/03\/Luftfracht_allgemein_AdobeStock_215225362_PhotoCandy1812-scaled-aspect-ratio-1400-788-scaled-1.jpeg","keywords":["air freight connections","air freight infrastructure","air freight market","ajustements de march\u00e9","artificial intelligence","cha\u00eenes d'approvisionnement","changements douaniers","commerce mondial","connexions de fret a\u00e9rien","croissance des importations","customs changes","customs risks","Deutsch Luftfracht","Digitalisierung in der Logistik","\u00c9tats-Unis","Europa","Europe","global trade","goods transport","Handelsresilienz","Handelsstrategien","high-value technology products","Hochwertige Technologieprodukte","IATA","import growth","Importwachstum","industrie du transport","infrastructure du fret a\u00e9rien","Infrastruktur der Luftfracht","intelligence artificielle","K\u00fcnstliche Intelligenz","Lieferketten","logistics digitization","logistics service providers","Logistikdienstleister","Luftfrachtmarkt","Luftfrachtverbindungen","march\u00e9 du fret a\u00e9rien","market adjustments Fran\u00e7ais Fret a\u00e9rien","Marktanpassungen English Air freight","num\u00e9risation de la logistique","prestataires de services logistiques","produits technologiques de haute valeur","r\u00e9silience commerciale","risques douaniers","strat\u00e9gies commerciales","supply chains","trade resilience","trade strategies","transport de marchandises","transport industry","Transportwirtschaft","USA","Warenverkehr","Welthandel","Zoll\u00e4nderungen","Zollrisiken"],"articleSection":["Luchtvracht"],"inLanguage":"nl-NL","potentialAction":[{"@type":"CommentAction","name":"Comment","target":["https:\/\/transportjournal.com\/nl\/2026\/03\/11\/luchtvracht-versterkt-handelsresilience-iata\/#respond"]}]},{"@type":"WebPage","@id":"https:\/\/transportjournal.com\/nl\/2026\/03\/11\/luchtvracht-versterkt-handelsresilience-iata\/","url":"https:\/\/transportjournal.com\/nl\/2026\/03\/11\/luchtvracht-versterkt-handelsresilience-iata\/","name":"Luchtvracht versterkt handelsresilience \u2013 Iata - ITJ | International Transport Journal","isPartOf":{"@id":"https:\/\/transportjournal.com\/nl\/#website"},"primaryImageOfPage":{"@id":"https:\/\/transportjournal.com\/nl\/2026\/03\/11\/luchtvracht-versterkt-handelsresilience-iata\/#primaryimage"},"image":{"@id":"https:\/\/transportjournal.com\/nl\/2026\/03\/11\/luchtvracht-versterkt-handelsresilience-iata\/#primaryimage"},"thumbnailUrl":"https:\/\/transportjournal.com\/wp-content\/uploads\/sites\/2\/2026\/03\/Luftfracht_allgemein_AdobeStock_215225362_PhotoCandy1812-scaled-aspect-ratio-1400-788-scaled-1.jpeg","datePublished":"2026-03-11T10:04:55+00:00","dateModified":"2026-03-11T10:18:50+00:00","breadcrumb":{"@id":"https:\/\/transportjournal.com\/nl\/2026\/03\/11\/luchtvracht-versterkt-handelsresilience-iata\/#breadcrumb"},"inLanguage":"nl-NL","potentialAction":[{"@type":"ReadAction","target":["https:\/\/transportjournal.com\/nl\/2026\/03\/11\/luchtvracht-versterkt-handelsresilience-iata\/"]}]},{"@type":"ImageObject","inLanguage":"nl-NL","@id":"https:\/\/transportjournal.com\/nl\/2026\/03\/11\/luchtvracht-versterkt-handelsresilience-iata\/#primaryimage","url":"https:\/\/transportjournal.com\/wp-content\/uploads\/sites\/2\/2026\/03\/Luftfracht_allgemein_AdobeStock_215225362_PhotoCandy1812-scaled-aspect-ratio-1400-788-scaled-1.jpeg","contentUrl":"https:\/\/transportjournal.com\/wp-content\/uploads\/sites\/2\/2026\/03\/Luftfracht_allgemein_AdobeStock_215225362_PhotoCandy1812-scaled-aspect-ratio-1400-788-scaled-1.jpeg","width":2560,"height":1441},{"@type":"BreadcrumbList","@id":"https:\/\/transportjournal.com\/nl\/2026\/03\/11\/luchtvracht-versterkt-handelsresilience-iata\/#breadcrumb","itemListElement":[{"@type":"ListItem","position":1,"name":"Startseite","item":"https:\/\/transportjournal.com\/nl\/"},{"@type":"ListItem","position":2,"name":"Luchtvracht versterkt handelsresilience \u2013 Iata"}]},{"@type":"WebSite","@id":"https:\/\/transportjournal.com\/nl\/#website","url":"https:\/\/transportjournal.com\/nl\/","name":"ITJ | International Transport Journal","description":"Stay informed with the latest global news from the transport, logistics, and supply chain industries. Transport Journal delivers expert insights, analysis, and updates across shipping, aviation, intermodal, and forwarding.","publisher":{"@id":"https:\/\/transportjournal.com\/nl\/#organization"},"potentialAction":[{"@type":"SearchAction","target":{"@type":"EntryPoint","urlTemplate":"https:\/\/transportjournal.com\/nl\/?s={search_term_string}"},"query-input":{"@type":"PropertyValueSpecification","valueRequired":true,"valueName":"search_term_string"}}],"inLanguage":"nl-NL"},{"@type":"Organization","@id":"https:\/\/transportjournal.com\/nl\/#organization","name":"Logismedia Groep AG","alternateName":"Logismedia Group AG","url":"https:\/\/transportjournal.com\/nl\/","logo":{"@type":"ImageObject","inLanguage":"nl-NL","@id":"https:\/\/transportjournal.com\/nl\/#\/schema\/logo\/image\/","url":"https:\/\/transportjournal.com\/wp-content\/uploads\/sites\/2\/2025\/09\/Logo_ITJ.png","contentUrl":"https:\/\/transportjournal.com\/wp-content\/uploads\/sites\/2\/2025\/09\/Logo_ITJ.png","width":799,"height":326,"caption":"Logismedia Groep AG"},"image":{"@id":"https:\/\/transportjournal.com\/nl\/#\/schema\/logo\/image\/"},"sameAs":["https:\/\/www.linkedin.com\/company\/56456496\/admin\/dashboard\/","https:\/\/www.instagram.com\/logismediagroup\/","https:\/\/www.youtube.com\/@LogiamediaGroupAG"]},{"@type":"Person","@id":"https:\/\/transportjournal.com\/nl\/#\/schema\/person\/13a9fc605c753db60ef7750a229cd042","name":"Gyan Sharan","url":"https:\/\/transportjournal.com\/nl\/author\/gyan\/"}]}},"_links":{"self":[{"href":"https:\/\/transportjournal.com\/nl\/wp-json\/wp\/v2\/posts\/80337","targetHints":{"allow":["GET"]}}],"collection":[{"href":"https:\/\/transportjournal.com\/nl\/wp-json\/wp\/v2\/posts"}],"about":[{"href":"https:\/\/transportjournal.com\/nl\/wp-json\/wp\/v2\/types\/post"}],"author":[{"embeddable":true,"href":"https:\/\/transportjournal.com\/nl\/wp-json\/wp\/v2\/users\/14"}],"replies":[{"embeddable":true,"href":"https:\/\/transportjournal.com\/nl\/wp-json\/wp\/v2\/comments?post=80337"}],"version-history":[{"count":2,"href":"https:\/\/transportjournal.com\/nl\/wp-json\/wp\/v2\/posts\/80337\/revisions"}],"predecessor-version":[{"id":80351,"href":"https:\/\/transportjournal.com\/nl\/wp-json\/wp\/v2\/posts\/80337\/revisions\/80351"}],"wp:featuredmedia":[{"embeddable":true,"href":"https:\/\/transportjournal.com\/nl\/wp-json\/wp\/v2\/media\/80331"}],"wp:attachment":[{"href":"https:\/\/transportjournal.com\/nl\/wp-json\/wp\/v2\/media?parent=80337"}],"wp:term":[{"taxonomy":"category","embeddable":true,"href":"https:\/\/transportjournal.com\/nl\/wp-json\/wp\/v2\/categories?post=80337"},{"taxonomy":"post_tag","embeddable":true,"href":"https:\/\/transportjournal.com\/nl\/wp-json\/wp\/v2\/tags?post=80337"}],"curies":[{"name":"wp","href":"https:\/\/api.w.org\/{rel}","templated":true}]}}