{"id":80230,"date":"2026-03-10T13:40:24","date_gmt":"2026-03-10T13:40:24","guid":{"rendered":"https:\/\/transportjournal.com\/2026\/03\/10\/cargo-partner-zet-in-op-e-vrachtwagens\/"},"modified":"2026-03-11T11:14:37","modified_gmt":"2026-03-11T10:14:37","slug":"cargo-partner-zet-in-op-e-vrachtwagens","status":"publish","type":"post","link":"https:\/\/transportjournal.com\/nl\/2026\/03\/10\/cargo-partner-zet-in-op-e-vrachtwagens\/","title":{"rendered":"Cargo-partner zet in op E-vrachtwagens"},"content":{"rendered":"<p>De logistieke dienstverlener Cargo-partner stimuleert de decarbonisatie van zijn transportketens. Daartoe heeft het bedrijf in Oostenrijk, samen met zijn partner H. Wenzl Handel Transport Logistik, twee volledig elektrische Mercedes-Benz eActros 300 in gebruik genomen voor het lokaal vervoer rond de luchthaven Wenen.<\/p>\n<p>De voertuigen rijden in een straal van ongeveer 90 km tussen de hub op de luchthaven Wenen en bestemmingen zoals St. P\u00f6lten of het centrum van Wenen. Met een actieradius van ongeveer 250 tot 300 km zijn ze geschikt voor regionale ritten. Al in 2024 had Cargo-partner de eActros in een testfase uitgeprobeerd en daarbij emissievrije transporten in de stedelijke omgeving uitgevoerd.<\/p>\n<p>Een centrale voorwaarde voor het gebruik was de opbouw van een krachtige laadinfrastructuur op de locatie Fischamend, die volledig met groene stroom wordt aangedreven. Volgens het bedrijf was niet het voertuig, maar vooral de uitbreiding van de stroomaansluiting en de noodzakelijke netinfrastructuur de grootste uitdaging.<\/p>\n<p>De E-vrachtwagens worden ingezet in de voor- en naloop van opslag-, lucht- en zeevrachtvervoer. Cargo-partner beschouwt het project als een investering in toekomstige transportoplossingen en verzamelt daarmee praktische ervaringen voor een verdere elektrificatie van de logistiek.<\/p>\n<p><a href=\"http:\/\/www.cargo-partner.com\" target=\"_blank\" rel=\"noopener noreferrer\">www.cargo-partner.com<\/a><\/p>\n","protected":false},"excerpt":{"rendered":"<p>Cargo-partner heeft samen met H. Wenzl twee volledig elektrische Mercedes-Benz eActros 300 in gebruik genomen voor het lokaal vervoer rond de luchthaven van Wenen.<\/p>\n","protected":false},"author":14,"featured_media":80224,"comment_status":"open","ping_status":"","sticky":false,"template":"","format":"standard","meta":{"_acf_changed":false,"footnotes":""},"categories":[1599,1593,1592],"tags":[25672,25673,8655,25674,25675,25676,25677,25678,25679,25680,3739,3353,3354,8661,8664,25681,2999,8667,2122,6943,25682,25683,25684,25685,25686,2125,25687,3745,2075,25688,18034,25689,3147,25690,25691,25692,25693,25694,3379,2145,25695,25696,25697,25698,10012,25699,25700,25701,25702,2155,3033,1837,25703,25704],"class_list":["post-80230","post","type-post","status-publish","format-standard","has-post-thumbnail","hentry","category-europa","category-expeditie-logistiek","category-intermodaal-weg","tag-aeroport-vienne","tag-airport-vienna","tag-camions-electriques","tag-chaines-de-transport-durables","tag-charging-infrastructure-fischamend","tag-decarbonisation-du-transport","tag-decarbonization-transport","tag-defis-de-connexion-electrique","tag-dekarbonisierung-transport","tag-deutsch-cargo-partner","tag-developpement-des-infrastructures","tag-digitalisierung-logistik","tag-digitalization-logistics","tag-e-lkw","tag-electric-trucks","tag-elektrische-logistik","tag-emission-free-transport","tag-emissionsfreie-transporte","tag-fachkraeftemangel-logistik","tag-flughafen-wien","tag-green-energy-logistics","tag-gruenstrom-logistik","tag-h-wenzl-commerce-transport-logistique","tag-h-wenzl-handel-transport-logistik-english-cargo-partner","tag-h-wenzl-trade-transport-logistics-francais-cargo-partner","tag-industrie-du-transport","tag-infrastructure-de-recharge-fischamend","tag-infrastructure-development","tag-infrastrukturentwicklung","tag-ladeinfrastruktur-fischamend","tag-logistics-service-provider-austria","tag-logistics-vienna","tag-logistikdienstleister-oesterreich","tag-logistique-energie-verte","tag-logistique-vienne","tag-mercedes-benz-eactros","tag-nachhaltige-transportketten","tag-nahverkehr-wien","tag-numerisation-logistique","tag-penurie-de-main-doeuvre-logistique","tag-power-connection-challenges","tag-prestataire-logistique-autriche","tag-regional-tours-vienna","tag-regionale-touren-wien","tag-skilled-labor-shortage-logistics","tag-solutions-logistiques-urbaines","tag-stromanschluss-herausforderungen","tag-sustainable-transport-chains","tag-tournees-regionales-vienne","tag-transport-industry","tag-transport-sans-emissions","tag-transportwirtschaft","tag-urban-logistics-solutions","tag-urbane-logistikloesungen"],"acf":[],"yoast_head":"<!-- This site is optimized with the Yoast SEO plugin v27.3 - https:\/\/yoast.com\/product\/yoast-seo-wordpress\/ -->\n<title>Cargo-partner zet in op E-vrachtwagens - ITJ | International Transport Journal<\/title>\n<meta name=\"robots\" content=\"index, follow, max-snippet:-1, max-image-preview:large, max-video-preview:-1\" \/>\n<link rel=\"canonical\" href=\"https:\/\/transportjournal.com\/nl\/2026\/03\/10\/cargo-partner-zet-in-op-e-vrachtwagens\/\" \/>\n<meta property=\"og:locale\" content=\"nl_NL\" \/>\n<meta property=\"og:type\" content=\"article\" \/>\n<meta property=\"og:title\" content=\"Cargo-partner zet in op E-vrachtwagens - ITJ | International Transport Journal\" \/>\n<meta property=\"og:description\" content=\"Cargo-partner heeft samen met H. Wenzl twee volledig elektrische Mercedes-Benz eActros 300 in gebruik genomen voor het lokaal vervoer rond de luchthaven van Wenen.\" \/>\n<meta property=\"og:url\" content=\"https:\/\/transportjournal.com\/nl\/2026\/03\/10\/cargo-partner-zet-in-op-e-vrachtwagens\/\" \/>\n<meta property=\"og:site_name\" content=\"ITJ | International Transport Journal\" \/>\n<meta property=\"article:published_time\" content=\"2026-03-10T13:40:24+00:00\" \/>\n<meta property=\"article:modified_time\" content=\"2026-03-11T10:14:37+00:00\" \/>\n<meta property=\"og:image\" content=\"https:\/\/transportjournal.com\/wp-content\/uploads\/sites\/2\/2026\/03\/cargo-partner_E-Truck_Wenzl-cp-aspect-ratio-1400-788.jpg\" \/>\n\t<meta property=\"og:image:width\" content=\"1500\" \/>\n\t<meta property=\"og:image:height\" content=\"844\" \/>\n\t<meta property=\"og:image:type\" content=\"image\/jpeg\" \/>\n<meta name=\"author\" content=\"Gyan Sharan\" \/>\n<meta name=\"twitter:card\" content=\"summary_large_image\" \/>\n<meta name=\"twitter:label1\" content=\"Geschreven door\" \/>\n\t<meta name=\"twitter:data1\" content=\"Gyan Sharan\" \/>\n\t<meta name=\"twitter:label2\" content=\"Geschatte leestijd\" \/>\n\t<meta name=\"twitter:data2\" content=\"1 minuut\" \/>\n<script type=\"application\/ld+json\" class=\"yoast-schema-graph\">{\"@context\":\"https:\\\/\\\/schema.org\",\"@graph\":[{\"@type\":\"Article\",\"@id\":\"https:\\\/\\\/transportjournal.com\\\/nl\\\/2026\\\/03\\\/10\\\/cargo-partner-zet-in-op-e-vrachtwagens\\\/#article\",\"isPartOf\":{\"@id\":\"https:\\\/\\\/transportjournal.com\\\/nl\\\/2026\\\/03\\\/10\\\/cargo-partner-zet-in-op-e-vrachtwagens\\\/\"},\"author\":{\"name\":\"Gyan Sharan\",\"@id\":\"https:\\\/\\\/transportjournal.com\\\/nl\\\/#\\\/schema\\\/person\\\/13a9fc605c753db60ef7750a229cd042\"},\"headline\":\"Cargo-partner zet in op E-vrachtwagens\",\"datePublished\":\"2026-03-10T13:40:24+00:00\",\"dateModified\":\"2026-03-11T10:14:37+00:00\",\"mainEntityOfPage\":{\"@id\":\"https:\\\/\\\/transportjournal.com\\\/nl\\\/2026\\\/03\\\/10\\\/cargo-partner-zet-in-op-e-vrachtwagens\\\/\"},\"wordCount\":189,\"commentCount\":0,\"publisher\":{\"@id\":\"https:\\\/\\\/transportjournal.com\\\/nl\\\/#organization\"},\"image\":{\"@id\":\"https:\\\/\\\/transportjournal.com\\\/nl\\\/2026\\\/03\\\/10\\\/cargo-partner-zet-in-op-e-vrachtwagens\\\/#primaryimage\"},\"thumbnailUrl\":\"https:\\\/\\\/transportjournal.com\\\/wp-content\\\/uploads\\\/sites\\\/2\\\/2026\\\/03\\\/cargo-partner_E-Truck_Wenzl-cp-aspect-ratio-1400-788.jpg\",\"keywords\":[\"a\u00e9roport Vienne\",\"airport Vienna\",\"camions \u00e9lectriques\",\"cha\u00eenes de transport durables\",\"charging infrastructure Fischamend\",\"d\u00e9carbonisation du transport\",\"decarbonization transport\",\"d\u00e9fis de connexion \u00e9lectrique\",\"Dekarbonisierung Transport\",\"Deutsch Cargo-partner\",\"d\u00e9veloppement des infrastructures\",\"Digitalisierung Logistik\",\"digitalization logistics\",\"E-Lkw\",\"electric trucks\",\"elektrische Logistik\",\"emission-free transport\",\"emissionsfreie Transporte\",\"Fachkr\u00e4ftemangel Logistik\",\"Flughafen Wien\",\"green energy logistics\",\"Gr\u00fcnstrom Logistik\",\"H. Wenzl commerce transport logistique\",\"H. Wenzl Handel Transport Logistik English Cargo-partner\",\"H. Wenzl trade transport logistics Fran\u00e7ais Cargo-partner\",\"industrie du transport\",\"infrastructure de recharge Fischamend\",\"infrastructure development\",\"Infrastrukturentwicklung\",\"Ladeinfrastruktur Fischamend\",\"logistics service provider Austria\",\"logistics Vienna\",\"Logistikdienstleister \u00d6sterreich\",\"logistique \u00e9nergie verte\",\"logistique Vienne\",\"Mercedes-Benz eActros\",\"nachhaltige Transportketten\",\"Nahverkehr Wien\",\"num\u00e9risation logistique\",\"p\u00e9nurie de main-d'\u0153uvre logistique\",\"power connection challenges\",\"prestataire logistique Autriche\",\"regional tours Vienna\",\"regionale Touren Wien\",\"skilled labor shortage logistics\",\"solutions logistiques urbaines\",\"Stromanschluss Herausforderungen\",\"sustainable transport chains\",\"tourn\u00e9es r\u00e9gionales Vienne\",\"transport industry\",\"transport sans \u00e9missions\",\"Transportwirtschaft\",\"urban logistics solutions\",\"urbane Logistikl\u00f6sungen\"],\"articleSection\":[\"Europa\",\"Expeditie &amp; Logistiek\",\"Intermodaal \\\/ Weg\"],\"inLanguage\":\"nl-NL\",\"potentialAction\":[{\"@type\":\"CommentAction\",\"name\":\"Comment\",\"target\":[\"https:\\\/\\\/transportjournal.com\\\/nl\\\/2026\\\/03\\\/10\\\/cargo-partner-zet-in-op-e-vrachtwagens\\\/#respond\"]}]},{\"@type\":\"WebPage\",\"@id\":\"https:\\\/\\\/transportjournal.com\\\/nl\\\/2026\\\/03\\\/10\\\/cargo-partner-zet-in-op-e-vrachtwagens\\\/\",\"url\":\"https:\\\/\\\/transportjournal.com\\\/nl\\\/2026\\\/03\\\/10\\\/cargo-partner-zet-in-op-e-vrachtwagens\\\/\",\"name\":\"Cargo-partner zet in op E-vrachtwagens - ITJ | International Transport Journal\",\"isPartOf\":{\"@id\":\"https:\\\/\\\/transportjournal.com\\\/nl\\\/#website\"},\"primaryImageOfPage\":{\"@id\":\"https:\\\/\\\/transportjournal.com\\\/nl\\\/2026\\\/03\\\/10\\\/cargo-partner-zet-in-op-e-vrachtwagens\\\/#primaryimage\"},\"image\":{\"@id\":\"https:\\\/\\\/transportjournal.com\\\/nl\\\/2026\\\/03\\\/10\\\/cargo-partner-zet-in-op-e-vrachtwagens\\\/#primaryimage\"},\"thumbnailUrl\":\"https:\\\/\\\/transportjournal.com\\\/wp-content\\\/uploads\\\/sites\\\/2\\\/2026\\\/03\\\/cargo-partner_E-Truck_Wenzl-cp-aspect-ratio-1400-788.jpg\",\"datePublished\":\"2026-03-10T13:40:24+00:00\",\"dateModified\":\"2026-03-11T10:14:37+00:00\",\"breadcrumb\":{\"@id\":\"https:\\\/\\\/transportjournal.com\\\/nl\\\/2026\\\/03\\\/10\\\/cargo-partner-zet-in-op-e-vrachtwagens\\\/#breadcrumb\"},\"inLanguage\":\"nl-NL\",\"potentialAction\":[{\"@type\":\"ReadAction\",\"target\":[\"https:\\\/\\\/transportjournal.com\\\/nl\\\/2026\\\/03\\\/10\\\/cargo-partner-zet-in-op-e-vrachtwagens\\\/\"]}]},{\"@type\":\"ImageObject\",\"inLanguage\":\"nl-NL\",\"@id\":\"https:\\\/\\\/transportjournal.com\\\/nl\\\/2026\\\/03\\\/10\\\/cargo-partner-zet-in-op-e-vrachtwagens\\\/#primaryimage\",\"url\":\"https:\\\/\\\/transportjournal.com\\\/wp-content\\\/uploads\\\/sites\\\/2\\\/2026\\\/03\\\/cargo-partner_E-Truck_Wenzl-cp-aspect-ratio-1400-788.jpg\",\"contentUrl\":\"https:\\\/\\\/transportjournal.com\\\/wp-content\\\/uploads\\\/sites\\\/2\\\/2026\\\/03\\\/cargo-partner_E-Truck_Wenzl-cp-aspect-ratio-1400-788.jpg\",\"width\":1500,\"height\":844},{\"@type\":\"BreadcrumbList\",\"@id\":\"https:\\\/\\\/transportjournal.com\\\/nl\\\/2026\\\/03\\\/10\\\/cargo-partner-zet-in-op-e-vrachtwagens\\\/#breadcrumb\",\"itemListElement\":[{\"@type\":\"ListItem\",\"position\":1,\"name\":\"Startseite\",\"item\":\"https:\\\/\\\/transportjournal.com\\\/nl\\\/\"},{\"@type\":\"ListItem\",\"position\":2,\"name\":\"Cargo-partner zet in op E-vrachtwagens\"}]},{\"@type\":\"WebSite\",\"@id\":\"https:\\\/\\\/transportjournal.com\\\/nl\\\/#website\",\"url\":\"https:\\\/\\\/transportjournal.com\\\/nl\\\/\",\"name\":\"ITJ | International Transport Journal\",\"description\":\"Stay informed with the latest global news from the transport, logistics, and supply chain industries. Transport Journal delivers expert insights, analysis, and updates across shipping, aviation, intermodal, and forwarding.\",\"publisher\":{\"@id\":\"https:\\\/\\\/transportjournal.com\\\/nl\\\/#organization\"},\"potentialAction\":[{\"@type\":\"SearchAction\",\"target\":{\"@type\":\"EntryPoint\",\"urlTemplate\":\"https:\\\/\\\/transportjournal.com\\\/nl\\\/?s={search_term_string}\"},\"query-input\":{\"@type\":\"PropertyValueSpecification\",\"valueRequired\":true,\"valueName\":\"search_term_string\"}}],\"inLanguage\":\"nl-NL\"},{\"@type\":\"Organization\",\"@id\":\"https:\\\/\\\/transportjournal.com\\\/nl\\\/#organization\",\"name\":\"Logismedia Groep AG\",\"alternateName\":\"Logismedia Group AG\",\"url\":\"https:\\\/\\\/transportjournal.com\\\/nl\\\/\",\"logo\":{\"@type\":\"ImageObject\",\"inLanguage\":\"nl-NL\",\"@id\":\"https:\\\/\\\/transportjournal.com\\\/nl\\\/#\\\/schema\\\/logo\\\/image\\\/\",\"url\":\"https:\\\/\\\/transportjournal.com\\\/wp-content\\\/uploads\\\/sites\\\/2\\\/2025\\\/09\\\/Logo_ITJ.png\",\"contentUrl\":\"https:\\\/\\\/transportjournal.com\\\/wp-content\\\/uploads\\\/sites\\\/2\\\/2025\\\/09\\\/Logo_ITJ.png\",\"width\":799,\"height\":326,\"caption\":\"Logismedia Groep AG\"},\"image\":{\"@id\":\"https:\\\/\\\/transportjournal.com\\\/nl\\\/#\\\/schema\\\/logo\\\/image\\\/\"},\"sameAs\":[\"https:\\\/\\\/www.linkedin.com\\\/company\\\/56456496\\\/admin\\\/dashboard\\\/\",\"https:\\\/\\\/www.instagram.com\\\/logismediagroup\\\/\",\"https:\\\/\\\/www.youtube.com\\\/@LogiamediaGroupAG\"]},{\"@type\":\"Person\",\"@id\":\"https:\\\/\\\/transportjournal.com\\\/nl\\\/#\\\/schema\\\/person\\\/13a9fc605c753db60ef7750a229cd042\",\"name\":\"Gyan Sharan\",\"url\":\"https:\\\/\\\/transportjournal.com\\\/nl\\\/author\\\/gyan\\\/\"}]}<\/script>\n<!-- \/ Yoast SEO plugin. -->","yoast_head_json":{"title":"Cargo-partner zet in op E-vrachtwagens - ITJ | International Transport Journal","robots":{"index":"index","follow":"follow","max-snippet":"max-snippet:-1","max-image-preview":"max-image-preview:large","max-video-preview":"max-video-preview:-1"},"canonical":"https:\/\/transportjournal.com\/nl\/2026\/03\/10\/cargo-partner-zet-in-op-e-vrachtwagens\/","og_locale":"nl_NL","og_type":"article","og_title":"Cargo-partner zet in op E-vrachtwagens - ITJ | International Transport Journal","og_description":"Cargo-partner heeft samen met H. Wenzl twee volledig elektrische Mercedes-Benz eActros 300 in gebruik genomen voor het lokaal vervoer rond de luchthaven van Wenen.","og_url":"https:\/\/transportjournal.com\/nl\/2026\/03\/10\/cargo-partner-zet-in-op-e-vrachtwagens\/","og_site_name":"ITJ | International Transport Journal","article_published_time":"2026-03-10T13:40:24+00:00","article_modified_time":"2026-03-11T10:14:37+00:00","og_image":[{"width":1500,"height":844,"url":"https:\/\/transportjournal.com\/wp-content\/uploads\/sites\/2\/2026\/03\/cargo-partner_E-Truck_Wenzl-cp-aspect-ratio-1400-788.jpg","type":"image\/jpeg"}],"author":"Gyan Sharan","twitter_card":"summary_large_image","twitter_misc":{"Geschreven door":"Gyan Sharan","Geschatte leestijd":"1 minuut"},"schema":{"@context":"https:\/\/schema.org","@graph":[{"@type":"Article","@id":"https:\/\/transportjournal.com\/nl\/2026\/03\/10\/cargo-partner-zet-in-op-e-vrachtwagens\/#article","isPartOf":{"@id":"https:\/\/transportjournal.com\/nl\/2026\/03\/10\/cargo-partner-zet-in-op-e-vrachtwagens\/"},"author":{"name":"Gyan Sharan","@id":"https:\/\/transportjournal.com\/nl\/#\/schema\/person\/13a9fc605c753db60ef7750a229cd042"},"headline":"Cargo-partner zet in op E-vrachtwagens","datePublished":"2026-03-10T13:40:24+00:00","dateModified":"2026-03-11T10:14:37+00:00","mainEntityOfPage":{"@id":"https:\/\/transportjournal.com\/nl\/2026\/03\/10\/cargo-partner-zet-in-op-e-vrachtwagens\/"},"wordCount":189,"commentCount":0,"publisher":{"@id":"https:\/\/transportjournal.com\/nl\/#organization"},"image":{"@id":"https:\/\/transportjournal.com\/nl\/2026\/03\/10\/cargo-partner-zet-in-op-e-vrachtwagens\/#primaryimage"},"thumbnailUrl":"https:\/\/transportjournal.com\/wp-content\/uploads\/sites\/2\/2026\/03\/cargo-partner_E-Truck_Wenzl-cp-aspect-ratio-1400-788.jpg","keywords":["a\u00e9roport Vienne","airport Vienna","camions \u00e9lectriques","cha\u00eenes de transport durables","charging infrastructure Fischamend","d\u00e9carbonisation du transport","decarbonization transport","d\u00e9fis de connexion \u00e9lectrique","Dekarbonisierung Transport","Deutsch Cargo-partner","d\u00e9veloppement des infrastructures","Digitalisierung Logistik","digitalization logistics","E-Lkw","electric trucks","elektrische Logistik","emission-free transport","emissionsfreie Transporte","Fachkr\u00e4ftemangel Logistik","Flughafen Wien","green energy logistics","Gr\u00fcnstrom Logistik","H. Wenzl commerce transport logistique","H. Wenzl Handel Transport Logistik English Cargo-partner","H. Wenzl trade transport logistics Fran\u00e7ais Cargo-partner","industrie du transport","infrastructure de recharge Fischamend","infrastructure development","Infrastrukturentwicklung","Ladeinfrastruktur Fischamend","logistics service provider Austria","logistics Vienna","Logistikdienstleister \u00d6sterreich","logistique \u00e9nergie verte","logistique Vienne","Mercedes-Benz eActros","nachhaltige Transportketten","Nahverkehr Wien","num\u00e9risation logistique","p\u00e9nurie de main-d'\u0153uvre logistique","power connection challenges","prestataire logistique Autriche","regional tours Vienna","regionale Touren Wien","skilled labor shortage logistics","solutions logistiques urbaines","Stromanschluss Herausforderungen","sustainable transport chains","tourn\u00e9es r\u00e9gionales Vienne","transport industry","transport sans \u00e9missions","Transportwirtschaft","urban logistics solutions","urbane Logistikl\u00f6sungen"],"articleSection":["Europa","Expeditie &amp; Logistiek","Intermodaal \/ Weg"],"inLanguage":"nl-NL","potentialAction":[{"@type":"CommentAction","name":"Comment","target":["https:\/\/transportjournal.com\/nl\/2026\/03\/10\/cargo-partner-zet-in-op-e-vrachtwagens\/#respond"]}]},{"@type":"WebPage","@id":"https:\/\/transportjournal.com\/nl\/2026\/03\/10\/cargo-partner-zet-in-op-e-vrachtwagens\/","url":"https:\/\/transportjournal.com\/nl\/2026\/03\/10\/cargo-partner-zet-in-op-e-vrachtwagens\/","name":"Cargo-partner zet in op E-vrachtwagens - ITJ | International Transport Journal","isPartOf":{"@id":"https:\/\/transportjournal.com\/nl\/#website"},"primaryImageOfPage":{"@id":"https:\/\/transportjournal.com\/nl\/2026\/03\/10\/cargo-partner-zet-in-op-e-vrachtwagens\/#primaryimage"},"image":{"@id":"https:\/\/transportjournal.com\/nl\/2026\/03\/10\/cargo-partner-zet-in-op-e-vrachtwagens\/#primaryimage"},"thumbnailUrl":"https:\/\/transportjournal.com\/wp-content\/uploads\/sites\/2\/2026\/03\/cargo-partner_E-Truck_Wenzl-cp-aspect-ratio-1400-788.jpg","datePublished":"2026-03-10T13:40:24+00:00","dateModified":"2026-03-11T10:14:37+00:00","breadcrumb":{"@id":"https:\/\/transportjournal.com\/nl\/2026\/03\/10\/cargo-partner-zet-in-op-e-vrachtwagens\/#breadcrumb"},"inLanguage":"nl-NL","potentialAction":[{"@type":"ReadAction","target":["https:\/\/transportjournal.com\/nl\/2026\/03\/10\/cargo-partner-zet-in-op-e-vrachtwagens\/"]}]},{"@type":"ImageObject","inLanguage":"nl-NL","@id":"https:\/\/transportjournal.com\/nl\/2026\/03\/10\/cargo-partner-zet-in-op-e-vrachtwagens\/#primaryimage","url":"https:\/\/transportjournal.com\/wp-content\/uploads\/sites\/2\/2026\/03\/cargo-partner_E-Truck_Wenzl-cp-aspect-ratio-1400-788.jpg","contentUrl":"https:\/\/transportjournal.com\/wp-content\/uploads\/sites\/2\/2026\/03\/cargo-partner_E-Truck_Wenzl-cp-aspect-ratio-1400-788.jpg","width":1500,"height":844},{"@type":"BreadcrumbList","@id":"https:\/\/transportjournal.com\/nl\/2026\/03\/10\/cargo-partner-zet-in-op-e-vrachtwagens\/#breadcrumb","itemListElement":[{"@type":"ListItem","position":1,"name":"Startseite","item":"https:\/\/transportjournal.com\/nl\/"},{"@type":"ListItem","position":2,"name":"Cargo-partner zet in op E-vrachtwagens"}]},{"@type":"WebSite","@id":"https:\/\/transportjournal.com\/nl\/#website","url":"https:\/\/transportjournal.com\/nl\/","name":"ITJ | International Transport Journal","description":"Stay informed with the latest global news from the transport, logistics, and supply chain industries. Transport Journal delivers expert insights, analysis, and updates across shipping, aviation, intermodal, and forwarding.","publisher":{"@id":"https:\/\/transportjournal.com\/nl\/#organization"},"potentialAction":[{"@type":"SearchAction","target":{"@type":"EntryPoint","urlTemplate":"https:\/\/transportjournal.com\/nl\/?s={search_term_string}"},"query-input":{"@type":"PropertyValueSpecification","valueRequired":true,"valueName":"search_term_string"}}],"inLanguage":"nl-NL"},{"@type":"Organization","@id":"https:\/\/transportjournal.com\/nl\/#organization","name":"Logismedia Groep AG","alternateName":"Logismedia Group AG","url":"https:\/\/transportjournal.com\/nl\/","logo":{"@type":"ImageObject","inLanguage":"nl-NL","@id":"https:\/\/transportjournal.com\/nl\/#\/schema\/logo\/image\/","url":"https:\/\/transportjournal.com\/wp-content\/uploads\/sites\/2\/2025\/09\/Logo_ITJ.png","contentUrl":"https:\/\/transportjournal.com\/wp-content\/uploads\/sites\/2\/2025\/09\/Logo_ITJ.png","width":799,"height":326,"caption":"Logismedia Groep AG"},"image":{"@id":"https:\/\/transportjournal.com\/nl\/#\/schema\/logo\/image\/"},"sameAs":["https:\/\/www.linkedin.com\/company\/56456496\/admin\/dashboard\/","https:\/\/www.instagram.com\/logismediagroup\/","https:\/\/www.youtube.com\/@LogiamediaGroupAG"]},{"@type":"Person","@id":"https:\/\/transportjournal.com\/nl\/#\/schema\/person\/13a9fc605c753db60ef7750a229cd042","name":"Gyan Sharan","url":"https:\/\/transportjournal.com\/nl\/author\/gyan\/"}]}},"_links":{"self":[{"href":"https:\/\/transportjournal.com\/nl\/wp-json\/wp\/v2\/posts\/80230","targetHints":{"allow":["GET"]}}],"collection":[{"href":"https:\/\/transportjournal.com\/nl\/wp-json\/wp\/v2\/posts"}],"about":[{"href":"https:\/\/transportjournal.com\/nl\/wp-json\/wp\/v2\/types\/post"}],"author":[{"embeddable":true,"href":"https:\/\/transportjournal.com\/nl\/wp-json\/wp\/v2\/users\/14"}],"replies":[{"embeddable":true,"href":"https:\/\/transportjournal.com\/nl\/wp-json\/wp\/v2\/comments?post=80230"}],"version-history":[{"count":10,"href":"https:\/\/transportjournal.com\/nl\/wp-json\/wp\/v2\/posts\/80230\/revisions"}],"predecessor-version":[{"id":80329,"href":"https:\/\/transportjournal.com\/nl\/wp-json\/wp\/v2\/posts\/80230\/revisions\/80329"}],"wp:featuredmedia":[{"embeddable":true,"href":"https:\/\/transportjournal.com\/nl\/wp-json\/wp\/v2\/media\/80224"}],"wp:attachment":[{"href":"https:\/\/transportjournal.com\/nl\/wp-json\/wp\/v2\/media?parent=80230"}],"wp:term":[{"taxonomy":"category","embeddable":true,"href":"https:\/\/transportjournal.com\/nl\/wp-json\/wp\/v2\/categories?post=80230"},{"taxonomy":"post_tag","embeddable":true,"href":"https:\/\/transportjournal.com\/nl\/wp-json\/wp\/v2\/tags?post=80230"}],"curies":[{"name":"wp","href":"https:\/\/api.w.org\/{rel}","templated":true}]}}