{"id":80031,"date":"2026-03-09T16:56:15","date_gmt":"2026-03-09T16:56:15","guid":{"rendered":"https:\/\/transportjournal.com\/2026\/03\/09\/joe-lacek-nieuwe-vice-president-cargo\/"},"modified":"2026-03-10T11:17:14","modified_gmt":"2026-03-10T10:17:14","slug":"joe-lacek-nieuwe-vice-president-cargo","status":"publish","type":"post","link":"https:\/\/transportjournal.com\/nl\/2026\/03\/09\/joe-lacek-nieuwe-vice-president-cargo\/","title":{"rendered":"Joe Lacek nieuwe Vice President Cargo"},"content":{"rendered":"<p>Hunt &amp; Palmer USA Inc. heeft de benoeming van Joe Lacek tot Vice President voor US Cargo Charters aangekondigd. Deze beslissing is bedoeld om de positie van het bedrijf in het Amerikaanse vrachtsegment te versterken. Lacek zal deel uitmaken van het Noord-Amerikaanse managementteam van het bedrijf, dat behoort tot de internationale luchtvrachtmaatschappij Hunt &amp; Palmer PLC.<\/p>\n<p>Jamie Peters, Director of Cargo bij Hunt &amp; Palmer, sprak positief over de herbenoeming: \u201eWe zijn blij Joe te verwelkomen in het team van Hunt &amp; Palmer. Joe is zijn carri\u00e8re in de luchtvaart begonnen bij een gerespecteerde concurrent, waar hij acht jaar werkzaam was en in die tijd een continue groei in de regio kon aantonen. Zijn uitgebreide kennis van de Noord-Amerikaanse markt en zijn gerespecteerde reputatie in de sector maken hem een ideale aanvulling op onze bedrijfswaarden.\u201c<\/p>\n<p>Lacek zelf toonde zich ook enthousiast over zijn nieuwe rol: \u201eIk ben blij me bij Hunt &amp; Palmer aan te sluiten. Ik heb het bedrijf altijd hoog gewaardeerd, en het bouwt zijn wereldwijde reputatie voor professionaliteit en excellentie verder uit. Mijn doel is ervoor te zorgen dat Hunt &amp; Palmer de voorkeursmakelaar blijft voor klanten en expediteurs die de beste vrachtcharters zoeken, en het enorme groeipotentieel in dit gebied te benutten.\u201c<\/p>\n<p>&nbsp;<\/p>\n<p><a href=\"https:\/\/www.huntandpalmer.com\/\" target=\"_blank\" rel=\"noopener noreferrer\">www.huntandpalmer.com<\/a><\/p>\n<p>&nbsp;<\/p>\n","protected":false},"excerpt":{"rendered":"<p>Hunt and Palmer USA Inc. heeft Joe Lacek benoemd tot Vice President voor US Cargo Charters om de marktpositie in het vrachtsegment te versterken.<\/p>\n","protected":false},"author":12,"featured_media":80025,"comment_status":"open","ping_status":"","sticky":false,"template":"","format":"standard","meta":{"_acf_changed":false,"footnotes":""},"categories":[1602,1594,1591],"tags":[25115,3447,3397,5891,25116,25117,25118,2112,25119,7917,25120,5089,25121,25122,25123,2811,25124,7925,25125,10504,7926,3234,25126,2952,5448,2123,3418,2125,2960,2961,25127,25128,2821,1831,2176,3423,25129,3472,3475,25130,25131,25132,2720,2829,25133,25134,25135,25136,2106,2839,1837,2157,25137,25138],"class_list":["post-80031","post","type-post","status-publish","format-standard","has-post-thumbnail","hentry","category-amerika","category-luchtvracht","category-mensen-bedrijven","tag-air-freight-company","tag-air-freight-market","tag-aviation-industry","tag-cargo-management","tag-cargo-management-strategies","tag-cargo-management-strategien","tag-charters-de-fret-aux-etats-unis","tag-corporate-leadership","tag-courtier-en-fret","tag-croissance-du-fret","tag-deutsch-hunt-palmer","tag-direction-dentreprise","tag-fachkraeftemangel-in-der-logistik-english-hunt-palmer","tag-frachtbroker","tag-frachtcharter-dienstleistungen","tag-frachtlogistik","tag-frachtsegment","tag-frachtwachstum","tag-freight-broker","tag-freight-charter-services","tag-freight-growth","tag-freight-logistics","tag-freight-segment","tag-fret-aerien-international","tag-gestion-de-fret","tag-gestion-de-la-chaine-dapprovisionnement","tag-industrie-aeronautique","tag-industrie-du-transport","tag-international-air-freight","tag-internationale-luftfracht","tag-joe-lacek","tag-labor-shortage-in-logistics-francais-hunt-palmer","tag-logistics-providers","tag-logistikdienstleister","tag-logistique-de-fret","tag-luftfahrtindustrie","tag-luftfrachtgesellschaft","tag-luftfrachtmarkt","tag-marche-du-fret-aerien","tag-marche-nord-americain","tag-nordamerikanischer-markt","tag-north-american-market","tag-penurie-de-main-doeuvre-dans-la-logistique","tag-prestataires-logistiques","tag-segment-de-fret","tag-services-de-charters-de-fret","tag-societe-de-fret-aerien","tag-strategies-de-gestion-de-fret","tag-supply-chain-management","tag-transportation-industry","tag-transportwirtschaft","tag-unternehmensfuehrung","tag-us-cargo-charters","tag-us-frachtcharter"],"acf":[],"yoast_head":"<!-- This site is optimized with the Yoast SEO plugin v27.3 - https:\/\/yoast.com\/product\/yoast-seo-wordpress\/ -->\n<title>Joe Lacek nieuwe Vice President Cargo - ITJ | International Transport Journal<\/title>\n<meta name=\"robots\" content=\"index, follow, max-snippet:-1, max-image-preview:large, max-video-preview:-1\" \/>\n<link rel=\"canonical\" href=\"https:\/\/transportjournal.com\/nl\/2026\/03\/09\/joe-lacek-nieuwe-vice-president-cargo\/\" \/>\n<meta property=\"og:locale\" content=\"nl_NL\" \/>\n<meta property=\"og:type\" content=\"article\" \/>\n<meta property=\"og:title\" content=\"Joe Lacek nieuwe Vice President Cargo - ITJ | International Transport Journal\" \/>\n<meta property=\"og:description\" content=\"Hunt and Palmer USA Inc. heeft Joe Lacek benoemd tot Vice President voor US Cargo Charters om de marktpositie in het vrachtsegment te versterken.\" \/>\n<meta property=\"og:url\" content=\"https:\/\/transportjournal.com\/nl\/2026\/03\/09\/joe-lacek-nieuwe-vice-president-cargo\/\" \/>\n<meta property=\"og:site_name\" content=\"ITJ | International Transport Journal\" \/>\n<meta property=\"article:published_time\" content=\"2026-03-09T16:56:15+00:00\" \/>\n<meta property=\"article:modified_time\" content=\"2026-03-10T10:17:14+00:00\" \/>\n<meta property=\"og:image\" content=\"https:\/\/transportjournal.com\/wp-content\/uploads\/sites\/2\/2026\/03\/joe-lacek-headshot-2025-72dpi-1-aspect-ratio-1400-788.jpg\" \/>\n\t<meta property=\"og:image:width\" content=\"459\" \/>\n\t<meta property=\"og:image:height\" content=\"258\" \/>\n\t<meta property=\"og:image:type\" content=\"image\/jpeg\" \/>\n<meta name=\"author\" content=\"Andreas Haug\" \/>\n<meta name=\"twitter:card\" content=\"summary_large_image\" \/>\n<meta name=\"twitter:label1\" content=\"Geschreven door\" \/>\n\t<meta name=\"twitter:data1\" content=\"Andreas Haug\" \/>\n\t<meta name=\"twitter:label2\" content=\"Geschatte leestijd\" \/>\n\t<meta name=\"twitter:data2\" content=\"1 minuut\" \/>\n<script type=\"application\/ld+json\" class=\"yoast-schema-graph\">{\"@context\":\"https:\\\/\\\/schema.org\",\"@graph\":[{\"@type\":\"Article\",\"@id\":\"https:\\\/\\\/transportjournal.com\\\/nl\\\/2026\\\/03\\\/09\\\/joe-lacek-nieuwe-vice-president-cargo\\\/#article\",\"isPartOf\":{\"@id\":\"https:\\\/\\\/transportjournal.com\\\/nl\\\/2026\\\/03\\\/09\\\/joe-lacek-nieuwe-vice-president-cargo\\\/\"},\"author\":{\"name\":\"Andreas Haug\",\"@id\":\"https:\\\/\\\/transportjournal.com\\\/nl\\\/#\\\/schema\\\/person\\\/cf538b3157f15afd7589245a4b3dbd25\"},\"headline\":\"Joe Lacek nieuwe Vice President Cargo\",\"datePublished\":\"2026-03-09T16:56:15+00:00\",\"dateModified\":\"2026-03-10T10:17:14+00:00\",\"mainEntityOfPage\":{\"@id\":\"https:\\\/\\\/transportjournal.com\\\/nl\\\/2026\\\/03\\\/09\\\/joe-lacek-nieuwe-vice-president-cargo\\\/\"},\"wordCount\":218,\"commentCount\":0,\"publisher\":{\"@id\":\"https:\\\/\\\/transportjournal.com\\\/nl\\\/#organization\"},\"image\":{\"@id\":\"https:\\\/\\\/transportjournal.com\\\/nl\\\/2026\\\/03\\\/09\\\/joe-lacek-nieuwe-vice-president-cargo\\\/#primaryimage\"},\"thumbnailUrl\":\"https:\\\/\\\/transportjournal.com\\\/wp-content\\\/uploads\\\/sites\\\/2\\\/2026\\\/03\\\/joe-lacek-headshot-2025-72dpi-1-aspect-ratio-1400-788.jpg\",\"keywords\":[\"air freight company\",\"air freight market\",\"aviation industry\",\"cargo management\",\"cargo management strategies\",\"Cargo-Management-Strategien\",\"charters de fret aux \u00c9tats-Unis\",\"corporate leadership\",\"courtier en fret\",\"croissance du fret\",\"Deutsch Hunt &amp; Palmer\",\"direction d'entreprise\",\"Fachkr\u00e4ftemangel in der Logistik English Hunt &amp; Palmer\",\"Frachtbroker\",\"Frachtcharter-Dienstleistungen\",\"Frachtlogistik\",\"Frachtsegment\",\"Frachtwachstum\",\"freight broker\",\"freight charter services\",\"freight growth\",\"freight logistics\",\"freight segment\",\"fret a\u00e9rien international\",\"gestion de fret\",\"gestion de la cha\u00eene d'approvisionnement\",\"industrie a\u00e9ronautique\",\"industrie du transport\",\"international air freight\",\"internationale Luftfracht\",\"Joe Lacek\",\"labor shortage in logistics Fran\u00e7ais Hunt &amp; Palmer\",\"logistics providers\",\"Logistikdienstleister\",\"logistique de fret\",\"Luftfahrtindustrie\",\"Luftfrachtgesellschaft\",\"Luftfrachtmarkt\",\"march\u00e9 du fret a\u00e9rien\",\"march\u00e9 nord-am\u00e9ricain\",\"nordamerikanischer Markt\",\"North American market\",\"p\u00e9nurie de main-d'\u0153uvre dans la logistique\",\"prestataires logistiques\",\"segment de fret\",\"services de charters de fret\",\"soci\u00e9t\u00e9 de fret a\u00e9rien\",\"strat\u00e9gies de gestion de fret\",\"Supply Chain Management\",\"transportation industry\",\"Transportwirtschaft\",\"Unternehmensf\u00fchrung\",\"US cargo charters\",\"US-Frachtcharter\"],\"articleSection\":[\"Amerika\",\"Luchtvracht\",\"Mensen &amp; Bedrijven\"],\"inLanguage\":\"nl-NL\",\"potentialAction\":[{\"@type\":\"CommentAction\",\"name\":\"Comment\",\"target\":[\"https:\\\/\\\/transportjournal.com\\\/nl\\\/2026\\\/03\\\/09\\\/joe-lacek-nieuwe-vice-president-cargo\\\/#respond\"]}]},{\"@type\":\"WebPage\",\"@id\":\"https:\\\/\\\/transportjournal.com\\\/nl\\\/2026\\\/03\\\/09\\\/joe-lacek-nieuwe-vice-president-cargo\\\/\",\"url\":\"https:\\\/\\\/transportjournal.com\\\/nl\\\/2026\\\/03\\\/09\\\/joe-lacek-nieuwe-vice-president-cargo\\\/\",\"name\":\"Joe Lacek nieuwe Vice President Cargo - ITJ | International Transport Journal\",\"isPartOf\":{\"@id\":\"https:\\\/\\\/transportjournal.com\\\/nl\\\/#website\"},\"primaryImageOfPage\":{\"@id\":\"https:\\\/\\\/transportjournal.com\\\/nl\\\/2026\\\/03\\\/09\\\/joe-lacek-nieuwe-vice-president-cargo\\\/#primaryimage\"},\"image\":{\"@id\":\"https:\\\/\\\/transportjournal.com\\\/nl\\\/2026\\\/03\\\/09\\\/joe-lacek-nieuwe-vice-president-cargo\\\/#primaryimage\"},\"thumbnailUrl\":\"https:\\\/\\\/transportjournal.com\\\/wp-content\\\/uploads\\\/sites\\\/2\\\/2026\\\/03\\\/joe-lacek-headshot-2025-72dpi-1-aspect-ratio-1400-788.jpg\",\"datePublished\":\"2026-03-09T16:56:15+00:00\",\"dateModified\":\"2026-03-10T10:17:14+00:00\",\"breadcrumb\":{\"@id\":\"https:\\\/\\\/transportjournal.com\\\/nl\\\/2026\\\/03\\\/09\\\/joe-lacek-nieuwe-vice-president-cargo\\\/#breadcrumb\"},\"inLanguage\":\"nl-NL\",\"potentialAction\":[{\"@type\":\"ReadAction\",\"target\":[\"https:\\\/\\\/transportjournal.com\\\/nl\\\/2026\\\/03\\\/09\\\/joe-lacek-nieuwe-vice-president-cargo\\\/\"]}]},{\"@type\":\"ImageObject\",\"inLanguage\":\"nl-NL\",\"@id\":\"https:\\\/\\\/transportjournal.com\\\/nl\\\/2026\\\/03\\\/09\\\/joe-lacek-nieuwe-vice-president-cargo\\\/#primaryimage\",\"url\":\"https:\\\/\\\/transportjournal.com\\\/wp-content\\\/uploads\\\/sites\\\/2\\\/2026\\\/03\\\/joe-lacek-headshot-2025-72dpi-1-aspect-ratio-1400-788.jpg\",\"contentUrl\":\"https:\\\/\\\/transportjournal.com\\\/wp-content\\\/uploads\\\/sites\\\/2\\\/2026\\\/03\\\/joe-lacek-headshot-2025-72dpi-1-aspect-ratio-1400-788.jpg\",\"width\":459,\"height\":258},{\"@type\":\"BreadcrumbList\",\"@id\":\"https:\\\/\\\/transportjournal.com\\\/nl\\\/2026\\\/03\\\/09\\\/joe-lacek-nieuwe-vice-president-cargo\\\/#breadcrumb\",\"itemListElement\":[{\"@type\":\"ListItem\",\"position\":1,\"name\":\"Startseite\",\"item\":\"https:\\\/\\\/transportjournal.com\\\/nl\\\/\"},{\"@type\":\"ListItem\",\"position\":2,\"name\":\"Joe Lacek nieuwe Vice President Cargo\"}]},{\"@type\":\"WebSite\",\"@id\":\"https:\\\/\\\/transportjournal.com\\\/nl\\\/#website\",\"url\":\"https:\\\/\\\/transportjournal.com\\\/nl\\\/\",\"name\":\"ITJ | International Transport Journal\",\"description\":\"Stay informed with the latest global news from the transport, logistics, and supply chain industries. Transport Journal delivers expert insights, analysis, and updates across shipping, aviation, intermodal, and forwarding.\",\"publisher\":{\"@id\":\"https:\\\/\\\/transportjournal.com\\\/nl\\\/#organization\"},\"potentialAction\":[{\"@type\":\"SearchAction\",\"target\":{\"@type\":\"EntryPoint\",\"urlTemplate\":\"https:\\\/\\\/transportjournal.com\\\/nl\\\/?s={search_term_string}\"},\"query-input\":{\"@type\":\"PropertyValueSpecification\",\"valueRequired\":true,\"valueName\":\"search_term_string\"}}],\"inLanguage\":\"nl-NL\"},{\"@type\":\"Organization\",\"@id\":\"https:\\\/\\\/transportjournal.com\\\/nl\\\/#organization\",\"name\":\"Logismedia Groep AG\",\"alternateName\":\"Logismedia Group AG\",\"url\":\"https:\\\/\\\/transportjournal.com\\\/nl\\\/\",\"logo\":{\"@type\":\"ImageObject\",\"inLanguage\":\"nl-NL\",\"@id\":\"https:\\\/\\\/transportjournal.com\\\/nl\\\/#\\\/schema\\\/logo\\\/image\\\/\",\"url\":\"https:\\\/\\\/transportjournal.com\\\/wp-content\\\/uploads\\\/sites\\\/2\\\/2025\\\/09\\\/Logo_ITJ.png\",\"contentUrl\":\"https:\\\/\\\/transportjournal.com\\\/wp-content\\\/uploads\\\/sites\\\/2\\\/2025\\\/09\\\/Logo_ITJ.png\",\"width\":799,\"height\":326,\"caption\":\"Logismedia Groep AG\"},\"image\":{\"@id\":\"https:\\\/\\\/transportjournal.com\\\/nl\\\/#\\\/schema\\\/logo\\\/image\\\/\"},\"sameAs\":[\"https:\\\/\\\/www.linkedin.com\\\/company\\\/56456496\\\/admin\\\/dashboard\\\/\",\"https:\\\/\\\/www.instagram.com\\\/logismediagroup\\\/\",\"https:\\\/\\\/www.youtube.com\\\/@LogiamediaGroupAG\"]},{\"@type\":\"Person\",\"@id\":\"https:\\\/\\\/transportjournal.com\\\/nl\\\/#\\\/schema\\\/person\\\/cf538b3157f15afd7589245a4b3dbd25\",\"name\":\"Andreas Haug\",\"url\":\"https:\\\/\\\/transportjournal.com\\\/nl\\\/author\\\/andreas\\\/\"}]}<\/script>\n<!-- \/ Yoast SEO plugin. -->","yoast_head_json":{"title":"Joe Lacek nieuwe Vice President Cargo - ITJ | International Transport Journal","robots":{"index":"index","follow":"follow","max-snippet":"max-snippet:-1","max-image-preview":"max-image-preview:large","max-video-preview":"max-video-preview:-1"},"canonical":"https:\/\/transportjournal.com\/nl\/2026\/03\/09\/joe-lacek-nieuwe-vice-president-cargo\/","og_locale":"nl_NL","og_type":"article","og_title":"Joe Lacek nieuwe Vice President Cargo - ITJ | International Transport Journal","og_description":"Hunt and Palmer USA Inc. heeft Joe Lacek benoemd tot Vice President voor US Cargo Charters om de marktpositie in het vrachtsegment te versterken.","og_url":"https:\/\/transportjournal.com\/nl\/2026\/03\/09\/joe-lacek-nieuwe-vice-president-cargo\/","og_site_name":"ITJ | International Transport Journal","article_published_time":"2026-03-09T16:56:15+00:00","article_modified_time":"2026-03-10T10:17:14+00:00","og_image":[{"width":459,"height":258,"url":"https:\/\/transportjournal.com\/wp-content\/uploads\/sites\/2\/2026\/03\/joe-lacek-headshot-2025-72dpi-1-aspect-ratio-1400-788.jpg","type":"image\/jpeg"}],"author":"Andreas Haug","twitter_card":"summary_large_image","twitter_misc":{"Geschreven door":"Andreas Haug","Geschatte leestijd":"1 minuut"},"schema":{"@context":"https:\/\/schema.org","@graph":[{"@type":"Article","@id":"https:\/\/transportjournal.com\/nl\/2026\/03\/09\/joe-lacek-nieuwe-vice-president-cargo\/#article","isPartOf":{"@id":"https:\/\/transportjournal.com\/nl\/2026\/03\/09\/joe-lacek-nieuwe-vice-president-cargo\/"},"author":{"name":"Andreas Haug","@id":"https:\/\/transportjournal.com\/nl\/#\/schema\/person\/cf538b3157f15afd7589245a4b3dbd25"},"headline":"Joe Lacek nieuwe Vice President Cargo","datePublished":"2026-03-09T16:56:15+00:00","dateModified":"2026-03-10T10:17:14+00:00","mainEntityOfPage":{"@id":"https:\/\/transportjournal.com\/nl\/2026\/03\/09\/joe-lacek-nieuwe-vice-president-cargo\/"},"wordCount":218,"commentCount":0,"publisher":{"@id":"https:\/\/transportjournal.com\/nl\/#organization"},"image":{"@id":"https:\/\/transportjournal.com\/nl\/2026\/03\/09\/joe-lacek-nieuwe-vice-president-cargo\/#primaryimage"},"thumbnailUrl":"https:\/\/transportjournal.com\/wp-content\/uploads\/sites\/2\/2026\/03\/joe-lacek-headshot-2025-72dpi-1-aspect-ratio-1400-788.jpg","keywords":["air freight company","air freight market","aviation industry","cargo management","cargo management strategies","Cargo-Management-Strategien","charters de fret aux \u00c9tats-Unis","corporate leadership","courtier en fret","croissance du fret","Deutsch Hunt &amp; Palmer","direction d'entreprise","Fachkr\u00e4ftemangel in der Logistik English Hunt &amp; Palmer","Frachtbroker","Frachtcharter-Dienstleistungen","Frachtlogistik","Frachtsegment","Frachtwachstum","freight broker","freight charter services","freight growth","freight logistics","freight segment","fret a\u00e9rien international","gestion de fret","gestion de la cha\u00eene d'approvisionnement","industrie a\u00e9ronautique","industrie du transport","international air freight","internationale Luftfracht","Joe Lacek","labor shortage in logistics Fran\u00e7ais Hunt &amp; Palmer","logistics providers","Logistikdienstleister","logistique de fret","Luftfahrtindustrie","Luftfrachtgesellschaft","Luftfrachtmarkt","march\u00e9 du fret a\u00e9rien","march\u00e9 nord-am\u00e9ricain","nordamerikanischer Markt","North American market","p\u00e9nurie de main-d'\u0153uvre dans la logistique","prestataires logistiques","segment de fret","services de charters de fret","soci\u00e9t\u00e9 de fret a\u00e9rien","strat\u00e9gies de gestion de fret","Supply Chain Management","transportation industry","Transportwirtschaft","Unternehmensf\u00fchrung","US cargo charters","US-Frachtcharter"],"articleSection":["Amerika","Luchtvracht","Mensen &amp; Bedrijven"],"inLanguage":"nl-NL","potentialAction":[{"@type":"CommentAction","name":"Comment","target":["https:\/\/transportjournal.com\/nl\/2026\/03\/09\/joe-lacek-nieuwe-vice-president-cargo\/#respond"]}]},{"@type":"WebPage","@id":"https:\/\/transportjournal.com\/nl\/2026\/03\/09\/joe-lacek-nieuwe-vice-president-cargo\/","url":"https:\/\/transportjournal.com\/nl\/2026\/03\/09\/joe-lacek-nieuwe-vice-president-cargo\/","name":"Joe Lacek nieuwe Vice President Cargo - ITJ | International Transport Journal","isPartOf":{"@id":"https:\/\/transportjournal.com\/nl\/#website"},"primaryImageOfPage":{"@id":"https:\/\/transportjournal.com\/nl\/2026\/03\/09\/joe-lacek-nieuwe-vice-president-cargo\/#primaryimage"},"image":{"@id":"https:\/\/transportjournal.com\/nl\/2026\/03\/09\/joe-lacek-nieuwe-vice-president-cargo\/#primaryimage"},"thumbnailUrl":"https:\/\/transportjournal.com\/wp-content\/uploads\/sites\/2\/2026\/03\/joe-lacek-headshot-2025-72dpi-1-aspect-ratio-1400-788.jpg","datePublished":"2026-03-09T16:56:15+00:00","dateModified":"2026-03-10T10:17:14+00:00","breadcrumb":{"@id":"https:\/\/transportjournal.com\/nl\/2026\/03\/09\/joe-lacek-nieuwe-vice-president-cargo\/#breadcrumb"},"inLanguage":"nl-NL","potentialAction":[{"@type":"ReadAction","target":["https:\/\/transportjournal.com\/nl\/2026\/03\/09\/joe-lacek-nieuwe-vice-president-cargo\/"]}]},{"@type":"ImageObject","inLanguage":"nl-NL","@id":"https:\/\/transportjournal.com\/nl\/2026\/03\/09\/joe-lacek-nieuwe-vice-president-cargo\/#primaryimage","url":"https:\/\/transportjournal.com\/wp-content\/uploads\/sites\/2\/2026\/03\/joe-lacek-headshot-2025-72dpi-1-aspect-ratio-1400-788.jpg","contentUrl":"https:\/\/transportjournal.com\/wp-content\/uploads\/sites\/2\/2026\/03\/joe-lacek-headshot-2025-72dpi-1-aspect-ratio-1400-788.jpg","width":459,"height":258},{"@type":"BreadcrumbList","@id":"https:\/\/transportjournal.com\/nl\/2026\/03\/09\/joe-lacek-nieuwe-vice-president-cargo\/#breadcrumb","itemListElement":[{"@type":"ListItem","position":1,"name":"Startseite","item":"https:\/\/transportjournal.com\/nl\/"},{"@type":"ListItem","position":2,"name":"Joe Lacek nieuwe Vice President Cargo"}]},{"@type":"WebSite","@id":"https:\/\/transportjournal.com\/nl\/#website","url":"https:\/\/transportjournal.com\/nl\/","name":"ITJ | International Transport Journal","description":"Stay informed with the latest global news from the transport, logistics, and supply chain industries. Transport Journal delivers expert insights, analysis, and updates across shipping, aviation, intermodal, and forwarding.","publisher":{"@id":"https:\/\/transportjournal.com\/nl\/#organization"},"potentialAction":[{"@type":"SearchAction","target":{"@type":"EntryPoint","urlTemplate":"https:\/\/transportjournal.com\/nl\/?s={search_term_string}"},"query-input":{"@type":"PropertyValueSpecification","valueRequired":true,"valueName":"search_term_string"}}],"inLanguage":"nl-NL"},{"@type":"Organization","@id":"https:\/\/transportjournal.com\/nl\/#organization","name":"Logismedia Groep AG","alternateName":"Logismedia Group AG","url":"https:\/\/transportjournal.com\/nl\/","logo":{"@type":"ImageObject","inLanguage":"nl-NL","@id":"https:\/\/transportjournal.com\/nl\/#\/schema\/logo\/image\/","url":"https:\/\/transportjournal.com\/wp-content\/uploads\/sites\/2\/2025\/09\/Logo_ITJ.png","contentUrl":"https:\/\/transportjournal.com\/wp-content\/uploads\/sites\/2\/2025\/09\/Logo_ITJ.png","width":799,"height":326,"caption":"Logismedia Groep AG"},"image":{"@id":"https:\/\/transportjournal.com\/nl\/#\/schema\/logo\/image\/"},"sameAs":["https:\/\/www.linkedin.com\/company\/56456496\/admin\/dashboard\/","https:\/\/www.instagram.com\/logismediagroup\/","https:\/\/www.youtube.com\/@LogiamediaGroupAG"]},{"@type":"Person","@id":"https:\/\/transportjournal.com\/nl\/#\/schema\/person\/cf538b3157f15afd7589245a4b3dbd25","name":"Andreas Haug","url":"https:\/\/transportjournal.com\/nl\/author\/andreas\/"}]}},"_links":{"self":[{"href":"https:\/\/transportjournal.com\/nl\/wp-json\/wp\/v2\/posts\/80031","targetHints":{"allow":["GET"]}}],"collection":[{"href":"https:\/\/transportjournal.com\/nl\/wp-json\/wp\/v2\/posts"}],"about":[{"href":"https:\/\/transportjournal.com\/nl\/wp-json\/wp\/v2\/types\/post"}],"author":[{"embeddable":true,"href":"https:\/\/transportjournal.com\/nl\/wp-json\/wp\/v2\/users\/12"}],"replies":[{"embeddable":true,"href":"https:\/\/transportjournal.com\/nl\/wp-json\/wp\/v2\/comments?post=80031"}],"version-history":[{"count":1,"href":"https:\/\/transportjournal.com\/nl\/wp-json\/wp\/v2\/posts\/80031\/revisions"}],"predecessor-version":[{"id":80191,"href":"https:\/\/transportjournal.com\/nl\/wp-json\/wp\/v2\/posts\/80031\/revisions\/80191"}],"wp:featuredmedia":[{"embeddable":true,"href":"https:\/\/transportjournal.com\/nl\/wp-json\/wp\/v2\/media\/80025"}],"wp:attachment":[{"href":"https:\/\/transportjournal.com\/nl\/wp-json\/wp\/v2\/media?parent=80031"}],"wp:term":[{"taxonomy":"category","embeddable":true,"href":"https:\/\/transportjournal.com\/nl\/wp-json\/wp\/v2\/categories?post=80031"},{"taxonomy":"post_tag","embeddable":true,"href":"https:\/\/transportjournal.com\/nl\/wp-json\/wp\/v2\/tags?post=80031"}],"curies":[{"name":"wp","href":"https:\/\/api.w.org\/{rel}","templated":true}]}}