{"id":79976,"date":"2026-03-09T11:41:31","date_gmt":"2026-03-09T11:41:31","guid":{"rendered":"https:\/\/transportjournal.com\/2026\/03\/09\/gebrueder-weiss-verhoogt-omzet-licht\/"},"modified":"2026-03-09T11:41:31","modified_gmt":"2026-03-09T11:41:31","slug":"gebrueder-weiss-verhoogt-omzet-licht","status":"publish","type":"post","link":"https:\/\/transportjournal.com\/nl\/2026\/03\/09\/gebrueder-weiss-verhoogt-omzet-licht\/","title":{"rendered":"Gebr\u00fcder Weiss verhoogt omzet licht"},"content":{"rendered":"<p>Gebr\u00fcder Weiss heeft het boekjaar 2025 afgesloten met een netto-omzet van 2,73 miljard euro, wat een lichte stijging betekent ten opzichte van het voorgaande jaar, toen de omzet 2,71 miljard euro bedroeg. Ondanks de uitdagende economische omstandigheden in Europa kon het bedrijf marktaandeel winnen en de productiviteit verhogen, zoals recentelijk is meegedeeld.<\/p>\n<p>Wolfram Senger-Weiss, voorzitter van de directie, benadrukt de veerkracht van het bedrijf: \u201e<span data-olk-copy-source=\"MessageBody\">De economische omstandigheden waren in 2025 uitdagend \u2013 vooral in onze Midden-Europese kernmarkten. Dat we desondanks licht zijn gegroeid en tegelijkertijd verder konden investeren, toont de prestaties en financi\u00eble kracht van onze organisatie<\/span>.\u201d Hij voegt eraan toe dat Europa het fundament van de onderneming blijft, terwijl tegelijkertijd kansen in wereldwijde groeimarkten worden benut om het netwerk verder te ontwikkelen.<\/p>\n<h3>Stabiele financi\u00eble basis en personeelsbestand<\/h3>\n<p>De eigenvermogensratio bleef volgens het bedrijf stabiel met meer dan 60 procent. Het aantal medewerkers bleef constant rond de 8.600. In de sector landtransport Europa behaalde Gebr\u00fcder Weiss een omzet van 1,55 miljard euro, wat een lichte stijging betekent ten opzichte van 1,52 miljard euro in 2024. Terwijl de omzet in Duitsland licht daalde, kon het bedrijf daar marktaandeel winnen. Ook in Oost-Europa werd de positie volgens het logistieke bedrijf versterkt. Dit had een positieve invloed op de Home Delivery-activiteiten, die met 1,36 miljoen leveringen stegen, vergeleken met 1,31 miljoen in het voorgaande jaar.<\/p>\n<h3>Ontwikkeling in lucht- en zeetransport<\/h3>\n<p>In de sector Air &amp; Sea stegen de vervoerde hoeveelheden, vooral tussen Azi\u00eb en Europa en in de Aziatische handel. In de luchtvrachtsector namen de volumes voornamelijk toe in de e-commerce tussen China en Europa. Vanwege gedaalde vrachtprijzen lag de omzet in dit segment met 913 miljoen euro echter licht onder het voorgaande jaar van 929 miljoen euro, zoals Gebr\u00fcder Weiss meldt. In de logistiek rapporteert het bedrijf ook over groei: In de contractlogistiek en het supply chain management ziet het een stijging van zeven procent naar 147 miljoen euro.<\/p>\n<p><a href=\"https:\/\/www.gw-world.com\/\" target=\"_blank\" rel=\"noopener noreferrer\">www.gw-world.com<\/a><\/p>\n","protected":false},"excerpt":{"rendered":"<p>Het bedrijf Gebr\u00fcder Weiss behaalde in 2025 een netto-omzet van 2,73 miljard euro en kon ondanks moeilijke omstandigheden in Europa marktaandeel winnen en investeren.<\/p>\n","protected":false},"author":10,"featured_media":79970,"comment_status":"open","ping_status":"","sticky":false,"template":"","format":"standard","meta":{"_acf_changed":false,"footnotes":""},"categories":[1599,1593,1592],"tags":[2648,21947,10065,24914,3739,2211,2212,5090,5091,24443,21956,24915,24916,24917,24918,24444,2655,24919,22018,2123,21100,7673,2125,3745,2075,24920,24921,7680,2469,1831,3750,5108,1962,21108,22025,24922,24458,3756,3757,2481,2193,24923,5611,1916,5068,5071,2106,2242,3125,24924,2243,24925,24926,5621,21112,21980],"class_list":["post-79976","post","type-post","status-publish","format-standard","has-post-thumbnail","hentry","category-europa","category-expeditie-logistiek","category-intermodaal-weg","tag-air-freight","tag-conditions-economiques","tag-croissance-du-chiffre-daffaires","tag-deutsch-gebrueder-weiss","tag-developpement-des-infrastructures","tag-digital-transformation","tag-digitale-transformation","tag-e-commerce-logistics","tag-e-commerce-logistik","tag-eastern-europe","tag-economic-conditions","tag-effectif","tag-eigenkapitalquote","tag-employee-count","tag-equity-ratio","tag-europe-de-lest","tag-fret-aerien","tag-gain-de-parts-de-marche","tag-gaining-market-share","tag-gestion-de-la-chaine-dapprovisionnement","tag-growth-markets","tag-home-delivery","tag-industrie-du-transport","tag-infrastructure-development","tag-infrastrukturentwicklung","tag-land-transport-europe","tag-landtransport-europa","tag-livraison-a-domicile","tag-logistics-service-provider","tag-logistikdienstleister","tag-logistique-de-colis","tag-logistique-e-commerce","tag-luftfracht","tag-marches-en-croissance","tag-marktanteile-gewinnen","tag-mitarbeiterzahl","tag-osteuropa","tag-paketlogistik","tag-parcel-logistics","tag-prestataire-logistique","tag-rail-freight-transport","tag-ratio-dequite","tag-revenue-growth","tag-schienengueterverkehr","tag-sea-transport","tag-seetransport","tag-supply-chain-management","tag-transformation-numerique","tag-transport-ferroviaire-de-marchandises","tag-transport-industry-francais-gebrueder-weiss","tag-transport-maritime","tag-transport-terrestre-europe","tag-transportwirtschaft-english-gebrueder-weiss","tag-umsatzsteigerung","tag-wachstumsmaerkte","tag-wirtschaftliche-rahmenbedingungen"],"acf":[],"yoast_head":"<!-- This site is optimized with the Yoast SEO plugin v27.3 - https:\/\/yoast.com\/product\/yoast-seo-wordpress\/ -->\n<title>Gebr\u00fcder Weiss verhoogt omzet licht - ITJ | International Transport Journal<\/title>\n<meta name=\"robots\" content=\"index, follow, max-snippet:-1, max-image-preview:large, max-video-preview:-1\" \/>\n<link rel=\"canonical\" href=\"https:\/\/transportjournal.com\/nl\/2026\/03\/09\/gebrueder-weiss-verhoogt-omzet-licht\/\" \/>\n<meta property=\"og:locale\" content=\"nl_NL\" \/>\n<meta property=\"og:type\" content=\"article\" \/>\n<meta property=\"og:title\" content=\"Gebr\u00fcder Weiss verhoogt omzet licht - ITJ | International Transport Journal\" \/>\n<meta property=\"og:description\" content=\"Het bedrijf Gebr\u00fcder Weiss behaalde in 2025 een netto-omzet van 2,73 miljard euro en kon ondanks moeilijke omstandigheden in Europa marktaandeel winnen en investeren.\" \/>\n<meta property=\"og:url\" content=\"https:\/\/transportjournal.com\/nl\/2026\/03\/09\/gebrueder-weiss-verhoogt-omzet-licht\/\" \/>\n<meta property=\"og:site_name\" content=\"ITJ | International Transport Journal\" \/>\n<meta property=\"article:published_time\" content=\"2026-03-09T11:41:31+00:00\" \/>\n<meta property=\"og:image\" content=\"https:\/\/transportjournal.com\/wp-content\/uploads\/sites\/2\/2026\/03\/6_e-mobility-scaled-aspect-ratio-1400-788-scaled-1.jpeg\" \/>\n\t<meta property=\"og:image:width\" content=\"2560\" \/>\n\t<meta property=\"og:image:height\" content=\"1441\" \/>\n\t<meta property=\"og:image:type\" content=\"image\/jpeg\" \/>\n<meta name=\"author\" content=\"Jeremy Soland\" \/>\n<meta name=\"twitter:card\" content=\"summary_large_image\" \/>\n<meta name=\"twitter:label1\" content=\"Geschreven door\" \/>\n\t<meta name=\"twitter:data1\" content=\"Jeremy Soland\" \/>\n\t<meta name=\"twitter:label2\" content=\"Geschatte leestijd\" \/>\n\t<meta name=\"twitter:data2\" content=\"2 minuut\" \/>\n<script type=\"application\/ld+json\" class=\"yoast-schema-graph\">{\"@context\":\"https:\\\/\\\/schema.org\",\"@graph\":[{\"@type\":\"Article\",\"@id\":\"https:\\\/\\\/transportjournal.com\\\/nl\\\/2026\\\/03\\\/09\\\/gebrueder-weiss-verhoogt-omzet-licht\\\/#article\",\"isPartOf\":{\"@id\":\"https:\\\/\\\/transportjournal.com\\\/nl\\\/2026\\\/03\\\/09\\\/gebrueder-weiss-verhoogt-omzet-licht\\\/\"},\"author\":{\"name\":\"Jeremy Soland\",\"@id\":\"https:\\\/\\\/transportjournal.com\\\/nl\\\/#\\\/schema\\\/person\\\/41d36b5474b623392fa613e97e2363fa\"},\"headline\":\"Gebr\u00fcder Weiss verhoogt omzet licht\",\"datePublished\":\"2026-03-09T11:41:31+00:00\",\"mainEntityOfPage\":{\"@id\":\"https:\\\/\\\/transportjournal.com\\\/nl\\\/2026\\\/03\\\/09\\\/gebrueder-weiss-verhoogt-omzet-licht\\\/\"},\"wordCount\":316,\"commentCount\":0,\"publisher\":{\"@id\":\"https:\\\/\\\/transportjournal.com\\\/nl\\\/#organization\"},\"image\":{\"@id\":\"https:\\\/\\\/transportjournal.com\\\/nl\\\/2026\\\/03\\\/09\\\/gebrueder-weiss-verhoogt-omzet-licht\\\/#primaryimage\"},\"thumbnailUrl\":\"https:\\\/\\\/transportjournal.com\\\/wp-content\\\/uploads\\\/sites\\\/2\\\/2026\\\/03\\\/6_e-mobility-scaled-aspect-ratio-1400-788-scaled-1.jpeg\",\"keywords\":[\"air freight\",\"conditions \u00e9conomiques\",\"croissance du chiffre d'affaires\",\"Deutsch Gebr\u00fcder Weiss\",\"d\u00e9veloppement des infrastructures\",\"digital transformation\",\"digitale Transformation\",\"e-commerce logistics\",\"E-Commerce Logistik\",\"Eastern Europe\",\"economic conditions\",\"effectif\",\"Eigenkapitalquote\",\"employee count\",\"equity ratio\",\"Europe de l'Est\",\"fret a\u00e9rien\",\"gain de parts de march\u00e9\",\"gaining market share\",\"gestion de la cha\u00eene d'approvisionnement\",\"growth markets\",\"Home Delivery\",\"industrie du transport\",\"infrastructure development\",\"Infrastrukturentwicklung\",\"land transport Europe\",\"Landtransport Europa\",\"livraison \u00e0 domicile\",\"logistics service provider\",\"Logistikdienstleister\",\"logistique de colis\",\"logistique e-commerce\",\"Luftfracht\",\"march\u00e9s en croissance\",\"Marktanteile gewinnen\",\"Mitarbeiterzahl\",\"Osteuropa\",\"Paketlogistik\",\"parcel logistics\",\"prestataire logistique\",\"rail freight transport\",\"ratio d'\u00e9quit\u00e9\",\"revenue growth\",\"Schieneng\u00fcterverkehr\",\"sea transport\",\"Seetransport\",\"Supply Chain Management\",\"transformation num\u00e9rique\",\"transport ferroviaire de marchandises\",\"transport industry Fran\u00e7ais Gebr\u00fcder Weiss\",\"transport maritime\",\"transport terrestre Europe\",\"Transportwirtschaft English Gebr\u00fcder Weiss\",\"Umsatzsteigerung\",\"Wachstumsm\u00e4rkte\",\"wirtschaftliche Rahmenbedingungen\"],\"articleSection\":[\"Europa\",\"Expeditie &amp; Logistiek\",\"Intermodaal \\\/ Weg\"],\"inLanguage\":\"nl-NL\",\"potentialAction\":[{\"@type\":\"CommentAction\",\"name\":\"Comment\",\"target\":[\"https:\\\/\\\/transportjournal.com\\\/nl\\\/2026\\\/03\\\/09\\\/gebrueder-weiss-verhoogt-omzet-licht\\\/#respond\"]}]},{\"@type\":\"WebPage\",\"@id\":\"https:\\\/\\\/transportjournal.com\\\/nl\\\/2026\\\/03\\\/09\\\/gebrueder-weiss-verhoogt-omzet-licht\\\/\",\"url\":\"https:\\\/\\\/transportjournal.com\\\/nl\\\/2026\\\/03\\\/09\\\/gebrueder-weiss-verhoogt-omzet-licht\\\/\",\"name\":\"Gebr\u00fcder Weiss verhoogt omzet licht - ITJ | International Transport Journal\",\"isPartOf\":{\"@id\":\"https:\\\/\\\/transportjournal.com\\\/nl\\\/#website\"},\"primaryImageOfPage\":{\"@id\":\"https:\\\/\\\/transportjournal.com\\\/nl\\\/2026\\\/03\\\/09\\\/gebrueder-weiss-verhoogt-omzet-licht\\\/#primaryimage\"},\"image\":{\"@id\":\"https:\\\/\\\/transportjournal.com\\\/nl\\\/2026\\\/03\\\/09\\\/gebrueder-weiss-verhoogt-omzet-licht\\\/#primaryimage\"},\"thumbnailUrl\":\"https:\\\/\\\/transportjournal.com\\\/wp-content\\\/uploads\\\/sites\\\/2\\\/2026\\\/03\\\/6_e-mobility-scaled-aspect-ratio-1400-788-scaled-1.jpeg\",\"datePublished\":\"2026-03-09T11:41:31+00:00\",\"breadcrumb\":{\"@id\":\"https:\\\/\\\/transportjournal.com\\\/nl\\\/2026\\\/03\\\/09\\\/gebrueder-weiss-verhoogt-omzet-licht\\\/#breadcrumb\"},\"inLanguage\":\"nl-NL\",\"potentialAction\":[{\"@type\":\"ReadAction\",\"target\":[\"https:\\\/\\\/transportjournal.com\\\/nl\\\/2026\\\/03\\\/09\\\/gebrueder-weiss-verhoogt-omzet-licht\\\/\"]}]},{\"@type\":\"ImageObject\",\"inLanguage\":\"nl-NL\",\"@id\":\"https:\\\/\\\/transportjournal.com\\\/nl\\\/2026\\\/03\\\/09\\\/gebrueder-weiss-verhoogt-omzet-licht\\\/#primaryimage\",\"url\":\"https:\\\/\\\/transportjournal.com\\\/wp-content\\\/uploads\\\/sites\\\/2\\\/2026\\\/03\\\/6_e-mobility-scaled-aspect-ratio-1400-788-scaled-1.jpeg\",\"contentUrl\":\"https:\\\/\\\/transportjournal.com\\\/wp-content\\\/uploads\\\/sites\\\/2\\\/2026\\\/03\\\/6_e-mobility-scaled-aspect-ratio-1400-788-scaled-1.jpeg\",\"width\":2560,\"height\":1441},{\"@type\":\"BreadcrumbList\",\"@id\":\"https:\\\/\\\/transportjournal.com\\\/nl\\\/2026\\\/03\\\/09\\\/gebrueder-weiss-verhoogt-omzet-licht\\\/#breadcrumb\",\"itemListElement\":[{\"@type\":\"ListItem\",\"position\":1,\"name\":\"Startseite\",\"item\":\"https:\\\/\\\/transportjournal.com\\\/nl\\\/\"},{\"@type\":\"ListItem\",\"position\":2,\"name\":\"Gebr\u00fcder Weiss verhoogt omzet licht\"}]},{\"@type\":\"WebSite\",\"@id\":\"https:\\\/\\\/transportjournal.com\\\/nl\\\/#website\",\"url\":\"https:\\\/\\\/transportjournal.com\\\/nl\\\/\",\"name\":\"ITJ | International Transport Journal\",\"description\":\"Stay informed with the latest global news from the transport, logistics, and supply chain industries. Transport Journal delivers expert insights, analysis, and updates across shipping, aviation, intermodal, and forwarding.\",\"publisher\":{\"@id\":\"https:\\\/\\\/transportjournal.com\\\/nl\\\/#organization\"},\"potentialAction\":[{\"@type\":\"SearchAction\",\"target\":{\"@type\":\"EntryPoint\",\"urlTemplate\":\"https:\\\/\\\/transportjournal.com\\\/nl\\\/?s={search_term_string}\"},\"query-input\":{\"@type\":\"PropertyValueSpecification\",\"valueRequired\":true,\"valueName\":\"search_term_string\"}}],\"inLanguage\":\"nl-NL\"},{\"@type\":\"Organization\",\"@id\":\"https:\\\/\\\/transportjournal.com\\\/nl\\\/#organization\",\"name\":\"Logismedia Groep AG\",\"alternateName\":\"Logismedia Group AG\",\"url\":\"https:\\\/\\\/transportjournal.com\\\/nl\\\/\",\"logo\":{\"@type\":\"ImageObject\",\"inLanguage\":\"nl-NL\",\"@id\":\"https:\\\/\\\/transportjournal.com\\\/nl\\\/#\\\/schema\\\/logo\\\/image\\\/\",\"url\":\"https:\\\/\\\/transportjournal.com\\\/wp-content\\\/uploads\\\/sites\\\/2\\\/2025\\\/09\\\/Logo_ITJ.png\",\"contentUrl\":\"https:\\\/\\\/transportjournal.com\\\/wp-content\\\/uploads\\\/sites\\\/2\\\/2025\\\/09\\\/Logo_ITJ.png\",\"width\":799,\"height\":326,\"caption\":\"Logismedia Groep AG\"},\"image\":{\"@id\":\"https:\\\/\\\/transportjournal.com\\\/nl\\\/#\\\/schema\\\/logo\\\/image\\\/\"},\"sameAs\":[\"https:\\\/\\\/www.linkedin.com\\\/company\\\/56456496\\\/admin\\\/dashboard\\\/\",\"https:\\\/\\\/www.instagram.com\\\/logismediagroup\\\/\",\"https:\\\/\\\/www.youtube.com\\\/@LogiamediaGroupAG\"]},{\"@type\":\"Person\",\"@id\":\"https:\\\/\\\/transportjournal.com\\\/nl\\\/#\\\/schema\\\/person\\\/41d36b5474b623392fa613e97e2363fa\",\"name\":\"Jeremy Soland\",\"url\":\"https:\\\/\\\/transportjournal.com\\\/nl\\\/author\\\/jeremy\\\/\"}]}<\/script>\n<!-- \/ Yoast SEO plugin. -->","yoast_head_json":{"title":"Gebr\u00fcder Weiss verhoogt omzet licht - ITJ | International Transport Journal","robots":{"index":"index","follow":"follow","max-snippet":"max-snippet:-1","max-image-preview":"max-image-preview:large","max-video-preview":"max-video-preview:-1"},"canonical":"https:\/\/transportjournal.com\/nl\/2026\/03\/09\/gebrueder-weiss-verhoogt-omzet-licht\/","og_locale":"nl_NL","og_type":"article","og_title":"Gebr\u00fcder Weiss verhoogt omzet licht - ITJ | International Transport Journal","og_description":"Het bedrijf Gebr\u00fcder Weiss behaalde in 2025 een netto-omzet van 2,73 miljard euro en kon ondanks moeilijke omstandigheden in Europa marktaandeel winnen en investeren.","og_url":"https:\/\/transportjournal.com\/nl\/2026\/03\/09\/gebrueder-weiss-verhoogt-omzet-licht\/","og_site_name":"ITJ | International Transport Journal","article_published_time":"2026-03-09T11:41:31+00:00","og_image":[{"width":2560,"height":1441,"url":"https:\/\/transportjournal.com\/wp-content\/uploads\/sites\/2\/2026\/03\/6_e-mobility-scaled-aspect-ratio-1400-788-scaled-1.jpeg","type":"image\/jpeg"}],"author":"Jeremy Soland","twitter_card":"summary_large_image","twitter_misc":{"Geschreven door":"Jeremy Soland","Geschatte leestijd":"2 minuut"},"schema":{"@context":"https:\/\/schema.org","@graph":[{"@type":"Article","@id":"https:\/\/transportjournal.com\/nl\/2026\/03\/09\/gebrueder-weiss-verhoogt-omzet-licht\/#article","isPartOf":{"@id":"https:\/\/transportjournal.com\/nl\/2026\/03\/09\/gebrueder-weiss-verhoogt-omzet-licht\/"},"author":{"name":"Jeremy Soland","@id":"https:\/\/transportjournal.com\/nl\/#\/schema\/person\/41d36b5474b623392fa613e97e2363fa"},"headline":"Gebr\u00fcder Weiss verhoogt omzet licht","datePublished":"2026-03-09T11:41:31+00:00","mainEntityOfPage":{"@id":"https:\/\/transportjournal.com\/nl\/2026\/03\/09\/gebrueder-weiss-verhoogt-omzet-licht\/"},"wordCount":316,"commentCount":0,"publisher":{"@id":"https:\/\/transportjournal.com\/nl\/#organization"},"image":{"@id":"https:\/\/transportjournal.com\/nl\/2026\/03\/09\/gebrueder-weiss-verhoogt-omzet-licht\/#primaryimage"},"thumbnailUrl":"https:\/\/transportjournal.com\/wp-content\/uploads\/sites\/2\/2026\/03\/6_e-mobility-scaled-aspect-ratio-1400-788-scaled-1.jpeg","keywords":["air freight","conditions \u00e9conomiques","croissance du chiffre d'affaires","Deutsch Gebr\u00fcder Weiss","d\u00e9veloppement des infrastructures","digital transformation","digitale Transformation","e-commerce logistics","E-Commerce Logistik","Eastern Europe","economic conditions","effectif","Eigenkapitalquote","employee count","equity ratio","Europe de l'Est","fret a\u00e9rien","gain de parts de march\u00e9","gaining market share","gestion de la cha\u00eene d'approvisionnement","growth markets","Home Delivery","industrie du transport","infrastructure development","Infrastrukturentwicklung","land transport Europe","Landtransport Europa","livraison \u00e0 domicile","logistics service provider","Logistikdienstleister","logistique de colis","logistique e-commerce","Luftfracht","march\u00e9s en croissance","Marktanteile gewinnen","Mitarbeiterzahl","Osteuropa","Paketlogistik","parcel logistics","prestataire logistique","rail freight transport","ratio d'\u00e9quit\u00e9","revenue growth","Schieneng\u00fcterverkehr","sea transport","Seetransport","Supply Chain Management","transformation num\u00e9rique","transport ferroviaire de marchandises","transport industry Fran\u00e7ais Gebr\u00fcder Weiss","transport maritime","transport terrestre Europe","Transportwirtschaft English Gebr\u00fcder Weiss","Umsatzsteigerung","Wachstumsm\u00e4rkte","wirtschaftliche Rahmenbedingungen"],"articleSection":["Europa","Expeditie &amp; Logistiek","Intermodaal \/ Weg"],"inLanguage":"nl-NL","potentialAction":[{"@type":"CommentAction","name":"Comment","target":["https:\/\/transportjournal.com\/nl\/2026\/03\/09\/gebrueder-weiss-verhoogt-omzet-licht\/#respond"]}]},{"@type":"WebPage","@id":"https:\/\/transportjournal.com\/nl\/2026\/03\/09\/gebrueder-weiss-verhoogt-omzet-licht\/","url":"https:\/\/transportjournal.com\/nl\/2026\/03\/09\/gebrueder-weiss-verhoogt-omzet-licht\/","name":"Gebr\u00fcder Weiss verhoogt omzet licht - ITJ | International Transport Journal","isPartOf":{"@id":"https:\/\/transportjournal.com\/nl\/#website"},"primaryImageOfPage":{"@id":"https:\/\/transportjournal.com\/nl\/2026\/03\/09\/gebrueder-weiss-verhoogt-omzet-licht\/#primaryimage"},"image":{"@id":"https:\/\/transportjournal.com\/nl\/2026\/03\/09\/gebrueder-weiss-verhoogt-omzet-licht\/#primaryimage"},"thumbnailUrl":"https:\/\/transportjournal.com\/wp-content\/uploads\/sites\/2\/2026\/03\/6_e-mobility-scaled-aspect-ratio-1400-788-scaled-1.jpeg","datePublished":"2026-03-09T11:41:31+00:00","breadcrumb":{"@id":"https:\/\/transportjournal.com\/nl\/2026\/03\/09\/gebrueder-weiss-verhoogt-omzet-licht\/#breadcrumb"},"inLanguage":"nl-NL","potentialAction":[{"@type":"ReadAction","target":["https:\/\/transportjournal.com\/nl\/2026\/03\/09\/gebrueder-weiss-verhoogt-omzet-licht\/"]}]},{"@type":"ImageObject","inLanguage":"nl-NL","@id":"https:\/\/transportjournal.com\/nl\/2026\/03\/09\/gebrueder-weiss-verhoogt-omzet-licht\/#primaryimage","url":"https:\/\/transportjournal.com\/wp-content\/uploads\/sites\/2\/2026\/03\/6_e-mobility-scaled-aspect-ratio-1400-788-scaled-1.jpeg","contentUrl":"https:\/\/transportjournal.com\/wp-content\/uploads\/sites\/2\/2026\/03\/6_e-mobility-scaled-aspect-ratio-1400-788-scaled-1.jpeg","width":2560,"height":1441},{"@type":"BreadcrumbList","@id":"https:\/\/transportjournal.com\/nl\/2026\/03\/09\/gebrueder-weiss-verhoogt-omzet-licht\/#breadcrumb","itemListElement":[{"@type":"ListItem","position":1,"name":"Startseite","item":"https:\/\/transportjournal.com\/nl\/"},{"@type":"ListItem","position":2,"name":"Gebr\u00fcder Weiss verhoogt omzet licht"}]},{"@type":"WebSite","@id":"https:\/\/transportjournal.com\/nl\/#website","url":"https:\/\/transportjournal.com\/nl\/","name":"ITJ | International Transport Journal","description":"Stay informed with the latest global news from the transport, logistics, and supply chain industries. Transport Journal delivers expert insights, analysis, and updates across shipping, aviation, intermodal, and forwarding.","publisher":{"@id":"https:\/\/transportjournal.com\/nl\/#organization"},"potentialAction":[{"@type":"SearchAction","target":{"@type":"EntryPoint","urlTemplate":"https:\/\/transportjournal.com\/nl\/?s={search_term_string}"},"query-input":{"@type":"PropertyValueSpecification","valueRequired":true,"valueName":"search_term_string"}}],"inLanguage":"nl-NL"},{"@type":"Organization","@id":"https:\/\/transportjournal.com\/nl\/#organization","name":"Logismedia Groep AG","alternateName":"Logismedia Group AG","url":"https:\/\/transportjournal.com\/nl\/","logo":{"@type":"ImageObject","inLanguage":"nl-NL","@id":"https:\/\/transportjournal.com\/nl\/#\/schema\/logo\/image\/","url":"https:\/\/transportjournal.com\/wp-content\/uploads\/sites\/2\/2025\/09\/Logo_ITJ.png","contentUrl":"https:\/\/transportjournal.com\/wp-content\/uploads\/sites\/2\/2025\/09\/Logo_ITJ.png","width":799,"height":326,"caption":"Logismedia Groep AG"},"image":{"@id":"https:\/\/transportjournal.com\/nl\/#\/schema\/logo\/image\/"},"sameAs":["https:\/\/www.linkedin.com\/company\/56456496\/admin\/dashboard\/","https:\/\/www.instagram.com\/logismediagroup\/","https:\/\/www.youtube.com\/@LogiamediaGroupAG"]},{"@type":"Person","@id":"https:\/\/transportjournal.com\/nl\/#\/schema\/person\/41d36b5474b623392fa613e97e2363fa","name":"Jeremy Soland","url":"https:\/\/transportjournal.com\/nl\/author\/jeremy\/"}]}},"_links":{"self":[{"href":"https:\/\/transportjournal.com\/nl\/wp-json\/wp\/v2\/posts\/79976","targetHints":{"allow":["GET"]}}],"collection":[{"href":"https:\/\/transportjournal.com\/nl\/wp-json\/wp\/v2\/posts"}],"about":[{"href":"https:\/\/transportjournal.com\/nl\/wp-json\/wp\/v2\/types\/post"}],"author":[{"embeddable":true,"href":"https:\/\/transportjournal.com\/nl\/wp-json\/wp\/v2\/users\/10"}],"replies":[{"embeddable":true,"href":"https:\/\/transportjournal.com\/nl\/wp-json\/wp\/v2\/comments?post=79976"}],"version-history":[{"count":0,"href":"https:\/\/transportjournal.com\/nl\/wp-json\/wp\/v2\/posts\/79976\/revisions"}],"wp:featuredmedia":[{"embeddable":true,"href":"https:\/\/transportjournal.com\/nl\/wp-json\/wp\/v2\/media\/79970"}],"wp:attachment":[{"href":"https:\/\/transportjournal.com\/nl\/wp-json\/wp\/v2\/media?parent=79976"}],"wp:term":[{"taxonomy":"category","embeddable":true,"href":"https:\/\/transportjournal.com\/nl\/wp-json\/wp\/v2\/categories?post=79976"},{"taxonomy":"post_tag","embeddable":true,"href":"https:\/\/transportjournal.com\/nl\/wp-json\/wp\/v2\/tags?post=79976"}],"curies":[{"name":"wp","href":"https:\/\/api.w.org\/{rel}","templated":true}]}}